{"id":24801,"date":"2025-08-31T09:58:05","date_gmt":"2025-08-31T08:58:05","guid":{"rendered":"https:\/\/lps-photography.de\/?p=24801"},"modified":"2025-08-31T11:25:48","modified_gmt":"2025-08-31T10:25:48","slug":"port-verd-del-mar-mallorca-hochzeit-direkt-am-meer","status":"publish","type":"post","link":"https:\/\/lps-photography.de\/en\/port-verd-del-mar-mallorca-hochzeit-direkt-am-meer\/","title":{"rendered":"Port Verd Del Mar: Mallorca Wedding by the Sea"},"content":{"rendered":"<div  class=\"tatsu-rJWg1WIRk4 tatsu-section    tatsu-clearfix\" data-title=\"\"  data-headerscheme=\"background--dark\"><div class='tatsu-section-pad clearfix' data-padding='{\"d\":\"0px 0px 0px 0px\"}' data-padding-top='0px'><div class=\"tatsu-row-wrap  tatsu-wrap tatsu-row-one-col tatsu-row-has-one-cols tatsu-medium-gutter tatsu-reg-cols  tatsu-clearfix tatsu-rkle1W8AJV\" ><div  class=\"tatsu-row\" ><div  class=\"tatsu-column  tatsu-column-no-bg tatsu-one-col tatsu-column-image-none tatsu-column-effect-none  tatsu-B1e1-UCy4\"  data-parallax-speed=\"0\" style=\"\"><div class=\"tatsu-column-inner\" ><div class=\"tatsu-column-pad-wrap\"><div class=\"tatsu-column-pad\" ><div  class=\"special-heading-wrap style1 oshine-module  tatsu-BkK-eiv22\" ><div class=\"special-heading align-center\"><h1 class=\"special-h-tag\" >Port Verd Del Mar: Mallorca Wedding by the Sea<\/h1><div class=\"sub-title margin-bottom  special-subtitle\">\n<p>Port Verd del Mar, right by the sea, is one of the most popular wedding venues in Mallorca. But is it deservedly so? Find out here!<\/p>\n<\/div><div class=\"sep-with-icon-wrap margin-bottom\"><span class=\"sep-with-icon\" ><\/span><i class=\"sep-icon font-icon oshine_diamond\"><\/i><span class=\"sep-with-icon\" ><\/span><\/div><\/div><style>.tatsu-BkK-eiv22 .sep-icon.oshine_diamond{background: rgba(45,97,159,1);}.tatsu-BkK-eiv22 .sep-with-icon{height: 1px;width: 20px;background: #efefef;}<\/style><\/div><div  class=\"tatsu-module tatsu-text-block-wrap tatsu-SyHwOdWEE\"><div class=\"tatsu-text-inner tatsu-align-center  clearfix\" ><style>.tatsu-SyHwOdWEE.tatsu-text-block-wrap .tatsu-text-inner{width: 100%;text-align: left;}<\/style>\n<p><!--more--><\/p>\n<\/div><\/div><div  class=\"tatsu-single-image tatsu-module align-center tatsu-HJq3GjFNr\" ><div class=\"tatsu-single-image-inner\" style=\"width : 1920px;\" ><div class = \"tatsu-single-image-padding-wrap\" style = \"padding-bottom : 66.666666666667%;\" ><\/div><img class = \"tatsu-gradient-border\" alt = \"hochzeit christin und julien im port verd del mar auf mallorca |\" title = \"hochzeit christin und julien im port verd del mar auf mallorca |\" src = \"https:\/\/lps-photography.de\/wp-content\/uploads\/2023\/08\/Port-Verd-Mallorca-Hochzeit-16.jpg\" \/><\/div><style>.tatsu-HJq3GjFNr .tatsu-single-image-inner{border-style: solid;max-width: 100%;}.tatsu-HJq3GjFNr.tatsu-single-image{transform: translate3d(0px,0px, 0);}<\/style><\/div><\/div><\/div><div class = \"tatsu-column-bg-image-wrap\"><div class = \"tatsu-column-bg-image\" ><\/div><\/div><\/div><style>.tatsu-row > .tatsu-B1e1-UCy4.tatsu-column{width: 100%;}.tatsu-B1e1-UCy4.tatsu-column > .tatsu-column-inner > .tatsu-column-overlay{mix-blend-mode: none;}.tatsu-B1e1-UCy4 > .tatsu-column-inner > .tatsu-top-divider{z-index: 9999;}.tatsu-B1e1-UCy4 > .tatsu-column-inner > .tatsu-bottom-divider{z-index: 9999;}.tatsu-B1e1-UCy4 > .tatsu-column-inner > .tatsu-left-divider{z-index: 9999;}.tatsu-B1e1-UCy4 > .tatsu-column-inner > .tatsu-right-divider{z-index: 9999;}@media only screen and (max-width:1377px) {.tatsu-row > .tatsu-B1e1-UCy4.tatsu-column{width: 100%;}}@media only screen and (min-width:768px) and (max-width: 1024px) {.tatsu-row > .tatsu-B1e1-UCy4.tatsu-column{width: 100%;}}@media only screen and (max-width: 767px) {.tatsu-row > .tatsu-B1e1-UCy4.tatsu-column{width: 100%;}}<\/style><\/div><\/div><\/div><\/div><div class=\"tatsu-section-background-wrap\"><div class = \"tatsu-section-background\" ><\/div><\/div><style>.tatsu-rJWg1WIRk4 > .tatsu-bottom-divider{z-index: 9999;}.tatsu-rJWg1WIRk4 > .tatsu-top-divider{z-index: 9999;}<\/style><\/div><div  class=\"tatsu-Bkbx8-L01E tatsu-section    tatsu-clearfix\" data-title=\"\"  data-headerscheme=\"background--dark\"><div class='tatsu-section-pad clearfix' data-padding='{\"d\":\"0px 0px 34px 0px\"}' data-padding-top='0px'><div class=\"tatsu-row-wrap  tatsu-wrap tatsu-row-one-col tatsu-row-has-one-cols tatsu-medium-gutter tatsu-reg-cols  tatsu-clearfix tatsu-H1g7plov2h\" ><div  class=\"tatsu-row\" ><div  class=\"tatsu-column  tatsu-bg-overlay tatsu-one-col tatsu-column-image-none tatsu-column-effect-none  tatsu-B176eoPh2\"  data-parallax-speed=\"0\" style=\"\"><div class=\"tatsu-column-inner\" ><div class=\"tatsu-column-pad-wrap\"><div class=\"tatsu-column-pad\" ><div  class=\"tatsu-module tatsu-text-block-wrap tatsu-ByupgsDhh\"><div class=\"tatsu-text-inner tatsu-align-center  clearfix\" ><style>.tatsu-ByupgsDhh.tatsu-text-block-wrap .tatsu-text-inner{width: 100%;text-align: left;}.tatsu-ByupgsDhh.tatsu-text-block-wrap{margin: 10px 0px 10px 0px;}.tatsu-ByupgsDhh.tatsu-text-block-wrap .tatsu-text-inner *{font-size : 24px;}<\/style>\n<h2>Wedding at Port Verd del Mar in Mallorca<\/h2>\n<\/div><\/div><div  class=\"tatsu-module tatsu-text-block-wrap tatsu-SymYPqW5gl\"><div class=\"tatsu-text-inner tatsu-align-center  clearfix\" ><style>.tatsu-SymYPqW5gl.tatsu-text-block-wrap .tatsu-text-inner{width: 100%;text-align: left;}.tatsu-SymYPqW5gl.tatsu-text-block-wrap{margin: 0px 0px 20px 0px;}.tatsu-SymYPqW5gl.tatsu-text-block-wrap .tatsu-text-inner *{text-transform : none;font-size : 16px;}<\/style>\n<p>One of the most popular <a href=\"https:\/\/lps-photography.de\/en\/the-best-wedding-venues-in-mallorca\/\"><strong>wedding venues in Mallorca<\/strong><\/a> is and remains the Port Verd del Mar restaurant, located between Cala Bona and Cala Millor. On Mallorca\u2019s picturesque east coast, Port Verd offers several compelling reasons for this reputation. A wedding by the sea in Mallorca is otherwise almost always linked to a few compromises: sand between your toes, difficult access, bumpy paths, and perhaps even half-naked strangers around your wedding party. Of course, there are also <a href=\"\/en\/strandhochzeit-mallorca\/\" target=\"_blank\" rel=\"noopener noreferrer\"><strong>dreamlike beach weddings in Mallorca<\/strong><\/a>. But if you want to play it safe when choosing your wedding venue, a seaside restaurant is the perfect choice.<\/p>\n<\/div><\/div><div  class=\"tatsu-module tatsu-text-block-wrap tatsu-H1WgO9Wqee\"><div class=\"tatsu-text-inner tatsu-align-center  clearfix\" ><style>.tatsu-H1WgO9Wqee.tatsu-text-block-wrap .tatsu-text-inner{width: 100%;text-align: left;}.tatsu-H1WgO9Wqee.tatsu-text-block-wrap{margin: 10px 0px 10px 0px;}.tatsu-H1WgO9Wqee.tatsu-text-block-wrap .tatsu-text-inner *{font-size : 24px;}<\/style>\n<h2>Getting Married with a Sea View<\/h2>\n<\/div><\/div><div  class=\"tatsu-module tatsu-text-block-wrap tatsu-ryTe_5-9gg\"><div class=\"tatsu-text-inner tatsu-align-center  clearfix\" ><style>.tatsu-ryTe_5-9gg.tatsu-text-block-wrap .tatsu-text-inner{width: 100%;text-align: left;}.tatsu-ryTe_5-9gg.tatsu-text-block-wrap{margin: 0px 0px 20px 0px;}.tatsu-ryTe_5-9gg.tatsu-text-block-wrap .tatsu-text-inner *{text-transform : none;font-size : 16px;}<\/style>\n<p>A romantic pavilion directly above the turquoise-blue sea not only provides a dreamlike backdrop for the ceremony, but also a bit of shade and breeze. And that\u2019s something you\u2019ll definitely appreciate during a summer wedding in Mallorca. Without a doubt, the pavilion is something of an icon of Port Verd in Son Servera. Visually, there\u2019s hardly any real competition on Mallorca, so when searching for a wedding venue right by the sea, it\u2019s almost impossible to overlook it. Since I\u2019m not a fan of the island\u2019s beach clubs, I would always prefer a wedding with this fantastic panoramic view. And unsurprisingly, the food here is also much better. So, does this place have everything you need for an unforgettable ceremony? Well, yes and no.<\/p>\n<\/div><\/div><div  class=\"tatsu-module tatsu-text-block-wrap tatsu-SkX-1o-qll\"><div class=\"tatsu-text-inner tatsu-align-center  clearfix\" ><style>.tatsu-SkX-1o-qll.tatsu-text-block-wrap .tatsu-text-inner{width: 100%;text-align: left;}.tatsu-SkX-1o-qll.tatsu-text-block-wrap{margin: 10px 0px 10px 0px;}.tatsu-SkX-1o-qll.tatsu-text-block-wrap .tatsu-text-inner *{font-size : 24px;}<\/style>\n<h2>Port Verd del Mar as a Wedding Venue<\/h2>\n<\/div><\/div><div  class=\"tatsu-module tatsu-text-block-wrap tatsu-BJ8vd5b5xe\"><div class=\"tatsu-text-inner tatsu-align-center  clearfix\" ><style>.tatsu-BJ8vd5b5xe.tatsu-text-block-wrap .tatsu-text-inner{width: 100%;text-align: left;}.tatsu-BJ8vd5b5xe.tatsu-text-block-wrap{margin: 0px 0px 20px 0px;}.tatsu-BJ8vd5b5xe.tatsu-text-block-wrap .tatsu-text-inner *{text-transform : none;font-size : 16px;}<\/style>\n<p>A location directly on the coast, surrounded by an authentic and breathtaking landscape. No tourists on the beach, nothing to disturb the view of the sea. This stunning venue right on the water is truly unique. Nearby, you\u2019ll find endless accommodation options such as hotels and apartments, plus Mediterranean cuisine and the beautiful Costa dels Pins beach just around the corner. Only a few steps separate the terrace-with its elegantly draped white tables-from the sea, making it the perfect spot for those all-important family portraits and the first photos of the newlyweds in a picture-perfect setting. A clear recommendation, and not without reason-I have already had the pleasure of capturing dozens of weddings here as a photographer.<\/p>\n<\/div><\/div><div  class=\"tatsu-module tatsu-text-block-wrap tatsu-BJvF_qWqge\"><div class=\"tatsu-text-inner tatsu-align-center  clearfix\" ><style>.tatsu-BJvF_qWqge.tatsu-text-block-wrap .tatsu-text-inner{width: 100%;text-align: left;}.tatsu-BJvF_qWqge.tatsu-text-block-wrap{margin: 0px 0px 20px 0px;}.tatsu-BJvF_qWqge.tatsu-text-block-wrap .tatsu-text-inner *{text-transform : none;font-size : 16px;}<\/style>\n<p>However, Port Verd is only <strong>the right choice under certain conditions<\/strong>. If you plan to rent the venue during high season, it\u2019s really only worthwhile if you can reserve the entire restaurant. That means not only enough guests, but also enough budget. Otherwise, the bride\u2019s entrance risks passing by diners who might end up treating your ceremony as part of their lunch entertainment. Not everyone finds that appealing-similar to the noise restrictions here. Loud celebrations are strictly prohibited. So, the only thing that roars is the sea, and the only one left speechless is the officiant-not the music or a lively reception. Party vibes are limited, and the sound of the waves often drowns out any background music. In other words, the atmosphere and fine food need to be the most important factors for you to choose this location.<\/p>\n<\/div><\/div><div  class=\"tatsu-module tatsu-text-block-wrap tatsu-r1dbksWqeg\"><div class=\"tatsu-text-inner tatsu-align-center  clearfix\" ><style>.tatsu-r1dbksWqeg.tatsu-text-block-wrap .tatsu-text-inner{width: 100%;text-align: left;}.tatsu-r1dbksWqeg.tatsu-text-block-wrap{margin: 10px 0px 10px 0px;}.tatsu-r1dbksWqeg.tatsu-text-block-wrap .tatsu-text-inner *{font-size : 24px;}<\/style>\n<h2>Conclusion: Should You Book the Restaurant for Your Wedding or Not?<\/h2>\n<\/div><\/div><div  class=\"tatsu-module tatsu-text-block-wrap tatsu-S1Wzkj-cee\"><div class=\"tatsu-text-inner tatsu-align-center  clearfix\" ><style>.tatsu-S1Wzkj-cee.tatsu-text-block-wrap .tatsu-text-inner{width: 100%;text-align: left;}.tatsu-S1Wzkj-cee.tatsu-text-block-wrap{margin: 0px 0px 20px 0px;}.tatsu-S1Wzkj-cee.tatsu-text-block-wrap .tatsu-text-inner *{text-transform : none;font-size : 16px;}<\/style>\n<p>For the ceremony and champagne reception, Port Verd is almost an attraction in itself and visually breathtaking for many of your guests. However, afterwards you will inevitably have to switch venues if you want more than just a seated dinner and if music plays any role in your wedding. Whether you are willing to take on the cost and effort of arranging shuttles to and from your finca-on top of everything else-is something only you can decide! An alternative nearby might be the <a href=\"https:\/\/lps-photography.de\/en\/traeumeria-son-moll-hochzeit-auf-wolke-7\/\"><strong>Tr\u00e4umeria Son Moll with its \u201cCloud 7\u201d<\/strong><\/a>!?<\/p>\n<\/div><\/div><div  class=\"tatsu-rybincYqNr testimonials_wrap oshine-module\"  ><div class=\"testimonials-slides\"><div class=\"clearfix testimonial_module slides center-content\" data-slide-show=\"1\" data-slide-show-speed=\"4000\" data-slide-animation-type=\"slide\" data-pagination=\"0\"><div class=\"testimonial_slide slide clearfix tatsu-ryin5F94B\"><div class=\"testimonial_slide_inner\"><i class=\"font-icon icon-quote\" ><\/i><div class=\"testimonial-content\">\n<p>Wow, the photos turned out sooo amazing! You are incredible\u2014I\u2019ve never experienced anything like this before! It was simply wonderful with you, and the atmosphere was so relaxed! We can\u2019t thank you enough!<\/p>\n<\/div><div class=\"testimonial-author-info-wrap clearfix\"><div class=\"testimonial-author-info\"><h6 class=\"testimonial-author\" >Saskia und Christian<\/h6><\/div><\/div><\/div><style>.tatsu-ryin5F94B .icon-quote{color: rgba(245,166,35,1) ;}<\/style><\/div><\/div><\/div><style>.tatsu-rybincYqNr .testimonial-content{font-size: 22px;}<\/style><\/div><\/div><\/div><div class = \"tatsu-column-bg-image-wrap\"><div class = \"tatsu-column-bg-image\" ><\/div><\/div><div class=\"tatsu-overlay tatsu-column-overlay tatsu-animate-none\" ><\/div><\/div><style>.tatsu-row > .tatsu-B176eoPh2.tatsu-column{width: 100%;}.tatsu-B176eoPh2.tatsu-column > .tatsu-column-inner > .tatsu-column-overlay{mix-blend-mode: normal;}.tatsu-B176eoPh2 > .tatsu-column-inner > .tatsu-top-divider{z-index: 9999;}.tatsu-B176eoPh2 > .tatsu-column-inner > .tatsu-bottom-divider{z-index: 9999;}.tatsu-B176eoPh2 > .tatsu-column-inner > .tatsu-left-divider{z-index: 9999;}.tatsu-B176eoPh2 > .tatsu-column-inner > .tatsu-right-divider{z-index: 9999;}@media only screen and (max-width:1377px) {.tatsu-row > .tatsu-B176eoPh2.tatsu-column{width: 100%;}}@media only screen and (min-width:768px) and (max-width: 1024px) {.tatsu-row > .tatsu-B176eoPh2.tatsu-column{width: 100%;}}@media only screen and (max-width: 767px) {.tatsu-row > .tatsu-B176eoPh2.tatsu-column{width: 100%;}}<\/style><\/div><\/div><\/div><\/div><div class=\"tatsu-section-background-wrap\"><div class = \"tatsu-section-background\" ><\/div><\/div><style>.tatsu-Bkbx8-L01E .tatsu-section-pad{padding: 0px 0px 34px 0px;}.tatsu-Bkbx8-L01E > .tatsu-bottom-divider{z-index: 9999;}.tatsu-Bkbx8-L01E > .tatsu-top-divider{z-index: 9999;}<\/style><\/div><div  class=\"tatsu-B1ZBBQLAkN tatsu-section    tatsu-clearfix\" data-title=\"\"  data-headerscheme=\"background--dark\"><div class='tatsu-section-pad clearfix' data-padding='{\"d\":\"0px 0px 29px 0px\"}' data-padding-top='0px'><div class=\"tatsu-row-wrap  tatsu-wrap tatsu-row-one-col tatsu-row-has-one-cols tatsu-medium-gutter tatsu-reg-cols  tatsu-clearfix tatsu-BJxrSQU0JV\" ><div  class=\"tatsu-row\" ><div  class=\"tatsu-column  tatsu-column-no-bg tatsu-one-col tatsu-column-image-none tatsu-column-effect-none  tatsu-BkBBmIC1N\"  data-parallax-speed=\"0\" style=\"\"><div class=\"tatsu-column-inner\" ><div class=\"tatsu-column-pad-wrap\"><div class=\"tatsu-column-pad\" ><div  class=\"portfolio-all-wrap  oshine-gallery-module hover-icon-no-show tatsu-rymUXLRyE\" ><div class=\"portfolio  full-screen portfolio-lazy-load full-screen-gutter style2-gutter three-col masonry_enable\" style=\"margin-left: -10px;\" data-placeholder-color=\"\" data-action=\"get_be_gallery_with_pagination\"  data-paged=\"1\" data-enable-masonry=\"1\" data-aspect-ratio = \"1.6\" data-source='{\"source\":\"selected\",\"account_name\":\"themeforest\",\"count\":\"10\",\"col\":\"three\",\"masonry\":\"1\"}' data-gutter-width=\"10\"  data-images-array=\"21522,21513,21518,21507,21521,21520,21519,21517,21516,7358,7360,7362,7372,7388,21505,21506,21508,21509,21510,21511,7356,21512,7392,21514,21515,7390\" data-col=\"three\" data-items-per-load=\"9\" data-hover-style=\"style1-hover\" data-image-grayscale=\"c_to_c\" data-lightbox-type=\"photoswipe\" data-image-source=\"selected\" data-image-effect=\"none\" data-thumb-overlay-color=\"rgba(255,255,255,0)\" data-grad-style-color=\"background:rgba(255,255,255,0)\" data-like-button=\"1\" data-hover-content=\"none\" data-hover-content-color=\"\" ><div class=\"portfolio-container clickable clearfix portfolio-shortcode be-photoswipe-gallery scale\"><div class=\"element be-hoverlay not-wide no-wide-width-height style1-hover c_to_c\" style=\"margin-bottom: 10px;\"><div class=\"element-inner\" style=\"margin-left: 10px;\"><a href=\"https:\/\/lps-photography.de\/wp-content\/uploads\/2023\/08\/Port-Verd-Mallorca-Hochzeit-18.jpg\" data-size=\"1920x1280\" data-href=\"https:\/\/lps-photography.de\/wp-content\/uploads\/2023\/08\/Port-Verd-Mallorca-Hochzeit-18.jpg\" class=\"thumb-wrap\" title=\"hochzeit im port verd del mar auf mallorca | lps photography.de\"><div class=\"flip-wrap\"><div data-aspect-ratio=\"1.5\" style = \"padding-bottom : 66.666666666667%;;\" class=\"flip-img-wrap none-effect\"><img decoding=\"async\" src=\"https:\/\/lps-photography.de\/wp-content\/uploads\/2023\/08\/Port-Verd-Mallorca-Hochzeit-18-650x433.jpg\" alt=\"hochzeit im port verd del mar auf mallorca | lps photography.de\" data-attr=\"0\"\/><\/div><\/div><div class=\"thumb-overlay\"><div class=\"thumb-bg\" style=\"background-color:rgba(255,255,255,0);background:rgba(255,255,255,0)\"><div class=\"thumb-title-wrap display-table-cell vertical-align-middle align-center fadeIn animated\"><div class=\"thumb-title\" style=\"color:;\"><i class=\"portfolio-overlay-icon\"><\/i><\/div><\/div><\/div><\/div><\/a><\/div><\/div><div class=\"element be-hoverlay not-wide no-wide-width-height style1-hover c_to_c\" style=\"margin-bottom: 10px;\"><div class=\"element-inner\" style=\"margin-left: 10px;\"><a href=\"https:\/\/lps-photography.de\/wp-content\/uploads\/2023\/08\/Port-Verd-Mallorca-Hochzeit-9.jpg\" data-size=\"1280x1920\" data-href=\"https:\/\/lps-photography.de\/wp-content\/uploads\/2023\/08\/Port-Verd-Mallorca-Hochzeit-9.jpg\" class=\"thumb-wrap\" title=\"freie trauung im port verd del mar auf mallorca | lps photograph\"><div class=\"flip-wrap\"><div data-aspect-ratio=\"0.67\" style = \"padding-bottom : 150%;;\" class=\"flip-img-wrap none-effect\"><img decoding=\"async\" src=\"https:\/\/lps-photography.de\/wp-content\/uploads\/2023\/08\/Port-Verd-Mallorca-Hochzeit-9-650x975.jpg\" alt=\"freie trauung im port verd del mar auf mallorca | lps photograph\" data-attr=\"0\"\/><\/div><\/div><div class=\"thumb-overlay\"><div class=\"thumb-bg\" style=\"background-color:rgba(255,255,255,0);background:rgba(255,255,255,0)\"><div class=\"thumb-title-wrap display-table-cell vertical-align-middle align-center fadeIn animated\"><div class=\"thumb-title\" style=\"color:;\"><i class=\"portfolio-overlay-icon\"><\/i><\/div><\/div><\/div><\/div><\/a><\/div><\/div><div class=\"element be-hoverlay not-wide no-wide-width-height style1-hover c_to_c\" style=\"margin-bottom: 10px;\"><div class=\"element-inner\" style=\"margin-left: 10px;\"><a href=\"https:\/\/lps-photography.de\/wp-content\/uploads\/2023\/08\/Port-Verd-Mallorca-Hochzeit-14.jpg\" data-size=\"1920x1280\" data-href=\"https:\/\/lps-photography.de\/wp-content\/uploads\/2023\/08\/Port-Verd-Mallorca-Hochzeit-14.jpg\" class=\"thumb-wrap\" title=\"port verd mallorca hochzeit 14\"><div class=\"flip-wrap\"><div data-aspect-ratio=\"1.5\" style = \"padding-bottom : 66.666666666667%;;\" class=\"flip-img-wrap none-effect\"><img decoding=\"async\" src=\"https:\/\/lps-photography.de\/wp-content\/uploads\/2023\/08\/Port-Verd-Mallorca-Hochzeit-14-650x433.jpg\" alt=\"port verd mallorca hochzeit 14\" data-attr=\"0\"\/><\/div><\/div><div class=\"thumb-overlay\"><div class=\"thumb-bg\" style=\"background-color:rgba(255,255,255,0);background:rgba(255,255,255,0)\"><div class=\"thumb-title-wrap display-table-cell vertical-align-middle align-center fadeIn animated\"><div class=\"thumb-title\" style=\"color:;\"><i class=\"portfolio-overlay-icon\"><\/i><\/div><\/div><\/div><\/div><\/a><\/div><\/div><div class=\"element be-hoverlay not-wide no-wide-width-height style1-hover c_to_c\" style=\"margin-bottom: 10px;\"><div class=\"element-inner\" style=\"margin-left: 10px;\"><a href=\"https:\/\/lps-photography.de\/wp-content\/uploads\/2023\/08\/Port-Verd-Mallorca-Hochzeit-3.jpg\" data-size=\"1280x1920\" data-href=\"https:\/\/lps-photography.de\/wp-content\/uploads\/2023\/08\/Port-Verd-Mallorca-Hochzeit-3.jpg\" class=\"thumb-wrap\" title=\"freie trauung im port verd del mar auf mallorca | lps photograph\"><div class=\"flip-wrap\"><div data-aspect-ratio=\"0.67\" style = \"padding-bottom : 150%;;\" class=\"flip-img-wrap none-effect\"><img decoding=\"async\" src=\"https:\/\/lps-photography.de\/wp-content\/uploads\/2023\/08\/Port-Verd-Mallorca-Hochzeit-3-650x975.jpg\" alt=\"freie trauung im port verd del mar auf mallorca | lps photograph\" data-attr=\"0\"\/><\/div><\/div><div class=\"thumb-overlay\"><div class=\"thumb-bg\" style=\"background-color:rgba(255,255,255,0);background:rgba(255,255,255,0)\"><div class=\"thumb-title-wrap display-table-cell vertical-align-middle align-center fadeIn animated\"><div class=\"thumb-title\" style=\"color:;\"><i class=\"portfolio-overlay-icon\"><\/i><\/div><\/div><\/div><\/div><\/a><\/div><\/div><div class=\"element be-hoverlay not-wide no-wide-width-height style1-hover c_to_c\" style=\"margin-bottom: 10px;\"><div class=\"element-inner\" style=\"margin-left: 10px;\"><a href=\"https:\/\/lps-photography.de\/wp-content\/uploads\/2023\/08\/Port-Verd-Mallorca-Hochzeit-17.jpg\" data-size=\"1920x1280\" data-href=\"https:\/\/lps-photography.de\/wp-content\/uploads\/2023\/08\/Port-Verd-Mallorca-Hochzeit-17.jpg\" class=\"thumb-wrap\" title=\"hochzeit christin und julien im port verd del mar auf mallorca |\"><div class=\"flip-wrap\"><div data-aspect-ratio=\"1.5\" style = \"padding-bottom : 66.666666666667%;;\" class=\"flip-img-wrap none-effect\"><img decoding=\"async\" src=\"https:\/\/lps-photography.de\/wp-content\/uploads\/2023\/08\/Port-Verd-Mallorca-Hochzeit-17-650x433.jpg\" alt=\"hochzeit christin und julien im port verd del mar auf mallorca |\" data-attr=\"0\"\/><\/div><\/div><div class=\"thumb-overlay\"><div class=\"thumb-bg\" style=\"background-color:rgba(255,255,255,0);background:rgba(255,255,255,0)\"><div class=\"thumb-title-wrap display-table-cell vertical-align-middle align-center fadeIn animated\"><div class=\"thumb-title\" style=\"color:;\"><i class=\"portfolio-overlay-icon\"><\/i><\/div><\/div><\/div><\/div><\/a><\/div><\/div><div class=\"element be-hoverlay not-wide no-wide-width-height style1-hover c_to_c\" style=\"margin-bottom: 10px;\"><div class=\"element-inner\" style=\"margin-left: 10px;\"><a href=\"https:\/\/lps-photography.de\/wp-content\/uploads\/2023\/08\/Port-Verd-Mallorca-Hochzeit-16.jpg\" data-size=\"1920x1280\" data-href=\"https:\/\/lps-photography.de\/wp-content\/uploads\/2023\/08\/Port-Verd-Mallorca-Hochzeit-16.jpg\" class=\"thumb-wrap\" title=\"hochzeit christin und julien im port verd del mar auf mallorca |\"><div class=\"flip-wrap\"><div data-aspect-ratio=\"1.5\" style = \"padding-bottom : 66.666666666667%;;\" class=\"flip-img-wrap none-effect\"><img decoding=\"async\" src=\"https:\/\/lps-photography.de\/wp-content\/uploads\/2023\/08\/Port-Verd-Mallorca-Hochzeit-16-650x433.jpg\" alt=\"hochzeit christin und julien im port verd del mar auf mallorca |\" data-attr=\"0\"\/><\/div><\/div><div class=\"thumb-overlay\"><div class=\"thumb-bg\" style=\"background-color:rgba(255,255,255,0);background:rgba(255,255,255,0)\"><div class=\"thumb-title-wrap display-table-cell vertical-align-middle align-center fadeIn animated\"><div class=\"thumb-title\" style=\"color:;\"><i class=\"portfolio-overlay-icon\"><\/i><\/div><\/div><\/div><\/div><\/a><\/div><\/div><div class=\"element be-hoverlay not-wide no-wide-width-height style1-hover c_to_c\" style=\"margin-bottom: 10px;\"><div class=\"element-inner\" style=\"margin-left: 10px;\"><a href=\"https:\/\/lps-photography.de\/wp-content\/uploads\/2023\/08\/Port-Verd-Mallorca-Hochzeit-15.jpg\" data-size=\"1920x1280\" data-href=\"https:\/\/lps-photography.de\/wp-content\/uploads\/2023\/08\/Port-Verd-Mallorca-Hochzeit-15.jpg\" class=\"thumb-wrap\" title=\"port verd mallorca hochzeit 15\"><div class=\"flip-wrap\"><div data-aspect-ratio=\"1.5\" style = \"padding-bottom : 66.666666666667%;;\" class=\"flip-img-wrap none-effect\"><img decoding=\"async\" src=\"https:\/\/lps-photography.de\/wp-content\/uploads\/2023\/08\/Port-Verd-Mallorca-Hochzeit-15-650x433.jpg\" alt=\"port verd mallorca hochzeit 15\" data-attr=\"0\"\/><\/div><\/div><div class=\"thumb-overlay\"><div class=\"thumb-bg\" style=\"background-color:rgba(255,255,255,0);background:rgba(255,255,255,0)\"><div class=\"thumb-title-wrap display-table-cell vertical-align-middle align-center fadeIn animated\"><div class=\"thumb-title\" style=\"color:;\"><i class=\"portfolio-overlay-icon\"><\/i><\/div><\/div><\/div><\/div><\/a><\/div><\/div><div class=\"element be-hoverlay not-wide no-wide-width-height style1-hover c_to_c\" style=\"margin-bottom: 10px;\"><div class=\"element-inner\" style=\"margin-left: 10px;\"><a href=\"https:\/\/lps-photography.de\/wp-content\/uploads\/2023\/08\/Port-Verd-Mallorca-Hochzeit-13.jpg\" data-size=\"1920x1280\" data-href=\"https:\/\/lps-photography.de\/wp-content\/uploads\/2023\/08\/Port-Verd-Mallorca-Hochzeit-13.jpg\" class=\"thumb-wrap\" title=\"port verd mallorca hochzeit 13\"><div class=\"flip-wrap\"><div data-aspect-ratio=\"1.5\" style = \"padding-bottom : 66.666666666667%;;\" class=\"flip-img-wrap none-effect\"><img decoding=\"async\" src=\"https:\/\/lps-photography.de\/wp-content\/uploads\/2023\/08\/Port-Verd-Mallorca-Hochzeit-13-650x433.jpg\" alt=\"port verd mallorca hochzeit 13\" data-attr=\"0\"\/><\/div><\/div><div class=\"thumb-overlay\"><div class=\"thumb-bg\" style=\"background-color:rgba(255,255,255,0);background:rgba(255,255,255,0)\"><div class=\"thumb-title-wrap display-table-cell vertical-align-middle align-center fadeIn animated\"><div class=\"thumb-title\" style=\"color:;\"><i class=\"portfolio-overlay-icon\"><\/i><\/div><\/div><\/div><\/div><\/a><\/div><\/div><div class=\"element be-hoverlay not-wide no-wide-width-height style1-hover c_to_c\" style=\"margin-bottom: 10px;\"><div class=\"element-inner\" style=\"margin-left: 10px;\"><a href=\"https:\/\/lps-photography.de\/wp-content\/uploads\/2023\/08\/Port-Verd-Mallorca-Hochzeit-12.jpg\" data-size=\"1920x1280\" data-href=\"https:\/\/lps-photography.de\/wp-content\/uploads\/2023\/08\/Port-Verd-Mallorca-Hochzeit-12.jpg\" class=\"thumb-wrap\" title=\"port verd mallorca hochzeit 12\"><div class=\"flip-wrap\"><div data-aspect-ratio=\"1.5\" style = \"padding-bottom : 66.666666666667%;;\" class=\"flip-img-wrap none-effect\"><img decoding=\"async\" src=\"https:\/\/lps-photography.de\/wp-content\/uploads\/2023\/08\/Port-Verd-Mallorca-Hochzeit-12-650x433.jpg\" alt=\"port verd mallorca hochzeit 12\" data-attr=\"0\"\/><\/div><\/div><div class=\"thumb-overlay\"><div class=\"thumb-bg\" style=\"background-color:rgba(255,255,255,0);background:rgba(255,255,255,0)\"><div class=\"thumb-title-wrap display-table-cell vertical-align-middle align-center fadeIn animated\"><div class=\"thumb-title\" style=\"color:;\"><i class=\"portfolio-overlay-icon\"><\/i><\/div><\/div><\/div><\/div><\/a><\/div><\/div><div class=\"element be-hoverlay not-wide no-wide-width-height style1-hover c_to_c\" style=\"margin-bottom: 10px;\"><div class=\"element-inner\" style=\"margin-left: 10px;\"><a href=\"https:\/\/lps-photography.de\/wp-content\/uploads\/2019\/08\/Port-Verd-del-Mar-Hochzeit-Mallorca-Hochzeitsfotograf-3.jpg\" data-size=\"1200x800\" data-href=\"https:\/\/lps-photography.de\/wp-content\/uploads\/2019\/08\/Port-Verd-del-Mar-Hochzeit-Mallorca-Hochzeitsfotograf-3.jpg\" class=\"thumb-wrap\" title=\"Zwei wei\u00dfe St\u00fchle mit pfirsichfarbenen B\u00e4ndern und Blumenschmuck stehen vor einem kleinen Tisch mit einem Strau\u00df rosa und wei\u00dfer Blumen, drau\u00dfen am Meer - perfekt f\u00fcr eine Hochzeit auf Mallorca, wundersch\u00f6n eingefangen von einem Hochzeitsfotografen Mallorca.\"><div class=\"flip-wrap\"><div data-aspect-ratio=\"1.5\" style = \"padding-bottom : 66.666666666667%;;\" class=\"flip-img-wrap none-effect\"><img decoding=\"async\" src=\"https:\/\/lps-photography.de\/wp-content\/uploads\/2019\/08\/Port-Verd-del-Mar-Hochzeit-Mallorca-Hochzeitsfotograf-3-650x433.jpg\" alt=\"Zwei wei\u00dfe St\u00fchle mit pfirsichfarbenen B\u00e4ndern und Blumenschmuck stehen vor einem kleinen Tisch mit einem Strau\u00df rosa und wei\u00dfer Blumen, drau\u00dfen am Meer - perfekt f\u00fcr eine Hochzeit auf Mallorca, wundersch\u00f6n eingefangen von einem Hochzeitsfotografen Mallorca.\" data-attr=\"0\"\/><\/div><\/div><div class=\"thumb-overlay\"><div class=\"thumb-bg\" style=\"background-color:rgba(255,255,255,0);background:rgba(255,255,255,0)\"><div class=\"thumb-title-wrap display-table-cell vertical-align-middle align-center fadeIn animated\"><div class=\"thumb-title\" style=\"color:;\"><i class=\"portfolio-overlay-icon\"><\/i><\/div><\/div><\/div><\/div><\/a><\/div><\/div><div class=\"element be-hoverlay not-wide no-wide-width-height style1-hover c_to_c\" style=\"margin-bottom: 10px;\"><div class=\"element-inner\" style=\"margin-left: 10px;\"><a href=\"https:\/\/lps-photography.de\/wp-content\/uploads\/2019\/08\/Port-Verd-del-Mar-Hochzeit-Mallorca-Hochzeitsfotograf-4.jpg\" data-size=\"1200x800\" data-href=\"https:\/\/lps-photography.de\/wp-content\/uploads\/2019\/08\/Port-Verd-del-Mar-Hochzeit-Mallorca-Hochzeitsfotograf-4.jpg\" class=\"thumb-wrap\" title=\"Eine felsige K\u00fcstenlinie mit Steinmauern, Palmen und luxuri\u00f6sen Villen mit Blick auf das klare blaue Meerwasser unter einem strahlenden Himmel - eine idyllische Kulisse f\u00fcr eine Hochzeit auf Mallorca oder um Momente als Hochzeitsfotograf Mallorca festzuhalten, mit gr\u00fcnen H\u00fcgeln im Hintergrund.\"><div class=\"flip-wrap\"><div data-aspect-ratio=\"1.5\" style = \"padding-bottom : 66.666666666667%;;\" class=\"flip-img-wrap none-effect\"><img decoding=\"async\" src=\"https:\/\/lps-photography.de\/wp-content\/uploads\/2019\/08\/Port-Verd-del-Mar-Hochzeit-Mallorca-Hochzeitsfotograf-4-650x433.jpg\" alt=\"Eine felsige K\u00fcstenlinie mit Steinmauern, Palmen und luxuri\u00f6sen Villen mit Blick auf das klare blaue Meerwasser unter einem strahlenden Himmel - eine idyllische Kulisse f\u00fcr eine Hochzeit auf Mallorca oder um Momente als Hochzeitsfotograf Mallorca festzuhalten, mit gr\u00fcnen H\u00fcgeln im Hintergrund.\" data-attr=\"0\"\/><\/div><\/div><div class=\"thumb-overlay\"><div class=\"thumb-bg\" style=\"background-color:rgba(255,255,255,0);background:rgba(255,255,255,0)\"><div class=\"thumb-title-wrap display-table-cell vertical-align-middle align-center fadeIn animated\"><div class=\"thumb-title\" style=\"color:;\"><i class=\"portfolio-overlay-icon\"><\/i><\/div><\/div><\/div><\/div><\/a><\/div><\/div><div class=\"element be-hoverlay not-wide no-wide-width-height style1-hover c_to_c\" style=\"margin-bottom: 10px;\"><div class=\"element-inner\" style=\"margin-left: 10px;\"><a href=\"https:\/\/lps-photography.de\/wp-content\/uploads\/2019\/08\/Port-Verd-del-Mar-Hochzeit-Mallorca-Hochzeitsfotograf-5.jpg\" data-size=\"800x1200\" data-href=\"https:\/\/lps-photography.de\/wp-content\/uploads\/2019\/08\/Port-Verd-del-Mar-Hochzeit-Mallorca-Hochzeitsfotograf-5.jpg\" class=\"thumb-wrap\" title=\"Eine Braut in einem wei\u00dfen Kleid kniet und l\u00e4chelt ein junges Blumenm\u00e4dchen in Rosa mit einem gebl\u00fcmten Stirnband an. Aufgenommen von einem Hochzeitsfotograf Mallorca, teilen sie einen s\u00fc\u00dfen Moment im Freien in der N\u00e4he von Steins\u00e4ulen auf ihrer Hochzeit auf Mallorca.\"><div class=\"flip-wrap\"><div data-aspect-ratio=\"0.67\" style = \"padding-bottom : 150%;;\" class=\"flip-img-wrap none-effect\"><img decoding=\"async\" src=\"https:\/\/lps-photography.de\/wp-content\/uploads\/2019\/08\/Port-Verd-del-Mar-Hochzeit-Mallorca-Hochzeitsfotograf-5-650x975.jpg\" alt=\"Eine Braut in einem wei\u00dfen Kleid kniet und l\u00e4chelt ein junges Blumenm\u00e4dchen in Rosa mit einem gebl\u00fcmten Stirnband an. Aufgenommen von einem Hochzeitsfotograf Mallorca, teilen sie einen s\u00fc\u00dfen Moment im Freien in der N\u00e4he von Steins\u00e4ulen auf ihrer Hochzeit auf Mallorca.\" data-attr=\"0\"\/><\/div><\/div><div class=\"thumb-overlay\"><div class=\"thumb-bg\" style=\"background-color:rgba(255,255,255,0);background:rgba(255,255,255,0)\"><div class=\"thumb-title-wrap display-table-cell vertical-align-middle align-center fadeIn animated\"><div class=\"thumb-title\" style=\"color:;\"><i class=\"portfolio-overlay-icon\"><\/i><\/div><\/div><\/div><\/div><\/a><\/div><\/div><div class=\"element be-hoverlay not-wide no-wide-width-height style1-hover c_to_c\" style=\"margin-bottom: 10px;\"><div class=\"element-inner\" style=\"margin-left: 10px;\"><a href=\"https:\/\/lps-photography.de\/wp-content\/uploads\/2019\/08\/Port-Verd-del-Mar-Hochzeit-Mallorca-Hochzeitsfotograf-10.jpg\" data-size=\"1200x800\" data-href=\"https:\/\/lps-photography.de\/wp-content\/uploads\/2019\/08\/Port-Verd-del-Mar-Hochzeit-Mallorca-Hochzeitsfotograf-10.jpg\" class=\"thumb-wrap\" title=\"Eine kleine Gruppe nimmt an einer Hochzeit auf Mallorca teil, einer Hochzeitszeremonie im Freien unter einer wei\u00dfen, mit Blumen geschm\u00fcckten Pergola, mit dem Meer im Hintergrund. Der Hochzeitsfotograf Mallorca h\u00e4lt die Momente fest, w\u00e4hrend der Trauzeuge vorne steht und die G\u00e4ste nach vorne schauen.\"><div class=\"flip-wrap\"><div data-aspect-ratio=\"1.5\" style = \"padding-bottom : 66.666666666667%;;\" class=\"flip-img-wrap none-effect\"><img decoding=\"async\" src=\"https:\/\/lps-photography.de\/wp-content\/uploads\/2019\/08\/Port-Verd-del-Mar-Hochzeit-Mallorca-Hochzeitsfotograf-10-650x433.jpg\" alt=\"Eine kleine Gruppe nimmt an einer Hochzeit auf Mallorca teil, einer Hochzeitszeremonie im Freien unter einer wei\u00dfen, mit Blumen geschm\u00fcckten Pergola, mit dem Meer im Hintergrund. Der Hochzeitsfotograf Mallorca h\u00e4lt die Momente fest, w\u00e4hrend der Trauzeuge vorne steht und die G\u00e4ste nach vorne schauen.\" data-attr=\"0\"\/><\/div><\/div><div class=\"thumb-overlay\"><div class=\"thumb-bg\" style=\"background-color:rgba(255,255,255,0);background:rgba(255,255,255,0)\"><div class=\"thumb-title-wrap display-table-cell vertical-align-middle align-center fadeIn animated\"><div class=\"thumb-title\" style=\"color:;\"><i class=\"portfolio-overlay-icon\"><\/i><\/div><\/div><\/div><\/div><\/a><\/div><\/div><div class=\"element be-hoverlay not-wide no-wide-width-height style1-hover c_to_c\" style=\"margin-bottom: 10px;\"><div class=\"element-inner\" style=\"margin-left: 10px;\"><a href=\"https:\/\/lps-photography.de\/wp-content\/uploads\/2019\/08\/Port-Verd-del-Mar-Hochzeit-Mallorca-Hochzeitsfotograf-18.jpg\" data-size=\"1200x800\" data-href=\"https:\/\/lps-photography.de\/wp-content\/uploads\/2019\/08\/Port-Verd-del-Mar-Hochzeit-Mallorca-Hochzeitsfotograf-18.jpg\" class=\"thumb-wrap\" title=\"Eine Braut im wei\u00dfen Kleid und ein Br\u00e4utigam mit Weste und Krawatte gehen Hand in Hand einen felsigen Strandweg entlang und l\u00e4cheln sich an, w\u00e4hrend im Hintergrund das Meer und der blaue Himmel zu sehen sind - der Zauber einer Hochzeit auf Mallorca.\"><div class=\"flip-wrap\"><div data-aspect-ratio=\"1.5\" style = \"padding-bottom : 66.666666666667%;;\" class=\"flip-img-wrap none-effect\"><img decoding=\"async\" src=\"https:\/\/lps-photography.de\/wp-content\/uploads\/2019\/08\/Port-Verd-del-Mar-Hochzeit-Mallorca-Hochzeitsfotograf-18-650x433.jpg\" alt=\"Eine Braut im wei\u00dfen Kleid und ein Br\u00e4utigam mit Weste und Krawatte gehen Hand in Hand einen felsigen Strandweg entlang und l\u00e4cheln sich an, w\u00e4hrend im Hintergrund das Meer und der blaue Himmel zu sehen sind - der Zauber einer Hochzeit auf Mallorca.\" data-attr=\"0\"\/><\/div><\/div><div class=\"thumb-overlay\"><div class=\"thumb-bg\" style=\"background-color:rgba(255,255,255,0);background:rgba(255,255,255,0)\"><div class=\"thumb-title-wrap display-table-cell vertical-align-middle align-center fadeIn animated\"><div class=\"thumb-title\" style=\"color:;\"><i class=\"portfolio-overlay-icon\"><\/i><\/div><\/div><\/div><\/div><\/a><\/div><\/div><div class=\"element be-hoverlay not-wide no-wide-width-height style1-hover c_to_c\" style=\"margin-bottom: 10px;\"><div class=\"element-inner\" style=\"margin-left: 10px;\"><a href=\"https:\/\/lps-photography.de\/wp-content\/uploads\/2023\/08\/Port-Verd-Mallorca-Hochzeit.jpg\" data-size=\"1280x1920\" data-href=\"https:\/\/lps-photography.de\/wp-content\/uploads\/2023\/08\/Port-Verd-Mallorca-Hochzeit.jpg\" class=\"thumb-wrap\" title=\"freie trauung im port verd del mar auf mallorca | lps photograph\"><div class=\"flip-wrap\"><div data-aspect-ratio=\"0.67\" style = \"padding-bottom : 150%;;\" class=\"flip-img-wrap none-effect\"><img decoding=\"async\" src=\"https:\/\/lps-photography.de\/wp-content\/uploads\/2023\/08\/Port-Verd-Mallorca-Hochzeit-650x975.jpg\" alt=\"freie trauung im port verd del mar auf mallorca | lps photograph\" data-attr=\"0\"\/><\/div><\/div><div class=\"thumb-overlay\"><div class=\"thumb-bg\" style=\"background-color:rgba(255,255,255,0);background:rgba(255,255,255,0)\"><div class=\"thumb-title-wrap display-table-cell vertical-align-middle align-center fadeIn animated\"><div class=\"thumb-title\" style=\"color:;\"><i class=\"portfolio-overlay-icon\"><\/i><\/div><\/div><\/div><\/div><\/a><\/div><\/div><div class=\"element be-hoverlay not-wide no-wide-width-height style1-hover c_to_c\" style=\"margin-bottom: 10px;\"><div class=\"element-inner\" style=\"margin-left: 10px;\"><a href=\"https:\/\/lps-photography.de\/wp-content\/uploads\/2023\/08\/Port-Verd-Mallorca-Hochzeit-2.jpg\" data-size=\"1920x1280\" data-href=\"https:\/\/lps-photography.de\/wp-content\/uploads\/2023\/08\/Port-Verd-Mallorca-Hochzeit-2.jpg\" class=\"thumb-wrap\" title=\"freie trauung im port verd del mar auf mallorca | lps photograph\"><div class=\"flip-wrap\"><div data-aspect-ratio=\"1.5\" style = \"padding-bottom : 66.666666666667%;;\" class=\"flip-img-wrap none-effect\"><img decoding=\"async\" src=\"https:\/\/lps-photography.de\/wp-content\/uploads\/2023\/08\/Port-Verd-Mallorca-Hochzeit-2-650x433.jpg\" alt=\"freie trauung im port verd del mar auf mallorca | lps photograph\" data-attr=\"0\"\/><\/div><\/div><div class=\"thumb-overlay\"><div class=\"thumb-bg\" style=\"background-color:rgba(255,255,255,0);background:rgba(255,255,255,0)\"><div class=\"thumb-title-wrap display-table-cell vertical-align-middle align-center fadeIn animated\"><div class=\"thumb-title\" style=\"color:;\"><i class=\"portfolio-overlay-icon\"><\/i><\/div><\/div><\/div><\/div><\/a><\/div><\/div><div class=\"element be-hoverlay not-wide no-wide-width-height style1-hover c_to_c\" style=\"margin-bottom: 10px;\"><div class=\"element-inner\" style=\"margin-left: 10px;\"><a href=\"https:\/\/lps-photography.de\/wp-content\/uploads\/2023\/08\/Port-Verd-Mallorca-Hochzeit-4.jpg\" data-size=\"1280x1920\" data-href=\"https:\/\/lps-photography.de\/wp-content\/uploads\/2023\/08\/Port-Verd-Mallorca-Hochzeit-4.jpg\" class=\"thumb-wrap\" title=\"freie trauung im port verd del mar auf mallorca | lps photograph\"><div class=\"flip-wrap\"><div data-aspect-ratio=\"0.67\" style = \"padding-bottom : 150%;;\" class=\"flip-img-wrap none-effect\"><img decoding=\"async\" src=\"https:\/\/lps-photography.de\/wp-content\/uploads\/2023\/08\/Port-Verd-Mallorca-Hochzeit-4-650x975.jpg\" alt=\"freie trauung im port verd del mar auf mallorca | lps photograph\" data-attr=\"0\"\/><\/div><\/div><div class=\"thumb-overlay\"><div class=\"thumb-bg\" style=\"background-color:rgba(255,255,255,0);background:rgba(255,255,255,0)\"><div class=\"thumb-title-wrap display-table-cell vertical-align-middle align-center fadeIn animated\"><div class=\"thumb-title\" style=\"color:;\"><i class=\"portfolio-overlay-icon\"><\/i><\/div><\/div><\/div><\/div><\/a><\/div><\/div><div class=\"element be-hoverlay not-wide no-wide-width-height style1-hover c_to_c\" style=\"margin-bottom: 10px;\"><div class=\"element-inner\" style=\"margin-left: 10px;\"><a href=\"https:\/\/lps-photography.de\/wp-content\/uploads\/2023\/08\/Port-Verd-Mallorca-Hochzeit-5.jpg\" data-size=\"1280x1920\" data-href=\"https:\/\/lps-photography.de\/wp-content\/uploads\/2023\/08\/Port-Verd-Mallorca-Hochzeit-5.jpg\" class=\"thumb-wrap\" title=\"freie trauung im port verd del mar auf mallorca | lps photograph\"><div class=\"flip-wrap\"><div data-aspect-ratio=\"0.67\" style = \"padding-bottom : 150%;;\" class=\"flip-img-wrap none-effect\"><img decoding=\"async\" src=\"https:\/\/lps-photography.de\/wp-content\/uploads\/2023\/08\/Port-Verd-Mallorca-Hochzeit-5-650x975.jpg\" alt=\"freie trauung im port verd del mar auf mallorca | lps photograph\" data-attr=\"0\"\/><\/div><\/div><div class=\"thumb-overlay\"><div class=\"thumb-bg\" style=\"background-color:rgba(255,255,255,0);background:rgba(255,255,255,0)\"><div class=\"thumb-title-wrap display-table-cell vertical-align-middle align-center fadeIn animated\"><div class=\"thumb-title\" style=\"color:;\"><i class=\"portfolio-overlay-icon\"><\/i><\/div><\/div><\/div><\/div><\/a><\/div><\/div><div class=\"element be-hoverlay not-wide no-wide-width-height style1-hover c_to_c\" style=\"margin-bottom: 10px;\"><div class=\"element-inner\" style=\"margin-left: 10px;\"><a href=\"https:\/\/lps-photography.de\/wp-content\/uploads\/2023\/08\/Port-Verd-Mallorca-Hochzeit-6.jpg\" data-size=\"1920x1280\" data-href=\"https:\/\/lps-photography.de\/wp-content\/uploads\/2023\/08\/Port-Verd-Mallorca-Hochzeit-6.jpg\" class=\"thumb-wrap\" title=\"freie trauung im port verd del mar auf mallorca | lps photograph\"><div class=\"flip-wrap\"><div data-aspect-ratio=\"1.5\" style = \"padding-bottom : 66.666666666667%;;\" class=\"flip-img-wrap none-effect\"><img decoding=\"async\" src=\"https:\/\/lps-photography.de\/wp-content\/uploads\/2023\/08\/Port-Verd-Mallorca-Hochzeit-6-650x433.jpg\" alt=\"freie trauung im port verd del mar auf mallorca | lps photograph\" data-attr=\"0\"\/><\/div><\/div><div class=\"thumb-overlay\"><div class=\"thumb-bg\" style=\"background-color:rgba(255,255,255,0);background:rgba(255,255,255,0)\"><div class=\"thumb-title-wrap display-table-cell vertical-align-middle align-center fadeIn animated\"><div class=\"thumb-title\" style=\"color:;\"><i class=\"portfolio-overlay-icon\"><\/i><\/div><\/div><\/div><\/div><\/a><\/div><\/div><div class=\"element be-hoverlay not-wide no-wide-width-height style1-hover c_to_c\" style=\"margin-bottom: 10px;\"><div class=\"element-inner\" style=\"margin-left: 10px;\"><a href=\"https:\/\/lps-photography.de\/wp-content\/uploads\/2023\/08\/Port-Verd-Mallorca-Hochzeit-7.jpg\" data-size=\"1920x1280\" data-href=\"https:\/\/lps-photography.de\/wp-content\/uploads\/2023\/08\/Port-Verd-Mallorca-Hochzeit-7.jpg\" class=\"thumb-wrap\" title=\"freie trauung im port verd del mar auf mallorca | lps photograph\"><div class=\"flip-wrap\"><div data-aspect-ratio=\"1.5\" style = \"padding-bottom : 66.666666666667%;;\" class=\"flip-img-wrap none-effect\"><img decoding=\"async\" src=\"https:\/\/lps-photography.de\/wp-content\/uploads\/2023\/08\/Port-Verd-Mallorca-Hochzeit-7-650x433.jpg\" alt=\"freie trauung im port verd del mar auf mallorca | lps photograph\" data-attr=\"0\"\/><\/div><\/div><div class=\"thumb-overlay\"><div class=\"thumb-bg\" style=\"background-color:rgba(255,255,255,0);background:rgba(255,255,255,0)\"><div class=\"thumb-title-wrap display-table-cell vertical-align-middle align-center fadeIn animated\"><div class=\"thumb-title\" style=\"color:;\"><i class=\"portfolio-overlay-icon\"><\/i><\/div><\/div><\/div><\/div><\/a><\/div><\/div><div class=\"element be-hoverlay not-wide no-wide-width-height style1-hover c_to_c\" style=\"margin-bottom: 10px;\"><div class=\"element-inner\" style=\"margin-left: 10px;\"><a href=\"https:\/\/lps-photography.de\/wp-content\/uploads\/2019\/08\/Port-Verd-del-Mar-Hochzeit-Mallorca-Hochzeitsfotograf-2.jpg\" data-size=\"1200x800\" data-href=\"https:\/\/lps-photography.de\/wp-content\/uploads\/2019\/08\/Port-Verd-del-Mar-Hochzeit-Mallorca-Hochzeitsfotograf-2.jpg\" class=\"thumb-wrap\" title=\"Auf einer Steinterrasse am Meer mit wei\u00dfem Vorhang findet eine Hochzeit auf Mallorca statt. Die G\u00e4ste versammeln sich unter einem Baldachin mit Blick auf die felsige K\u00fcste und das blaue Wasser, mit H\u00fcgeln und Geb\u00e4uden im Hintergrund unter einem klaren blauen Himmel.\"><div class=\"flip-wrap\"><div data-aspect-ratio=\"1.5\" style = \"padding-bottom : 66.666666666667%;;\" class=\"flip-img-wrap none-effect\"><img decoding=\"async\" src=\"https:\/\/lps-photography.de\/wp-content\/uploads\/2019\/08\/Port-Verd-del-Mar-Hochzeit-Mallorca-Hochzeitsfotograf-2-650x433.jpg\" alt=\"Auf einer Steinterrasse am Meer mit wei\u00dfem Vorhang findet eine Hochzeit auf Mallorca statt. Die G\u00e4ste versammeln sich unter einem Baldachin mit Blick auf die felsige K\u00fcste und das blaue Wasser, mit H\u00fcgeln und Geb\u00e4uden im Hintergrund unter einem klaren blauen Himmel.\" data-attr=\"0\"\/><\/div><\/div><div class=\"thumb-overlay\"><div class=\"thumb-bg\" style=\"background-color:rgba(255,255,255,0);background:rgba(255,255,255,0)\"><div class=\"thumb-title-wrap display-table-cell vertical-align-middle align-center fadeIn animated\"><div class=\"thumb-title\" style=\"color:;\"><i class=\"portfolio-overlay-icon\"><\/i><\/div><\/div><\/div><\/div><\/a><\/div><\/div><div class=\"element be-hoverlay not-wide no-wide-width-height style1-hover c_to_c\" style=\"margin-bottom: 10px;\"><div class=\"element-inner\" style=\"margin-left: 10px;\"><a href=\"https:\/\/lps-photography.de\/wp-content\/uploads\/2023\/08\/Port-Verd-Mallorca-Hochzeit-8.jpg\" data-size=\"1280x1920\" data-href=\"https:\/\/lps-photography.de\/wp-content\/uploads\/2023\/08\/Port-Verd-Mallorca-Hochzeit-8.jpg\" class=\"thumb-wrap\" title=\"freie trauung im port verd del mar auf mallorca | lps photograph\"><div class=\"flip-wrap\"><div data-aspect-ratio=\"0.67\" style = \"padding-bottom : 150%;;\" class=\"flip-img-wrap none-effect\"><img decoding=\"async\" src=\"https:\/\/lps-photography.de\/wp-content\/uploads\/2023\/08\/Port-Verd-Mallorca-Hochzeit-8-650x975.jpg\" alt=\"freie trauung im port verd del mar auf mallorca | lps photograph\" data-attr=\"0\"\/><\/div><\/div><div class=\"thumb-overlay\"><div class=\"thumb-bg\" style=\"background-color:rgba(255,255,255,0);background:rgba(255,255,255,0)\"><div class=\"thumb-title-wrap display-table-cell vertical-align-middle align-center fadeIn animated\"><div class=\"thumb-title\" style=\"color:;\"><i class=\"portfolio-overlay-icon\"><\/i><\/div><\/div><\/div><\/div><\/a><\/div><\/div><div class=\"element be-hoverlay not-wide no-wide-width-height style1-hover c_to_c\" style=\"margin-bottom: 10px;\"><div class=\"element-inner\" style=\"margin-left: 10px;\"><a href=\"https:\/\/lps-photography.de\/wp-content\/uploads\/2019\/08\/Port-Verd-del-Mar-Hochzeit-Mallorca-Hochzeitsfotograf-20.jpg\" data-size=\"1200x800\" data-href=\"https:\/\/lps-photography.de\/wp-content\/uploads\/2019\/08\/Port-Verd-del-Mar-Hochzeit-Mallorca-Hochzeitsfotograf-20.jpg\" class=\"thumb-wrap\" title=\"Braut und Br\u00e4utigam spazieren Hand in Hand am felsigen Ufer des Meeres entlang, in der N\u00e4he eines wei\u00dfen Steinpavillons, umgeben von Palmen an einem sonnigen Tag - perfekte Momente f\u00fcr einen Hochzeitsfotografen Mallorca, um Ihre unvergessliche Hochzeit auf Mallorca festzuhalten.\"><div class=\"flip-wrap\"><div data-aspect-ratio=\"1.5\" style = \"padding-bottom : 66.666666666667%;;\" class=\"flip-img-wrap none-effect\"><img decoding=\"async\" src=\"https:\/\/lps-photography.de\/wp-content\/uploads\/2019\/08\/Port-Verd-del-Mar-Hochzeit-Mallorca-Hochzeitsfotograf-20-650x433.jpg\" alt=\"Braut und Br\u00e4utigam spazieren Hand in Hand am felsigen Ufer des Meeres entlang, in der N\u00e4he eines wei\u00dfen Steinpavillons, umgeben von Palmen an einem sonnigen Tag - perfekte Momente f\u00fcr einen Hochzeitsfotografen Mallorca, um Ihre unvergessliche Hochzeit auf Mallorca festzuhalten.\" data-attr=\"0\"\/><\/div><\/div><div class=\"thumb-overlay\"><div class=\"thumb-bg\" style=\"background-color:rgba(255,255,255,0);background:rgba(255,255,255,0)\"><div class=\"thumb-title-wrap display-table-cell vertical-align-middle align-center fadeIn animated\"><div class=\"thumb-title\" style=\"color:;\"><i class=\"portfolio-overlay-icon\"><\/i><\/div><\/div><\/div><\/div><\/a><\/div><\/div><div class=\"element be-hoverlay not-wide no-wide-width-height style1-hover c_to_c\" style=\"margin-bottom: 10px;\"><div class=\"element-inner\" style=\"margin-left: 10px;\"><a href=\"https:\/\/lps-photography.de\/wp-content\/uploads\/2023\/08\/Port-Verd-Mallorca-Hochzeit-10.jpg\" data-size=\"1920x1280\" data-href=\"https:\/\/lps-photography.de\/wp-content\/uploads\/2023\/08\/Port-Verd-Mallorca-Hochzeit-10.jpg\" class=\"thumb-wrap\" title=\"freie trauung im port verd del mar auf mallorca | lps photograph\"><div class=\"flip-wrap\"><div data-aspect-ratio=\"1.5\" style = \"padding-bottom : 66.666666666667%;;\" class=\"flip-img-wrap none-effect\"><img decoding=\"async\" src=\"https:\/\/lps-photography.de\/wp-content\/uploads\/2023\/08\/Port-Verd-Mallorca-Hochzeit-10-650x433.jpg\" alt=\"freie trauung im port verd del mar auf mallorca | lps photograph\" data-attr=\"0\"\/><\/div><\/div><div class=\"thumb-overlay\"><div class=\"thumb-bg\" style=\"background-color:rgba(255,255,255,0);background:rgba(255,255,255,0)\"><div class=\"thumb-title-wrap display-table-cell vertical-align-middle align-center fadeIn animated\"><div class=\"thumb-title\" style=\"color:;\"><i class=\"portfolio-overlay-icon\"><\/i><\/div><\/div><\/div><\/div><\/a><\/div><\/div><div class=\"element be-hoverlay not-wide no-wide-width-height style1-hover c_to_c\" style=\"margin-bottom: 10px;\"><div class=\"element-inner\" style=\"margin-left: 10px;\"><a href=\"https:\/\/lps-photography.de\/wp-content\/uploads\/2023\/08\/Port-Verd-Mallorca-Hochzeit-11.jpg\" data-size=\"1920x1280\" data-href=\"https:\/\/lps-photography.de\/wp-content\/uploads\/2023\/08\/Port-Verd-Mallorca-Hochzeit-11.jpg\" class=\"thumb-wrap\" title=\"trauung im port verd del mar auf mallorca | lps photography.de\"><div class=\"flip-wrap\"><div data-aspect-ratio=\"1.5\" style = \"padding-bottom : 66.666666666667%;;\" class=\"flip-img-wrap none-effect\"><img decoding=\"async\" src=\"https:\/\/lps-photography.de\/wp-content\/uploads\/2023\/08\/Port-Verd-Mallorca-Hochzeit-11-650x433.jpg\" alt=\"trauung im port verd del mar auf mallorca | lps photography.de\" data-attr=\"0\"\/><\/div><\/div><div class=\"thumb-overlay\"><div class=\"thumb-bg\" style=\"background-color:rgba(255,255,255,0);background:rgba(255,255,255,0)\"><div class=\"thumb-title-wrap display-table-cell vertical-align-middle align-center fadeIn animated\"><div class=\"thumb-title\" style=\"color:;\"><i class=\"portfolio-overlay-icon\"><\/i><\/div><\/div><\/div><\/div><\/a><\/div><\/div><div class=\"element be-hoverlay not-wide no-wide-width-height style1-hover c_to_c\" style=\"margin-bottom: 10px;\"><div class=\"element-inner\" style=\"margin-left: 10px;\"><a href=\"https:\/\/lps-photography.de\/wp-content\/uploads\/2019\/08\/Port-Verd-del-Mar-Hochzeit-Mallorca-Hochzeitsfotograf-19.jpg\" data-size=\"1200x800\" data-href=\"https:\/\/lps-photography.de\/wp-content\/uploads\/2019\/08\/Port-Verd-del-Mar-Hochzeit-Mallorca-Hochzeitsfotograf-19.jpg\" class=\"thumb-wrap\" title=\"Eine Braut und ein Br\u00e4utigam umarmen sich und l\u00e4cheln freudig an einem felsigen Ufer am Meer, mit klarem blauen Himmel, Palmen und gr\u00fcnen H\u00fcgeln im Hintergrund - ein perfekter Moment f\u00fcr Hochzeitsfotograf Mallorca w\u00e4hrend einer unvergesslichen Hochzeit auf Mallorca.\"><div class=\"flip-wrap\"><div data-aspect-ratio=\"1.5\" style = \"padding-bottom : 66.666666666667%;;\" class=\"flip-img-wrap none-effect\"><img decoding=\"async\" src=\"https:\/\/lps-photography.de\/wp-content\/uploads\/2019\/08\/Port-Verd-del-Mar-Hochzeit-Mallorca-Hochzeitsfotograf-19-650x433.jpg\" alt=\"Eine Braut und ein Br\u00e4utigam umarmen sich und l\u00e4cheln freudig an einem felsigen Ufer am Meer, mit klarem blauen Himmel, Palmen und gr\u00fcnen H\u00fcgeln im Hintergrund - ein perfekter Moment f\u00fcr Hochzeitsfotograf Mallorca w\u00e4hrend einer unvergesslichen Hochzeit auf Mallorca.\" data-attr=\"0\"\/><\/div><\/div><div class=\"thumb-overlay\"><div class=\"thumb-bg\" style=\"background-color:rgba(255,255,255,0);background:rgba(255,255,255,0)\"><div class=\"thumb-title-wrap display-table-cell vertical-align-middle align-center fadeIn animated\"><div class=\"thumb-title\" style=\"color:;\"><i class=\"portfolio-overlay-icon\"><\/i><\/div><\/div><\/div><\/div><\/a><\/div><\/div><\/div><\/div><\/div><div  class=\"tatsu-empty-space  tatsu-Hybaki-cee\" ><style>.tatsu-Hybaki-cee.tatsu-empty-space{height: 20px;}<\/style><\/div><div  class=\"tatsu-module tatsu-text-block-wrap tatsu-S1EAg_-SE\"><div class=\"tatsu-text-inner tatsu-align-center  clearfix\" ><style>.tatsu-S1EAg_-SE.tatsu-text-block-wrap .tatsu-text-inner{width: 100%;text-align: center;}.tatsu-S1EAg_-SE.tatsu-text-block-wrap .tatsu-text-inner *{font-size : 16px;}<\/style>\n<p>If you like my wedding photos, I\u2019d be delighted to receive your feedback. I\u2019d also be happy to accompany your ceremony as a <a href=\"https:\/\/lps-photography.de\/en\/hochzeitsfotograf-mallorca\/\" target=\"_blank\" rel=\"noopener noreferrer\"><strong>wedding photographer in Mallorca<\/strong><\/a>. Feel free to browse through my website to learn more about my work as a wedding photographer-or simply get in touch with me directly!<\/p>\n<\/div><\/div><\/div><\/div><div class = \"tatsu-column-bg-image-wrap\"><div class = \"tatsu-column-bg-image\" ><\/div><\/div><\/div><style>.tatsu-row > .tatsu-BkBBmIC1N.tatsu-column{width: 100%;}.tatsu-BkBBmIC1N.tatsu-column > .tatsu-column-inner > .tatsu-column-overlay{mix-blend-mode: none;}.tatsu-BkBBmIC1N > .tatsu-column-inner > .tatsu-top-divider{z-index: 9999;}.tatsu-BkBBmIC1N > .tatsu-column-inner > .tatsu-bottom-divider{z-index: 9999;}.tatsu-BkBBmIC1N > .tatsu-column-inner > .tatsu-left-divider{z-index: 9999;}.tatsu-BkBBmIC1N > .tatsu-column-inner > .tatsu-right-divider{z-index: 9999;}@media only screen and (max-width:1377px) {.tatsu-row > .tatsu-BkBBmIC1N.tatsu-column{width: 100%;}}@media only screen and (min-width:768px) and (max-width: 1024px) {.tatsu-row > .tatsu-BkBBmIC1N.tatsu-column{width: 100%;}}@media only screen and (max-width: 767px) {.tatsu-row > .tatsu-BkBBmIC1N.tatsu-column{width: 100%;}}<\/style><\/div><\/div><\/div><\/div><div class=\"tatsu-section-background-wrap\"><div class = \"tatsu-section-background\" ><\/div><\/div><style>.tatsu-B1ZBBQLAkN .tatsu-section-pad{padding: 0px 0px 29px 0px;}.tatsu-B1ZBBQLAkN > .tatsu-bottom-divider{z-index: 9999;}.tatsu-B1ZBBQLAkN > .tatsu-top-divider{z-index: 9999;}<\/style><\/div>","protected":false},"excerpt":{"rendered":"<p>Port Verd del Mar, located right by the sea, is one of the most popular wedding venues in Mallorca. Deservedly so? You\u2019ll find out here!<\/p>\n<p><a href=\"https:\/\/lps-photography.de\/en\/port-verd-del-mar-mallorca-hochzeit-direkt-am-meer\/\" class=\"more-link style3-button\">Read More<\/a><\/p>","protected":false},"author":1,"featured_media":7476,"comment_status":"open","ping_status":"open","sticky":false,"template":"","format":"standard","meta":{"_lmt_disableupdate":"","_lmt_disable":"","footnotes":""},"categories":[1397,70,1396,712,1399,6,71],"tags":[88,1401],"class_list":{"0":"post-24801","1":"post","2":"type-post","3":"status-publish","4":"format-standard","5":"has-post-thumbnail","6":"hentry","7":"category-fotografie","8":"category-wedding","9":"category-hochzeitslocation","10":"category-journal","12":"category-photography","13":"category-wedding-2","14":"tag-hochzeit"},"modified_by":null,"_links":{"self":[{"href":"https:\/\/lps-photography.de\/en\/wp-json\/wp\/v2\/posts\/24801","targetHints":{"allow":["GET"]}}],"collection":[{"href":"https:\/\/lps-photography.de\/en\/wp-json\/wp\/v2\/posts"}],"about":[{"href":"https:\/\/lps-photography.de\/en\/wp-json\/wp\/v2\/types\/post"}],"author":[{"embeddable":true,"href":"https:\/\/lps-photography.de\/en\/wp-json\/wp\/v2\/users\/1"}],"replies":[{"embeddable":true,"href":"https:\/\/lps-photography.de\/en\/wp-json\/wp\/v2\/comments?post=24801"}],"version-history":[{"count":0,"href":"https:\/\/lps-photography.de\/en\/wp-json\/wp\/v2\/posts\/24801\/revisions"}],"wp:featuredmedia":[{"embeddable":true,"href":"https:\/\/lps-photography.de\/en\/wp-json\/wp\/v2\/media\/7476"}],"wp:attachment":[{"href":"https:\/\/lps-photography.de\/en\/wp-json\/wp\/v2\/media?parent=24801"}],"wp:term":[{"taxonomy":"category","embeddable":true,"href":"https:\/\/lps-photography.de\/en\/wp-json\/wp\/v2\/categories?post=24801"},{"taxonomy":"post_tag","embeddable":true,"href":"https:\/\/lps-photography.de\/en\/wp-json\/wp\/v2\/tags?post=24801"}],"curies":[{"name":"wp","href":"https:\/\/api.w.org\/{rel}","templated":true}]}}