{"id":24691,"date":"2025-08-31T09:58:37","date_gmt":"2025-08-31T08:58:37","guid":{"rendered":"https:\/\/lps-photography.de\/?p=24691"},"modified":"2025-09-01T10:10:40","modified_gmt":"2025-09-01T09:10:40","slug":"traeumeria-son-moll-hochzeit-auf-wolke-7","status":"publish","type":"post","link":"https:\/\/lps-photography.de\/en\/traeumeria-son-moll-hochzeit-auf-wolke-7\/","title":{"rendered":"Tr\u00e4umeria Son Moll: Wedding on Cloud 7"},"content":{"rendered":"<div  class=\"tatsu-SybkbHO3uB tatsu-section    tatsu-clearfix\" data-title=\"\"  data-headerscheme=\"background--dark\"><div class='tatsu-section-pad clearfix' data-padding='{\"d\":\"0px 0px 20px 0px\"}' data-padding-top='0px'><div class=\"tatsu-row-wrap  tatsu-wrap tatsu-row-one-col tatsu-row-has-one-cols tatsu-medium-gutter tatsu-reg-cols  tatsu-clearfix tatsu-rJgJWBd3OH\" ><div  class=\"tatsu-row\" ><div  class=\"tatsu-column  tatsu-column-no-bg tatsu-one-col tatsu-column-image-none tatsu-column-effect-none  tatsu-BkkZHO3uS\"  data-parallax-speed=\"0\" style=\"\"><div class=\"tatsu-column-inner\" ><div class=\"tatsu-column-pad-wrap\"><div class=\"tatsu-column-pad\" ><div  class=\"tatsu-module tatsu-text-block-wrap tatsu-SJOAQF2dr\"><div class=\"tatsu-text-inner tatsu-align-center  clearfix\" ><style>.tatsu-SJOAQF2dr.tatsu-text-block-wrap .tatsu-text-inner{width: 100%;text-align: left;}<\/style>\n<p><!--more--><\/p>\n<\/div><\/div><div  class=\"special-heading-wrap style1 oshine-module  tatsu-B1MbwHJcS\" ><div class=\"special-heading align-center\"><h1 class=\"special-h-tag\" >Tr\u00e4umeria Son Moll: A Wedding on Cloud 7<\/h1><div class=\"sub-title margin-bottom  special-subtitle\">\n<p>Tr\u00e4umeria Son Moll and its \u2018Cloud 7\u2019 in Cala Ratjada: This is how to celebrate a wedding with sea views and genuine warmth in Mallorca!<\/p>\n<\/div><div class=\"sep-with-icon-wrap margin-bottom\"><span class=\"sep-with-icon\" ><\/span><i class=\"sep-icon font-icon oshine_diamond\"><\/i><span class=\"sep-with-icon\" ><\/span><\/div><\/div><style>.tatsu-B1MbwHJcS .sep-icon.oshine_diamond{background: rgba(45,97,159,1);}.tatsu-B1MbwHJcS .sep-with-icon{height: 1px;width: 20px;background: #efefef;}<\/style><\/div><div  class=\"tatsu-module tatsu-text-block-wrap tatsu-H112HOhuS\"><div class=\"tatsu-text-inner tatsu-align-center  clearfix\" ><style>.tatsu-H112HOhuS.tatsu-text-block-wrap .tatsu-text-inner{width: 80%;text-align: center;}.tatsu-H112HOhuS.tatsu-text-block-wrap .tatsu-text-inner *{font-size : 16px;}@media only screen and (max-width: 767px) {.tatsu-H112HOhuS.tatsu-text-block-wrap .tatsu-text-inner{width: 100%;}}<\/style>\n<p>Getting married by the sea &#8211; or at least with a direct view of the turquoise-blue Mediterranean. That\u2019s exactly what Tr\u00e4umeria Son Moll offers with its rooftop terrace \u2018Cloud 7,\u2019 in a warm and welcoming atmosphere that\u2019s truly unique in Mallorca! If you\u2019re looking for a wedding venue in Mallorca with sea views, be sure to keep reading!<\/p>\n<\/div><\/div><\/div><\/div><div class = \"tatsu-column-bg-image-wrap\"><div class = \"tatsu-column-bg-image\" ><\/div><\/div><\/div><style>.tatsu-row > .tatsu-BkkZHO3uS.tatsu-column{width: 100%;}.tatsu-BkkZHO3uS.tatsu-column > .tatsu-column-inner > .tatsu-column-overlay{mix-blend-mode: none;}.tatsu-BkkZHO3uS > .tatsu-column-inner > .tatsu-top-divider{z-index: 9999;}.tatsu-BkkZHO3uS > .tatsu-column-inner > .tatsu-bottom-divider{z-index: 9999;}.tatsu-BkkZHO3uS > .tatsu-column-inner > .tatsu-left-divider{z-index: 9999;}.tatsu-BkkZHO3uS > .tatsu-column-inner > .tatsu-right-divider{z-index: 9999;}@media only screen and (max-width:1377px) {.tatsu-row > .tatsu-BkkZHO3uS.tatsu-column{width: 100%;}}@media only screen and (min-width:768px) and (max-width: 1024px) {.tatsu-row > .tatsu-BkkZHO3uS.tatsu-column{width: 100%;}}@media only screen and (max-width: 767px) {.tatsu-row > .tatsu-BkkZHO3uS.tatsu-column{width: 100%;}}<\/style><\/div><\/div><\/div><\/div><div class=\"tatsu-section-background-wrap\"><div class = \"tatsu-section-background\" ><\/div><\/div><style>.tatsu-SybkbHO3uB .tatsu-section-pad{padding: 0px 0px 20px 0px;}.tatsu-SybkbHO3uB > .tatsu-bottom-divider{z-index: 9999;}.tatsu-SybkbHO3uB > .tatsu-top-divider{z-index: 9999;}<\/style><\/div><div  class=\"tatsu-HJ-_aU_2dr tatsu-section    tatsu-clearfix\" data-title=\"\"  data-headerscheme=\"background--dark\"><div class='tatsu-section-pad clearfix' data-padding='{\"d\":\"0px 0px 0px 0px\"}' data-padding-top='0px'><div class=\"tatsu-row-wrap  tatsu-row-full-width tatsu-row-one-col tatsu-row-has-one-cols tatsu-medium-gutter tatsu-reg-cols  tatsu-clearfix tatsu-H1g_6LdhuB\" ><div  class=\"tatsu-row\" ><div  class=\"tatsu-column  tatsu-column-no-bg tatsu-one-col tatsu-column-image-none tatsu-column-effect-none  tatsu-ryuTIu2uS\"  data-parallax-speed=\"0\" style=\"\"><div class=\"tatsu-column-inner\" ><div class=\"tatsu-column-pad-wrap\"><div class=\"tatsu-column-pad\" ><div  class=\"portfolio-all-wrap  oshine-gallery-module 0 tatsu-H12vn94Tn\" ><div class=\"portfolio  full-screen  full-screen-gutter style2-gutter three-col masonry_enable\" style=\"margin-left: -10px;\"  data-action=\"get_be_gallery_with_pagination\"  data-paged=\"1\" data-enable-masonry=\"1\" data-aspect-ratio = \"1.6\" data-source='{\"source\":\"selected\",\"account_name\":\"themeforest\",\"count\":\"10\",\"col\":\"three\",\"masonry\":\"1\"}' data-gutter-width=\"10\"  data-images-array=\"21070,21068,21034\" data-col=\"three\" data-items-per-load=\"9\" data-hover-style=\"style1-hover\" data-image-grayscale=\"c_to_c\" data-lightbox-type=\"photoswipe\" data-image-source=\"selected\" data-image-effect=\"none\" data-thumb-overlay-color=\"rgba(255,255,255,0)\" data-grad-style-color=\"background:rgba(255,255,255,0)\" data-like-button=\"1\" data-hover-content=\"icon\" data-hover-content-color=\"\" ><div class=\"portfolio-container clickable clearfix portfolio-shortcode be-photoswipe-gallery scale\"><div class=\"element be-hoverlay not-wide no-wide-width-height style1-hover c_to_c\" style=\"margin-bottom: 10px;\"><div class=\"element-inner\" style=\"margin-left: 10px;\"><a href=\"https:\/\/lps-photography.de\/wp-content\/uploads\/2023\/07\/Wolke-7-traeumeria-Son-Moll-Mallorca-14-1.jpg\" data-size=\"1067x1600\" data-href=\"https:\/\/lps-photography.de\/wp-content\/uploads\/2023\/07\/Wolke-7-traeumeria-Son-Moll-Mallorca-14-1.jpg\" class=\"thumb-wrap\" title=\"Eine l\u00e4chelnde Braut in einem wei\u00dfen Spitzenkleid und Schleier steht Arm in Arm mit einem Br\u00e4utigam in einem hellblauen Anzug und wei\u00dfen Turnschuhen. Ihre verspielte Pose auf einem sonnenbeschienenen Weg, umgeben von Gr\u00fcn, f\u00e4ngt die Freude an einer Hochzeit auf Mallorca ein.\"><div class=\"flip-wrap\"><div data-aspect-ratio=\"0.67\" style = \"padding-bottom : 149.95313964386%;;\" class=\"flip-img-wrap none-effect\"><img decoding=\"async\" src=\"https:\/\/lps-photography.de\/wp-content\/uploads\/2023\/07\/Wolke-7-traeumeria-Son-Moll-Mallorca-14-1-650x975.jpg\" alt=\"Eine l\u00e4chelnde Braut in einem wei\u00dfen Spitzenkleid und Schleier steht Arm in Arm mit einem Br\u00e4utigam in einem hellblauen Anzug und wei\u00dfen Turnschuhen. Ihre verspielte Pose auf einem sonnenbeschienenen Weg, umgeben von Gr\u00fcn, f\u00e4ngt die Freude an einer Hochzeit auf Mallorca ein.\" data-attr=\"0\"\/><\/div><\/div><div class=\"thumb-overlay\"><div class=\"thumb-bg\" style=\"background-color:rgba(255,255,255,0);background:rgba(255,255,255,0)\"><div class=\"thumb-title-wrap display-table-cell vertical-align-middle align-center fadeIn animated\"><div class=\"thumb-title\" style=\"color:;\"><i class=\"portfolio-overlay-icon\"><\/i><\/div><\/div><\/div><\/div><\/a><\/div><\/div><div class=\"element be-hoverlay not-wide no-wide-width-height style1-hover c_to_c\" style=\"margin-bottom: 10px;\"><div class=\"element-inner\" style=\"margin-left: 10px;\"><a href=\"https:\/\/lps-photography.de\/wp-content\/uploads\/2023\/07\/Wolke-7-traeumeria-Son-Moll-Mallorca-32.jpg\" data-size=\"1067x1600\" data-href=\"https:\/\/lps-photography.de\/wp-content\/uploads\/2023\/07\/Wolke-7-traeumeria-Son-Moll-Mallorca-32.jpg\" class=\"thumb-wrap\" title=\"Eine Braut und ein Br\u00e4utigam stehen sich w\u00e4hrend einer Hochzeit im Freien auf Mallorca am Meer h\u00e4ndchenhaltend gegen\u00fcber, mit einem geschm\u00fcckten Bogen und einem Geistlichen im Hintergrund. Auf ihren St\u00fchlen stehen \"Brautigam\" und \"Braut\".\"><div class=\"flip-wrap\"><div data-aspect-ratio=\"0.67\" style = \"padding-bottom : 149.95313964386%;;\" class=\"flip-img-wrap none-effect\"><img decoding=\"async\" src=\"https:\/\/lps-photography.de\/wp-content\/uploads\/2023\/07\/Wolke-7-traeumeria-Son-Moll-Mallorca-32-650x975.jpg\" alt=\"Eine Braut und ein Br\u00e4utigam stehen sich w\u00e4hrend einer Hochzeit im Freien auf Mallorca am Meer h\u00e4ndchenhaltend gegen\u00fcber, mit einem geschm\u00fcckten Bogen und einem Geistlichen im Hintergrund. Auf ihren St\u00fchlen stehen \"Brautigam\" und \"Braut\".\" data-attr=\"0\"\/><\/div><\/div><div class=\"thumb-overlay\"><div class=\"thumb-bg\" style=\"background-color:rgba(255,255,255,0);background:rgba(255,255,255,0)\"><div class=\"thumb-title-wrap display-table-cell vertical-align-middle align-center fadeIn animated\"><div class=\"thumb-title\" style=\"color:;\"><i class=\"portfolio-overlay-icon\"><\/i><\/div><\/div><\/div><\/div><\/a><\/div><\/div><div class=\"element be-hoverlay not-wide no-wide-width-height style1-hover c_to_c\" style=\"margin-bottom: 10px;\"><div class=\"element-inner\" style=\"margin-left: 10px;\"><a href=\"https:\/\/lps-photography.de\/wp-content\/uploads\/2023\/07\/Wolke-7-traeumeria-Son-Moll-Mallorca-34.jpg\" data-size=\"1066x1600\" data-href=\"https:\/\/lps-photography.de\/wp-content\/uploads\/2023\/07\/Wolke-7-traeumeria-Son-Moll-Mallorca-34.jpg\" class=\"thumb-wrap\" title=\"Eine Braut in einem wei\u00dfen Spitzenkleid l\u00e4chelt freudig, w\u00e4hrend ihr Br\u00e4utigam in einem hellblauen Anzug sie auf die Wange k\u00fcsst. Aufgenommen von einem Hochzeitsfotograf Mallorca, halten sie H\u00e4ndchen und strahlen gl\u00fccklich auf ihrer Hochzeit auf Mallorca.\"><div class=\"flip-wrap\"><div data-aspect-ratio=\"0.67\" style = \"padding-bottom : 150.09380863039%;;\" class=\"flip-img-wrap none-effect\"><img decoding=\"async\" src=\"https:\/\/lps-photography.de\/wp-content\/uploads\/2023\/07\/Wolke-7-traeumeria-Son-Moll-Mallorca-34-650x976.jpg\" alt=\"Eine Braut in einem wei\u00dfen Spitzenkleid l\u00e4chelt freudig, w\u00e4hrend ihr Br\u00e4utigam in einem hellblauen Anzug sie auf die Wange k\u00fcsst. Aufgenommen von einem Hochzeitsfotograf Mallorca, halten sie H\u00e4ndchen und strahlen gl\u00fccklich auf ihrer Hochzeit auf Mallorca.\" data-attr=\"0\"\/><\/div><\/div><div class=\"thumb-overlay\"><div class=\"thumb-bg\" style=\"background-color:rgba(255,255,255,0);background:rgba(255,255,255,0)\"><div class=\"thumb-title-wrap display-table-cell vertical-align-middle align-center fadeIn animated\"><div class=\"thumb-title\" style=\"color:;\"><i class=\"portfolio-overlay-icon\"><\/i><\/div><\/div><\/div><\/div><\/a><\/div><\/div><\/div><\/div><\/div><\/div><\/div><div class = \"tatsu-column-bg-image-wrap\"><div class = \"tatsu-column-bg-image\" ><\/div><\/div><\/div><style>.tatsu-row > .tatsu-ryuTIu2uS.tatsu-column{width: 100%;}.tatsu-ryuTIu2uS.tatsu-column > .tatsu-column-inner > .tatsu-column-overlay{mix-blend-mode: none;}.tatsu-ryuTIu2uS > .tatsu-column-inner > .tatsu-top-divider{z-index: 9999;}.tatsu-ryuTIu2uS > .tatsu-column-inner > .tatsu-bottom-divider{z-index: 9999;}.tatsu-ryuTIu2uS > .tatsu-column-inner > .tatsu-left-divider{z-index: 9999;}.tatsu-ryuTIu2uS > .tatsu-column-inner > .tatsu-right-divider{z-index: 9999;}@media only screen and (max-width:1377px) {.tatsu-row > .tatsu-ryuTIu2uS.tatsu-column{width: 100%;}}@media only screen and (min-width:768px) and (max-width: 1024px) {.tatsu-row > .tatsu-ryuTIu2uS.tatsu-column{width: 100%;}}@media only screen and (max-width: 767px) {.tatsu-row > .tatsu-ryuTIu2uS.tatsu-column{width: 100%;}}<\/style><\/div><\/div><\/div><\/div><div class=\"tatsu-section-background-wrap\"><div class = \"tatsu-section-background\" ><\/div><\/div><style>.tatsu-HJ-_aU_2dr > .tatsu-bottom-divider{z-index: 9999;}.tatsu-HJ-_aU_2dr > .tatsu-top-divider{z-index: 9999;}<\/style><\/div><div  class=\"tatsu-rkfmXQsOlx tatsu-section  tatsu-bg-overlay   tatsu-clearfix\" data-title=\"\"  data-headerscheme=\"background--dark\"><div class='tatsu-section-pad clearfix' data-padding='{\"d\":\"21px 0px 6px 0px\"}' data-padding-top='21px'><\/div><div class=\"tatsu-section-background-wrap\"><div class = \"tatsu-section-background\" ><\/div><\/div><div class=\"tatsu-overlay tatsu-section-overlay\"><\/div><style>.tatsu-rkfmXQsOlx .tatsu-section-pad{padding: 21px 0px 6px 0px;}.tatsu-rkfmXQsOlx .tatsu-section-offset-wrap{transform: translateY(-0px);}.tatsu-rkfmXQsOlx > .tatsu-bottom-divider{z-index: 9999;}.tatsu-rkfmXQsOlx > .tatsu-top-divider{z-index: 9999;}.tatsu-rkfmXQsOlx .tatsu-section-overlay{mix-blend-mode: normal;}<\/style><\/div><div  class=\"tatsu-SyZJY4u2dB tatsu-section    tatsu-clearfix\" data-title=\"\"  data-headerscheme=\"background--dark\"><div class='tatsu-section-pad clearfix' data-padding='{\"d\":\"0px 0px 40px 0px\",\"m\":\"0px 0px 22px 0px\"}' data-padding-top='0px'><div class=\"tatsu-row-wrap  tatsu-wrap tatsu-row-one-col tatsu-row-has-one-cols tatsu-medium-gutter tatsu-reg-cols  tatsu-clearfix tatsu-BkgJF4uhOB\" ><div  class=\"tatsu-row\" ><div  class=\"tatsu-column  tatsu-column-no-bg tatsu-one-col tatsu-column-image-none tatsu-column-effect-none  tatsu-ryJtNO2OS\"  data-parallax-speed=\"0\" style=\"\"><div class=\"tatsu-column-inner\" ><div class=\"tatsu-column-pad-wrap\"><div class=\"tatsu-column-pad\" ><div  class=\"tatsu-module tatsu-text-block-wrap tatsu-Hk4FN_n_B\"><div class=\"tatsu-text-inner tatsu-align-center  clearfix\" ><style>.tatsu-Hk4FN_n_B.tatsu-text-block-wrap .tatsu-text-inner{width: 100%;text-align: left;}.tatsu-Hk4FN_n_B.tatsu-text-block-wrap{margin: 0px 0px 0px 0px;}.tatsu-Hk4FN_n_B.tatsu-text-block-wrap .tatsu-text-inner *{font-size : 24px;}@media only screen and (max-width: 767px) {.tatsu-Hk4FN_n_B.tatsu-text-block-wrap .tatsu-text-inner{width: 100%;}}<\/style>\n<h2>Getting Married at Tr\u00e4umeria Son Moll<\/h2>\n<\/div><\/div><div  class=\"tatsu-module tatsu-text-block-wrap tatsu-S1j9sAzcxg\"><div class=\"tatsu-text-inner tatsu-align-center  clearfix\" ><style>.tatsu-S1j9sAzcxg.tatsu-text-block-wrap .tatsu-text-inner{width: 100%;text-align: left;}.tatsu-S1j9sAzcxg.tatsu-text-block-wrap{margin: 0px 0px 20px 0px;}.tatsu-S1j9sAzcxg.tatsu-text-block-wrap .tatsu-text-inner *{font-size : 16px;}@media only screen and (max-width: 767px) {.tatsu-S1j9sAzcxg.tatsu-text-block-wrap .tatsu-text-inner{width: 100%;}}<\/style>\n<p>First things first: Tr\u00e4umeria Son Moll in Cala Ratjada has quickly become one of my absolute favorite venues as a <a title=\"Wedding Photographer Mallorca\" href=\"https:\/\/lps-photography.de\/en\/\"><strong>wedding photographer in Mallorca<\/strong><\/a>. Venues with sea views are relatively rare here &#8211; and even rarer are the ones that are truly outstanding. The \u201cCloud 7\u201d rooftop terrace at Tr\u00e4umeria is completely different. Everything simply comes together here: wonderfully warm hosts, excellent service, breathtaking views, and truly delicious food. Yes, there are other seaside restaurants along the east coast where you can celebrate a wedding beautifully. But to be cared for with such genuine warmth as you are here is something truly special:<\/p>\n<ul>\n<li>Exclusive rooftop terrace for the ceremony and wedding dinner<\/li>\n<li>Garden reserved just for you for the champagne reception<\/li>\n<li>All services of Tr\u00e4umeria at an all-inclusive price<\/li>\n<\/ul>\n<\/div><\/div><div  class=\"tatsu-module tatsu-text-block-wrap tatsu-r1NknCG5le\"><div class=\"tatsu-text-inner tatsu-align-center  clearfix\" ><style>.tatsu-r1NknCG5le.tatsu-text-block-wrap .tatsu-text-inner{width: 100%;text-align: left;}.tatsu-r1NknCG5le.tatsu-text-block-wrap{margin: 0px 0px 0px 0px;}.tatsu-r1NknCG5le.tatsu-text-block-wrap .tatsu-text-inner *{font-size : 24px;}@media only screen and (max-width: 767px) {.tatsu-r1NknCG5le.tatsu-text-block-wrap .tatsu-text-inner{width: 100%;}}<\/style>\n<h2>A Blue Wedding in Cala Ratjada<\/h2>\n<\/div><\/div><div  class=\"tatsu-module tatsu-text-block-wrap tatsu-BJKgh0Gqee\"><div class=\"tatsu-text-inner tatsu-align-center  clearfix\" ><style>.tatsu-BJKgh0Gqee.tatsu-text-block-wrap .tatsu-text-inner{width: 100%;text-align: left;}.tatsu-BJKgh0Gqee.tatsu-text-block-wrap .tatsu-text-inner *{font-size : 16px;}@media only screen and (max-width: 767px) {.tatsu-BJKgh0Gqee.tatsu-text-block-wrap .tatsu-text-inner{width: 100%;}}<\/style>\n<p>Here, you won\u2019t find lunch being served to guests in swim trunks while you\u2019re walking down the aisle &#8211; and yes, that really does happen not far from here. Instead, you\u2019ll have the place all to yourselves, while still being right in the middle of it all. In beautiful Cala Ratjada, with its perfect holiday infrastructure. A <a title=\"Finca Wedding Mallorca\" href=\"https:\/\/lps-photography.de\/finca-hochzeit-mallorca\/\"><strong>finca wedding<\/strong><\/a> simply isn\u2019t the right fit for everyone. But for those looking for a full-service wedding venue by the sea, this is the ideal choice. From the welcome drink to the <a href=\"https:\/\/lps-photography.de\/freie-trauung-mallorca\/\"><strong>symbolic ceremony<\/strong><\/a>, to flying tapas at sunset and beyond. The motto \u201cLa Familia\u201d of the lovely hosts Petra and Manni can be felt throughout &#8211; which is exactly why I\u2019m always delighted to see Tr\u00e4umeria Son Moll appear in my calendar!<\/p>\n<\/div><\/div><div  class=\"tatsu-empty-space  tatsu-H10eoAM5eg\" ><style>.tatsu-H10eoAM5eg.tatsu-empty-space{height: 20px;}<\/style><\/div><div  class=\"portfolio-all-wrap  oshine-gallery-module 0 tatsu-BJ7nl4So3\" ><div class=\"portfolio  portfolio-two-col-mobile full-screen  full-screen-gutter style2-gutter three-col masonry_enable\" style=\"margin-left: -10px;\"  data-action=\"get_be_gallery_with_pagination\"  data-paged=\"1\" data-enable-masonry=\"1\" data-aspect-ratio = \"1.6\" data-source='{\"source\":\"selected\",\"account_name\":\"themeforest\",\"count\":\"10\",\"col\":\"three\",\"masonry\":\"1\"}' data-gutter-width=\"10\"  data-images-array=\"21990,21996,21991,21992,21994,21995,21997\" data-col=\"three\" data-items-per-load=\"9\" data-hover-style=\"style1-hover\" data-image-grayscale=\"c_to_c\" data-lightbox-type=\"photoswipe\" data-image-source=\"selected\" data-image-effect=\"none\" data-thumb-overlay-color=\"rgba(255,255,255,0)\" data-grad-style-color=\"background:rgba(255,255,255,0)\" data-like-button=\"1\" data-hover-content=\"icon\" data-hover-content-color=\"\" ><div class=\"portfolio-container clickable clearfix portfolio-shortcode be-photoswipe-gallery scale\"><div class=\"element be-hoverlay not-wide no-wide-width-height style1-hover c_to_c\" style=\"margin-bottom: 10px;\"><div class=\"element-inner\" style=\"margin-left: 10px;\"><a href=\"https:\/\/lps-photography.de\/wp-content\/uploads\/2023\/08\/Traeumeria-Son-Moll-Cala-Ratjada.jpg\" data-size=\"1067x1600\" data-href=\"https:\/\/lps-photography.de\/wp-content\/uploads\/2023\/08\/Traeumeria-Son-Moll-Cala-Ratjada.jpg\" class=\"thumb-wrap\" title=\"hochzeit in der traeumeria son moll wolke 7 auf mallorca | l\"><div class=\"flip-wrap\"><div data-aspect-ratio=\"0.67\" style = \"padding-bottom : 149.95313964386%;;\" class=\"flip-img-wrap none-effect\"><img decoding=\"async\" src=\"https:\/\/lps-photography.de\/wp-content\/uploads\/2023\/08\/Traeumeria-Son-Moll-Cala-Ratjada-650x975.jpg\" alt=\"hochzeit in der traeumeria son moll wolke 7 auf mallorca | l\" data-attr=\"0\"\/><\/div><\/div><div class=\"thumb-overlay\"><div class=\"thumb-bg\" style=\"background-color:rgba(255,255,255,0);background:rgba(255,255,255,0)\"><div class=\"thumb-title-wrap display-table-cell vertical-align-middle align-center fadeIn animated\"><div class=\"thumb-title\" style=\"color:;\"><i class=\"portfolio-overlay-icon\"><\/i><\/div><\/div><\/div><\/div><\/a><\/div><\/div><div class=\"element be-hoverlay not-wide no-wide-width-height style1-hover c_to_c\" style=\"margin-bottom: 10px;\"><div class=\"element-inner\" style=\"margin-left: 10px;\"><a href=\"https:\/\/lps-photography.de\/wp-content\/uploads\/2023\/08\/Traeumeria-Son-Moll-Cala-Ratjada-7.jpg\" data-size=\"1067x1600\" data-href=\"https:\/\/lps-photography.de\/wp-content\/uploads\/2023\/08\/Traeumeria-Son-Moll-Cala-Ratjada-7.jpg\" class=\"thumb-wrap\" title=\"hochzeit in der traeumeria son moll wolke 7 auf mallorca | l\"><div class=\"flip-wrap\"><div data-aspect-ratio=\"0.67\" style = \"padding-bottom : 149.95313964386%;;\" class=\"flip-img-wrap none-effect\"><img decoding=\"async\" src=\"https:\/\/lps-photography.de\/wp-content\/uploads\/2023\/08\/Traeumeria-Son-Moll-Cala-Ratjada-7-650x975.jpg\" alt=\"hochzeit in der traeumeria son moll wolke 7 auf mallorca | l\" data-attr=\"0\"\/><\/div><\/div><div class=\"thumb-overlay\"><div class=\"thumb-bg\" style=\"background-color:rgba(255,255,255,0);background:rgba(255,255,255,0)\"><div class=\"thumb-title-wrap display-table-cell vertical-align-middle align-center fadeIn animated\"><div class=\"thumb-title\" style=\"color:;\"><i class=\"portfolio-overlay-icon\"><\/i><\/div><\/div><\/div><\/div><\/a><\/div><\/div><div class=\"element be-hoverlay not-wide no-wide-width-height style1-hover c_to_c\" style=\"margin-bottom: 10px;\"><div class=\"element-inner\" style=\"margin-left: 10px;\"><a href=\"https:\/\/lps-photography.de\/wp-content\/uploads\/2023\/08\/Traeumeria-Son-Moll-Cala-Ratjada-2.jpg\" data-size=\"1067x1600\" data-href=\"https:\/\/lps-photography.de\/wp-content\/uploads\/2023\/08\/Traeumeria-Son-Moll-Cala-Ratjada-2.jpg\" class=\"thumb-wrap\" title=\"hochzeit in der traeumeria son moll wolke 7 auf mallorca | l\"><div class=\"flip-wrap\"><div data-aspect-ratio=\"0.67\" style = \"padding-bottom : 149.95313964386%;;\" class=\"flip-img-wrap none-effect\"><img decoding=\"async\" src=\"https:\/\/lps-photography.de\/wp-content\/uploads\/2023\/08\/Traeumeria-Son-Moll-Cala-Ratjada-2-650x975.jpg\" alt=\"hochzeit in der traeumeria son moll wolke 7 auf mallorca | l\" data-attr=\"0\"\/><\/div><\/div><div class=\"thumb-overlay\"><div class=\"thumb-bg\" style=\"background-color:rgba(255,255,255,0);background:rgba(255,255,255,0)\"><div class=\"thumb-title-wrap display-table-cell vertical-align-middle align-center fadeIn animated\"><div class=\"thumb-title\" style=\"color:;\"><i class=\"portfolio-overlay-icon\"><\/i><\/div><\/div><\/div><\/div><\/a><\/div><\/div><div class=\"element be-hoverlay not-wide no-wide-width-height style1-hover c_to_c\" style=\"margin-bottom: 10px;\"><div class=\"element-inner\" style=\"margin-left: 10px;\"><a href=\"https:\/\/lps-photography.de\/wp-content\/uploads\/2023\/08\/Traeumeria-Son-Moll-Cala-Ratjada-3.jpg\" data-size=\"1067x1600\" data-href=\"https:\/\/lps-photography.de\/wp-content\/uploads\/2023\/08\/Traeumeria-Son-Moll-Cala-Ratjada-3.jpg\" class=\"thumb-wrap\" title=\"hochzeit in der traeumeria son moll wolke 7 auf mallorca | l\"><div class=\"flip-wrap\"><div data-aspect-ratio=\"0.67\" style = \"padding-bottom : 149.95313964386%;;\" class=\"flip-img-wrap none-effect\"><img decoding=\"async\" src=\"https:\/\/lps-photography.de\/wp-content\/uploads\/2023\/08\/Traeumeria-Son-Moll-Cala-Ratjada-3-650x975.jpg\" alt=\"hochzeit in der traeumeria son moll wolke 7 auf mallorca | l\" data-attr=\"0\"\/><\/div><\/div><div class=\"thumb-overlay\"><div class=\"thumb-bg\" style=\"background-color:rgba(255,255,255,0);background:rgba(255,255,255,0)\"><div class=\"thumb-title-wrap display-table-cell vertical-align-middle align-center fadeIn animated\"><div class=\"thumb-title\" style=\"color:;\"><i class=\"portfolio-overlay-icon\"><\/i><\/div><\/div><\/div><\/div><\/a><\/div><\/div><div class=\"element be-hoverlay not-wide no-wide-width-height style1-hover c_to_c\" style=\"margin-bottom: 10px;\"><div class=\"element-inner\" style=\"margin-left: 10px;\"><a href=\"https:\/\/lps-photography.de\/wp-content\/uploads\/2023\/08\/Traeumeria-Son-Moll-Cala-Ratjada-5.jpg\" data-size=\"1067x1600\" data-href=\"https:\/\/lps-photography.de\/wp-content\/uploads\/2023\/08\/Traeumeria-Son-Moll-Cala-Ratjada-5.jpg\" class=\"thumb-wrap\" title=\"hochzeit in der traeumeria son moll wolke 7 auf mallorca | l\"><div class=\"flip-wrap\"><div data-aspect-ratio=\"0.67\" style = \"padding-bottom : 149.95313964386%;;\" class=\"flip-img-wrap none-effect\"><img decoding=\"async\" src=\"https:\/\/lps-photography.de\/wp-content\/uploads\/2023\/08\/Traeumeria-Son-Moll-Cala-Ratjada-5-650x975.jpg\" alt=\"hochzeit in der traeumeria son moll wolke 7 auf mallorca | l\" data-attr=\"0\"\/><\/div><\/div><div class=\"thumb-overlay\"><div class=\"thumb-bg\" style=\"background-color:rgba(255,255,255,0);background:rgba(255,255,255,0)\"><div class=\"thumb-title-wrap display-table-cell vertical-align-middle align-center fadeIn animated\"><div class=\"thumb-title\" style=\"color:;\"><i class=\"portfolio-overlay-icon\"><\/i><\/div><\/div><\/div><\/div><\/a><\/div><\/div><div class=\"element be-hoverlay not-wide no-wide-width-height style1-hover c_to_c\" style=\"margin-bottom: 10px;\"><div class=\"element-inner\" style=\"margin-left: 10px;\"><a href=\"https:\/\/lps-photography.de\/wp-content\/uploads\/2023\/08\/Traeumeria-Son-Moll-Cala-Ratjada-6.jpg\" data-size=\"1600x1067\" data-href=\"https:\/\/lps-photography.de\/wp-content\/uploads\/2023\/08\/Traeumeria-Son-Moll-Cala-Ratjada-6.jpg\" class=\"thumb-wrap\" title=\"hochzeit in der traeumeria son moll wolke 7 auf mallorca | l\"><div class=\"flip-wrap\"><div data-aspect-ratio=\"1.5\" style = \"padding-bottom : 66.6875%;;\" class=\"flip-img-wrap none-effect\"><img decoding=\"async\" src=\"https:\/\/lps-photography.de\/wp-content\/uploads\/2023\/08\/Traeumeria-Son-Moll-Cala-Ratjada-6-650x433.jpg\" alt=\"hochzeit in der traeumeria son moll wolke 7 auf mallorca | l\" data-attr=\"0\"\/><\/div><\/div><div class=\"thumb-overlay\"><div class=\"thumb-bg\" style=\"background-color:rgba(255,255,255,0);background:rgba(255,255,255,0)\"><div class=\"thumb-title-wrap display-table-cell vertical-align-middle align-center fadeIn animated\"><div class=\"thumb-title\" style=\"color:;\"><i class=\"portfolio-overlay-icon\"><\/i><\/div><\/div><\/div><\/div><\/a><\/div><\/div><div class=\"element be-hoverlay not-wide no-wide-width-height style1-hover c_to_c\" style=\"margin-bottom: 10px;\"><div class=\"element-inner\" style=\"margin-left: 10px;\"><a href=\"https:\/\/lps-photography.de\/wp-content\/uploads\/2023\/08\/Traeumeria-Son-Moll-Cala-Ratjada-8.jpg\" data-size=\"1600x1067\" data-href=\"https:\/\/lps-photography.de\/wp-content\/uploads\/2023\/08\/Traeumeria-Son-Moll-Cala-Ratjada-8.jpg\" class=\"thumb-wrap\" title=\"hochzeit in der traeumeria son moll wolke 7 auf mallorca | l\"><div class=\"flip-wrap\"><div data-aspect-ratio=\"1.5\" style = \"padding-bottom : 66.6875%;;\" class=\"flip-img-wrap none-effect\"><img decoding=\"async\" src=\"https:\/\/lps-photography.de\/wp-content\/uploads\/2023\/08\/Traeumeria-Son-Moll-Cala-Ratjada-8-650x433.jpg\" alt=\"hochzeit in der traeumeria son moll wolke 7 auf mallorca | l\" data-attr=\"0\"\/><\/div><\/div><div class=\"thumb-overlay\"><div class=\"thumb-bg\" style=\"background-color:rgba(255,255,255,0);background:rgba(255,255,255,0)\"><div class=\"thumb-title-wrap display-table-cell vertical-align-middle align-center fadeIn animated\"><div class=\"thumb-title\" style=\"color:;\"><i class=\"portfolio-overlay-icon\"><\/i><\/div><\/div><\/div><\/div><\/a><\/div><\/div><\/div><\/div><\/div><div  class=\"tatsu-module tatsu-text-block-wrap tatsu-HJKS25Na2\"><div class=\"tatsu-text-inner tatsu-align-center  clearfix\" ><style>.tatsu-HJKS25Na2.tatsu-text-block-wrap .tatsu-text-inner{width: 100%;text-align: left;}.tatsu-HJKS25Na2.tatsu-text-block-wrap{margin: 10px 0px 10px 0px;}.tatsu-HJKS25Na2.tatsu-text-block-wrap .tatsu-text-inner *{font-size : 24px;}<\/style>\n<h2>Costs of a Seaside Wedding at Tr\u00e4umeria<\/h2>\n<\/div><\/div><div  class=\"tatsu-module tatsu-text-block-wrap tatsu-BytOTRM5lx\"><div class=\"tatsu-text-inner tatsu-align-center  clearfix\" ><style>.tatsu-BytOTRM5lx.tatsu-text-block-wrap .tatsu-text-inner{width: 100%;text-align: left;}.tatsu-BytOTRM5lx.tatsu-text-block-wrap{margin: 0px 0px 20px 0px;}.tatsu-BytOTRM5lx.tatsu-text-block-wrap .tatsu-text-inner *{font-size : 16px;}<\/style>\n<p>When it comes to the cost of your wedding in Mallorca, you\u2019re in excellent hands at Cloud 7 in Cala Ratjada. There\u2019s a highly competitive <strong>all-inclusive price of \u20ac249<\/strong> per person, which covers:<\/p>\n<\/div><\/div><div  class=\"tatsu-module tatsu-text-block-wrap tatsu-HJvjTAG9xg\"><div class=\"tatsu-text-inner tatsu-align-center  clearfix\" ><style>.tatsu-HJvjTAG9xg.tatsu-text-block-wrap .tatsu-text-inner{width: 100%;text-align: left;}.tatsu-HJvjTAG9xg.tatsu-text-block-wrap{margin: 0px 0px 20px 0px;}.tatsu-HJvjTAG9xg.tatsu-text-block-wrap .tatsu-text-inner *{font-size : 16px;}<\/style>\n<ul>\n<li>Champagne reception in Tr\u00e4umeria\u2019s garden (patio)<\/li>\n<li>Setup and decoration for your symbolic ceremony on the rooftop terrace<\/li>\n<li>Following aperitif with finger food and drinks on the patio<\/li>\n<li>8-course flying tapas wedding dinner<\/li>\n<li>Wedding cake<\/li>\n<li>Wines, beer, sparkling wine, up to 5 cocktails, non-alcoholic drinks, and specialty coffees<\/li>\n<li>Personalized menu cards<\/li>\n<li>Table decorations<\/li>\n<\/ul>\n<\/div><\/div><div  class=\"tatsu-module tatsu-text-block-wrap tatsu-Bkfn6AM9ge\"><div class=\"tatsu-text-inner tatsu-align-center  clearfix\" ><style>.tatsu-Bkfn6AM9ge.tatsu-text-block-wrap .tatsu-text-inner{width: 100%;text-align: left;}.tatsu-Bkfn6AM9ge.tatsu-text-block-wrap{margin: 0px 0px 20px 0px;}.tatsu-Bkfn6AM9ge.tatsu-text-block-wrap .tatsu-text-inner *{font-size : 16px;}<\/style>\n<p>Even though some wedding planners in Mallorca \u201cresell\u201d Tr\u00e4umeria, you\u2019ll quickly realize that, considering the restaurant\u2019s services, you can easily skip that. Petra and her team are happy to assist you directly with advice and support &#8211; and finding an officiant or musician is simple, or you can ask me for recommendations. You\u2019ll rarely find such a complete package for <a title=\"Seaside Weddings in Mallorca\" href=\"\/en\/?p=24500\"><strong>seaside weddings in Mallorca<\/strong><\/a> anywhere else!<\/p>\n<\/div><\/div><div  class=\"tatsu-module tatsu-text-block-wrap tatsu-BJ6TT0z5ee\"><div class=\"tatsu-text-inner tatsu-align-center  clearfix\" ><style>.tatsu-BJ6TT0z5ee.tatsu-text-block-wrap .tatsu-text-inner{width: 100%;text-align: left;}.tatsu-BJ6TT0z5ee.tatsu-text-block-wrap{margin: 0px 0px 20px 0px;}.tatsu-BJ6TT0z5ee.tatsu-text-block-wrap .tatsu-text-inner *{font-size : 16px;}<\/style>\n<p>And if you\u2019re a bit flexible with dates: on Mondays, the whole package is available for just \u20ac199 per person! There\u2019s also a fantastic option for a <a href=\"https:\/\/lps-photography.de\/heiraten-auf-mallorca-zu-zweit\/\"><strong>small wedding in Mallorca<\/strong><\/a>: from Tuesday to Thursday afternoons, you can book the ceremony and champagne reception with finger food for up to 10 people at a flat rate of \u20ac500!<\/p>\n<\/div><\/div><div  class=\"tatsu-module tatsu-text-block-wrap tatsu-Bk9eCAMclg\"><div class=\"tatsu-text-inner tatsu-align-center  clearfix\" ><style>.tatsu-Bk9eCAMclg.tatsu-text-block-wrap .tatsu-text-inner{width: 100%;text-align: left;}.tatsu-Bk9eCAMclg.tatsu-text-block-wrap{margin: 10px 0px 10px 0px;}.tatsu-Bk9eCAMclg.tatsu-text-block-wrap .tatsu-text-inner *{font-size : 24px;}<\/style>\n<h2>Tr\u00e4umeria: The Perfect Seaside Venue?<\/h2>\n<\/div><\/div><div  class=\"tatsu-module tatsu-text-block-wrap tatsu-SyFZCAz5xx\"><div class=\"tatsu-text-inner tatsu-align-center  clearfix\" ><style>.tatsu-SyFZCAz5xx.tatsu-text-block-wrap .tatsu-text-inner{width: 100%;text-align: left;}.tatsu-SyFZCAz5xx.tatsu-text-block-wrap{margin: 0px 0px 20px 0px;}.tatsu-SyFZCAz5xx.tatsu-text-block-wrap .tatsu-text-inner *{font-size : 16px;}<\/style>\n<p>And if you\u2019re a bit flexible with dates: on Mondays, the whole package is available for just \u20ac199 per person! There\u2019s also a fantastic option for a <a href=\"https:\/\/lps-photography.de\/heiraten-auf-mallorca-zu-zweit\/\"><strong>small wedding in Mallorca<\/strong><\/a>: from Tuesday to Thursday afternoons, you can book the ceremony and champagne reception with finger food for up to 10 people at a flat rate of \u20ac500!<\/p>\n<\/div><\/div><div class=\"tatsu_testimonial_wrap tatsu-rkMGQXmo_el clearfix bubble_left\" ><div class=\"tatsu_testimonial_wrap\"><div class=\"tatsu_testimonial_inner_wrap\"><i class=\"tatsu-icon icon-quote\"><\/i><div class=\"tatsu_testimonial_content\"><div class=\"tatsu_testimonial_description\">Transparency Notice: Unfortunately, transparency is often lacking in the wedding industry as well as in blogs and magazines, which can lead to extra effort, higher costs, quality issues, and confusion during your own wedding planning - and can simply be frustrating (not just for you). On my website, you will only find recommendations for wedding venues and service providers that I have personally experienced multiple times in their work, who live in Mallorca, and whom I value for their quality and professionalism. I receive no commission or any other form of compensation for these recommendations<\/div><\/div><\/div><\/div><div class=\"tatsu_testimonial_info_wrap clearfix\"><div class=\"tatsu_testimonial_img\"><img decoding=\"async\" src=\"https:\/\/lps-photography.de\/wp-content\/uploads\/2023\/09\/Lukas-P-Schmidt-9-150x150.jpg\" alt=\"Lukas\" \/><\/div><div class=\"tatsu_testimonial_info\"><h6 class=\"tatsu_testimonial_author\">Lukas<\/h6><div class=\"tatsu_testimonial_role\">Wedding Photographer in Mallorca<\/div><\/div><\/div><style>.tatsu-rkMGQXmo_el .icon-quote, .tatsu-rkMGQXmo_el .tatsu_testimonial_description{color: #ffffff ;}.tatsu-rkMGQXmo_el .tatsu_testimonial_inner_wrap{border-color: rgba(45,97,159,1); }.tatsu-rkMGQXmo_el .tatsu_testimonial_content{background-color: rgba(45,97,159,1);}<\/style><\/div><div  class=\"tatsu-module tatsu-text-block-wrap tatsu-Sk5UmQs_gg\"><div class=\"tatsu-text-inner tatsu-align-center  clearfix\" ><style>.tatsu-Sk5UmQs_gg.tatsu-text-block-wrap .tatsu-text-inner{width: 100%;text-align: center;}.tatsu-Sk5UmQs_gg.tatsu-text-block-wrap{margin: 20px 0px 30px 0px;}.tatsu-Sk5UmQs_gg.tatsu-text-block-wrap .tatsu-text-inner *{font-size : 16px;}<\/style>\n<p>Do you have questions about getting married at Tr\u00e4umeria Son Moll? Or are you looking for a wedding photographer? Feel free to write to me &#8211; you can also book your<\/p>\n<\/div><\/div><div  class=\"tatsu-module tatsu-normal-button tatsu-button-wrap align-block block-center  tatsu-SksNA5E62\"><a class=\"tatsu-shortcode mediumbtn tatsu-button left-icon rounded   bg-animation-none\" href=\"https:\/\/lps-photography.de\/en\/contact\/\" style= \"\"  aria-label=\"Secure Your Wedding Date\" data-gdpr-atts={} ><i class=\"tatsu-icon icon-icon_heart_alt\"><\/i>Secure Your Wedding Date<\/a><style>.tatsu-SksNA5E62 .tatsu-button{background-color: rgba(45,97,159,1);color: #ffffff ;}<\/style><\/div><\/div><\/div><div class = \"tatsu-column-bg-image-wrap\"><div class = \"tatsu-column-bg-image\" ><\/div><\/div><\/div><style>.tatsu-row > .tatsu-ryJtNO2OS.tatsu-column{width: 100%;}.tatsu-ryJtNO2OS.tatsu-column > .tatsu-column-inner > .tatsu-column-overlay{mix-blend-mode: none;}.tatsu-ryJtNO2OS > .tatsu-column-inner > .tatsu-top-divider{z-index: 9999;}.tatsu-ryJtNO2OS > .tatsu-column-inner > .tatsu-bottom-divider{z-index: 9999;}.tatsu-ryJtNO2OS > .tatsu-column-inner > .tatsu-left-divider{z-index: 9999;}.tatsu-ryJtNO2OS > .tatsu-column-inner > .tatsu-right-divider{z-index: 9999;}@media only screen and (max-width:1377px) {.tatsu-row > .tatsu-ryJtNO2OS.tatsu-column{width: 100%;}}@media only screen and (min-width:768px) and (max-width: 1024px) {.tatsu-row > .tatsu-ryJtNO2OS.tatsu-column{width: 100%;}}@media only screen and (max-width: 767px) {.tatsu-row > .tatsu-ryJtNO2OS.tatsu-column{width: 100%;}}<\/style><\/div><\/div><\/div><\/div><div class=\"tatsu-section-background-wrap\"><div class = \"tatsu-section-background\" ><\/div><\/div><style>.tatsu-SyZJY4u2dB .tatsu-section-pad{padding: 0px 0px 40px 0px;}.tatsu-SyZJY4u2dB > .tatsu-bottom-divider{z-index: 9999;}.tatsu-SyZJY4u2dB > .tatsu-top-divider{z-index: 9999;}@media only screen and (max-width: 767px) {.tatsu-SyZJY4u2dB .tatsu-section-pad{padding: 0px 0px 22px 0px;}}<\/style><\/div><div  class=\"tatsu-B1bZr5dhuH tatsu-section    tatsu-clearfix\" data-title=\"\"  data-headerscheme=\"background--dark\"><div class='tatsu-section-pad clearfix' data-padding='{\"d\":\"0px 0px 11px 0px\"}' data-padding-top='0px'><div class=\"tatsu-row-wrap  tatsu-wrap tatsu-row-one-col tatsu-row-has-one-cols tatsu-medium-gutter tatsu-reg-cols  tatsu-clearfix tatsu-S1eZrcOhur\" ><div  class=\"tatsu-row\" ><div  class=\"tatsu-column  tatsu-column-no-bg tatsu-one-col tatsu-column-image-none tatsu-column-effect-none  tatsu-Bk-r9unOB\"  data-parallax-speed=\"0\" style=\"\"><div class=\"tatsu-column-inner\" ><div class=\"tatsu-column-pad-wrap\"><div class=\"tatsu-column-pad\" ><div  class=\"tatsu-module tatsu-divider-wrap  tatsu-Bk5TetnOH\"  ><style>.tatsu-Bk5TetnOH .tatsu-divider{height: 2px;width: 60%;background: rgba(245,166,35,1);}.tatsu-Bk5TetnOH.tatsu-divider-wrap{text-align: center;}<\/style><hr class=\"tatsu-divider\"\/><\/div><div  class=\"tatsu-module tatsu-text-block-wrap tatsu-HkC0ounuS\"><div class=\"tatsu-text-inner tatsu-align-center  clearfix\" ><style>.tatsu-HkC0ounuS.tatsu-text-block-wrap .tatsu-text-inner{width: 100%;text-align: center;}.tatsu-HkC0ounuS.tatsu-text-block-wrap .tatsu-text-inner *{font-size : 16px;}<\/style>\n<p><b>A wedding in Mallorca<\/b> sounds like the perfect idea for you? <a href=\"https:\/\/lps-photography.de\/en\/contact\/\"><strong>Then just send me a message &#8211; I look forward to getting to know you!<\/strong><\/a><\/p>\n<\/div><\/div><div  class=\"special-heading-wrap style2 oshine-module align-center tatsu-BkJiMSsdgg\" ><div class=\"special-heading\" ><h3 class=\"special-h-tag\" >Weddings at Tr\u00e4umeria<\/h3><\/div><style>.tatsu-BkJiMSsdgg .special-heading{border-color: #232323; border-width: 5px;padding: 20px 30px 20px 30px;}<\/style><\/div><\/div><\/div><div class = \"tatsu-column-bg-image-wrap\"><div class = \"tatsu-column-bg-image\" ><\/div><\/div><\/div><style>.tatsu-row > .tatsu-Bk-r9unOB.tatsu-column{width: 100%;}.tatsu-Bk-r9unOB.tatsu-column > .tatsu-column-inner > .tatsu-column-overlay{mix-blend-mode: none;}.tatsu-Bk-r9unOB > .tatsu-column-inner > .tatsu-top-divider{z-index: 9999;}.tatsu-Bk-r9unOB > .tatsu-column-inner > .tatsu-bottom-divider{z-index: 9999;}.tatsu-Bk-r9unOB > .tatsu-column-inner > .tatsu-left-divider{z-index: 9999;}.tatsu-Bk-r9unOB > .tatsu-column-inner > .tatsu-right-divider{z-index: 9999;}@media only screen and (max-width:1377px) {.tatsu-row > .tatsu-Bk-r9unOB.tatsu-column{width: 100%;}}@media only screen and (min-width:768px) and (max-width: 1024px) {.tatsu-row > .tatsu-Bk-r9unOB.tatsu-column{width: 100%;}}@media only screen and (max-width: 767px) {.tatsu-row > .tatsu-Bk-r9unOB.tatsu-column{width: 100%;}}<\/style><\/div><\/div><\/div><\/div><div class=\"tatsu-section-background-wrap\"><div class = \"tatsu-section-background\" ><\/div><\/div><style>.tatsu-B1bZr5dhuH .tatsu-section-pad{padding: 0px 0px 11px 0px;}.tatsu-B1bZr5dhuH > .tatsu-bottom-divider{z-index: 9999;}.tatsu-B1bZr5dhuH > .tatsu-top-divider{z-index: 9999;}<\/style><\/div><div  class=\"tatsu-SkZqD-riOel tatsu-section  tatsu-bg-overlay   tatsu-clearfix\" data-title=\"\"  data-headerscheme=\"background--dark\"><div class='tatsu-section-pad clearfix' data-padding='{\"d\":\"22px 0px 7px 0px\"}' data-padding-top='22px'><div class=\"tatsu-row-wrap  tatsu-wrap tatsu-row-has-one-half tatsu-row-has-two-cols tatsu-medium-gutter tatsu-reg-cols  tatsu-clearfix tatsu-Hylqw-Ss_el\" ><div  class=\"tatsu-row\" ><div  class=\"tatsu-column  tatsu-bg-overlay tatsu-one-half tatsu-column-image-none tatsu-column-effect-none  tatsu-By3vZSs_el\"  data-parallax-speed=\"0\" style=\"\"><div class=\"tatsu-column-inner\" ><div class=\"tatsu-column-pad-wrap\"><div class=\"tatsu-column-pad\" ><div  class=\"tatsu-module tatsu-text-block-wrap tatsu-rJzubHsull\"><div class=\"tatsu-text-inner tatsu-align-center  clearfix\" ><style>.tatsu-rJzubHsull.tatsu-text-block-wrap .tatsu-text-inner{width: 100%;text-align: left;}<\/style>\n<p style=\"text-align: center;\"><a href=\"https:\/\/lps-photography.de\/andrea-und-enrico-traeumeria-son-moll\/\"><span style=\"font-size: 18pt;\">Andrea and Enrico<\/span><\/a><\/p>\n<\/div><\/div><div  class=\"tatsu-single-image tatsu-module tatsu-image-lazyload tatsu-HJGFWHsdeg\" ><div class=\"tatsu-single-image-inner\" style=\"width : 1600px;\" ><div class = \"tatsu-single-image-padding-wrap\" style = \"padding-bottom : 66.6875%;\" ><\/div><a href = \"https:\/\/lps-photography.de\/en\/andrea-und-enrico-traeumeria-son-moll\/\" ><img class = \"tatsu-gradient-border\" alt = \"Eine Braut und ein Br\u00e4utigam k\u00fcssen sich an einem felsigen Ufer in der N\u00e4he des Ozeans, die Wellen brechen hinter ihnen und ein gro\u00dfer wei\u00dfer Felsen im Blick - wundersch\u00f6n eingefangen von einem Hochzeitsfotograf Mallorca. Perfekte Inspiration f\u00fcr Ihre Hochzeit auf Mallorca.\" title = \"andrea und enrico: tr\u00e4umeria son moll\" data-src = \"https:\/\/lps-photography.de\/wp-content\/uploads\/2025\/08\/Hochzeit-Traeumeria-Son-Moll-Mallorca-450-websize.jpg\" src =\"data:image\/png;base64,iVBORw0KGgoAAAANSUhEUgAAAAEAAAABCAQAAAC1HAwCAAAAC0lEQVR42mNkYAAAAAYAAjCB0C8AAAAASUVORK5CYII=\"  \/><\/a><\/div><style>.tatsu-HJGFWHsdeg .tatsu-single-image-inner{border-style: solid;max-width: 100%;}.tatsu-HJGFWHsdeg.tatsu-single-image{transform: translate3d(0px,0px, 0);}<\/style><\/div><\/div><\/div><div class = \"tatsu-column-bg-image-wrap\"><div class = \"tatsu-column-bg-image\" ><\/div><\/div><div class=\"tatsu-overlay tatsu-column-overlay tatsu-animate-none\" ><\/div><\/div><style>.tatsu-row > .tatsu-By3vZSs_el.tatsu-column{width: 50%;}.tatsu-By3vZSs_el.tatsu-column > .tatsu-column-inner > .tatsu-column-overlay{mix-blend-mode: normal;}.tatsu-By3vZSs_el > .tatsu-column-inner > .tatsu-top-divider{z-index: 9999;}.tatsu-By3vZSs_el > .tatsu-column-inner > .tatsu-bottom-divider{z-index: 9999;}.tatsu-By3vZSs_el > .tatsu-column-inner > .tatsu-left-divider{z-index: 9999;}.tatsu-By3vZSs_el > .tatsu-column-inner > .tatsu-right-divider{z-index: 9999;}@media only screen and (max-width:1377px) {.tatsu-row > .tatsu-By3vZSs_el.tatsu-column{width: 50%;}}@media only screen and (min-width:768px) and (max-width: 1024px) {.tatsu-row > .tatsu-By3vZSs_el.tatsu-column{width: 50%;}}@media only screen and (max-width: 767px) {.tatsu-row > .tatsu-By3vZSs_el.tatsu-column{width: 100%;}}<\/style><\/div><div  class=\"tatsu-column  tatsu-bg-overlay tatsu-one-half tatsu-column-image-none tatsu-column-effect-none  tatsu-r1lhDWHodge\"  data-parallax-speed=\"0\" style=\"\"><div class=\"tatsu-column-inner\" ><div class=\"tatsu-column-pad-wrap\"><div class=\"tatsu-column-pad\" ><div  class=\"tatsu-module tatsu-text-block-wrap tatsu-B1x0n-Bidgx\"><div class=\"tatsu-text-inner tatsu-align-center  clearfix\" ><style>.tatsu-B1x0n-Bidgx.tatsu-text-block-wrap .tatsu-text-inner{width: 100%;text-align: left;}<\/style>\n<p style=\"text-align: center;\"><a href=\"https:\/\/lps-photography.de\/sina-und-philipp-traeumeria-son-moll\/\"><span style=\"font-size: 18pt;\">Sina and Philipp<\/span><\/a><\/p>\n<\/div><\/div><div  class=\"tatsu-single-image tatsu-module tatsu-image-lazyload tatsu-rJ5CZHouxl\" ><div class=\"tatsu-single-image-inner\" style=\"width : 1600px;\" ><div class = \"tatsu-single-image-padding-wrap\" style = \"padding-bottom : 66.6875%;\" ><\/div><a href = \"https:\/\/lps-photography.de\/en\/sina-und-philipp-traeumeria-son-moll\/\" ><img class = \"tatsu-gradient-border\" alt = \"Eine Braut und ein Br\u00e4utigam stehen zusammen an einem Sandstrand, umarmen sich und l\u00e4cheln sich an. Die Braut h\u00e4lt einen Blumenstrau\u00df, mit dem Meer und den felsigen Klippen im Hintergrund - ein perfekter Moment f\u00fcr jeden Hochzeitsfotograf Mallorca bei einer Hochzeit auf Mallorca.\" title = \"sina und philipp: tr\u00e4umeria son moll\" data-src = \"https:\/\/lps-photography.de\/wp-content\/uploads\/2025\/08\/Sina-Phillipp-Slide-55-websize.jpg\" src =\"data:image\/png;base64,iVBORw0KGgoAAAANSUhEUgAAAAEAAAABCAQAAAC1HAwCAAAAC0lEQVR42mNkYAAAAAYAAjCB0C8AAAAASUVORK5CYII=\"  \/><\/a><\/div><style>.tatsu-rJ5CZHouxl .tatsu-single-image-inner{border-style: solid;max-width: 100%;}.tatsu-rJ5CZHouxl.tatsu-single-image{transform: translate3d(0px,0px, 0);}<\/style><\/div><\/div><\/div><div class = \"tatsu-column-bg-image-wrap\"><div class = \"tatsu-column-bg-image\" ><\/div><\/div><div class=\"tatsu-overlay tatsu-column-overlay tatsu-animate-none\" ><\/div><\/div><style>.tatsu-row > .tatsu-r1lhDWHodge.tatsu-column{width: 50%;}.tatsu-r1lhDWHodge.tatsu-column > .tatsu-column-inner > .tatsu-column-overlay{mix-blend-mode: normal;}.tatsu-r1lhDWHodge > .tatsu-column-inner > .tatsu-top-divider{z-index: 9999;}.tatsu-r1lhDWHodge > .tatsu-column-inner > .tatsu-bottom-divider{z-index: 9999;}.tatsu-r1lhDWHodge > .tatsu-column-inner > .tatsu-left-divider{z-index: 9999;}.tatsu-r1lhDWHodge > .tatsu-column-inner > .tatsu-right-divider{z-index: 9999;}@media only screen and (max-width:1377px) {.tatsu-row > .tatsu-r1lhDWHodge.tatsu-column{width: 50%;}}@media only screen and (min-width:768px) and (max-width: 1024px) {.tatsu-row > .tatsu-r1lhDWHodge.tatsu-column{width: 50%;}}@media only screen and (max-width: 767px) {.tatsu-row > .tatsu-r1lhDWHodge.tatsu-column{width: 100%;}}<\/style><\/div><\/div><\/div><\/div><div class=\"tatsu-section-background-wrap\"><div class = \"tatsu-section-background\" ><\/div><\/div><div class=\"tatsu-overlay tatsu-section-overlay\"><\/div><style>.tatsu-SkZqD-riOel .tatsu-section-pad{padding: 22px 0px 7px 0px;}.tatsu-SkZqD-riOel .tatsu-section-offset-wrap{transform: translateY(-0px);}.tatsu-SkZqD-riOel > .tatsu-bottom-divider{z-index: 9999;}.tatsu-SkZqD-riOel > .tatsu-top-divider{z-index: 9999;}.tatsu-SkZqD-riOel .tatsu-section-overlay{mix-blend-mode: normal;}<\/style><\/div><div  class=\"tatsu-HJVgzBi_gx tatsu-section  tatsu-bg-overlay   tatsu-clearfix\" data-title=\"\"  data-headerscheme=\"background--dark\"><div class='tatsu-section-pad clearfix' data-padding='{\"d\":\"22px 0px 7px 0px\"}' data-padding-top='22px'><div class=\"tatsu-row-wrap  tatsu-wrap tatsu-row-has-one-half tatsu-row-has-two-cols tatsu-medium-gutter tatsu-reg-cols  tatsu-clearfix tatsu-Hyl4eGBoueg\" ><div  class=\"tatsu-row\" ><div  class=\"tatsu-column  tatsu-bg-overlay tatsu-one-half tatsu-column-image-none tatsu-column-effect-none  tatsu-BkbElMBiulx\"  data-parallax-speed=\"0\" style=\"\"><div class=\"tatsu-column-inner\" ><div class=\"tatsu-column-pad-wrap\"><div class=\"tatsu-column-pad\" ><div  class=\"tatsu-module tatsu-text-block-wrap tatsu-HkMVxfrideg\"><div class=\"tatsu-text-inner tatsu-align-center  clearfix\" ><style>.tatsu-HkMVxfrideg.tatsu-text-block-wrap .tatsu-text-inner{width: 100%;text-align: left;}<\/style>\n<p style=\"text-align: center;\"><a href=\"https:\/\/lps-photography.de\/denise-und-florian-traeumeria-son-moll\/\"><span style=\"font-size: 18pt;\">Denise and Florian<\/span><\/a><\/p>\n<\/div><\/div><div  class=\"tatsu-single-image tatsu-module tatsu-image-lazyload tatsu-rk7EefBs_le\" ><div class=\"tatsu-single-image-inner\" style=\"width : 1600px;\" ><div class = \"tatsu-single-image-padding-wrap\" style = \"padding-bottom : 66.6875%;\" ><\/div><a href = \"https:\/\/lps-photography.de\/en\/denise-und-florian-traeumeria-son-moll\/\" ><img class = \"tatsu-gradient-border\" alt = \"Braut und Br\u00e4utigam sitzen auf wei\u00dfen, verzierten St\u00fchlen, halten sich an den H\u00e4nden und blicken auf einen gebl\u00fcmten Hochzeitsbogen mit dem Meer im Hintergrund - der perfekte Moment f\u00fcr einen Hochzeitsfotografen Mallorca, um Ihre unvergessliche Hochzeit auf Mallorca festzuhalten.\" title = \"denise und florian: tr\u00e4umeria son moll\" data-src = \"https:\/\/lps-photography.de\/wp-content\/uploads\/2025\/08\/Denise-Florian-Mallorca-71-websize.jpg\" src =\"data:image\/png;base64,iVBORw0KGgoAAAANSUhEUgAAAAEAAAABCAQAAAC1HAwCAAAAC0lEQVR42mNkYAAAAAYAAjCB0C8AAAAASUVORK5CYII=\"  \/><\/a><\/div><style>.tatsu-rk7EefBs_le .tatsu-single-image-inner{border-style: solid;max-width: 100%;}.tatsu-rk7EefBs_le.tatsu-single-image{transform: translate3d(0px,0px, 0);}<\/style><\/div><\/div><\/div><div class = \"tatsu-column-bg-image-wrap\"><div class = \"tatsu-column-bg-image\" ><\/div><\/div><div class=\"tatsu-overlay tatsu-column-overlay tatsu-animate-none\" ><\/div><\/div><style>.tatsu-row > .tatsu-BkbElMBiulx.tatsu-column{width: 50%;}.tatsu-BkbElMBiulx.tatsu-column > .tatsu-column-inner > .tatsu-column-overlay{mix-blend-mode: normal;}.tatsu-BkbElMBiulx > .tatsu-column-inner > .tatsu-top-divider{z-index: 9999;}.tatsu-BkbElMBiulx > .tatsu-column-inner > .tatsu-bottom-divider{z-index: 9999;}.tatsu-BkbElMBiulx > .tatsu-column-inner > .tatsu-left-divider{z-index: 9999;}.tatsu-BkbElMBiulx > .tatsu-column-inner > .tatsu-right-divider{z-index: 9999;}@media only screen and (max-width:1377px) {.tatsu-row > .tatsu-BkbElMBiulx.tatsu-column{width: 50%;}}@media only screen and (min-width:768px) and (max-width: 1024px) {.tatsu-row > .tatsu-BkbElMBiulx.tatsu-column{width: 50%;}}@media only screen and (max-width: 767px) {.tatsu-row > .tatsu-BkbElMBiulx.tatsu-column{width: 100%;}}<\/style><\/div><div  class=\"tatsu-column  tatsu-bg-overlay tatsu-one-half tatsu-column-image-none tatsu-column-effect-none  tatsu-SJEEeMSi_lx\"  data-parallax-speed=\"0\" style=\"\"><div class=\"tatsu-column-inner\" ><div class=\"tatsu-column-pad-wrap\"><div class=\"tatsu-column-pad\" ><div  class=\"tatsu-module tatsu-text-block-wrap tatsu-B1BVgGSsuxg\"><div class=\"tatsu-text-inner tatsu-align-center  clearfix\" ><style>.tatsu-B1BVgGSsuxg.tatsu-text-block-wrap .tatsu-text-inner{width: 100%;text-align: left;}<\/style>\n<p style=\"text-align: center;\"><a href=\"https:\/\/lps-photography.de\/monique-und-daniel-traeumeria-son-moll\/\"><span style=\"font-size: 24px;\">Monique and Daniel<\/span><\/a><\/p>\n<\/div><\/div><div  class=\"tatsu-single-image tatsu-module tatsu-image-lazyload tatsu-SyU4xGridxg\" ><div class=\"tatsu-single-image-inner\" style=\"width : 1600px;\" ><div class = \"tatsu-single-image-padding-wrap\" style = \"padding-bottom : 66.6875%;\" ><\/div><a href = \"https:\/\/lps-photography.de\/en\/monique-und-daniel-traeumeria-son-moll\/\" ><img class = \"tatsu-gradient-border\" alt = \"monique und daniel\" title = \"monique und daniel\" data-src = \"https:\/\/lps-photography.de\/wp-content\/uploads\/2025\/08\/Monique-Daniel-Hochzeit-Mallorca-331-websize.jpg\" src =\"data:image\/png;base64,iVBORw0KGgoAAAANSUhEUgAAAAEAAAABCAQAAAC1HAwCAAAAC0lEQVR42mNkYAAAAAYAAjCB0C8AAAAASUVORK5CYII=\"  \/><\/a><\/div><style>.tatsu-SyU4xGridxg .tatsu-single-image-inner{border-style: solid;max-width: 100%;}.tatsu-SyU4xGridxg.tatsu-single-image{transform: translate3d(0px,0px, 0);}<\/style><\/div><\/div><\/div><div class = \"tatsu-column-bg-image-wrap\"><div class = \"tatsu-column-bg-image\" ><\/div><\/div><div class=\"tatsu-overlay tatsu-column-overlay tatsu-animate-none\" ><\/div><\/div><style>.tatsu-row > .tatsu-SJEEeMSi_lx.tatsu-column{width: 50%;}.tatsu-SJEEeMSi_lx.tatsu-column > .tatsu-column-inner > .tatsu-column-overlay{mix-blend-mode: normal;}.tatsu-SJEEeMSi_lx > .tatsu-column-inner > .tatsu-top-divider{z-index: 9999;}.tatsu-SJEEeMSi_lx > .tatsu-column-inner > .tatsu-bottom-divider{z-index: 9999;}.tatsu-SJEEeMSi_lx > .tatsu-column-inner > .tatsu-left-divider{z-index: 9999;}.tatsu-SJEEeMSi_lx > .tatsu-column-inner > .tatsu-right-divider{z-index: 9999;}@media only screen and (max-width:1377px) {.tatsu-row > .tatsu-SJEEeMSi_lx.tatsu-column{width: 50%;}}@media only screen and (min-width:768px) and (max-width: 1024px) {.tatsu-row > .tatsu-SJEEeMSi_lx.tatsu-column{width: 50%;}}@media only screen and (max-width: 767px) {.tatsu-row > .tatsu-SJEEeMSi_lx.tatsu-column{width: 100%;}}<\/style><\/div><\/div><\/div><\/div><div class=\"tatsu-section-background-wrap\"><div class = \"tatsu-section-background\" ><\/div><\/div><div class=\"tatsu-overlay tatsu-section-overlay\"><\/div><style>.tatsu-HJVgzBi_gx .tatsu-section-pad{padding: 22px 0px 7px 0px;}.tatsu-HJVgzBi_gx .tatsu-section-offset-wrap{transform: translateY(-0px);}.tatsu-HJVgzBi_gx > .tatsu-bottom-divider{z-index: 9999;}.tatsu-HJVgzBi_gx > .tatsu-top-divider{z-index: 9999;}.tatsu-HJVgzBi_gx .tatsu-section-overlay{mix-blend-mode: normal;}<\/style><\/div><div  class=\"tatsu-By-qvfSjdeg tatsu-section  tatsu-bg-overlay   tatsu-clearfix\" data-title=\"\"  data-headerscheme=\"background--dark\"><div class='tatsu-section-pad clearfix' data-padding='{\"d\":\"90px 0px 90px 0px\"}' data-padding-top='90px'><div class=\"tatsu-row-wrap  tatsu-wrap tatsu-row-one-col tatsu-row-has-one-cols tatsu-medium-gutter tatsu-reg-cols  tatsu-clearfix tatsu-HygcDzrjOgl\" ><div  class=\"tatsu-row\" ><div  class=\"tatsu-column  tatsu-bg-overlay tatsu-one-col tatsu-column-image-none tatsu-column-effect-none  tatsu-Bk5vzHs_ex\"  data-parallax-speed=\"0\" style=\"\"><div class=\"tatsu-column-inner\" ><div class=\"tatsu-column-pad-wrap\"><div class=\"tatsu-column-pad\" ><div  class=\"portfolio-all-wrap  oshine-gallery-module 0 tatsu-SJO_xZHj2\" ><div class=\"portfolio  portfolio-two-col-mobile full-screen  full-screen-gutter style2-gutter three-col masonry_enable\" style=\"margin-left: -10px;\"  data-action=\"get_be_gallery_with_pagination\"  data-paged=\"1\" data-enable-masonry=\"1\" data-aspect-ratio = \"1.6\" data-source='{\"source\":\"selected\",\"account_name\":\"themeforest\",\"count\":\"10\",\"col\":\"three\",\"masonry\":\"1\"}' data-gutter-width=\"10\"  data-images-array=\"21021,21048,21047,21049,21045,21031,21034,21037,21039,21040,21035,21036,21038,21066,21068,21065,21067,21069,21041,21042,21043,21044,21059,21060,21046,21054,21061,21063,21058,21055,21057,21072,21071,21026,21064,21050,21051,21033,21030,21053,21032,21024,21028,21025,21029,21027,21023,21022\" data-col=\"three\" data-items-per-load=\"9\" data-hover-style=\"style1-hover\" data-image-grayscale=\"c_to_c\" data-lightbox-type=\"photoswipe\" data-image-source=\"selected\" data-image-effect=\"none\" data-thumb-overlay-color=\"rgba(255,255,255,0)\" data-grad-style-color=\"background:rgba(255,255,255,0)\" data-like-button=\"1\" data-hover-content=\"icon\" data-hover-content-color=\"\" ><div class=\"portfolio-container clickable clearfix portfolio-shortcode be-photoswipe-gallery scale\"><div class=\"element be-hoverlay not-wide no-wide-width-height style1-hover c_to_c\" style=\"margin-bottom: 10px;\"><div class=\"element-inner\" style=\"margin-left: 10px;\"><a href=\"https:\/\/lps-photography.de\/wp-content\/uploads\/2023\/07\/Wolke-7-traeumeria-Son-Moll-Mallorca-1.jpg\" data-size=\"1600x1067\" data-href=\"https:\/\/lps-photography.de\/wp-content\/uploads\/2023\/07\/Wolke-7-traeumeria-Son-Moll-Mallorca-1.jpg\" class=\"thumb-wrap\" title=\"Eine Hochzeit am Meer mit Vintage-St\u00fchlen und einer dekorativen Schaukel unter einem Baldachin, mit Blick auf den strahlend blauen Ozean. Wei\u00dfe und t\u00fcrkise Akzente schaffen eine romantische Atmosph\u00e4re f\u00fcr Ihre Hochzeit auf Mallorca, perfekt eingefangen von einem Hochzeitsfotograf Mallorca.\"><div class=\"flip-wrap\"><div data-aspect-ratio=\"1.5\" style = \"padding-bottom : 66.6875%;;\" class=\"flip-img-wrap none-effect\"><img decoding=\"async\" src=\"https:\/\/lps-photography.de\/wp-content\/uploads\/2023\/07\/Wolke-7-traeumeria-Son-Moll-Mallorca-1-650x433.jpg\" alt=\"Eine Hochzeit am Meer mit Vintage-St\u00fchlen und einer dekorativen Schaukel unter einem Baldachin, mit Blick auf den strahlend blauen Ozean. Wei\u00dfe und t\u00fcrkise Akzente schaffen eine romantische Atmosph\u00e4re f\u00fcr Ihre Hochzeit auf Mallorca, perfekt eingefangen von einem Hochzeitsfotograf Mallorca.\" data-attr=\"0\"\/><\/div><\/div><div class=\"thumb-overlay\"><div class=\"thumb-bg\" style=\"background-color:rgba(255,255,255,0);background:rgba(255,255,255,0)\"><div class=\"thumb-title-wrap display-table-cell vertical-align-middle align-center fadeIn animated\"><div class=\"thumb-title\" style=\"color:;\"><i class=\"portfolio-overlay-icon\"><\/i><\/div><\/div><\/div><\/div><\/a><\/div><\/div><div class=\"element be-hoverlay not-wide no-wide-width-height style1-hover c_to_c\" style=\"margin-bottom: 10px;\"><div class=\"element-inner\" style=\"margin-left: 10px;\"><a href=\"https:\/\/lps-photography.de\/wp-content\/uploads\/2023\/07\/Wolke-7-traeumeria-Son-Moll-Mallorca-48.jpg\" data-size=\"1600x1067\" data-href=\"https:\/\/lps-photography.de\/wp-content\/uploads\/2023\/07\/Wolke-7-traeumeria-Son-Moll-Mallorca-48.jpg\" class=\"thumb-wrap\" title=\"Zwei M\u00e4nner in hellblauen Anz\u00fcgen plaudern an einer mit wei\u00dfen Rosen und Meeresdekoration geschm\u00fcckten Bar im Freien, \u00fcber der das Meer schimmert - ein perfekter Moment f\u00fcr jeden Hochzeitsfotografen Mallorca w\u00e4hrend einer stilvollen Hochzeit auf Mallorca.\"><div class=\"flip-wrap\"><div data-aspect-ratio=\"1.5\" style = \"padding-bottom : 66.6875%;;\" class=\"flip-img-wrap none-effect\"><img decoding=\"async\" src=\"https:\/\/lps-photography.de\/wp-content\/uploads\/2023\/07\/Wolke-7-traeumeria-Son-Moll-Mallorca-48-650x433.jpg\" alt=\"Zwei M\u00e4nner in hellblauen Anz\u00fcgen plaudern an einer mit wei\u00dfen Rosen und Meeresdekoration geschm\u00fcckten Bar im Freien, \u00fcber der das Meer schimmert - ein perfekter Moment f\u00fcr jeden Hochzeitsfotografen Mallorca w\u00e4hrend einer stilvollen Hochzeit auf Mallorca.\" data-attr=\"0\"\/><\/div><\/div><div class=\"thumb-overlay\"><div class=\"thumb-bg\" style=\"background-color:rgba(255,255,255,0);background:rgba(255,255,255,0)\"><div class=\"thumb-title-wrap display-table-cell vertical-align-middle align-center fadeIn animated\"><div class=\"thumb-title\" style=\"color:;\"><i class=\"portfolio-overlay-icon\"><\/i><\/div><\/div><\/div><\/div><\/a><\/div><\/div><div class=\"element be-hoverlay not-wide no-wide-width-height style1-hover c_to_c\" style=\"margin-bottom: 10px;\"><div class=\"element-inner\" style=\"margin-left: 10px;\"><a href=\"https:\/\/lps-photography.de\/wp-content\/uploads\/2023\/07\/Wolke-7-traeumeria-Son-Moll-Mallorca-47.jpg\" data-size=\"1067x1600\" data-href=\"https:\/\/lps-photography.de\/wp-content\/uploads\/2023\/07\/Wolke-7-traeumeria-Son-Moll-Mallorca-47.jpg\" class=\"thumb-wrap\" title=\"Ein kleiner blauer Tisch mit einer Glasvase mit wei\u00dfen Blumen und einem h\u00f6lzernen \"Ich \u2665 Dich\"-Schild steht am hellblauen Meer - perfekt f\u00fcr eine Hochzeit auf Mallorca, wundersch\u00f6n eingefangen von einem Hochzeitsfotografen Mallorca.\"><div class=\"flip-wrap\"><div data-aspect-ratio=\"0.67\" style = \"padding-bottom : 149.95313964386%;;\" class=\"flip-img-wrap none-effect\"><img decoding=\"async\" src=\"https:\/\/lps-photography.de\/wp-content\/uploads\/2023\/07\/Wolke-7-traeumeria-Son-Moll-Mallorca-47-650x975.jpg\" alt=\"Ein kleiner blauer Tisch mit einer Glasvase mit wei\u00dfen Blumen und einem h\u00f6lzernen \"Ich \u2665 Dich\"-Schild steht am hellblauen Meer - perfekt f\u00fcr eine Hochzeit auf Mallorca, wundersch\u00f6n eingefangen von einem Hochzeitsfotografen Mallorca.\" data-attr=\"0\"\/><\/div><\/div><div class=\"thumb-overlay\"><div class=\"thumb-bg\" style=\"background-color:rgba(255,255,255,0);background:rgba(255,255,255,0)\"><div class=\"thumb-title-wrap display-table-cell vertical-align-middle align-center fadeIn animated\"><div class=\"thumb-title\" style=\"color:;\"><i class=\"portfolio-overlay-icon\"><\/i><\/div><\/div><\/div><\/div><\/a><\/div><\/div><div class=\"element be-hoverlay not-wide no-wide-width-height style1-hover c_to_c\" style=\"margin-bottom: 10px;\"><div class=\"element-inner\" style=\"margin-left: 10px;\"><a href=\"https:\/\/lps-photography.de\/wp-content\/uploads\/2023\/07\/Wolke-7-traeumeria-Son-Moll-Mallorca-49.jpg\" data-size=\"1067x1600\" data-href=\"https:\/\/lps-photography.de\/wp-content\/uploads\/2023\/07\/Wolke-7-traeumeria-Son-Moll-Mallorca-49.jpg\" class=\"thumb-wrap\" title=\"Zwei verzierte blaue St\u00fchle mit der Aufschrift \"Braut\" und \"Br\u00e4utigam\" stehen vor einem eleganten Hochzeitsbogen mit wei\u00dfem Stoff Traumf\u00e4nger am t\u00fcrkisfarbenen Meer unter sonnigen Himmel - perfekt f\u00fcr eine romantische Hochzeit auf Mallorca.\"><div class=\"flip-wrap\"><div data-aspect-ratio=\"0.67\" style = \"padding-bottom : 149.95313964386%;;\" class=\"flip-img-wrap none-effect\"><img decoding=\"async\" src=\"https:\/\/lps-photography.de\/wp-content\/uploads\/2023\/07\/Wolke-7-traeumeria-Son-Moll-Mallorca-49-650x975.jpg\" alt=\"Zwei verzierte blaue St\u00fchle mit der Aufschrift \"Braut\" und \"Br\u00e4utigam\" stehen vor einem eleganten Hochzeitsbogen mit wei\u00dfem Stoff Traumf\u00e4nger am t\u00fcrkisfarbenen Meer unter sonnigen Himmel - perfekt f\u00fcr eine romantische Hochzeit auf Mallorca.\" data-attr =0\/><\/div><\/div><div class=\"thumb-overlay\"><div class=\"thumb-bg\" style=\"background-color:rgba(255,255,255,0);background:rgba(255,255,255,0)\"><div class=\"thumb-title-wrap display-table-cell vertical-align-middle align-center fadeIn animated\"><div class=\"thumb-title\" style=\"color:;\"><i class=\"portfolio-overlay-icon\"><\/i><\/div><\/div><\/div><\/div><\/a><\/div><\/div><div class=\"element be-hoverlay not-wide no-wide-width-height style1-hover c_to_c\" style=\"margin-bottom: 10px;\"><div class=\"element-inner\" style=\"margin-left: 10px;\"><a href=\"https:\/\/lps-photography.de\/wp-content\/uploads\/2023\/07\/Wolke-7-traeumeria-Son-Moll-Mallorca-45.jpg\" data-size=\"1067x1600\" data-href=\"https:\/\/lps-photography.de\/wp-content\/uploads\/2023\/07\/Wolke-7-traeumeria-Son-Moll-Mallorca-45.jpg\" class=\"thumb-wrap\" title=\"Eine Braut in einem wei\u00dfen Spitzenkleid mit einem Blumenstrau\u00df in der Hand steht neben einem Mann in einem marineblauen Anzug auf einer sonnigen Terrasse mit Palmen und blauem Himmel - der Zauber einer Hochzeit auf Mallorca eingefangen von einem erfahrenen Hochzeitsfotografen Mallorca.\"><div class=\"flip-wrap\"><div data-aspect-ratio=\"0.67\" style = \"padding-bottom : 149.95313964386%;;\" class=\"flip-img-wrap none-effect\"><img decoding=\"async\" src=\"https:\/\/lps-photography.de\/wp-content\/uploads\/2023\/07\/Wolke-7-traeumeria-Son-Moll-Mallorca-45-650x975.jpg\" alt=\"Eine Braut in einem wei\u00dfen Spitzenkleid mit einem Blumenstrau\u00df in der Hand steht neben einem Mann in einem marineblauen Anzug auf einer sonnigen Terrasse mit Palmen und blauem Himmel - der Zauber einer Hochzeit auf Mallorca eingefangen von einem erfahrenen Hochzeitsfotografen Mallorca.\" data-attr=\"0\"\/><\/div><\/div><div class=\"thumb-overlay\"><div class=\"thumb-bg\" style=\"background-color:rgba(255,255,255,0);background:rgba(255,255,255,0)\"><div class=\"thumb-title-wrap display-table-cell vertical-align-middle align-center fadeIn animated\"><div class=\"thumb-title\" style=\"color:;\"><i class=\"portfolio-overlay-icon\"><\/i><\/div><\/div><\/div><\/div><\/a><\/div><\/div><div class=\"element be-hoverlay not-wide no-wide-width-height style1-hover c_to_c\" style=\"margin-bottom: 10px;\"><div class=\"element-inner\" style=\"margin-left: 10px;\"><a href=\"https:\/\/lps-photography.de\/wp-content\/uploads\/2023\/07\/Wolke-7-traeumeria-Son-Moll-Mallorca-11.jpg\" data-size=\"1600x1066\" data-href=\"https:\/\/lps-photography.de\/wp-content\/uploads\/2023\/07\/Wolke-7-traeumeria-Son-Moll-Mallorca-11.jpg\" class=\"thumb-wrap\" title=\"Ein Mann im wei\u00dfen Hemd und mit Sonnenbrille trinkt aus einem Glas, w\u00e4hrend er auf einem Balkon mit Blick auf das Meer und die Berge lehnt - die perfekte Inspiration f\u00fcr eine Hochzeit auf Mallorca, komplett mit Traumf\u00e4ngern und herzf\u00f6rmigem Dekor im Vordergrund.\"><div class=\"flip-wrap\"><div data-aspect-ratio=\"1.5\" style = \"padding-bottom : 66.625%;;\" class=\"flip-img-wrap none-effect\"><img decoding=\"async\" src=\"https:\/\/lps-photography.de\/wp-content\/uploads\/2023\/07\/Wolke-7-traeumeria-Son-Moll-Mallorca-11-650x433.jpg\" alt=\"Ein Mann im wei\u00dfen Hemd und mit Sonnenbrille trinkt aus einem Glas, w\u00e4hrend er auf einem Balkon mit Blick auf das Meer und die Berge lehnt - die perfekte Inspiration f\u00fcr eine Hochzeit auf Mallorca, komplett mit Traumf\u00e4ngern und herzf\u00f6rmigem Dekor im Vordergrund.\" data-attr=\"0\"\/><\/div><\/div><div class=\"thumb-overlay\"><div class=\"thumb-bg\" style=\"background-color:rgba(255,255,255,0);background:rgba(255,255,255,0)\"><div class=\"thumb-title-wrap display-table-cell vertical-align-middle align-center fadeIn animated\"><div class=\"thumb-title\" style=\"color:;\"><i class=\"portfolio-overlay-icon\"><\/i><\/div><\/div><\/div><\/div><\/a><\/div><\/div><div class=\"element be-hoverlay not-wide no-wide-width-height style1-hover c_to_c\" style=\"margin-bottom: 10px;\"><div class=\"element-inner\" style=\"margin-left: 10px;\"><a href=\"https:\/\/lps-photography.de\/wp-content\/uploads\/2023\/07\/Wolke-7-traeumeria-Son-Moll-Mallorca-34.jpg\" data-size=\"1066x1600\" data-href=\"https:\/\/lps-photography.de\/wp-content\/uploads\/2023\/07\/Wolke-7-traeumeria-Son-Moll-Mallorca-34.jpg\" class=\"thumb-wrap\" title=\"Eine Braut in einem wei\u00dfen Spitzenkleid l\u00e4chelt freudig, w\u00e4hrend ihr Br\u00e4utigam in einem hellblauen Anzug sie auf die Wange k\u00fcsst. Aufgenommen von einem Hochzeitsfotograf Mallorca, halten sie H\u00e4ndchen und strahlen gl\u00fccklich auf ihrer Hochzeit auf Mallorca.\"><div class=\"flip-wrap\"><div data-aspect-ratio=\"0.67\" style = \"padding-bottom : 150.09380863039%;;\" class=\"flip-img-wrap none-effect\"><img decoding=\"async\" src=\"https:\/\/lps-photography.de\/wp-content\/uploads\/2023\/07\/Wolke-7-traeumeria-Son-Moll-Mallorca-34-650x976.jpg\" alt=\"Eine Braut in einem wei\u00dfen Spitzenkleid l\u00e4chelt freudig, w\u00e4hrend ihr Br\u00e4utigam in einem hellblauen Anzug sie auf die Wange k\u00fcsst. Aufgenommen von einem Hochzeitsfotograf Mallorca, halten sie H\u00e4ndchen und strahlen gl\u00fccklich auf ihrer Hochzeit auf Mallorca.\" data-attr=\"0\"\/><\/div><\/div><div class=\"thumb-overlay\"><div class=\"thumb-bg\" style=\"background-color:rgba(255,255,255,0);background:rgba(255,255,255,0)\"><div class=\"thumb-title-wrap display-table-cell vertical-align-middle align-center fadeIn animated\"><div class=\"thumb-title\" style=\"color:;\"><i class=\"portfolio-overlay-icon\"><\/i><\/div><\/div><\/div><\/div><\/a><\/div><\/div><div class=\"element be-hoverlay not-wide no-wide-width-height style1-hover c_to_c\" style=\"margin-bottom: 10px;\"><div class=\"element-inner\" style=\"margin-left: 10px;\"><a href=\"https:\/\/lps-photography.de\/wp-content\/uploads\/2023\/07\/Wolke-7-traeumeria-Son-Moll-Mallorca-37.jpg\" data-size=\"1067x1600\" data-href=\"https:\/\/lps-photography.de\/wp-content\/uploads\/2023\/07\/Wolke-7-traeumeria-Son-Moll-Mallorca-37.jpg\" class=\"thumb-wrap\" title=\"Eine Frau in einem dunkelblauen Kleid sitzt zwischen anderen G\u00e4sten auf einer Hochzeit im Freien auf Mallorca, h\u00e4lt einen Strau\u00df wei\u00dfer Blumen und l\u00e4chelt. Die fr\u00f6hliche, entspannte Atmosph\u00e4re ist von einem Hochzeitsfotograf Mallorca wundersch\u00f6n eingefangen worden.\"><div class=\"flip-wrap\"><div data-aspect-ratio=\"0.67\" style = \"padding-bottom : 149.95313964386%;;\" class=\"flip-img-wrap none-effect\"><img decoding=\"async\" src=\"https:\/\/lps-photography.de\/wp-content\/uploads\/2023\/07\/Wolke-7-traeumeria-Son-Moll-Mallorca-37-650x975.jpg\" alt=\"Eine Frau in einem dunkelblauen Kleid sitzt zwischen anderen G\u00e4sten auf einer Hochzeit im Freien auf Mallorca, h\u00e4lt einen Strau\u00df wei\u00dfer Blumen und l\u00e4chelt. Die fr\u00f6hliche, entspannte Atmosph\u00e4re ist von einem Hochzeitsfotograf Mallorca wundersch\u00f6n eingefangen worden.\" data-attr=\"0\"\/><\/div><\/div><div class=\"thumb-overlay\"><div class=\"thumb-bg\" style=\"background-color:rgba(255,255,255,0);background:rgba(255,255,255,0)\"><div class=\"thumb-title-wrap display-table-cell vertical-align-middle align-center fadeIn animated\"><div class=\"thumb-title\" style=\"color:;\"><i class=\"portfolio-overlay-icon\"><\/i><\/div><\/div><\/div><\/div><\/a><\/div><\/div><div class=\"element be-hoverlay not-wide no-wide-width-height style1-hover c_to_c\" style=\"margin-bottom: 10px;\"><div class=\"element-inner\" style=\"margin-left: 10px;\"><a href=\"https:\/\/lps-photography.de\/wp-content\/uploads\/2023\/07\/Wolke-7-traeumeria-Son-Moll-Mallorca-39.jpg\" data-size=\"1067x1600\" data-href=\"https:\/\/lps-photography.de\/wp-content\/uploads\/2023\/07\/Wolke-7-traeumeria-Son-Moll-Mallorca-39.jpg\" class=\"thumb-wrap\" title=\"Eine Frau mit kurzen braunen Haaren, die ein marineblaues Outfit tr\u00e4gt, spricht l\u00e4chelnd in ein Mikrofon. Sie sitzt im Freien am t\u00fcrkisfarbenen Meer - vielleicht veranstaltet sie eine Hochzeit auf Mallorca oder arbeitet als Hochzeitsfotograf Mallorca.\"><div class=\"flip-wrap\"><div data-aspect-ratio=\"0.67\" style = \"padding-bottom : 149.95313964386%;;\" class=\"flip-img-wrap none-effect\"><img decoding=\"async\" src=\"https:\/\/lps-photography.de\/wp-content\/uploads\/2023\/07\/Wolke-7-traeumeria-Son-Moll-Mallorca-39-650x975.jpg\" alt=\"Eine Frau mit kurzen braunen Haaren, die ein marineblaues Outfit tr\u00e4gt, spricht l\u00e4chelnd in ein Mikrofon. Sie sitzt im Freien am t\u00fcrkisfarbenen Meer - vielleicht veranstaltet sie eine Hochzeit auf Mallorca oder arbeitet als Hochzeitsfotograf Mallorca.\" data-attr=\"0\"\/><\/div><\/div><div class=\"thumb-overlay\"><div class=\"thumb-bg\" style=\"background-color:rgba(255,255,255,0);background:rgba(255,255,255,0)\"><div class=\"thumb-title-wrap display-table-cell vertical-align-middle align-center fadeIn animated\"><div class=\"thumb-title\" style=\"color:;\"><i class=\"portfolio-overlay-icon\"><\/i><\/div><\/div><\/div><\/div><\/a><\/div><\/div><div class=\"element be-hoverlay not-wide no-wide-width-height style1-hover c_to_c\" style=\"margin-bottom: 10px;\"><div class=\"element-inner\" style=\"margin-left: 10px;\"><a href=\"https:\/\/lps-photography.de\/wp-content\/uploads\/2023\/07\/Wolke-7-traeumeria-Son-Moll-Mallorca-40.jpg\" data-size=\"1600x1067\" data-href=\"https:\/\/lps-photography.de\/wp-content\/uploads\/2023\/07\/Wolke-7-traeumeria-Son-Moll-Mallorca-40.jpg\" class=\"thumb-wrap\" title=\"Eine Hochzeitszeremonie am Meer auf Mallorca, mit einem l\u00e4chelnden Zeremonienmeister unter einem Blumenbogen. Die Braut und der Br\u00e4utigam sitzen auf verzierten St\u00fchlen mit der Aufschrift \"Bride and Groom\", w\u00e4hrend die G\u00e4ste zusehen - perfekt f\u00fcr jede Hochzeit auf Mallorca, von einem erfahrenen Hochzeitsfotografen Mallorca festgehalten wurde.\"><div class=\"flip-wrap\"><div data-aspect-ratio=\"1.5\" style = \"padding-bottom : 66.6875%;;\" class=\"flip-img-wrap none-effect\"><img decoding=\"async\" src=\"https:\/\/lps-photography.de\/wp-content\/uploads\/2023\/07\/Wolke-7-traeumeria-Son-Moll-Mallorca-40-650x433.jpg\" alt=\"Eine Hochzeitszeremonie am Meer auf Mallorca, mit einem l\u00e4chelnden Zeremonienmeister unter einem Blumenbogen. Die Braut und der Br\u00e4utigam sitzen auf verzierten St\u00fchlen mit der Aufschrift \"Bride and Groom\", w\u00e4hrend die G\u00e4ste zusehen - perfekt f\u00fcr jede Hochzeit auf Mallorca, von einem erfahrenen Hochzeitsfotografen Mallorca festgehalten wurde.\" data-attr =0\/><\/div><\/div><div class=\"thumb-overlay\"><div class=\"thumb-bg\" style=\"background-color:rgba(255,255,255,0);background:rgba(255,255,255,0)\"><div class=\"thumb-title-wrap display-table-cell vertical-align-middle align-center fadeIn animated\"><div class=\"thumb-title\" style=\"color:;\"><i class=\"portfolio-overlay-icon\"><\/i><\/div><\/div><\/div><\/div><\/a><\/div><\/div><div class=\"element be-hoverlay not-wide no-wide-width-height style1-hover c_to_c\" style=\"margin-bottom: 10px;\"><div class=\"element-inner\" style=\"margin-left: 10px;\"><a href=\"https:\/\/lps-photography.de\/wp-content\/uploads\/2023\/07\/Wolke-7-traeumeria-Son-Moll-Mallorca-35.jpg\" data-size=\"1600x1067\" data-href=\"https:\/\/lps-photography.de\/wp-content\/uploads\/2023\/07\/Wolke-7-traeumeria-Son-Moll-Mallorca-35.jpg\" class=\"thumb-wrap\" title=\"Eine Nahaufnahme von Braut und Br\u00e4utigam, die sich bei ihrer Hochzeit auf Mallorca an den H\u00e4nden halten. Die Braut tr\u00e4gt ein wei\u00dfes Spitzenkleid, der Br\u00e4utigam einen hellblauen Anzug - ihre sanft verschr\u00e4nkten H\u00e4nde strahlen Zuneigung aus, festgehalten von einem talentierten Hochzeitsfotografen Mallorca.\"><div class=\"flip-wrap\"><div data-aspect-ratio=\"1.5\" style = \"padding-bottom : 66.6875%;;\" class=\"flip-img-wrap none-effect\"><img decoding=\"async\" src=\"https:\/\/lps-photography.de\/wp-content\/uploads\/2023\/07\/Wolke-7-traeumeria-Son-Moll-Mallorca-35-650x433.jpg\" alt=\"Eine Nahaufnahme von Braut und Br\u00e4utigam, die sich bei ihrer Hochzeit auf Mallorca an den H\u00e4nden halten. Die Braut tr\u00e4gt ein wei\u00dfes Spitzenkleid, der Br\u00e4utigam einen hellblauen Anzug - ihre sanft verschr\u00e4nkten H\u00e4nde strahlen Zuneigung aus, festgehalten von einem talentierten Hochzeitsfotografen Mallorca.\" data-attr=\"0\"\/><\/div><\/div><div class=\"thumb-overlay\"><div class=\"thumb-bg\" style=\"background-color:rgba(255,255,255,0);background:rgba(255,255,255,0)\"><div class=\"thumb-title-wrap display-table-cell vertical-align-middle align-center fadeIn animated\"><div class=\"thumb-title\" style=\"color:;\"><i class=\"portfolio-overlay-icon\"><\/i><\/div><\/div><\/div><\/div><\/a><\/div><\/div><div class=\"element be-hoverlay not-wide no-wide-width-height style1-hover c_to_c\" style=\"margin-bottom: 10px;\"><div class=\"element-inner\" style=\"margin-left: 10px;\"><a href=\"https:\/\/lps-photography.de\/wp-content\/uploads\/2023\/07\/Wolke-7-traeumeria-Son-Moll-Mallorca-36.jpg\" data-size=\"1600x1067\" data-href=\"https:\/\/lps-photography.de\/wp-content\/uploads\/2023\/07\/Wolke-7-traeumeria-Son-Moll-Mallorca-36.jpg\" class=\"thumb-wrap\" title=\"Braut und Br\u00e4utigam sitzen lachend und h\u00e4ndchenhaltend w\u00e4hrend ihrer Hochzeit auf Mallorca, umgeben von l\u00e4chelnden G\u00e4sten in einem Au\u00dfenbereich. Die Braut tr\u00e4gt ein wei\u00dfes Spitzenkleid, der Br\u00e4utigam einen hellblauen Anzug.\"><div class=\"flip-wrap\"><div data-aspect-ratio=\"1.5\" style = \"padding-bottom : 66.6875%;;\" class=\"flip-img-wrap none-effect\"><img decoding=\"async\" src=\"https:\/\/lps-photography.de\/wp-content\/uploads\/2023\/07\/Wolke-7-traeumeria-Son-Moll-Mallorca-36-650x433.jpg\" alt=\"Braut und Br\u00e4utigam sitzen lachend und h\u00e4ndchenhaltend w\u00e4hrend ihrer Hochzeit auf Mallorca, umgeben von l\u00e4chelnden G\u00e4sten in einem Au\u00dfenbereich. Die Braut tr\u00e4gt ein wei\u00dfes Spitzenkleid, der Br\u00e4utigam einen hellblauen Anzug.\" data-attr=\"0\"\/><\/div><\/div><div class=\"thumb-overlay\"><div class=\"thumb-bg\" style=\"background-color:rgba(255,255,255,0);background:rgba(255,255,255,0)\"><div class=\"thumb-title-wrap display-table-cell vertical-align-middle align-center fadeIn animated\"><div class=\"thumb-title\" style=\"color:;\"><i class=\"portfolio-overlay-icon\"><\/i><\/div><\/div><\/div><\/div><\/a><\/div><\/div><div class=\"element be-hoverlay not-wide no-wide-width-height style1-hover c_to_c\" style=\"margin-bottom: 10px;\"><div class=\"element-inner\" style=\"margin-left: 10px;\"><a href=\"https:\/\/lps-photography.de\/wp-content\/uploads\/2023\/07\/Wolke-7-traeumeria-Son-Moll-Mallorca-38.jpg\" data-size=\"1600x1066\" data-href=\"https:\/\/lps-photography.de\/wp-content\/uploads\/2023\/07\/Wolke-7-traeumeria-Son-Moll-Mallorca-38.jpg\" class=\"thumb-wrap\" title=\"Ein wei\u00dfer Holzstuhl mit t\u00fcrkisfarbenen Armlehnen h\u00e4lt eine gefaltete wei\u00dfe Decke, eine klare Glasflasche mit wei\u00dfen Blumen und einen handgeschriebenen Zettel - perfekte Details f\u00fcr eine Hochzeit auf Mallorca, mit sitzenden G\u00e4sten, die sanft im Hintergrund verschwimmen.\"><div class=\"flip-wrap\"><div data-aspect-ratio=\"1.5\" style = \"padding-bottom : 66.625%;;\" class=\"flip-img-wrap none-effect\"><img decoding=\"async\" src=\"https:\/\/lps-photography.de\/wp-content\/uploads\/2023\/07\/Wolke-7-traeumeria-Son-Moll-Mallorca-38-650x433.jpg\" alt=\"Ein wei\u00dfer Holzstuhl mit t\u00fcrkisfarbenen Armlehnen h\u00e4lt eine gefaltete wei\u00dfe Decke, eine klare Glasflasche mit wei\u00dfen Blumen und einen handgeschriebenen Zettel - perfekte Details f\u00fcr eine Hochzeit auf Mallorca, mit sitzenden G\u00e4sten, die sanft im Hintergrund verschwimmen.\" data-attr=\"0\"\/><\/div><\/div><div class=\"thumb-overlay\"><div class=\"thumb-bg\" style=\"background-color:rgba(255,255,255,0);background:rgba(255,255,255,0)\"><div class=\"thumb-title-wrap display-table-cell vertical-align-middle align-center fadeIn animated\"><div class=\"thumb-title\" style=\"color:;\"><i class=\"portfolio-overlay-icon\"><\/i><\/div><\/div><\/div><\/div><\/a><\/div><\/div><div class=\"element be-hoverlay not-wide no-wide-width-height style1-hover c_to_c\" style=\"margin-bottom: 10px;\"><div class=\"element-inner\" style=\"margin-left: 10px;\"><a href=\"https:\/\/lps-photography.de\/wp-content\/uploads\/2023\/07\/Wolke-7-traeumeria-Son-Moll-Mallorca-30.jpg\" data-size=\"1067x1600\" data-href=\"https:\/\/lps-photography.de\/wp-content\/uploads\/2023\/07\/Wolke-7-traeumeria-Son-Moll-Mallorca-30.jpg\" class=\"thumb-wrap\" title=\"Ein Paar umarmt sich innig; die Frau in einem wei\u00dfen Spitzenkleid zeigt ihren Ring und ihr Palmen-Tattoo, w\u00e4hrend der Mann in einem hellblauen Anzug sie festh\u00e4lt. Ihre Gesichter sind meist verdeckt - ein intimer Moment von einer Hochzeit auf Mallorca, festgehalten von einem Hochzeitsfotograf Mallorca.\"><div class=\"flip-wrap\"><div data-aspect-ratio=\"0.67\" style = \"padding-bottom : 149.95313964386%;;\" class=\"flip-img-wrap none-effect\"><img decoding=\"async\" src=\"https:\/\/lps-photography.de\/wp-content\/uploads\/2023\/07\/Wolke-7-traeumeria-Son-Moll-Mallorca-30-650x975.jpg\" alt=\"Ein Paar umarmt sich innig; die Frau in einem wei\u00dfen Spitzenkleid zeigt ihren Ring und ihr Palmen-Tattoo, w\u00e4hrend der Mann in einem hellblauen Anzug sie festh\u00e4lt. Ihre Gesichter sind meist verdeckt - ein intimer Moment von einer Hochzeit auf Mallorca, festgehalten von einem Hochzeitsfotograf Mallorca.\" data-attr=\"0\"\/><\/div><\/div><div class=\"thumb-overlay\"><div class=\"thumb-bg\" style=\"background-color:rgba(255,255,255,0);background:rgba(255,255,255,0)\"><div class=\"thumb-title-wrap display-table-cell vertical-align-middle align-center fadeIn animated\"><div class=\"thumb-title\" style=\"color:;\"><i class=\"portfolio-overlay-icon\"><\/i><\/div><\/div><\/div><\/div><\/a><\/div><\/div><div class=\"element be-hoverlay not-wide no-wide-width-height style1-hover c_to_c\" style=\"margin-bottom: 10px;\"><div class=\"element-inner\" style=\"margin-left: 10px;\"><a href=\"https:\/\/lps-photography.de\/wp-content\/uploads\/2023\/07\/Wolke-7-traeumeria-Son-Moll-Mallorca-32.jpg\" data-size=\"1067x1600\" data-href=\"https:\/\/lps-photography.de\/wp-content\/uploads\/2023\/07\/Wolke-7-traeumeria-Son-Moll-Mallorca-32.jpg\" class=\"thumb-wrap\" title=\"Eine Braut und ein Br\u00e4utigam stehen sich w\u00e4hrend einer Hochzeit im Freien auf Mallorca am Meer h\u00e4ndchenhaltend gegen\u00fcber, mit einem geschm\u00fcckten Bogen und einem Geistlichen im Hintergrund. Auf ihren St\u00fchlen stehen \"Brautigam\" und \"Braut\".\"><div class=\"flip-wrap\"><div data-aspect-ratio=\"0.67\" style = \"padding-bottom : 149.95313964386%;;\" class=\"flip-img-wrap none-effect\"><img decoding=\"async\" src=\"https:\/\/lps-photography.de\/wp-content\/uploads\/2023\/07\/Wolke-7-traeumeria-Son-Moll-Mallorca-32-650x975.jpg\" alt=\"Eine Braut und ein Br\u00e4utigam stehen sich w\u00e4hrend einer Hochzeit im Freien auf Mallorca am Meer h\u00e4ndchenhaltend gegen\u00fcber, mit einem geschm\u00fcckten Bogen und einem Geistlichen im Hintergrund. Auf ihren St\u00fchlen stehen \"Brautigam\" und \"Braut\".\" data-attr=\"0\"\/><\/div><\/div><div class=\"thumb-overlay\"><div class=\"thumb-bg\" style=\"background-color:rgba(255,255,255,0);background:rgba(255,255,255,0)\"><div class=\"thumb-title-wrap display-table-cell vertical-align-middle align-center fadeIn animated\"><div class=\"thumb-title\" style=\"color:;\"><i class=\"portfolio-overlay-icon\"><\/i><\/div><\/div><\/div><\/div><\/a><\/div><\/div><div class=\"element be-hoverlay not-wide no-wide-width-height style1-hover c_to_c\" style=\"margin-bottom: 10px;\"><div class=\"element-inner\" style=\"margin-left: 10px;\"><a href=\"https:\/\/lps-photography.de\/wp-content\/uploads\/2023\/07\/Wolke-7-traeumeria-Son-Moll-Mallorca-29.jpg\" data-size=\"1067x1600\" data-href=\"https:\/\/lps-photography.de\/wp-content\/uploads\/2023\/07\/Wolke-7-traeumeria-Son-Moll-Mallorca-29.jpg\" class=\"thumb-wrap\" title=\"Braut und Br\u00e4utigam umarmen sich unter einem Blumenbogen mit dem Meer im Hintergrund bei ihrer Hochzeit auf Mallorca. Die Braut tr\u00e4gt ein Spitzenkleid und einen Schleier, w\u00e4hrend der Br\u00e4utigam einen hellblauen Anzug tr\u00e4gt. Vorne stehen verzierte St\u00fchle, einer mit der Aufschrift Brutigam.\"><div class=\"flip-wrap\"><div data-aspect-ratio=\"0.67\" style = \"padding-bottom : 149.95313964386%;;\" class=\"flip-img-wrap none-effect\"><img decoding=\"async\" src=\"https:\/\/lps-photography.de\/wp-content\/uploads\/2023\/07\/Wolke-7-traeumeria-Son-Moll-Mallorca-29-650x975.jpg\" alt=\"Braut und Br\u00e4utigam umarmen sich unter einem Blumenbogen mit dem Meer im Hintergrund bei ihrer Hochzeit auf Mallorca. Die Braut tr\u00e4gt ein Spitzenkleid und einen Schleier, w\u00e4hrend der Br\u00e4utigam einen hellblauen Anzug tr\u00e4gt. Vorne stehen verzierte St\u00fchle, einer mit der Aufschrift Brutigam.\" data-attr=\"0\"\/><\/div><\/div><div class=\"thumb-overlay\"><div class=\"thumb-bg\" style=\"background-color:rgba(255,255,255,0);background:rgba(255,255,255,0)\"><div class=\"thumb-title-wrap display-table-cell vertical-align-middle align-center fadeIn animated\"><div class=\"thumb-title\" style=\"color:;\"><i class=\"portfolio-overlay-icon\"><\/i><\/div><\/div><\/div><\/div><\/a><\/div><\/div><div class=\"element be-hoverlay not-wide no-wide-width-height style1-hover c_to_c\" style=\"margin-bottom: 10px;\"><div class=\"element-inner\" style=\"margin-left: 10px;\"><a href=\"https:\/\/lps-photography.de\/wp-content\/uploads\/2023\/07\/Wolke-7-traeumeria-Son-Moll-Mallorca-31.jpg\" data-size=\"1065x1600\" data-href=\"https:\/\/lps-photography.de\/wp-content\/uploads\/2023\/07\/Wolke-7-traeumeria-Son-Moll-Mallorca-31.jpg\" class=\"thumb-wrap\" title=\"Eine Braut mit blondem Haar in einer Hochsteckfrisur und einem Schleier wischt sich die Augen und wirkt dabei sehr emotional. Aufgenommen von einem Hochzeitsfotograf Mallorca, zeigt das weich fokussierte Bild eine verschwommene Figur im Vordergrund und einen Berg im Hintergrund.\"><div class=\"flip-wrap\"><div data-aspect-ratio=\"0.67\" style = \"padding-bottom : 150.23474178404%;;\" class=\"flip-img-wrap none-effect\"><img decoding=\"async\" src=\"https:\/\/lps-photography.de\/wp-content\/uploads\/2023\/07\/Wolke-7-traeumeria-Son-Moll-Mallorca-31-650x977.jpg\" alt=\"Eine Braut mit blondem Haar in einer Hochsteckfrisur und einem Schleier wischt sich die Augen und wirkt dabei sehr emotional. Aufgenommen von einem Hochzeitsfotograf Mallorca, zeigt das weich fokussierte Bild eine verschwommene Figur im Vordergrund und einen Berg im Hintergrund.\" data-attr=\"0\"\/><\/div><\/div><div class=\"thumb-overlay\"><div class=\"thumb-bg\" style=\"background-color:rgba(255,255,255,0);background:rgba(255,255,255,0)\"><div class=\"thumb-title-wrap display-table-cell vertical-align-middle align-center fadeIn animated\"><div class=\"thumb-title\" style=\"color:;\"><i class=\"portfolio-overlay-icon\"><\/i><\/div><\/div><\/div><\/div><\/a><\/div><\/div><div class=\"element be-hoverlay not-wide no-wide-width-height style1-hover c_to_c\" style=\"margin-bottom: 10px;\"><div class=\"element-inner\" style=\"margin-left: 10px;\"><a href=\"https:\/\/lps-photography.de\/wp-content\/uploads\/2023\/07\/Wolke-7-traeumeria-Son-Moll-Mallorca-33.jpg\" data-size=\"1600x1065\" data-href=\"https:\/\/lps-photography.de\/wp-content\/uploads\/2023\/07\/Wolke-7-traeumeria-Son-Moll-Mallorca-33.jpg\" class=\"thumb-wrap\" title=\"Eine Gruppe von Menschen sitzt vor einem Tisch mit einem wei\u00dfen Blumenarrangement und blickt auf einen strahlend blauen Ozean mit Booten in der Ferne - eine atemberaubende Hochzeit auf Mallorca, aufgenommen von einem Hochzeitsfotografen Mallorca an einem sonnigen Tag.\"><div class=\"flip-wrap\"><div data-aspect-ratio=\"1.5\" style = \"padding-bottom : 66.5625%;;\" class=\"flip-img-wrap none-effect\"><img decoding=\"async\" src=\"https:\/\/lps-photography.de\/wp-content\/uploads\/2023\/07\/Wolke-7-traeumeria-Son-Moll-Mallorca-33-650x433.jpg\" alt=\"Eine Gruppe von Menschen sitzt vor einem Tisch mit einem wei\u00dfen Blumenarrangement und blickt auf einen strahlend blauen Ozean mit Booten in der Ferne - eine atemberaubende Hochzeit auf Mallorca, aufgenommen von einem Hochzeitsfotografen Mallorca an einem sonnigen Tag.\" data-attr=\"0\"\/><\/div><\/div><div class=\"thumb-overlay\"><div class=\"thumb-bg\" style=\"background-color:rgba(255,255,255,0);background:rgba(255,255,255,0)\"><div class=\"thumb-title-wrap display-table-cell vertical-align-middle align-center fadeIn animated\"><div class=\"thumb-title\" style=\"color:;\"><i class=\"portfolio-overlay-icon\"><\/i><\/div><\/div><\/div><\/div><\/a><\/div><\/div><div class=\"element be-hoverlay not-wide no-wide-width-height style1-hover c_to_c\" style=\"margin-bottom: 10px;\"><div class=\"element-inner\" style=\"margin-left: 10px;\"><a href=\"https:\/\/lps-photography.de\/wp-content\/uploads\/2023\/07\/Wolke-7-traeumeria-Son-Moll-Mallorca-41.jpg\" data-size=\"1600x1067\" data-href=\"https:\/\/lps-photography.de\/wp-content\/uploads\/2023\/07\/Wolke-7-traeumeria-Son-Moll-Mallorca-41.jpg\" class=\"thumb-wrap\" title=\"Ein Strau\u00df aus wei\u00dfen Blumen und gr\u00fcnem Laub liegt auf einem wei\u00dfen Holztisch, umwickelt mit wei\u00dfem Band und geschm\u00fcckt mit einem silbergerahmten Fotoanh\u00e4nger - ein perfektes Detail f\u00fcr Ihre Hochzeit auf Mallorca, wundersch\u00f6n festgehalten von Hochzeitsfotograf Mallorca.\"><div class=\"flip-wrap\"><div data-aspect-ratio=\"1.5\" style = \"padding-bottom : 66.6875%;;\" class=\"flip-img-wrap none-effect\"><img decoding=\"async\" src=\"https:\/\/lps-photography.de\/wp-content\/uploads\/2023\/07\/Wolke-7-traeumeria-Son-Moll-Mallorca-41-650x433.jpg\" alt=\"Ein Strau\u00df aus wei\u00dfen Blumen und gr\u00fcnem Laub liegt auf einem wei\u00dfen Holztisch, umwickelt mit wei\u00dfem Band und geschm\u00fcckt mit einem silbergerahmten Fotoanh\u00e4nger - ein perfektes Detail f\u00fcr Ihre Hochzeit auf Mallorca, wundersch\u00f6n festgehalten von Hochzeitsfotograf Mallorca.\" data-attr=\"0\"\/><\/div><\/div><div class=\"thumb-overlay\"><div class=\"thumb-bg\" style=\"background-color:rgba(255,255,255,0);background:rgba(255,255,255,0)\"><div class=\"thumb-title-wrap display-table-cell vertical-align-middle align-center fadeIn animated\"><div class=\"thumb-title\" style=\"color:;\"><i class=\"portfolio-overlay-icon\"><\/i><\/div><\/div><\/div><\/div><\/a><\/div><\/div><div class=\"element be-hoverlay not-wide no-wide-width-height style1-hover c_to_c\" style=\"margin-bottom: 10px;\"><div class=\"element-inner\" style=\"margin-left: 10px;\"><a href=\"https:\/\/lps-photography.de\/wp-content\/uploads\/2023\/07\/Wolke-7-traeumeria-Son-Moll-Mallorca-42.jpg\" data-size=\"1600x1067\" data-href=\"https:\/\/lps-photography.de\/wp-content\/uploads\/2023\/07\/Wolke-7-traeumeria-Son-Moll-Mallorca-42.jpg\" class=\"thumb-wrap\" title=\"Eine Braut in einem wei\u00dfen Spitzenkleid und ein Mann in einem hellblauen Anzug sitzen eng beieinander und halten sich an den H\u00e4nden, wobei nur ihre Oberk\u00f6rper und H\u00e4nde zu sehen sind - ein intimer, z\u00e4rtlicher Moment, der von einem Hochzeitsfotografen Mallorca w\u00e4hrend einer Hochzeit auf Mallorca wundersch\u00f6n eingefangen wurde.\"><div class=\"flip-wrap\"><div data-aspect-ratio=\"1.5\" style = \"padding-bottom : 66.6875%;;\" class=\"flip-img-wrap none-effect\"><img decoding=\"async\" src=\"https:\/\/lps-photography.de\/wp-content\/uploads\/2023\/07\/Wolke-7-traeumeria-Son-Moll-Mallorca-42-650x433.jpg\" alt=\"Eine Braut in einem wei\u00dfen Spitzenkleid und ein Mann in einem hellblauen Anzug sitzen eng beieinander und halten sich an den H\u00e4nden, wobei nur ihre Oberk\u00f6rper und H\u00e4nde zu sehen sind - ein intimer, z\u00e4rtlicher Moment, der von einem Hochzeitsfotografen Mallorca w\u00e4hrend einer Hochzeit auf Mallorca wundersch\u00f6n eingefangen wurde.\" data-attr=\"0\"\/><\/div><\/div><div class=\"thumb-overlay\"><div class=\"thumb-bg\" style=\"background-color:rgba(255,255,255,0);background:rgba(255,255,255,0)\"><div class=\"thumb-title-wrap display-table-cell vertical-align-middle align-center fadeIn animated\"><div class=\"thumb-title\" style=\"color:;\"><i class=\"portfolio-overlay-icon\"><\/i><\/div><\/div><\/div><\/div><\/a><\/div><\/div><div class=\"element be-hoverlay not-wide no-wide-width-height style1-hover c_to_c\" style=\"margin-bottom: 10px;\"><div class=\"element-inner\" style=\"margin-left: 10px;\"><a href=\"https:\/\/lps-photography.de\/wp-content\/uploads\/2023\/07\/Wolke-7-traeumeria-Son-Moll-Mallorca-43.jpg\" data-size=\"1067x1600\" data-href=\"https:\/\/lps-photography.de\/wp-content\/uploads\/2023\/07\/Wolke-7-traeumeria-Son-Moll-Mallorca-43.jpg\" class=\"thumb-wrap\" title=\"Eine Braut in einem wei\u00dfen Spitzenhochzeitskleid wischt sich die Tr\u00e4nen aus den Augen, w\u00e4hrend sie mit ihrem Partner bei einer Hochzeit auf Mallorca H\u00e4ndchen h\u00e4lt. Sie sitzt auf einem verschn\u00f6rkelten Stuhl, w\u00e4hrend die G\u00e4ste in Anz\u00fcgen im Hintergrund verschwimmen.\"><div class=\"flip-wrap\"><div data-aspect-ratio=\"0.67\" style = \"padding-bottom : 149.95313964386%;;\" class=\"flip-img-wrap none-effect\"><img decoding=\"async\" src=\"https:\/\/lps-photography.de\/wp-content\/uploads\/2023\/07\/Wolke-7-traeumeria-Son-Moll-Mallorca-43-650x975.jpg\" alt=\"Eine Braut in einem wei\u00dfen Spitzenhochzeitskleid wischt sich die Tr\u00e4nen aus den Augen, w\u00e4hrend sie mit ihrem Partner bei einer Hochzeit auf Mallorca H\u00e4ndchen h\u00e4lt. Sie sitzt auf einem verschn\u00f6rkelten Stuhl, w\u00e4hrend die G\u00e4ste in Anz\u00fcgen im Hintergrund verschwimmen.\" data-attr=\"0\"\/><\/div><\/div><div class=\"thumb-overlay\"><div class=\"thumb-bg\" style=\"background-color:rgba(255,255,255,0);background:rgba(255,255,255,0)\"><div class=\"thumb-title-wrap display-table-cell vertical-align-middle align-center fadeIn animated\"><div class=\"thumb-title\" style=\"color:;\"><i class=\"portfolio-overlay-icon\"><\/i><\/div><\/div><\/div><\/div><\/a><\/div><\/div><div class=\"element be-hoverlay not-wide no-wide-width-height style1-hover c_to_c\" style=\"margin-bottom: 10px;\"><div class=\"element-inner\" style=\"margin-left: 10px;\"><a href=\"https:\/\/lps-photography.de\/wp-content\/uploads\/2023\/07\/Wolke-7-traeumeria-Son-Moll-Mallorca-44.jpg\" data-size=\"1600x1067\" data-href=\"https:\/\/lps-photography.de\/wp-content\/uploads\/2023\/07\/Wolke-7-traeumeria-Son-Moll-Mallorca-44.jpg\" class=\"thumb-wrap\" title=\"Eine Braut in einem wei\u00dfen Spitzenkleid l\u00e4chelt, w\u00e4hrend sie mit dem Br\u00e4utigam, der einen hellblauen Anzug tr\u00e4gt, H\u00e4ndchen h\u00e4lt. Aufgenommen von einem Hochzeitsfotograf Mallorca, sitzen sie inmitten von G\u00e4sten bei ihrer Hochzeit auf Mallorca im Sonnenlicht.\"><div class=\"flip-wrap\"><div data-aspect-ratio=\"1.5\" style = \"padding-bottom : 66.6875%;;\" class=\"flip-img-wrap none-effect\"><img decoding=\"async\" src=\"https:\/\/lps-photography.de\/wp-content\/uploads\/2023\/07\/Wolke-7-traeumeria-Son-Moll-Mallorca-44-650x433.jpg\" alt=\"Eine Braut in einem wei\u00dfen Spitzenkleid l\u00e4chelt, w\u00e4hrend sie mit dem Br\u00e4utigam, der einen hellblauen Anzug tr\u00e4gt, H\u00e4ndchen h\u00e4lt. Aufgenommen von einem Hochzeitsfotograf Mallorca, sitzen sie inmitten von G\u00e4sten bei ihrer Hochzeit auf Mallorca im Sonnenlicht.\" data-attr=\"0\"\/><\/div><\/div><div class=\"thumb-overlay\"><div class=\"thumb-bg\" style=\"background-color:rgba(255,255,255,0);background:rgba(255,255,255,0)\"><div class=\"thumb-title-wrap display-table-cell vertical-align-middle align-center fadeIn animated\"><div class=\"thumb-title\" style=\"color:;\"><i class=\"portfolio-overlay-icon\"><\/i><\/div><\/div><\/div><\/div><\/a><\/div><\/div><div class=\"element be-hoverlay not-wide no-wide-width-height style1-hover c_to_c\" style=\"margin-bottom: 10px;\"><div class=\"element-inner\" style=\"margin-left: 10px;\"><a href=\"https:\/\/lps-photography.de\/wp-content\/uploads\/2023\/07\/Wolke-7-traeumeria-Son-Moll-Mallorca-23.jpg\" data-size=\"1067x1600\" data-href=\"https:\/\/lps-photography.de\/wp-content\/uploads\/2023\/07\/Wolke-7-traeumeria-Son-Moll-Mallorca-23.jpg\" class=\"thumb-wrap\" title=\"Ein Paar in blauer Abendgarderobe k\u00fcsst sich an einem malerischen Ort im Freien mit Meer und Bergen im Hintergrund. Die festliche, romantische Umgebung ist perfekt f\u00fcr eine Hochzeit auf Mallorca, wundersch\u00f6n eingefangen von einem Hochzeitsfotograf Mallorca.\"><div class=\"flip-wrap\"><div data-aspect-ratio=\"0.67\" style = \"padding-bottom : 149.95313964386%;;\" class=\"flip-img-wrap none-effect\"><img decoding=\"async\" src=\"https:\/\/lps-photography.de\/wp-content\/uploads\/2023\/07\/Wolke-7-traeumeria-Son-Moll-Mallorca-23-650x975.jpg\" alt=\"Ein Paar in blauer Abendgarderobe k\u00fcsst sich an einem malerischen Ort im Freien mit Meer und Bergen im Hintergrund. Die festliche, romantische Umgebung ist perfekt f\u00fcr eine Hochzeit auf Mallorca, wundersch\u00f6n eingefangen von einem Hochzeitsfotograf Mallorca.\" data-attr=\"0\"\/><\/div><\/div><div class=\"thumb-overlay\"><div class=\"thumb-bg\" style=\"background-color:rgba(255,255,255,0);background:rgba(255,255,255,0)\"><div class=\"thumb-title-wrap display-table-cell vertical-align-middle align-center fadeIn animated\"><div class=\"thumb-title\" style=\"color:;\"><i class=\"portfolio-overlay-icon\"><\/i><\/div><\/div><\/div><\/div><\/a><\/div><\/div><div class=\"element be-hoverlay not-wide no-wide-width-height style1-hover c_to_c\" style=\"margin-bottom: 10px;\"><div class=\"element-inner\" style=\"margin-left: 10px;\"><a href=\"https:\/\/lps-photography.de\/wp-content\/uploads\/2023\/07\/Wolke-7-traeumeria-Son-Moll-Mallorca-24.jpg\" data-size=\"1067x1600\" data-href=\"https:\/\/lps-photography.de\/wp-content\/uploads\/2023\/07\/Wolke-7-traeumeria-Son-Moll-Mallorca-24.jpg\" class=\"thumb-wrap\" title=\"Ein zweist\u00f6ckiges Vintage-Tablett mit verschiedenen mundgerechten H\u00e4ppchen auf blauen Servietten, die jeweils mit einem Zahnstocher befestigt sind, wird bei einer Hochzeit auf Mallorca im Freien pr\u00e4sentiert, mit verschwommenem blau-wei\u00dfem Dekor im Hintergrund.\"><div class=\"flip-wrap\"><div data-aspect-ratio=\"0.67\" style = \"padding-bottom : 149.95313964386%;;\" class=\"flip-img-wrap none-effect\"><img decoding=\"async\" src=\"https:\/\/lps-photography.de\/wp-content\/uploads\/2023\/07\/Wolke-7-traeumeria-Son-Moll-Mallorca-24-650x975.jpg\" alt=\"Ein zweist\u00f6ckiges Vintage-Tablett mit verschiedenen mundgerechten H\u00e4ppchen auf blauen Servietten, die jeweils mit einem Zahnstocher befestigt sind, wird bei einer Hochzeit auf Mallorca im Freien pr\u00e4sentiert, mit verschwommenem blau-wei\u00dfem Dekor im Hintergrund.\" data-attr=\"0\"\/><\/div><\/div><div class=\"thumb-overlay\"><div class=\"thumb-bg\" style=\"background-color:rgba(255,255,255,0);background:rgba(255,255,255,0)\"><div class=\"thumb-title-wrap display-table-cell vertical-align-middle align-center fadeIn animated\"><div class=\"thumb-title\" style=\"color:;\"><i class=\"portfolio-overlay-icon\"><\/i><\/div><\/div><\/div><\/div><\/a><\/div><\/div><div class=\"element be-hoverlay not-wide no-wide-width-height style1-hover c_to_c\" style=\"margin-bottom: 10px;\"><div class=\"element-inner\" style=\"margin-left: 10px;\"><a href=\"https:\/\/lps-photography.de\/wp-content\/uploads\/2023\/07\/Wolke-7-traeumeria-Son-Moll-Mallorca-46.jpg\" data-size=\"1067x1600\" data-href=\"https:\/\/lps-photography.de\/wp-content\/uploads\/2023\/07\/Wolke-7-traeumeria-Son-Moll-Mallorca-46.jpg\" class=\"thumb-wrap\" title=\"Eine Braut in einem wei\u00dfen Spitzenkleid und Schleier l\u00e4chelt einen Mann im dunklen Anzug an, der einen Blumenstrau\u00df h\u00e4lt. Sie stehen im Freien zwischen Treppen, Palmen und einem strahlend blauen Himmel - wundersch\u00f6n eingefangen von einem Hochzeitsfotografen Mallorca w\u00e4hrend ihrer Hochzeit auf Mallorca.\"><div class=\"flip-wrap\"><div data-aspect-ratio=\"0.67\" style = \"padding-bottom : 149.95313964386%;;\" class=\"flip-img-wrap none-effect\"><img decoding=\"async\" src=\"https:\/\/lps-photography.de\/wp-content\/uploads\/2023\/07\/Wolke-7-traeumeria-Son-Moll-Mallorca-46-650x975.jpg\" alt=\"Eine Braut in einem wei\u00dfen Spitzenkleid und Schleier l\u00e4chelt einen Mann im dunklen Anzug an, der einen Blumenstrau\u00df h\u00e4lt. Sie stehen im Freien zwischen Treppen, Palmen und einem strahlend blauen Himmel - wundersch\u00f6n eingefangen von einem Hochzeitsfotografen Mallorca w\u00e4hrend ihrer Hochzeit auf Mallorca.\" data-attr=\"0\"\/><\/div><\/div><div class=\"thumb-overlay\"><div class=\"thumb-bg\" style=\"background-color:rgba(255,255,255,0);background:rgba(255,255,255,0)\"><div class=\"thumb-title-wrap display-table-cell vertical-align-middle align-center fadeIn animated\"><div class=\"thumb-title\" style=\"color:;\"><i class=\"portfolio-overlay-icon\"><\/i><\/div><\/div><\/div><\/div><\/a><\/div><\/div><div class=\"element be-hoverlay not-wide no-wide-width-height style1-hover c_to_c\" style=\"margin-bottom: 10px;\"><div class=\"element-inner\" style=\"margin-left: 10px;\"><a href=\"https:\/\/lps-photography.de\/wp-content\/uploads\/2023\/07\/Wolke-7-traeumeria-Son-Moll-Mallorca-18.jpg\" data-size=\"1600x1066\" data-href=\"https:\/\/lps-photography.de\/wp-content\/uploads\/2023\/07\/Wolke-7-traeumeria-Son-Moll-Mallorca-18.jpg\" class=\"thumb-wrap\" title=\"Eine Braut in wei\u00dfem Kleid und Schleier lacht fr\u00f6hlich, w\u00e4hrend sie mit ihrem Br\u00e4utigam in einem hellblauen Anzug H\u00e4ndchen h\u00e4lt. So wird der Zauber einer Hochzeit auf Mallorca inmitten von \u00fcppigem gr\u00fcnen Laub eingefangen - perfekt f\u00fcr jeden Hochzeitsfotografen Mallorca.\"><div class=\"flip-wrap\"><div data-aspect-ratio=\"1.5\" style = \"padding-bottom : 66.625%;;\" class=\"flip-img-wrap none-effect\"><img decoding=\"async\" src=\"https:\/\/lps-photography.de\/wp-content\/uploads\/2023\/07\/Wolke-7-traeumeria-Son-Moll-Mallorca-18-650x433.jpg\" alt=\"Eine Braut in wei\u00dfem Kleid und Schleier lacht fr\u00f6hlich, w\u00e4hrend sie mit ihrem Br\u00e4utigam in einem hellblauen Anzug H\u00e4ndchen h\u00e4lt. So wird der Zauber einer Hochzeit auf Mallorca inmitten von \u00fcppigem gr\u00fcnen Laub eingefangen - perfekt f\u00fcr jeden Hochzeitsfotografen Mallorca.\" data-attr=\"0\"\/><\/div><\/div><div class=\"thumb-overlay\"><div class=\"thumb-bg\" style=\"background-color:rgba(255,255,255,0);background:rgba(255,255,255,0)\"><div class=\"thumb-title-wrap display-table-cell vertical-align-middle align-center fadeIn animated\"><div class=\"thumb-title\" style=\"color:;\"><i class=\"portfolio-overlay-icon\"><\/i><\/div><\/div><\/div><\/div><\/a><\/div><\/div><div class=\"element be-hoverlay not-wide no-wide-width-height style1-hover c_to_c\" style=\"margin-bottom: 10px;\"><div class=\"element-inner\" style=\"margin-left: 10px;\"><a href=\"https:\/\/lps-photography.de\/wp-content\/uploads\/2023\/07\/Wolke-7-traeumeria-Son-Moll-Mallorca-25.jpg\" data-size=\"1067x1600\" data-href=\"https:\/\/lps-photography.de\/wp-content\/uploads\/2023\/07\/Wolke-7-traeumeria-Son-Moll-Mallorca-25.jpg\" class=\"thumb-wrap\" title=\"Eine Braut in einem wei\u00dfen Spitzenkleid und ein Br\u00e4utigam in einem hellblauen Anzug stehen Seite an Seite, l\u00e4cheln und lachen fr\u00f6hlich, mit Gr\u00fcn und Sonnenlicht im Hintergrund - wundersch\u00f6n eingefangen von einem Hochzeitsfotograf Mallorca.\"><div class=\"flip-wrap\"><div data-aspect-ratio=\"0.67\" style = \"padding-bottom : 149.95313964386%;;\" class=\"flip-img-wrap none-effect\"><img decoding=\"async\" src=\"https:\/\/lps-photography.de\/wp-content\/uploads\/2023\/07\/Wolke-7-traeumeria-Son-Moll-Mallorca-25-650x975.jpg\" alt=\"Eine Braut in einem wei\u00dfen Spitzenkleid und ein Br\u00e4utigam in einem hellblauen Anzug stehen Seite an Seite, l\u00e4cheln und lachen fr\u00f6hlich, mit Gr\u00fcn und Sonnenlicht im Hintergrund - wundersch\u00f6n eingefangen von einem Hochzeitsfotograf Mallorca.\" data-attr=\"0\"\/><\/div><\/div><div class=\"thumb-overlay\"><div class=\"thumb-bg\" style=\"background-color:rgba(255,255,255,0);background:rgba(255,255,255,0)\"><div class=\"thumb-title-wrap display-table-cell vertical-align-middle align-center fadeIn animated\"><div class=\"thumb-title\" style=\"color:;\"><i class=\"portfolio-overlay-icon\"><\/i><\/div><\/div><\/div><\/div><\/a><\/div><\/div><div class=\"element be-hoverlay not-wide no-wide-width-height style1-hover c_to_c\" style=\"margin-bottom: 10px;\"><div class=\"element-inner\" style=\"margin-left: 10px;\"><a href=\"https:\/\/lps-photography.de\/wp-content\/uploads\/2023\/07\/Wolke-7-traeumeria-Son-Moll-Mallorca-27.jpg\" data-size=\"1067x1600\" data-href=\"https:\/\/lps-photography.de\/wp-content\/uploads\/2023\/07\/Wolke-7-traeumeria-Son-Moll-Mallorca-27.jpg\" class=\"thumb-wrap\" title=\"Eine Frau mit kurzen dunklen Haaren in einem schwarzen Kleid l\u00e4chelt warm, w\u00e4hrend sie sich im Freien an einen Korbtisch lehnt. Das Sonnenlicht f\u00e4llt durch das Gr\u00fcn im Hintergrund und f\u00e4ngt die Freude \u00fcber eine Hochzeit auf Mallorca perfekt ein.\"><div class=\"flip-wrap\"><div data-aspect-ratio=\"0.67\" style = \"padding-bottom : 149.95313964386%;;\" class=\"flip-img-wrap none-effect\"><img decoding=\"async\" src=\"https:\/\/lps-photography.de\/wp-content\/uploads\/2023\/07\/Wolke-7-traeumeria-Son-Moll-Mallorca-27-650x975.jpg\" alt=\"Eine Frau mit kurzen dunklen Haaren in einem schwarzen Kleid l\u00e4chelt warm, w\u00e4hrend sie sich im Freien an einen Korbtisch lehnt. Das Sonnenlicht f\u00e4llt durch das Gr\u00fcn im Hintergrund und f\u00e4ngt die Freude \u00fcber eine Hochzeit auf Mallorca perfekt ein.\" data-attr=\"0\"\/><\/div><\/div><div class=\"thumb-overlay\"><div class=\"thumb-bg\" style=\"background-color:rgba(255,255,255,0);background:rgba(255,255,255,0)\"><div class=\"thumb-title-wrap display-table-cell vertical-align-middle align-center fadeIn animated\"><div class=\"thumb-title\" style=\"color:;\"><i class=\"portfolio-overlay-icon\"><\/i><\/div><\/div><\/div><\/div><\/a><\/div><\/div><div class=\"element be-hoverlay not-wide no-wide-width-height style1-hover c_to_c\" style=\"margin-bottom: 10px;\"><div class=\"element-inner\" style=\"margin-left: 10px;\"><a href=\"https:\/\/lps-photography.de\/wp-content\/uploads\/2023\/07\/Wolke-7-traeumeria-Son-Moll-Mallorca-22.jpg\" data-size=\"1600x1066\" data-href=\"https:\/\/lps-photography.de\/wp-content\/uploads\/2023\/07\/Wolke-7-traeumeria-Son-Moll-Mallorca-22.jpg\" class=\"thumb-wrap\" title=\"Eine Gruppe von Menschen auf einer lebhaften Hochzeit auf Mallorca, einige mit erhobenen Armen und l\u00e4chelnd. Ein Mann im blauen Anzug steht in der Mitte, umgeben von G\u00e4sten in Dunkelblau; die Atmosph\u00e4re ist fr\u00f6hlich und festlich.\"><div class=\"flip-wrap\"><div data-aspect-ratio=\"1.5\" style = \"padding-bottom : 66.625%;;\" class=\"flip-img-wrap none-effect\"><img decoding=\"async\" src=\"https:\/\/lps-photography.de\/wp-content\/uploads\/2023\/07\/Wolke-7-traeumeria-Son-Moll-Mallorca-22-650x433.jpg\" alt=\"Eine Gruppe von Menschen auf einer lebhaften Hochzeit auf Mallorca, einige mit erhobenen Armen und l\u00e4chelnd. Ein Mann im blauen Anzug steht in der Mitte, umgeben von G\u00e4sten in Dunkelblau; die Atmosph\u00e4re ist fr\u00f6hlich und festlich.\" data-attr=\"0\"\/><\/div><\/div><div class=\"thumb-overlay\"><div class=\"thumb-bg\" style=\"background-color:rgba(255,255,255,0);background:rgba(255,255,255,0)\"><div class=\"thumb-title-wrap display-table-cell vertical-align-middle align-center fadeIn animated\"><div class=\"thumb-title\" style=\"color:;\"><i class=\"portfolio-overlay-icon\"><\/i><\/div><\/div><\/div><\/div><\/a><\/div><\/div><div class=\"element be-hoverlay not-wide no-wide-width-height style1-hover c_to_c\" style=\"margin-bottom: 10px;\"><div class=\"element-inner\" style=\"margin-left: 10px;\"><a href=\"https:\/\/lps-photography.de\/wp-content\/uploads\/2023\/07\/Wolke-7-traeumeria-Son-Moll-Mallorca-19.jpg\" data-size=\"1600x1067\" data-href=\"https:\/\/lps-photography.de\/wp-content\/uploads\/2023\/07\/Wolke-7-traeumeria-Son-Moll-Mallorca-19.jpg\" class=\"thumb-wrap\" title=\"Ein Mann und eine Frau in formeller Kleidung l\u00e4cheln und unterhalten sich bei einer Veranstaltung im Freien, umgeben von anderen G\u00e4sten in Blau und Marineblau. Die sonnenbeschienene, gr\u00fcne Umgebung f\u00e4ngt die Eleganz einer Hochzeit auf Mallorca ein, perfekt f\u00fcr jeden Hochzeitsfotograf Mallorca.\"><div class=\"flip-wrap\"><div data-aspect-ratio=\"1.5\" style = \"padding-bottom : 66.6875%;;\" class=\"flip-img-wrap none-effect\"><img decoding=\"async\" src=\"https:\/\/lps-photography.de\/wp-content\/uploads\/2023\/07\/Wolke-7-traeumeria-Son-Moll-Mallorca-19-650x433.jpg\" alt=\"Ein Mann und eine Frau in formeller Kleidung l\u00e4cheln und unterhalten sich bei einer Veranstaltung im Freien, umgeben von anderen G\u00e4sten in Blau und Marineblau. Die sonnenbeschienene, gr\u00fcne Umgebung f\u00e4ngt die Eleganz einer Hochzeit auf Mallorca ein, perfekt f\u00fcr jeden Hochzeitsfotograf Mallorca.\" data-attr=\"0\"\/><\/div><\/div><div class=\"thumb-overlay\"><div class=\"thumb-bg\" style=\"background-color:rgba(255,255,255,0);background:rgba(255,255,255,0)\"><div class=\"thumb-title-wrap display-table-cell vertical-align-middle align-center fadeIn animated\"><div class=\"thumb-title\" style=\"color:;\"><i class=\"portfolio-overlay-icon\"><\/i><\/div><\/div><\/div><\/div><\/a><\/div><\/div><div class=\"element be-hoverlay not-wide no-wide-width-height style1-hover c_to_c\" style=\"margin-bottom: 10px;\"><div class=\"element-inner\" style=\"margin-left: 10px;\"><a href=\"https:\/\/lps-photography.de\/wp-content\/uploads\/2023\/07\/Wolke-7-traeumeria-Son-Moll-Mallorca-21.jpg\" data-size=\"1600x1066\" data-href=\"https:\/\/lps-photography.de\/wp-content\/uploads\/2023\/07\/Wolke-7-traeumeria-Son-Moll-Mallorca-21.jpg\" class=\"thumb-wrap\" title=\"Eine Gruppe von Menschen, viele in Marineblau gekleidet, feiert fr\u00f6hlich um einen Mann in einem hellblauen Anzug auf einer Hochzeit auf Mallorca. Sie l\u00e4cheln, lachen und heben aufgeregt die H\u00e4nde bei dieser fr\u00f6hlichen Veranstaltung im Freien.\"><div class=\"flip-wrap\"><div data-aspect-ratio=\"1.5\" style = \"padding-bottom : 66.625%;;\" class=\"flip-img-wrap none-effect\"><img decoding=\"async\" src=\"https:\/\/lps-photography.de\/wp-content\/uploads\/2023\/07\/Wolke-7-traeumeria-Son-Moll-Mallorca-21-650x433.jpg\" alt=\"Eine Gruppe von Menschen, viele in Marineblau gekleidet, feiert fr\u00f6hlich um einen Mann in einem hellblauen Anzug auf einer Hochzeit auf Mallorca. Sie l\u00e4cheln, lachen und heben aufgeregt die H\u00e4nde bei dieser fr\u00f6hlichen Veranstaltung im Freien.\" data-attr=\"0\"\/><\/div><\/div><div class=\"thumb-overlay\"><div class=\"thumb-bg\" style=\"background-color:rgba(255,255,255,0);background:rgba(255,255,255,0)\"><div class=\"thumb-title-wrap display-table-cell vertical-align-middle align-center fadeIn animated\"><div class=\"thumb-title\" style=\"color:;\"><i class=\"portfolio-overlay-icon\"><\/i><\/div><\/div><\/div><\/div><\/a><\/div><\/div><div class=\"element be-hoverlay not-wide no-wide-width-height style1-hover c_to_c\" style=\"margin-bottom: 10px;\"><div class=\"element-inner\" style=\"margin-left: 10px;\"><a href=\"https:\/\/lps-photography.de\/wp-content\/uploads\/2023\/07\/Wolke-7-traeumeria-Son-Moll-Mallorca-20-1.jpg\" data-size=\"1067x1600\" data-href=\"https:\/\/lps-photography.de\/wp-content\/uploads\/2023\/07\/Wolke-7-traeumeria-Son-Moll-Mallorca-20-1.jpg\" class=\"thumb-wrap\" title=\"Eine junge Frau mit einem t\u00e4towierten Arm l\u00e4chelt und zeigt ein Friedenszeichen, w\u00e4hrend sie an einem Tisch sitzt; eine \u00e4ltere Frau im Vordergrund sitzt auf einer Hochzeit auf Mallorca, umgeben von \u00fcppigen Pflanzen und festlicher Dekoration.\"><div class=\"flip-wrap\"><div data-aspect-ratio=\"0.67\" style = \"padding-bottom : 149.95313964386%;;\" class=\"flip-img-wrap none-effect\"><img decoding=\"async\" src=\"https:\/\/lps-photography.de\/wp-content\/uploads\/2023\/07\/Wolke-7-traeumeria-Son-Moll-Mallorca-20-1-650x975.jpg\" alt=\"Eine junge Frau mit einem t\u00e4towierten Arm l\u00e4chelt und zeigt ein Friedenszeichen, w\u00e4hrend sie an einem Tisch sitzt; eine \u00e4ltere Frau im Vordergrund sitzt auf einer Hochzeit auf Mallorca, umgeben von \u00fcppigen Pflanzen und festlicher Dekoration.\" data-attr=\"0\"\/><\/div><\/div><div class=\"thumb-overlay\"><div class=\"thumb-bg\" style=\"background-color:rgba(255,255,255,0);background:rgba(255,255,255,0)\"><div class=\"thumb-title-wrap display-table-cell vertical-align-middle align-center fadeIn animated\"><div class=\"thumb-title\" style=\"color:;\"><i class=\"portfolio-overlay-icon\"><\/i><\/div><\/div><\/div><\/div><\/a><\/div><\/div><div class=\"element be-hoverlay not-wide no-wide-width-height style1-hover c_to_c\" style=\"margin-bottom: 10px;\"><div class=\"element-inner\" style=\"margin-left: 10px;\"><a href=\"https:\/\/lps-photography.de\/wp-content\/uploads\/2023\/07\/Wolke-7-traeumeria-Son-Moll-Mallorca-16-1.jpg\" data-size=\"1600x1067\" data-href=\"https:\/\/lps-photography.de\/wp-content\/uploads\/2023\/07\/Wolke-7-traeumeria-Son-Moll-Mallorca-16-1.jpg\" class=\"thumb-wrap\" title=\"Eine Braut in einem wei\u00dfen Spitzenkleid mit einem Blumenstrau\u00df in der Hand und ein Br\u00e4utigam in einem hellblauen Anzug k\u00fcssen sich auf ihrer Hochzeit auf Mallorca im Freien, an einem Holzgel\u00e4nder, umgeben von \u00fcppigem Gr\u00fcn.\"><div class=\"flip-wrap\"><div data-aspect-ratio=\"1.5\" style = \"padding-bottom : 66.6875%;;\" class=\"flip-img-wrap none-effect\"><img decoding=\"async\" src=\"https:\/\/lps-photography.de\/wp-content\/uploads\/2023\/07\/Wolke-7-traeumeria-Son-Moll-Mallorca-16-1-650x433.jpg\" alt=\"Eine Braut in einem wei\u00dfen Spitzenkleid mit einem Blumenstrau\u00df in der Hand und ein Br\u00e4utigam in einem hellblauen Anzug k\u00fcssen sich auf ihrer Hochzeit auf Mallorca im Freien, an einem Holzgel\u00e4nder, umgeben von \u00fcppigem Gr\u00fcn.\" data-attr=\"0\"\/><\/div><\/div><div class=\"thumb-overlay\"><div class=\"thumb-bg\" style=\"background-color:rgba(255,255,255,0);background:rgba(255,255,255,0)\"><div class=\"thumb-title-wrap display-table-cell vertical-align-middle align-center fadeIn animated\"><div class=\"thumb-title\" style=\"color:;\"><i class=\"portfolio-overlay-icon\"><\/i><\/div><\/div><\/div><\/div><\/a><\/div><\/div><div class=\"element be-hoverlay not-wide no-wide-width-height style1-hover c_to_c\" style=\"margin-bottom: 10px;\"><div class=\"element-inner\" style=\"margin-left: 10px;\"><a href=\"https:\/\/lps-photography.de\/wp-content\/uploads\/2023\/07\/Wolke-7-traeumeria-Son-Moll-Mallorca-6.jpg\" data-size=\"1600x1067\" data-href=\"https:\/\/lps-photography.de\/wp-content\/uploads\/2023\/07\/Wolke-7-traeumeria-Son-Moll-Mallorca-6.jpg\" class=\"thumb-wrap\" title=\"Eine Person h\u00e4lt ein Tablett mit kleinen Glasbechern, die mit Desserts gef\u00fcllt sind, jedes mit einem St\u00e4bchen, wei\u00dfen herzf\u00f6rmigen Ornamenten und roten karierten B\u00e4ndern - die perfekten s\u00fc\u00dfen Leckereien f\u00fcr eine Hochzeit auf Mallorca. Die Menschen im Hintergrund sind unscharf.\"><div class=\"flip-wrap\"><div data-aspect-ratio=\"1.5\" style = \"padding-bottom : 66.6875%;;\" class=\"flip-img-wrap none-effect\"><img decoding=\"async\" src=\"https:\/\/lps-photography.de\/wp-content\/uploads\/2023\/07\/Wolke-7-traeumeria-Son-Moll-Mallorca-6-650x433.jpg\" alt=\"Eine Person h\u00e4lt ein Tablett mit kleinen Glasbechern, die mit Desserts gef\u00fcllt sind, jedes mit einem St\u00e4bchen, wei\u00dfen herzf\u00f6rmigen Ornamenten und roten karierten B\u00e4ndern - die perfekten s\u00fc\u00dfen Leckereien f\u00fcr eine Hochzeit auf Mallorca. Die Menschen im Hintergrund sind unscharf.\" data-attr=\"0\"\/><\/div><\/div><div class=\"thumb-overlay\"><div class=\"thumb-bg\" style=\"background-color:rgba(255,255,255,0);background:rgba(255,255,255,0)\"><div class=\"thumb-title-wrap display-table-cell vertical-align-middle align-center fadeIn animated\"><div class=\"thumb-title\" style=\"color:;\"><i class=\"portfolio-overlay-icon\"><\/i><\/div><\/div><\/div><\/div><\/a><\/div><\/div><div class=\"element be-hoverlay not-wide no-wide-width-height style1-hover c_to_c\" style=\"margin-bottom: 10px;\"><div class=\"element-inner\" style=\"margin-left: 10px;\"><a href=\"https:\/\/lps-photography.de\/wp-content\/uploads\/2023\/07\/Wolke-7-traeumeria-Son-Moll-Mallorca-28.jpg\" data-size=\"1067x1600\" data-href=\"https:\/\/lps-photography.de\/wp-content\/uploads\/2023\/07\/Wolke-7-traeumeria-Son-Moll-Mallorca-28.jpg\" class=\"thumb-wrap\" title=\"Eine l\u00e4chelnde Frau in einem marineblauen Kleid und ein Mann im Anzug machen ein gemeinsames Selfie auf einem Holzdeck mit Blick auf das t\u00fcrkisfarbene Meer - ein perfekter Moment f\u00fcr jeden Hochzeitsfotograf Mallorca w\u00e4hrend einer romantischen Hochzeit auf Mallorca.\"><div class=\"flip-wrap\"><div data-aspect-ratio=\"0.67\" style = \"padding-bottom : 149.95313964386%;;\" class=\"flip-img-wrap none-effect\"><img decoding=\"async\" src=\"https:\/\/lps-photography.de\/wp-content\/uploads\/2023\/07\/Wolke-7-traeumeria-Son-Moll-Mallorca-28-650x975.jpg\" alt=\"Eine l\u00e4chelnde Frau in einem marineblauen Kleid und ein Mann im Anzug machen ein gemeinsames Selfie auf einem Holzdeck mit Blick auf das t\u00fcrkisfarbene Meer - ein perfekter Moment f\u00fcr jeden Hochzeitsfotograf Mallorca w\u00e4hrend einer romantischen Hochzeit auf Mallorca.\" data-attr=\"0\"\/><\/div><\/div><div class=\"thumb-overlay\"><div class=\"thumb-bg\" style=\"background-color:rgba(255,255,255,0);background:rgba(255,255,255,0)\"><div class=\"thumb-title-wrap display-table-cell vertical-align-middle align-center fadeIn animated\"><div class=\"thumb-title\" style=\"color:;\"><i class=\"portfolio-overlay-icon\"><\/i><\/div><\/div><\/div><\/div><\/a><\/div><\/div><div class=\"element be-hoverlay not-wide no-wide-width-height style1-hover c_to_c\" style=\"margin-bottom: 10px;\"><div class=\"element-inner\" style=\"margin-left: 10px;\"><a href=\"https:\/\/lps-photography.de\/wp-content\/uploads\/2023\/07\/Wolke-7-traeumeria-Son-Moll-Mallorca-14.jpg\" data-size=\"1067x1600\" data-href=\"https:\/\/lps-photography.de\/wp-content\/uploads\/2023\/07\/Wolke-7-traeumeria-Son-Moll-Mallorca-14.jpg\" class=\"thumb-wrap\" title=\"Eine Braut in einem wei\u00dfen Spitzenkleid und ein Br\u00e4utigam in einem leuchtend blauen Anzug strahlen auf einem sonnenbeschienenen Weg, posieren spielerisch f\u00fcr die Kamera und fangen Momente ihrer Hochzeit auf Mallorca inmitten von \u00fcppigem Gr\u00fcn ein.\"><div class=\"flip-wrap\"><div data-aspect-ratio=\"0.67\" style = \"padding-bottom : 149.95313964386%;;\" class=\"flip-img-wrap none-effect\"><img decoding=\"async\" src=\"https:\/\/lps-photography.de\/wp-content\/uploads\/2023\/07\/Wolke-7-traeumeria-Son-Moll-Mallorca-14.jpg\" alt=\"Eine Braut in einem wei\u00dfen Spitzenkleid und ein Br\u00e4utigam in einem leuchtend blauen Anzug strahlen auf einem sonnenbeschienenen Weg, posieren spielerisch f\u00fcr die Kamera und fangen Momente ihrer Hochzeit auf Mallorca inmitten von \u00fcppigem Gr\u00fcn ein.\" data-attr=\"0\"\/><\/div><\/div><div class=\"thumb-overlay\"><div class=\"thumb-bg\" style=\"background-color:rgba(255,255,255,0);background:rgba(255,255,255,0)\"><div class=\"thumb-title-wrap display-table-cell vertical-align-middle align-center fadeIn animated\"><div class=\"thumb-title\" style=\"color:;\"><i class=\"portfolio-overlay-icon\"><\/i><\/div><\/div><\/div><\/div><\/a><\/div><\/div><div class=\"element be-hoverlay not-wide no-wide-width-height style1-hover c_to_c\" style=\"margin-bottom: 10px;\"><div class=\"element-inner\" style=\"margin-left: 10px;\"><a href=\"https:\/\/lps-photography.de\/wp-content\/uploads\/2023\/07\/Wolke-7-traeumeria-Son-Moll-Mallorca-15.jpg\" data-size=\"1600x1067\" data-href=\"https:\/\/lps-photography.de\/wp-content\/uploads\/2023\/07\/Wolke-7-traeumeria-Son-Moll-Mallorca-15.jpg\" class=\"thumb-wrap\" title=\"Braut und Br\u00e4utigam gehen an einem sonnigen Tag auf Mallorca im Freien spazieren. Die Braut, in einem wei\u00dfen Kleid, l\u00e4chelt mit ihrem Blumenstrau\u00df, w\u00e4hrend der Br\u00e4utigam, in einem hellblauen Anzug, ihre Wange k\u00fcsst. Ihre Freude wird von einem Hochzeitsfotograf Mallorca zwischen den B\u00e4umen wundersch\u00f6n eingefangen.\"><div class=\"flip-wrap\"><div data-aspect-ratio=\"1.5\" style = \"padding-bottom : 66.6875%;;\" class=\"flip-img-wrap none-effect\"><img decoding=\"async\" src=\"https:\/\/lps-photography.de\/wp-content\/uploads\/2023\/07\/Wolke-7-traeumeria-Son-Moll-Mallorca-15-650x433.jpg\" alt=\"Braut und Br\u00e4utigam gehen an einem sonnigen Tag auf Mallorca im Freien spazieren. Die Braut, in einem wei\u00dfen Kleid, l\u00e4chelt mit ihrem Blumenstrau\u00df, w\u00e4hrend der Br\u00e4utigam, in einem hellblauen Anzug, ihre Wange k\u00fcsst. Ihre Freude wird von einem Hochzeitsfotograf Mallorca zwischen den B\u00e4umen wundersch\u00f6n eingefangen.\" data-attr=\"0\"\/><\/div><\/div><div class=\"thumb-overlay\"><div class=\"thumb-bg\" style=\"background-color:rgba(255,255,255,0);background:rgba(255,255,255,0)\"><div class=\"thumb-title-wrap display-table-cell vertical-align-middle align-center fadeIn animated\"><div class=\"thumb-title\" style=\"color:;\"><i class=\"portfolio-overlay-icon\"><\/i><\/div><\/div><\/div><\/div><\/a><\/div><\/div><div class=\"element be-hoverlay not-wide no-wide-width-height style1-hover c_to_c\" style=\"margin-bottom: 10px;\"><div class=\"element-inner\" style=\"margin-left: 10px;\"><a href=\"https:\/\/lps-photography.de\/wp-content\/uploads\/2023\/07\/Wolke-7-traeumeria-Son-Moll-Mallorca-13.jpg\" data-size=\"1600x1067\" data-href=\"https:\/\/lps-photography.de\/wp-content\/uploads\/2023\/07\/Wolke-7-traeumeria-Son-Moll-Mallorca-13.jpg\" class=\"thumb-wrap\" title=\"Eine Braut in einem Spitzenkleid und ein Br\u00e4utigam in einem leuchtend blauen Anzug k\u00fcssen sich an einem felsigen Strand, mit dem Meer und den Klippen Mallorcas im Hintergrund - perfekt eingefangen von ihrem Hochzeitsfotograf Mallorca.\"><div class=\"flip-wrap\"><div data-aspect-ratio=\"1.5\" style = \"padding-bottom : 66.6875%;;\" class=\"flip-img-wrap none-effect\"><img decoding=\"async\" src=\"https:\/\/lps-photography.de\/wp-content\/uploads\/2023\/07\/Wolke-7-traeumeria-Son-Moll-Mallorca-13-650x433.jpg\" alt=\"Eine Braut in einem Spitzenkleid und ein Br\u00e4utigam in einem leuchtend blauen Anzug k\u00fcssen sich an einem felsigen Strand, mit dem Meer und den Klippen Mallorcas im Hintergrund - perfekt eingefangen von ihrem Hochzeitsfotograf Mallorca.\" data-attr=\"0\"\/><\/div><\/div><div class=\"thumb-overlay\"><div class=\"thumb-bg\" style=\"background-color:rgba(255,255,255,0);background:rgba(255,255,255,0)\"><div class=\"thumb-title-wrap display-table-cell vertical-align-middle align-center fadeIn animated\"><div class=\"thumb-title\" style=\"color:;\"><i class=\"portfolio-overlay-icon\"><\/i><\/div><\/div><\/div><\/div><\/a><\/div><\/div><div class=\"element be-hoverlay not-wide no-wide-width-height style1-hover c_to_c\" style=\"margin-bottom: 10px;\"><div class=\"element-inner\" style=\"margin-left: 10px;\"><a href=\"https:\/\/lps-photography.de\/wp-content\/uploads\/2023\/07\/Wolke-7-traeumeria-Son-Moll-Mallorca-10.jpg\" data-size=\"1600x1067\" data-href=\"https:\/\/lps-photography.de\/wp-content\/uploads\/2023\/07\/Wolke-7-traeumeria-Son-Moll-Mallorca-10.jpg\" class=\"thumb-wrap\" title=\"Ein t\u00fcrkis-wei\u00dfes Hochzeit auf Mallorca-Tischset mit einer gefalteten Serviette auf einem dekorativen Teller, Gl\u00e4sern, einer Braut-Karte, Ich \u2665 Dich-Dekor aus Holz, sowie einem sichtbaren Heft und einer Speisekarte.\"><div class=\"flip-wrap\"><div data-aspect-ratio=\"1.5\" style = \"padding-bottom : 66.6875%;;\" class=\"flip-img-wrap none-effect\"><img decoding=\"async\" src=\"https:\/\/lps-photography.de\/wp-content\/uploads\/2023\/07\/Wolke-7-traeumeria-Son-Moll-Mallorca-10-650x433.jpg\" alt=\"Ein t\u00fcrkis-wei\u00dfes Hochzeit auf Mallorca-Tischset mit einer gefalteten Serviette auf einem dekorativen Teller, Gl\u00e4sern, einer Braut-Karte, Ich \u2665 Dich-Dekor aus Holz, sowie einem sichtbaren Heft und einer Speisekarte.\" data-attr=\"0\"\/><\/div><\/div><div class=\"thumb-overlay\"><div class=\"thumb-bg\" style=\"background-color:rgba(255,255,255,0);background:rgba(255,255,255,0)\"><div class=\"thumb-title-wrap display-table-cell vertical-align-middle align-center fadeIn animated\"><div class=\"thumb-title\" style=\"color:;\"><i class=\"portfolio-overlay-icon\"><\/i><\/div><\/div><\/div><\/div><\/a><\/div><\/div><div class=\"element be-hoverlay not-wide no-wide-width-height style1-hover c_to_c\" style=\"margin-bottom: 10px;\"><div class=\"element-inner\" style=\"margin-left: 10px;\"><a href=\"https:\/\/lps-photography.de\/wp-content\/uploads\/2023\/07\/Wolke-7-traeumeria-Son-Moll-Mallorca-17.jpg\" data-size=\"1067x1600\" data-href=\"https:\/\/lps-photography.de\/wp-content\/uploads\/2023\/07\/Wolke-7-traeumeria-Son-Moll-Mallorca-17.jpg\" class=\"thumb-wrap\" title=\"Eine Braut in einem wei\u00dfen Spitzenkleid und ein Br\u00e4utigam in einem leuchtend blauen Anzug stehen an einem felsigen Ufer und umarmen sich, w\u00e4hrend das t\u00fcrkisfarbene Meer hinter ihnen glitzert. Der Br\u00e4utigam k\u00fcsst die Schl\u00e4fe der Braut - eine unvergessliche Hochzeit auf Mallorca.\"><div class=\"flip-wrap\"><div data-aspect-ratio=\"0.67\" style = \"padding-bottom : 149.95313964386%;;\" class=\"flip-img-wrap none-effect\"><img decoding=\"async\" src=\"https:\/\/lps-photography.de\/wp-content\/uploads\/2023\/07\/Wolke-7-traeumeria-Son-Moll-Mallorca-17-650x975.jpg\" alt=\"Eine Braut in einem wei\u00dfen Spitzenkleid und ein Br\u00e4utigam in einem leuchtend blauen Anzug stehen an einem felsigen Ufer und umarmen sich, w\u00e4hrend das t\u00fcrkisfarbene Meer hinter ihnen glitzert. Der Br\u00e4utigam k\u00fcsst die Schl\u00e4fe der Braut - eine unvergessliche Hochzeit auf Mallorca.\" data-attr=\"0\"\/><\/div><\/div><div class=\"thumb-overlay\"><div class=\"thumb-bg\" style=\"background-color:rgba(255,255,255,0);background:rgba(255,255,255,0)\"><div class=\"thumb-title-wrap display-table-cell vertical-align-middle align-center fadeIn animated\"><div class=\"thumb-title\" style=\"color:;\"><i class=\"portfolio-overlay-icon\"><\/i><\/div><\/div><\/div><\/div><\/a><\/div><\/div><div class=\"element be-hoverlay not-wide no-wide-width-height style1-hover c_to_c\" style=\"margin-bottom: 10px;\"><div class=\"element-inner\" style=\"margin-left: 10px;\"><a href=\"https:\/\/lps-photography.de\/wp-content\/uploads\/2023\/07\/Wolke-7-traeumeria-Son-Moll-Mallorca-12.jpg\" data-size=\"1600x1067\" data-href=\"https:\/\/lps-photography.de\/wp-content\/uploads\/2023\/07\/Wolke-7-traeumeria-Son-Moll-Mallorca-12.jpg\" class=\"thumb-wrap\" title=\"Eleganter, sonnenbeschienener Tisch am Meer mit wei\u00dfen Rosen in Vasen, blauen Glasflaschen und klaren Glaswaren - perfekt f\u00fcr eine Hochzeit auf Mallorca. Das t\u00fcrkisfarbene Meer und die ferne K\u00fcstenlinie vervollst\u00e4ndigen diese atemberaubende Kulisse des Hochzeitsfotograf Mallorca.\"><div class=\"flip-wrap\"><div data-aspect-ratio=\"1.5\" style = \"padding-bottom : 66.6875%;;\" class=\"flip-img-wrap none-effect\"><img decoding=\"async\" src=\"https:\/\/lps-photography.de\/wp-content\/uploads\/2023\/07\/Wolke-7-traeumeria-Son-Moll-Mallorca-12-650x433.jpg\" alt=\"Eleganter, sonnenbeschienener Tisch am Meer mit wei\u00dfen Rosen in Vasen, blauen Glasflaschen und klaren Glaswaren - perfekt f\u00fcr eine Hochzeit auf Mallorca. Das t\u00fcrkisfarbene Meer und die ferne K\u00fcstenlinie vervollst\u00e4ndigen diese atemberaubende Kulisse des Hochzeitsfotograf Mallorca.\" data-attr=\"0\"\/><\/div><\/div><div class=\"thumb-overlay\"><div class=\"thumb-bg\" style=\"background-color:rgba(255,255,255,0);background:rgba(255,255,255,0)\"><div class=\"thumb-title-wrap display-table-cell vertical-align-middle align-center fadeIn animated\"><div class=\"thumb-title\" style=\"color:;\"><i class=\"portfolio-overlay-icon\"><\/i><\/div><\/div><\/div><\/div><\/a><\/div><\/div><div class=\"element be-hoverlay not-wide no-wide-width-height style1-hover c_to_c\" style=\"margin-bottom: 10px;\"><div class=\"element-inner\" style=\"margin-left: 10px;\"><a href=\"https:\/\/lps-photography.de\/wp-content\/uploads\/2023\/07\/Wolke-7-traeumeria-Son-Moll-Mallorca-4.jpg\" data-size=\"1600x1067\" data-href=\"https:\/\/lps-photography.de\/wp-content\/uploads\/2023\/07\/Wolke-7-traeumeria-Son-Moll-Mallorca-4.jpg\" class=\"thumb-wrap\" title=\"Eine Frau in einem wei\u00dfen Kleid l\u00e4chelt und lacht, w\u00e4hrend ein Mann in einem wei\u00dfen Hemd ihr die Speisekarte zeigt - und damit die Freude \u00fcber eine Hochzeit auf Mallorca einf\u00e4ngt. Zwei weitere M\u00e4nner sitzen in der N\u00e4he und genie\u00dfen das fr\u00f6hliche Beisammensein im Restaurant.\"><div class=\"flip-wrap\"><div data-aspect-ratio=\"1.5\" style = \"padding-bottom : 66.6875%;;\" class=\"flip-img-wrap none-effect\"><img decoding=\"async\" src=\"https:\/\/lps-photography.de\/wp-content\/uploads\/2023\/07\/Wolke-7-traeumeria-Son-Moll-Mallorca-4-650x433.jpg\" alt=\"Eine Frau in einem wei\u00dfen Kleid l\u00e4chelt und lacht, w\u00e4hrend ein Mann in einem wei\u00dfen Hemd ihr die Speisekarte zeigt - und damit die Freude \u00fcber eine Hochzeit auf Mallorca einf\u00e4ngt. Zwei weitere M\u00e4nner sitzen in der N\u00e4he und genie\u00dfen das fr\u00f6hliche Beisammensein im Restaurant.\" data-attr=\"0\"\/><\/div><\/div><div class=\"thumb-overlay\"><div class=\"thumb-bg\" style=\"background-color:rgba(255,255,255,0);background:rgba(255,255,255,0)\"><div class=\"thumb-title-wrap display-table-cell vertical-align-middle align-center fadeIn animated\"><div class=\"thumb-title\" style=\"color:;\"><i class=\"portfolio-overlay-icon\"><\/i><\/div><\/div><\/div><\/div><\/a><\/div><\/div><div class=\"element be-hoverlay not-wide no-wide-width-height style1-hover c_to_c\" style=\"margin-bottom: 10px;\"><div class=\"element-inner\" style=\"margin-left: 10px;\"><a href=\"https:\/\/lps-photography.de\/wp-content\/uploads\/2023\/07\/Wolke-7-traeumeria-Son-Moll-Mallorca-8.jpg\" data-size=\"1600x1066\" data-href=\"https:\/\/lps-photography.de\/wp-content\/uploads\/2023\/07\/Wolke-7-traeumeria-Son-Moll-Mallorca-8.jpg\" class=\"thumb-wrap\" title=\"Eine Gruppe von Menschen sitzt an einem Tisch, l\u00e4chelt und lacht zusammen w\u00e4hrend einer Hochzeit auf Mallorca. Ein Mann in einem wei\u00dfen Hemd steht in der Mitte, mit Frauen auf beiden Seiten von ihm. Die fr\u00f6hliche Stimmung wird von einem Hochzeitsfotograf Mallorca eingefangen.\"><div class=\"flip-wrap\"><div data-aspect-ratio=\"1.5\" style = \"padding-bottom : 66.625%;;\" class=\"flip-img-wrap none-effect\"><img decoding=\"async\" src=\"https:\/\/lps-photography.de\/wp-content\/uploads\/2023\/07\/Wolke-7-traeumeria-Son-Moll-Mallorca-8-650x433.jpg\" alt=\"Eine Gruppe von Menschen sitzt an einem Tisch, l\u00e4chelt und lacht zusammen w\u00e4hrend einer Hochzeit auf Mallorca. Ein Mann in einem wei\u00dfen Hemd steht in der Mitte, mit Frauen auf beiden Seiten von ihm. Die fr\u00f6hliche Stimmung wird von einem Hochzeitsfotograf Mallorca eingefangen.\" data-attr=\"0\"\/><\/div><\/div><div class=\"thumb-overlay\"><div class=\"thumb-bg\" style=\"background-color:rgba(255,255,255,0);background:rgba(255,255,255,0)\"><div class=\"thumb-title-wrap display-table-cell vertical-align-middle align-center fadeIn animated\"><div class=\"thumb-title\" style=\"color:;\"><i class=\"portfolio-overlay-icon\"><\/i><\/div><\/div><\/div><\/div><\/a><\/div><\/div><div class=\"element be-hoverlay not-wide no-wide-width-height style1-hover c_to_c\" style=\"margin-bottom: 10px;\"><div class=\"element-inner\" style=\"margin-left: 10px;\"><a href=\"https:\/\/lps-photography.de\/wp-content\/uploads\/2023\/07\/Wolke-7-traeumeria-Son-Moll-Mallorca-5.jpg\" data-size=\"1067x1600\" data-href=\"https:\/\/lps-photography.de\/wp-content\/uploads\/2023\/07\/Wolke-7-traeumeria-Son-Moll-Mallorca-5.jpg\" class=\"thumb-wrap\" title=\"Ein Mann im wei\u00dfen Hemd und eine Frau im wei\u00dfen Kleid sitzen l\u00e4chelnd und lachend an einem geschm\u00fcckten Tisch w\u00e4hrend einer Hochzeit auf Mallorca. Die lockere und doch festliche Umgebung bietet blaue Akzente und blumige Mittelst\u00fccke, perfekt f\u00fcr die Aufnahme durch einen Hochzeitsfotograf Mallorca.\"><div class=\"flip-wrap\"><div data-aspect-ratio=\"0.67\" style = \"padding-bottom : 149.95313964386%;;\" class=\"flip-img-wrap none-effect\"><img decoding=\"async\" src=\"https:\/\/lps-photography.de\/wp-content\/uploads\/2023\/07\/Wolke-7-traeumeria-Son-Moll-Mallorca-5-650x975.jpg\" alt=\"Ein Mann im wei\u00dfen Hemd und eine Frau im wei\u00dfen Kleid sitzen l\u00e4chelnd und lachend an einem geschm\u00fcckten Tisch w\u00e4hrend einer Hochzeit auf Mallorca. Die lockere und doch festliche Umgebung bietet blaue Akzente und blumige Mittelst\u00fccke, perfekt f\u00fcr die Aufnahme durch einen Hochzeitsfotograf Mallorca.\" data-attr=\"0\"\/><\/div><\/div><div class=\"thumb-overlay\"><div class=\"thumb-bg\" style=\"background-color:rgba(255,255,255,0);background:rgba(255,255,255,0)\"><div class=\"thumb-title-wrap display-table-cell vertical-align-middle align-center fadeIn animated\"><div class=\"thumb-title\" style=\"color:;\"><i class=\"portfolio-overlay-icon\"><\/i><\/div><\/div><\/div><\/div><\/a><\/div><\/div><div class=\"element be-hoverlay not-wide no-wide-width-height style1-hover c_to_c\" style=\"margin-bottom: 10px;\"><div class=\"element-inner\" style=\"margin-left: 10px;\"><a href=\"https:\/\/lps-photography.de\/wp-content\/uploads\/2023\/07\/Wolke-7-traeumeria-Son-Moll-Mallorca-9.jpg\" data-size=\"1600x1067\" data-href=\"https:\/\/lps-photography.de\/wp-content\/uploads\/2023\/07\/Wolke-7-traeumeria-Son-Moll-Mallorca-9.jpg\" class=\"thumb-wrap\" title=\"Ein blau-wei\u00dfer Spielzeug-Van mit einem Surfbrett darauf hat einen kleinen Teller mit Essen auf dem Dach, daneben steht ein Miniatur-Wohnwagen - perfekt, um den Charme einer Hochzeit auf Mallorca einzufangen, gestylt auf einem t\u00fcrkisfarbenen Tisch mit Deko-Artikeln.\"><div class=\"flip-wrap\"><div data-aspect-ratio=\"1.5\" style = \"padding-bottom : 66.6875%;;\" class=\"flip-img-wrap none-effect\"><img decoding=\"async\" src=\"https:\/\/lps-photography.de\/wp-content\/uploads\/2023\/07\/Wolke-7-traeumeria-Son-Moll-Mallorca-9-650x433.jpg\" alt=\"Ein blau-wei\u00dfer Spielzeug-Van mit einem Surfbrett darauf hat einen kleinen Teller mit Essen auf dem Dach, daneben steht ein Miniatur-Wohnwagen - perfekt, um den Charme einer Hochzeit auf Mallorca einzufangen, gestylt auf einem t\u00fcrkisfarbenen Tisch mit Deko-Artikeln.\" data-attr=\"0\"\/><\/div><\/div><div class=\"thumb-overlay\"><div class=\"thumb-bg\" style=\"background-color:rgba(255,255,255,0);background:rgba(255,255,255,0)\"><div class=\"thumb-title-wrap display-table-cell vertical-align-middle align-center fadeIn animated\"><div class=\"thumb-title\" style=\"color:;\"><i class=\"portfolio-overlay-icon\"><\/i><\/div><\/div><\/div><\/div><\/a><\/div><\/div><div class=\"element be-hoverlay not-wide no-wide-width-height style1-hover c_to_c\" style=\"margin-bottom: 10px;\"><div class=\"element-inner\" style=\"margin-left: 10px;\"><a href=\"https:\/\/lps-photography.de\/wp-content\/uploads\/2023\/07\/Wolke-7-traeumeria-Son-Moll-Mallorca-7.jpg\" data-size=\"1600x1067\" data-href=\"https:\/\/lps-photography.de\/wp-content\/uploads\/2023\/07\/Wolke-7-traeumeria-Son-Moll-Mallorca-7.jpg\" class=\"thumb-wrap\" title=\"Ein Mann steht und spricht zu einer Gruppe von Menschen, die um einen geschm\u00fcckten Tisch bei einer Hochzeit auf Mallorca im Freien am Meer sitzen, mit Bergen im Hintergrund und festlicher Dekoration \u00fcber dem Kopf.\"><div class=\"flip-wrap\"><div data-aspect-ratio=\"1.5\" style = \"padding-bottom : 66.6875%;;\" class=\"flip-img-wrap none-effect\"><img decoding=\"async\" src=\"https:\/\/lps-photography.de\/wp-content\/uploads\/2023\/07\/Wolke-7-traeumeria-Son-Moll-Mallorca-7-650x433.jpg\" alt=\"Ein Mann steht und spricht zu einer Gruppe von Menschen, die um einen geschm\u00fcckten Tisch bei einer Hochzeit auf Mallorca im Freien am Meer sitzen, mit Bergen im Hintergrund und festlicher Dekoration \u00fcber dem Kopf.\" data-attr=\"0\"\/><\/div><\/div><div class=\"thumb-overlay\"><div class=\"thumb-bg\" style=\"background-color:rgba(255,255,255,0);background:rgba(255,255,255,0)\"><div class=\"thumb-title-wrap display-table-cell vertical-align-middle align-center fadeIn animated\"><div class=\"thumb-title\" style=\"color:;\"><i class=\"portfolio-overlay-icon\"><\/i><\/div><\/div><\/div><\/div><\/a><\/div><\/div><div class=\"element be-hoverlay not-wide no-wide-width-height style1-hover c_to_c\" style=\"margin-bottom: 10px;\"><div class=\"element-inner\" style=\"margin-left: 10px;\"><a href=\"https:\/\/lps-photography.de\/wp-content\/uploads\/2023\/07\/Wolke-7-traeumeria-Son-Moll-Mallorca-3.jpg\" data-size=\"1600x1067\" data-href=\"https:\/\/lps-photography.de\/wp-content\/uploads\/2023\/07\/Wolke-7-traeumeria-Son-Moll-Mallorca-3.jpg\" class=\"thumb-wrap\" title=\"Vier Frauen - eine in einem wei\u00dfen Hochzeitskleid und drei in marineblau - stehen mit dem R\u00fccken zur Kamera und sto\u00dfen auf einer Hochzeit auf Mallorca an, mit dem blauen Abendhimmel und dem Meer als atemberaubender Kulisse.\"><div class=\"flip-wrap\"><div data-aspect-ratio=\"1.5\" style = \"padding-bottom : 66.6875%;;\" class=\"flip-img-wrap none-effect\"><img decoding=\"async\" src=\"https:\/\/lps-photography.de\/wp-content\/uploads\/2023\/07\/Wolke-7-traeumeria-Son-Moll-Mallorca-3-650x433.jpg\" alt=\"Vier Frauen - eine in einem wei\u00dfen Hochzeitskleid und drei in marineblau - stehen mit dem R\u00fccken zur Kamera und sto\u00dfen auf einer Hochzeit auf Mallorca an, mit dem blauen Abendhimmel und dem Meer als atemberaubender Kulisse.\" data-attr=\"0\"\/><\/div><\/div><div class=\"thumb-overlay\"><div class=\"thumb-bg\" style=\"background-color:rgba(255,255,255,0);background:rgba(255,255,255,0)\"><div class=\"thumb-title-wrap display-table-cell vertical-align-middle align-center fadeIn animated\"><div class=\"thumb-title\" style=\"color:;\"><i class=\"portfolio-overlay-icon\"><\/i><\/div><\/div><\/div><\/div><\/a><\/div><\/div><div class=\"element be-hoverlay not-wide no-wide-width-height style1-hover c_to_c\" style=\"margin-bottom: 10px;\"><div class=\"element-inner\" style=\"margin-left: 10px;\"><a href=\"https:\/\/lps-photography.de\/wp-content\/uploads\/2023\/07\/Wolke-7-traeumeria-Son-Moll-Mallorca-2.jpg\" data-size=\"1600x1067\" data-href=\"https:\/\/lps-photography.de\/wp-content\/uploads\/2023\/07\/Wolke-7-traeumeria-Son-Moll-Mallorca-2.jpg\" class=\"thumb-wrap\" title=\"Eine l\u00e4chelnde Braut in einem wei\u00dfen Spitzenkleid steht neben ihrem Br\u00e4utigam in einem hellblauen Anzug und h\u00e4lt eine Torte auf ihrer Hochzeit auf Mallorca. Sie feiern mit ihren Liebsten, w\u00e4hrend eine dekorierte Torte den Mittelpunkt ihrer lebhaften Hochzeitsfeier bildet.\"><div class=\"flip-wrap\"><div data-aspect-ratio=\"1.5\" style = \"padding-bottom : 66.6875%;;\" class=\"flip-img-wrap none-effect\"><img decoding=\"async\" src=\"https:\/\/lps-photography.de\/wp-content\/uploads\/2023\/07\/Wolke-7-traeumeria-Son-Moll-Mallorca-2-650x433.jpg\" alt=\"Eine l\u00e4chelnde Braut in einem wei\u00dfen Spitzenkleid steht neben ihrem Br\u00e4utigam in einem hellblauen Anzug und h\u00e4lt eine Torte auf ihrer Hochzeit auf Mallorca. Sie feiern mit ihren Liebsten, w\u00e4hrend eine dekorierte Torte den Mittelpunkt ihrer lebhaften Hochzeitsfeier bildet.\" data-attr=\"0\"\/><\/div><\/div><div class=\"thumb-overlay\"><div class=\"thumb-bg\" style=\"background-color:rgba(255,255,255,0);background:rgba(255,255,255,0)\"><div class=\"thumb-title-wrap display-table-cell vertical-align-middle align-center fadeIn animated\"><div class=\"thumb-title\" style=\"color:;\"><i class=\"portfolio-overlay-icon\"><\/i><\/div><\/div><\/div><\/div><\/a><\/div><\/div><\/div><\/div><\/div><div  class=\"tatsu-BJWw4QksTu testimonials_wrap oshine-module\"  ><div class=\"testimonials-slides\"><div class=\"clearfix testimonial_module slides center-content\" data-slide-show=\"1\" data-slide-show-speed=\"4000\" data-slide-animation-type=\"slide\" data-pagination=\"0\"><div class=\"testimonial_slide slide clearfix tatsu-BkDNXyoTd\"><div class=\"testimonial_slide_inner\"><i class=\"font-icon icon-quote\" ><\/i><div class=\"testimonial-content\">\n<p>We can\u2019t put into words how thrilled we are with our wedding photos. Lukas\u2019 work is exceptional, and we are so grateful that he captured our wedding. If we could, we would give 10 stars! Thank you, Lukas &#8211; we can\u2019t say enough how perfect the photos turned out.<\/p>\n<\/div><div class=\"testimonial-author-info-wrap clearfix\"><div class=\"testimonial-author-info\"><h6 class=\"testimonial-author\" >Jenny and Andre<\/h6><\/div><\/div><\/div><style>.tatsu-BkDNXyoTd .icon-quote{color: rgba(245,166,35,1) ;}<\/style><\/div><\/div><\/div><style>.tatsu-BJWw4QksTu .testimonial-content{font-size: 22px;}<\/style><\/div><\/div><\/div><div class = \"tatsu-column-bg-image-wrap\"><div class = \"tatsu-column-bg-image\" ><\/div><\/div><div class=\"tatsu-overlay tatsu-column-overlay tatsu-animate-none\" ><\/div><\/div><style>.tatsu-row > .tatsu-Bk5vzHs_ex.tatsu-column{width: 100%;}.tatsu-Bk5vzHs_ex.tatsu-column > .tatsu-column-inner > .tatsu-column-overlay{mix-blend-mode: normal;}.tatsu-Bk5vzHs_ex > .tatsu-column-inner > .tatsu-top-divider{z-index: 9999;}.tatsu-Bk5vzHs_ex > .tatsu-column-inner > .tatsu-bottom-divider{z-index: 9999;}.tatsu-Bk5vzHs_ex > .tatsu-column-inner > .tatsu-left-divider{z-index: 9999;}.tatsu-Bk5vzHs_ex > .tatsu-column-inner > .tatsu-right-divider{z-index: 9999;}@media only screen and (max-width:1377px) {.tatsu-row > .tatsu-Bk5vzHs_ex.tatsu-column{width: 100%;}}@media only screen and (min-width:768px) and (max-width: 1024px) {.tatsu-row > .tatsu-Bk5vzHs_ex.tatsu-column{width: 100%;}}@media only screen and (max-width: 767px) {.tatsu-row > .tatsu-Bk5vzHs_ex.tatsu-column{width: 100%;}}<\/style><\/div><\/div><\/div><\/div><div class=\"tatsu-section-background-wrap\"><div class = \"tatsu-section-background\" ><\/div><\/div><div class=\"tatsu-overlay tatsu-section-overlay\"><\/div><style>.tatsu-By-qvfSjdeg .tatsu-section-pad{padding: 90px 0px 90px 0px;}.tatsu-By-qvfSjdeg .tatsu-section-offset-wrap{transform: translateY(-0px);}.tatsu-By-qvfSjdeg > .tatsu-bottom-divider{z-index: 9999;}.tatsu-By-qvfSjdeg > .tatsu-top-divider{z-index: 9999;}.tatsu-By-qvfSjdeg .tatsu-section-overlay{mix-blend-mode: normal;}<\/style><\/div>","protected":false},"excerpt":{"rendered":"<p>Tr\u00e4umeria Son Moll and its \u2018Cloud 7\u2019 in Cala Ratjada: This is how a wedding with sea views and genuine warmth is celebrated in Mallorca!<\/p>\n<p><a href=\"https:\/\/lps-photography.de\/en\/traeumeria-son-moll-hochzeit-auf-wolke-7\/\" class=\"more-link style3-button\">Read More<\/a><\/p>","protected":false},"author":1,"featured_media":24713,"comment_status":"open","ping_status":"open","sticky":false,"template":"","format":"standard","meta":{"_lmt_disableupdate":"","_lmt_disable":"","footnotes":""},"categories":[1397,1395,1396,1384,1398,1399,1],"tags":[],"class_list":{"0":"post-24691","1":"post","2":"type-post","3":"status-publish","4":"format-standard","5":"has-post-thumbnail","6":"hentry","7":"category-fotografie","8":"category-hochzeitslocation","10":"category-hochzeitsplanung","12":"category-journal","13":"category-uncategorized"},"modified_by":null,"_links":{"self":[{"href":"https:\/\/lps-photography.de\/en\/wp-json\/wp\/v2\/posts\/24691","targetHints":{"allow":["GET"]}}],"collection":[{"href":"https:\/\/lps-photography.de\/en\/wp-json\/wp\/v2\/posts"}],"about":[{"href":"https:\/\/lps-photography.de\/en\/wp-json\/wp\/v2\/types\/post"}],"author":[{"embeddable":true,"href":"https:\/\/lps-photography.de\/en\/wp-json\/wp\/v2\/users\/1"}],"replies":[{"embeddable":true,"href":"https:\/\/lps-photography.de\/en\/wp-json\/wp\/v2\/comments?post=24691"}],"version-history":[{"count":0,"href":"https:\/\/lps-photography.de\/en\/wp-json\/wp\/v2\/posts\/24691\/revisions"}],"wp:featuredmedia":[{"embeddable":true,"href":"https:\/\/lps-photography.de\/en\/wp-json\/wp\/v2\/media\/24713"}],"wp:attachment":[{"href":"https:\/\/lps-photography.de\/en\/wp-json\/wp\/v2\/media?parent=24691"}],"wp:term":[{"taxonomy":"category","embeddable":true,"href":"https:\/\/lps-photography.de\/en\/wp-json\/wp\/v2\/categories?post=24691"},{"taxonomy":"post_tag","embeddable":true,"href":"https:\/\/lps-photography.de\/en\/wp-json\/wp\/v2\/tags?post=24691"}],"curies":[{"name":"wp","href":"https:\/\/api.w.org\/{rel}","templated":true}]}}