{"id":24689,"date":"2025-08-31T09:58:51","date_gmt":"2025-08-31T08:58:51","guid":{"rendered":"https:\/\/lps-photography.de\/?p=24689"},"modified":"2025-09-01T10:42:35","modified_gmt":"2025-09-01T09:42:35","slug":"bodega-hochzeit-mallorca-die-schoensten-weingueter-zum-heiraten","status":"publish","type":"post","link":"https:\/\/lps-photography.de\/en\/bodega-hochzeit-mallorca-die-schoensten-weingueter-zum-heiraten\/","title":{"rendered":"Winery Weddings in Mallorca &#8211; The Most Beautiful Vineyards to Get Married"},"content":{"rendered":"<div  class=\"tatsu-i4ybccylfe91qb1a tatsu-section  tatsu-bg-overlay   tatsu-clearfix\" data-title=\"\"  data-headerscheme=\"background--dark\"><div class='tatsu-section-pad clearfix' data-padding='{\"d\":\"15px 0px 15px 0px\"}' data-padding-top='15px'><div class=\"tatsu-row-wrap  tatsu-wrap tatsu-row-one-col tatsu-row-has-one-cols tatsu-medium-gutter tatsu-reg-cols  tatsu-clearfix tatsu-i4ybccylh7c7s0vq\" ><div  class=\"tatsu-row\" ><div  class=\"tatsu-column  tatsu-bg-overlay tatsu-one-col tatsu-column-image-none tatsu-column-effect-none  tatsu-i4ybccylineslji4\"  data-parallax-speed=\"0\" style=\"\"><div class=\"tatsu-column-inner\" ><div class=\"tatsu-column-pad-wrap\"><div class=\"tatsu-column-pad\" ><div  class=\"tatsu-module tatsu-text-block-wrap tatsu-i4ybccyljv1cx26q\"><div class=\"tatsu-text-inner tatsu-align-center  clearfix\" ><style>.tatsu-i4ybccyljv1cx26q.tatsu-text-block-wrap .tatsu-text-inner{width: 100%;text-align: left;}<\/style>\n<p>\n<\/div><\/div><\/div><\/div><div class = \"tatsu-column-bg-image-wrap\"><div class = \"tatsu-column-bg-image\" ><\/div><\/div><div class=\"tatsu-overlay tatsu-column-overlay tatsu-animate-none\" ><\/div><\/div><style>.tatsu-row > .tatsu-i4ybccylineslji4.tatsu-column{width: 100%;}.tatsu-i4ybccylineslji4.tatsu-column > .tatsu-column-inner > .tatsu-column-overlay{mix-blend-mode: normal;}.tatsu-i4ybccylineslji4 > .tatsu-column-inner > .tatsu-top-divider{z-index: 9999;}.tatsu-i4ybccylineslji4 > .tatsu-column-inner > .tatsu-bottom-divider{z-index: 9999;}.tatsu-i4ybccylineslji4 > .tatsu-column-inner > .tatsu-left-divider{z-index: 9999;}.tatsu-i4ybccylineslji4 > .tatsu-column-inner > .tatsu-right-divider{z-index: 9999;}<\/style><\/div><\/div><\/div><\/div><div class=\"tatsu-section-background-wrap\"><div class = \"tatsu-section-background\" ><\/div><\/div><div class=\"tatsu-overlay tatsu-section-overlay\"><\/div><style>.tatsu-i4ybccylfe91qb1a .tatsu-section-pad{padding: 15px 0px 15px 0px;}.tatsu-i4ybccylfe91qb1a > .tatsu-bottom-divider{z-index: 9999;}.tatsu-i4ybccylfe91qb1a > .tatsu-top-divider{z-index: 9999;}.tatsu-i4ybccylfe91qb1a .tatsu-section-overlay{mix-blend-mode: normal;}<\/style><\/div><div  class=\"tatsu-SybkbHO3uB tatsu-section    tatsu-clearfix\" data-title=\"\"  data-headerscheme=\"background--dark\"><div class='tatsu-section-pad clearfix' data-padding='{\"d\":\"0px 0px 20px 0px\"}' data-padding-top='0px'><div class=\"tatsu-row-wrap  tatsu-wrap tatsu-row-one-col tatsu-row-has-one-cols tatsu-medium-gutter tatsu-reg-cols  tatsu-clearfix tatsu-rJgJWBd3OH\" ><div  class=\"tatsu-row\" ><div  class=\"tatsu-column  tatsu-column-no-bg tatsu-one-col tatsu-column-image-none tatsu-column-effect-none  tatsu-BkkZHO3uS\"  data-parallax-speed=\"0\" style=\"\"><div class=\"tatsu-column-inner\" ><div class=\"tatsu-column-pad-wrap\"><div class=\"tatsu-column-pad\" ><div  class=\"special-heading-wrap style1 oshine-module  tatsu-B1MbwHJcS\" ><div class=\"special-heading align-center\"><h1 class=\"special-h-tag\" >Winery Weddings in Mallorca - The Most Beautiful Vineyards to Get Married<\/h1><div class=\"sub-title margin-bottom  special-subtitle\">\n<p>Getting married at a vineyard is a wonderful way to experience the true charm of Mallorca.<\/p>\n<\/div><div class=\"sep-with-icon-wrap margin-bottom\"><span class=\"sep-with-icon\" ><\/span><i class=\"sep-icon font-icon oshine_diamond\"><\/i><span class=\"sep-with-icon\" ><\/span><\/div><\/div><style>.tatsu-B1MbwHJcS .sep-icon.oshine_diamond{background: rgba(45,97,159,1);}.tatsu-B1MbwHJcS .sep-with-icon{height: 1px;width: 20px;background: #efefef;}<\/style><\/div><\/div><\/div><div class = \"tatsu-column-bg-image-wrap\"><div class = \"tatsu-column-bg-image\" ><\/div><\/div><\/div><style>.tatsu-row > .tatsu-BkkZHO3uS.tatsu-column{width: 100%;}.tatsu-BkkZHO3uS.tatsu-column > .tatsu-column-inner > .tatsu-column-overlay{mix-blend-mode: none;}.tatsu-BkkZHO3uS > .tatsu-column-inner > .tatsu-top-divider{z-index: 9999;}.tatsu-BkkZHO3uS > .tatsu-column-inner > .tatsu-bottom-divider{z-index: 9999;}.tatsu-BkkZHO3uS > .tatsu-column-inner > .tatsu-left-divider{z-index: 9999;}.tatsu-BkkZHO3uS > .tatsu-column-inner > .tatsu-right-divider{z-index: 9999;}@media only screen and (max-width:1377px) {.tatsu-row > .tatsu-BkkZHO3uS.tatsu-column{width: 100%;}}@media only screen and (min-width:768px) and (max-width: 1024px) {.tatsu-row > .tatsu-BkkZHO3uS.tatsu-column{width: 100%;}}@media only screen and (max-width: 767px) {.tatsu-row > .tatsu-BkkZHO3uS.tatsu-column{width: 100%;}}<\/style><\/div><\/div><\/div><\/div><div class=\"tatsu-section-background-wrap\"><div class = \"tatsu-section-background\" ><\/div><\/div><style>.tatsu-SybkbHO3uB .tatsu-section-pad{padding: 0px 0px 20px 0px;}.tatsu-SybkbHO3uB > .tatsu-bottom-divider{z-index: 9999;}.tatsu-SybkbHO3uB > .tatsu-top-divider{z-index: 9999;}<\/style><\/div><div  class=\"tatsu-HJ-_aU_2dr tatsu-section    tatsu-clearfix\" data-title=\"\"  data-headerscheme=\"background--dark\"><div class='tatsu-section-pad clearfix' data-padding='{\"d\":\"0px 0px 0px 0px\"}' data-padding-top='0px'><div class=\"tatsu-row-wrap  tatsu-wrap tatsu-row-one-col tatsu-row-has-one-cols tatsu-medium-gutter tatsu-reg-cols  tatsu-clearfix tatsu-rkgG4Qi3FJg\" ><div  class=\"tatsu-row\" ><div  class=\"tatsu-column  tatsu-bg-overlay tatsu-one-col tatsu-column-image-none tatsu-column-effect-none  tatsu-HkzEXj2YJg\"  data-parallax-speed=\"0\" style=\"\"><div class=\"tatsu-column-inner\" ><div class=\"tatsu-column-pad-wrap\"><div class=\"tatsu-column-pad\" ><div  class=\"tatsu-module tatsu-text-block-wrap tatsu-BkdS7onFyl\"><div class=\"tatsu-text-inner tatsu-align-center  clearfix\" ><style>.tatsu-BkdS7onFyl.tatsu-text-block-wrap .tatsu-text-inner{width: 100%;text-align: center;}.tatsu-BkdS7onFyl.tatsu-text-block-wrap .tatsu-text-inner *{font-size : 16px;}<\/style>\n<p>More and more bodegas, or vineyards, are making their way onto my personal list of <a title=\"The Best Wedding Venues in Mallorca\" href=\"https:\/\/lps-photography.de\/en\/the-best-wedding-venues-in-mallorca\/\"><strong>the most beautiful wedding venues<\/strong><\/a> in Mallorca. In recent years, many of these traditional establishments have opened their doors for events such as weddings. Some of them are simply stunning locations, full of authentic island charm. As always, you\u2019ll only find venues here that I know personally as a <a href=\"https:\/\/lps-photography.de\/en\/\"><strong>wedding photographer in Mallorca<\/strong><\/a> and can wholeheartedly recommend. Curious whether your dream wedding venue is among these bodegas? Read on to find out!<\/p>\n<\/div><\/div><\/div><\/div><div class = \"tatsu-column-bg-image-wrap\"><div class = \"tatsu-column-bg-image\" ><\/div><\/div><div class=\"tatsu-overlay tatsu-column-overlay tatsu-animate-none\" ><\/div><\/div><style>.tatsu-row > .tatsu-HkzEXj2YJg.tatsu-column{width: 100%;}.tatsu-HkzEXj2YJg.tatsu-column > .tatsu-column-inner > .tatsu-column-overlay{mix-blend-mode: normal;}.tatsu-HkzEXj2YJg > .tatsu-column-inner > .tatsu-top-divider{z-index: 9999;}.tatsu-HkzEXj2YJg > .tatsu-column-inner > .tatsu-bottom-divider{z-index: 9999;}.tatsu-HkzEXj2YJg > .tatsu-column-inner > .tatsu-left-divider{z-index: 9999;}.tatsu-HkzEXj2YJg > .tatsu-column-inner > .tatsu-right-divider{z-index: 9999;}@media only screen and (max-width:1377px) {.tatsu-row > .tatsu-HkzEXj2YJg.tatsu-column{width: 100%;}}@media only screen and (min-width:768px) and (max-width: 1024px) {.tatsu-row > .tatsu-HkzEXj2YJg.tatsu-column{width: 100%;}}@media only screen and (max-width: 767px) {.tatsu-row > .tatsu-HkzEXj2YJg.tatsu-column{width: 100%;}}<\/style><\/div><\/div><\/div><div class=\"tatsu-row-wrap  tatsu-row-full-width tatsu-row-one-col tatsu-row-has-one-cols tatsu-medium-gutter tatsu-reg-cols  tatsu-clearfix tatsu-H1g_6LdhuB\" ><div  class=\"tatsu-row\" ><div  class=\"tatsu-column  tatsu-column-no-bg tatsu-one-col tatsu-column-image-none tatsu-column-effect-none  tatsu-ryuTIu2uS\"  data-parallax-speed=\"0\" style=\"\"><div class=\"tatsu-column-inner\" ><div class=\"tatsu-column-pad-wrap\"><div class=\"tatsu-column-pad\" >            <div  class = \"tatsu-media-carousel tatsu-module clearfix  tatsu-r1IUta-5Je\" >\n                <style>.tatsu-r1IUta-5Je .tatsu-carousel-col-inner{height: 800px;}.tatsu-r1IUta-5Je .flickity-page-dots .is-selected{background: rgba(45,97,159,1);}.tatsu-r1IUta-5Je{padding: 0px 0px 30px 0px;margin: 0px 0px 30px 0px;}<\/style>                <div class = \"tatsu-media-carousel-inner tatsu-carousel tatsu-variable-carousel tatsu-carousel-adaptive-image\" data-variable-width = \"1\" data-center-mode = \"1\" data-free-scroll = \"1\" data-arrows = \"1\" data-outer-arrows = \"1\" data-infinite = \"1\" data-dots = \"1\" data-autoplay-speed = \"2000\" >\n                                                                                                        <div class = \"tatsu-media-slide tatsu-carousel-col\">\n                                    <div class = \"tatsu-media-slide-inner tatsu-carousel-col-inner\">\n                                                                                        <img class = \"tatsu-carousel-img\" alt = \"bodega mallorca hochzeit (1)\" data-aspect-ratio = \"0.8\" sizes = \"(max-width: 1080px) 100vw, 1080px\" srcset = \"https:\/\/lps-photography.de\/wp-content\/uploads\/2025\/02\/Bodega-Mallorca-Hochzeit-1.jpg 1080w,  https:\/\/lps-photography.de\/wp-content\/uploads\/2025\/02\/Bodega-Mallorca-Hochzeit-1-240x300.jpg 240w,  https:\/\/lps-photography.de\/wp-content\/uploads\/2025\/02\/Bodega-Mallorca-Hochzeit-1-800x1000.jpg 800w,  https:\/\/lps-photography.de\/wp-content\/uploads\/2025\/02\/Bodega-Mallorca-Hochzeit-1-768x960.jpg 768w,  https:\/\/lps-photography.de\/wp-content\/uploads\/2025\/02\/Bodega-Mallorca-Hochzeit-1-40x50.jpg 40w,  https:\/\/lps-photography.de\/wp-content\/uploads\/2025\/02\/Bodega-Mallorca-Hochzeit-1-650x813.jpg 650w,  https:\/\/lps-photography.de\/wp-content\/uploads\/2025\/02\/Bodega-Mallorca-Hochzeit-1-1000x1250.jpg 1000w,  https:\/\/lps-photography.de\/wp-content\/uploads\/2025\/02\/Bodega-Mallorca-Hochzeit-1-50x63.jpg 50w\" \/>\n                                                                           <\/div>\n                                <\/div>\n                                                                                    <div class = \"tatsu-media-slide tatsu-carousel-col\">\n                                    <div class = \"tatsu-media-slide-inner tatsu-carousel-col-inner\">\n                                                                                        <img class = \"tatsu-carousel-img\" alt = \"bodega mallorca hochzeit (2)\" data-aspect-ratio = \"0.8\" sizes = \"(max-width: 1080px) 100vw, 1080px\" srcset = \"https:\/\/lps-photography.de\/wp-content\/uploads\/2025\/02\/Bodega-Mallorca-Hochzeit-2.jpg 1080w,  https:\/\/lps-photography.de\/wp-content\/uploads\/2025\/02\/Bodega-Mallorca-Hochzeit-2-240x300.jpg 240w,  https:\/\/lps-photography.de\/wp-content\/uploads\/2025\/02\/Bodega-Mallorca-Hochzeit-2-800x1000.jpg 800w,  https:\/\/lps-photography.de\/wp-content\/uploads\/2025\/02\/Bodega-Mallorca-Hochzeit-2-768x960.jpg 768w,  https:\/\/lps-photography.de\/wp-content\/uploads\/2025\/02\/Bodega-Mallorca-Hochzeit-2-40x50.jpg 40w,  https:\/\/lps-photography.de\/wp-content\/uploads\/2025\/02\/Bodega-Mallorca-Hochzeit-2-650x813.jpg 650w,  https:\/\/lps-photography.de\/wp-content\/uploads\/2025\/02\/Bodega-Mallorca-Hochzeit-2-1000x1250.jpg 1000w,  https:\/\/lps-photography.de\/wp-content\/uploads\/2025\/02\/Bodega-Mallorca-Hochzeit-2-50x63.jpg 50w\" \/>\n                                                                           <\/div>\n                                <\/div>\n                                                                                    <div class = \"tatsu-media-slide tatsu-carousel-col\">\n                                    <div class = \"tatsu-media-slide-inner tatsu-carousel-col-inner\">\n                                                                                        <img class = \"tatsu-carousel-img\" alt = \"bodega mallorca hochzeit (3)\" data-aspect-ratio = \"0.8\" sizes = \"(max-width: 1080px) 100vw, 1080px\" srcset = \"https:\/\/lps-photography.de\/wp-content\/uploads\/2025\/02\/Bodega-Mallorca-Hochzeit-3.jpg 1080w,  https:\/\/lps-photography.de\/wp-content\/uploads\/2025\/02\/Bodega-Mallorca-Hochzeit-3-240x300.jpg 240w,  https:\/\/lps-photography.de\/wp-content\/uploads\/2025\/02\/Bodega-Mallorca-Hochzeit-3-800x1000.jpg 800w,  https:\/\/lps-photography.de\/wp-content\/uploads\/2025\/02\/Bodega-Mallorca-Hochzeit-3-768x960.jpg 768w,  https:\/\/lps-photography.de\/wp-content\/uploads\/2025\/02\/Bodega-Mallorca-Hochzeit-3-40x50.jpg 40w,  https:\/\/lps-photography.de\/wp-content\/uploads\/2025\/02\/Bodega-Mallorca-Hochzeit-3-650x813.jpg 650w,  https:\/\/lps-photography.de\/wp-content\/uploads\/2025\/02\/Bodega-Mallorca-Hochzeit-3-1000x1250.jpg 1000w,  https:\/\/lps-photography.de\/wp-content\/uploads\/2025\/02\/Bodega-Mallorca-Hochzeit-3-50x63.jpg 50w\" \/>\n                                                                           <\/div>\n                                <\/div>\n                                                                                    <div class = \"tatsu-media-slide tatsu-carousel-col\">\n                                    <div class = \"tatsu-media-slide-inner tatsu-carousel-col-inner\">\n                                                                                        <img class = \"tatsu-carousel-img\" alt = \"bodega mallorca hochzeit (4)\" data-aspect-ratio = \"0.8\" sizes = \"(max-width: 1080px) 100vw, 1080px\" srcset = \"https:\/\/lps-photography.de\/wp-content\/uploads\/2025\/02\/Bodega-Mallorca-Hochzeit-4.jpg 1080w,  https:\/\/lps-photography.de\/wp-content\/uploads\/2025\/02\/Bodega-Mallorca-Hochzeit-4-240x300.jpg 240w,  https:\/\/lps-photography.de\/wp-content\/uploads\/2025\/02\/Bodega-Mallorca-Hochzeit-4-800x1000.jpg 800w,  https:\/\/lps-photography.de\/wp-content\/uploads\/2025\/02\/Bodega-Mallorca-Hochzeit-4-768x960.jpg 768w,  https:\/\/lps-photography.de\/wp-content\/uploads\/2025\/02\/Bodega-Mallorca-Hochzeit-4-40x50.jpg 40w,  https:\/\/lps-photography.de\/wp-content\/uploads\/2025\/02\/Bodega-Mallorca-Hochzeit-4-650x813.jpg 650w,  https:\/\/lps-photography.de\/wp-content\/uploads\/2025\/02\/Bodega-Mallorca-Hochzeit-4-1000x1250.jpg 1000w,  https:\/\/lps-photography.de\/wp-content\/uploads\/2025\/02\/Bodega-Mallorca-Hochzeit-4-50x63.jpg 50w\" \/>\n                                                                           <\/div>\n                                <\/div>\n                                                                                    <div class = \"tatsu-media-slide tatsu-carousel-col\">\n                                    <div class = \"tatsu-media-slide-inner tatsu-carousel-col-inner\">\n                                                                                        <img class = \"tatsu-carousel-img\" alt = \"bodega mallorca hochzeit (5)\" data-aspect-ratio = \"0.8\" sizes = \"(max-width: 1080px) 100vw, 1080px\" srcset = \"https:\/\/lps-photography.de\/wp-content\/uploads\/2025\/02\/Bodega-Mallorca-Hochzeit-5.jpg 1080w,  https:\/\/lps-photography.de\/wp-content\/uploads\/2025\/02\/Bodega-Mallorca-Hochzeit-5-240x300.jpg 240w,  https:\/\/lps-photography.de\/wp-content\/uploads\/2025\/02\/Bodega-Mallorca-Hochzeit-5-800x1000.jpg 800w,  https:\/\/lps-photography.de\/wp-content\/uploads\/2025\/02\/Bodega-Mallorca-Hochzeit-5-768x960.jpg 768w,  https:\/\/lps-photography.de\/wp-content\/uploads\/2025\/02\/Bodega-Mallorca-Hochzeit-5-40x50.jpg 40w,  https:\/\/lps-photography.de\/wp-content\/uploads\/2025\/02\/Bodega-Mallorca-Hochzeit-5-650x813.jpg 650w,  https:\/\/lps-photography.de\/wp-content\/uploads\/2025\/02\/Bodega-Mallorca-Hochzeit-5-1000x1250.jpg 1000w,  https:\/\/lps-photography.de\/wp-content\/uploads\/2025\/02\/Bodega-Mallorca-Hochzeit-5-50x63.jpg 50w\" \/>\n                                                                           <\/div>\n                                <\/div>\n                                                                                    <div class = \"tatsu-media-slide tatsu-carousel-col\">\n                                    <div class = \"tatsu-media-slide-inner tatsu-carousel-col-inner\">\n                                                                                        <img class = \"tatsu-carousel-img\" alt = \"bodega mallorca hochzeit (6)\" data-aspect-ratio = \"0.8\" sizes = \"(max-width: 1080px) 100vw, 1080px\" srcset = \"https:\/\/lps-photography.de\/wp-content\/uploads\/2025\/02\/Bodega-Mallorca-Hochzeit-6.jpg 1080w,  https:\/\/lps-photography.de\/wp-content\/uploads\/2025\/02\/Bodega-Mallorca-Hochzeit-6-240x300.jpg 240w,  https:\/\/lps-photography.de\/wp-content\/uploads\/2025\/02\/Bodega-Mallorca-Hochzeit-6-800x1000.jpg 800w,  https:\/\/lps-photography.de\/wp-content\/uploads\/2025\/02\/Bodega-Mallorca-Hochzeit-6-768x960.jpg 768w,  https:\/\/lps-photography.de\/wp-content\/uploads\/2025\/02\/Bodega-Mallorca-Hochzeit-6-40x50.jpg 40w,  https:\/\/lps-photography.de\/wp-content\/uploads\/2025\/02\/Bodega-Mallorca-Hochzeit-6-650x813.jpg 650w,  https:\/\/lps-photography.de\/wp-content\/uploads\/2025\/02\/Bodega-Mallorca-Hochzeit-6-1000x1250.jpg 1000w,  https:\/\/lps-photography.de\/wp-content\/uploads\/2025\/02\/Bodega-Mallorca-Hochzeit-6-50x63.jpg 50w\" \/>\n                                                                           <\/div>\n                                <\/div>\n                                                                                    <div class = \"tatsu-media-slide tatsu-carousel-col\">\n                                    <div class = \"tatsu-media-slide-inner tatsu-carousel-col-inner\">\n                                                                                        <img class = \"tatsu-carousel-img\" alt = \"bodega mallorca hochzeit (7)\" data-aspect-ratio = \"0.8\" sizes = \"(max-width: 1080px) 100vw, 1080px\" srcset = \"https:\/\/lps-photography.de\/wp-content\/uploads\/2025\/02\/Bodega-Mallorca-Hochzeit-7.jpg 1080w,  https:\/\/lps-photography.de\/wp-content\/uploads\/2025\/02\/Bodega-Mallorca-Hochzeit-7-240x300.jpg 240w,  https:\/\/lps-photography.de\/wp-content\/uploads\/2025\/02\/Bodega-Mallorca-Hochzeit-7-800x1000.jpg 800w,  https:\/\/lps-photography.de\/wp-content\/uploads\/2025\/02\/Bodega-Mallorca-Hochzeit-7-768x960.jpg 768w,  https:\/\/lps-photography.de\/wp-content\/uploads\/2025\/02\/Bodega-Mallorca-Hochzeit-7-40x50.jpg 40w,  https:\/\/lps-photography.de\/wp-content\/uploads\/2025\/02\/Bodega-Mallorca-Hochzeit-7-650x813.jpg 650w,  https:\/\/lps-photography.de\/wp-content\/uploads\/2025\/02\/Bodega-Mallorca-Hochzeit-7-1000x1250.jpg 1000w,  https:\/\/lps-photography.de\/wp-content\/uploads\/2025\/02\/Bodega-Mallorca-Hochzeit-7-50x63.jpg 50w\" \/>\n                                                                           <\/div>\n                                <\/div>\n                                                            <\/div>\n            <\/div>\n        <\/div><\/div><div class = \"tatsu-column-bg-image-wrap\"><div class = \"tatsu-column-bg-image\" ><\/div><\/div><\/div><style>.tatsu-row > .tatsu-ryuTIu2uS.tatsu-column{width: 100%;}.tatsu-ryuTIu2uS.tatsu-column > .tatsu-column-inner > .tatsu-column-overlay{mix-blend-mode: none;}.tatsu-ryuTIu2uS > .tatsu-column-inner > .tatsu-top-divider{z-index: 9999;}.tatsu-ryuTIu2uS > .tatsu-column-inner > .tatsu-bottom-divider{z-index: 9999;}.tatsu-ryuTIu2uS > .tatsu-column-inner > .tatsu-left-divider{z-index: 9999;}.tatsu-ryuTIu2uS > .tatsu-column-inner > .tatsu-right-divider{z-index: 9999;}@media only screen and (max-width:1377px) {.tatsu-row > .tatsu-ryuTIu2uS.tatsu-column{width: 100%;}}@media only screen and (min-width:768px) and (max-width: 1024px) {.tatsu-row > .tatsu-ryuTIu2uS.tatsu-column{width: 100%;}}@media only screen and (max-width: 767px) {.tatsu-row > .tatsu-ryuTIu2uS.tatsu-column{width: 100%;}}<\/style><\/div><\/div><\/div><\/div><div class=\"tatsu-section-background-wrap\"><div class = \"tatsu-section-background\" ><\/div><\/div><style>.tatsu-HJ-_aU_2dr > .tatsu-bottom-divider{z-index: 9999;}.tatsu-HJ-_aU_2dr > .tatsu-top-divider{z-index: 9999;}<\/style><\/div><div  class=\"tatsu-SyZJY4u2dB tatsu-section    tatsu-clearfix\" data-title=\"\"  data-headerscheme=\"background--dark\"><div class='tatsu-section-pad clearfix' data-padding='{\"d\":\"0px 0px 40px 0px\",\"m\":\"0px 0px 22px 0px\"}' data-padding-top='0px'><div class=\"tatsu-row-wrap  tatsu-wrap tatsu-row-one-col tatsu-row-has-one-cols tatsu-medium-gutter tatsu-reg-cols  tatsu-clearfix tatsu-BkgJF4uhOB\" ><div  class=\"tatsu-row\" ><div  class=\"tatsu-column  tatsu-column-no-bg tatsu-one-col tatsu-column-image-none tatsu-column-effect-none  tatsu-ryJtNO2OS\"  data-parallax-speed=\"0\" style=\"\"><div class=\"tatsu-column-inner\" ><div class=\"tatsu-column-pad-wrap\"><div class=\"tatsu-column-pad\" ><div  class=\"tatsu-module tatsu-text-block-wrap tatsu-ByDGQjhKJg\"><div class=\"tatsu-text-inner tatsu-align-center  clearfix\" ><style>.tatsu-ByDGQjhKJg.tatsu-text-block-wrap .tatsu-text-inner{width: 80%;text-align: left;}.tatsu-ByDGQjhKJg.tatsu-text-block-wrap{margin: 10px 0px 10px 0px;}.tatsu-ByDGQjhKJg.tatsu-text-block-wrap .tatsu-text-inner *{font-size : 24px;}@media only screen and (max-width: 767px) {.tatsu-ByDGQjhKJg.tatsu-text-block-wrap .tatsu-text-inner{width: 100%;}}<\/style>\n<h2>Vineyards in Mallorca<\/h2>\n<\/div><\/div><div  class=\"tatsu-module tatsu-text-block-wrap tatsu-ry1P8y75ge\"><div class=\"tatsu-text-inner tatsu-align-center  clearfix\" ><style>.tatsu-ry1P8y75ge.tatsu-text-block-wrap .tatsu-text-inner{width: 80%;text-align: left;}.tatsu-ry1P8y75ge.tatsu-text-block-wrap{margin: 0px 0px 0px 0px;}.tatsu-ry1P8y75ge.tatsu-text-block-wrap .tatsu-text-inner *{font-size : 16px;}@media only screen and (max-width: 767px) {.tatsu-ry1P8y75ge.tatsu-text-block-wrap .tatsu-text-inner{width: 100%;}}<\/style>\n<p>Viticulture has been part of Mallorca\u2019s Mediterranean culture for centuries. It\u2019s no wonder, then, that the island is home to many historic bodegas, run by families cultivating and producing traditional, native grape varieties &#8211; wines you won\u2019t find anywhere else. In addition, many foreign investors, driven by passion, have entered the Mallorcan wine industry, modernizing, expanding, and upgrading some of these historic estates. As a result, there is a wide selection of beautiful bodegas that not only produce excellent wines but also offer ideal settings for events and weddings.<\/p>\n<\/div><\/div><div  class=\"tatsu-module tatsu-text-block-wrap tatsu-Bkjn81X5xl\"><div class=\"tatsu-text-inner tatsu-align-center  clearfix\" ><style>.tatsu-Bkjn81X5xl.tatsu-text-block-wrap .tatsu-text-inner{width: 80%;text-align: left;}.tatsu-Bkjn81X5xl.tatsu-text-block-wrap{margin: 10px 0px 10px 0px;}.tatsu-Bkjn81X5xl.tatsu-text-block-wrap .tatsu-text-inner *{font-size : 24px;}@media only screen and (max-width: 767px) {.tatsu-Bkjn81X5xl.tatsu-text-block-wrap .tatsu-text-inner{width: 100%;}}<\/style>\n<h2>Getting Married at a Vineyard<\/h2>\n<\/div><\/div><div  class=\"tatsu-module tatsu-text-block-wrap tatsu-H1Z681Q9gx\"><div class=\"tatsu-text-inner tatsu-align-center  clearfix\" ><style>.tatsu-H1Z681Q9gx.tatsu-text-block-wrap .tatsu-text-inner{width: 80%;text-align: left;}.tatsu-H1Z681Q9gx.tatsu-text-block-wrap{margin: 0px 0px 0px 0px;}.tatsu-H1Z681Q9gx.tatsu-text-block-wrap .tatsu-text-inner *{font-size : 16px;}@media only screen and (max-width: 767px) {.tatsu-H1Z681Q9gx.tatsu-text-block-wrap .tatsu-text-inner{width: 100%;}}<\/style>\n<p>One of the main reasons to consider a bodega for your wedding is its location, as viticulture is concentrated in the center of the island. The two protected designation of origin (D.O.) regions, Binissalem and Pla i Llevant, benefit from excellent infrastructure due to their proximity to Palma and the airport. This is especially true around Binissalem, where you can also enjoy breathtaking views of the Tramuntana Mountains. Additionally, a vineyard almost inevitably comes with plenty of land, providing ample space for celebrations and few &#8211; if any &#8211; neighbors nearby. Historic buildings, plenty of space, privacy, and stunning views: what more could you want for your big day? Even better, many bodegas now offer highly professional services, some with their own event departments, so you can plan an amazing wedding without needing an additional wedding planner. Find out exactly where next!<\/p>\n<\/div><\/div><div  class=\"tatsu-single-image tatsu-module tatsu-external-image tatsu-By8DgjnFJl\" ><div class=\"tatsu-single-image-inner\" style=\"\" ><div class = \"tatsu-single-image-padding-wrap\" style = \"\" ><\/div><img class = \"tatsu-gradient-border\" src = \"\" alt =\" \"  \/><\/div><style>.tatsu-By8DgjnFJl .tatsu-single-image-inner{border-style: solid;max-width: 100%;}.tatsu-By8DgjnFJl.tatsu-single-image{transform: translate3d(0px,0px, 0);}<\/style><\/div><div id = \"\" class=\"tatsu-code tatsu-module tatsu-ry4Lllf5ye\"  ><iframe width=\"560\" height=\"315\" src=\"https:\/\/www.youtube.com\/embed\/21P4QaJWtmE?si=Rm0sOOIgXuJun6w3\" title=\"YouTube video player\" frameborder=\"0\" allow=\"accelerometer; autoplay; clipboard-write; encrypted-media; gyroscope; picture-in-picture; web-share\" referrerpolicy=\"strict-origin-when-cross-origin\" allowfullscreen><\/iframe><\/div><div  class=\"tatsu-module tatsu-text-block-wrap tatsu-HkFsv179lg\"><div class=\"tatsu-text-inner tatsu-align-center  clearfix\" ><style>.tatsu-HkFsv179lg.tatsu-text-block-wrap .tatsu-text-inner{width: 80%;text-align: left;}.tatsu-HkFsv179lg.tatsu-text-block-wrap{margin: 10px 0px 10px 0px;}.tatsu-HkFsv179lg.tatsu-text-block-wrap .tatsu-text-inner *{font-size : 24px;}@media only screen and (max-width: 767px) {.tatsu-HkFsv179lg.tatsu-text-block-wrap .tatsu-text-inner{width: 100%;}}<\/style>\n<h2>Finca Biniagual<\/h2>\n<\/div><\/div><div  class=\"tatsu-module tatsu-text-block-wrap tatsu-r1AIgi2Y1x\"><div class=\"tatsu-text-inner tatsu-align-center  clearfix\" ><style>.tatsu-r1AIgi2Y1x.tatsu-text-block-wrap .tatsu-text-inner{width: 80%;text-align: left;}.tatsu-r1AIgi2Y1x.tatsu-text-block-wrap{margin: 0px 0px 20px 0px;}.tatsu-r1AIgi2Y1x.tatsu-text-block-wrap .tatsu-text-inner *{font-size : 16px;}@media only screen and (max-width: 767px) {.tatsu-r1AIgi2Y1x.tatsu-text-block-wrap .tatsu-text-inner{width: 100%;}}<\/style>\n<p>To start off, here\u2019s a truly standout wedding venue: Finca Biniagual is undoubtedly <strong>one of the coolest locations you can imagine in a Mediterranean setting<\/strong>. Dating back to the Moorish occupation of Mallorca (before 1230!), the small estate features 14 houses, a chapel, a historic winery, and a vinoteca that sells products from traditional Mallorcan agriculture. You\u2019ll find indoor and outdoor spaces of all sizes &#8211; all absolutely stunning. On top of that, the staff are incredibly friendly, the wine is delicious, and the romantic atmosphere is unmatched. I don\u2019t want to say too much more, or this would sound like paid advertising. So: just visit, relax in the garden, taste the wines, and fall in love. <a href=\"https:\/\/finca-biniagual.com\/de\/hochzeit\/\" target=\"_blank\" rel=\"noopener\"><strong>Check out the website for all the details!<\/strong><\/a><\/p>\n<\/div><\/div><div  class=\"tatsu-module tatsu-text-block-wrap tatsu-H1W1uy7cel\"><div class=\"tatsu-text-inner tatsu-align-center  clearfix\" ><style>.tatsu-H1W1uy7cel.tatsu-text-block-wrap .tatsu-text-inner{width: 80%;text-align: left;}.tatsu-H1W1uy7cel.tatsu-text-block-wrap{margin: 10px 0px 10px 0px;}.tatsu-H1W1uy7cel.tatsu-text-block-wrap .tatsu-text-inner *{font-size : 24px;}@media only screen and (max-width: 767px) {.tatsu-H1W1uy7cel.tatsu-text-block-wrap .tatsu-text-inner{width: 100%;}}<\/style>\n<h2>Bodega Santa Catarina<\/h2>\n<\/div><\/div><div  class=\"tatsu-module tatsu-text-block-wrap tatsu-r1jyOyQ5xg\"><div class=\"tatsu-text-inner tatsu-align-center  clearfix\" ><style>.tatsu-r1jyOyQ5xg.tatsu-text-block-wrap .tatsu-text-inner{width: 80%;text-align: left;}.tatsu-r1jyOyQ5xg.tatsu-text-block-wrap .tatsu-text-inner *{font-size : 16px;}@media only screen and (max-width: 767px) {.tatsu-r1jyOyQ5xg.tatsu-text-block-wrap .tatsu-text-inner{width: 100%;}}<\/style>\n<p>Just around the corner from Biniagual, but a completely different experience. Bodega Santa Catarina was conceived in 2014 and only opened a few years ago. I had the pleasure of photographing my first wedding there in 2023 and had been in contact with the team well in advance as they developed the venue. It\u2019s an impressive estate with endless possibilities for both small and large celebrations. The property features many remarkable facilities, including an impressive vaulted cellar and a fantastic outdoor area with panoramic views. Here, too, you\u2019ll find professional contacts, excellent wines, and everything you could wish for in a wedding venue. <a href=\"https:\/\/www.bodegasantacatarina.com\/de\" target=\"_blank\" rel=\"noopener\"><strong>Check out the website<\/strong><\/a>.<\/p>\n<\/div><\/div><div  class=\"tatsu-single-image tatsu-module tatsu-image-lazyload tatsu-rkDEPgMqyl\" ><div class=\"tatsu-single-image-inner\" style=\"width : 1600px;\" ><div class = \"tatsu-single-image-padding-wrap\" style = \"padding-bottom : 66.6875%;\" ><\/div><img class = \"tatsu-gradient-border\" alt = \"leah und friedrich\" title = \"leah und friedrich\" data-src = \"https:\/\/lps-photography.de\/wp-content\/uploads\/2025\/02\/Hochzeit-Mallorca-Santa-Catarina-709-websize.jpg\" src =\"data:image\/png;base64,iVBORw0KGgoAAAANSUhEUgAAAAEAAAABCAQAAAC1HAwCAAAAC0lEQVR42mNkYAAAAAYAAjCB0C8AAAAASUVORK5CYII=\"  \/><\/div><style>.tatsu-rkDEPgMqyl .tatsu-single-image-inner{border-style: solid;max-width: 100%;}.tatsu-rkDEPgMqyl.tatsu-single-image{transform: translate3d(0px,0px, 0);}<\/style><\/div><div  class=\"tatsu-module tatsu-text-block-wrap tatsu-SJMiWyTtJx\"><div class=\"tatsu-text-inner tatsu-align-center  clearfix\" ><style>.tatsu-SJMiWyTtJx.tatsu-text-block-wrap .tatsu-text-inner{width: 80%;text-align: center;}.tatsu-SJMiWyTtJx.tatsu-text-block-wrap{margin: 14px 0px 20px 0px;}.tatsu-SJMiWyTtJx.tatsu-text-block-wrap .tatsu-text-inner *{font-size : 16px;}<\/style>\n<p>Do you have questions about getting married at a vineyard in Mallorca? Send me a message &#8211; you can also book your<\/p>\n<\/div><\/div><div  class=\"tatsu-module tatsu-normal-button tatsu-button-wrap align-block block-center  tatsu-Hy-RwllZpn\"><a class=\"tatsu-shortcode mediumbtn tatsu-button left-icon circular   bg-animation-none\" href=\"https:\/\/lps-photography.de\/en\/contact\/\" style=\"\" aria-label=\"Secure Your Wedding Date!\"><i class=\"tatsu-icon icon-heart3\"><\/i>Secure Your Wedding Date!<\/a><style>.tatsu-Hy-RwllZpn .tatsu-button{background-color: rgba(45,97,159,1);color: #ffffff ;}<\/style><\/div><div id = \"\" class=\"tatsu-code tatsu-module tatsu-SJpzXgfcye\"  ><iframe width=\"560\" height=\"315\" src=\"https:\/\/www.youtube.com\/embed\/mMMoqmwgyfM?si=c1RyV1y5OLYqjUdN\" title=\"YouTube video player\" frameborder=\"0\" allow=\"accelerometer; autoplay; clipboard-write; encrypted-media; gyroscope; picture-in-picture; web-share\" referrerpolicy=\"strict-origin-when-cross-origin\" allowfullscreen><\/iframe><\/div><div  class=\"tatsu-module tatsu-text-block-wrap tatsu-SJLQXez9kx\"><div class=\"tatsu-text-inner tatsu-align-center  clearfix\" ><style>.tatsu-SJLQXez9kx.tatsu-text-block-wrap .tatsu-text-inner{width: 80%;text-align: left;}.tatsu-SJLQXez9kx.tatsu-text-block-wrap{margin: 0px 0px 0px 0px;}.tatsu-SJLQXez9kx.tatsu-text-block-wrap .tatsu-text-inner *{font-size : 24px;}@media only screen and (max-width: 767px) {.tatsu-SJLQXez9kx.tatsu-text-block-wrap .tatsu-text-inner{width: 100%;}}<\/style>\n<h2>Bodegas Jos\u00e9 L. Ferrer<\/h2>\n<\/div><\/div><div  class=\"tatsu-module tatsu-text-block-wrap tatsu-Bk5eYJXqxg\"><div class=\"tatsu-text-inner tatsu-align-center  clearfix\" ><style>.tatsu-Bk5eYJXqxg.tatsu-text-block-wrap .tatsu-text-inner{width: 80%;text-align: left;}.tatsu-Bk5eYJXqxg.tatsu-text-block-wrap{margin: 0px 0px 20px 0px;}.tatsu-Bk5eYJXqxg.tatsu-text-block-wrap .tatsu-text-inner *{font-size : 16px;}@media only screen and (max-width: 767px) {.tatsu-Bk5eYJXqxg.tatsu-text-block-wrap .tatsu-text-inner{width: 100%;}}<\/style>\n<p>One of the largest and most well-known producers in Mallorca is Bodega Ferrer in Binissalem. What\u2019s still relatively new and less known, however, is that you can celebrate wonderful weddings here. Located right at the entrance to Binissalem, the vast estate features vineyards and all the spaces that are definitely worth a look when planning your wedding. <a href=\"https:\/\/www.instagram.com\/vinosferrer.events\/\" target=\"_blank\" rel=\"noopener\"><strong>Check out their Instagram profile for events!<\/strong><\/a><\/p>\n<\/div><\/div><div  class=\"tatsu-module tatsu-text-block-wrap tatsu-SkVzY1Xqxx\"><div class=\"tatsu-text-inner tatsu-align-center  clearfix\" ><style>.tatsu-SkVzY1Xqxx.tatsu-text-block-wrap .tatsu-text-inner{width: 80%;text-align: left;}.tatsu-SkVzY1Xqxx.tatsu-text-block-wrap{margin: 0px 0px 0px 0px;}.tatsu-SkVzY1Xqxx.tatsu-text-block-wrap .tatsu-text-inner *{font-size : 24px;}@media only screen and (max-width: 767px) {.tatsu-SkVzY1Xqxx.tatsu-text-block-wrap .tatsu-text-inner{width: 100%;}}<\/style>\n<h2>Can Feliu<\/h2>\n<\/div><\/div><div  class=\"tatsu-module tatsu-text-block-wrap tatsu-H1dzKyQ5ge\"><div class=\"tatsu-text-inner tatsu-align-center  clearfix\" ><style>.tatsu-H1dzKyQ5ge.tatsu-text-block-wrap .tatsu-text-inner{width: 80%;text-align: left;}.tatsu-H1dzKyQ5ge.tatsu-text-block-wrap .tatsu-text-inner *{font-size : 16px;}@media only screen and (max-width: 767px) {.tatsu-H1dzKyQ5ge.tatsu-text-block-wrap .tatsu-text-inner{width: 100%;}}<\/style>\n<p>A bit further inland near Porreres lies Can Feliu. A fantastic bodega with plenty of natural stone fa\u00e7ades, a pool, accommodation, and the possibility to celebrate outdoors well into the morning. With their own wines and tasting options, you can organize wonderful get-together events directly with the owner. The guest rooms and holiday apartments allow you to accommodate your closest circle on-site, effectively booking your <a href=\"https:\/\/lps-photography.de\/hochzeitshotel-mallorca\/\"><strong>Mallorca wedding hotel<\/strong><\/a> at the same time. <a href=\"https:\/\/www.canfeliu.es\/de\/\" target=\"_blank\" rel=\"noopener\"><strong>Check out the website<\/strong><\/a>.<\/p>\n<\/div><\/div><div  class=\"justified-gallery-outer-wrap oshine-module  tatsu-SkPKPlfc1l\" ><div class=\"justified-gallery-inner-wrap\" data-action=\"get_be_justified_gallery_with_pagination\" data-paged=\"1\" data-source='{\"source\":\"selected\",\"account_name\":\"\",\"count\":\"\",\"col\":\"two\",\"masonry\":1}' data-images-array=\"24086,24088,24084,24082,24062,24066,24068,24070,24076,24078,24080,24058,24056,24054,24050,24046,24044,24040,24038,24036,24102,24100,24096,24094,24092,24090,24052\" data-items-per-load=\"9\" data-hover-style=\"style1-hover\" data-image-grayscale=\"c_to_c\" data-image-effect=\"none\" data-thumb-overlay-color=\"\" data-grad-style-color=\"\" data-like-button=\"1\" data-disable-overlay=\"0\" ><div class=\"justified-gallery clickable clearfix be-photoswipe-gallery none\" data-gutter-width=\"10\" data-image-height=\"300\"  ><div class=\"element be-hoverlay not-wide style1-hover c_to_c jg-entry-visible\"><div class=\"element-inner none-effect\"><a href=\"https:\/\/lps-photography.de\/wp-content\/uploads\/2025\/02\/Can-Feliu-Mallorca-Hochzeit-27.jpg\" data-size=\"1067x1600\" data-href=\"https:\/\/lps-photography.de\/wp-content\/uploads\/2025\/02\/Can-Feliu-Mallorca-Hochzeit-27.jpg\" class=\"thumb-wrap\" title=\"erneuerung des eheversprechens auf mallorca | lps photography.de\" data-><div class=\"flip-img-wrap\"><img class = \"thumb-img\" height = \"1600\" width = \"1067\" srcset = \"https:\/\/lps-photography.de\/wp-content\/uploads\/2025\/02\/Can-Feliu-Mallorca-Hochzeit-27.jpg 1067w,  https:\/\/lps-photography.de\/wp-content\/uploads\/2025\/02\/Can-Feliu-Mallorca-Hochzeit-27-200x300.jpg 200w,  https:\/\/lps-photography.de\/wp-content\/uploads\/2025\/02\/Can-Feliu-Mallorca-Hochzeit-27-683x1024.jpg 683w,  https:\/\/lps-photography.de\/wp-content\/uploads\/2025\/02\/Can-Feliu-Mallorca-Hochzeit-27-768x1152.jpg 768w,  https:\/\/lps-photography.de\/wp-content\/uploads\/2025\/02\/Can-Feliu-Mallorca-Hochzeit-27-1024x1536.jpg 1024w,  https:\/\/lps-photography.de\/wp-content\/uploads\/2025\/02\/Can-Feliu-Mallorca-Hochzeit-27-33x50.jpg 33w,  https:\/\/lps-photography.de\/wp-content\/uploads\/2025\/02\/Can-Feliu-Mallorca-Hochzeit-27-650x975.jpg 650w,  https:\/\/lps-photography.de\/wp-content\/uploads\/2025\/02\/Can-Feliu-Mallorca-Hochzeit-27-1000x1500.jpg 1000w,  https:\/\/lps-photography.de\/wp-content\/uploads\/2025\/02\/Can-Feliu-Mallorca-Hochzeit-27-50x75.jpg 50w\" alt = \"erneuerung des eheversprechens auf mallorca | lps photography.de\" title = \"erneuerung des eheversprechens auf mallorca | lps photography.de\" \/><\/div><div class=\"thumb-overlay\"><div class=\"thumb-bg\" ><div class=\"thumb-title-wrap display-table-cell vertical-align-middle align-center fadeIn animated\"><\/div><\/div><\/div><\/a><\/div><div class=\"caption\"><\/div><\/div><div class=\"element be-hoverlay not-wide style1-hover c_to_c jg-entry-visible\"><div class=\"element-inner none-effect\"><a href=\"https:\/\/lps-photography.de\/wp-content\/uploads\/2025\/02\/Can-Feliu-Mallorca-Hochzeit-28.jpg\" data-size=\"1067x1600\" data-href=\"https:\/\/lps-photography.de\/wp-content\/uploads\/2025\/02\/Can-Feliu-Mallorca-Hochzeit-28.jpg\" class=\"thumb-wrap\" title=\"Eine Braut und ein Br\u00e4utigam schreiten Hand in Hand einen grasbewachsenen Weinbergh\u00fcgel auf ihrer Bodega Hochzeit auf Mallorca hinauf, umgeben von \u00fcppigen gr\u00fcnen Weinreben unter einem klaren Himmel, die Braut in einem wei\u00dfen Kleid und der Br\u00e4utigam in einem hellen Hemd und einer Hose.\" data-><div class=\"flip-img-wrap\"><img class = \"thumb-img\" height = \"1600\" width = \"1067\" srcset = \"https:\/\/lps-photography.de\/wp-content\/uploads\/2025\/02\/Can-Feliu-Mallorca-Hochzeit-28.jpg 1067w,  https:\/\/lps-photography.de\/wp-content\/uploads\/2025\/02\/Can-Feliu-Mallorca-Hochzeit-28-200x300.jpg 200w,  https:\/\/lps-photography.de\/wp-content\/uploads\/2025\/02\/Can-Feliu-Mallorca-Hochzeit-28-683x1024.jpg 683w,  https:\/\/lps-photography.de\/wp-content\/uploads\/2025\/02\/Can-Feliu-Mallorca-Hochzeit-28-768x1152.jpg 768w,  https:\/\/lps-photography.de\/wp-content\/uploads\/2025\/02\/Can-Feliu-Mallorca-Hochzeit-28-1024x1536.jpg 1024w,  https:\/\/lps-photography.de\/wp-content\/uploads\/2025\/02\/Can-Feliu-Mallorca-Hochzeit-28-33x50.jpg 33w,  https:\/\/lps-photography.de\/wp-content\/uploads\/2025\/02\/Can-Feliu-Mallorca-Hochzeit-28-650x975.jpg 650w,  https:\/\/lps-photography.de\/wp-content\/uploads\/2025\/02\/Can-Feliu-Mallorca-Hochzeit-28-1000x1500.jpg 1000w,  https:\/\/lps-photography.de\/wp-content\/uploads\/2025\/02\/Can-Feliu-Mallorca-Hochzeit-28-50x75.jpg 50w\" alt = \"Eine Braut und ein Br\u00e4utigam schreiten Hand in Hand einen grasbewachsenen Weinbergh\u00fcgel auf ihrer Bodega Hochzeit auf Mallorca hinauf, umgeben von \u00fcppigen gr\u00fcnen Weinreben unter einem klaren Himmel, die Braut in einem wei\u00dfen Kleid und der Br\u00e4utigam in einem hellen Hemd und einer Hose.\" title = \"erneuerung des eheversprechens auf mallorca | lps photography.de\" \/><\/div><div class=\"thumb-overlay\"><div class=\"thumb-bg\" ><div class=\"thumb-title-wrap display-table-cell vertical-align-middle align-center fadeIn animated\"><\/div><\/div><\/div><\/a><\/div><div class=\"caption\"><\/div><\/div><div class=\"element be-hoverlay not-wide style1-hover c_to_c jg-entry-visible\"><div class=\"element-inner none-effect\"><a href=\"https:\/\/lps-photography.de\/wp-content\/uploads\/2025\/02\/Can-Feliu-Mallorca-Hochzeit-26.jpg\" data-size=\"1067x1600\" data-href=\"https:\/\/lps-photography.de\/wp-content\/uploads\/2025\/02\/Can-Feliu-Mallorca-Hochzeit-26.jpg\" class=\"thumb-wrap\" title=\"erneuerung des eheversprechens auf mallorca | lps photography.de\" data-><div class=\"flip-img-wrap\"><img class = \"thumb-img\" height = \"1600\" width = \"1067\" srcset = \"https:\/\/lps-photography.de\/wp-content\/uploads\/2025\/02\/Can-Feliu-Mallorca-Hochzeit-26.jpg 1067w,  https:\/\/lps-photography.de\/wp-content\/uploads\/2025\/02\/Can-Feliu-Mallorca-Hochzeit-26-200x300.jpg 200w,  https:\/\/lps-photography.de\/wp-content\/uploads\/2025\/02\/Can-Feliu-Mallorca-Hochzeit-26-683x1024.jpg 683w,  https:\/\/lps-photography.de\/wp-content\/uploads\/2025\/02\/Can-Feliu-Mallorca-Hochzeit-26-768x1152.jpg 768w,  https:\/\/lps-photography.de\/wp-content\/uploads\/2025\/02\/Can-Feliu-Mallorca-Hochzeit-26-1024x1536.jpg 1024w,  https:\/\/lps-photography.de\/wp-content\/uploads\/2025\/02\/Can-Feliu-Mallorca-Hochzeit-26-33x50.jpg 33w,  https:\/\/lps-photography.de\/wp-content\/uploads\/2025\/02\/Can-Feliu-Mallorca-Hochzeit-26-650x975.jpg 650w,  https:\/\/lps-photography.de\/wp-content\/uploads\/2025\/02\/Can-Feliu-Mallorca-Hochzeit-26-1000x1500.jpg 1000w,  https:\/\/lps-photography.de\/wp-content\/uploads\/2025\/02\/Can-Feliu-Mallorca-Hochzeit-26-50x75.jpg 50w\" alt = \"erneuerung des eheversprechens auf mallorca | lps photography.de\" title = \"erneuerung des eheversprechens auf mallorca | lps photography.de\" \/><\/div><div class=\"thumb-overlay\"><div class=\"thumb-bg\" ><div class=\"thumb-title-wrap display-table-cell vertical-align-middle align-center fadeIn animated\"><\/div><\/div><\/div><\/a><\/div><div class=\"caption\"><\/div><\/div><div class=\"element be-hoverlay not-wide style1-hover c_to_c jg-entry-visible\"><div class=\"element-inner none-effect\"><a href=\"https:\/\/lps-photography.de\/wp-content\/uploads\/2025\/02\/Can-Feliu-Mallorca-Hochzeit-25.jpg\" data-size=\"1600x1067\" data-href=\"https:\/\/lps-photography.de\/wp-content\/uploads\/2025\/02\/Can-Feliu-Mallorca-Hochzeit-25.jpg\" class=\"thumb-wrap\" title=\"erneuerung des eheversprechens auf mallorca | lps photography.de\" data-><div class=\"flip-img-wrap\"><img class = \"thumb-img\" height = \"1067\" width = \"1600\" srcset = \"https:\/\/lps-photography.de\/wp-content\/uploads\/2025\/02\/Can-Feliu-Mallorca-Hochzeit-25.jpg 1600w,  https:\/\/lps-photography.de\/wp-content\/uploads\/2025\/02\/Can-Feliu-Mallorca-Hochzeit-25-300x200.jpg 300w,  https:\/\/lps-photography.de\/wp-content\/uploads\/2025\/02\/Can-Feliu-Mallorca-Hochzeit-25-800x534.jpg 800w,  https:\/\/lps-photography.de\/wp-content\/uploads\/2025\/02\/Can-Feliu-Mallorca-Hochzeit-25-768x512.jpg 768w,  https:\/\/lps-photography.de\/wp-content\/uploads\/2025\/02\/Can-Feliu-Mallorca-Hochzeit-25-1536x1024.jpg 1536w,  https:\/\/lps-photography.de\/wp-content\/uploads\/2025\/02\/Can-Feliu-Mallorca-Hochzeit-25-75x50.jpg 75w,  https:\/\/lps-photography.de\/wp-content\/uploads\/2025\/02\/Can-Feliu-Mallorca-Hochzeit-25-650x433.jpg 650w,  https:\/\/lps-photography.de\/wp-content\/uploads\/2025\/02\/Can-Feliu-Mallorca-Hochzeit-25-1000x667.jpg 1000w,  https:\/\/lps-photography.de\/wp-content\/uploads\/2025\/02\/Can-Feliu-Mallorca-Hochzeit-25-50x33.jpg 50w\" alt = \"erneuerung des eheversprechens auf mallorca | lps photography.de\" title = \"erneuerung des eheversprechens auf mallorca | lps photography.de\" \/><\/div><div class=\"thumb-overlay\"><div class=\"thumb-bg\" ><div class=\"thumb-title-wrap display-table-cell vertical-align-middle align-center fadeIn animated\"><\/div><\/div><\/div><\/a><\/div><div class=\"caption\"><\/div><\/div><div class=\"element be-hoverlay not-wide style1-hover c_to_c jg-entry-visible\"><div class=\"element-inner none-effect\"><a href=\"https:\/\/lps-photography.de\/wp-content\/uploads\/2025\/02\/Can-Feliu-Mallorca-Hochzeit-15.jpg\" data-size=\"1600x1067\" data-href=\"https:\/\/lps-photography.de\/wp-content\/uploads\/2025\/02\/Can-Feliu-Mallorca-Hochzeit-15.jpg\" class=\"thumb-wrap\" title=\"erneuerung des eheversprechens auf mallorca | lps photography.de\" data-><div class=\"flip-img-wrap\"><img class = \"thumb-img\" height = \"1067\" width = \"1600\" srcset = \"https:\/\/lps-photography.de\/wp-content\/uploads\/2025\/02\/Can-Feliu-Mallorca-Hochzeit-15.jpg 1600w,  https:\/\/lps-photography.de\/wp-content\/uploads\/2025\/02\/Can-Feliu-Mallorca-Hochzeit-15-300x200.jpg 300w,  https:\/\/lps-photography.de\/wp-content\/uploads\/2025\/02\/Can-Feliu-Mallorca-Hochzeit-15-800x534.jpg 800w,  https:\/\/lps-photography.de\/wp-content\/uploads\/2025\/02\/Can-Feliu-Mallorca-Hochzeit-15-768x512.jpg 768w,  https:\/\/lps-photography.de\/wp-content\/uploads\/2025\/02\/Can-Feliu-Mallorca-Hochzeit-15-1536x1024.jpg 1536w,  https:\/\/lps-photography.de\/wp-content\/uploads\/2025\/02\/Can-Feliu-Mallorca-Hochzeit-15-75x50.jpg 75w,  https:\/\/lps-photography.de\/wp-content\/uploads\/2025\/02\/Can-Feliu-Mallorca-Hochzeit-15-650x433.jpg 650w,  https:\/\/lps-photography.de\/wp-content\/uploads\/2025\/02\/Can-Feliu-Mallorca-Hochzeit-15-1000x667.jpg 1000w,  https:\/\/lps-photography.de\/wp-content\/uploads\/2025\/02\/Can-Feliu-Mallorca-Hochzeit-15-50x33.jpg 50w\" alt = \"erneuerung des eheversprechens auf mallorca | lps photography.de\" title = \"erneuerung des eheversprechens auf mallorca | lps photography.de\" \/><\/div><div class=\"thumb-overlay\"><div class=\"thumb-bg\" ><div class=\"thumb-title-wrap display-table-cell vertical-align-middle align-center fadeIn animated\"><\/div><\/div><\/div><\/a><\/div><div class=\"caption\"><\/div><\/div><div class=\"element be-hoverlay not-wide style1-hover c_to_c jg-entry-visible\"><div class=\"element-inner none-effect\"><a href=\"https:\/\/lps-photography.de\/wp-content\/uploads\/2025\/02\/Can-Feliu-Mallorca-Hochzeit-17.jpg\" data-size=\"1067x1600\" data-href=\"https:\/\/lps-photography.de\/wp-content\/uploads\/2025\/02\/Can-Feliu-Mallorca-Hochzeit-17.jpg\" class=\"thumb-wrap\" title=\"erneuerung des eheversprechens auf mallorca | lps photography.de\" data-><div class=\"flip-img-wrap\"><img class = \"thumb-img\" height = \"1600\" width = \"1067\" srcset = \"https:\/\/lps-photography.de\/wp-content\/uploads\/2025\/02\/Can-Feliu-Mallorca-Hochzeit-17.jpg 1067w,  https:\/\/lps-photography.de\/wp-content\/uploads\/2025\/02\/Can-Feliu-Mallorca-Hochzeit-17-200x300.jpg 200w,  https:\/\/lps-photography.de\/wp-content\/uploads\/2025\/02\/Can-Feliu-Mallorca-Hochzeit-17-683x1024.jpg 683w,  https:\/\/lps-photography.de\/wp-content\/uploads\/2025\/02\/Can-Feliu-Mallorca-Hochzeit-17-768x1152.jpg 768w,  https:\/\/lps-photography.de\/wp-content\/uploads\/2025\/02\/Can-Feliu-Mallorca-Hochzeit-17-1024x1536.jpg 1024w,  https:\/\/lps-photography.de\/wp-content\/uploads\/2025\/02\/Can-Feliu-Mallorca-Hochzeit-17-33x50.jpg 33w,  https:\/\/lps-photography.de\/wp-content\/uploads\/2025\/02\/Can-Feliu-Mallorca-Hochzeit-17-650x975.jpg 650w,  https:\/\/lps-photography.de\/wp-content\/uploads\/2025\/02\/Can-Feliu-Mallorca-Hochzeit-17-1000x1500.jpg 1000w,  https:\/\/lps-photography.de\/wp-content\/uploads\/2025\/02\/Can-Feliu-Mallorca-Hochzeit-17-50x75.jpg 50w\" alt = \"erneuerung des eheversprechens auf mallorca | lps photography.de\" title = \"erneuerung des eheversprechens auf mallorca | lps photography.de\" \/><\/div><div class=\"thumb-overlay\"><div class=\"thumb-bg\" ><div class=\"thumb-title-wrap display-table-cell vertical-align-middle align-center fadeIn animated\"><\/div><\/div><\/div><\/a><\/div><div class=\"caption\"><\/div><\/div><div class=\"element be-hoverlay not-wide style1-hover c_to_c jg-entry-visible\"><div class=\"element-inner none-effect\"><a href=\"https:\/\/lps-photography.de\/wp-content\/uploads\/2025\/02\/Can-Feliu-Mallorca-Hochzeit-18.jpg\" data-size=\"1067x1600\" data-href=\"https:\/\/lps-photography.de\/wp-content\/uploads\/2025\/02\/Can-Feliu-Mallorca-Hochzeit-18.jpg\" class=\"thumb-wrap\" title=\"erneuerung des eheversprechens auf mallorca | lps photography.de\" data-><div class=\"flip-img-wrap\"><img class = \"thumb-img\" height = \"1600\" width = \"1067\" srcset = \"https:\/\/lps-photography.de\/wp-content\/uploads\/2025\/02\/Can-Feliu-Mallorca-Hochzeit-18.jpg 1067w,  https:\/\/lps-photography.de\/wp-content\/uploads\/2025\/02\/Can-Feliu-Mallorca-Hochzeit-18-200x300.jpg 200w,  https:\/\/lps-photography.de\/wp-content\/uploads\/2025\/02\/Can-Feliu-Mallorca-Hochzeit-18-683x1024.jpg 683w,  https:\/\/lps-photography.de\/wp-content\/uploads\/2025\/02\/Can-Feliu-Mallorca-Hochzeit-18-768x1152.jpg 768w,  https:\/\/lps-photography.de\/wp-content\/uploads\/2025\/02\/Can-Feliu-Mallorca-Hochzeit-18-1024x1536.jpg 1024w,  https:\/\/lps-photography.de\/wp-content\/uploads\/2025\/02\/Can-Feliu-Mallorca-Hochzeit-18-33x50.jpg 33w,  https:\/\/lps-photography.de\/wp-content\/uploads\/2025\/02\/Can-Feliu-Mallorca-Hochzeit-18-650x975.jpg 650w,  https:\/\/lps-photography.de\/wp-content\/uploads\/2025\/02\/Can-Feliu-Mallorca-Hochzeit-18-1000x1500.jpg 1000w,  https:\/\/lps-photography.de\/wp-content\/uploads\/2025\/02\/Can-Feliu-Mallorca-Hochzeit-18-50x75.jpg 50w\" alt = \"erneuerung des eheversprechens auf mallorca | lps photography.de\" title = \"erneuerung des eheversprechens auf mallorca | lps photography.de\" \/><\/div><div class=\"thumb-overlay\"><div class=\"thumb-bg\" ><div class=\"thumb-title-wrap display-table-cell vertical-align-middle align-center fadeIn animated\"><\/div><\/div><\/div><\/a><\/div><div class=\"caption\"><\/div><\/div><div class=\"element be-hoverlay not-wide style1-hover c_to_c jg-entry-visible\"><div class=\"element-inner none-effect\"><a href=\"https:\/\/lps-photography.de\/wp-content\/uploads\/2025\/02\/Can-Feliu-Mallorca-Hochzeit-19.jpg\" data-size=\"1600x1067\" data-href=\"https:\/\/lps-photography.de\/wp-content\/uploads\/2025\/02\/Can-Feliu-Mallorca-Hochzeit-19.jpg\" class=\"thumb-wrap\" title=\"erneuerung des eheversprechens auf mallorca | lps photography.de\" data-><div class=\"flip-img-wrap\"><img class = \"thumb-img\" height = \"1067\" width = \"1600\" srcset = \"https:\/\/lps-photography.de\/wp-content\/uploads\/2025\/02\/Can-Feliu-Mallorca-Hochzeit-19.jpg 1600w,  https:\/\/lps-photography.de\/wp-content\/uploads\/2025\/02\/Can-Feliu-Mallorca-Hochzeit-19-300x200.jpg 300w,  https:\/\/lps-photography.de\/wp-content\/uploads\/2025\/02\/Can-Feliu-Mallorca-Hochzeit-19-800x534.jpg 800w,  https:\/\/lps-photography.de\/wp-content\/uploads\/2025\/02\/Can-Feliu-Mallorca-Hochzeit-19-768x512.jpg 768w,  https:\/\/lps-photography.de\/wp-content\/uploads\/2025\/02\/Can-Feliu-Mallorca-Hochzeit-19-1536x1024.jpg 1536w,  https:\/\/lps-photography.de\/wp-content\/uploads\/2025\/02\/Can-Feliu-Mallorca-Hochzeit-19-75x50.jpg 75w,  https:\/\/lps-photography.de\/wp-content\/uploads\/2025\/02\/Can-Feliu-Mallorca-Hochzeit-19-650x433.jpg 650w,  https:\/\/lps-photography.de\/wp-content\/uploads\/2025\/02\/Can-Feliu-Mallorca-Hochzeit-19-1000x667.jpg 1000w,  https:\/\/lps-photography.de\/wp-content\/uploads\/2025\/02\/Can-Feliu-Mallorca-Hochzeit-19-50x33.jpg 50w\" alt = \"erneuerung des eheversprechens auf mallorca | lps photography.de\" title = \"erneuerung des eheversprechens auf mallorca | lps photography.de\" \/><\/div><div class=\"thumb-overlay\"><div class=\"thumb-bg\" ><div class=\"thumb-title-wrap display-table-cell vertical-align-middle align-center fadeIn animated\"><\/div><\/div><\/div><\/a><\/div><div class=\"caption\"><\/div><\/div><div class=\"element be-hoverlay not-wide style1-hover c_to_c jg-entry-visible\"><div class=\"element-inner none-effect\"><a href=\"https:\/\/lps-photography.de\/wp-content\/uploads\/2025\/02\/Can-Feliu-Mallorca-Hochzeit-22.jpg\" data-size=\"1600x1067\" data-href=\"https:\/\/lps-photography.de\/wp-content\/uploads\/2025\/02\/Can-Feliu-Mallorca-Hochzeit-22.jpg\" class=\"thumb-wrap\" title=\"erneuerung des eheversprechens auf mallorca | lps photography.de\" data-><div class=\"flip-img-wrap\"><img class = \"thumb-img\" height = \"1067\" width = \"1600\" srcset = \"https:\/\/lps-photography.de\/wp-content\/uploads\/2025\/02\/Can-Feliu-Mallorca-Hochzeit-22.jpg 1600w,  https:\/\/lps-photography.de\/wp-content\/uploads\/2025\/02\/Can-Feliu-Mallorca-Hochzeit-22-300x200.jpg 300w,  https:\/\/lps-photography.de\/wp-content\/uploads\/2025\/02\/Can-Feliu-Mallorca-Hochzeit-22-800x534.jpg 800w,  https:\/\/lps-photography.de\/wp-content\/uploads\/2025\/02\/Can-Feliu-Mallorca-Hochzeit-22-768x512.jpg 768w,  https:\/\/lps-photography.de\/wp-content\/uploads\/2025\/02\/Can-Feliu-Mallorca-Hochzeit-22-1536x1024.jpg 1536w,  https:\/\/lps-photography.de\/wp-content\/uploads\/2025\/02\/Can-Feliu-Mallorca-Hochzeit-22-75x50.jpg 75w,  https:\/\/lps-photography.de\/wp-content\/uploads\/2025\/02\/Can-Feliu-Mallorca-Hochzeit-22-650x433.jpg 650w,  https:\/\/lps-photography.de\/wp-content\/uploads\/2025\/02\/Can-Feliu-Mallorca-Hochzeit-22-1000x667.jpg 1000w,  https:\/\/lps-photography.de\/wp-content\/uploads\/2025\/02\/Can-Feliu-Mallorca-Hochzeit-22-50x33.jpg 50w\" alt = \"erneuerung des eheversprechens auf mallorca | lps photography.de\" title = \"erneuerung des eheversprechens auf mallorca | lps photography.de\" \/><\/div><div class=\"thumb-overlay\"><div class=\"thumb-bg\" ><div class=\"thumb-title-wrap display-table-cell vertical-align-middle align-center fadeIn animated\"><\/div><\/div><\/div><\/a><\/div><div class=\"caption\"><\/div><\/div><div class=\"element be-hoverlay not-wide style1-hover c_to_c jg-entry-visible\"><div class=\"element-inner none-effect\"><a href=\"https:\/\/lps-photography.de\/wp-content\/uploads\/2025\/02\/Can-Feliu-Mallorca-Hochzeit-23.jpg\" data-size=\"1600x1067\" data-href=\"https:\/\/lps-photography.de\/wp-content\/uploads\/2025\/02\/Can-Feliu-Mallorca-Hochzeit-23.jpg\" class=\"thumb-wrap\" title=\"erneuerung des eheversprechens auf mallorca | lps photography.de\" data-><div class=\"flip-img-wrap\"><img class = \"thumb-img\" height = \"1067\" width = \"1600\" srcset = \"https:\/\/lps-photography.de\/wp-content\/uploads\/2025\/02\/Can-Feliu-Mallorca-Hochzeit-23.jpg 1600w,  https:\/\/lps-photography.de\/wp-content\/uploads\/2025\/02\/Can-Feliu-Mallorca-Hochzeit-23-300x200.jpg 300w,  https:\/\/lps-photography.de\/wp-content\/uploads\/2025\/02\/Can-Feliu-Mallorca-Hochzeit-23-800x534.jpg 800w,  https:\/\/lps-photography.de\/wp-content\/uploads\/2025\/02\/Can-Feliu-Mallorca-Hochzeit-23-768x512.jpg 768w,  https:\/\/lps-photography.de\/wp-content\/uploads\/2025\/02\/Can-Feliu-Mallorca-Hochzeit-23-1536x1024.jpg 1536w,  https:\/\/lps-photography.de\/wp-content\/uploads\/2025\/02\/Can-Feliu-Mallorca-Hochzeit-23-75x50.jpg 75w,  https:\/\/lps-photography.de\/wp-content\/uploads\/2025\/02\/Can-Feliu-Mallorca-Hochzeit-23-650x433.jpg 650w,  https:\/\/lps-photography.de\/wp-content\/uploads\/2025\/02\/Can-Feliu-Mallorca-Hochzeit-23-1000x667.jpg 1000w,  https:\/\/lps-photography.de\/wp-content\/uploads\/2025\/02\/Can-Feliu-Mallorca-Hochzeit-23-50x33.jpg 50w\" alt = \"erneuerung des eheversprechens auf mallorca | lps photography.de\" title = \"erneuerung des eheversprechens auf mallorca | lps photography.de\" \/><\/div><div class=\"thumb-overlay\"><div class=\"thumb-bg\" ><div class=\"thumb-title-wrap display-table-cell vertical-align-middle align-center fadeIn animated\"><\/div><\/div><\/div><\/a><\/div><div class=\"caption\"><\/div><\/div><div class=\"element be-hoverlay not-wide style1-hover c_to_c jg-entry-visible\"><div class=\"element-inner none-effect\"><a href=\"https:\/\/lps-photography.de\/wp-content\/uploads\/2025\/02\/Can-Feliu-Mallorca-Hochzeit-24.jpg\" data-size=\"1600x1067\" data-href=\"https:\/\/lps-photography.de\/wp-content\/uploads\/2025\/02\/Can-Feliu-Mallorca-Hochzeit-24.jpg\" class=\"thumb-wrap\" title=\"erneuerung des eheversprechens auf mallorca | lps photography.de\" data-><div class=\"flip-img-wrap\"><img class = \"thumb-img\" height = \"1067\" width = \"1600\" srcset = \"https:\/\/lps-photography.de\/wp-content\/uploads\/2025\/02\/Can-Feliu-Mallorca-Hochzeit-24.jpg 1600w,  https:\/\/lps-photography.de\/wp-content\/uploads\/2025\/02\/Can-Feliu-Mallorca-Hochzeit-24-300x200.jpg 300w,  https:\/\/lps-photography.de\/wp-content\/uploads\/2025\/02\/Can-Feliu-Mallorca-Hochzeit-24-800x534.jpg 800w,  https:\/\/lps-photography.de\/wp-content\/uploads\/2025\/02\/Can-Feliu-Mallorca-Hochzeit-24-768x512.jpg 768w,  https:\/\/lps-photography.de\/wp-content\/uploads\/2025\/02\/Can-Feliu-Mallorca-Hochzeit-24-1536x1024.jpg 1536w,  https:\/\/lps-photography.de\/wp-content\/uploads\/2025\/02\/Can-Feliu-Mallorca-Hochzeit-24-75x50.jpg 75w,  https:\/\/lps-photography.de\/wp-content\/uploads\/2025\/02\/Can-Feliu-Mallorca-Hochzeit-24-650x433.jpg 650w,  https:\/\/lps-photography.de\/wp-content\/uploads\/2025\/02\/Can-Feliu-Mallorca-Hochzeit-24-1000x667.jpg 1000w,  https:\/\/lps-photography.de\/wp-content\/uploads\/2025\/02\/Can-Feliu-Mallorca-Hochzeit-24-50x33.jpg 50w\" alt = \"erneuerung des eheversprechens auf mallorca | lps photography.de\" title = \"erneuerung des eheversprechens auf mallorca | lps photography.de\" \/><\/div><div class=\"thumb-overlay\"><div class=\"thumb-bg\" ><div class=\"thumb-title-wrap display-table-cell vertical-align-middle align-center fadeIn animated\"><\/div><\/div><\/div><\/a><\/div><div class=\"caption\"><\/div><\/div><div class=\"element be-hoverlay not-wide style1-hover c_to_c jg-entry-visible\"><div class=\"element-inner none-effect\"><a href=\"https:\/\/lps-photography.de\/wp-content\/uploads\/2025\/02\/Can-Feliu-Mallorca-Hochzeit-13.jpg\" data-size=\"1066x1600\" data-href=\"https:\/\/lps-photography.de\/wp-content\/uploads\/2025\/02\/Can-Feliu-Mallorca-Hochzeit-13.jpg\" class=\"thumb-wrap\" title=\"erneuerung des eheversprechens auf mallorca | lps photography.de\" data-><div class=\"flip-img-wrap\"><img class = \"thumb-img\" height = \"1600\" width = \"1066\" srcset = \"https:\/\/lps-photography.de\/wp-content\/uploads\/2025\/02\/Can-Feliu-Mallorca-Hochzeit-13.jpg 1066w,  https:\/\/lps-photography.de\/wp-content\/uploads\/2025\/02\/Can-Feliu-Mallorca-Hochzeit-13-200x300.jpg 200w,  https:\/\/lps-photography.de\/wp-content\/uploads\/2025\/02\/Can-Feliu-Mallorca-Hochzeit-13-682x1024.jpg 682w,  https:\/\/lps-photography.de\/wp-content\/uploads\/2025\/02\/Can-Feliu-Mallorca-Hochzeit-13-768x1153.jpg 768w,  https:\/\/lps-photography.de\/wp-content\/uploads\/2025\/02\/Can-Feliu-Mallorca-Hochzeit-13-1023x1536.jpg 1023w,  https:\/\/lps-photography.de\/wp-content\/uploads\/2025\/02\/Can-Feliu-Mallorca-Hochzeit-13-33x50.jpg 33w,  https:\/\/lps-photography.de\/wp-content\/uploads\/2025\/02\/Can-Feliu-Mallorca-Hochzeit-13-650x976.jpg 650w,  https:\/\/lps-photography.de\/wp-content\/uploads\/2025\/02\/Can-Feliu-Mallorca-Hochzeit-13-1000x1501.jpg 1000w,  https:\/\/lps-photography.de\/wp-content\/uploads\/2025\/02\/Can-Feliu-Mallorca-Hochzeit-13-50x75.jpg 50w\" alt = \"erneuerung des eheversprechens auf mallorca | lps photography.de\" title = \"erneuerung des eheversprechens auf mallorca | lps photography.de\" \/><\/div><div class=\"thumb-overlay\"><div class=\"thumb-bg\" ><div class=\"thumb-title-wrap display-table-cell vertical-align-middle align-center fadeIn animated\"><\/div><\/div><\/div><\/a><\/div><div class=\"caption\"><\/div><\/div><div class=\"element be-hoverlay not-wide style1-hover c_to_c jg-entry-visible\"><div class=\"element-inner none-effect\"><a href=\"https:\/\/lps-photography.de\/wp-content\/uploads\/2025\/02\/Can-Feliu-Mallorca-Hochzeit-12.jpg\" data-size=\"1600x1067\" data-href=\"https:\/\/lps-photography.de\/wp-content\/uploads\/2025\/02\/Can-Feliu-Mallorca-Hochzeit-12.jpg\" class=\"thumb-wrap\" title=\"erneuerung des eheversprechens auf mallorca | lps photography.de\" data-><div class=\"flip-img-wrap\"><img class = \"thumb-img\" height = \"1067\" width = \"1600\" srcset = \"https:\/\/lps-photography.de\/wp-content\/uploads\/2025\/02\/Can-Feliu-Mallorca-Hochzeit-12.jpg 1600w,  https:\/\/lps-photography.de\/wp-content\/uploads\/2025\/02\/Can-Feliu-Mallorca-Hochzeit-12-300x200.jpg 300w,  https:\/\/lps-photography.de\/wp-content\/uploads\/2025\/02\/Can-Feliu-Mallorca-Hochzeit-12-800x534.jpg 800w,  https:\/\/lps-photography.de\/wp-content\/uploads\/2025\/02\/Can-Feliu-Mallorca-Hochzeit-12-768x512.jpg 768w,  https:\/\/lps-photography.de\/wp-content\/uploads\/2025\/02\/Can-Feliu-Mallorca-Hochzeit-12-1536x1024.jpg 1536w,  https:\/\/lps-photography.de\/wp-content\/uploads\/2025\/02\/Can-Feliu-Mallorca-Hochzeit-12-75x50.jpg 75w,  https:\/\/lps-photography.de\/wp-content\/uploads\/2025\/02\/Can-Feliu-Mallorca-Hochzeit-12-650x433.jpg 650w,  https:\/\/lps-photography.de\/wp-content\/uploads\/2025\/02\/Can-Feliu-Mallorca-Hochzeit-12-1000x667.jpg 1000w,  https:\/\/lps-photography.de\/wp-content\/uploads\/2025\/02\/Can-Feliu-Mallorca-Hochzeit-12-50x33.jpg 50w\" alt = \"erneuerung des eheversprechens auf mallorca | lps photography.de\" title = \"erneuerung des eheversprechens auf mallorca | lps photography.de\" \/><\/div><div class=\"thumb-overlay\"><div class=\"thumb-bg\" ><div class=\"thumb-title-wrap display-table-cell vertical-align-middle align-center fadeIn animated\"><\/div><\/div><\/div><\/a><\/div><div class=\"caption\"><\/div><\/div><div class=\"element be-hoverlay not-wide style1-hover c_to_c jg-entry-visible\"><div class=\"element-inner none-effect\"><a href=\"https:\/\/lps-photography.de\/wp-content\/uploads\/2025\/02\/Can-Feliu-Mallorca-Hochzeit-11.jpg\" data-size=\"1600x1067\" data-href=\"https:\/\/lps-photography.de\/wp-content\/uploads\/2025\/02\/Can-Feliu-Mallorca-Hochzeit-11.jpg\" class=\"thumb-wrap\" title=\"erneuerung des eheversprechens auf mallorca | lps photography.de\" data-><div class=\"flip-img-wrap\"><img class = \"thumb-img\" height = \"1067\" width = \"1600\" srcset = \"https:\/\/lps-photography.de\/wp-content\/uploads\/2025\/02\/Can-Feliu-Mallorca-Hochzeit-11.jpg 1600w,  https:\/\/lps-photography.de\/wp-content\/uploads\/2025\/02\/Can-Feliu-Mallorca-Hochzeit-11-300x200.jpg 300w,  https:\/\/lps-photography.de\/wp-content\/uploads\/2025\/02\/Can-Feliu-Mallorca-Hochzeit-11-800x534.jpg 800w,  https:\/\/lps-photography.de\/wp-content\/uploads\/2025\/02\/Can-Feliu-Mallorca-Hochzeit-11-768x512.jpg 768w,  https:\/\/lps-photography.de\/wp-content\/uploads\/2025\/02\/Can-Feliu-Mallorca-Hochzeit-11-1536x1024.jpg 1536w,  https:\/\/lps-photography.de\/wp-content\/uploads\/2025\/02\/Can-Feliu-Mallorca-Hochzeit-11-75x50.jpg 75w,  https:\/\/lps-photography.de\/wp-content\/uploads\/2025\/02\/Can-Feliu-Mallorca-Hochzeit-11-650x433.jpg 650w,  https:\/\/lps-photography.de\/wp-content\/uploads\/2025\/02\/Can-Feliu-Mallorca-Hochzeit-11-1000x667.jpg 1000w,  https:\/\/lps-photography.de\/wp-content\/uploads\/2025\/02\/Can-Feliu-Mallorca-Hochzeit-11-50x33.jpg 50w\" alt = \"erneuerung des eheversprechens auf mallorca | lps photography.de\" title = \"erneuerung des eheversprechens auf mallorca | lps photography.de\" \/><\/div><div class=\"thumb-overlay\"><div class=\"thumb-bg\" ><div class=\"thumb-title-wrap display-table-cell vertical-align-middle align-center fadeIn animated\"><\/div><\/div><\/div><\/a><\/div><div class=\"caption\"><\/div><\/div><div class=\"element be-hoverlay not-wide style1-hover c_to_c jg-entry-visible\"><div class=\"element-inner none-effect\"><a href=\"https:\/\/lps-photography.de\/wp-content\/uploads\/2025\/02\/Can-Feliu-Mallorca-Hochzeit-9.jpg\" data-size=\"1600x1067\" data-href=\"https:\/\/lps-photography.de\/wp-content\/uploads\/2025\/02\/Can-Feliu-Mallorca-Hochzeit-9.jpg\" class=\"thumb-wrap\" title=\"erneuerung des eheversprechens auf mallorca | lps photography.de\" data-><div class=\"flip-img-wrap\"><img class = \"thumb-img\" height = \"1067\" width = \"1600\" srcset = \"https:\/\/lps-photography.de\/wp-content\/uploads\/2025\/02\/Can-Feliu-Mallorca-Hochzeit-9.jpg 1600w,  https:\/\/lps-photography.de\/wp-content\/uploads\/2025\/02\/Can-Feliu-Mallorca-Hochzeit-9-300x200.jpg 300w,  https:\/\/lps-photography.de\/wp-content\/uploads\/2025\/02\/Can-Feliu-Mallorca-Hochzeit-9-800x534.jpg 800w,  https:\/\/lps-photography.de\/wp-content\/uploads\/2025\/02\/Can-Feliu-Mallorca-Hochzeit-9-768x512.jpg 768w,  https:\/\/lps-photography.de\/wp-content\/uploads\/2025\/02\/Can-Feliu-Mallorca-Hochzeit-9-1536x1024.jpg 1536w,  https:\/\/lps-photography.de\/wp-content\/uploads\/2025\/02\/Can-Feliu-Mallorca-Hochzeit-9-75x50.jpg 75w,  https:\/\/lps-photography.de\/wp-content\/uploads\/2025\/02\/Can-Feliu-Mallorca-Hochzeit-9-650x433.jpg 650w,  https:\/\/lps-photography.de\/wp-content\/uploads\/2025\/02\/Can-Feliu-Mallorca-Hochzeit-9-1000x667.jpg 1000w,  https:\/\/lps-photography.de\/wp-content\/uploads\/2025\/02\/Can-Feliu-Mallorca-Hochzeit-9-50x33.jpg 50w\" alt = \"erneuerung des eheversprechens auf mallorca | lps photography.de\" title = \"erneuerung des eheversprechens auf mallorca | lps photography.de\" \/><\/div><div class=\"thumb-overlay\"><div class=\"thumb-bg\" ><div class=\"thumb-title-wrap display-table-cell vertical-align-middle align-center fadeIn animated\"><\/div><\/div><\/div><\/a><\/div><div class=\"caption\"><\/div><\/div><div class=\"element be-hoverlay not-wide style1-hover c_to_c jg-entry-visible\"><div class=\"element-inner none-effect\"><a href=\"https:\/\/lps-photography.de\/wp-content\/uploads\/2025\/02\/Can-Feliu-Mallorca-Hochzeit-7.jpg\" data-size=\"1600x1067\" data-href=\"https:\/\/lps-photography.de\/wp-content\/uploads\/2025\/02\/Can-Feliu-Mallorca-Hochzeit-7.jpg\" class=\"thumb-wrap\" title=\"erneuerung des eheversprechens auf mallorca | lps photography.de\" data-><div class=\"flip-img-wrap\"><img class = \"thumb-img\" height = \"1067\" width = \"1600\" srcset = \"https:\/\/lps-photography.de\/wp-content\/uploads\/2025\/02\/Can-Feliu-Mallorca-Hochzeit-7.jpg 1600w,  https:\/\/lps-photography.de\/wp-content\/uploads\/2025\/02\/Can-Feliu-Mallorca-Hochzeit-7-300x200.jpg 300w,  https:\/\/lps-photography.de\/wp-content\/uploads\/2025\/02\/Can-Feliu-Mallorca-Hochzeit-7-800x534.jpg 800w,  https:\/\/lps-photography.de\/wp-content\/uploads\/2025\/02\/Can-Feliu-Mallorca-Hochzeit-7-768x512.jpg 768w,  https:\/\/lps-photography.de\/wp-content\/uploads\/2025\/02\/Can-Feliu-Mallorca-Hochzeit-7-1536x1024.jpg 1536w,  https:\/\/lps-photography.de\/wp-content\/uploads\/2025\/02\/Can-Feliu-Mallorca-Hochzeit-7-75x50.jpg 75w,  https:\/\/lps-photography.de\/wp-content\/uploads\/2025\/02\/Can-Feliu-Mallorca-Hochzeit-7-650x433.jpg 650w,  https:\/\/lps-photography.de\/wp-content\/uploads\/2025\/02\/Can-Feliu-Mallorca-Hochzeit-7-1000x667.jpg 1000w,  https:\/\/lps-photography.de\/wp-content\/uploads\/2025\/02\/Can-Feliu-Mallorca-Hochzeit-7-50x33.jpg 50w\" alt = \"erneuerung des eheversprechens auf mallorca | lps photography.de\" title = \"erneuerung des eheversprechens auf mallorca | lps photography.de\" \/><\/div><div class=\"thumb-overlay\"><div class=\"thumb-bg\" ><div class=\"thumb-title-wrap display-table-cell vertical-align-middle align-center fadeIn animated\"><\/div><\/div><\/div><\/a><\/div><div class=\"caption\"><\/div><\/div><div class=\"element be-hoverlay not-wide style1-hover c_to_c jg-entry-visible\"><div class=\"element-inner none-effect\"><a href=\"https:\/\/lps-photography.de\/wp-content\/uploads\/2025\/02\/Can-Feliu-Mallorca-Hochzeit-6.jpg\" data-size=\"1066x1600\" data-href=\"https:\/\/lps-photography.de\/wp-content\/uploads\/2025\/02\/Can-Feliu-Mallorca-Hochzeit-6.jpg\" class=\"thumb-wrap\" title=\"erneuerung des eheversprechens auf mallorca | lps photography.de\" data-><div class=\"flip-img-wrap\"><img class = \"thumb-img\" height = \"1600\" width = \"1066\" srcset = \"https:\/\/lps-photography.de\/wp-content\/uploads\/2025\/02\/Can-Feliu-Mallorca-Hochzeit-6.jpg 1066w,  https:\/\/lps-photography.de\/wp-content\/uploads\/2025\/02\/Can-Feliu-Mallorca-Hochzeit-6-200x300.jpg 200w,  https:\/\/lps-photography.de\/wp-content\/uploads\/2025\/02\/Can-Feliu-Mallorca-Hochzeit-6-682x1024.jpg 682w,  https:\/\/lps-photography.de\/wp-content\/uploads\/2025\/02\/Can-Feliu-Mallorca-Hochzeit-6-768x1153.jpg 768w,  https:\/\/lps-photography.de\/wp-content\/uploads\/2025\/02\/Can-Feliu-Mallorca-Hochzeit-6-1023x1536.jpg 1023w,  https:\/\/lps-photography.de\/wp-content\/uploads\/2025\/02\/Can-Feliu-Mallorca-Hochzeit-6-33x50.jpg 33w,  https:\/\/lps-photography.de\/wp-content\/uploads\/2025\/02\/Can-Feliu-Mallorca-Hochzeit-6-650x976.jpg 650w,  https:\/\/lps-photography.de\/wp-content\/uploads\/2025\/02\/Can-Feliu-Mallorca-Hochzeit-6-1000x1501.jpg 1000w,  https:\/\/lps-photography.de\/wp-content\/uploads\/2025\/02\/Can-Feliu-Mallorca-Hochzeit-6-50x75.jpg 50w\" alt = \"erneuerung des eheversprechens auf mallorca | lps photography.de\" title = \"erneuerung des eheversprechens auf mallorca | lps photography.de\" \/><\/div><div class=\"thumb-overlay\"><div class=\"thumb-bg\" ><div class=\"thumb-title-wrap display-table-cell vertical-align-middle align-center fadeIn animated\"><\/div><\/div><\/div><\/a><\/div><div class=\"caption\"><\/div><\/div><div class=\"element be-hoverlay not-wide style1-hover c_to_c jg-entry-visible\"><div class=\"element-inner none-effect\"><a href=\"https:\/\/lps-photography.de\/wp-content\/uploads\/2025\/02\/Can-Feliu-Mallorca-Hochzeit-4.jpg\" data-size=\"1600x1066\" data-href=\"https:\/\/lps-photography.de\/wp-content\/uploads\/2025\/02\/Can-Feliu-Mallorca-Hochzeit-4.jpg\" class=\"thumb-wrap\" title=\"erneuerung des eheversprechens auf mallorca | lps photography.de\" data-><div class=\"flip-img-wrap\"><img class = \"thumb-img\" height = \"1066\" width = \"1600\" srcset = \"https:\/\/lps-photography.de\/wp-content\/uploads\/2025\/02\/Can-Feliu-Mallorca-Hochzeit-4.jpg 1600w,  https:\/\/lps-photography.de\/wp-content\/uploads\/2025\/02\/Can-Feliu-Mallorca-Hochzeit-4-300x200.jpg 300w,  https:\/\/lps-photography.de\/wp-content\/uploads\/2025\/02\/Can-Feliu-Mallorca-Hochzeit-4-800x533.jpg 800w,  https:\/\/lps-photography.de\/wp-content\/uploads\/2025\/02\/Can-Feliu-Mallorca-Hochzeit-4-768x512.jpg 768w,  https:\/\/lps-photography.de\/wp-content\/uploads\/2025\/02\/Can-Feliu-Mallorca-Hochzeit-4-1536x1023.jpg 1536w,  https:\/\/lps-photography.de\/wp-content\/uploads\/2025\/02\/Can-Feliu-Mallorca-Hochzeit-4-75x50.jpg 75w,  https:\/\/lps-photography.de\/wp-content\/uploads\/2025\/02\/Can-Feliu-Mallorca-Hochzeit-4-650x433.jpg 650w,  https:\/\/lps-photography.de\/wp-content\/uploads\/2025\/02\/Can-Feliu-Mallorca-Hochzeit-4-1000x666.jpg 1000w,  https:\/\/lps-photography.de\/wp-content\/uploads\/2025\/02\/Can-Feliu-Mallorca-Hochzeit-4-50x33.jpg 50w\" alt = \"erneuerung des eheversprechens auf mallorca | lps photography.de\" title = \"erneuerung des eheversprechens auf mallorca | lps photography.de\" \/><\/div><div class=\"thumb-overlay\"><div class=\"thumb-bg\" ><div class=\"thumb-title-wrap display-table-cell vertical-align-middle align-center fadeIn animated\"><\/div><\/div><\/div><\/a><\/div><div class=\"caption\"><\/div><\/div><div class=\"element be-hoverlay not-wide style1-hover c_to_c jg-entry-visible\"><div class=\"element-inner none-effect\"><a href=\"https:\/\/lps-photography.de\/wp-content\/uploads\/2025\/02\/Can-Feliu-Mallorca-Hochzeit-3.jpg\" data-size=\"1067x1600\" data-href=\"https:\/\/lps-photography.de\/wp-content\/uploads\/2025\/02\/Can-Feliu-Mallorca-Hochzeit-3.jpg\" class=\"thumb-wrap\" title=\"erneuerung des eheversprechens auf mallorca | lps photography.de\" data-><div class=\"flip-img-wrap\"><img class = \"thumb-img\" height = \"1600\" width = \"1067\" srcset = \"https:\/\/lps-photography.de\/wp-content\/uploads\/2025\/02\/Can-Feliu-Mallorca-Hochzeit-3.jpg 1067w,  https:\/\/lps-photography.de\/wp-content\/uploads\/2025\/02\/Can-Feliu-Mallorca-Hochzeit-3-200x300.jpg 200w,  https:\/\/lps-photography.de\/wp-content\/uploads\/2025\/02\/Can-Feliu-Mallorca-Hochzeit-3-683x1024.jpg 683w,  https:\/\/lps-photography.de\/wp-content\/uploads\/2025\/02\/Can-Feliu-Mallorca-Hochzeit-3-768x1152.jpg 768w,  https:\/\/lps-photography.de\/wp-content\/uploads\/2025\/02\/Can-Feliu-Mallorca-Hochzeit-3-1024x1536.jpg 1024w,  https:\/\/lps-photography.de\/wp-content\/uploads\/2025\/02\/Can-Feliu-Mallorca-Hochzeit-3-33x50.jpg 33w,  https:\/\/lps-photography.de\/wp-content\/uploads\/2025\/02\/Can-Feliu-Mallorca-Hochzeit-3-650x975.jpg 650w,  https:\/\/lps-photography.de\/wp-content\/uploads\/2025\/02\/Can-Feliu-Mallorca-Hochzeit-3-1000x1500.jpg 1000w,  https:\/\/lps-photography.de\/wp-content\/uploads\/2025\/02\/Can-Feliu-Mallorca-Hochzeit-3-50x75.jpg 50w\" alt = \"erneuerung des eheversprechens auf mallorca | lps photography.de\" title = \"erneuerung des eheversprechens auf mallorca | lps photography.de\" \/><\/div><div class=\"thumb-overlay\"><div class=\"thumb-bg\" ><div class=\"thumb-title-wrap display-table-cell vertical-align-middle align-center fadeIn animated\"><\/div><\/div><\/div><\/a><\/div><div class=\"caption\"><\/div><\/div><div class=\"element be-hoverlay not-wide style1-hover c_to_c jg-entry-visible\"><div class=\"element-inner none-effect\"><a href=\"https:\/\/lps-photography.de\/wp-content\/uploads\/2025\/02\/Can-Feliu-Mallorca-Hochzeit-2.jpg\" data-size=\"1600x1067\" data-href=\"https:\/\/lps-photography.de\/wp-content\/uploads\/2025\/02\/Can-Feliu-Mallorca-Hochzeit-2.jpg\" class=\"thumb-wrap\" title=\"erneuerung des eheversprechens auf mallorca | lps photography.de\" data-><div class=\"flip-img-wrap\"><img class = \"thumb-img\" height = \"1067\" width = \"1600\" srcset = \"https:\/\/lps-photography.de\/wp-content\/uploads\/2025\/02\/Can-Feliu-Mallorca-Hochzeit-2.jpg 1600w,  https:\/\/lps-photography.de\/wp-content\/uploads\/2025\/02\/Can-Feliu-Mallorca-Hochzeit-2-300x200.jpg 300w,  https:\/\/lps-photography.de\/wp-content\/uploads\/2025\/02\/Can-Feliu-Mallorca-Hochzeit-2-800x534.jpg 800w,  https:\/\/lps-photography.de\/wp-content\/uploads\/2025\/02\/Can-Feliu-Mallorca-Hochzeit-2-768x512.jpg 768w,  https:\/\/lps-photography.de\/wp-content\/uploads\/2025\/02\/Can-Feliu-Mallorca-Hochzeit-2-1536x1024.jpg 1536w,  https:\/\/lps-photography.de\/wp-content\/uploads\/2025\/02\/Can-Feliu-Mallorca-Hochzeit-2-75x50.jpg 75w,  https:\/\/lps-photography.de\/wp-content\/uploads\/2025\/02\/Can-Feliu-Mallorca-Hochzeit-2-650x433.jpg 650w,  https:\/\/lps-photography.de\/wp-content\/uploads\/2025\/02\/Can-Feliu-Mallorca-Hochzeit-2-1000x667.jpg 1000w,  https:\/\/lps-photography.de\/wp-content\/uploads\/2025\/02\/Can-Feliu-Mallorca-Hochzeit-2-50x33.jpg 50w\" alt = \"erneuerung des eheversprechens auf mallorca | lps photography.de\" title = \"erneuerung des eheversprechens auf mallorca | lps photography.de\" \/><\/div><div class=\"thumb-overlay\"><div class=\"thumb-bg\" ><div class=\"thumb-title-wrap display-table-cell vertical-align-middle align-center fadeIn animated\"><\/div><\/div><\/div><\/a><\/div><div class=\"caption\"><\/div><\/div><div class=\"element be-hoverlay not-wide style1-hover c_to_c jg-entry-visible\"><div class=\"element-inner none-effect\"><a href=\"https:\/\/lps-photography.de\/wp-content\/uploads\/2025\/02\/Can-Feliu-Mallorca-Hochzeit-35.jpg\" data-size=\"1600x1067\" data-href=\"https:\/\/lps-photography.de\/wp-content\/uploads\/2025\/02\/Can-Feliu-Mallorca-Hochzeit-35.jpg\" class=\"thumb-wrap\" title=\"Die Menschen sitzen auf Sofas und St\u00fchlen im Freien, umgeben von B\u00e4umen und Lichterketten, und fangen den Charme einer Bodega Hochzeit auf Mallorca ein. Eine Person geht auf einen Barbereich mit einem beleuchteten BAR-Schild zu, das eine entspannte, festliche Atmosph\u00e4re schafft.\" data-><div class=\"flip-img-wrap\"><img class = \"thumb-img\" height = \"1067\" width = \"1600\" srcset = \"https:\/\/lps-photography.de\/wp-content\/uploads\/2025\/02\/Can-Feliu-Mallorca-Hochzeit-35.jpg 1600w,  https:\/\/lps-photography.de\/wp-content\/uploads\/2025\/02\/Can-Feliu-Mallorca-Hochzeit-35-300x200.jpg 300w,  https:\/\/lps-photography.de\/wp-content\/uploads\/2025\/02\/Can-Feliu-Mallorca-Hochzeit-35-800x534.jpg 800w,  https:\/\/lps-photography.de\/wp-content\/uploads\/2025\/02\/Can-Feliu-Mallorca-Hochzeit-35-768x512.jpg 768w,  https:\/\/lps-photography.de\/wp-content\/uploads\/2025\/02\/Can-Feliu-Mallorca-Hochzeit-35-1536x1024.jpg 1536w,  https:\/\/lps-photography.de\/wp-content\/uploads\/2025\/02\/Can-Feliu-Mallorca-Hochzeit-35-75x50.jpg 75w,  https:\/\/lps-photography.de\/wp-content\/uploads\/2025\/02\/Can-Feliu-Mallorca-Hochzeit-35-650x433.jpg 650w,  https:\/\/lps-photography.de\/wp-content\/uploads\/2025\/02\/Can-Feliu-Mallorca-Hochzeit-35-1000x667.jpg 1000w,  https:\/\/lps-photography.de\/wp-content\/uploads\/2025\/02\/Can-Feliu-Mallorca-Hochzeit-35-50x33.jpg 50w\" alt = \"Die Menschen sitzen auf Sofas und St\u00fchlen im Freien, umgeben von B\u00e4umen und Lichterketten, und fangen den Charme einer Bodega Hochzeit auf Mallorca ein. Eine Person geht auf einen Barbereich mit einem beleuchteten BAR-Schild zu, das eine entspannte, festliche Atmosph\u00e4re schafft.\" title = \"erneuerung des eheversprechens auf mallorca | lps photography.de\" \/><\/div><div class=\"thumb-overlay\"><div class=\"thumb-bg\" ><div class=\"thumb-title-wrap display-table-cell vertical-align-middle align-center fadeIn animated\"><\/div><\/div><\/div><\/a><\/div><div class=\"caption\"><\/div><\/div><div class=\"element be-hoverlay not-wide style1-hover c_to_c jg-entry-visible\"><div class=\"element-inner none-effect\"><a href=\"https:\/\/lps-photography.de\/wp-content\/uploads\/2025\/02\/Can-Feliu-Mallorca-Hochzeit-34.jpg\" data-size=\"1600x1067\" data-href=\"https:\/\/lps-photography.de\/wp-content\/uploads\/2025\/02\/Can-Feliu-Mallorca-Hochzeit-34.jpg\" class=\"thumb-wrap\" title=\"Ein rustikaler h\u00f6lzerner Hochzeitsbogen, geschm\u00fcckt mit Gr\u00fcnzeug und flie\u00dfendem wei\u00dfen Stoff, steht im Vordergrund und f\u00e4ngt den Charme einer Bodega Hochzeit auf Mallorca perfekt ein, w\u00e4hrend sich die G\u00e4ste in den unscharfen Empfangsbereich im Freien dahinter mischen.\" data-><div class=\"flip-img-wrap\"><img class = \"thumb-img\" height = \"1067\" width = \"1600\" srcset = \"https:\/\/lps-photography.de\/wp-content\/uploads\/2025\/02\/Can-Feliu-Mallorca-Hochzeit-34.jpg 1600w,  https:\/\/lps-photography.de\/wp-content\/uploads\/2025\/02\/Can-Feliu-Mallorca-Hochzeit-34-300x200.jpg 300w,  https:\/\/lps-photography.de\/wp-content\/uploads\/2025\/02\/Can-Feliu-Mallorca-Hochzeit-34-800x534.jpg 800w,  https:\/\/lps-photography.de\/wp-content\/uploads\/2025\/02\/Can-Feliu-Mallorca-Hochzeit-34-768x512.jpg 768w,  https:\/\/lps-photography.de\/wp-content\/uploads\/2025\/02\/Can-Feliu-Mallorca-Hochzeit-34-1536x1024.jpg 1536w,  https:\/\/lps-photography.de\/wp-content\/uploads\/2025\/02\/Can-Feliu-Mallorca-Hochzeit-34-75x50.jpg 75w,  https:\/\/lps-photography.de\/wp-content\/uploads\/2025\/02\/Can-Feliu-Mallorca-Hochzeit-34-650x433.jpg 650w,  https:\/\/lps-photography.de\/wp-content\/uploads\/2025\/02\/Can-Feliu-Mallorca-Hochzeit-34-1000x667.jpg 1000w,  https:\/\/lps-photography.de\/wp-content\/uploads\/2025\/02\/Can-Feliu-Mallorca-Hochzeit-34-50x33.jpg 50w\" alt = \"Ein rustikaler h\u00f6lzerner Hochzeitsbogen, geschm\u00fcckt mit Gr\u00fcnzeug und flie\u00dfendem wei\u00dfen Stoff, steht im Vordergrund und f\u00e4ngt den Charme einer Bodega Hochzeit auf Mallorca perfekt ein, w\u00e4hrend sich die G\u00e4ste in den unscharfen Empfangsbereich im Freien dahinter mischen.\" title = \"erneuerung des eheversprechens auf mallorca | lps photography.de\" \/><\/div><div class=\"thumb-overlay\"><div class=\"thumb-bg\" ><div class=\"thumb-title-wrap display-table-cell vertical-align-middle align-center fadeIn animated\"><\/div><\/div><\/div><\/a><\/div><div class=\"caption\"><\/div><\/div><div class=\"element be-hoverlay not-wide style1-hover c_to_c jg-entry-visible\"><div class=\"element-inner none-effect\"><a href=\"https:\/\/lps-photography.de\/wp-content\/uploads\/2025\/02\/Can-Feliu-Mallorca-Hochzeit-32.jpg\" data-size=\"1067x1600\" data-href=\"https:\/\/lps-photography.de\/wp-content\/uploads\/2025\/02\/Can-Feliu-Mallorca-Hochzeit-32.jpg\" class=\"thumb-wrap\" title=\"Eine Gruppe von Menschen versammelt sich l\u00e4chelnd um einen langen, elegant mit Blumen und Lichterketten dekorierten Esstisch im Freien und schafft so eine festliche und fr\u00f6hliche Atmosph\u00e4re - perfekt, um von einem Hochzeitsfotografen Mallorca in einer Bodega Hochzeit auf Mallorca einzufangen.\" data-><div class=\"flip-img-wrap\"><img class = \"thumb-img\" height = \"1600\" width = \"1067\" srcset = \"https:\/\/lps-photography.de\/wp-content\/uploads\/2025\/02\/Can-Feliu-Mallorca-Hochzeit-32.jpg 1067w,  https:\/\/lps-photography.de\/wp-content\/uploads\/2025\/02\/Can-Feliu-Mallorca-Hochzeit-32-200x300.jpg 200w,  https:\/\/lps-photography.de\/wp-content\/uploads\/2025\/02\/Can-Feliu-Mallorca-Hochzeit-32-683x1024.jpg 683w,  https:\/\/lps-photography.de\/wp-content\/uploads\/2025\/02\/Can-Feliu-Mallorca-Hochzeit-32-768x1152.jpg 768w,  https:\/\/lps-photography.de\/wp-content\/uploads\/2025\/02\/Can-Feliu-Mallorca-Hochzeit-32-1024x1536.jpg 1024w,  https:\/\/lps-photography.de\/wp-content\/uploads\/2025\/02\/Can-Feliu-Mallorca-Hochzeit-32-33x50.jpg 33w,  https:\/\/lps-photography.de\/wp-content\/uploads\/2025\/02\/Can-Feliu-Mallorca-Hochzeit-32-650x975.jpg 650w,  https:\/\/lps-photography.de\/wp-content\/uploads\/2025\/02\/Can-Feliu-Mallorca-Hochzeit-32-1000x1500.jpg 1000w,  https:\/\/lps-photography.de\/wp-content\/uploads\/2025\/02\/Can-Feliu-Mallorca-Hochzeit-32-50x75.jpg 50w\" alt = \"Eine Gruppe von Menschen versammelt sich l\u00e4chelnd um einen langen, elegant mit Blumen und Lichterketten dekorierten Esstisch im Freien und schafft so eine festliche und fr\u00f6hliche Atmosph\u00e4re - perfekt, um von einem Hochzeitsfotografen Mallorca in einer Bodega Hochzeit auf Mallorca einzufangen.\" title = \"erneuerung des eheversprechens auf mallorca | lps photography.de\" \/><\/div><div class=\"thumb-overlay\"><div class=\"thumb-bg\" ><div class=\"thumb-title-wrap display-table-cell vertical-align-middle align-center fadeIn animated\"><\/div><\/div><\/div><\/a><\/div><div class=\"caption\"><\/div><\/div><div class=\"element be-hoverlay not-wide style1-hover c_to_c jg-entry-visible\"><div class=\"element-inner none-effect\"><a href=\"https:\/\/lps-photography.de\/wp-content\/uploads\/2025\/02\/Can-Feliu-Mallorca-Hochzeit-31.jpg\" data-size=\"1600x1065\" data-href=\"https:\/\/lps-photography.de\/wp-content\/uploads\/2025\/02\/Can-Feliu-Mallorca-Hochzeit-31.jpg\" class=\"thumb-wrap\" title=\"Zwei Frauen in eleganten Kleidern teilen einen freudigen Moment in einer Bodega Hochzeit auf Mallorca, wobei die eine die Wange der anderen k\u00fcsst. Lichterketten und ein wundersch\u00f6n dekorierter Tisch bilden die Kulisse f\u00fcr diese romantische Feier, die von einem Hochzeitsfotograf Mallorca aufgenommen wurde.\" data-><div class=\"flip-img-wrap\"><img class = \"thumb-img\" height = \"1065\" width = \"1600\" srcset = \"https:\/\/lps-photography.de\/wp-content\/uploads\/2025\/02\/Can-Feliu-Mallorca-Hochzeit-31.jpg 1600w,  https:\/\/lps-photography.de\/wp-content\/uploads\/2025\/02\/Can-Feliu-Mallorca-Hochzeit-31-300x200.jpg 300w,  https:\/\/lps-photography.de\/wp-content\/uploads\/2025\/02\/Can-Feliu-Mallorca-Hochzeit-31-800x533.jpg 800w,  https:\/\/lps-photography.de\/wp-content\/uploads\/2025\/02\/Can-Feliu-Mallorca-Hochzeit-31-768x511.jpg 768w,  https:\/\/lps-photography.de\/wp-content\/uploads\/2025\/02\/Can-Feliu-Mallorca-Hochzeit-31-1536x1022.jpg 1536w,  https:\/\/lps-photography.de\/wp-content\/uploads\/2025\/02\/Can-Feliu-Mallorca-Hochzeit-31-75x50.jpg 75w,  https:\/\/lps-photography.de\/wp-content\/uploads\/2025\/02\/Can-Feliu-Mallorca-Hochzeit-31-650x433.jpg 650w,  https:\/\/lps-photography.de\/wp-content\/uploads\/2025\/02\/Can-Feliu-Mallorca-Hochzeit-31-1000x666.jpg 1000w,  https:\/\/lps-photography.de\/wp-content\/uploads\/2025\/02\/Can-Feliu-Mallorca-Hochzeit-31-50x33.jpg 50w\" alt = \"Zwei Frauen in eleganten Kleidern teilen einen freudigen Moment in einer Bodega Hochzeit auf Mallorca, wobei die eine die Wange der anderen k\u00fcsst. Lichterketten und ein wundersch\u00f6n dekorierter Tisch bilden die Kulisse f\u00fcr diese romantische Feier, die von einem Hochzeitsfotograf Mallorca aufgenommen wurde.\" title = \"can feliu mallorca hochzeit 31\" \/><\/div><div class=\"thumb-overlay\"><div class=\"thumb-bg\" ><div class=\"thumb-title-wrap display-table-cell vertical-align-middle align-center fadeIn animated\"><\/div><\/div><\/div><\/a><\/div><div class=\"caption\"><\/div><\/div><div class=\"element be-hoverlay not-wide style1-hover c_to_c jg-entry-visible\"><div class=\"element-inner none-effect\"><a href=\"https:\/\/lps-photography.de\/wp-content\/uploads\/2025\/02\/Can-Feliu-Mallorca-Hochzeit-30.jpg\" data-size=\"1067x1600\" data-href=\"https:\/\/lps-photography.de\/wp-content\/uploads\/2025\/02\/Can-Feliu-Mallorca-Hochzeit-30.jpg\" class=\"thumb-wrap\" title=\"Eine l\u00e4chelnde Braut in einem wei\u00dfen Spitzenhochzeitskleid steht neben einem dekorierten Esstisch im Freien auf ihrer Bodega Hochzeit auf Mallorca, mit Holzst\u00fchlen, h\u00e4ngenden Lichterketten und \u00fcppigen Blumenarrangements - perfekt f\u00fcr einen Hochzeitsfotograf Mallorca.\" data-><div class=\"flip-img-wrap\"><img class = \"thumb-img\" height = \"1600\" width = \"1067\" srcset = \"https:\/\/lps-photography.de\/wp-content\/uploads\/2025\/02\/Can-Feliu-Mallorca-Hochzeit-30.jpg 1067w,  https:\/\/lps-photography.de\/wp-content\/uploads\/2025\/02\/Can-Feliu-Mallorca-Hochzeit-30-200x300.jpg 200w,  https:\/\/lps-photography.de\/wp-content\/uploads\/2025\/02\/Can-Feliu-Mallorca-Hochzeit-30-683x1024.jpg 683w,  https:\/\/lps-photography.de\/wp-content\/uploads\/2025\/02\/Can-Feliu-Mallorca-Hochzeit-30-768x1152.jpg 768w,  https:\/\/lps-photography.de\/wp-content\/uploads\/2025\/02\/Can-Feliu-Mallorca-Hochzeit-30-1024x1536.jpg 1024w,  https:\/\/lps-photography.de\/wp-content\/uploads\/2025\/02\/Can-Feliu-Mallorca-Hochzeit-30-33x50.jpg 33w,  https:\/\/lps-photography.de\/wp-content\/uploads\/2025\/02\/Can-Feliu-Mallorca-Hochzeit-30-650x975.jpg 650w,  https:\/\/lps-photography.de\/wp-content\/uploads\/2025\/02\/Can-Feliu-Mallorca-Hochzeit-30-1000x1500.jpg 1000w,  https:\/\/lps-photography.de\/wp-content\/uploads\/2025\/02\/Can-Feliu-Mallorca-Hochzeit-30-50x75.jpg 50w\" alt = \"Eine l\u00e4chelnde Braut in einem wei\u00dfen Spitzenhochzeitskleid steht neben einem dekorierten Esstisch im Freien auf ihrer Bodega Hochzeit auf Mallorca, mit Holzst\u00fchlen, h\u00e4ngenden Lichterketten und \u00fcppigen Blumenarrangements - perfekt f\u00fcr einen Hochzeitsfotograf Mallorca.\" title = \"erneuerung des eheversprechens auf mallorca | lps photography.de\" \/><\/div><div class=\"thumb-overlay\"><div class=\"thumb-bg\" ><div class=\"thumb-title-wrap display-table-cell vertical-align-middle align-center fadeIn animated\"><\/div><\/div><\/div><\/a><\/div><div class=\"caption\"><\/div><\/div><div class=\"element be-hoverlay not-wide style1-hover c_to_c jg-entry-visible\"><div class=\"element-inner none-effect\"><a href=\"https:\/\/lps-photography.de\/wp-content\/uploads\/2025\/02\/Can-Feliu-Mallorca-Hochzeit-29.jpg\" data-size=\"1600x1065\" data-href=\"https:\/\/lps-photography.de\/wp-content\/uploads\/2025\/02\/Can-Feliu-Mallorca-Hochzeit-29.jpg\" class=\"thumb-wrap\" title=\"Bei einer Bodega Hochzeit auf Mallorca umarmt eine Frau in einem wei\u00dfen Kleid eine Frau in Lavendel, w\u00e4hrend ein Mann mit Glatze in der N\u00e4he steht. Andere G\u00e4ste, Tische und Lichterketten bilden eine festliche Kulisse f\u00fcr diese Feier im Freien.\" data-><div class=\"flip-img-wrap\"><img class = \"thumb-img\" height = \"1065\" width = \"1600\" srcset = \"https:\/\/lps-photography.de\/wp-content\/uploads\/2025\/02\/Can-Feliu-Mallorca-Hochzeit-29.jpg 1600w,  https:\/\/lps-photography.de\/wp-content\/uploads\/2025\/02\/Can-Feliu-Mallorca-Hochzeit-29-300x200.jpg 300w,  https:\/\/lps-photography.de\/wp-content\/uploads\/2025\/02\/Can-Feliu-Mallorca-Hochzeit-29-800x533.jpg 800w,  https:\/\/lps-photography.de\/wp-content\/uploads\/2025\/02\/Can-Feliu-Mallorca-Hochzeit-29-768x511.jpg 768w,  https:\/\/lps-photography.de\/wp-content\/uploads\/2025\/02\/Can-Feliu-Mallorca-Hochzeit-29-1536x1022.jpg 1536w,  https:\/\/lps-photography.de\/wp-content\/uploads\/2025\/02\/Can-Feliu-Mallorca-Hochzeit-29-75x50.jpg 75w,  https:\/\/lps-photography.de\/wp-content\/uploads\/2025\/02\/Can-Feliu-Mallorca-Hochzeit-29-650x433.jpg 650w,  https:\/\/lps-photography.de\/wp-content\/uploads\/2025\/02\/Can-Feliu-Mallorca-Hochzeit-29-1000x666.jpg 1000w,  https:\/\/lps-photography.de\/wp-content\/uploads\/2025\/02\/Can-Feliu-Mallorca-Hochzeit-29-50x33.jpg 50w\" alt = \"Bei einer Bodega Hochzeit auf Mallorca umarmt eine Frau in einem wei\u00dfen Kleid eine Frau in Lavendel, w\u00e4hrend ein Mann mit Glatze in der N\u00e4he steht. Andere G\u00e4ste, Tische und Lichterketten bilden eine festliche Kulisse f\u00fcr diese Feier im Freien.\" title = \"erneuerung des eheversprechens auf mallorca | lps photography.de\" \/><\/div><div class=\"thumb-overlay\"><div class=\"thumb-bg\" ><div class=\"thumb-title-wrap display-table-cell vertical-align-middle align-center fadeIn animated\"><\/div><\/div><\/div><\/a><\/div><div class=\"caption\"><\/div><\/div><div class=\"element be-hoverlay not-wide style1-hover c_to_c jg-entry-visible\"><div class=\"element-inner none-effect\"><a href=\"https:\/\/lps-photography.de\/wp-content\/uploads\/2025\/02\/Can-Feliu-Mallorca-Hochzeit-10.jpg\" data-size=\"1600x1067\" data-href=\"https:\/\/lps-photography.de\/wp-content\/uploads\/2025\/02\/Can-Feliu-Mallorca-Hochzeit-10.jpg\" class=\"thumb-wrap\" title=\"erneuerung des eheversprechens auf mallorca | lps photography.de\" data-><div class=\"flip-img-wrap\"><img class = \"thumb-img\" height = \"1067\" width = \"1600\" srcset = \"https:\/\/lps-photography.de\/wp-content\/uploads\/2025\/02\/Can-Feliu-Mallorca-Hochzeit-10.jpg 1600w,  https:\/\/lps-photography.de\/wp-content\/uploads\/2025\/02\/Can-Feliu-Mallorca-Hochzeit-10-300x200.jpg 300w,  https:\/\/lps-photography.de\/wp-content\/uploads\/2025\/02\/Can-Feliu-Mallorca-Hochzeit-10-800x534.jpg 800w,  https:\/\/lps-photography.de\/wp-content\/uploads\/2025\/02\/Can-Feliu-Mallorca-Hochzeit-10-768x512.jpg 768w,  https:\/\/lps-photography.de\/wp-content\/uploads\/2025\/02\/Can-Feliu-Mallorca-Hochzeit-10-1536x1024.jpg 1536w,  https:\/\/lps-photography.de\/wp-content\/uploads\/2025\/02\/Can-Feliu-Mallorca-Hochzeit-10-75x50.jpg 75w,  https:\/\/lps-photography.de\/wp-content\/uploads\/2025\/02\/Can-Feliu-Mallorca-Hochzeit-10-650x433.jpg 650w,  https:\/\/lps-photography.de\/wp-content\/uploads\/2025\/02\/Can-Feliu-Mallorca-Hochzeit-10-1000x667.jpg 1000w,  https:\/\/lps-photography.de\/wp-content\/uploads\/2025\/02\/Can-Feliu-Mallorca-Hochzeit-10-50x33.jpg 50w\" alt = \"erneuerung des eheversprechens auf mallorca | lps photography.de\" title = \"erneuerung des eheversprechens auf mallorca | lps photography.de\" \/><\/div><div class=\"thumb-overlay\"><div class=\"thumb-bg\" ><div class=\"thumb-title-wrap display-table-cell vertical-align-middle align-center fadeIn animated\"><\/div><\/div><\/div><\/a><\/div><div class=\"caption\"><\/div><\/div><\/div><\/div><\/div><div  class=\"tatsu-HyZJq8sb6R testimonials_wrap oshine-module\"  ><div class=\"testimonials-slides\"><div class=\"clearfix testimonial_module slides center-content\" data-slide-show=\"1\" data-slide-show-speed=\"4000\" data-slide-animation-type=\"slide\" data-pagination=\"0\"><div class=\"testimonial_slide slide clearfix tatsu-Byyc8iWa0\"><div class=\"testimonial_slide_inner\"><i class=\"font-icon icon-quote\" ><\/i><div class=\"testimonial-content\">\n<p>It was such a fun and amazing experience with Lukas, and he is truly a wonderful person. A few days later, we received the highlights from our two-day wedding, which were highly appreciated not only by us but also by our guests. He is without a doubt the fastest photographer on the island \ud83d\ude09 Lukas, thank you again for everything!<\/p>\n<\/div><div class=\"testimonial-author-info-wrap clearfix\"><div class=\"testimonial-author-img\"><img decoding=\"async\" src=\"https:\/\/lps-photography.de\/wp-content\/uploads\/2024\/09\/Son-Mesquida-Nou-Mallorca-Hochzeit-38-150x150.jpg\" alt=\"Lan-Thy und Minh-Tien\" \/><\/div><div class=\"testimonial-author-info\"><h6 class=\"testimonial-author\" >Lan-Thy und Minh-Tien<\/h6><div class=\"testimonial-author-role h6-font\"  >Son Mesquida Nou Wedding 2024<\/div><\/div><\/div><\/div><style>.tatsu-Byyc8iWa0 .icon-quote{color: rgba(245,166,35,1) ;}<\/style><\/div><\/div><\/div><style>.tatsu-HyZJq8sb6R .testimonial-content{font-size: 22px;}<\/style><\/div><div  class=\"tatsu-module tatsu-text-block-wrap tatsu-H1xADgeW6h\"><div class=\"tatsu-text-inner tatsu-align-center  clearfix\" ><style>.tatsu-H1xADgeW6h.tatsu-text-block-wrap .tatsu-text-inner{width: 80%;text-align: center;}.tatsu-H1xADgeW6h.tatsu-text-block-wrap{margin: 14px 0px 20px 0px;}.tatsu-H1xADgeW6h.tatsu-text-block-wrap .tatsu-text-inner *{font-size : 16px;}<\/style>\n<p>Do you have questions about getting married at a hotel in Mallorca? Send me a message &#8211; you can also book your<\/p>\n<\/div><\/div><div  class=\"tatsu-module tatsu-normal-button tatsu-button-wrap align-block block-center  tatsu-Bke3-JaFkx\"><a class=\"tatsu-shortcode mediumbtn tatsu-button left-icon circular   bg-animation-none\" href=\"https:\/\/lps-photography.de\/en\/contact\/\" style=\"\" aria-label=\"Secure Your Wedding Date!\"><i class=\"tatsu-icon icon-heart3\"><\/i>Secure Your Wedding Date!<\/a><style>.tatsu-Bke3-JaFkx .tatsu-button{background-color: rgba(45,97,159,1);color: #ffffff ;}<\/style><\/div><\/div><\/div><div class = \"tatsu-column-bg-image-wrap\"><div class = \"tatsu-column-bg-image\" ><\/div><\/div><\/div><style>.tatsu-row > .tatsu-ryJtNO2OS.tatsu-column{width: 100%;}.tatsu-ryJtNO2OS.tatsu-column > .tatsu-column-inner > .tatsu-column-overlay{mix-blend-mode: none;}.tatsu-ryJtNO2OS > .tatsu-column-inner > .tatsu-top-divider{z-index: 9999;}.tatsu-ryJtNO2OS > .tatsu-column-inner > .tatsu-bottom-divider{z-index: 9999;}.tatsu-ryJtNO2OS > .tatsu-column-inner > .tatsu-left-divider{z-index: 9999;}.tatsu-ryJtNO2OS > .tatsu-column-inner > .tatsu-right-divider{z-index: 9999;}@media only screen and (max-width:1377px) {.tatsu-row > .tatsu-ryJtNO2OS.tatsu-column{width: 100%;}}@media only screen and (min-width:768px) and (max-width: 1024px) {.tatsu-row > .tatsu-ryJtNO2OS.tatsu-column{width: 100%;}}@media only screen and (max-width: 767px) {.tatsu-row > .tatsu-ryJtNO2OS.tatsu-column{width: 100%;}}<\/style><\/div><\/div><\/div><\/div><div class=\"tatsu-section-background-wrap\"><div class = \"tatsu-section-background\" ><\/div><\/div><style>.tatsu-SyZJY4u2dB .tatsu-section-pad{padding: 0px 0px 40px 0px;}.tatsu-SyZJY4u2dB > .tatsu-bottom-divider{z-index: 9999;}.tatsu-SyZJY4u2dB > .tatsu-top-divider{z-index: 9999;}@media only screen and (max-width: 767px) {.tatsu-SyZJY4u2dB .tatsu-section-pad{padding: 0px 0px 22px 0px;}}<\/style><\/div><div  class=\"tatsu-B1bZr5dhuH tatsu-section    tatsu-clearfix\" data-title=\"\"  data-headerscheme=\"background--dark\"><div class='tatsu-section-pad clearfix' data-padding='{\"d\":\"0px 0px 11px 0px\"}' data-padding-top='0px'><div class=\"tatsu-row-wrap  tatsu-wrap tatsu-row-one-col tatsu-row-has-one-cols tatsu-medium-gutter tatsu-reg-cols  tatsu-clearfix tatsu-S1eZrcOhur\" ><div  class=\"tatsu-row\" ><div  class=\"tatsu-column  tatsu-column-no-bg tatsu-one-col tatsu-column-image-none tatsu-column-effect-none  tatsu-Bk-r9unOB\"  data-parallax-speed=\"0\" style=\"\"><div class=\"tatsu-column-inner\" ><div class=\"tatsu-column-pad-wrap\"><div class=\"tatsu-column-pad\" ><div  class=\"tatsu-module tatsu-divider-wrap  tatsu-Bk5TetnOH\"  ><style>.tatsu-Bk5TetnOH .tatsu-divider{height: 2px;width: 60%;background: rgba(245,166,35,1);}.tatsu-Bk5TetnOH.tatsu-divider-wrap{text-align: center;}<\/style><hr class=\"tatsu-divider\"\/><\/div><div  class=\"tatsu-module tatsu-text-block-wrap tatsu-HkC0ounuS\"><div class=\"tatsu-text-inner tatsu-align-center  clearfix\" ><style>.tatsu-HkC0ounuS.tatsu-text-block-wrap .tatsu-text-inner{width: 100%;text-align: center;}.tatsu-HkC0ounuS.tatsu-text-block-wrap .tatsu-text-inner *{font-size : 16px;}<\/style>\n<p><b>A wedding in Mallorca<\/b> sounds like the perfect idea for you? <a href=\"https:\/\/lps-photography.de\/en\/contact\/\"><strong>Then just send me a message &#8211; I look forward to meeting you!<\/strong><\/a><\/p>\n<\/div><\/div><\/div><\/div><div class = \"tatsu-column-bg-image-wrap\"><div class = \"tatsu-column-bg-image\" ><\/div><\/div><\/div><style>.tatsu-row > .tatsu-Bk-r9unOB.tatsu-column{width: 100%;}.tatsu-Bk-r9unOB.tatsu-column > .tatsu-column-inner > .tatsu-column-overlay{mix-blend-mode: none;}.tatsu-Bk-r9unOB > .tatsu-column-inner > .tatsu-top-divider{z-index: 9999;}.tatsu-Bk-r9unOB > .tatsu-column-inner > .tatsu-bottom-divider{z-index: 9999;}.tatsu-Bk-r9unOB > .tatsu-column-inner > .tatsu-left-divider{z-index: 9999;}.tatsu-Bk-r9unOB > .tatsu-column-inner > .tatsu-right-divider{z-index: 9999;}@media only screen and (max-width:1377px) {.tatsu-row > .tatsu-Bk-r9unOB.tatsu-column{width: 100%;}}@media only screen and (min-width:768px) and (max-width: 1024px) {.tatsu-row > .tatsu-Bk-r9unOB.tatsu-column{width: 100%;}}@media only screen and (max-width: 767px) {.tatsu-row > .tatsu-Bk-r9unOB.tatsu-column{width: 100%;}}<\/style><\/div><\/div><\/div><\/div><div class=\"tatsu-section-background-wrap\"><div class = \"tatsu-section-background\" ><\/div><\/div><style>.tatsu-B1bZr5dhuH .tatsu-section-pad{padding: 0px 0px 11px 0px;}.tatsu-B1bZr5dhuH > .tatsu-bottom-divider{z-index: 9999;}.tatsu-B1bZr5dhuH > .tatsu-top-divider{z-index: 9999;}<\/style><\/div>","protected":false},"excerpt":{"rendered":"<p>Getting married at a vineyard is a wonderful way to experience the true charm of Mallorca.<\/p>\n<p><a href=\"https:\/\/lps-photography.de\/en\/bodega-hochzeit-mallorca-die-schoensten-weingueter-zum-heiraten\/\" class=\"more-link style3-button\">Read More<\/a><\/p>","protected":false},"author":1,"featured_media":24047,"comment_status":"open","ping_status":"open","sticky":false,"template":"","format":"standard","meta":{"_lmt_disableupdate":"","_lmt_disable":"","footnotes":""},"categories":[1384,1],"tags":[88],"class_list":["post-24689","post","type-post","status-publish","format-standard","has-post-thumbnail","hentry","category-hochzeitsplanung","category-uncategorized","tag-hochzeit"],"modified_by":null,"_links":{"self":[{"href":"https:\/\/lps-photography.de\/en\/wp-json\/wp\/v2\/posts\/24689","targetHints":{"allow":["GET"]}}],"collection":[{"href":"https:\/\/lps-photography.de\/en\/wp-json\/wp\/v2\/posts"}],"about":[{"href":"https:\/\/lps-photography.de\/en\/wp-json\/wp\/v2\/types\/post"}],"author":[{"embeddable":true,"href":"https:\/\/lps-photography.de\/en\/wp-json\/wp\/v2\/users\/1"}],"replies":[{"embeddable":true,"href":"https:\/\/lps-photography.de\/en\/wp-json\/wp\/v2\/comments?post=24689"}],"version-history":[{"count":0,"href":"https:\/\/lps-photography.de\/en\/wp-json\/wp\/v2\/posts\/24689\/revisions"}],"wp:featuredmedia":[{"embeddable":true,"href":"https:\/\/lps-photography.de\/en\/wp-json\/wp\/v2\/media\/24047"}],"wp:attachment":[{"href":"https:\/\/lps-photography.de\/en\/wp-json\/wp\/v2\/media?parent=24689"}],"wp:term":[{"taxonomy":"category","embeddable":true,"href":"https:\/\/lps-photography.de\/en\/wp-json\/wp\/v2\/categories?post=24689"},{"taxonomy":"post_tag","embeddable":true,"href":"https:\/\/lps-photography.de\/en\/wp-json\/wp\/v2\/tags?post=24689"}],"curies":[{"name":"wp","href":"https:\/\/api.w.org\/{rel}","templated":true}]}}