{"id":24600,"date":"2022-11-22T13:31:58","date_gmt":"2022-11-22T12:31:58","guid":{"rendered":"https:\/\/lps-photography.de\/?p=24600"},"modified":"2025-11-18T16:06:12","modified_gmt":"2025-11-18T15:06:12","slug":"alaiar-mallorca-hochzeit","status":"publish","type":"post","link":"https:\/\/lps-photography.de\/en\/alaiar-mallorca-hochzeit\/","title":{"rendered":"Alaiar Mallorca: Wedding at a Historic Finca in the Heart of the Island"},"content":{"rendered":"<div  class=\"tatsu-SybkbHO3uB tatsu-section    tatsu-clearfix\" data-title=\"\"  data-headerscheme=\"background--dark\"><div class='tatsu-section-pad clearfix' data-padding='{\"d\":\"0px 0px 24px 0px\"}' data-padding-top='0px'><div class=\"tatsu-row-wrap  tatsu-wrap tatsu-row-one-col tatsu-row-has-one-cols tatsu-medium-gutter tatsu-reg-cols  tatsu-clearfix tatsu-rJgJWBd3OH\" ><div  class=\"tatsu-row\" ><div  class=\"tatsu-column  tatsu-column-no-bg tatsu-one-col tatsu-column-image-none tatsu-column-effect-none  tatsu-BkkZHO3uS\"  data-parallax-speed=\"0\" style=\"\"><div class=\"tatsu-column-inner\" ><div class=\"tatsu-column-pad-wrap\"><div class=\"tatsu-column-pad\" ><div  class=\"tatsu-module tatsu-text-block-wrap tatsu-SJOAQF2dr\"><div class=\"tatsu-text-inner tatsu-align-center  clearfix\" ><style>.tatsu-SJOAQF2dr.tatsu-text-block-wrap .tatsu-text-inner{width: 100%;text-align: left;}<\/style>\n<p><!--more--><\/p>\n<\/div><\/div><div  class=\"special-heading-wrap style1 oshine-module  tatsu-B1MbwHJcS\" ><div class=\"special-heading align-center\"><h1 class=\"special-h-tag\" >Getting Married at Finca Alaiar<\/h1><div class=\"sub-title margin-bottom  special-subtitle\">\n<p>\u2013 One of Mallorca\u2019s Most Charming Wedding Venues<\/p>\n<\/div><div class=\"sep-with-icon-wrap margin-bottom\"><span class=\"sep-with-icon\" ><\/span><i class=\"sep-icon font-icon oshine_diamond\"><\/i><span class=\"sep-with-icon\" ><\/span><\/div><\/div><style>.tatsu-B1MbwHJcS .sep-icon.oshine_diamond{background: rgba(45,97,159,1);}.tatsu-B1MbwHJcS .sep-with-icon{height: 1px;width: 20px;background: #efefef;}<\/style><\/div><div  class=\"tatsu-module tatsu-text-block-wrap tatsu-H112HOhuS\"><div class=\"tatsu-text-inner tatsu-align-center  clearfix\" ><style>.tatsu-H112HOhuS.tatsu-text-block-wrap .tatsu-text-inner{width: 90%;text-align: left;}@media only screen and (max-width: 767px) {.tatsu-H112HOhuS.tatsu-text-block-wrap .tatsu-text-inner{width: 100%;}}<\/style>\n<p style=\"text-align: center;\"><span style=\"font-size: 12pt;\">If you&#8217;re dreaming of a relaxed wedding in the heart of Mallorca \u2013 with Mediterranean flair, great food, and that warm island feeling \u2013 Finca Alaiar deserves a closer look. Just outside Sencelles, this historic estate offers everything you need for a laid-back outdoor celebration: charming backdrops, golden light, experienced hosts, and a seamless experience.<\/span><\/p>\n<p style=\"text-align: center;\"><span style=\"font-size: 12pt;\">Alaiar is not only a real highlight among <a href=\"https:\/\/lps-photography.de\/en\/the-best-wedding-venues-in-mallorca\/\">v<\/a> in terms of appearance! Lena, Gabriel, and their team are also at the forefront when it comes to organization and service! I have photographed more than 300 weddings as a <a href=\"https:\/\/lps-photography.de\/en\/\">wedding photographer in Mallorca &#8211; <\/a>but Alaiar is always something special for me. Find out exactly what makes <strong>Alaiar one of the top venues<\/strong> for your Mallorca wedding here!<\/span><\/p>\n<\/div><\/div><\/div><\/div><div class = \"tatsu-column-bg-image-wrap\"><div class = \"tatsu-column-bg-image\" ><\/div><\/div><\/div><style>.tatsu-row > .tatsu-BkkZHO3uS.tatsu-column{width: 100%;}.tatsu-BkkZHO3uS.tatsu-column > .tatsu-column-inner > .tatsu-column-overlay{mix-blend-mode: none;}.tatsu-BkkZHO3uS > .tatsu-column-inner > .tatsu-top-divider{z-index: 9999;}.tatsu-BkkZHO3uS > .tatsu-column-inner > .tatsu-bottom-divider{z-index: 9999;}.tatsu-BkkZHO3uS > .tatsu-column-inner > .tatsu-left-divider{z-index: 9999;}.tatsu-BkkZHO3uS > .tatsu-column-inner > .tatsu-right-divider{z-index: 9999;}@media only screen and (max-width:1377px) {.tatsu-row > .tatsu-BkkZHO3uS.tatsu-column{width: 100%;}}@media only screen and (min-width:768px) and (max-width: 1024px) {.tatsu-row > .tatsu-BkkZHO3uS.tatsu-column{width: 100%;}}@media only screen and (max-width: 767px) {.tatsu-row > .tatsu-BkkZHO3uS.tatsu-column{width: 100%;}}<\/style><\/div><\/div><\/div><\/div><div class=\"tatsu-section-background-wrap\"><div class = \"tatsu-section-background\" ><\/div><\/div><style>.tatsu-SybkbHO3uB .tatsu-section-pad{padding: 0px 0px 24px 0px;}.tatsu-SybkbHO3uB > .tatsu-bottom-divider{z-index: 9999;}.tatsu-SybkbHO3uB > .tatsu-top-divider{z-index: 9999;}<\/style><\/div><div  class=\"tatsu-SyZJY4u2dB tatsu-section    tatsu-clearfix\" data-title=\"\"  data-headerscheme=\"background--dark\"><div class='tatsu-section-pad clearfix' data-padding='{\"d\":\"0px 0px 7px 0px\",\"m\":\"0px 0px 22px 0px\"}' data-padding-top='0px'><div class=\"tatsu-row-wrap  tatsu-wrap tatsu-row-one-col tatsu-row-has-one-cols tatsu-medium-gutter tatsu-reg-cols  tatsu-clearfix tatsu-BkgJF4uhOB\" ><div  class=\"tatsu-row\" ><div  class=\"tatsu-column  tatsu-column-no-bg tatsu-one-col tatsu-column-image-none tatsu-column-effect-none  tatsu-ryJtNO2OS\"  data-parallax-speed=\"0\" style=\"\"><div class=\"tatsu-column-inner\" ><div class=\"tatsu-column-pad-wrap\"><div class=\"tatsu-column-pad\" ><div  class=\"tatsu-module tatsu-normal-icon tatsu-icon-shortcode align-center tatsu-SJyjwPcPgx\"><style>.tatsu-SJyjwPcPgx .tatsu-icon{color: rgba(45,97,159,1) ;}.tatsu-SJyjwPcPgx{border-width: 0px 0px 0px 0px;}<\/style><a href=\"#\"  class=\"tatsu-icon-wrap plain  tatsu-animate\" data-animation=\"fadeIn\"   aria-label=\"icon-arrow_left-right_alt\" data-gdpr-atts={}   ><i class=\"tatsu-icon tatsu-custom-icon tatsu-custom-icon-class icon-arrow_left-right_alt medium plain\"><\/i><\/a><\/div>            <div  class = \"tatsu-media-carousel tatsu-module clearfix  tatsu-rJi5cd_Y1x\" >\n                <style>.tatsu-rJi5cd_Y1x .tatsu-carousel-col{padding: 0 5px;}.tatsu-rJi5cd_Y1x .tatsu-carousel{margin: 0 -5px;}.tatsu-rJi5cd_Y1x .flickity-page-dots .is-selected{background: rgba(45,97,159,1);}<\/style>                <div class = \"tatsu-media-carousel-inner tatsu-carousel tatsu-variable-carousel tatsu-full-screen-carousel\" data-variable-width = \"1\" data-center-mode = \"1\" data-fullscreen = \"1\" data-free-scroll = \"1\" data-arrows = \"1\" data-outer-arrows = \"1\" data-infinite = \"1\" data-dots = \"1\" data-autoplay-speed = \"2000\" >\n                                                                                                        <div class = \"tatsu-media-slide tatsu-carousel-col\">\n                                    <div class = \"tatsu-media-slide-inner tatsu-carousel-col-inner\">\n                                                                                        <img class = \"tatsu-carousel-img\" alt = \"alaiar hochzeit mallorca (1)\" data-aspect-ratio = \"0.8\" src = \"https:\/\/lps-photography.de\/wp-content\/uploads\/2024\/10\/Alaiar-Hochzeit-Mallorca-1.jpg\" \/>\n                                                                           <\/div>\n                                <\/div>\n                                                                                    <div class = \"tatsu-media-slide tatsu-carousel-col\">\n                                    <div class = \"tatsu-media-slide-inner tatsu-carousel-col-inner\">\n                                                                                        <img class = \"tatsu-carousel-img\" alt = \"alaiar hochzeit mallorca (2)\" data-aspect-ratio = \"0.8\" src = \"https:\/\/lps-photography.de\/wp-content\/uploads\/2024\/10\/Alaiar-Hochzeit-Mallorca-2.jpg\" \/>\n                                                                           <\/div>\n                                <\/div>\n                                                                                    <div class = \"tatsu-media-slide tatsu-carousel-col\">\n                                    <div class = \"tatsu-media-slide-inner tatsu-carousel-col-inner\">\n                                                                                        <img class = \"tatsu-carousel-img\" alt = \"alaiar hochzeit mallorca (3)\" data-aspect-ratio = \"0.8\" src = \"https:\/\/lps-photography.de\/wp-content\/uploads\/2024\/10\/Alaiar-Hochzeit-Mallorca-3.jpg\" \/>\n                                                                           <\/div>\n                                <\/div>\n                                                                                    <div class = \"tatsu-media-slide tatsu-carousel-col\">\n                                    <div class = \"tatsu-media-slide-inner tatsu-carousel-col-inner\">\n                                                                                        <img class = \"tatsu-carousel-img\" alt = \"alaiar hochzeit mallorca (4)\" data-aspect-ratio = \"0.8\" src = \"https:\/\/lps-photography.de\/wp-content\/uploads\/2024\/10\/Alaiar-Hochzeit-Mallorca-4.jpg\" \/>\n                                                                           <\/div>\n                                <\/div>\n                                                                                    <div class = \"tatsu-media-slide tatsu-carousel-col\">\n                                    <div class = \"tatsu-media-slide-inner tatsu-carousel-col-inner\">\n                                                                                        <img class = \"tatsu-carousel-img\" alt = \"alaiar hochzeit mallorca (5)\" data-aspect-ratio = \"0.8\" src = \"https:\/\/lps-photography.de\/wp-content\/uploads\/2024\/10\/Alaiar-Hochzeit-Mallorca-5.jpg\" \/>\n                                                                           <\/div>\n                                <\/div>\n                                                                                    <div class = \"tatsu-media-slide tatsu-carousel-col\">\n                                    <div class = \"tatsu-media-slide-inner tatsu-carousel-col-inner\">\n                                                                                        <img class = \"tatsu-carousel-img\" alt = \"alaiar hochzeit mallorca (6)\" data-aspect-ratio = \"0.8\" src = \"https:\/\/lps-photography.de\/wp-content\/uploads\/2024\/10\/Alaiar-Hochzeit-Mallorca-6.jpg\" \/>\n                                                                           <\/div>\n                                <\/div>\n                                                                                    <div class = \"tatsu-media-slide tatsu-carousel-col\">\n                                    <div class = \"tatsu-media-slide-inner tatsu-carousel-col-inner\">\n                                                                                        <img class = \"tatsu-carousel-img\" alt = \"alaiar hochzeit mallorca (7)\" data-aspect-ratio = \"0.8\" src = \"https:\/\/lps-photography.de\/wp-content\/uploads\/2024\/10\/Alaiar-Hochzeit-Mallorca-7.jpg\" \/>\n                                                                           <\/div>\n                                <\/div>\n                                                            <\/div>\n            <\/div>\n        <div  class=\"tatsu-module tatsu-text-block-wrap tatsu-SyLFekfgZl\"><div class=\"tatsu-text-inner tatsu-align-center  clearfix\" ><style>.tatsu-SyLFekfgZl.tatsu-text-block-wrap .tatsu-text-inner{width: 100%;text-align: left;}<\/style>\n<section class=\"alaiar-toc\" style=\"background-color: #f8f8f8; border-radius: 12px; padding: 1.5rem; margin-bottom: 2rem; font-size: 1rem; line-height: 1.6;\">\n<h2 style=\"font-size: 1.5rem; margin-bottom: 1rem;\">Contents of This Guide<\/h2>\n<ul style=\"list-style: none; margin: 0;\">\n<li style=\"margin-bottom: 0.75rem;\"><a style=\"text-decoration: none; color: #0073aa; font-weight: 500;\" href=\"#hochzeitslocationalaiar\">Finca Alaiar as a Wedding Venue<\/a><br \/><span style=\"color: #666; font-size: 0.95rem;\">General info, atmosphere, and venue overview<\/span><\/li>\n<li style=\"margin-bottom: 0.75rem;\"><a style=\"text-decoration: none; color: #0073aa; font-weight: 500;\" href=\"#personalalaiar\">Personal Impressions &amp; Experience<\/a><br \/><span style=\"color: #666; font-size: 0.95rem;\">My work at Alaiar and what makes it unique<\/span><\/li>\n<li style=\"margin-bottom: 0.75rem;\"><a style=\"text-decoration: none; color: #0073aa; font-weight: 500;\" href=\"#ServiceAlaiar\">Services, Planning &amp; Tips<\/a><br \/><span style=\"color: #666; font-size: 0.95rem;\">Contact info, directions, timeline, and photo advice<\/span><\/li>\n<li style=\"margin-bottom: 0.75rem;\"><a style=\"text-decoration: none; color: #0073aa; font-weight: 500;\" href=\"#galerien\">Real Weddings at Finca Alaiar<\/a><br \/><span style=\"color: #666; font-size: 0.95rem;\">Photo galleries from real celebrations<\/span><\/li>\n<li><a style=\"text-decoration: none; color: #0073aa; font-weight: 500;\" href=\"#videos\">Videos &amp; Cinematic Highlights<\/a><br \/><span style=\"color: #666; font-size: 0.95rem;\">Wedding films and aftermovies that show the vibe<\/span><\/li>\n<\/ul>\n<\/section>\n<\/div><\/div><\/div><\/div><div class = \"tatsu-column-bg-image-wrap\"><div class = \"tatsu-column-bg-image\" ><\/div><\/div><\/div><style>.tatsu-row > .tatsu-ryJtNO2OS.tatsu-column{width: 100%;}.tatsu-ryJtNO2OS.tatsu-column > .tatsu-column-inner > .tatsu-column-overlay{mix-blend-mode: none;}.tatsu-ryJtNO2OS > .tatsu-column-inner > .tatsu-top-divider{z-index: 9999;}.tatsu-ryJtNO2OS > .tatsu-column-inner > .tatsu-bottom-divider{z-index: 9999;}.tatsu-ryJtNO2OS > .tatsu-column-inner > .tatsu-left-divider{z-index: 9999;}.tatsu-ryJtNO2OS > .tatsu-column-inner > .tatsu-right-divider{z-index: 9999;}@media only screen and (max-width:1377px) {.tatsu-row > .tatsu-ryJtNO2OS.tatsu-column{width: 100%;}}@media only screen and (min-width:768px) and (max-width: 1024px) {.tatsu-row > .tatsu-ryJtNO2OS.tatsu-column{width: 100%;}}@media only screen and (max-width: 767px) {.tatsu-row > .tatsu-ryJtNO2OS.tatsu-column{width: 100%;}}<\/style><\/div><\/div><\/div><\/div><div class=\"tatsu-section-background-wrap\"><div class = \"tatsu-section-background\" ><\/div><\/div><style>.tatsu-SyZJY4u2dB .tatsu-section-pad{padding: 0px 0px 7px 0px;}.tatsu-SyZJY4u2dB > .tatsu-bottom-divider{z-index: 9999;}.tatsu-SyZJY4u2dB > .tatsu-top-divider{z-index: 9999;}@media only screen and (max-width: 767px) {.tatsu-SyZJY4u2dB .tatsu-section-pad{padding: 0px 0px 22px 0px;}}<\/style><\/div><div id=\"hochzeitslocationalaiar\" class=\"tatsu-BJZxTe1fl-l tatsu-section  tatsu-bg-overlay   tatsu-clearfix\" data-title=\"hochzeitslocationalaiar\"  data-headerscheme=\"background--dark\"><div class='tatsu-section-pad clearfix' data-padding='{\"d\":\"0px 0px 8px 0px\"}' data-padding-top='0px'><div class=\"tatsu-row-wrap  tatsu-wrap tatsu-row-one-col tatsu-row-has-one-cols tatsu-medium-gutter tatsu-reg-cols  tatsu-clearfix tatsu-Byexpl1MlZx\" ><div  class=\"tatsu-row\" ><div  class=\"tatsu-column  tatsu-bg-overlay tatsu-one-col tatsu-column-image-none tatsu-column-effect-none  tatsu-rJgTlJze-g\"  data-parallax-speed=\"0\" style=\"\"><div class=\"tatsu-column-inner\" ><div class=\"tatsu-column-pad-wrap\"><div class=\"tatsu-column-pad\" ><div  class=\"tatsu-module tatsu-text-block-wrap tatsu-Hk4FN_n_B\"><div class=\"tatsu-text-inner tatsu-align-center  clearfix\" ><style>.tatsu-Hk4FN_n_B.tatsu-text-block-wrap .tatsu-text-inner{width: 100%;text-align: left;}@media only screen and (max-width: 767px) {.tatsu-Hk4FN_n_B.tatsu-text-block-wrap .tatsu-text-inner{width: 100%;}}<\/style>\n<h2 data-start=\"910\" data-end=\"948\"><span style=\"font-size: 12pt;\">Why Couples Love Finca Alaiar<\/span><\/h2>\n<p data-start=\"807\" data-end=\"934\"><span style=\"font-size: 12pt;\">Even after photographing countless weddings here, I\u2019ve never seen a single couple leave disappointed. Alaiar is perfect if you\u2026<\/span><\/p>\n<ul data-start=\"936\" data-end=\"1163\">\n<li data-start=\"936\" data-end=\"994\">\n<p data-start=\"938\" data-end=\"994\"><span style=\"font-size: 12pt;\">\u2026want a natural, stylish, but down-to-earth atmosphere<\/span><\/p>\n<\/li>\n<li data-start=\"995\" data-end=\"1048\">\n<p data-start=\"997\" data-end=\"1048\"><span style=\"font-size: 12pt;\">\u2026care about food, people, and enjoying the moment<\/span><\/p>\n<\/li>\n<li data-start=\"1049\" data-end=\"1119\">\n<p data-start=\"1051\" data-end=\"1119\"><span style=\"font-size: 12pt;\">\u2026prefer an intimate day with your closest people over a huge party<\/span><\/p>\n<\/li>\n<li data-start=\"1120\" data-end=\"1163\">\n<p data-start=\"1122\" data-end=\"1163\"><span style=\"font-size: 12pt;\">\u2026want planning support without the stress<\/span><\/p>\n<\/li>\n<\/ul>\n<p data-start=\"1165\" data-end=\"1364\"><span style=\"font-size: 12pt;\">If you\u2019re after flashy luxury or want to party until sunrise, this may not be the place. But if you&#8217;re looking for a <strong data-start=\"1282\" data-end=\"1338\">beautiful, easygoing wedding with real Mallorca soul<\/strong> \u2013 Alaiar is hard to beat.<\/span><\/p>\n<section class=\"alaiar-overview\" style=\"padding: 1.5rem 1.5rem 1.5rem 0; background-color: #f8f8f8; border-radius: 12px; font-size: 1rem; line-height: 1.6;\">\n<h2 style=\"font-size: 1.5rem; margin-bottom: 1rem;\"><span style=\"font-size: 12pt;\">\ud83d\udca1 Alaiar at a Glance<\/span><\/h2>\n<ul style=\"list-style: none; padding-left: 0; margin: 0;\">\n<li><span style=\"font-size: 12pt;\"><strong>\ud83d\udccd Location:<\/strong> Sencelles, Mallorca \u2013 about 25 minutes from Palma<\/span><\/li>\n<li><span style=\"font-size: 12pt;\"><strong>\ud83d\udc65 Capacity:<\/strong> Perfect for weddings with up to 60 guests<\/span><\/li>\n<li><span style=\"font-size: 12pt;\"><strong>\ud83e\ude9e Style &amp; Vibe:<\/strong> Rustic finca charm, Mediterranean gardens, warm and relaxed \u2013 ideal for couples who love food, nature, and effortless elegance<\/span><\/li>\n<li><span style=\"font-size: 12pt;\"><strong>\ud83c\udfe1 Indoor &amp; Outdoor:<\/strong><\/span>\n<ul style=\"margin-top: 0.25rem; margin-bottom: 0.5rem; padding-left: 1rem; list-style: disc;\">\n<li><span style=\"font-size: 12pt;\">Outdoor ceremony under olive trees<\/span><\/li>\n<li><span style=\"font-size: 12pt;\">Garden aperitif &amp; cocktail hour<\/span><\/li>\n<li><span style=\"font-size: 12pt;\">Dinner in the romantic patio<\/span><\/li>\n<li><span style=\"font-size: 12pt;\">Party in the air-conditioned vaulted cellar (bodega)<\/span><\/li>\n<\/ul>\n<\/li>\n<li><span style=\"font-size: 12pt;\"><strong>\ud83c\udf7d Catering:<\/strong> Included \u2013 exclusively provided by <em>Sabor de Tramuntana (and honestly, it\u2019s fantastic!)<\/em><\/span><\/li>\n<li><span style=\"font-size: 12pt;\"><strong>\ud83c\udfb6 Music:<\/strong> Your own DJ or musicians are welcome, music allowed until 1am \u2013 Here are <a href=\"https:\/\/lps-photography.de\/en\/die-besten-hochzeitssaenger-und-musiker-auf-mallorca\/\">some of my favorite wedding musicians in Mallorca<\/a><\/span><\/li>\n<li><span style=\"font-size: 12pt;\"><strong>\ud83d\udecf Accommodation:<\/strong> Two on-site guesthouses for the couple and close family<\/span><\/li>\n<li><span style=\"font-size: 12pt;\"><strong>\ud83d\ude97 Parking:<\/strong> Plenty of on-site parking available<\/span><\/li>\n<li><span style=\"font-size: 12pt;\"><strong>\ud83d\udcdd Planning Support:<\/strong> Full planning and coordination by Lena &amp; Gabriel (including styling and vendor recommendations, e.g. for <a href=\"https:\/\/lps-photography.de\/trauredner-mallorca\/\">Mallorca celebrants<\/a>)<\/span><\/li>\n<\/ul>\n<\/section>\n<\/div><\/div><div  class=\"special-subtitle-wrap  tatsu-B1ZZwkzebx\"  ><div class=\"align-center\"><span class=\"special-subtitle\" >Experiences and reviews of my wedding couples at Finca Alaiar<\/span><\/div><style>.tatsu-B1ZZwkzebx .special-subtitle{font-size: 18px;width: 60%;}.tatsu-B1ZZwkzebx.special-subtitle-wrap{margin-bottom: 10px;}<\/style><\/div><div  class=\"tatsu-shortcode-module tatsu-module tatsu-S1up175ybl\"  >\n<p><script defer async src='https:\/\/cdn.trustindex.io\/loader.js?54f3fdb57aae7451f8261173ed5'><\/script><\/p>\n<\/div><div  class=\"tatsu-module tatsu-text-block-wrap tatsu-ryFsdJfe-x\"><div class=\"tatsu-text-inner tatsu-align-center  clearfix\" ><style>.tatsu-ryFsdJfe-x.tatsu-text-block-wrap .tatsu-text-inner{width: 100%;text-align: left;}<\/style>\n<p style=\"font-size: 0.9rem; color: #555; background-color: #f8f8f8; border-left: 4px solid #ddd; padding: 0.75rem 1rem; border-radius: 6px; margin-top: 1.5rem;\"><strong>Transparency note: <\/strong>Unfortunately, transparency is often lacking in the wedding industry, as well as in blogs and magazines, which leads to additional work, costs, quality issues, and misunderstandings when planning your own wedding, and can simply be annoying (not only for you). I report exclusively from my personal experience as a wedding photographer at Casal Santa Eulalia\u2014with real couples and real weddings. On my website, you are guaranteed to find only recommendations for wedding venues where I have worked several times myself and which I value for their quality and professionalism. I do not receive any commission or other compensation for this.<\/p>\n<\/div><\/div><div  class=\"tatsu-module tatsu-text-block-wrap tatsu-SknoLz8Dex\"><div class=\"tatsu-text-inner tatsu-align-center  clearfix\" ><style>.tatsu-SknoLz8Dex.tatsu-text-block-wrap .tatsu-text-inner{width: 100%;text-align: center;}<\/style>\n<p><span style=\"font-size: 12pt;\">Want to Get Married Here?<br \/><\/span><span style=\"font-size: 12pt;\">Let\u2019s talk about your plans \u2013 I\u2019m happy to answer your questions and show you what a wedding at Alaiar can feel like. <\/span><\/p>\n<\/div><\/div><div  class=\"tatsu-module tatsu-normal-button tatsu-button-wrap align-block block-center  tatsu-r1vS8MUPee\"><a class=\"tatsu-shortcode mediumbtn tatsu-button left-icon circular   bg-animation-none\" href=\"\/en\/contact-2\" style= \"\"  aria-label=\"Save your Date!\" data-gdpr-atts={} ><i class=\"tatsu-icon icon-icon_heart_alt\"><\/i>Save your Date!<\/a><style>.tatsu-r1vS8MUPee .tatsu-button{background-color: rgba(45,97,159,1);color: #ffffff ;}<\/style><\/div><div  class=\"portfolio-all-wrap  oshine-gallery-module 0 tatsu-SJO_xZHj2\" ><div class=\"portfolio  portfolio-two-col-mobile full-screen  full-screen-gutter style2-gutter three-col masonry_enable\" style=\"margin-left: -10px;\"  data-action=\"get_be_gallery_with_pagination\"  data-paged=\"1\" data-enable-masonry=\"1\" data-aspect-ratio = \"1.6\" data-source='{\"source\":\"selected\",\"account_name\":\"themeforest\",\"count\":\"10\",\"col\":\"three\",\"masonry\":\"1\"}' data-gutter-width=\"10\"  data-images-array=\"20985,20984,20983,20982,20981,20980,20979,20978,20977,20976,20975\" data-col=\"three\" data-items-per-load=\"6\" data-hover-style=\"style1-hover\" data-image-grayscale=\"c_to_c\" data-lightbox-type=\"photoswipe\" data-image-source=\"selected\" data-image-effect=\"none\" data-thumb-overlay-color=\"rgba(255,255,255,0)\" data-grad-style-color=\"background:rgba(255,255,255,0)\" data-like-button=\"1\" data-hover-content=\"icon\" data-hover-content-color=\"\" ><div class=\"portfolio-container clickable clearfix portfolio-shortcode be-photoswipe-gallery scale\"><div class=\"element be-hoverlay not-wide no-wide-width-height style1-hover c_to_c\" style=\"margin-bottom: 10px;\"><div class=\"element-inner\" style=\"margin-left: 10px;\"><a href=\"https:\/\/lps-photography.de\/wp-content\/uploads\/2023\/07\/Alaiar-Hochzeit-Mallorca-1.jpg\" data-size=\"1600x1067\" data-href=\"https:\/\/lps-photography.de\/wp-content\/uploads\/2023\/07\/Alaiar-Hochzeit-Mallorca-1.jpg\" class=\"thumb-wrap\" title=\"Alaiar Mallorca Hochzeit\"><div class=\"flip-wrap\"><div data-aspect-ratio=\"1.5\" style = \"padding-bottom : 66.6875%;;\" class=\"flip-img-wrap none-effect\"><img decoding=\"async\" src=\"https:\/\/lps-photography.de\/wp-content\/uploads\/2023\/07\/Alaiar-Hochzeit-Mallorca-1-650x433.jpg\" alt=\"Alaiar Mallorca Hochzeit\" data-attr=\"0\"\/><\/div><\/div><div class=\"thumb-overlay\"><div class=\"thumb-bg\" style=\"background-color:rgba(255,255,255,0);background:rgba(255,255,255,0)\"><div class=\"thumb-title-wrap display-table-cell vertical-align-middle align-center fadeIn animated\"><div class=\"thumb-title\" style=\"color:;\"><i class=\"portfolio-overlay-icon\"><\/i><\/div><\/div><\/div><\/div><\/a><\/div><\/div><div class=\"element be-hoverlay not-wide no-wide-width-height style1-hover c_to_c\" style=\"margin-bottom: 10px;\"><div class=\"element-inner\" style=\"margin-left: 10px;\"><a href=\"https:\/\/lps-photography.de\/wp-content\/uploads\/2023\/07\/Alaiar-Hochzeit-Mallorca-11.jpg\" data-size=\"1600x1067\" data-href=\"https:\/\/lps-photography.de\/wp-content\/uploads\/2023\/07\/Alaiar-Hochzeit-Mallorca-11.jpg\" class=\"thumb-wrap\" title=\"Alaiar Mallorca Hochzeit\"><div class=\"flip-wrap\"><div data-aspect-ratio=\"1.5\" style = \"padding-bottom : 66.6875%;;\" class=\"flip-img-wrap none-effect\"><img decoding=\"async\" src=\"https:\/\/lps-photography.de\/wp-content\/uploads\/2023\/07\/Alaiar-Hochzeit-Mallorca-11-650x433.jpg\" alt=\"Alaiar Mallorca Hochzeit\" data-attr=\"0\"\/><\/div><\/div><div class=\"thumb-overlay\"><div class=\"thumb-bg\" style=\"background-color:rgba(255,255,255,0);background:rgba(255,255,255,0)\"><div class=\"thumb-title-wrap display-table-cell vertical-align-middle align-center fadeIn animated\"><div class=\"thumb-title\" style=\"color:;\"><i class=\"portfolio-overlay-icon\"><\/i><\/div><\/div><\/div><\/div><\/a><\/div><\/div><div class=\"element be-hoverlay not-wide no-wide-width-height style1-hover c_to_c\" style=\"margin-bottom: 10px;\"><div class=\"element-inner\" style=\"margin-left: 10px;\"><a href=\"https:\/\/lps-photography.de\/wp-content\/uploads\/2023\/07\/Alaiar-Hochzeit-Mallorca-10.jpg\" data-size=\"1600x1067\" data-href=\"https:\/\/lps-photography.de\/wp-content\/uploads\/2023\/07\/Alaiar-Hochzeit-Mallorca-10.jpg\" class=\"thumb-wrap\" title=\"Alaiar Mallorca Hochzeit\"><div class=\"flip-wrap\"><div data-aspect-ratio=\"1.5\" style = \"padding-bottom : 66.6875%;;\" class=\"flip-img-wrap none-effect\"><img decoding=\"async\" src=\"https:\/\/lps-photography.de\/wp-content\/uploads\/2023\/07\/Alaiar-Hochzeit-Mallorca-10-650x433.jpg\" alt=\"Alaiar Mallorca Hochzeit\" data-attr=\"0\"\/><\/div><\/div><div class=\"thumb-overlay\"><div class=\"thumb-bg\" style=\"background-color:rgba(255,255,255,0);background:rgba(255,255,255,0)\"><div class=\"thumb-title-wrap display-table-cell vertical-align-middle align-center fadeIn animated\"><div class=\"thumb-title\" style=\"color:;\"><i class=\"portfolio-overlay-icon\"><\/i><\/div><\/div><\/div><\/div><\/a><\/div><\/div><div class=\"element be-hoverlay not-wide no-wide-width-height style1-hover c_to_c\" style=\"margin-bottom: 10px;\"><div class=\"element-inner\" style=\"margin-left: 10px;\"><a href=\"https:\/\/lps-photography.de\/wp-content\/uploads\/2023\/07\/Alaiar-Hochzeit-Mallorca-9.jpg\" data-size=\"1600x1067\" data-href=\"https:\/\/lps-photography.de\/wp-content\/uploads\/2023\/07\/Alaiar-Hochzeit-Mallorca-9.jpg\" class=\"thumb-wrap\" title=\"Alaiar Mallorca Hochzeit\"><div class=\"flip-wrap\"><div data-aspect-ratio=\"1.5\" style = \"padding-bottom : 66.6875%;;\" class=\"flip-img-wrap none-effect\"><img decoding=\"async\" src=\"https:\/\/lps-photography.de\/wp-content\/uploads\/2023\/07\/Alaiar-Hochzeit-Mallorca-9-650x433.jpg\" alt=\"Alaiar Mallorca Hochzeit\" data-attr=\"0\"\/><\/div><\/div><div class=\"thumb-overlay\"><div class=\"thumb-bg\" style=\"background-color:rgba(255,255,255,0);background:rgba(255,255,255,0)\"><div class=\"thumb-title-wrap display-table-cell vertical-align-middle align-center fadeIn animated\"><div class=\"thumb-title\" style=\"color:;\"><i class=\"portfolio-overlay-icon\"><\/i><\/div><\/div><\/div><\/div><\/a><\/div><\/div><div class=\"element be-hoverlay not-wide no-wide-width-height style1-hover c_to_c\" style=\"margin-bottom: 10px;\"><div class=\"element-inner\" style=\"margin-left: 10px;\"><a href=\"https:\/\/lps-photography.de\/wp-content\/uploads\/2023\/07\/Alaiar-Hochzeit-Mallorca-8.jpg\" data-size=\"1600x1067\" data-href=\"https:\/\/lps-photography.de\/wp-content\/uploads\/2023\/07\/Alaiar-Hochzeit-Mallorca-8.jpg\" class=\"thumb-wrap\" title=\"Alaiar Mallorca Hochzeit\"><div class=\"flip-wrap\"><div data-aspect-ratio=\"1.5\" style = \"padding-bottom : 66.6875%;;\" class=\"flip-img-wrap none-effect\"><img decoding=\"async\" src=\"https:\/\/lps-photography.de\/wp-content\/uploads\/2023\/07\/Alaiar-Hochzeit-Mallorca-8-650x433.jpg\" alt=\"Alaiar Mallorca Hochzeit\" data-attr=\"0\"\/><\/div><\/div><div class=\"thumb-overlay\"><div class=\"thumb-bg\" style=\"background-color:rgba(255,255,255,0);background:rgba(255,255,255,0)\"><div class=\"thumb-title-wrap display-table-cell vertical-align-middle align-center fadeIn animated\"><div class=\"thumb-title\" style=\"color:;\"><i class=\"portfolio-overlay-icon\"><\/i><\/div><\/div><\/div><\/div><\/a><\/div><\/div><div class=\"element be-hoverlay not-wide no-wide-width-height style1-hover c_to_c\" style=\"margin-bottom: 10px;\"><div class=\"element-inner\" style=\"margin-left: 10px;\"><a href=\"https:\/\/lps-photography.de\/wp-content\/uploads\/2023\/07\/Alaiar-Hochzeit-Mallorca-7.jpg\" data-size=\"1600x1067\" data-href=\"https:\/\/lps-photography.de\/wp-content\/uploads\/2023\/07\/Alaiar-Hochzeit-Mallorca-7.jpg\" class=\"thumb-wrap\" title=\"Alaiar Mallorca Hochzeit\"><div class=\"flip-wrap\"><div data-aspect-ratio=\"1.5\" style = \"padding-bottom : 66.6875%;;\" class=\"flip-img-wrap none-effect\"><img decoding=\"async\" src=\"https:\/\/lps-photography.de\/wp-content\/uploads\/2023\/07\/Alaiar-Hochzeit-Mallorca-7-650x433.jpg\" alt=\"Alaiar Mallorca Hochzeit\" data-attr=\"0\"\/><\/div><\/div><div class=\"thumb-overlay\"><div class=\"thumb-bg\" style=\"background-color:rgba(255,255,255,0);background:rgba(255,255,255,0)\"><div class=\"thumb-title-wrap display-table-cell vertical-align-middle align-center fadeIn animated\"><div class=\"thumb-title\" style=\"color:;\"><i class=\"portfolio-overlay-icon\"><\/i><\/div><\/div><\/div><\/div><\/a><\/div><\/div><\/div><div class=\"trigger_load_more gallery_load_more\" data-total-items=\"5\" data-type=\"gallery\"><a class=\"be-shortcode mediumbtn be-button tatsu-button rounded\" href=\"#\">Load More<\/a><\/div><\/div><\/div><\/div><\/div><div class = \"tatsu-column-bg-image-wrap\"><div class = \"tatsu-column-bg-image\" ><\/div><\/div><div class=\"tatsu-overlay tatsu-column-overlay tatsu-animate-none\" ><\/div><\/div><style>.tatsu-row > .tatsu-rJgTlJze-g.tatsu-column{width: 100%;}.tatsu-rJgTlJze-g.tatsu-column > .tatsu-column-inner > .tatsu-column-overlay{mix-blend-mode: normal;}.tatsu-rJgTlJze-g > .tatsu-column-inner > .tatsu-top-divider{z-index: 9999;}.tatsu-rJgTlJze-g > .tatsu-column-inner > .tatsu-bottom-divider{z-index: 9999;}.tatsu-rJgTlJze-g > .tatsu-column-inner > .tatsu-left-divider{z-index: 9999;}.tatsu-rJgTlJze-g > .tatsu-column-inner > .tatsu-right-divider{z-index: 9999;}@media only screen and (max-width:1377px) {.tatsu-row > .tatsu-rJgTlJze-g.tatsu-column{width: 100%;}}@media only screen and (min-width:768px) and (max-width: 1024px) {.tatsu-row > .tatsu-rJgTlJze-g.tatsu-column{width: 100%;}}@media only screen and (max-width: 767px) {.tatsu-row > .tatsu-rJgTlJze-g.tatsu-column{width: 100%;}}<\/style><\/div><\/div><\/div><\/div><div class=\"tatsu-section-background-wrap\"><div class = \"tatsu-section-background\" ><\/div><\/div><div class=\"tatsu-overlay tatsu-section-overlay\"><\/div><style>.tatsu-BJZxTe1fl-l .tatsu-section-pad{padding: 0px 0px 8px 0px;}.tatsu-BJZxTe1fl-l .tatsu-section-offset-wrap{transform: translateY(-0px);}.tatsu-BJZxTe1fl-l > .tatsu-bottom-divider{z-index: 9999;}.tatsu-BJZxTe1fl-l > .tatsu-top-divider{z-index: 9999;}.tatsu-BJZxTe1fl-l .tatsu-section-overlay{mix-blend-mode: normal;}<\/style><\/div><div id=\"personalalaiar\" class=\"tatsu-Bk-eMW1MeZx tatsu-section  tatsu-bg-overlay   tatsu-clearfix\" data-title=\"personalalaiar\"  data-headerscheme=\"background--dark\"><div class='tatsu-section-pad clearfix' data-padding='{\"d\":\"0px 0px 16px 0px\"}' data-padding-top='0px'><div class=\"tatsu-row-wrap  tatsu-wrap tatsu-row-one-col tatsu-row-has-one-cols tatsu-medium-gutter tatsu-reg-cols  tatsu-clearfix tatsu-H1exM-1zgWg\" ><div  class=\"tatsu-row\" ><div  class=\"tatsu-column  tatsu-bg-overlay tatsu-one-col tatsu-column-image-none tatsu-column-effect-none  tatsu-SkgM-Jfl-l\"  data-parallax-speed=\"0\" style=\"\"><div class=\"tatsu-column-inner\" ><div class=\"tatsu-column-pad-wrap\"><div class=\"tatsu-column-pad\" ><div  class=\"tatsu-module tatsu-text-block-wrap tatsu-Byx8gZrj2\"><div class=\"tatsu-text-inner tatsu-align-center  clearfix\" ><style>.tatsu-Byx8gZrj2.tatsu-text-block-wrap .tatsu-text-inner{width: 100%;text-align: left;}@media only screen and (max-width: 767px) {.tatsu-Byx8gZrj2.tatsu-text-block-wrap .tatsu-text-inner{width: 100%;}}<\/style>\n<h3><span style=\"font-size: 12pt;\">Personal Insight as a Wedding Photographer at Alaiar<\/span><\/h3>\n<p data-start=\"2084\" data-end=\"2341\"><span style=\"font-size: 12pt;\">The first wedding I photographed at Alaiar was for close friends \u2013 usually a challenging setup. You&#8217;re part of the celebration, but also in full work mode, constantly behind the camera. And there&#8217;s that subtle pressure of being &#8220;the friend with the camera.&#8221;<\/span><\/p>\n<p data-start=\"2343\" data-end=\"2576\"><span style=\"font-size: 12pt;\">But Maria and Hendrik were incredibly kind \u2013 and convinced me I was the only one they wanted. Once Alaiar was set as the venue and I saw names like Sandra, Hernan, and David Gee on the vendor list, I knew the day would flow smoothly.<\/span><\/p>\n<p data-start=\"2578\" data-end=\"2768\"><span style=\"font-size: 12pt;\">And it did. It was one of those rare weddings where everything just worked \u2013 logistically and emotionally. That\u2019s the kind of experience couples can expect here. And as a vendor? It\u2019s a joy.<\/span><\/p>\n<h3><span style=\"font-size: 12pt;\">Beautiful Backdrops All Day Long<\/span><\/h3>\n<p data-start=\"2812\" data-end=\"3012\"><span style=\"font-size: 12pt;\">Alaiar\u2019s history goes back to Mallorca\u2019s Moorish period \u2013 and you feel that legacy in the architecture and layout. What makes it special is how the day moves effortlessly from one setting to the next:<\/span><\/p>\n<ul data-start=\"3014\" data-end=\"3223\">\n<li data-start=\"3014\" data-end=\"3056\">\n<p data-start=\"3016\" data-end=\"3056\"><span style=\"font-size: 12pt;\">A heartfelt ceremony under olive trees<\/span><\/p>\n<\/li>\n<li data-start=\"3057\" data-end=\"3107\">\n<p data-start=\"3059\" data-end=\"3107\"><span style=\"font-size: 12pt;\">A casual garden aperitif with drinks and tapas<\/span><\/p>\n<\/li>\n<li data-start=\"3108\" data-end=\"3157\">\n<p data-start=\"3110\" data-end=\"3157\"><span style=\"font-size: 12pt;\">Dinner under string lights in the stone patio<\/span><\/p>\n<\/li>\n<li data-start=\"3158\" data-end=\"3223\">\n<p data-start=\"3160\" data-end=\"3223\"><span style=\"font-size: 12pt;\">And finally, the dance floor inside the dramatic vaulted bodega<\/span><\/p>\n<\/li>\n<\/ul>\n<p data-start=\"3225\" data-end=\"3305\"><span style=\"font-size: 12pt;\">Each moment has its own unique feel \u2014 but it\u2019s all just steps away. That\u2019s rare.<\/span><\/p>\n<\/div><\/div><div  class=\"tatsu-module tatsu-text-block-wrap tatsu-rkowUM8wgx\"><div class=\"tatsu-text-inner tatsu-align-center  clearfix\" ><style>.tatsu-rkowUM8wgx.tatsu-text-block-wrap .tatsu-text-inner{width: 100%;text-align: center;}<\/style>\n<p><span style=\"font-size: 12pt;\">Want to Get Married Here?<br \/><\/span><span style=\"font-size: 12pt;\">Let\u2019s talk about your plans \u2013 I\u2019m happy to answer your questions and show you what a wedding at Alaiar can feel like. <\/span><\/p>\n<\/div><\/div><div  class=\"tatsu-module tatsu-normal-button tatsu-button-wrap align-block block-center  tatsu-r1MnIMLwlg\"><a class=\"tatsu-shortcode mediumbtn tatsu-button left-icon circular   bg-animation-none\" href=\"\/en\/contact-2\" style= \"\"  aria-label=\"get in touch!\" data-gdpr-atts={} ><i class=\"tatsu-icon icon-icon_heart_alt\"><\/i>get in touch!<\/a><style>.tatsu-r1MnIMLwlg .tatsu-button{background-color: rgba(45,97,159,1);color: #ffffff ;}<\/style><\/div><div  class=\"portfolio-all-wrap  oshine-gallery-module 0 tatsu-r1KZngBo2\" ><div class=\"portfolio  full-screen  full-screen-gutter style2-gutter three-col masonry_enable\" style=\"margin-left: -10px;\"  data-action=\"get_be_gallery_with_pagination\"  data-paged=\"1\" data-enable-masonry=\"1\" data-aspect-ratio = \"1.6\" data-source='{\"source\":\"selected\",\"account_name\":\"themeforest\",\"count\":\"10\",\"col\":\"three\",\"masonry\":\"1\"}' data-gutter-width=\"10\"  data-images-array=\"20967,20968,20969\" data-col=\"three\" data-items-per-load=\"9\" data-hover-style=\"style1-hover\" data-image-grayscale=\"c_to_c\" data-lightbox-type=\"photoswipe\" data-image-source=\"selected\" data-image-effect=\"none\" data-thumb-overlay-color=\"rgba(255,255,255,0)\" data-grad-style-color=\"background:rgba(255,255,255,0)\" data-like-button=\"1\" data-hover-content=\"icon\" data-hover-content-color=\"\" ><div class=\"portfolio-container clickable clearfix portfolio-shortcode be-photoswipe-gallery scale\"><div class=\"element be-hoverlay not-wide no-wide-width-height style1-hover c_to_c\" style=\"margin-bottom: 10px;\"><div class=\"element-inner\" style=\"margin-left: 10px;\"><a href=\"https:\/\/lps-photography.de\/wp-content\/uploads\/2023\/07\/Finca-Alaiar-Mallorca-9.jpg\" data-size=\"1600x1067\" data-href=\"https:\/\/lps-photography.de\/wp-content\/uploads\/2023\/07\/Finca-Alaiar-Mallorca-9.jpg\" class=\"thumb-wrap\" title=\"Finca Alaiar Mallorca\"><div class=\"flip-wrap\"><div data-aspect-ratio=\"1.5\" style = \"padding-bottom : 66.6875%;;\" class=\"flip-img-wrap none-effect\"><img decoding=\"async\" src=\"https:\/\/lps-photography.de\/wp-content\/uploads\/2023\/07\/Finca-Alaiar-Mallorca-9-650x433.jpg\" alt=\"Finca Alaiar Mallorca\" data-attr=\"0\"\/><\/div><\/div><div class=\"thumb-overlay\"><div class=\"thumb-bg\" style=\"background-color:rgba(255,255,255,0);background:rgba(255,255,255,0)\"><div class=\"thumb-title-wrap display-table-cell vertical-align-middle align-center fadeIn animated\"><div class=\"thumb-title\" style=\"color:;\"><i class=\"portfolio-overlay-icon\"><\/i><\/div><\/div><\/div><\/div><\/a><\/div><\/div><div class=\"element be-hoverlay not-wide no-wide-width-height style1-hover c_to_c\" style=\"margin-bottom: 10px;\"><div class=\"element-inner\" style=\"margin-left: 10px;\"><a href=\"https:\/\/lps-photography.de\/wp-content\/uploads\/2023\/07\/Finca-Alaiar-Mallorca-33.jpg\" data-size=\"1600x1067\" data-href=\"https:\/\/lps-photography.de\/wp-content\/uploads\/2023\/07\/Finca-Alaiar-Mallorca-33.jpg\" class=\"thumb-wrap\" title=\"Finca Alaiar Mallorca\"><div class=\"flip-wrap\"><div data-aspect-ratio=\"1.5\" style = \"padding-bottom : 66.6875%;;\" class=\"flip-img-wrap none-effect\"><img decoding=\"async\" src=\"https:\/\/lps-photography.de\/wp-content\/uploads\/2023\/07\/Finca-Alaiar-Mallorca-33-650x433.jpg\" alt=\"Finca Alaiar Mallorca\" data-attr=\"0\"\/><\/div><\/div><div class=\"thumb-overlay\"><div class=\"thumb-bg\" style=\"background-color:rgba(255,255,255,0);background:rgba(255,255,255,0)\"><div class=\"thumb-title-wrap display-table-cell vertical-align-middle align-center fadeIn animated\"><div class=\"thumb-title\" style=\"color:;\"><i class=\"portfolio-overlay-icon\"><\/i><\/div><\/div><\/div><\/div><\/a><\/div><\/div><div class=\"element be-hoverlay not-wide no-wide-width-height style1-hover c_to_c\" style=\"margin-bottom: 10px;\"><div class=\"element-inner\" style=\"margin-left: 10px;\"><a href=\"https:\/\/lps-photography.de\/wp-content\/uploads\/2023\/07\/Finca-Alaiar-Mallorca-60.jpg\" data-size=\"1600x1067\" data-href=\"https:\/\/lps-photography.de\/wp-content\/uploads\/2023\/07\/Finca-Alaiar-Mallorca-60.jpg\" class=\"thumb-wrap\" title=\"Finca Alaiar Mallorca\"><div class=\"flip-wrap\"><div data-aspect-ratio=\"1.5\" style = \"padding-bottom : 66.6875%;;\" class=\"flip-img-wrap none-effect\"><img decoding=\"async\" src=\"https:\/\/lps-photography.de\/wp-content\/uploads\/2023\/07\/Finca-Alaiar-Mallorca-60-650x433.jpg\" alt=\"Finca Alaiar Mallorca\" data-attr=\"0\"\/><\/div><\/div><div class=\"thumb-overlay\"><div class=\"thumb-bg\" style=\"background-color:rgba(255,255,255,0);background:rgba(255,255,255,0)\"><div class=\"thumb-title-wrap display-table-cell vertical-align-middle align-center fadeIn animated\"><div class=\"thumb-title\" style=\"color:;\"><i class=\"portfolio-overlay-icon\"><\/i><\/div><\/div><\/div><\/div><\/a><\/div><\/div><\/div><\/div><\/div><\/div><\/div><div class = \"tatsu-column-bg-image-wrap\"><div class = \"tatsu-column-bg-image\" ><\/div><\/div><div class=\"tatsu-overlay tatsu-column-overlay tatsu-animate-none\" ><\/div><\/div><style>.tatsu-row > .tatsu-SkgM-Jfl-l.tatsu-column{width: 100%;}.tatsu-SkgM-Jfl-l.tatsu-column > .tatsu-column-inner > .tatsu-column-overlay{mix-blend-mode: normal;}.tatsu-SkgM-Jfl-l > .tatsu-column-inner > .tatsu-top-divider{z-index: 9999;}.tatsu-SkgM-Jfl-l > .tatsu-column-inner > .tatsu-bottom-divider{z-index: 9999;}.tatsu-SkgM-Jfl-l > .tatsu-column-inner > .tatsu-left-divider{z-index: 9999;}.tatsu-SkgM-Jfl-l > .tatsu-column-inner > .tatsu-right-divider{z-index: 9999;}@media only screen and (max-width:1377px) {.tatsu-row > .tatsu-SkgM-Jfl-l.tatsu-column{width: 100%;}}@media only screen and (min-width:768px) and (max-width: 1024px) {.tatsu-row > .tatsu-SkgM-Jfl-l.tatsu-column{width: 100%;}}@media only screen and (max-width: 767px) {.tatsu-row > .tatsu-SkgM-Jfl-l.tatsu-column{width: 100%;}}<\/style><\/div><\/div><\/div><\/div><div class=\"tatsu-section-background-wrap\"><div class = \"tatsu-section-background\" ><\/div><\/div><div class=\"tatsu-overlay tatsu-section-overlay\"><\/div><style>.tatsu-Bk-eMW1MeZx .tatsu-section-pad{padding: 0px 0px 16px 0px;}.tatsu-Bk-eMW1MeZx .tatsu-section-offset-wrap{transform: translateY(-0px);}.tatsu-Bk-eMW1MeZx > .tatsu-bottom-divider{z-index: 9999;}.tatsu-Bk-eMW1MeZx > .tatsu-top-divider{z-index: 9999;}.tatsu-Bk-eMW1MeZx .tatsu-section-overlay{mix-blend-mode: normal;}<\/style><\/div><div id=\"ServiceAlaiar\" class=\"tatsu-SJWB8bJflZe tatsu-section  tatsu-bg-overlay   tatsu-clearfix\" data-title=\"ServiceAlaiar\"  data-headerscheme=\"background--dark\"><div class='tatsu-section-pad clearfix' data-padding='{\"d\":\"0px 0px 15px 0px\"}' data-padding-top='0px'><div class=\"tatsu-row-wrap  tatsu-wrap tatsu-row-one-col tatsu-row-has-one-cols tatsu-medium-gutter tatsu-reg-cols  tatsu-clearfix tatsu-S1lSIbkzlWg\" ><div  class=\"tatsu-row\" ><div  class=\"tatsu-column  tatsu-bg-overlay tatsu-one-col tatsu-column-image-none tatsu-column-effect-none  tatsu-BkSLZJMeWx\"  data-parallax-speed=\"0\" style=\"\"><div class=\"tatsu-column-inner\" ><div class=\"tatsu-column-pad-wrap\"><div class=\"tatsu-column-pad\" ><div  class=\"tatsu-module tatsu-text-block-wrap tatsu-Bk2Rdzcybg\"><div class=\"tatsu-text-inner tatsu-align-center  clearfix\" ><style>.tatsu-Bk2Rdzcybg.tatsu-text-block-wrap .tatsu-text-inner{width: 100%;text-align: left;}<\/style>\n<h2><span style=\"font-size: 18pt;\">Finca atmosphere and all-in-one service for a stress-free Mallorca wedding<\/span><\/h2>\n<p><span style=\"font-size: 12pt;\">Finca Alaiar has just about everything you could want for a wedding in Mallorca: stunning scenery at every corner and <strong>plenty of shaded spaces<\/strong>. A ceremony under the trees is simply a different experience than under umbrellas \u2013 not only more beautiful but also much cooler. Your guests can relax in the shade between <strong>ice cream cart, ham carving station, and market-style bar<\/strong>, while the kids run around on the big lawn in the garden. The patio brings the next wow moment at dinner \u2013 all without any over-the-top decoration. Just how I like it. The vaulted cellar with its impressive ceiling height is a brilliant party location, complete with air conditioning and a full bar.<\/span> <span style=\"font-size: 12pt;\">Believe it or not, some couples still show up here with external wedding planners \u2013 but honestly, it&#8217;s completely unnecessary. No one will know the place and its flow better than Lena and Gabriel, and bringing in outside planning usually just adds costs and confusion. (I\u2019ve even written up an example <a href=\"https:\/\/lps-photography.de\/en\/the-costs-of-a-wedding-in-mallorca-in-detail\/\">budget breakdown for a Mallorca wedding<\/a> \u2013 want to guess which venue I used as the sample?)<\/span><\/p>\n<h2><span style=\"font-size: 18pt;\">More Info &amp; Contact<\/span><\/h2>\n<ul>\n<li>\n<p><span style=\"font-size: 12pt;\"><strong>Website:<\/strong> <a class=\"decorated-link\" href=\"https:\/\/www.alaiar.com\/\" target=\"_blank\" rel=\"noopener\">www.alaiar.com<\/a><\/span><\/p>\n<\/li>\n<li>\n<p><span style=\"font-size: 12pt;\"><strong>Address:<\/strong> <a href=\"https:\/\/www.google.com\/maps\/place\/\/data=!4m2!3m1!1s0x1297c7ad00d10fed:0x154a82824cd8c1f5?sa=X&amp;ved=1t:8290&amp;ictx=111\" target=\"_blank\" rel=\"noopener\">Sencelles, Mallorca<\/a><\/span><\/p>\n<\/li>\n<li>\n<p><span style=\"font-size: 12pt;\"><strong>Instagram:<\/strong> <a class=\"decorated-link\" href=\"https:\/\/www.instagram.com\/alaiarmallorca\/\" target=\"_blank\" rel=\"noopener\">@alaiarmallorca<\/a><\/span><\/p>\n<\/li>\n<li>\n<p><span style=\"font-size: 12pt;\"><strong>Email:<\/strong> info@alaiar.com<\/span><\/p>\n<\/li>\n<li>\n<p><span style=\"font-size: 12pt;\"><strong>Phone:<\/strong> +34 600 69 04 73 (Gabriel), +34 654 24 68 58 (Lena)<\/span><\/p>\n<\/li>\n<li>\n<p><span style=\"font-size: 12pt;\"><strong>Owners:<\/strong> Lena &amp; Gabriel Hertle (feel free to say hi from me!)<\/span><\/p>\n<\/li>\n<\/ul>\n<h3><span style=\"font-size: 14pt;\">Getting there &amp; staying on-site<\/span><\/h3>\n<p><span style=\"font-size: 12pt;\">Just 25 minutes from Palma and the airport, Alaiar is centrally located in one of Mallorca\u2019s most beautiful regions. There\u2019s plenty of parking onsite, and Lena and Gabriel can even help organize shuttles for your guests. You can book the guesthouse (Finca Can Ribes) right on the property \u2013 a charming old farmhouse with a pool and 3 bedrooms. It\u2019s the perfect setup for a relaxed start into your wedding day, whether you\u2019re with family or friends. Staying the night before makes the getting ready much easier and less stressful than driving in and out.<\/span> <span style=\"font-size: 12pt;\">And it makes your ceremony just a few steps away \u2013 walk out the door and into the shade of the olive trees, where the Alaiar team will have created a magical setting. There are also plenty of other great fincas and boutique hotels nearby if you want to turn your wedding into a full holiday experience. One great option is Finca Can Grau, where you can host up to 30 people for a full wedding week.<\/span><\/p>\n<h2><span style=\"font-size: 14pt;\">Alaiar Highlights at a Glance<\/span><\/h2>\n<ul>\n<li><span style=\"font-size: 12pt;\">Authentic finca charm throughout the property creates a one-of-a-kind atmosphere and beautiful photo backdrops<\/span><\/li>\n<li><span style=\"font-size: 12pt;\">Diverse locations that surprise and delight your guests throughout the day<\/span><\/li>\n<li><span style=\"font-size: 12pt;\">Shaded ceremony and cocktail areas keep everyone cool and relaxed<\/span><\/li>\n<li><span style=\"font-size: 12pt;\">Stunning patio for your <strong>wedding dinner in a market-style setting<\/strong><\/span><\/li>\n<li><span style=\"font-size: 12pt;\">Epic vaulted cellar for the party<\/span><\/li>\n<li><span style=\"font-size: 12pt;\">Excellent service so you can truly relax and enjoy your wedding without needing external planners<\/span><\/li>\n<\/ul>\n<\/div><\/div><div  class=\"portfolio-all-wrap  oshine-gallery-module 0 tatsu-r1CztMqJWx\" ><div class=\"portfolio  full-screen  full-screen-gutter style2-gutter three-col masonry_enable\" style=\"margin-left: -10px;\"  data-action=\"get_be_gallery_with_pagination\"  data-paged=\"1\" data-enable-masonry=\"1\" data-aspect-ratio = \"1.6\" data-source='{\"source\":\"selected\",\"account_name\":\"themeforest\",\"count\":\"10\",\"col\":\"three\",\"masonry\":\"1\"}' data-gutter-width=\"10\"  data-images-array=\"25693,25692,25691,25690,25689,25688,25687,25686,25685\" data-col=\"three\" data-items-per-load=\"9\" data-hover-style=\"style1-hover\" data-image-grayscale=\"c_to_c\" data-lightbox-type=\"photoswipe\" data-image-source=\"selected\" data-image-effect=\"none\" data-thumb-overlay-color=\"rgba(255,255,255,0)\" data-grad-style-color=\"background:rgba(255,255,255,0)\" data-like-button=\"1\" data-hover-content=\"icon\" data-hover-content-color=\"\" ><div class=\"portfolio-container clickable clearfix portfolio-shortcode be-photoswipe-gallery scale\"><div class=\"element be-hoverlay not-wide no-wide-width-height style1-hover c_to_c\" style=\"margin-bottom: 10px;\"><div class=\"element-inner\" style=\"margin-left: 10px;\"><a href=\"https:\/\/lps-photography.de\/wp-content\/uploads\/2025\/11\/Hochzeitsdinner-finca-alaiar-mallorca-8.jpg\" data-size=\"1600x1067\" data-href=\"https:\/\/lps-photography.de\/wp-content\/uploads\/2025\/11\/Hochzeitsdinner-finca-alaiar-mallorca-8.jpg\" class=\"thumb-wrap\" title=\"Ein elegant gedeckter Esstisch im Freien auf der Finca Alaiar ist mit Gl\u00e4sern, Tellern, Servietten und Blumenstr\u00e4u\u00dfen mit Gr\u00fcnzeug best\u00fcckt und steht vor einer rustikalen Holzt\u00fcr, umgeben von \u00fcppigem Gartenlaub.\" data-><div class=\"flip-wrap\"><div data-aspect-ratio=\"1.5\" style = \"padding-bottom : 66.6875%;;\" class=\"flip-img-wrap none-effect\"><img decoding=\"async\" src=\"https:\/\/lps-photography.de\/wp-content\/uploads\/2025\/11\/Hochzeitsdinner-finca-alaiar-mallorca-8-650x433.jpg\" alt=\"Ein elegant gedeckter Esstisch im Freien auf der Finca Alaiar ist mit Gl\u00e4sern, Tellern, Servietten und Blumenstr\u00e4u\u00dfen mit Gr\u00fcnzeug best\u00fcckt und steht vor einer rustikalen Holzt\u00fcr, umgeben von \u00fcppigem Gartenlaub.\" data-attr=\"0\"\/><\/div><\/div><div class=\"thumb-overlay\"><div class=\"thumb-bg\" style=\"background-color:rgba(255,255,255,0);background:rgba(255,255,255,0)\"><div class=\"thumb-title-wrap display-table-cell vertical-align-middle align-center fadeIn animated\"><div class=\"thumb-title\" style=\"color:;\"><i class=\"portfolio-overlay-icon\"><\/i><\/div><\/div><\/div><\/div><\/a><\/div><\/div><div class=\"element be-hoverlay not-wide no-wide-width-height style1-hover c_to_c\" style=\"margin-bottom: 10px;\"><div class=\"element-inner\" style=\"margin-left: 10px;\"><a href=\"https:\/\/lps-photography.de\/wp-content\/uploads\/2025\/11\/Hochzeitsdinner-finca-alaiar-mallorca-1.jpg\" data-size=\"1600x1067\" data-href=\"https:\/\/lps-photography.de\/wp-content\/uploads\/2025\/11\/Hochzeitsdinner-finca-alaiar-mallorca-1.jpg\" class=\"thumb-wrap\" title=\"Ein Abendessen unter freiem Himmel auf der Finca Alaiar, bei dem die G\u00e4ste an langen Tischen unter Lichterketten in einem von B\u00e4umen und rustikalen Geb\u00e4uden umgebenen Hof sitzen. Teller, Gl\u00e4ser und Dekorationen schm\u00fccken die Tische und schaffen eine magische Alaiar-Mallorca-Atmosph\u00e4re.\" data-><div class=\"flip-wrap\"><div data-aspect-ratio=\"1.5\" style = \"padding-bottom : 66.6875%;;\" class=\"flip-img-wrap none-effect\"><img decoding=\"async\" src=\"https:\/\/lps-photography.de\/wp-content\/uploads\/2025\/11\/Hochzeitsdinner-finca-alaiar-mallorca-1-650x433.jpg\" alt=\"Ein Abendessen unter freiem Himmel auf der Finca Alaiar, bei dem die G\u00e4ste an langen Tischen unter Lichterketten in einem von B\u00e4umen und rustikalen Geb\u00e4uden umgebenen Hof sitzen. Teller, Gl\u00e4ser und Dekorationen schm\u00fccken die Tische und schaffen eine magische Alaiar-Mallorca-Atmosph\u00e4re.\" data-attr=\"0\"\/><\/div><\/div><div class=\"thumb-overlay\"><div class=\"thumb-bg\" style=\"background-color:rgba(255,255,255,0);background:rgba(255,255,255,0)\"><div class=\"thumb-title-wrap display-table-cell vertical-align-middle align-center fadeIn animated\"><div class=\"thumb-title\" style=\"color:;\"><i class=\"portfolio-overlay-icon\"><\/i><\/div><\/div><\/div><\/div><\/a><\/div><\/div><div class=\"element be-hoverlay not-wide no-wide-width-height style1-hover c_to_c\" style=\"margin-bottom: 10px;\"><div class=\"element-inner\" style=\"margin-left: 10px;\"><a href=\"https:\/\/lps-photography.de\/wp-content\/uploads\/2025\/11\/Hochzeitsdinner-finca-alaiar-mallorca-2.jpg\" data-size=\"1600x1067\" data-href=\"https:\/\/lps-photography.de\/wp-content\/uploads\/2025\/11\/Hochzeitsdinner-finca-alaiar-mallorca-2.jpg\" class=\"thumb-wrap\" title=\"Eine Gruppe von Menschen genie\u00dft ein Treffen im Freien im rustikalen, mit Lichterketten geschm\u00fcckten Hof der Finca Alaiar. Die G\u00e4ste sitzen an langen Tischen, die f\u00fcr ein Essen gedeckt sind, umgeben von Gr\u00fcn, Steinmauern und einer entspannten, festlichen Atmosph\u00e4re.\" data-><div class=\"flip-wrap\"><div data-aspect-ratio=\"1.5\" style = \"padding-bottom : 66.6875%;;\" class=\"flip-img-wrap none-effect\"><img decoding=\"async\" src=\"https:\/\/lps-photography.de\/wp-content\/uploads\/2025\/11\/Hochzeitsdinner-finca-alaiar-mallorca-2-650x433.jpg\" alt=\"Eine Gruppe von Menschen genie\u00dft ein Treffen im Freien im rustikalen, mit Lichterketten geschm\u00fcckten Hof der Finca Alaiar. Die G\u00e4ste sitzen an langen Tischen, die f\u00fcr ein Essen gedeckt sind, umgeben von Gr\u00fcn, Steinmauern und einer entspannten, festlichen Atmosph\u00e4re.\" data-attr=\"0\"\/><\/div><\/div><div class=\"thumb-overlay\"><div class=\"thumb-bg\" style=\"background-color:rgba(255,255,255,0);background:rgba(255,255,255,0)\"><div class=\"thumb-title-wrap display-table-cell vertical-align-middle align-center fadeIn animated\"><div class=\"thumb-title\" style=\"color:;\"><i class=\"portfolio-overlay-icon\"><\/i><\/div><\/div><\/div><\/div><\/a><\/div><\/div><div class=\"element be-hoverlay not-wide no-wide-width-height style1-hover c_to_c\" style=\"margin-bottom: 10px;\"><div class=\"element-inner\" style=\"margin-left: 10px;\"><a href=\"https:\/\/lps-photography.de\/wp-content\/uploads\/2025\/11\/Hochzeitsdinner-finca-alaiar-mallorca-6.jpg\" data-size=\"1600x1067\" data-href=\"https:\/\/lps-photography.de\/wp-content\/uploads\/2025\/11\/Hochzeitsdinner-finca-alaiar-mallorca-6.jpg\" class=\"thumb-wrap\" title=\"Blick durch ein Fenster mit schwarzen Scheiben, das einen rustikalen Innenhof der Finca Alaiar, gr\u00fcne B\u00e4ume und ferne Berge unter blauem Himmel zeigt. Der Fensterrahmen und die Steinmauer verleihen dieser Szene auf Alaiar Mallorca ihren Charme.\" data-><div class=\"flip-wrap\"><div data-aspect-ratio=\"1.5\" style = \"padding-bottom : 66.6875%;;\" class=\"flip-img-wrap none-effect\"><img decoding=\"async\" src=\"https:\/\/lps-photography.de\/wp-content\/uploads\/2025\/11\/Hochzeitsdinner-finca-alaiar-mallorca-6-650x433.jpg\" alt=\"Blick durch ein Fenster mit schwarzen Scheiben, das einen rustikalen Innenhof der Finca Alaiar, gr\u00fcne B\u00e4ume und ferne Berge unter blauem Himmel zeigt. Der Fensterrahmen und die Steinmauer verleihen dieser Szene auf Alaiar Mallorca ihren Charme.\" data-attr=\"0\"\/><\/div><\/div><div class=\"thumb-overlay\"><div class=\"thumb-bg\" style=\"background-color:rgba(255,255,255,0);background:rgba(255,255,255,0)\"><div class=\"thumb-title-wrap display-table-cell vertical-align-middle align-center fadeIn animated\"><div class=\"thumb-title\" style=\"color:;\"><i class=\"portfolio-overlay-icon\"><\/i><\/div><\/div><\/div><\/div><\/a><\/div><\/div><div class=\"element be-hoverlay not-wide no-wide-width-height style1-hover c_to_c\" style=\"margin-bottom: 10px;\"><div class=\"element-inner\" style=\"margin-left: 10px;\"><a href=\"https:\/\/lps-photography.de\/wp-content\/uploads\/2025\/11\/Hochzeitsdinner-finca-alaiar-mallorca-7.jpg\" data-size=\"1600x1067\" data-href=\"https:\/\/lps-photography.de\/wp-content\/uploads\/2025\/11\/Hochzeitsdinner-finca-alaiar-mallorca-7.jpg\" class=\"thumb-wrap\" title=\"Eine Person in einem hellgrauen Anzug gie\u00dft Rotwein aus einer gro\u00dfen Flasche der Finca Alaiar in ein Glas, w\u00e4hrend sie ein weiteres Glas h\u00e4lt. Der sanft verschwommene Hintergrund deutet auf eine Alaiar-Mallorca-Au\u00dfenanlage hin.\" data-><div class=\"flip-wrap\"><div data-aspect-ratio=\"1.5\" style = \"padding-bottom : 66.6875%;;\" class=\"flip-img-wrap none-effect\"><img decoding=\"async\" src=\"https:\/\/lps-photography.de\/wp-content\/uploads\/2025\/11\/Hochzeitsdinner-finca-alaiar-mallorca-7-650x433.jpg\" alt=\"Eine Person in einem hellgrauen Anzug gie\u00dft Rotwein aus einer gro\u00dfen Flasche der Finca Alaiar in ein Glas, w\u00e4hrend sie ein weiteres Glas h\u00e4lt. Der sanft verschwommene Hintergrund deutet auf eine Alaiar-Mallorca-Au\u00dfenanlage hin.\" data-attr=\"0\"\/><\/div><\/div><div class=\"thumb-overlay\"><div class=\"thumb-bg\" style=\"background-color:rgba(255,255,255,0);background:rgba(255,255,255,0)\"><div class=\"thumb-title-wrap display-table-cell vertical-align-middle align-center fadeIn animated\"><div class=\"thumb-title\" style=\"color:;\"><i class=\"portfolio-overlay-icon\"><\/i><\/div><\/div><\/div><\/div><\/a><\/div><\/div><div class=\"element be-hoverlay not-wide no-wide-width-height style1-hover c_to_c\" style=\"margin-bottom: 10px;\"><div class=\"element-inner\" style=\"margin-left: 10px;\"><a href=\"https:\/\/lps-photography.de\/wp-content\/uploads\/2025\/11\/Hochzeitsdinner-finca-alaiar-mallorca-3.jpg\" data-size=\"1600x1067\" data-href=\"https:\/\/lps-photography.de\/wp-content\/uploads\/2025\/11\/Hochzeitsdinner-finca-alaiar-mallorca-3.jpg\" class=\"thumb-wrap\" title=\"Eine Gruppe von Menschen speist gemeinsam an langen Tischen in einem rustikalen Innenhof der Finca Alaiar, der mit Lichterketten und Gr\u00fcnpflanzen geschm\u00fcckt ist und eine festliche und entspannte Atmosph\u00e4re schafft.\" data-><div class=\"flip-wrap\"><div data-aspect-ratio=\"1.5\" style = \"padding-bottom : 66.6875%;;\" class=\"flip-img-wrap none-effect\"><img decoding=\"async\" src=\"https:\/\/lps-photography.de\/wp-content\/uploads\/2025\/11\/Hochzeitsdinner-finca-alaiar-mallorca-3-650x433.jpg\" alt=\"Eine Gruppe von Menschen speist gemeinsam an langen Tischen in einem rustikalen Innenhof der Finca Alaiar, der mit Lichterketten und Gr\u00fcnpflanzen geschm\u00fcckt ist und eine festliche und entspannte Atmosph\u00e4re schafft.\" data-attr=\"0\"\/><\/div><\/div><div class=\"thumb-overlay\"><div class=\"thumb-bg\" style=\"background-color:rgba(255,255,255,0);background:rgba(255,255,255,0)\"><div class=\"thumb-title-wrap display-table-cell vertical-align-middle align-center fadeIn animated\"><div class=\"thumb-title\" style=\"color:;\"><i class=\"portfolio-overlay-icon\"><\/i><\/div><\/div><\/div><\/div><\/a><\/div><\/div><div class=\"element be-hoverlay not-wide no-wide-width-height style1-hover c_to_c\" style=\"margin-bottom: 10px;\"><div class=\"element-inner\" style=\"margin-left: 10px;\"><a href=\"https:\/\/lps-photography.de\/wp-content\/uploads\/2025\/11\/Hochzeitsdinner-finca-alaiar-mallorca-9.jpg\" data-size=\"1600x1067\" data-href=\"https:\/\/lps-photography.de\/wp-content\/uploads\/2025\/11\/Hochzeitsdinner-finca-alaiar-mallorca-9.jpg\" class=\"thumb-wrap\" title=\"Ein rustikales Steinhaus mit Ziegeldach auf der Finca Alaiar erstrahlt bei Sonnenuntergang in warmem Licht. Dahinter ziehen rosa und lila Wolken \u00fcber den Abendhimmel und schaffen eine ruhige Atmosph\u00e4re, die perfekt f\u00fcr eine Alaiar Mallorca Hochzeit ist.\" data-><div class=\"flip-wrap\"><div data-aspect-ratio=\"1.5\" style = \"padding-bottom : 66.6875%;;\" class=\"flip-img-wrap none-effect\"><img decoding=\"async\" src=\"https:\/\/lps-photography.de\/wp-content\/uploads\/2025\/11\/Hochzeitsdinner-finca-alaiar-mallorca-9-650x433.jpg\" alt=\"Ein rustikales Steinhaus mit Ziegeldach auf der Finca Alaiar erstrahlt bei Sonnenuntergang in warmem Licht. Dahinter ziehen rosa und lila Wolken \u00fcber den Abendhimmel und schaffen eine ruhige Atmosph\u00e4re, die perfekt f\u00fcr eine Alaiar Mallorca Hochzeit ist.\" data-attr=\"0\"\/><\/div><\/div><div class=\"thumb-overlay\"><div class=\"thumb-bg\" style=\"background-color:rgba(255,255,255,0);background:rgba(255,255,255,0)\"><div class=\"thumb-title-wrap display-table-cell vertical-align-middle align-center fadeIn animated\"><div class=\"thumb-title\" style=\"color:;\"><i class=\"portfolio-overlay-icon\"><\/i><\/div><\/div><\/div><\/div><\/a><\/div><\/div><div class=\"element be-hoverlay not-wide no-wide-width-height style1-hover c_to_c\" style=\"margin-bottom: 10px;\"><div class=\"element-inner\" style=\"margin-left: 10px;\"><a href=\"https:\/\/lps-photography.de\/wp-content\/uploads\/2025\/11\/Hochzeitsdinner-finca-alaiar-mallorca-5.jpg\" data-size=\"1600x1067\" data-href=\"https:\/\/lps-photography.de\/wp-content\/uploads\/2025\/11\/Hochzeitsdinner-finca-alaiar-mallorca-5.jpg\" class=\"thumb-wrap\" title=\"Auf der Finca Alaiar findet eine lebhafte Dinnerparty im Freien statt, bei der die G\u00e4ste unter Lichterketten in einem bezaubernden, von Gr\u00fcn und Steinmauern umgebenen Innenhof unter dem Nachthimmel Mallorcas speisen und sich unterhalten.\" data-><div class=\"flip-wrap\"><div data-aspect-ratio=\"1.5\" style = \"padding-bottom : 66.6875%;;\" class=\"flip-img-wrap none-effect\"><img decoding=\"async\" src=\"https:\/\/lps-photography.de\/wp-content\/uploads\/2025\/11\/Hochzeitsdinner-finca-alaiar-mallorca-5-650x433.jpg\" alt=\"Auf der Finca Alaiar findet eine lebhafte Dinnerparty im Freien statt, bei der die G\u00e4ste unter Lichterketten in einem bezaubernden, von Gr\u00fcn und Steinmauern umgebenen Innenhof unter dem Nachthimmel Mallorcas speisen und sich unterhalten.\" data-attr=\"0\"\/><\/div><\/div><div class=\"thumb-overlay\"><div class=\"thumb-bg\" style=\"background-color:rgba(255,255,255,0);background:rgba(255,255,255,0)\"><div class=\"thumb-title-wrap display-table-cell vertical-align-middle align-center fadeIn animated\"><div class=\"thumb-title\" style=\"color:;\"><i class=\"portfolio-overlay-icon\"><\/i><\/div><\/div><\/div><\/div><\/a><\/div><\/div><div class=\"element be-hoverlay not-wide no-wide-width-height style1-hover c_to_c\" style=\"margin-bottom: 10px;\"><div class=\"element-inner\" style=\"margin-left: 10px;\"><a href=\"https:\/\/lps-photography.de\/wp-content\/uploads\/2025\/11\/Hochzeitsdinner-finca-alaiar-mallorca-4.jpg\" data-size=\"1600x1067\" data-href=\"https:\/\/lps-photography.de\/wp-content\/uploads\/2025\/11\/Hochzeitsdinner-finca-alaiar-mallorca-4.jpg\" class=\"thumb-wrap\" title=\"Eine abendliche Dinnerparty im Freien unter Lichterketten auf der Finca Alaiar. Die G\u00e4ste sitzen an Tischen in einem rustikalen Innenhof, umgeben von B\u00e4umen, Pflanzen und alten Steingeb\u00e4uden. Die warme, festliche Atmosph\u00e4re f\u00e4ngt den Charme von Alaiar Mallorca ein.\" data-><div class=\"flip-wrap\"><div data-aspect-ratio=\"1.5\" style = \"padding-bottom : 66.6875%;;\" class=\"flip-img-wrap none-effect\"><img decoding=\"async\" src=\"https:\/\/lps-photography.de\/wp-content\/uploads\/2025\/11\/Hochzeitsdinner-finca-alaiar-mallorca-4-650x433.jpg\" alt=\"Eine abendliche Dinnerparty im Freien unter Lichterketten auf der Finca Alaiar. Die G\u00e4ste sitzen an Tischen in einem rustikalen Innenhof, umgeben von B\u00e4umen, Pflanzen und alten Steingeb\u00e4uden. Die warme, festliche Atmosph\u00e4re f\u00e4ngt den Charme von Alaiar Mallorca ein.\" data-attr=\"0\"\/><\/div><\/div><div class=\"thumb-overlay\"><div class=\"thumb-bg\" style=\"background-color:rgba(255,255,255,0);background:rgba(255,255,255,0)\"><div class=\"thumb-title-wrap display-table-cell vertical-align-middle align-center fadeIn animated\"><div class=\"thumb-title\" style=\"color:;\"><i class=\"portfolio-overlay-icon\"><\/i><\/div><\/div><\/div><\/div><\/a><\/div><\/div><\/div><\/div><\/div><div  class=\"tatsu-module tatsu-text-block-wrap tatsu-HJbT2xrin\"><div class=\"tatsu-text-inner tatsu-align-center  clearfix\" ><style>.tatsu-HJbT2xrin.tatsu-text-block-wrap .tatsu-text-inner{width: 100%;text-align: left;}@media only screen and (max-width: 767px) {.tatsu-HJbT2xrin.tatsu-text-block-wrap .tatsu-text-inner{width: 100%;}}<\/style>\n<h2><span style=\"font-size: 18pt;\">My Favorite Photo Moment at Alaiar<\/span><\/h2>\n<p><span style=\"font-size: 12pt;\">There are many! But the moments I hold closest are always the relaxed, happy faces throughout the day \u2014 little stories unfolding everywhere that reflect the unique feel-good atmosphere of this finca. And then, of course, the couple photos just before sunset: warm colors, a calm mood, a few easy steps through the garden or vineyard \u2014 these are the moments that require no posing and tell far more than anything staged. Add the backdrop of natural stone walls and the Tramuntana mountains\u2026 it\u2019s magic.<\/span><\/p>\n<h2><span style=\"font-size: 18pt;\">The Most Beautiful Photo Spots at Finca Alaiar<\/span><\/h2>\n<p><span style=\"font-size: 12pt;\">As a photographer, I <strong>love the light at Alaiar<\/strong> \u2014 there are few places on Mallorca that offer better conditions for truly emotional images. Especially in the late afternoon, when the sun sets behind the Tramuntana range. That\u2019s when you get photos that instantly feel Mediterranean, warm, and full of real emotion.<\/span><\/p>\n<h2><span style=\"font-size: 18pt;\"><strong>My Favorite Locations for Couple Photos:<\/strong><\/span><\/h2>\n<ul>\n<li>\n<p><span style=\"font-size: 12pt;\">In front of the guesthouses, with natural stone walls and olive trees<\/span><\/p>\n<\/li>\n<li>\n<p><span style=\"font-size: 12pt;\">In the vineyard, with wide views and golden evening light<\/span><\/p>\n<\/li>\n<li>\n<p><span style=\"font-size: 12pt;\">In the garden beneath the trees \u2014 perfect for relaxed moments right after the ceremony<\/span><\/p>\n<\/li>\n<\/ul>\n<h3><span style=\"font-size: 18pt;\">Best Light for the Ceremony in Mallorca:<\/span><\/h3>\n<p><span style=\"font-size: 12pt;\">The ceremony usually takes place <strong>under the trees in the garden in front of the guesthouses<\/strong> \u2014 a spot where all guests sit in the shade, which is both comfortable and <strong>photographically ideal<\/strong>. No harsh shadows, no sunglasses in every photo \u2014 just natural, warm images with soft light.<\/span><\/p>\n<p><span style=\"font-size: 14pt;\">Timeline recommendation (based on experience):<\/span><\/p>\n<ul>\n<li>\n<p><span style=\"font-size: 12pt;\"><strong>Ceremony start:<\/strong> around 3\u20134 pm<\/span><\/p>\n<\/li>\n<li>\n<p><span style=\"font-size: 12pt;\"><strong>Dinner:<\/strong> around 6\u20137 pm in the patio<\/span><\/p>\n<\/li>\n<li>\n<p><span style=\"font-size: 12pt;\"><strong>Party:<\/strong> afterwards in the vaulted cellar with its high ceiling and own bar \u2014 air\u2011conditioned and beautifully atmospheric<\/span><\/p>\n<\/li>\n<\/ul>\n<\/div><\/div><\/div><\/div><div class = \"tatsu-column-bg-image-wrap\"><div class = \"tatsu-column-bg-image\" ><\/div><\/div><div class=\"tatsu-overlay tatsu-column-overlay tatsu-animate-none\" ><\/div><\/div><style>.tatsu-row > .tatsu-BkSLZJMeWx.tatsu-column{width: 100%;}.tatsu-BkSLZJMeWx.tatsu-column > .tatsu-column-inner > .tatsu-column-overlay{mix-blend-mode: normal;}.tatsu-BkSLZJMeWx > .tatsu-column-inner > .tatsu-top-divider{z-index: 9999;}.tatsu-BkSLZJMeWx > .tatsu-column-inner > .tatsu-bottom-divider{z-index: 9999;}.tatsu-BkSLZJMeWx > .tatsu-column-inner > .tatsu-left-divider{z-index: 9999;}.tatsu-BkSLZJMeWx > .tatsu-column-inner > .tatsu-right-divider{z-index: 9999;}@media only screen and (max-width:1377px) {.tatsu-row > .tatsu-BkSLZJMeWx.tatsu-column{width: 100%;}}@media only screen and (min-width:768px) and (max-width: 1024px) {.tatsu-row > .tatsu-BkSLZJMeWx.tatsu-column{width: 100%;}}@media only screen and (max-width: 767px) {.tatsu-row > .tatsu-BkSLZJMeWx.tatsu-column{width: 100%;}}<\/style><\/div><\/div><\/div><\/div><div class=\"tatsu-section-background-wrap\"><div class = \"tatsu-section-background\" ><\/div><\/div><div class=\"tatsu-overlay tatsu-section-overlay\"><\/div><style>.tatsu-SJWB8bJflZe .tatsu-section-pad{padding: 0px 0px 15px 0px;}.tatsu-SJWB8bJflZe .tatsu-section-offset-wrap{transform: translateY(-0px);}.tatsu-SJWB8bJflZe > .tatsu-bottom-divider{z-index: 9999;}.tatsu-SJWB8bJflZe > .tatsu-top-divider{z-index: 9999;}.tatsu-SJWB8bJflZe .tatsu-section-overlay{mix-blend-mode: normal;}<\/style><\/div><div id=\"galerien\" class=\"tatsu-HyZti-1fe-e tatsu-section  tatsu-bg-overlay   tatsu-clearfix\" data-title=\"Galerien\"  data-headerscheme=\"background--dark\"><div class='tatsu-section-pad clearfix' data-padding='{\"d\":\"17px 0px 20px 0px\"}' data-padding-top='17px'><div class=\"tatsu-row-wrap  tatsu-wrap tatsu-row-one-col tatsu-row-has-one-cols tatsu-medium-gutter tatsu-reg-cols  tatsu-clearfix tatsu-HygKs-yGe-l\" ><div  class=\"tatsu-row\" ><div  class=\"tatsu-column  tatsu-bg-overlay tatsu-one-col tatsu-column-image-none tatsu-column-effect-none  tatsu-r1ti-JfeWe\"  data-parallax-speed=\"0\" style=\"\"><div class=\"tatsu-column-inner\" ><div class=\"tatsu-column-pad-wrap\"><div class=\"tatsu-column-pad\" ><div  class=\"special-heading-wrap style2 oshine-module align-center tatsu-BkCLDw9wex\" ><div class=\"special-heading\" ><h3 class=\"special-h-tag\" >Real weddings at Finca Alaiar<\/h3><\/div><style>.tatsu-BkCLDw9wex .special-heading{border-color: #232323; border-width: 5px;padding: 20px 30px 20px 30px;}<\/style><\/div><div  class=\"special-subtitle-wrap  tatsu-ry1mlmcJWx\"  ><div class=\"align-center\"><span class=\"special-subtitle\" >Some Highlights from real couples getting married at Finca Alaiar<\/span><\/div><style>.tatsu-ry1mlmcJWx .special-subtitle{font-size: 18px;width: 60%;}.tatsu-ry1mlmcJWx.special-subtitle-wrap{margin-bottom: 10px;}<\/style><\/div><\/div><\/div><div class = \"tatsu-column-bg-image-wrap\"><div class = \"tatsu-column-bg-image\" ><\/div><\/div><div class=\"tatsu-overlay tatsu-column-overlay tatsu-animate-none\" ><\/div><\/div><style>.tatsu-row > .tatsu-r1ti-JfeWe.tatsu-column{width: 100%;}.tatsu-r1ti-JfeWe.tatsu-column > .tatsu-column-inner > .tatsu-column-overlay{mix-blend-mode: normal;}.tatsu-r1ti-JfeWe > .tatsu-column-inner > .tatsu-top-divider{z-index: 9999;}.tatsu-r1ti-JfeWe > .tatsu-column-inner > .tatsu-bottom-divider{z-index: 9999;}.tatsu-r1ti-JfeWe > .tatsu-column-inner > .tatsu-left-divider{z-index: 9999;}.tatsu-r1ti-JfeWe > .tatsu-column-inner > .tatsu-right-divider{z-index: 9999;}@media only screen and (max-width:1377px) {.tatsu-row > .tatsu-r1ti-JfeWe.tatsu-column{width: 100%;}}@media only screen and (min-width:768px) and (max-width: 1024px) {.tatsu-row > .tatsu-r1ti-JfeWe.tatsu-column{width: 100%;}}@media only screen and (max-width: 767px) {.tatsu-row > .tatsu-r1ti-JfeWe.tatsu-column{width: 100%;}}<\/style><\/div><\/div><\/div><\/div><div class=\"tatsu-section-background-wrap\"><div class = \"tatsu-section-background\" ><\/div><\/div><div class=\"tatsu-overlay tatsu-section-overlay\"><\/div><style>.tatsu-HyZti-1fe-e .tatsu-section-pad{padding: 17px 0px 20px 0px;}.tatsu-HyZti-1fe-e .tatsu-section-offset-wrap{transform: translateY(-0px);}.tatsu-HyZti-1fe-e > .tatsu-bottom-divider{z-index: 9999;}.tatsu-HyZti-1fe-e > .tatsu-top-divider{z-index: 9999;}.tatsu-HyZti-1fe-e .tatsu-section-overlay{mix-blend-mode: normal;}<\/style><\/div><div  class=\"tatsu-r1ZV81i3Dgx tatsu-section  tatsu-bg-overlay   tatsu-clearfix\" data-title=\"\"  data-headerscheme=\"background--dark\"><div class='tatsu-section-pad clearfix' data-padding='{\"d\":\"23px 0px 16px 0px\"}' data-padding-top='23px'><div class=\"tatsu-row-wrap  tatsu-wrap tatsu-row-has-one-half tatsu-row-has-two-cols tatsu-medium-gutter tatsu-reg-cols  tatsu-clearfix tatsu-HJeVIJj2Plg\" ><div  class=\"tatsu-row\" ><div  class=\"tatsu-column  tatsu-bg-overlay tatsu-one-half tatsu-column-image-none tatsu-column-effect-none  tatsu-SkNVBonvge\"  data-parallax-speed=\"0\" style=\"\"><div class=\"tatsu-column-inner\" ><div class=\"tatsu-column-pad-wrap\"><div class=\"tatsu-column-pad\" ><div  class=\"tatsu-module tatsu-text-block-wrap tatsu-HyV_Jjnvxl\"><div class=\"tatsu-text-inner tatsu-align-center  clearfix\" ><style>.tatsu-HyV_Jjnvxl.tatsu-text-block-wrap .tatsu-text-inner{width: 100%;text-align: left;}<\/style>\n<p style=\"text-align: center;\"><a href=\"https:\/\/lps-photography.de\/gerrit-und-kelvin-finca-alaiar\/\"><span style=\"font-size: 18.6667px;\"><b>Kelvin und Gerrit auf Alaiar<\/b><\/span><\/a><\/p>\n<\/div><\/div><div  class=\"tatsu-single-image tatsu-module tatsu-rJo4Ssnwxl\" ><div class=\"tatsu-single-image-inner\" style=\"width : 1600px;\" ><div class = \"tatsu-single-image-padding-wrap\" style = \"padding-bottom : 66.6875%;\" ><\/div><a href=\"https:\/\/lps-photography.de\/gerrit-und-kelvin-finca-alaiar\/\" target=\"_blank\"><img class = \"tatsu-gradient-border\" alt = \"Zwei Br\u00e4utigame in hellen Anz\u00fcgen umarmen sich unter einem geschm\u00fcckten Bogen bei ihrer Hochzeit im Freien auf der Finca Alaiar, umgeben von jubelnden G\u00e4sten zwischen B\u00e4umen, mit einem Mann, der in der N\u00e4he neben einem Holzfass die Trauung vollzieht - aufgenommen von einem talentierten Hochzeitsfotografen Mallorca.\" title = \"Hochzeit auf Finca Alaiar Mallorca\" src = \"https:\/\/lps-photography.de\/wp-content\/uploads\/2025\/10\/Kelvin-Gerrit-Mallorca-Slides-15-websize.jpg\" \/><\/a><\/div><style>.tatsu-rJo4Ssnwxl .tatsu-single-image-inner{border-style: solid;max-width: 100%;}.tatsu-rJo4Ssnwxl.tatsu-single-image{transform: translate3d(0px,0px, 0);}<\/style><\/div><\/div><\/div><div class = \"tatsu-column-bg-image-wrap\"><div class = \"tatsu-column-bg-image\" ><\/div><\/div><div class=\"tatsu-overlay tatsu-column-overlay tatsu-animate-none\" ><\/div><\/div><style>.tatsu-row > .tatsu-SkNVBonvge.tatsu-column{width: 50%;}.tatsu-SkNVBonvge.tatsu-column > .tatsu-column-inner > .tatsu-column-overlay{mix-blend-mode: normal;}.tatsu-SkNVBonvge > .tatsu-column-inner > .tatsu-top-divider{z-index: 9999;}.tatsu-SkNVBonvge > .tatsu-column-inner > .tatsu-bottom-divider{z-index: 9999;}.tatsu-SkNVBonvge > .tatsu-column-inner > .tatsu-left-divider{z-index: 9999;}.tatsu-SkNVBonvge > .tatsu-column-inner > .tatsu-right-divider{z-index: 9999;}@media only screen and (max-width:1377px) {.tatsu-row > .tatsu-SkNVBonvge.tatsu-column{width: 50%;}}@media only screen and (min-width:768px) and (max-width: 1024px) {.tatsu-row > .tatsu-SkNVBonvge.tatsu-column{width: 50%;}}@media only screen and (max-width: 767px) {.tatsu-row > .tatsu-SkNVBonvge.tatsu-column{width: 100%;}}<\/style><\/div><div  class=\"tatsu-column  tatsu-bg-overlay tatsu-one-half tatsu-column-image-none tatsu-column-effect-none  tatsu-H1gNVHi2Pgl\"  data-parallax-speed=\"0\" style=\"\"><div class=\"tatsu-column-inner\" ><div class=\"tatsu-column-pad-wrap\"><div class=\"tatsu-column-pad\" ><div  class=\"tatsu-module tatsu-text-block-wrap tatsu-Hku4ronPll\"><div class=\"tatsu-text-inner tatsu-align-center  clearfix\" ><style>.tatsu-Hku4ronPll.tatsu-text-block-wrap .tatsu-text-inner{width: 100%;text-align: left;}<\/style>\n<p style=\"text-align: center;\"><a href=\"https:\/\/lps-photography.de\/caro-und-jan-finca-alaiar\/\"><span style=\"font-size: 18.6667px;\"><b>Caro und Jan auf Alaiar<\/b><\/span><\/a><\/p>\n<\/div><\/div><div  class=\"tatsu-single-image tatsu-module tatsu-Hyu_JshDle\" ><div class=\"tatsu-single-image-inner\" style=\"width : 1600px;\" ><div class = \"tatsu-single-image-padding-wrap\" style = \"padding-bottom : 66.6875%;\" ><\/div><a href=\"https:\/\/lps-photography.de\/caro-und-jan-finca-alaiar\/\" target=\"_blank\"><img class = \"tatsu-gradient-border\" alt = \"Ein Paar in Hochzeitskleidung l\u00e4chelt sich an einer rustikalen Steinmauer an, umgeben von B\u00e4umen und Steingeb\u00e4uden auf der Finca Alaiar - eine ideale Szene f\u00fcr jeden Hochzeitsfotografen Mallorca, um zeitlose Momente einzufangen.\" title = \"Hochzeit auf Finca Alaiar Mallorca\" src = \"https:\/\/lps-photography.de\/wp-content\/uploads\/2025\/10\/Caro-Jan-Mallorca-Hochzeit-Slides-37-websize.jpg\" \/><\/a><\/div><style>.tatsu-Hyu_JshDle .tatsu-single-image-inner{border-style: solid;max-width: 100%;}.tatsu-Hyu_JshDle.tatsu-single-image{transform: translate3d(0px,0px, 0);}<\/style><\/div><\/div><\/div><div class = \"tatsu-column-bg-image-wrap\"><div class = \"tatsu-column-bg-image\" ><\/div><\/div><div class=\"tatsu-overlay tatsu-column-overlay tatsu-animate-none\" ><\/div><\/div><style>.tatsu-row > .tatsu-H1gNVHi2Pgl.tatsu-column{width: 50%;}.tatsu-H1gNVHi2Pgl.tatsu-column > .tatsu-column-inner > .tatsu-column-overlay{mix-blend-mode: normal;}.tatsu-H1gNVHi2Pgl > .tatsu-column-inner > .tatsu-top-divider{z-index: 9999;}.tatsu-H1gNVHi2Pgl > .tatsu-column-inner > .tatsu-bottom-divider{z-index: 9999;}.tatsu-H1gNVHi2Pgl > .tatsu-column-inner > .tatsu-left-divider{z-index: 9999;}.tatsu-H1gNVHi2Pgl > .tatsu-column-inner > .tatsu-right-divider{z-index: 9999;}@media only screen and (max-width:1377px) {.tatsu-row > .tatsu-H1gNVHi2Pgl.tatsu-column{width: 50%;}}@media only screen and (min-width:768px) and (max-width: 1024px) {.tatsu-row > .tatsu-H1gNVHi2Pgl.tatsu-column{width: 50%;}}@media only screen and (max-width: 767px) {.tatsu-row > .tatsu-H1gNVHi2Pgl.tatsu-column{width: 100%;}}<\/style><\/div><\/div><\/div><\/div><div class=\"tatsu-section-background-wrap\"><div class = \"tatsu-section-background\" ><\/div><\/div><div class=\"tatsu-overlay tatsu-section-overlay\"><\/div><style>.tatsu-r1ZV81i3Dgx .tatsu-section-pad{padding: 23px 0px 16px 0px;}.tatsu-r1ZV81i3Dgx .tatsu-section-offset-wrap{transform: translateY(-0px);}.tatsu-r1ZV81i3Dgx > .tatsu-bottom-divider{z-index: 9999;}.tatsu-r1ZV81i3Dgx > .tatsu-top-divider{z-index: 9999;}.tatsu-r1ZV81i3Dgx .tatsu-section-overlay{mix-blend-mode: normal;}<\/style><\/div><div  class=\"tatsu-BJrPe4A6xx tatsu-section  tatsu-bg-overlay   tatsu-clearfix\" data-title=\"\"  data-headerscheme=\"background--dark\"><div class='tatsu-section-pad clearfix' data-padding='{\"d\":\"23px 0px 0px 0px\"}' data-padding-top='23px'><div class=\"tatsu-row-wrap  tatsu-wrap tatsu-row-has-one-half tatsu-row-has-two-cols tatsu-medium-gutter tatsu-reg-cols  tatsu-clearfix tatsu-H1xSvxVCagl\" ><div  class=\"tatsu-row\" ><div  class=\"tatsu-column  tatsu-bg-overlay tatsu-one-half tatsu-column-image-none tatsu-column-effect-none  tatsu-H1-Bvl4Rpxg\"  data-parallax-speed=\"0\" style=\"\"><div class=\"tatsu-column-inner\" ><div class=\"tatsu-column-pad-wrap\"><div class=\"tatsu-column-pad\" ><div  class=\"tatsu-module tatsu-text-block-wrap tatsu-ryzrwgVA6xx\"><div class=\"tatsu-text-inner tatsu-align-center  clearfix\" ><style>.tatsu-ryzrwgVA6xx.tatsu-text-block-wrap .tatsu-text-inner{width: 100%;text-align: left;}<\/style>\n<p style=\"text-align: center;\"><a href=\"https:\/\/lps-photography.de\/selina-und-sven-finca-alaiar\/\"><span style=\"font-size: 18.6667px;\"><b>Selina und Sven auf Alaiar<\/b><\/span><\/a><\/p>\n<\/div><\/div><div  class=\"tatsu-single-image tatsu-module tatsu-r17rvgV0Txg\" ><div class=\"tatsu-single-image-inner\" style=\"width : 1600px;\" ><div class = \"tatsu-single-image-padding-wrap\" style = \"padding-bottom : 66.6875%;\" ><\/div><a href=\"https:\/\/lps-photography.de\/selina-und-sven-finca-alaiar\/\" target=\"_blank\"><img class = \"tatsu-gradient-border\" alt = \"Eine Braut in einem wei\u00dfen, tr\u00e4gerlosen Spitzenkleid und ein Br\u00e4utigam in einem hellblauen Anzug mit einer Boutonniere sitzen l\u00e4chelnd nebeneinander bei ihrer Hochzeit auf Mallorca, mit G\u00e4sten, die hinter ihnen bei dieser sch\u00f6nen Hochzeitszeremonie im Freien sitzen.\" title = \"selina und sven: finca alaiar\" src = \"https:\/\/lps-photography.de\/wp-content\/uploads\/2025\/08\/Mallorca-Hochzeit-Alaiar-335-websize.jpg\" \/><\/a><\/div><style>.tatsu-r17rvgV0Txg .tatsu-single-image-inner{border-style: solid;max-width: 100%;}.tatsu-r17rvgV0Txg.tatsu-single-image{transform: translate3d(0px,0px, 0);}<\/style><\/div><\/div><\/div><div class = \"tatsu-column-bg-image-wrap\"><div class = \"tatsu-column-bg-image\" ><\/div><\/div><div class=\"tatsu-overlay tatsu-column-overlay tatsu-animate-none\" ><\/div><\/div><style>.tatsu-row > .tatsu-H1-Bvl4Rpxg.tatsu-column{width: 50%;}.tatsu-H1-Bvl4Rpxg.tatsu-column > .tatsu-column-inner > .tatsu-column-overlay{mix-blend-mode: normal;}.tatsu-H1-Bvl4Rpxg > .tatsu-column-inner > .tatsu-top-divider{z-index: 9999;}.tatsu-H1-Bvl4Rpxg > .tatsu-column-inner > .tatsu-bottom-divider{z-index: 9999;}.tatsu-H1-Bvl4Rpxg > .tatsu-column-inner > .tatsu-left-divider{z-index: 9999;}.tatsu-H1-Bvl4Rpxg > .tatsu-column-inner > .tatsu-right-divider{z-index: 9999;}@media only screen and (max-width:1377px) {.tatsu-row > .tatsu-H1-Bvl4Rpxg.tatsu-column{width: 50%;}}@media only screen and (min-width:768px) and (max-width: 1024px) {.tatsu-row > .tatsu-H1-Bvl4Rpxg.tatsu-column{width: 50%;}}@media only screen and (max-width: 767px) {.tatsu-row > .tatsu-H1-Bvl4Rpxg.tatsu-column{width: 100%;}}<\/style><\/div><div  class=\"tatsu-column  tatsu-bg-overlay tatsu-one-half tatsu-column-image-none tatsu-column-effect-none  tatsu-SkVHveVAall\"  data-parallax-speed=\"0\" style=\"\"><div class=\"tatsu-column-inner\" ><div class=\"tatsu-column-pad-wrap\"><div class=\"tatsu-column-pad\" ><div  class=\"tatsu-module tatsu-text-block-wrap tatsu-r1BrweVRplg\"><div class=\"tatsu-text-inner tatsu-align-center  clearfix\" ><style>.tatsu-r1BrweVRplg.tatsu-text-block-wrap .tatsu-text-inner{width: 100%;text-align: left;}<\/style>\n<p style=\"text-align: center;\"><a href=\"https:\/\/lps-photography.de\/katja-und-benni-finca-alaiar\/\"><span style=\"font-size: 18.6667px;\"><b>Katja und Benni auf Alaiar<\/b><\/span><\/a><\/p>\n<\/div><\/div><div  class=\"tatsu-single-image tatsu-module tatsu-HJLBPlNR6gg\" ><div class=\"tatsu-single-image-inner\" style=\"width : 1600px;\" ><div class = \"tatsu-single-image-padding-wrap\" style = \"padding-bottom : 66.6875%;\" ><\/div><a href=\"https:\/\/lps-photography.de\/katja-und-benni-finca-alaiar\/\" target=\"_blank\"><img class = \"tatsu-gradient-border\" alt = \"Ein fr\u00f6hliches Brautpaar geht w\u00e4hrend ihrer Hochzeit auf Mallorca Hand in Hand im Freien spazieren, w\u00e4hrend die G\u00e4ste Konfetti werfen, um ihre Hochzeit zu feiern. Die Braut h\u00e4lt einen Blumenstrau\u00df in der Hand und l\u00e4chelt breit; der Br\u00e4utigam im blauen Anzug hebt aufgeregt seine Hand inmitten des \u00fcppigen Gr\u00fcns.\" title = \"katja und benni: finca alaiar\" src = \"https:\/\/lps-photography.de\/wp-content\/uploads\/2025\/08\/Mallorca-Hochzeit-Alaiar-568-websize.jpg\" \/><\/a><\/div><style>.tatsu-HJLBPlNR6gg .tatsu-single-image-inner{border-style: solid;max-width: 100%;}.tatsu-HJLBPlNR6gg.tatsu-single-image{transform: translate3d(0px,0px, 0);}<\/style><\/div><\/div><\/div><div class = \"tatsu-column-bg-image-wrap\"><div class = \"tatsu-column-bg-image\" ><\/div><\/div><div class=\"tatsu-overlay tatsu-column-overlay tatsu-animate-none\" ><\/div><\/div><style>.tatsu-row > .tatsu-SkVHveVAall.tatsu-column{width: 50%;}.tatsu-SkVHveVAall.tatsu-column > .tatsu-column-inner > .tatsu-column-overlay{mix-blend-mode: normal;}.tatsu-SkVHveVAall > .tatsu-column-inner > .tatsu-top-divider{z-index: 9999;}.tatsu-SkVHveVAall > .tatsu-column-inner > .tatsu-bottom-divider{z-index: 9999;}.tatsu-SkVHveVAall > .tatsu-column-inner > .tatsu-left-divider{z-index: 9999;}.tatsu-SkVHveVAall > .tatsu-column-inner > .tatsu-right-divider{z-index: 9999;}@media only screen and (max-width:1377px) {.tatsu-row > .tatsu-SkVHveVAall.tatsu-column{width: 50%;}}@media only screen and (min-width:768px) and (max-width: 1024px) {.tatsu-row > .tatsu-SkVHveVAall.tatsu-column{width: 50%;}}@media only screen and (max-width: 767px) {.tatsu-row > .tatsu-SkVHveVAall.tatsu-column{width: 100%;}}<\/style><\/div><\/div><\/div><\/div><div class=\"tatsu-section-background-wrap\"><div class = \"tatsu-section-background\" ><\/div><\/div><div class=\"tatsu-overlay tatsu-section-overlay\"><\/div><style>.tatsu-BJrPe4A6xx .tatsu-section-pad{padding: 23px 0px 0px 0px;}.tatsu-BJrPe4A6xx .tatsu-section-offset-wrap{transform: translateY(-0px);}.tatsu-BJrPe4A6xx > .tatsu-bottom-divider{z-index: 9999;}.tatsu-BJrPe4A6xx > .tatsu-top-divider{z-index: 9999;}.tatsu-BJrPe4A6xx .tatsu-section-overlay{mix-blend-mode: normal;}<\/style><\/div><div  class=\"tatsu-B1lLX4Caxe tatsu-section  tatsu-bg-overlay   tatsu-clearfix\" data-title=\"\"  data-headerscheme=\"background--dark\"><div class='tatsu-section-pad clearfix' data-padding='{\"d\":\"23px 0px 0px 0px\"}' data-padding-top='23px'><div class=\"tatsu-row-wrap  tatsu-wrap tatsu-row-has-one-half tatsu-row-has-two-cols tatsu-medium-gutter tatsu-reg-cols  tatsu-clearfix tatsu-H1eeLQ40pge\" ><div  class=\"tatsu-row\" ><div  class=\"tatsu-column  tatsu-bg-overlay tatsu-one-half tatsu-column-image-none tatsu-column-effect-none  tatsu-B1ZeL7NCagg\"  data-parallax-speed=\"0\" style=\"\"><div class=\"tatsu-column-inner\" ><div class=\"tatsu-column-pad-wrap\"><div class=\"tatsu-column-pad\" ><div  class=\"tatsu-module tatsu-text-block-wrap tatsu-BkMLWGN_5ge\"><div class=\"tatsu-text-inner tatsu-align-center  clearfix\" ><style>.tatsu-BkMLWGN_5ge.tatsu-text-block-wrap .tatsu-text-inner{width: 100%;text-align: left;}<\/style>\n<p style=\"text-align: center;\"><a href=\"https:\/\/lps-photography.de\/viktoria-und-sascha-finca-alaiar\/\"><span style=\"font-size: 18.6667px;\"><b>Vicky und Sascha auf Alaiar<\/b><\/span><\/a><\/p>\n<\/div><\/div><div  class=\"tatsu-single-image tatsu-module tatsu-ryQ8bf4u5xe\" ><div class=\"tatsu-single-image-inner\" style=\"width : 1600px;\" ><div class = \"tatsu-single-image-padding-wrap\" style = \"padding-bottom : 66.6875%;\" ><\/div><a href=\"https:\/\/lps-photography.de\/viktoria-und-sascha-finca-alaiar\/\" target=\"_blank\"><img class = \"tatsu-gradient-border\" alt = \"viktoria und sascha auf Finca Alaiar\" title = \"viktoria und sascha auf Finca Alaiar\" src = \"https:\/\/lps-photography.de\/wp-content\/uploads\/2025\/09\/Vicky-Sascha-Hochzeit-Mallorca-20-websize.jpg\" \/><\/a><\/div><style>.tatsu-ryQ8bf4u5xe .tatsu-single-image-inner{border-style: solid;max-width: 100%;}.tatsu-ryQ8bf4u5xe.tatsu-single-image{transform: translate3d(0px,0px, 0);}<\/style><\/div><\/div><\/div><div class = \"tatsu-column-bg-image-wrap\"><div class = \"tatsu-column-bg-image\" ><\/div><\/div><div class=\"tatsu-overlay tatsu-column-overlay tatsu-animate-none\" ><\/div><\/div><style>.tatsu-row > .tatsu-B1ZeL7NCagg.tatsu-column{width: 50%;}.tatsu-B1ZeL7NCagg.tatsu-column > .tatsu-column-inner > .tatsu-column-overlay{mix-blend-mode: normal;}.tatsu-B1ZeL7NCagg > .tatsu-column-inner > .tatsu-top-divider{z-index: 9999;}.tatsu-B1ZeL7NCagg > .tatsu-column-inner > .tatsu-bottom-divider{z-index: 9999;}.tatsu-B1ZeL7NCagg > .tatsu-column-inner > .tatsu-left-divider{z-index: 9999;}.tatsu-B1ZeL7NCagg > .tatsu-column-inner > .tatsu-right-divider{z-index: 9999;}@media only screen and (max-width:1377px) {.tatsu-row > .tatsu-B1ZeL7NCagg.tatsu-column{width: 50%;}}@media only screen and (min-width:768px) and (max-width: 1024px) {.tatsu-row > .tatsu-B1ZeL7NCagg.tatsu-column{width: 50%;}}@media only screen and (max-width: 767px) {.tatsu-row > .tatsu-B1ZeL7NCagg.tatsu-column{width: 100%;}}<\/style><\/div><div  class=\"tatsu-column  tatsu-bg-overlay tatsu-one-half tatsu-column-image-none tatsu-column-effect-none  tatsu-HyVlImE0pxx\"  data-parallax-speed=\"0\" style=\"\"><div class=\"tatsu-column-inner\" ><div class=\"tatsu-column-pad-wrap\"><div class=\"tatsu-column-pad\" ><div  class=\"tatsu-module tatsu-text-block-wrap tatsu-ByHIWMEd9gl\"><div class=\"tatsu-text-inner tatsu-align-center  clearfix\" ><style>.tatsu-ByHIWMEd9gl.tatsu-text-block-wrap .tatsu-text-inner{width: 100%;text-align: left;}<\/style>\n<p style=\"text-align: center;\"><a href=\"https:\/\/lps-photography.de\/maria-und-hendrik-finca-alaiar\/\"><span style=\"font-size: 18.6667px;\"><b>Maria und Hendrik auf Alaiar<\/b><\/span><\/a><\/p>\n<\/div><\/div><div  class=\"tatsu-single-image tatsu-module tatsu-BkYOQN0aee\" ><div class=\"tatsu-single-image-inner\" style=\"width : 1600px;\" ><div class = \"tatsu-single-image-padding-wrap\" style = \"padding-bottom : 66.6875%;\" ><\/div><a href=\"https:\/\/lps-photography.de\/maria-und-hendrik-finca-alaiar\/\" target=\"_blank\"><img class = \"tatsu-gradient-border\" alt = \"Eine l\u00e4chelnde Braut und ein l\u00e4chelnder Br\u00e4utigam schreiten einen Gang im Freien auf der Finca Alaiar hinunter, umgeben von G\u00e4sten mit wei\u00dfen Luftballons und Pampasgras unter einem Baldachin von B\u00e4umen, wundersch\u00f6n eingefangen von einem Hochzeitsfotograf Mallorca.\" title = \"Hochzeit auf Finca Alaiar Mallorca\" src = \"https:\/\/lps-photography.de\/wp-content\/uploads\/2025\/10\/Hochzeit-Maria-Hendrik-340.jpg\" \/><\/a><\/div><style>.tatsu-BkYOQN0aee .tatsu-single-image-inner{border-style: solid;max-width: 100%;}.tatsu-BkYOQN0aee.tatsu-single-image{transform: translate3d(0px,0px, 0);}<\/style><\/div><\/div><\/div><div class = \"tatsu-column-bg-image-wrap\"><div class = \"tatsu-column-bg-image\" ><\/div><\/div><div class=\"tatsu-overlay tatsu-column-overlay tatsu-animate-none\" ><\/div><\/div><style>.tatsu-row > .tatsu-HyVlImE0pxx.tatsu-column{width: 50%;}.tatsu-HyVlImE0pxx.tatsu-column > .tatsu-column-inner > .tatsu-column-overlay{mix-blend-mode: normal;}.tatsu-HyVlImE0pxx > .tatsu-column-inner > .tatsu-top-divider{z-index: 9999;}.tatsu-HyVlImE0pxx > .tatsu-column-inner > .tatsu-bottom-divider{z-index: 9999;}.tatsu-HyVlImE0pxx > .tatsu-column-inner > .tatsu-left-divider{z-index: 9999;}.tatsu-HyVlImE0pxx > .tatsu-column-inner > .tatsu-right-divider{z-index: 9999;}@media only screen and (max-width:1377px) {.tatsu-row > .tatsu-HyVlImE0pxx.tatsu-column{width: 50%;}}@media only screen and (min-width:768px) and (max-width: 1024px) {.tatsu-row > .tatsu-HyVlImE0pxx.tatsu-column{width: 50%;}}@media only screen and (max-width: 767px) {.tatsu-row > .tatsu-HyVlImE0pxx.tatsu-column{width: 100%;}}<\/style><\/div><\/div><\/div><\/div><div class=\"tatsu-section-background-wrap\"><div class = \"tatsu-section-background\" ><\/div><\/div><div class=\"tatsu-overlay tatsu-section-overlay\"><\/div><style>.tatsu-B1lLX4Caxe .tatsu-section-pad{padding: 23px 0px 0px 0px;}.tatsu-B1lLX4Caxe .tatsu-section-offset-wrap{transform: translateY(-0px);}.tatsu-B1lLX4Caxe > .tatsu-bottom-divider{z-index: 9999;}.tatsu-B1lLX4Caxe > .tatsu-top-divider{z-index: 9999;}.tatsu-B1lLX4Caxe .tatsu-section-overlay{mix-blend-mode: normal;}<\/style><\/div><div  class=\"tatsu-rJb0WHshPge tatsu-section  tatsu-bg-overlay   tatsu-clearfix\" data-title=\"\"  data-headerscheme=\"background--dark\"><div class='tatsu-section-pad clearfix' data-padding='{\"d\":\"9px 0px 14px 0px\"}' data-padding-top='9px'><div class=\"tatsu-row-wrap  tatsu-wrap tatsu-row-has-one-half tatsu-row-has-two-cols tatsu-medium-gutter tatsu-reg-cols  tatsu-clearfix tatsu-S1x0ZrohDeg\" ><div  class=\"tatsu-row\" ><div  class=\"tatsu-column  tatsu-bg-overlay tatsu-one-half tatsu-column-image-none tatsu-column-effect-none  tatsu-B1yMrsnDge\"  data-parallax-speed=\"0\" style=\"\"><div class=\"tatsu-column-inner\" ><div class=\"tatsu-column-pad-wrap\"><div class=\"tatsu-column-pad\" ><div  class=\"tatsu-module tatsu-text-block-wrap tatsu-HkirwzIDle\"><div class=\"tatsu-text-inner tatsu-align-center  clearfix\" ><style>.tatsu-HkirwzIDle.tatsu-text-block-wrap .tatsu-text-inner{width: 100%;text-align: left;}<\/style>\n<p style=\"text-align: center;\"><a href=\"https:\/\/lps-photography.de\/conny-und-marcel-finca-alaiar\/\"><strong><span style=\"font-size: 14pt;\">Conny und Marcel auf Alaiar<\/span><\/strong><\/a><\/p>\n<\/div><\/div><div  class=\"tatsu-single-image tatsu-module tatsu-HJQ8DMIDll\" ><div class=\"tatsu-single-image-inner\" style=\"width : 1600px;\" ><div class = \"tatsu-single-image-padding-wrap\" style = \"padding-bottom : 66.6875%;\" ><\/div><a href=\"https:\/\/lps-photography.de\/conny-und-marcel-finca-alaiar\/\" target=\"_blank\"><img class = \"tatsu-gradient-border\" alt = \"Eine Braut und ein Br\u00e4utigam, gekleidet in ein wei\u00dfes Hochzeitskleid und einen hellbeigen Anzug, halten sich an den H\u00e4nden und l\u00e4cheln, w\u00e4hrend sie drau\u00dfen auf einem grasbewachsenen Rasen mit B\u00e4umen und Bergen im Hintergrund spazieren gehen - die perfekte Inspiration f\u00fcr eine Hochzeit auf Mallorca.\" title = \"conny und marcel: finca alaiar\" src = \"https:\/\/lps-photography.de\/wp-content\/uploads\/2025\/07\/Conny-Marcel-Hochzeit-Mallorca-643-websize.jpg\" \/><\/a><\/div><style>.tatsu-HJQ8DMIDll .tatsu-single-image-inner{border-style: solid;max-width: 100%;}.tatsu-HJQ8DMIDll.tatsu-single-image{transform: translate3d(0px,0px, 0);}<\/style><\/div><\/div><\/div><div class = \"tatsu-column-bg-image-wrap\"><div class = \"tatsu-column-bg-image\" ><\/div><\/div><div class=\"tatsu-overlay tatsu-column-overlay tatsu-animate-none\" ><\/div><\/div><style>.tatsu-row > .tatsu-B1yMrsnDge.tatsu-column{width: 50%;}.tatsu-B1yMrsnDge.tatsu-column > .tatsu-column-inner > .tatsu-column-overlay{mix-blend-mode: normal;}.tatsu-B1yMrsnDge > .tatsu-column-inner > .tatsu-top-divider{z-index: 9999;}.tatsu-B1yMrsnDge > .tatsu-column-inner > .tatsu-bottom-divider{z-index: 9999;}.tatsu-B1yMrsnDge > .tatsu-column-inner > .tatsu-left-divider{z-index: 9999;}.tatsu-B1yMrsnDge > .tatsu-column-inner > .tatsu-right-divider{z-index: 9999;}@media only screen and (max-width:1377px) {.tatsu-row > .tatsu-B1yMrsnDge.tatsu-column{width: 50%;}}@media only screen and (min-width:768px) and (max-width: 1024px) {.tatsu-row > .tatsu-B1yMrsnDge.tatsu-column{width: 50%;}}@media only screen and (max-width: 767px) {.tatsu-row > .tatsu-B1yMrsnDge.tatsu-column{width: 100%;}}<\/style><\/div><div  class=\"tatsu-column  tatsu-bg-overlay tatsu-one-half tatsu-column-image-none tatsu-column-effect-none  tatsu-rkxyMSi2wxg\"  data-parallax-speed=\"0\" style=\"\"><div class=\"tatsu-column-inner\" ><div class=\"tatsu-column-pad-wrap\"><div class=\"tatsu-column-pad\" ><div  class=\"tatsu-module tatsu-text-block-wrap tatsu-r1iGPGLDll\"><div class=\"tatsu-text-inner tatsu-align-center  clearfix\" ><style>.tatsu-r1iGPGLDll.tatsu-text-block-wrap .tatsu-text-inner{width: 100%;text-align: left;}<\/style>\n<p style=\"text-align: center;\"><a href=\"https:\/\/lps-photography.de\/katharina-und-joshua-finca-alaiar\/\"><strong><span style=\"font-size: 14pt;\">Katharina und Joshua auf Alaiar<\/span><\/strong><\/a><\/p>\n<\/div><\/div><div  class=\"tatsu-single-image tatsu-module tatsu-SyAXDMIDex\" ><div class=\"tatsu-single-image-inner\" style=\"width : 1600px;\" ><div class = \"tatsu-single-image-padding-wrap\" style = \"padding-bottom : 66.6875%;\" ><\/div><a href=\"https:\/\/lps-photography.de\/katharina-und-joshua-finca-alaiar\/\" target=\"_blank\"><img class = \"tatsu-gradient-border\" alt = \"Eine Braut und ein Br\u00e4utigam stehen l\u00e4chelnd zusammen im Freien neben hohen B\u00fcschen, die mit wei\u00dfen Blumen bedeckt sind. Elegant gekleidet f\u00fcr ihre Hochzeit auf Mallorca, sehen sie strahlend aus - perfekt eingefangen von einem talentierten Hochzeitsfotografen Mallorca.\" title = \"katharina und joshua: finca alaiar\" src = \"https:\/\/lps-photography.de\/wp-content\/uploads\/2025\/07\/Kathi-Josh-Mallorca-Hochzeit-couple-143-websize.jpg\" \/><\/a><\/div><style>.tatsu-SyAXDMIDex .tatsu-single-image-inner{border-style: solid;max-width: 100%;}.tatsu-SyAXDMIDex.tatsu-single-image{transform: translate3d(0px,0px, 0);}<\/style><\/div><\/div><\/div><div class = \"tatsu-column-bg-image-wrap\"><div class = \"tatsu-column-bg-image\" ><\/div><\/div><div class=\"tatsu-overlay tatsu-column-overlay tatsu-animate-none\" ><\/div><\/div><style>.tatsu-row > .tatsu-rkxyMSi2wxg.tatsu-column{width: 50%;}.tatsu-rkxyMSi2wxg.tatsu-column > .tatsu-column-inner > .tatsu-column-overlay{mix-blend-mode: normal;}.tatsu-rkxyMSi2wxg > .tatsu-column-inner > .tatsu-top-divider{z-index: 9999;}.tatsu-rkxyMSi2wxg > .tatsu-column-inner > .tatsu-bottom-divider{z-index: 9999;}.tatsu-rkxyMSi2wxg > .tatsu-column-inner > .tatsu-left-divider{z-index: 9999;}.tatsu-rkxyMSi2wxg > .tatsu-column-inner > .tatsu-right-divider{z-index: 9999;}@media only screen and (max-width:1377px) {.tatsu-row > .tatsu-rkxyMSi2wxg.tatsu-column{width: 50%;}}@media only screen and (min-width:768px) and (max-width: 1024px) {.tatsu-row > .tatsu-rkxyMSi2wxg.tatsu-column{width: 50%;}}@media only screen and (max-width: 767px) {.tatsu-row > .tatsu-rkxyMSi2wxg.tatsu-column{width: 100%;}}<\/style><\/div><\/div><\/div><\/div><div class=\"tatsu-section-background-wrap\"><div class = \"tatsu-section-background\" ><\/div><\/div><div class=\"tatsu-overlay tatsu-section-overlay\"><\/div><style>.tatsu-rJb0WHshPge .tatsu-section-pad{padding: 9px 0px 14px 0px;}.tatsu-rJb0WHshPge .tatsu-section-offset-wrap{transform: translateY(-0px);}.tatsu-rJb0WHshPge > .tatsu-bottom-divider{z-index: 9999;}.tatsu-rJb0WHshPge > .tatsu-top-divider{z-index: 9999;}.tatsu-rJb0WHshPge .tatsu-section-overlay{mix-blend-mode: normal;}<\/style><\/div><div id=\"videos\" class=\"tatsu-ByWUvEz5Jbg tatsu-section  tatsu-bg-overlay   tatsu-clearfix\" data-title=\"Videos\"  data-headerscheme=\"background--dark\"><div class='tatsu-section-pad clearfix' data-padding='{\"d\":\"23px 0px 23px 0px\"}' data-padding-top='23px'><div class=\"tatsu-row-wrap  tatsu-wrap tatsu-row-one-col tatsu-row-has-one-cols tatsu-medium-gutter tatsu-reg-cols  tatsu-clearfix tatsu-rygIP4G9JZg\" ><div  class=\"tatsu-row\" ><div  class=\"tatsu-column  tatsu-bg-overlay tatsu-one-col tatsu-column-image-none tatsu-column-effect-none  tatsu-rJIP4f9yZl\"  data-parallax-speed=\"0\" style=\"\"><div class=\"tatsu-column-inner\" ><div class=\"tatsu-column-pad-wrap\"><div class=\"tatsu-column-pad\" ><div  class=\"tatsu-shortcode-module tatsu-module tatsu-B1Q2NGcJWx\"  >\n<p><script src='https:\/\/embedding.pic-time.com\/pictures\/scripts\/compiled\/artgalleryembed.js'><\/script><iframe id=\"pictimeIntegration\" class=\"PTslideshow459415 PTIntegratedFrame\" style=\"width: 100%; height: 100%;\" src=\"https:\/\/galerie.lps-photography.de\/-viktoriaundsascha\/featuredvideo\/459415?videoview=AAAAAMwAAAAHmY4IzhdgQ3pot8B5bsgG-YxtHgrVQCrGp3icoNs,&#038;transparentbg=true\" frameborder=\"0\" allowfullscreen=\"allowfullscreen\"><\/iframe><\/p>\n<\/div><\/div><\/div><div class = \"tatsu-column-bg-image-wrap\"><div class = \"tatsu-column-bg-image\" ><\/div><\/div><div class=\"tatsu-overlay tatsu-column-overlay tatsu-animate-none\" ><\/div><\/div><style>.tatsu-row > .tatsu-rJIP4f9yZl.tatsu-column{width: 100%;}.tatsu-rJIP4f9yZl.tatsu-column > .tatsu-column-inner > .tatsu-column-overlay{mix-blend-mode: normal;}.tatsu-rJIP4f9yZl > .tatsu-column-inner > .tatsu-top-divider{z-index: 9999;}.tatsu-rJIP4f9yZl > .tatsu-column-inner > .tatsu-bottom-divider{z-index: 9999;}.tatsu-rJIP4f9yZl > .tatsu-column-inner > .tatsu-left-divider{z-index: 9999;}.tatsu-rJIP4f9yZl > .tatsu-column-inner > .tatsu-right-divider{z-index: 9999;}@media only screen and (max-width:1377px) {.tatsu-row > .tatsu-rJIP4f9yZl.tatsu-column{width: 100%;}}@media only screen and (min-width:768px) and (max-width: 1024px) {.tatsu-row > .tatsu-rJIP4f9yZl.tatsu-column{width: 100%;}}@media only screen and (max-width: 767px) {.tatsu-row > .tatsu-rJIP4f9yZl.tatsu-column{width: 100%;}}<\/style><\/div><\/div><\/div><\/div><div class=\"tatsu-section-background-wrap\"><div class = \"tatsu-section-background\" ><\/div><\/div><div class=\"tatsu-overlay tatsu-section-overlay\"><\/div><style>.tatsu-ByWUvEz5Jbg .tatsu-section-pad{padding: 23px 0px 23px 0px;}.tatsu-ByWUvEz5Jbg .tatsu-section-offset-wrap{transform: translateY(-0px);}.tatsu-ByWUvEz5Jbg > .tatsu-bottom-divider{z-index: 9999;}.tatsu-ByWUvEz5Jbg > .tatsu-top-divider{z-index: 9999;}.tatsu-ByWUvEz5Jbg .tatsu-section-overlay{mix-blend-mode: normal;}<\/style><\/div><div  class=\"tatsu-Sy-SNudnuS tatsu-section    tatsu-clearfix\" data-title=\"\"  data-headerscheme=\"background--dark\"><div class='tatsu-section-pad clearfix' data-padding='{\"d\":\"2px 0px 8px 0px\"}' data-padding-top='2px'><div class=\"tatsu-row-wrap  tatsu-wrap tatsu-row-has-three-cols tatsu-medium-gutter tatsu-reg-cols  tatsu-clearfix tatsu-HJgwQA6ttye\" ><div  class=\"tatsu-row\" ><div  class=\"tatsu-column  tatsu-bg-overlay tatsu-column-empty tatsu-one-third tatsu-column-image-none tatsu-column-effect-none  tatsu-Hk57C6FYyl\"  data-parallax-speed=\"0\" style=\"\"><div class=\"tatsu-column-inner\" ><div class=\"tatsu-column-pad-wrap\"><div class=\"tatsu-column-pad\" ><\/div><\/div><div class = \"tatsu-column-bg-image-wrap\"><div class = \"tatsu-column-bg-image\" ><\/div><\/div><div class=\"tatsu-overlay tatsu-column-overlay tatsu-animate-none\" ><\/div><\/div><style>.tatsu-row > .tatsu-Hk57C6FYyl.tatsu-column{width: 33.33%;}.tatsu-Hk57C6FYyl.tatsu-column > .tatsu-column-inner > .tatsu-column-overlay{mix-blend-mode: normal;}.tatsu-Hk57C6FYyl > .tatsu-column-inner > .tatsu-top-divider{z-index: 9999;}.tatsu-Hk57C6FYyl > .tatsu-column-inner > .tatsu-bottom-divider{z-index: 9999;}.tatsu-Hk57C6FYyl > .tatsu-column-inner > .tatsu-left-divider{z-index: 9999;}.tatsu-Hk57C6FYyl > .tatsu-column-inner > .tatsu-right-divider{z-index: 9999;}@media only screen and (max-width:1377px) {.tatsu-row > .tatsu-Hk57C6FYyl.tatsu-column{width: 33.33%;}}@media only screen and (min-width:768px) and (max-width: 1024px) {.tatsu-row > .tatsu-Hk57C6FYyl.tatsu-column{width: 33.33%;}}@media only screen and (max-width: 767px) {.tatsu-row > .tatsu-Hk57C6FYyl.tatsu-column{width: 100%;}}<\/style><\/div><div  class=\"tatsu-column  tatsu-bg-overlay tatsu-one-third tatsu-column-image-none tatsu-column-effect-none  tatsu-ryec70aYKkl\"  data-parallax-speed=\"0\" style=\"\"><div class=\"tatsu-column-inner\" ><div class=\"tatsu-column-pad-wrap\"><div class=\"tatsu-column-pad\" ><div id = \"\" class=\"tatsu-code tatsu-module tatsu-B18E0TtYke\"  ><iframe width=\"499\" height=\"887\" src=\"https:\/\/www.youtube.com\/embed\/bJNr5fUbQhI\" title=\"Hochzeit auf Finca Alaiar auf Mallorca\" frameborder=\"0\" allow=\"accelerometer; autoplay; clipboard-write; encrypted-media; gyroscope; picture-in-picture; web-share\" referrerpolicy=\"strict-origin-when-cross-origin\" allowfullscreen><\/iframe><\/div><\/div><\/div><div class = \"tatsu-column-bg-image-wrap\"><div class = \"tatsu-column-bg-image\" ><\/div><\/div><div class=\"tatsu-overlay tatsu-column-overlay tatsu-animate-none\" ><\/div><\/div><style>.tatsu-row > .tatsu-ryec70aYKkl.tatsu-column{width: 33.33%;}.tatsu-ryec70aYKkl.tatsu-column > .tatsu-column-inner > .tatsu-column-overlay{mix-blend-mode: normal;}.tatsu-ryec70aYKkl > .tatsu-column-inner > .tatsu-top-divider{z-index: 9999;}.tatsu-ryec70aYKkl > .tatsu-column-inner > .tatsu-bottom-divider{z-index: 9999;}.tatsu-ryec70aYKkl > .tatsu-column-inner > .tatsu-left-divider{z-index: 9999;}.tatsu-ryec70aYKkl > .tatsu-column-inner > .tatsu-right-divider{z-index: 9999;}@media only screen and (max-width:1377px) {.tatsu-row > .tatsu-ryec70aYKkl.tatsu-column{width: 33.33%;}}@media only screen and (min-width:768px) and (max-width: 1024px) {.tatsu-row > .tatsu-ryec70aYKkl.tatsu-column{width: 33.33%;}}@media only screen and (max-width: 767px) {.tatsu-row > .tatsu-ryec70aYKkl.tatsu-column{width: 100%;}}<\/style><\/div><div  class=\"tatsu-column  tatsu-bg-overlay tatsu-column-empty tatsu-one-third tatsu-column-image-none tatsu-column-effect-none  tatsu-Sy-5XAptYkl\"  data-parallax-speed=\"0\" style=\"\"><div class=\"tatsu-column-inner\" ><div class=\"tatsu-column-pad-wrap\"><div class=\"tatsu-column-pad\" ><\/div><\/div><div class = \"tatsu-column-bg-image-wrap\"><div class = \"tatsu-column-bg-image\" ><\/div><\/div><div class=\"tatsu-overlay tatsu-column-overlay tatsu-animate-none\" ><\/div><\/div><style>.tatsu-row > .tatsu-Sy-5XAptYkl.tatsu-column{width: 33.33%;}.tatsu-Sy-5XAptYkl.tatsu-column > .tatsu-column-inner > .tatsu-column-overlay{mix-blend-mode: normal;}.tatsu-Sy-5XAptYkl > .tatsu-column-inner > .tatsu-top-divider{z-index: 9999;}.tatsu-Sy-5XAptYkl > .tatsu-column-inner > .tatsu-bottom-divider{z-index: 9999;}.tatsu-Sy-5XAptYkl > .tatsu-column-inner > .tatsu-left-divider{z-index: 9999;}.tatsu-Sy-5XAptYkl > .tatsu-column-inner > .tatsu-right-divider{z-index: 9999;}@media only screen and (max-width:1377px) {.tatsu-row > .tatsu-Sy-5XAptYkl.tatsu-column{width: 33.33%;}}@media only screen and (min-width:768px) and (max-width: 1024px) {.tatsu-row > .tatsu-Sy-5XAptYkl.tatsu-column{width: 33.33%;}}@media only screen and (max-width: 767px) {.tatsu-row > .tatsu-Sy-5XAptYkl.tatsu-column{width: 100%;}}<\/style><\/div><\/div><\/div><div class=\"tatsu-row-wrap  tatsu-wrap tatsu-row-one-col tatsu-row-has-one-cols tatsu-medium-gutter tatsu-reg-cols  tatsu-clearfix tatsu-SyxBVOOhdH\" ><div  class=\"tatsu-row\" ><div  class=\"tatsu-column  tatsu-column-no-bg tatsu-one-col tatsu-column-image-none tatsu-column-effect-none  tatsu-HyrEuuhuH\"  data-parallax-speed=\"0\" style=\"\"><div class=\"tatsu-column-inner\" ><div class=\"tatsu-column-pad-wrap\"><div class=\"tatsu-column-pad\" ><div  class=\"special-subtitle-wrap  tatsu-BJpdmMc1Wl\"  ><div class=\"align-center\"><span class=\"special-subtitle\" >Experiences and reviews from my wedding couples at Finca Alaiar<\/span><\/div><style>.tatsu-BJpdmMc1Wl .special-subtitle{font-size: 18px;width: 60%;}.tatsu-BJpdmMc1Wl.special-subtitle-wrap{margin-bottom: 10px;}<\/style><\/div><div  class=\"tatsu-shortcode-module tatsu-module tatsu-rJ2XDyMgWg\"  >\n<p><script defer async src='https:\/\/cdn.trustindex.io\/loader.js?54f3fdb57aae7451f8261173ed5'><\/script><\/p>\n<\/div><div  class=\"portfolio-all-wrap  oshine-gallery-module hover-icon-no-show tatsu-P9nTAp9Z-\" ><div class=\"portfolio  portfolio-two-col-mobile full-screen  full-screen-gutter style2-gutter three-col masonry_enable\" style=\"margin-left: -10px;\"  data-action=\"get_be_gallery_with_pagination\"  data-paged=\"1\" data-enable-masonry=\"1\" data-aspect-ratio = \"1.6\" data-source='{\"source\":\"selected\",\"account_name\":\"themeforest\",\"count\":\"10\",\"col\":\"three\",\"masonry\":\"1\"}' data-gutter-width=\"10\"  data-images-array=\"15920,15921,15922,15923,15924,15925,15926,15927,15928,15929,15930,15931,15932,15933,15934,15935,15936,15937,15938,15939,15940,15941,15942,15943,15944,15945,15946,15947,15948,15949,15950,15951,15952,15953,15954,15955,15956,15957,15958,15959,15960,15961,15962,15963,15964,15965,15966,15967,15968,15969,15970,15971,15972,15973,15974\" data-col=\"three\" data-items-per-load=\"9\" data-hover-style=\"style1-hover\" data-image-grayscale=\"c_to_c\" data-lightbox-type=\"photoswipe\" data-image-source=\"selected\" data-image-effect=\"none\" data-thumb-overlay-color=\"rgba(255,255,255,0)\" data-grad-style-color=\"background:rgba(255,255,255,0)\" data-like-button=\"1\" data-hover-content=\"none\" data-hover-content-color=\"\" ><div class=\"portfolio-container clickable clearfix portfolio-shortcode be-photoswipe-gallery scale\"><div class=\"element be-hoverlay not-wide no-wide-width-height style1-hover c_to_c\" style=\"margin-bottom: 10px;\"><div class=\"element-inner\" style=\"margin-left: 10px;\"><a href=\"https:\/\/lps-photography.de\/wp-content\/uploads\/2022\/11\/Alaiar-Mallorca-Hochzeit-1.jpg\" data-size=\"1067x1600\" data-href=\"https:\/\/lps-photography.de\/wp-content\/uploads\/2022\/11\/Alaiar-Mallorca-Hochzeit-1.jpg\" class=\"thumb-wrap\" title=\"alaiar mallorca hochzeit 1\" data-><div class=\"flip-wrap\"><div data-aspect-ratio=\"0.67\" style = \"padding-bottom : 149.95313964386%;;\" class=\"flip-img-wrap none-effect\"><img srcset=\"https:\/\/lps-photography.de\/wp-content\/uploads\/2022\/11\/Alaiar-Mallorca-Hochzeit-1.jpg 1067w,  https:\/\/lps-photography.de\/wp-content\/uploads\/2022\/11\/Alaiar-Mallorca-Hochzeit-1-200x300.jpg 200w,  https:\/\/lps-photography.de\/wp-content\/uploads\/2022\/11\/Alaiar-Mallorca-Hochzeit-1-683x1024.jpg 683w,  https:\/\/lps-photography.de\/wp-content\/uploads\/2022\/11\/Alaiar-Mallorca-Hochzeit-1-768x1152.jpg 768w,  https:\/\/lps-photography.de\/wp-content\/uploads\/2022\/11\/Alaiar-Mallorca-Hochzeit-1-1024x1536.jpg 1024w,  https:\/\/lps-photography.de\/wp-content\/uploads\/2022\/11\/Alaiar-Mallorca-Hochzeit-1-33x50.jpg 33w,  https:\/\/lps-photography.de\/wp-content\/uploads\/2022\/11\/Alaiar-Mallorca-Hochzeit-1-650x975.jpg 650w,  https:\/\/lps-photography.de\/wp-content\/uploads\/2022\/11\/Alaiar-Mallorca-Hochzeit-1-1000x1500.jpg 1000w,  https:\/\/lps-photography.de\/wp-content\/uploads\/2022\/11\/Alaiar-Mallorca-Hochzeit-1-50x75.jpg 50w\" alt=\"alaiar mallorca hochzeit 1\" data-attr=\"1\" data-id=\"15920\"\/><\/div><\/div><div class=\"thumb-overlay\"><div class=\"thumb-bg\" style=\"background-color:rgba(255,255,255,0);background:rgba(255,255,255,0)\"><div class=\"thumb-title-wrap display-table-cell vertical-align-middle align-center fadeIn animated\"><div class=\"thumb-title\" style=\"color:;\"><i class=\"portfolio-overlay-icon\"><\/i><\/div><\/div><\/div><\/div><\/a><\/div><\/div><div class=\"element be-hoverlay not-wide no-wide-width-height style1-hover c_to_c\" style=\"margin-bottom: 10px;\"><div class=\"element-inner\" style=\"margin-left: 10px;\"><a href=\"https:\/\/lps-photography.de\/wp-content\/uploads\/2022\/11\/Alaiar-Mallorca-Hochzeit-2.jpg\" data-size=\"1067x1600\" data-href=\"https:\/\/lps-photography.de\/wp-content\/uploads\/2022\/11\/Alaiar-Mallorca-Hochzeit-2.jpg\" class=\"thumb-wrap\" title=\"alaiar mallorca hochzeit 2\" data-><div class=\"flip-wrap\"><div data-aspect-ratio=\"0.67\" style = \"padding-bottom : 149.95313964386%;;\" class=\"flip-img-wrap none-effect\"><img srcset=\"https:\/\/lps-photography.de\/wp-content\/uploads\/2022\/11\/Alaiar-Mallorca-Hochzeit-2.jpg 1067w,  https:\/\/lps-photography.de\/wp-content\/uploads\/2022\/11\/Alaiar-Mallorca-Hochzeit-2-200x300.jpg 200w,  https:\/\/lps-photography.de\/wp-content\/uploads\/2022\/11\/Alaiar-Mallorca-Hochzeit-2-683x1024.jpg 683w,  https:\/\/lps-photography.de\/wp-content\/uploads\/2022\/11\/Alaiar-Mallorca-Hochzeit-2-768x1152.jpg 768w,  https:\/\/lps-photography.de\/wp-content\/uploads\/2022\/11\/Alaiar-Mallorca-Hochzeit-2-1024x1536.jpg 1024w,  https:\/\/lps-photography.de\/wp-content\/uploads\/2022\/11\/Alaiar-Mallorca-Hochzeit-2-33x50.jpg 33w,  https:\/\/lps-photography.de\/wp-content\/uploads\/2022\/11\/Alaiar-Mallorca-Hochzeit-2-650x975.jpg 650w,  https:\/\/lps-photography.de\/wp-content\/uploads\/2022\/11\/Alaiar-Mallorca-Hochzeit-2-1000x1500.jpg 1000w,  https:\/\/lps-photography.de\/wp-content\/uploads\/2022\/11\/Alaiar-Mallorca-Hochzeit-2-50x75.jpg 50w\" alt=\"alaiar mallorca hochzeit 2\" data-attr=\"1\" data-id=\"15921\"\/><\/div><\/div><div class=\"thumb-overlay\"><div class=\"thumb-bg\" style=\"background-color:rgba(255,255,255,0);background:rgba(255,255,255,0)\"><div class=\"thumb-title-wrap display-table-cell vertical-align-middle align-center fadeIn animated\"><div class=\"thumb-title\" style=\"color:;\"><i class=\"portfolio-overlay-icon\"><\/i><\/div><\/div><\/div><\/div><\/a><\/div><\/div><div class=\"element be-hoverlay not-wide no-wide-width-height style1-hover c_to_c\" style=\"margin-bottom: 10px;\"><div class=\"element-inner\" style=\"margin-left: 10px;\"><a href=\"https:\/\/lps-photography.de\/wp-content\/uploads\/2022\/11\/Alaiar-Mallorca-Hochzeit-3.jpg\" data-size=\"1067x1600\" data-href=\"https:\/\/lps-photography.de\/wp-content\/uploads\/2022\/11\/Alaiar-Mallorca-Hochzeit-3.jpg\" class=\"thumb-wrap\" title=\"alaiar mallorca hochzeit 3\" data-><div class=\"flip-wrap\"><div data-aspect-ratio=\"0.67\" style = \"padding-bottom : 149.95313964386%;;\" class=\"flip-img-wrap none-effect\"><img srcset=\"https:\/\/lps-photography.de\/wp-content\/uploads\/2022\/11\/Alaiar-Mallorca-Hochzeit-3.jpg 1067w,  https:\/\/lps-photography.de\/wp-content\/uploads\/2022\/11\/Alaiar-Mallorca-Hochzeit-3-200x300.jpg 200w,  https:\/\/lps-photography.de\/wp-content\/uploads\/2022\/11\/Alaiar-Mallorca-Hochzeit-3-683x1024.jpg 683w,  https:\/\/lps-photography.de\/wp-content\/uploads\/2022\/11\/Alaiar-Mallorca-Hochzeit-3-768x1152.jpg 768w,  https:\/\/lps-photography.de\/wp-content\/uploads\/2022\/11\/Alaiar-Mallorca-Hochzeit-3-1024x1536.jpg 1024w,  https:\/\/lps-photography.de\/wp-content\/uploads\/2022\/11\/Alaiar-Mallorca-Hochzeit-3-33x50.jpg 33w,  https:\/\/lps-photography.de\/wp-content\/uploads\/2022\/11\/Alaiar-Mallorca-Hochzeit-3-650x975.jpg 650w,  https:\/\/lps-photography.de\/wp-content\/uploads\/2022\/11\/Alaiar-Mallorca-Hochzeit-3-1000x1500.jpg 1000w,  https:\/\/lps-photography.de\/wp-content\/uploads\/2022\/11\/Alaiar-Mallorca-Hochzeit-3-50x75.jpg 50w\" alt=\"alaiar mallorca hochzeit 3\" data-attr=\"1\" data-id=\"15922\"\/><\/div><\/div><div class=\"thumb-overlay\"><div class=\"thumb-bg\" style=\"background-color:rgba(255,255,255,0);background:rgba(255,255,255,0)\"><div class=\"thumb-title-wrap display-table-cell vertical-align-middle align-center fadeIn animated\"><div class=\"thumb-title\" style=\"color:;\"><i class=\"portfolio-overlay-icon\"><\/i><\/div><\/div><\/div><\/div><\/a><\/div><\/div><div class=\"element be-hoverlay not-wide no-wide-width-height style1-hover c_to_c\" style=\"margin-bottom: 10px;\"><div class=\"element-inner\" style=\"margin-left: 10px;\"><a href=\"https:\/\/lps-photography.de\/wp-content\/uploads\/2022\/11\/Alaiar-Mallorca-Hochzeit-4.jpg\" data-size=\"1600x1067\" data-href=\"https:\/\/lps-photography.de\/wp-content\/uploads\/2022\/11\/Alaiar-Mallorca-Hochzeit-4.jpg\" class=\"thumb-wrap\" title=\"alaiar mallorca hochzeit 4\" data-><div class=\"flip-wrap\"><div data-aspect-ratio=\"1.5\" style = \"padding-bottom : 66.6875%;;\" class=\"flip-img-wrap none-effect\"><img srcset=\"https:\/\/lps-photography.de\/wp-content\/uploads\/2022\/11\/Alaiar-Mallorca-Hochzeit-4.jpg 1600w,  https:\/\/lps-photography.de\/wp-content\/uploads\/2022\/11\/Alaiar-Mallorca-Hochzeit-4-300x200.jpg 300w,  https:\/\/lps-photography.de\/wp-content\/uploads\/2022\/11\/Alaiar-Mallorca-Hochzeit-4-800x534.jpg 800w,  https:\/\/lps-photography.de\/wp-content\/uploads\/2022\/11\/Alaiar-Mallorca-Hochzeit-4-768x512.jpg 768w,  https:\/\/lps-photography.de\/wp-content\/uploads\/2022\/11\/Alaiar-Mallorca-Hochzeit-4-1536x1024.jpg 1536w,  https:\/\/lps-photography.de\/wp-content\/uploads\/2022\/11\/Alaiar-Mallorca-Hochzeit-4-75x50.jpg 75w,  https:\/\/lps-photography.de\/wp-content\/uploads\/2022\/11\/Alaiar-Mallorca-Hochzeit-4-650x433.jpg 650w,  https:\/\/lps-photography.de\/wp-content\/uploads\/2022\/11\/Alaiar-Mallorca-Hochzeit-4-1000x667.jpg 1000w,  https:\/\/lps-photography.de\/wp-content\/uploads\/2022\/11\/Alaiar-Mallorca-Hochzeit-4-50x33.jpg 50w\" alt=\"alaiar mallorca hochzeit 4\" data-attr=\"1\" data-id=\"15923\"\/><\/div><\/div><div class=\"thumb-overlay\"><div class=\"thumb-bg\" style=\"background-color:rgba(255,255,255,0);background:rgba(255,255,255,0)\"><div class=\"thumb-title-wrap display-table-cell vertical-align-middle align-center fadeIn animated\"><div class=\"thumb-title\" style=\"color:;\"><i class=\"portfolio-overlay-icon\"><\/i><\/div><\/div><\/div><\/div><\/a><\/div><\/div><div class=\"element be-hoverlay not-wide no-wide-width-height style1-hover c_to_c\" style=\"margin-bottom: 10px;\"><div class=\"element-inner\" style=\"margin-left: 10px;\"><a href=\"https:\/\/lps-photography.de\/wp-content\/uploads\/2022\/11\/Alaiar-Mallorca-Hochzeit-5.jpg\" data-size=\"1600x1067\" data-href=\"https:\/\/lps-photography.de\/wp-content\/uploads\/2022\/11\/Alaiar-Mallorca-Hochzeit-5.jpg\" class=\"thumb-wrap\" title=\"alaiar mallorca hochzeit 5\" data-><div class=\"flip-wrap\"><div data-aspect-ratio=\"1.5\" style = \"padding-bottom : 66.6875%;;\" class=\"flip-img-wrap none-effect\"><img srcset=\"https:\/\/lps-photography.de\/wp-content\/uploads\/2022\/11\/Alaiar-Mallorca-Hochzeit-5.jpg 1600w,  https:\/\/lps-photography.de\/wp-content\/uploads\/2022\/11\/Alaiar-Mallorca-Hochzeit-5-300x200.jpg 300w,  https:\/\/lps-photography.de\/wp-content\/uploads\/2022\/11\/Alaiar-Mallorca-Hochzeit-5-800x534.jpg 800w,  https:\/\/lps-photography.de\/wp-content\/uploads\/2022\/11\/Alaiar-Mallorca-Hochzeit-5-768x512.jpg 768w,  https:\/\/lps-photography.de\/wp-content\/uploads\/2022\/11\/Alaiar-Mallorca-Hochzeit-5-1536x1024.jpg 1536w,  https:\/\/lps-photography.de\/wp-content\/uploads\/2022\/11\/Alaiar-Mallorca-Hochzeit-5-75x50.jpg 75w,  https:\/\/lps-photography.de\/wp-content\/uploads\/2022\/11\/Alaiar-Mallorca-Hochzeit-5-650x433.jpg 650w,  https:\/\/lps-photography.de\/wp-content\/uploads\/2022\/11\/Alaiar-Mallorca-Hochzeit-5-1000x667.jpg 1000w,  https:\/\/lps-photography.de\/wp-content\/uploads\/2022\/11\/Alaiar-Mallorca-Hochzeit-5-50x33.jpg 50w\" alt=\"alaiar mallorca hochzeit 5\" data-attr=\"1\" data-id=\"15924\"\/><\/div><\/div><div class=\"thumb-overlay\"><div class=\"thumb-bg\" style=\"background-color:rgba(255,255,255,0);background:rgba(255,255,255,0)\"><div class=\"thumb-title-wrap display-table-cell vertical-align-middle align-center fadeIn animated\"><div class=\"thumb-title\" style=\"color:;\"><i class=\"portfolio-overlay-icon\"><\/i><\/div><\/div><\/div><\/div><\/a><\/div><\/div><div class=\"element be-hoverlay not-wide no-wide-width-height style1-hover c_to_c\" style=\"margin-bottom: 10px;\"><div class=\"element-inner\" style=\"margin-left: 10px;\"><a href=\"https:\/\/lps-photography.de\/wp-content\/uploads\/2022\/11\/Alaiar-Mallorca-Hochzeit-6.jpg\" data-size=\"1600x1067\" data-href=\"https:\/\/lps-photography.de\/wp-content\/uploads\/2022\/11\/Alaiar-Mallorca-Hochzeit-6.jpg\" class=\"thumb-wrap\" title=\"alaiar mallorca hochzeit 6\" data-><div class=\"flip-wrap\"><div data-aspect-ratio=\"1.5\" style = \"padding-bottom : 66.6875%;;\" class=\"flip-img-wrap none-effect\"><img srcset=\"https:\/\/lps-photography.de\/wp-content\/uploads\/2022\/11\/Alaiar-Mallorca-Hochzeit-6.jpg 1600w,  https:\/\/lps-photography.de\/wp-content\/uploads\/2022\/11\/Alaiar-Mallorca-Hochzeit-6-300x200.jpg 300w,  https:\/\/lps-photography.de\/wp-content\/uploads\/2022\/11\/Alaiar-Mallorca-Hochzeit-6-800x534.jpg 800w,  https:\/\/lps-photography.de\/wp-content\/uploads\/2022\/11\/Alaiar-Mallorca-Hochzeit-6-768x512.jpg 768w,  https:\/\/lps-photography.de\/wp-content\/uploads\/2022\/11\/Alaiar-Mallorca-Hochzeit-6-1536x1024.jpg 1536w,  https:\/\/lps-photography.de\/wp-content\/uploads\/2022\/11\/Alaiar-Mallorca-Hochzeit-6-75x50.jpg 75w,  https:\/\/lps-photography.de\/wp-content\/uploads\/2022\/11\/Alaiar-Mallorca-Hochzeit-6-650x433.jpg 650w,  https:\/\/lps-photography.de\/wp-content\/uploads\/2022\/11\/Alaiar-Mallorca-Hochzeit-6-1000x667.jpg 1000w,  https:\/\/lps-photography.de\/wp-content\/uploads\/2022\/11\/Alaiar-Mallorca-Hochzeit-6-50x33.jpg 50w\" alt=\"alaiar mallorca hochzeit 6\" data-attr=\"1\" data-id=\"15925\"\/><\/div><\/div><div class=\"thumb-overlay\"><div class=\"thumb-bg\" style=\"background-color:rgba(255,255,255,0);background:rgba(255,255,255,0)\"><div class=\"thumb-title-wrap display-table-cell vertical-align-middle align-center fadeIn animated\"><div class=\"thumb-title\" style=\"color:;\"><i class=\"portfolio-overlay-icon\"><\/i><\/div><\/div><\/div><\/div><\/a><\/div><\/div><div class=\"element be-hoverlay not-wide no-wide-width-height style1-hover c_to_c\" style=\"margin-bottom: 10px;\"><div class=\"element-inner\" style=\"margin-left: 10px;\"><a href=\"https:\/\/lps-photography.de\/wp-content\/uploads\/2022\/11\/Alaiar-Mallorca-Hochzeit-7.jpg\" data-size=\"1067x1600\" data-href=\"https:\/\/lps-photography.de\/wp-content\/uploads\/2022\/11\/Alaiar-Mallorca-Hochzeit-7.jpg\" class=\"thumb-wrap\" title=\"alaiar mallorca hochzeit 7\" data-><div class=\"flip-wrap\"><div data-aspect-ratio=\"0.67\" style = \"padding-bottom : 149.95313964386%;;\" class=\"flip-img-wrap none-effect\"><img srcset=\"https:\/\/lps-photography.de\/wp-content\/uploads\/2022\/11\/Alaiar-Mallorca-Hochzeit-7.jpg 1067w,  https:\/\/lps-photography.de\/wp-content\/uploads\/2022\/11\/Alaiar-Mallorca-Hochzeit-7-200x300.jpg 200w,  https:\/\/lps-photography.de\/wp-content\/uploads\/2022\/11\/Alaiar-Mallorca-Hochzeit-7-683x1024.jpg 683w,  https:\/\/lps-photography.de\/wp-content\/uploads\/2022\/11\/Alaiar-Mallorca-Hochzeit-7-768x1152.jpg 768w,  https:\/\/lps-photography.de\/wp-content\/uploads\/2022\/11\/Alaiar-Mallorca-Hochzeit-7-1024x1536.jpg 1024w,  https:\/\/lps-photography.de\/wp-content\/uploads\/2022\/11\/Alaiar-Mallorca-Hochzeit-7-33x50.jpg 33w,  https:\/\/lps-photography.de\/wp-content\/uploads\/2022\/11\/Alaiar-Mallorca-Hochzeit-7-650x975.jpg 650w,  https:\/\/lps-photography.de\/wp-content\/uploads\/2022\/11\/Alaiar-Mallorca-Hochzeit-7-1000x1500.jpg 1000w,  https:\/\/lps-photography.de\/wp-content\/uploads\/2022\/11\/Alaiar-Mallorca-Hochzeit-7-50x75.jpg 50w\" alt=\"alaiar mallorca hochzeit 7\" data-attr=\"1\" data-id=\"15926\"\/><\/div><\/div><div class=\"thumb-overlay\"><div class=\"thumb-bg\" style=\"background-color:rgba(255,255,255,0);background:rgba(255,255,255,0)\"><div class=\"thumb-title-wrap display-table-cell vertical-align-middle align-center fadeIn animated\"><div class=\"thumb-title\" style=\"color:;\"><i class=\"portfolio-overlay-icon\"><\/i><\/div><\/div><\/div><\/div><\/a><\/div><\/div><div class=\"element be-hoverlay not-wide no-wide-width-height style1-hover c_to_c\" style=\"margin-bottom: 10px;\"><div class=\"element-inner\" style=\"margin-left: 10px;\"><a href=\"https:\/\/lps-photography.de\/wp-content\/uploads\/2022\/11\/Alaiar-Mallorca-Hochzeit-8.jpg\" data-size=\"1600x1067\" data-href=\"https:\/\/lps-photography.de\/wp-content\/uploads\/2022\/11\/Alaiar-Mallorca-Hochzeit-8.jpg\" class=\"thumb-wrap\" title=\"alaiar mallorca hochzeit 8\" data-><div class=\"flip-wrap\"><div data-aspect-ratio=\"1.5\" style = \"padding-bottom : 66.6875%;;\" class=\"flip-img-wrap none-effect\"><img srcset=\"https:\/\/lps-photography.de\/wp-content\/uploads\/2022\/11\/Alaiar-Mallorca-Hochzeit-8.jpg 1600w,  https:\/\/lps-photography.de\/wp-content\/uploads\/2022\/11\/Alaiar-Mallorca-Hochzeit-8-300x200.jpg 300w,  https:\/\/lps-photography.de\/wp-content\/uploads\/2022\/11\/Alaiar-Mallorca-Hochzeit-8-800x534.jpg 800w,  https:\/\/lps-photography.de\/wp-content\/uploads\/2022\/11\/Alaiar-Mallorca-Hochzeit-8-768x512.jpg 768w,  https:\/\/lps-photography.de\/wp-content\/uploads\/2022\/11\/Alaiar-Mallorca-Hochzeit-8-1536x1024.jpg 1536w,  https:\/\/lps-photography.de\/wp-content\/uploads\/2022\/11\/Alaiar-Mallorca-Hochzeit-8-75x50.jpg 75w,  https:\/\/lps-photography.de\/wp-content\/uploads\/2022\/11\/Alaiar-Mallorca-Hochzeit-8-650x433.jpg 650w,  https:\/\/lps-photography.de\/wp-content\/uploads\/2022\/11\/Alaiar-Mallorca-Hochzeit-8-1000x667.jpg 1000w,  https:\/\/lps-photography.de\/wp-content\/uploads\/2022\/11\/Alaiar-Mallorca-Hochzeit-8-50x33.jpg 50w\" alt=\"alaiar mallorca hochzeit 8\" data-attr=\"1\" data-id=\"15927\"\/><\/div><\/div><div class=\"thumb-overlay\"><div class=\"thumb-bg\" style=\"background-color:rgba(255,255,255,0);background:rgba(255,255,255,0)\"><div class=\"thumb-title-wrap display-table-cell vertical-align-middle align-center fadeIn animated\"><div class=\"thumb-title\" style=\"color:;\"><i class=\"portfolio-overlay-icon\"><\/i><\/div><\/div><\/div><\/div><\/a><\/div><\/div><div class=\"element be-hoverlay not-wide no-wide-width-height style1-hover c_to_c\" style=\"margin-bottom: 10px;\"><div class=\"element-inner\" style=\"margin-left: 10px;\"><a href=\"https:\/\/lps-photography.de\/wp-content\/uploads\/2022\/11\/Alaiar-Mallorca-Hochzeit-9.jpg\" data-size=\"1600x1067\" data-href=\"https:\/\/lps-photography.de\/wp-content\/uploads\/2022\/11\/Alaiar-Mallorca-Hochzeit-9.jpg\" class=\"thumb-wrap\" title=\"alaiar mallorca hochzeit 9\" data-><div class=\"flip-wrap\"><div data-aspect-ratio=\"1.5\" style = \"padding-bottom : 66.6875%;;\" class=\"flip-img-wrap none-effect\"><img srcset=\"https:\/\/lps-photography.de\/wp-content\/uploads\/2022\/11\/Alaiar-Mallorca-Hochzeit-9.jpg 1600w,  https:\/\/lps-photography.de\/wp-content\/uploads\/2022\/11\/Alaiar-Mallorca-Hochzeit-9-300x200.jpg 300w,  https:\/\/lps-photography.de\/wp-content\/uploads\/2022\/11\/Alaiar-Mallorca-Hochzeit-9-800x534.jpg 800w,  https:\/\/lps-photography.de\/wp-content\/uploads\/2022\/11\/Alaiar-Mallorca-Hochzeit-9-768x512.jpg 768w,  https:\/\/lps-photography.de\/wp-content\/uploads\/2022\/11\/Alaiar-Mallorca-Hochzeit-9-1536x1024.jpg 1536w,  https:\/\/lps-photography.de\/wp-content\/uploads\/2022\/11\/Alaiar-Mallorca-Hochzeit-9-75x50.jpg 75w,  https:\/\/lps-photography.de\/wp-content\/uploads\/2022\/11\/Alaiar-Mallorca-Hochzeit-9-650x433.jpg 650w,  https:\/\/lps-photography.de\/wp-content\/uploads\/2022\/11\/Alaiar-Mallorca-Hochzeit-9-1000x667.jpg 1000w,  https:\/\/lps-photography.de\/wp-content\/uploads\/2022\/11\/Alaiar-Mallorca-Hochzeit-9-50x33.jpg 50w\" alt=\"alaiar mallorca hochzeit 9\" data-attr=\"1\" data-id=\"15928\"\/><\/div><\/div><div class=\"thumb-overlay\"><div class=\"thumb-bg\" style=\"background-color:rgba(255,255,255,0);background:rgba(255,255,255,0)\"><div class=\"thumb-title-wrap display-table-cell vertical-align-middle align-center fadeIn animated\"><div class=\"thumb-title\" style=\"color:;\"><i class=\"portfolio-overlay-icon\"><\/i><\/div><\/div><\/div><\/div><\/a><\/div><\/div><div class=\"element be-hoverlay not-wide no-wide-width-height style1-hover c_to_c\" style=\"margin-bottom: 10px;\"><div class=\"element-inner\" style=\"margin-left: 10px;\"><a href=\"https:\/\/lps-photography.de\/wp-content\/uploads\/2022\/11\/Alaiar-Mallorca-Hochzeit-10.jpg\" data-size=\"1600x1067\" data-href=\"https:\/\/lps-photography.de\/wp-content\/uploads\/2022\/11\/Alaiar-Mallorca-Hochzeit-10.jpg\" class=\"thumb-wrap\" title=\"alaiar mallorca hochzeit 10\" data-><div class=\"flip-wrap\"><div data-aspect-ratio=\"1.5\" style = \"padding-bottom : 66.6875%;;\" class=\"flip-img-wrap none-effect\"><img srcset=\"https:\/\/lps-photography.de\/wp-content\/uploads\/2022\/11\/Alaiar-Mallorca-Hochzeit-10.jpg 1600w,  https:\/\/lps-photography.de\/wp-content\/uploads\/2022\/11\/Alaiar-Mallorca-Hochzeit-10-300x200.jpg 300w,  https:\/\/lps-photography.de\/wp-content\/uploads\/2022\/11\/Alaiar-Mallorca-Hochzeit-10-800x534.jpg 800w,  https:\/\/lps-photography.de\/wp-content\/uploads\/2022\/11\/Alaiar-Mallorca-Hochzeit-10-768x512.jpg 768w,  https:\/\/lps-photography.de\/wp-content\/uploads\/2022\/11\/Alaiar-Mallorca-Hochzeit-10-1536x1024.jpg 1536w,  https:\/\/lps-photography.de\/wp-content\/uploads\/2022\/11\/Alaiar-Mallorca-Hochzeit-10-75x50.jpg 75w,  https:\/\/lps-photography.de\/wp-content\/uploads\/2022\/11\/Alaiar-Mallorca-Hochzeit-10-650x433.jpg 650w,  https:\/\/lps-photography.de\/wp-content\/uploads\/2022\/11\/Alaiar-Mallorca-Hochzeit-10-1000x667.jpg 1000w,  https:\/\/lps-photography.de\/wp-content\/uploads\/2022\/11\/Alaiar-Mallorca-Hochzeit-10-50x33.jpg 50w\" alt=\"alaiar mallorca hochzeit 10\" data-attr=\"1\" data-id=\"15929\"\/><\/div><\/div><div class=\"thumb-overlay\"><div class=\"thumb-bg\" style=\"background-color:rgba(255,255,255,0);background:rgba(255,255,255,0)\"><div class=\"thumb-title-wrap display-table-cell vertical-align-middle align-center fadeIn animated\"><div class=\"thumb-title\" style=\"color:;\"><i class=\"portfolio-overlay-icon\"><\/i><\/div><\/div><\/div><\/div><\/a><\/div><\/div><div class=\"element be-hoverlay not-wide no-wide-width-height style1-hover c_to_c\" style=\"margin-bottom: 10px;\"><div class=\"element-inner\" style=\"margin-left: 10px;\"><a href=\"https:\/\/lps-photography.de\/wp-content\/uploads\/2022\/11\/Alaiar-Mallorca-Hochzeit-11.jpg\" data-size=\"1600x1067\" data-href=\"https:\/\/lps-photography.de\/wp-content\/uploads\/2022\/11\/Alaiar-Mallorca-Hochzeit-11.jpg\" class=\"thumb-wrap\" title=\"alaiar mallorca hochzeit 11\" data-><div class=\"flip-wrap\"><div data-aspect-ratio=\"1.5\" style = \"padding-bottom : 66.6875%;;\" class=\"flip-img-wrap none-effect\"><img srcset=\"https:\/\/lps-photography.de\/wp-content\/uploads\/2022\/11\/Alaiar-Mallorca-Hochzeit-11.jpg 1600w,  https:\/\/lps-photography.de\/wp-content\/uploads\/2022\/11\/Alaiar-Mallorca-Hochzeit-11-300x200.jpg 300w,  https:\/\/lps-photography.de\/wp-content\/uploads\/2022\/11\/Alaiar-Mallorca-Hochzeit-11-800x534.jpg 800w,  https:\/\/lps-photography.de\/wp-content\/uploads\/2022\/11\/Alaiar-Mallorca-Hochzeit-11-768x512.jpg 768w,  https:\/\/lps-photography.de\/wp-content\/uploads\/2022\/11\/Alaiar-Mallorca-Hochzeit-11-1536x1024.jpg 1536w,  https:\/\/lps-photography.de\/wp-content\/uploads\/2022\/11\/Alaiar-Mallorca-Hochzeit-11-75x50.jpg 75w,  https:\/\/lps-photography.de\/wp-content\/uploads\/2022\/11\/Alaiar-Mallorca-Hochzeit-11-650x433.jpg 650w,  https:\/\/lps-photography.de\/wp-content\/uploads\/2022\/11\/Alaiar-Mallorca-Hochzeit-11-1000x667.jpg 1000w,  https:\/\/lps-photography.de\/wp-content\/uploads\/2022\/11\/Alaiar-Mallorca-Hochzeit-11-50x33.jpg 50w\" alt=\"alaiar mallorca hochzeit 11\" data-attr=\"1\" data-id=\"15930\"\/><\/div><\/div><div class=\"thumb-overlay\"><div class=\"thumb-bg\" style=\"background-color:rgba(255,255,255,0);background:rgba(255,255,255,0)\"><div class=\"thumb-title-wrap display-table-cell vertical-align-middle align-center fadeIn animated\"><div class=\"thumb-title\" style=\"color:;\"><i class=\"portfolio-overlay-icon\"><\/i><\/div><\/div><\/div><\/div><\/a><\/div><\/div><div class=\"element be-hoverlay not-wide no-wide-width-height style1-hover c_to_c\" style=\"margin-bottom: 10px;\"><div class=\"element-inner\" style=\"margin-left: 10px;\"><a href=\"https:\/\/lps-photography.de\/wp-content\/uploads\/2022\/11\/Alaiar-Mallorca-Hochzeit-12.jpg\" data-size=\"1600x1067\" data-href=\"https:\/\/lps-photography.de\/wp-content\/uploads\/2022\/11\/Alaiar-Mallorca-Hochzeit-12.jpg\" class=\"thumb-wrap\" title=\"alaiar mallorca hochzeit 12\" data-><div class=\"flip-wrap\"><div data-aspect-ratio=\"1.5\" style = \"padding-bottom : 66.6875%;;\" class=\"flip-img-wrap none-effect\"><img srcset=\"https:\/\/lps-photography.de\/wp-content\/uploads\/2022\/11\/Alaiar-Mallorca-Hochzeit-12.jpg 1600w,  https:\/\/lps-photography.de\/wp-content\/uploads\/2022\/11\/Alaiar-Mallorca-Hochzeit-12-300x200.jpg 300w,  https:\/\/lps-photography.de\/wp-content\/uploads\/2022\/11\/Alaiar-Mallorca-Hochzeit-12-800x534.jpg 800w,  https:\/\/lps-photography.de\/wp-content\/uploads\/2022\/11\/Alaiar-Mallorca-Hochzeit-12-768x512.jpg 768w,  https:\/\/lps-photography.de\/wp-content\/uploads\/2022\/11\/Alaiar-Mallorca-Hochzeit-12-1536x1024.jpg 1536w,  https:\/\/lps-photography.de\/wp-content\/uploads\/2022\/11\/Alaiar-Mallorca-Hochzeit-12-75x50.jpg 75w,  https:\/\/lps-photography.de\/wp-content\/uploads\/2022\/11\/Alaiar-Mallorca-Hochzeit-12-650x433.jpg 650w,  https:\/\/lps-photography.de\/wp-content\/uploads\/2022\/11\/Alaiar-Mallorca-Hochzeit-12-1000x667.jpg 1000w,  https:\/\/lps-photography.de\/wp-content\/uploads\/2022\/11\/Alaiar-Mallorca-Hochzeit-12-50x33.jpg 50w\" alt=\"alaiar mallorca hochzeit 12\" data-attr=\"1\" data-id=\"15931\"\/><\/div><\/div><div class=\"thumb-overlay\"><div class=\"thumb-bg\" style=\"background-color:rgba(255,255,255,0);background:rgba(255,255,255,0)\"><div class=\"thumb-title-wrap display-table-cell vertical-align-middle align-center fadeIn animated\"><div class=\"thumb-title\" style=\"color:;\"><i class=\"portfolio-overlay-icon\"><\/i><\/div><\/div><\/div><\/div><\/a><\/div><\/div><div class=\"element be-hoverlay not-wide no-wide-width-height style1-hover c_to_c\" style=\"margin-bottom: 10px;\"><div class=\"element-inner\" style=\"margin-left: 10px;\"><a href=\"https:\/\/lps-photography.de\/wp-content\/uploads\/2022\/11\/Alaiar-Mallorca-Hochzeit-13.jpg\" data-size=\"1067x1600\" data-href=\"https:\/\/lps-photography.de\/wp-content\/uploads\/2022\/11\/Alaiar-Mallorca-Hochzeit-13.jpg\" class=\"thumb-wrap\" title=\"alaiar mallorca hochzeit 13\" data-><div class=\"flip-wrap\"><div data-aspect-ratio=\"0.67\" style = \"padding-bottom : 149.95313964386%;;\" class=\"flip-img-wrap none-effect\"><img srcset=\"https:\/\/lps-photography.de\/wp-content\/uploads\/2022\/11\/Alaiar-Mallorca-Hochzeit-13.jpg 1067w,  https:\/\/lps-photography.de\/wp-content\/uploads\/2022\/11\/Alaiar-Mallorca-Hochzeit-13-200x300.jpg 200w,  https:\/\/lps-photography.de\/wp-content\/uploads\/2022\/11\/Alaiar-Mallorca-Hochzeit-13-683x1024.jpg 683w,  https:\/\/lps-photography.de\/wp-content\/uploads\/2022\/11\/Alaiar-Mallorca-Hochzeit-13-768x1152.jpg 768w,  https:\/\/lps-photography.de\/wp-content\/uploads\/2022\/11\/Alaiar-Mallorca-Hochzeit-13-1024x1536.jpg 1024w,  https:\/\/lps-photography.de\/wp-content\/uploads\/2022\/11\/Alaiar-Mallorca-Hochzeit-13-33x50.jpg 33w,  https:\/\/lps-photography.de\/wp-content\/uploads\/2022\/11\/Alaiar-Mallorca-Hochzeit-13-650x975.jpg 650w,  https:\/\/lps-photography.de\/wp-content\/uploads\/2022\/11\/Alaiar-Mallorca-Hochzeit-13-1000x1500.jpg 1000w,  https:\/\/lps-photography.de\/wp-content\/uploads\/2022\/11\/Alaiar-Mallorca-Hochzeit-13-50x75.jpg 50w\" alt=\"alaiar mallorca hochzeit 13\" data-attr=\"1\" data-id=\"15932\"\/><\/div><\/div><div class=\"thumb-overlay\"><div class=\"thumb-bg\" style=\"background-color:rgba(255,255,255,0);background:rgba(255,255,255,0)\"><div class=\"thumb-title-wrap display-table-cell vertical-align-middle align-center fadeIn animated\"><div class=\"thumb-title\" style=\"color:;\"><i class=\"portfolio-overlay-icon\"><\/i><\/div><\/div><\/div><\/div><\/a><\/div><\/div><div class=\"element be-hoverlay not-wide no-wide-width-height style1-hover c_to_c\" style=\"margin-bottom: 10px;\"><div class=\"element-inner\" style=\"margin-left: 10px;\"><a href=\"https:\/\/lps-photography.de\/wp-content\/uploads\/2022\/11\/Alaiar-Mallorca-Hochzeit-14.jpg\" data-size=\"1600x1067\" data-href=\"https:\/\/lps-photography.de\/wp-content\/uploads\/2022\/11\/Alaiar-Mallorca-Hochzeit-14.jpg\" class=\"thumb-wrap\" title=\"alaiar mallorca hochzeit 14\" data-><div class=\"flip-wrap\"><div data-aspect-ratio=\"1.5\" style = \"padding-bottom : 66.6875%;;\" class=\"flip-img-wrap none-effect\"><img srcset=\"https:\/\/lps-photography.de\/wp-content\/uploads\/2022\/11\/Alaiar-Mallorca-Hochzeit-14.jpg 1600w,  https:\/\/lps-photography.de\/wp-content\/uploads\/2022\/11\/Alaiar-Mallorca-Hochzeit-14-300x200.jpg 300w,  https:\/\/lps-photography.de\/wp-content\/uploads\/2022\/11\/Alaiar-Mallorca-Hochzeit-14-800x534.jpg 800w,  https:\/\/lps-photography.de\/wp-content\/uploads\/2022\/11\/Alaiar-Mallorca-Hochzeit-14-768x512.jpg 768w,  https:\/\/lps-photography.de\/wp-content\/uploads\/2022\/11\/Alaiar-Mallorca-Hochzeit-14-1536x1024.jpg 1536w,  https:\/\/lps-photography.de\/wp-content\/uploads\/2022\/11\/Alaiar-Mallorca-Hochzeit-14-75x50.jpg 75w,  https:\/\/lps-photography.de\/wp-content\/uploads\/2022\/11\/Alaiar-Mallorca-Hochzeit-14-650x433.jpg 650w,  https:\/\/lps-photography.de\/wp-content\/uploads\/2022\/11\/Alaiar-Mallorca-Hochzeit-14-1000x667.jpg 1000w,  https:\/\/lps-photography.de\/wp-content\/uploads\/2022\/11\/Alaiar-Mallorca-Hochzeit-14-50x33.jpg 50w\" alt=\"alaiar mallorca hochzeit 14\" data-attr=\"1\" data-id=\"15933\"\/><\/div><\/div><div class=\"thumb-overlay\"><div class=\"thumb-bg\" style=\"background-color:rgba(255,255,255,0);background:rgba(255,255,255,0)\"><div class=\"thumb-title-wrap display-table-cell vertical-align-middle align-center fadeIn animated\"><div class=\"thumb-title\" style=\"color:;\"><i class=\"portfolio-overlay-icon\"><\/i><\/div><\/div><\/div><\/div><\/a><\/div><\/div><div class=\"element be-hoverlay not-wide no-wide-width-height style1-hover c_to_c\" style=\"margin-bottom: 10px;\"><div class=\"element-inner\" style=\"margin-left: 10px;\"><a href=\"https:\/\/lps-photography.de\/wp-content\/uploads\/2022\/11\/Alaiar-Mallorca-Hochzeit-15.jpg\" data-size=\"1600x1067\" data-href=\"https:\/\/lps-photography.de\/wp-content\/uploads\/2022\/11\/Alaiar-Mallorca-Hochzeit-15.jpg\" class=\"thumb-wrap\" title=\"alaiar mallorca hochzeit 15\" data-><div class=\"flip-wrap\"><div data-aspect-ratio=\"1.5\" style = \"padding-bottom : 66.6875%;;\" class=\"flip-img-wrap none-effect\"><img srcset=\"https:\/\/lps-photography.de\/wp-content\/uploads\/2022\/11\/Alaiar-Mallorca-Hochzeit-15.jpg 1600w,  https:\/\/lps-photography.de\/wp-content\/uploads\/2022\/11\/Alaiar-Mallorca-Hochzeit-15-300x200.jpg 300w,  https:\/\/lps-photography.de\/wp-content\/uploads\/2022\/11\/Alaiar-Mallorca-Hochzeit-15-800x534.jpg 800w,  https:\/\/lps-photography.de\/wp-content\/uploads\/2022\/11\/Alaiar-Mallorca-Hochzeit-15-768x512.jpg 768w,  https:\/\/lps-photography.de\/wp-content\/uploads\/2022\/11\/Alaiar-Mallorca-Hochzeit-15-1536x1024.jpg 1536w,  https:\/\/lps-photography.de\/wp-content\/uploads\/2022\/11\/Alaiar-Mallorca-Hochzeit-15-75x50.jpg 75w,  https:\/\/lps-photography.de\/wp-content\/uploads\/2022\/11\/Alaiar-Mallorca-Hochzeit-15-650x433.jpg 650w,  https:\/\/lps-photography.de\/wp-content\/uploads\/2022\/11\/Alaiar-Mallorca-Hochzeit-15-1000x667.jpg 1000w,  https:\/\/lps-photography.de\/wp-content\/uploads\/2022\/11\/Alaiar-Mallorca-Hochzeit-15-50x33.jpg 50w\" alt=\"alaiar mallorca hochzeit 15\" data-attr=\"1\" data-id=\"15934\"\/><\/div><\/div><div class=\"thumb-overlay\"><div class=\"thumb-bg\" style=\"background-color:rgba(255,255,255,0);background:rgba(255,255,255,0)\"><div class=\"thumb-title-wrap display-table-cell vertical-align-middle align-center fadeIn animated\"><div class=\"thumb-title\" style=\"color:;\"><i class=\"portfolio-overlay-icon\"><\/i><\/div><\/div><\/div><\/div><\/a><\/div><\/div><div class=\"element be-hoverlay not-wide no-wide-width-height style1-hover c_to_c\" style=\"margin-bottom: 10px;\"><div class=\"element-inner\" style=\"margin-left: 10px;\"><a href=\"https:\/\/lps-photography.de\/wp-content\/uploads\/2022\/11\/Alaiar-Mallorca-Hochzeit-16.jpg\" data-size=\"1600x1067\" data-href=\"https:\/\/lps-photography.de\/wp-content\/uploads\/2022\/11\/Alaiar-Mallorca-Hochzeit-16.jpg\" class=\"thumb-wrap\" title=\"alaiar mallorca hochzeit 16\" data-><div class=\"flip-wrap\"><div data-aspect-ratio=\"1.5\" style = \"padding-bottom : 66.6875%;;\" class=\"flip-img-wrap none-effect\"><img srcset=\"https:\/\/lps-photography.de\/wp-content\/uploads\/2022\/11\/Alaiar-Mallorca-Hochzeit-16.jpg 1600w,  https:\/\/lps-photography.de\/wp-content\/uploads\/2022\/11\/Alaiar-Mallorca-Hochzeit-16-300x200.jpg 300w,  https:\/\/lps-photography.de\/wp-content\/uploads\/2022\/11\/Alaiar-Mallorca-Hochzeit-16-800x534.jpg 800w,  https:\/\/lps-photography.de\/wp-content\/uploads\/2022\/11\/Alaiar-Mallorca-Hochzeit-16-768x512.jpg 768w,  https:\/\/lps-photography.de\/wp-content\/uploads\/2022\/11\/Alaiar-Mallorca-Hochzeit-16-1536x1024.jpg 1536w,  https:\/\/lps-photography.de\/wp-content\/uploads\/2022\/11\/Alaiar-Mallorca-Hochzeit-16-75x50.jpg 75w,  https:\/\/lps-photography.de\/wp-content\/uploads\/2022\/11\/Alaiar-Mallorca-Hochzeit-16-650x433.jpg 650w,  https:\/\/lps-photography.de\/wp-content\/uploads\/2022\/11\/Alaiar-Mallorca-Hochzeit-16-1000x667.jpg 1000w,  https:\/\/lps-photography.de\/wp-content\/uploads\/2022\/11\/Alaiar-Mallorca-Hochzeit-16-50x33.jpg 50w\" alt=\"alaiar mallorca hochzeit 16\" data-attr=\"1\" data-id=\"15935\"\/><\/div><\/div><div class=\"thumb-overlay\"><div class=\"thumb-bg\" style=\"background-color:rgba(255,255,255,0);background:rgba(255,255,255,0)\"><div class=\"thumb-title-wrap display-table-cell vertical-align-middle align-center fadeIn animated\"><div class=\"thumb-title\" style=\"color:;\"><i class=\"portfolio-overlay-icon\"><\/i><\/div><\/div><\/div><\/div><\/a><\/div><\/div><div class=\"element be-hoverlay not-wide no-wide-width-height style1-hover c_to_c\" style=\"margin-bottom: 10px;\"><div class=\"element-inner\" style=\"margin-left: 10px;\"><a href=\"https:\/\/lps-photography.de\/wp-content\/uploads\/2022\/11\/Alaiar-Mallorca-Hochzeit-17.jpg\" data-size=\"1067x1600\" data-href=\"https:\/\/lps-photography.de\/wp-content\/uploads\/2022\/11\/Alaiar-Mallorca-Hochzeit-17.jpg\" class=\"thumb-wrap\" title=\"alaiar mallorca hochzeit 17\" data-><div class=\"flip-wrap\"><div data-aspect-ratio=\"0.67\" style = \"padding-bottom : 149.95313964386%;;\" class=\"flip-img-wrap none-effect\"><img srcset=\"https:\/\/lps-photography.de\/wp-content\/uploads\/2022\/11\/Alaiar-Mallorca-Hochzeit-17.jpg 1067w,  https:\/\/lps-photography.de\/wp-content\/uploads\/2022\/11\/Alaiar-Mallorca-Hochzeit-17-200x300.jpg 200w,  https:\/\/lps-photography.de\/wp-content\/uploads\/2022\/11\/Alaiar-Mallorca-Hochzeit-17-683x1024.jpg 683w,  https:\/\/lps-photography.de\/wp-content\/uploads\/2022\/11\/Alaiar-Mallorca-Hochzeit-17-768x1152.jpg 768w,  https:\/\/lps-photography.de\/wp-content\/uploads\/2022\/11\/Alaiar-Mallorca-Hochzeit-17-1024x1536.jpg 1024w,  https:\/\/lps-photography.de\/wp-content\/uploads\/2022\/11\/Alaiar-Mallorca-Hochzeit-17-33x50.jpg 33w,  https:\/\/lps-photography.de\/wp-content\/uploads\/2022\/11\/Alaiar-Mallorca-Hochzeit-17-650x975.jpg 650w,  https:\/\/lps-photography.de\/wp-content\/uploads\/2022\/11\/Alaiar-Mallorca-Hochzeit-17-1000x1500.jpg 1000w,  https:\/\/lps-photography.de\/wp-content\/uploads\/2022\/11\/Alaiar-Mallorca-Hochzeit-17-50x75.jpg 50w\" alt=\"alaiar mallorca hochzeit 17\" data-attr=\"1\" data-id=\"15936\"\/><\/div><\/div><div class=\"thumb-overlay\"><div class=\"thumb-bg\" style=\"background-color:rgba(255,255,255,0);background:rgba(255,255,255,0)\"><div class=\"thumb-title-wrap display-table-cell vertical-align-middle align-center fadeIn animated\"><div class=\"thumb-title\" style=\"color:;\"><i class=\"portfolio-overlay-icon\"><\/i><\/div><\/div><\/div><\/div><\/a><\/div><\/div><div class=\"element be-hoverlay not-wide no-wide-width-height style1-hover c_to_c\" style=\"margin-bottom: 10px;\"><div class=\"element-inner\" style=\"margin-left: 10px;\"><a href=\"https:\/\/lps-photography.de\/wp-content\/uploads\/2022\/11\/Alaiar-Mallorca-Hochzeit-18.jpg\" data-size=\"1067x1600\" data-href=\"https:\/\/lps-photography.de\/wp-content\/uploads\/2022\/11\/Alaiar-Mallorca-Hochzeit-18.jpg\" class=\"thumb-wrap\" title=\"alaiar mallorca hochzeit 18\" data-><div class=\"flip-wrap\"><div data-aspect-ratio=\"0.67\" style = \"padding-bottom : 149.95313964386%;;\" class=\"flip-img-wrap none-effect\"><img srcset=\"https:\/\/lps-photography.de\/wp-content\/uploads\/2022\/11\/Alaiar-Mallorca-Hochzeit-18.jpg 1067w,  https:\/\/lps-photography.de\/wp-content\/uploads\/2022\/11\/Alaiar-Mallorca-Hochzeit-18-200x300.jpg 200w,  https:\/\/lps-photography.de\/wp-content\/uploads\/2022\/11\/Alaiar-Mallorca-Hochzeit-18-683x1024.jpg 683w,  https:\/\/lps-photography.de\/wp-content\/uploads\/2022\/11\/Alaiar-Mallorca-Hochzeit-18-768x1152.jpg 768w,  https:\/\/lps-photography.de\/wp-content\/uploads\/2022\/11\/Alaiar-Mallorca-Hochzeit-18-1024x1536.jpg 1024w,  https:\/\/lps-photography.de\/wp-content\/uploads\/2022\/11\/Alaiar-Mallorca-Hochzeit-18-33x50.jpg 33w,  https:\/\/lps-photography.de\/wp-content\/uploads\/2022\/11\/Alaiar-Mallorca-Hochzeit-18-650x975.jpg 650w,  https:\/\/lps-photography.de\/wp-content\/uploads\/2022\/11\/Alaiar-Mallorca-Hochzeit-18-1000x1500.jpg 1000w,  https:\/\/lps-photography.de\/wp-content\/uploads\/2022\/11\/Alaiar-Mallorca-Hochzeit-18-50x75.jpg 50w\" alt=\"alaiar mallorca hochzeit 18\" data-attr=\"1\" data-id=\"15937\"\/><\/div><\/div><div class=\"thumb-overlay\"><div class=\"thumb-bg\" style=\"background-color:rgba(255,255,255,0);background:rgba(255,255,255,0)\"><div class=\"thumb-title-wrap display-table-cell vertical-align-middle align-center fadeIn animated\"><div class=\"thumb-title\" style=\"color:;\"><i class=\"portfolio-overlay-icon\"><\/i><\/div><\/div><\/div><\/div><\/a><\/div><\/div><div class=\"element be-hoverlay not-wide no-wide-width-height style1-hover c_to_c\" style=\"margin-bottom: 10px;\"><div class=\"element-inner\" style=\"margin-left: 10px;\"><a href=\"https:\/\/lps-photography.de\/wp-content\/uploads\/2022\/11\/Alaiar-Mallorca-Hochzeit-19.jpg\" data-size=\"1600x1067\" data-href=\"https:\/\/lps-photography.de\/wp-content\/uploads\/2022\/11\/Alaiar-Mallorca-Hochzeit-19.jpg\" class=\"thumb-wrap\" title=\"alaiar mallorca hochzeit 19\" data-><div class=\"flip-wrap\"><div data-aspect-ratio=\"1.5\" style = \"padding-bottom : 66.6875%;;\" class=\"flip-img-wrap none-effect\"><img srcset=\"https:\/\/lps-photography.de\/wp-content\/uploads\/2022\/11\/Alaiar-Mallorca-Hochzeit-19.jpg 1600w,  https:\/\/lps-photography.de\/wp-content\/uploads\/2022\/11\/Alaiar-Mallorca-Hochzeit-19-300x200.jpg 300w,  https:\/\/lps-photography.de\/wp-content\/uploads\/2022\/11\/Alaiar-Mallorca-Hochzeit-19-800x534.jpg 800w,  https:\/\/lps-photography.de\/wp-content\/uploads\/2022\/11\/Alaiar-Mallorca-Hochzeit-19-768x512.jpg 768w,  https:\/\/lps-photography.de\/wp-content\/uploads\/2022\/11\/Alaiar-Mallorca-Hochzeit-19-1536x1024.jpg 1536w,  https:\/\/lps-photography.de\/wp-content\/uploads\/2022\/11\/Alaiar-Mallorca-Hochzeit-19-75x50.jpg 75w,  https:\/\/lps-photography.de\/wp-content\/uploads\/2022\/11\/Alaiar-Mallorca-Hochzeit-19-650x433.jpg 650w,  https:\/\/lps-photography.de\/wp-content\/uploads\/2022\/11\/Alaiar-Mallorca-Hochzeit-19-1000x667.jpg 1000w,  https:\/\/lps-photography.de\/wp-content\/uploads\/2022\/11\/Alaiar-Mallorca-Hochzeit-19-50x33.jpg 50w\" alt=\"alaiar mallorca hochzeit 19\" data-attr=\"1\" data-id=\"15938\"\/><\/div><\/div><div class=\"thumb-overlay\"><div class=\"thumb-bg\" style=\"background-color:rgba(255,255,255,0);background:rgba(255,255,255,0)\"><div class=\"thumb-title-wrap display-table-cell vertical-align-middle align-center fadeIn animated\"><div class=\"thumb-title\" style=\"color:;\"><i class=\"portfolio-overlay-icon\"><\/i><\/div><\/div><\/div><\/div><\/a><\/div><\/div><div class=\"element be-hoverlay not-wide no-wide-width-height style1-hover c_to_c\" style=\"margin-bottom: 10px;\"><div class=\"element-inner\" style=\"margin-left: 10px;\"><a href=\"https:\/\/lps-photography.de\/wp-content\/uploads\/2022\/11\/Alaiar-Mallorca-Hochzeit-20.jpg\" data-size=\"1067x1600\" data-href=\"https:\/\/lps-photography.de\/wp-content\/uploads\/2022\/11\/Alaiar-Mallorca-Hochzeit-20.jpg\" class=\"thumb-wrap\" title=\"alaiar mallorca hochzeit 20\" data-><div class=\"flip-wrap\"><div data-aspect-ratio=\"0.67\" style = \"padding-bottom : 149.95313964386%;;\" class=\"flip-img-wrap none-effect\"><img srcset=\"https:\/\/lps-photography.de\/wp-content\/uploads\/2022\/11\/Alaiar-Mallorca-Hochzeit-20.jpg 1067w,  https:\/\/lps-photography.de\/wp-content\/uploads\/2022\/11\/Alaiar-Mallorca-Hochzeit-20-200x300.jpg 200w,  https:\/\/lps-photography.de\/wp-content\/uploads\/2022\/11\/Alaiar-Mallorca-Hochzeit-20-683x1024.jpg 683w,  https:\/\/lps-photography.de\/wp-content\/uploads\/2022\/11\/Alaiar-Mallorca-Hochzeit-20-768x1152.jpg 768w,  https:\/\/lps-photography.de\/wp-content\/uploads\/2022\/11\/Alaiar-Mallorca-Hochzeit-20-1024x1536.jpg 1024w,  https:\/\/lps-photography.de\/wp-content\/uploads\/2022\/11\/Alaiar-Mallorca-Hochzeit-20-33x50.jpg 33w,  https:\/\/lps-photography.de\/wp-content\/uploads\/2022\/11\/Alaiar-Mallorca-Hochzeit-20-650x975.jpg 650w,  https:\/\/lps-photography.de\/wp-content\/uploads\/2022\/11\/Alaiar-Mallorca-Hochzeit-20-1000x1500.jpg 1000w,  https:\/\/lps-photography.de\/wp-content\/uploads\/2022\/11\/Alaiar-Mallorca-Hochzeit-20-50x75.jpg 50w\" alt=\"alaiar mallorca hochzeit 20\" data-attr=\"1\" data-id=\"15939\"\/><\/div><\/div><div class=\"thumb-overlay\"><div class=\"thumb-bg\" style=\"background-color:rgba(255,255,255,0);background:rgba(255,255,255,0)\"><div class=\"thumb-title-wrap display-table-cell vertical-align-middle align-center fadeIn animated\"><div class=\"thumb-title\" style=\"color:;\"><i class=\"portfolio-overlay-icon\"><\/i><\/div><\/div><\/div><\/div><\/a><\/div><\/div><div class=\"element be-hoverlay not-wide no-wide-width-height style1-hover c_to_c\" style=\"margin-bottom: 10px;\"><div class=\"element-inner\" style=\"margin-left: 10px;\"><a href=\"https:\/\/lps-photography.de\/wp-content\/uploads\/2022\/11\/Alaiar-Mallorca-Hochzeit-21.jpg\" data-size=\"1600x1067\" data-href=\"https:\/\/lps-photography.de\/wp-content\/uploads\/2022\/11\/Alaiar-Mallorca-Hochzeit-21.jpg\" class=\"thumb-wrap\" title=\"alaiar mallorca hochzeit 21\" data-><div class=\"flip-wrap\"><div data-aspect-ratio=\"1.5\" style = \"padding-bottom : 66.6875%;;\" class=\"flip-img-wrap none-effect\"><img srcset=\"https:\/\/lps-photography.de\/wp-content\/uploads\/2022\/11\/Alaiar-Mallorca-Hochzeit-21.jpg 1600w,  https:\/\/lps-photography.de\/wp-content\/uploads\/2022\/11\/Alaiar-Mallorca-Hochzeit-21-300x200.jpg 300w,  https:\/\/lps-photography.de\/wp-content\/uploads\/2022\/11\/Alaiar-Mallorca-Hochzeit-21-800x534.jpg 800w,  https:\/\/lps-photography.de\/wp-content\/uploads\/2022\/11\/Alaiar-Mallorca-Hochzeit-21-768x512.jpg 768w,  https:\/\/lps-photography.de\/wp-content\/uploads\/2022\/11\/Alaiar-Mallorca-Hochzeit-21-1536x1024.jpg 1536w,  https:\/\/lps-photography.de\/wp-content\/uploads\/2022\/11\/Alaiar-Mallorca-Hochzeit-21-75x50.jpg 75w,  https:\/\/lps-photography.de\/wp-content\/uploads\/2022\/11\/Alaiar-Mallorca-Hochzeit-21-650x433.jpg 650w,  https:\/\/lps-photography.de\/wp-content\/uploads\/2022\/11\/Alaiar-Mallorca-Hochzeit-21-1000x667.jpg 1000w,  https:\/\/lps-photography.de\/wp-content\/uploads\/2022\/11\/Alaiar-Mallorca-Hochzeit-21-50x33.jpg 50w\" alt=\"alaiar mallorca hochzeit 21\" data-attr=\"1\" data-id=\"15940\"\/><\/div><\/div><div class=\"thumb-overlay\"><div class=\"thumb-bg\" style=\"background-color:rgba(255,255,255,0);background:rgba(255,255,255,0)\"><div class=\"thumb-title-wrap display-table-cell vertical-align-middle align-center fadeIn animated\"><div class=\"thumb-title\" style=\"color:;\"><i class=\"portfolio-overlay-icon\"><\/i><\/div><\/div><\/div><\/div><\/a><\/div><\/div><div class=\"element be-hoverlay not-wide no-wide-width-height style1-hover c_to_c\" style=\"margin-bottom: 10px;\"><div class=\"element-inner\" style=\"margin-left: 10px;\"><a href=\"https:\/\/lps-photography.de\/wp-content\/uploads\/2022\/11\/Alaiar-Mallorca-Hochzeit-22.jpg\" data-size=\"1600x1067\" data-href=\"https:\/\/lps-photography.de\/wp-content\/uploads\/2022\/11\/Alaiar-Mallorca-Hochzeit-22.jpg\" class=\"thumb-wrap\" title=\"alaiar mallorca hochzeit 22\" data-><div class=\"flip-wrap\"><div data-aspect-ratio=\"1.5\" style = \"padding-bottom : 66.6875%;;\" class=\"flip-img-wrap none-effect\"><img srcset=\"https:\/\/lps-photography.de\/wp-content\/uploads\/2022\/11\/Alaiar-Mallorca-Hochzeit-22.jpg 1600w,  https:\/\/lps-photography.de\/wp-content\/uploads\/2022\/11\/Alaiar-Mallorca-Hochzeit-22-300x200.jpg 300w,  https:\/\/lps-photography.de\/wp-content\/uploads\/2022\/11\/Alaiar-Mallorca-Hochzeit-22-800x534.jpg 800w,  https:\/\/lps-photography.de\/wp-content\/uploads\/2022\/11\/Alaiar-Mallorca-Hochzeit-22-768x512.jpg 768w,  https:\/\/lps-photography.de\/wp-content\/uploads\/2022\/11\/Alaiar-Mallorca-Hochzeit-22-1536x1024.jpg 1536w,  https:\/\/lps-photography.de\/wp-content\/uploads\/2022\/11\/Alaiar-Mallorca-Hochzeit-22-75x50.jpg 75w,  https:\/\/lps-photography.de\/wp-content\/uploads\/2022\/11\/Alaiar-Mallorca-Hochzeit-22-650x433.jpg 650w,  https:\/\/lps-photography.de\/wp-content\/uploads\/2022\/11\/Alaiar-Mallorca-Hochzeit-22-1000x667.jpg 1000w,  https:\/\/lps-photography.de\/wp-content\/uploads\/2022\/11\/Alaiar-Mallorca-Hochzeit-22-50x33.jpg 50w\" alt=\"alaiar mallorca hochzeit 22\" data-attr=\"1\" data-id=\"15941\"\/><\/div><\/div><div class=\"thumb-overlay\"><div class=\"thumb-bg\" style=\"background-color:rgba(255,255,255,0);background:rgba(255,255,255,0)\"><div class=\"thumb-title-wrap display-table-cell vertical-align-middle align-center fadeIn animated\"><div class=\"thumb-title\" style=\"color:;\"><i class=\"portfolio-overlay-icon\"><\/i><\/div><\/div><\/div><\/div><\/a><\/div><\/div><div class=\"element be-hoverlay not-wide no-wide-width-height style1-hover c_to_c\" style=\"margin-bottom: 10px;\"><div class=\"element-inner\" style=\"margin-left: 10px;\"><a href=\"https:\/\/lps-photography.de\/wp-content\/uploads\/2022\/11\/Alaiar-Mallorca-Hochzeit-23.jpg\" data-size=\"1067x1600\" data-href=\"https:\/\/lps-photography.de\/wp-content\/uploads\/2022\/11\/Alaiar-Mallorca-Hochzeit-23.jpg\" class=\"thumb-wrap\" title=\"alaiar mallorca hochzeit 23\" data-><div class=\"flip-wrap\"><div data-aspect-ratio=\"0.67\" style = \"padding-bottom : 149.95313964386%;;\" class=\"flip-img-wrap none-effect\"><img srcset=\"https:\/\/lps-photography.de\/wp-content\/uploads\/2022\/11\/Alaiar-Mallorca-Hochzeit-23.jpg 1067w,  https:\/\/lps-photography.de\/wp-content\/uploads\/2022\/11\/Alaiar-Mallorca-Hochzeit-23-200x300.jpg 200w,  https:\/\/lps-photography.de\/wp-content\/uploads\/2022\/11\/Alaiar-Mallorca-Hochzeit-23-683x1024.jpg 683w,  https:\/\/lps-photography.de\/wp-content\/uploads\/2022\/11\/Alaiar-Mallorca-Hochzeit-23-768x1152.jpg 768w,  https:\/\/lps-photography.de\/wp-content\/uploads\/2022\/11\/Alaiar-Mallorca-Hochzeit-23-1024x1536.jpg 1024w,  https:\/\/lps-photography.de\/wp-content\/uploads\/2022\/11\/Alaiar-Mallorca-Hochzeit-23-33x50.jpg 33w,  https:\/\/lps-photography.de\/wp-content\/uploads\/2022\/11\/Alaiar-Mallorca-Hochzeit-23-650x975.jpg 650w,  https:\/\/lps-photography.de\/wp-content\/uploads\/2022\/11\/Alaiar-Mallorca-Hochzeit-23-1000x1500.jpg 1000w,  https:\/\/lps-photography.de\/wp-content\/uploads\/2022\/11\/Alaiar-Mallorca-Hochzeit-23-50x75.jpg 50w\" alt=\"alaiar mallorca hochzeit 23\" data-attr=\"1\" data-id=\"15942\"\/><\/div><\/div><div class=\"thumb-overlay\"><div class=\"thumb-bg\" style=\"background-color:rgba(255,255,255,0);background:rgba(255,255,255,0)\"><div class=\"thumb-title-wrap display-table-cell vertical-align-middle align-center fadeIn animated\"><div class=\"thumb-title\" style=\"color:;\"><i class=\"portfolio-overlay-icon\"><\/i><\/div><\/div><\/div><\/div><\/a><\/div><\/div><div class=\"element be-hoverlay not-wide no-wide-width-height style1-hover c_to_c\" style=\"margin-bottom: 10px;\"><div class=\"element-inner\" style=\"margin-left: 10px;\"><a href=\"https:\/\/lps-photography.de\/wp-content\/uploads\/2022\/11\/Alaiar-Mallorca-Hochzeit-24.jpg\" data-size=\"1600x1067\" data-href=\"https:\/\/lps-photography.de\/wp-content\/uploads\/2022\/11\/Alaiar-Mallorca-Hochzeit-24.jpg\" class=\"thumb-wrap\" title=\"alaiar mallorca hochzeit 24\" data-><div class=\"flip-wrap\"><div data-aspect-ratio=\"1.5\" style = \"padding-bottom : 66.6875%;;\" class=\"flip-img-wrap none-effect\"><img srcset=\"https:\/\/lps-photography.de\/wp-content\/uploads\/2022\/11\/Alaiar-Mallorca-Hochzeit-24.jpg 1600w,  https:\/\/lps-photography.de\/wp-content\/uploads\/2022\/11\/Alaiar-Mallorca-Hochzeit-24-300x200.jpg 300w,  https:\/\/lps-photography.de\/wp-content\/uploads\/2022\/11\/Alaiar-Mallorca-Hochzeit-24-800x534.jpg 800w,  https:\/\/lps-photography.de\/wp-content\/uploads\/2022\/11\/Alaiar-Mallorca-Hochzeit-24-768x512.jpg 768w,  https:\/\/lps-photography.de\/wp-content\/uploads\/2022\/11\/Alaiar-Mallorca-Hochzeit-24-1536x1024.jpg 1536w,  https:\/\/lps-photography.de\/wp-content\/uploads\/2022\/11\/Alaiar-Mallorca-Hochzeit-24-75x50.jpg 75w,  https:\/\/lps-photography.de\/wp-content\/uploads\/2022\/11\/Alaiar-Mallorca-Hochzeit-24-650x433.jpg 650w,  https:\/\/lps-photography.de\/wp-content\/uploads\/2022\/11\/Alaiar-Mallorca-Hochzeit-24-1000x667.jpg 1000w,  https:\/\/lps-photography.de\/wp-content\/uploads\/2022\/11\/Alaiar-Mallorca-Hochzeit-24-50x33.jpg 50w\" alt=\"alaiar mallorca hochzeit 24\" data-attr=\"1\" data-id=\"15943\"\/><\/div><\/div><div class=\"thumb-overlay\"><div class=\"thumb-bg\" style=\"background-color:rgba(255,255,255,0);background:rgba(255,255,255,0)\"><div class=\"thumb-title-wrap display-table-cell vertical-align-middle align-center fadeIn animated\"><div class=\"thumb-title\" style=\"color:;\"><i class=\"portfolio-overlay-icon\"><\/i><\/div><\/div><\/div><\/div><\/a><\/div><\/div><div class=\"element be-hoverlay not-wide no-wide-width-height style1-hover c_to_c\" style=\"margin-bottom: 10px;\"><div class=\"element-inner\" style=\"margin-left: 10px;\"><a href=\"https:\/\/lps-photography.de\/wp-content\/uploads\/2022\/11\/Alaiar-Mallorca-Hochzeit-25.jpg\" data-size=\"1600x1067\" data-href=\"https:\/\/lps-photography.de\/wp-content\/uploads\/2022\/11\/Alaiar-Mallorca-Hochzeit-25.jpg\" class=\"thumb-wrap\" title=\"alaiar mallorca hochzeit 25\" data-><div class=\"flip-wrap\"><div data-aspect-ratio=\"1.5\" style = \"padding-bottom : 66.6875%;;\" class=\"flip-img-wrap none-effect\"><img srcset=\"https:\/\/lps-photography.de\/wp-content\/uploads\/2022\/11\/Alaiar-Mallorca-Hochzeit-25.jpg 1600w,  https:\/\/lps-photography.de\/wp-content\/uploads\/2022\/11\/Alaiar-Mallorca-Hochzeit-25-300x200.jpg 300w,  https:\/\/lps-photography.de\/wp-content\/uploads\/2022\/11\/Alaiar-Mallorca-Hochzeit-25-800x534.jpg 800w,  https:\/\/lps-photography.de\/wp-content\/uploads\/2022\/11\/Alaiar-Mallorca-Hochzeit-25-768x512.jpg 768w,  https:\/\/lps-photography.de\/wp-content\/uploads\/2022\/11\/Alaiar-Mallorca-Hochzeit-25-1536x1024.jpg 1536w,  https:\/\/lps-photography.de\/wp-content\/uploads\/2022\/11\/Alaiar-Mallorca-Hochzeit-25-75x50.jpg 75w,  https:\/\/lps-photography.de\/wp-content\/uploads\/2022\/11\/Alaiar-Mallorca-Hochzeit-25-650x433.jpg 650w,  https:\/\/lps-photography.de\/wp-content\/uploads\/2022\/11\/Alaiar-Mallorca-Hochzeit-25-1000x667.jpg 1000w,  https:\/\/lps-photography.de\/wp-content\/uploads\/2022\/11\/Alaiar-Mallorca-Hochzeit-25-50x33.jpg 50w\" alt=\"alaiar mallorca hochzeit 25\" data-attr=\"1\" data-id=\"15944\"\/><\/div><\/div><div class=\"thumb-overlay\"><div class=\"thumb-bg\" style=\"background-color:rgba(255,255,255,0);background:rgba(255,255,255,0)\"><div class=\"thumb-title-wrap display-table-cell vertical-align-middle align-center fadeIn animated\"><div class=\"thumb-title\" style=\"color:;\"><i class=\"portfolio-overlay-icon\"><\/i><\/div><\/div><\/div><\/div><\/a><\/div><\/div><div class=\"element be-hoverlay not-wide no-wide-width-height style1-hover c_to_c\" style=\"margin-bottom: 10px;\"><div class=\"element-inner\" style=\"margin-left: 10px;\"><a href=\"https:\/\/lps-photography.de\/wp-content\/uploads\/2022\/11\/Alaiar-Mallorca-Hochzeit-26.jpg\" data-size=\"1600x1067\" data-href=\"https:\/\/lps-photography.de\/wp-content\/uploads\/2022\/11\/Alaiar-Mallorca-Hochzeit-26.jpg\" class=\"thumb-wrap\" title=\"alaiar mallorca hochzeit 26\" data-><div class=\"flip-wrap\"><div data-aspect-ratio=\"1.5\" style = \"padding-bottom : 66.6875%;;\" class=\"flip-img-wrap none-effect\"><img srcset=\"https:\/\/lps-photography.de\/wp-content\/uploads\/2022\/11\/Alaiar-Mallorca-Hochzeit-26.jpg 1600w,  https:\/\/lps-photography.de\/wp-content\/uploads\/2022\/11\/Alaiar-Mallorca-Hochzeit-26-300x200.jpg 300w,  https:\/\/lps-photography.de\/wp-content\/uploads\/2022\/11\/Alaiar-Mallorca-Hochzeit-26-800x534.jpg 800w,  https:\/\/lps-photography.de\/wp-content\/uploads\/2022\/11\/Alaiar-Mallorca-Hochzeit-26-768x512.jpg 768w,  https:\/\/lps-photography.de\/wp-content\/uploads\/2022\/11\/Alaiar-Mallorca-Hochzeit-26-1536x1024.jpg 1536w,  https:\/\/lps-photography.de\/wp-content\/uploads\/2022\/11\/Alaiar-Mallorca-Hochzeit-26-75x50.jpg 75w,  https:\/\/lps-photography.de\/wp-content\/uploads\/2022\/11\/Alaiar-Mallorca-Hochzeit-26-650x433.jpg 650w,  https:\/\/lps-photography.de\/wp-content\/uploads\/2022\/11\/Alaiar-Mallorca-Hochzeit-26-1000x667.jpg 1000w,  https:\/\/lps-photography.de\/wp-content\/uploads\/2022\/11\/Alaiar-Mallorca-Hochzeit-26-50x33.jpg 50w\" alt=\"alaiar mallorca hochzeit 26\" data-attr=\"1\" data-id=\"15945\"\/><\/div><\/div><div class=\"thumb-overlay\"><div class=\"thumb-bg\" style=\"background-color:rgba(255,255,255,0);background:rgba(255,255,255,0)\"><div class=\"thumb-title-wrap display-table-cell vertical-align-middle align-center fadeIn animated\"><div class=\"thumb-title\" style=\"color:;\"><i class=\"portfolio-overlay-icon\"><\/i><\/div><\/div><\/div><\/div><\/a><\/div><\/div><div class=\"element be-hoverlay not-wide no-wide-width-height style1-hover c_to_c\" style=\"margin-bottom: 10px;\"><div class=\"element-inner\" style=\"margin-left: 10px;\"><a href=\"https:\/\/lps-photography.de\/wp-content\/uploads\/2022\/11\/Alaiar-Mallorca-Hochzeit-27.jpg\" data-size=\"1600x1067\" data-href=\"https:\/\/lps-photography.de\/wp-content\/uploads\/2022\/11\/Alaiar-Mallorca-Hochzeit-27.jpg\" class=\"thumb-wrap\" title=\"alaiar mallorca hochzeit 27\" data-><div class=\"flip-wrap\"><div data-aspect-ratio=\"1.5\" style = \"padding-bottom : 66.6875%;;\" class=\"flip-img-wrap none-effect\"><img srcset=\"https:\/\/lps-photography.de\/wp-content\/uploads\/2022\/11\/Alaiar-Mallorca-Hochzeit-27.jpg 1600w,  https:\/\/lps-photography.de\/wp-content\/uploads\/2022\/11\/Alaiar-Mallorca-Hochzeit-27-300x200.jpg 300w,  https:\/\/lps-photography.de\/wp-content\/uploads\/2022\/11\/Alaiar-Mallorca-Hochzeit-27-800x534.jpg 800w,  https:\/\/lps-photography.de\/wp-content\/uploads\/2022\/11\/Alaiar-Mallorca-Hochzeit-27-768x512.jpg 768w,  https:\/\/lps-photography.de\/wp-content\/uploads\/2022\/11\/Alaiar-Mallorca-Hochzeit-27-1536x1024.jpg 1536w,  https:\/\/lps-photography.de\/wp-content\/uploads\/2022\/11\/Alaiar-Mallorca-Hochzeit-27-75x50.jpg 75w,  https:\/\/lps-photography.de\/wp-content\/uploads\/2022\/11\/Alaiar-Mallorca-Hochzeit-27-650x433.jpg 650w,  https:\/\/lps-photography.de\/wp-content\/uploads\/2022\/11\/Alaiar-Mallorca-Hochzeit-27-1000x667.jpg 1000w,  https:\/\/lps-photography.de\/wp-content\/uploads\/2022\/11\/Alaiar-Mallorca-Hochzeit-27-50x33.jpg 50w\" alt=\"alaiar mallorca hochzeit 27\" data-attr=\"1\" data-id=\"15946\"\/><\/div><\/div><div class=\"thumb-overlay\"><div class=\"thumb-bg\" style=\"background-color:rgba(255,255,255,0);background:rgba(255,255,255,0)\"><div class=\"thumb-title-wrap display-table-cell vertical-align-middle align-center fadeIn animated\"><div class=\"thumb-title\" style=\"color:;\"><i class=\"portfolio-overlay-icon\"><\/i><\/div><\/div><\/div><\/div><\/a><\/div><\/div><div class=\"element be-hoverlay not-wide no-wide-width-height style1-hover c_to_c\" style=\"margin-bottom: 10px;\"><div class=\"element-inner\" style=\"margin-left: 10px;\"><a href=\"https:\/\/lps-photography.de\/wp-content\/uploads\/2022\/11\/Alaiar-Mallorca-Hochzeit-28.jpg\" data-size=\"1600x1067\" data-href=\"https:\/\/lps-photography.de\/wp-content\/uploads\/2022\/11\/Alaiar-Mallorca-Hochzeit-28.jpg\" class=\"thumb-wrap\" title=\"alaiar mallorca hochzeit 28\" data-><div class=\"flip-wrap\"><div data-aspect-ratio=\"1.5\" style = \"padding-bottom : 66.6875%;;\" class=\"flip-img-wrap none-effect\"><img srcset=\"https:\/\/lps-photography.de\/wp-content\/uploads\/2022\/11\/Alaiar-Mallorca-Hochzeit-28.jpg 1600w,  https:\/\/lps-photography.de\/wp-content\/uploads\/2022\/11\/Alaiar-Mallorca-Hochzeit-28-300x200.jpg 300w,  https:\/\/lps-photography.de\/wp-content\/uploads\/2022\/11\/Alaiar-Mallorca-Hochzeit-28-800x534.jpg 800w,  https:\/\/lps-photography.de\/wp-content\/uploads\/2022\/11\/Alaiar-Mallorca-Hochzeit-28-768x512.jpg 768w,  https:\/\/lps-photography.de\/wp-content\/uploads\/2022\/11\/Alaiar-Mallorca-Hochzeit-28-1536x1024.jpg 1536w,  https:\/\/lps-photography.de\/wp-content\/uploads\/2022\/11\/Alaiar-Mallorca-Hochzeit-28-75x50.jpg 75w,  https:\/\/lps-photography.de\/wp-content\/uploads\/2022\/11\/Alaiar-Mallorca-Hochzeit-28-650x433.jpg 650w,  https:\/\/lps-photography.de\/wp-content\/uploads\/2022\/11\/Alaiar-Mallorca-Hochzeit-28-1000x667.jpg 1000w,  https:\/\/lps-photography.de\/wp-content\/uploads\/2022\/11\/Alaiar-Mallorca-Hochzeit-28-50x33.jpg 50w\" alt=\"alaiar mallorca hochzeit 28\" data-attr=\"1\" data-id=\"15947\"\/><\/div><\/div><div class=\"thumb-overlay\"><div class=\"thumb-bg\" style=\"background-color:rgba(255,255,255,0);background:rgba(255,255,255,0)\"><div class=\"thumb-title-wrap display-table-cell vertical-align-middle align-center fadeIn animated\"><div class=\"thumb-title\" style=\"color:;\"><i class=\"portfolio-overlay-icon\"><\/i><\/div><\/div><\/div><\/div><\/a><\/div><\/div><div class=\"element be-hoverlay not-wide no-wide-width-height style1-hover c_to_c\" style=\"margin-bottom: 10px;\"><div class=\"element-inner\" style=\"margin-left: 10px;\"><a href=\"https:\/\/lps-photography.de\/wp-content\/uploads\/2022\/11\/Alaiar-Mallorca-Hochzeit-29.jpg\" data-size=\"1600x1067\" data-href=\"https:\/\/lps-photography.de\/wp-content\/uploads\/2022\/11\/Alaiar-Mallorca-Hochzeit-29.jpg\" class=\"thumb-wrap\" title=\"alaiar mallorca hochzeit 29\" data-><div class=\"flip-wrap\"><div data-aspect-ratio=\"1.5\" style = \"padding-bottom : 66.6875%;;\" class=\"flip-img-wrap none-effect\"><img srcset=\"https:\/\/lps-photography.de\/wp-content\/uploads\/2022\/11\/Alaiar-Mallorca-Hochzeit-29.jpg 1600w,  https:\/\/lps-photography.de\/wp-content\/uploads\/2022\/11\/Alaiar-Mallorca-Hochzeit-29-300x200.jpg 300w,  https:\/\/lps-photography.de\/wp-content\/uploads\/2022\/11\/Alaiar-Mallorca-Hochzeit-29-800x534.jpg 800w,  https:\/\/lps-photography.de\/wp-content\/uploads\/2022\/11\/Alaiar-Mallorca-Hochzeit-29-768x512.jpg 768w,  https:\/\/lps-photography.de\/wp-content\/uploads\/2022\/11\/Alaiar-Mallorca-Hochzeit-29-1536x1024.jpg 1536w,  https:\/\/lps-photography.de\/wp-content\/uploads\/2022\/11\/Alaiar-Mallorca-Hochzeit-29-75x50.jpg 75w,  https:\/\/lps-photography.de\/wp-content\/uploads\/2022\/11\/Alaiar-Mallorca-Hochzeit-29-650x433.jpg 650w,  https:\/\/lps-photography.de\/wp-content\/uploads\/2022\/11\/Alaiar-Mallorca-Hochzeit-29-1000x667.jpg 1000w,  https:\/\/lps-photography.de\/wp-content\/uploads\/2022\/11\/Alaiar-Mallorca-Hochzeit-29-50x33.jpg 50w\" alt=\"alaiar mallorca hochzeit 29\" data-attr=\"1\" data-id=\"15948\"\/><\/div><\/div><div class=\"thumb-overlay\"><div class=\"thumb-bg\" style=\"background-color:rgba(255,255,255,0);background:rgba(255,255,255,0)\"><div class=\"thumb-title-wrap display-table-cell vertical-align-middle align-center fadeIn animated\"><div class=\"thumb-title\" style=\"color:;\"><i class=\"portfolio-overlay-icon\"><\/i><\/div><\/div><\/div><\/div><\/a><\/div><\/div><div class=\"element be-hoverlay not-wide no-wide-width-height style1-hover c_to_c\" style=\"margin-bottom: 10px;\"><div class=\"element-inner\" style=\"margin-left: 10px;\"><a href=\"https:\/\/lps-photography.de\/wp-content\/uploads\/2022\/11\/Alaiar-Mallorca-Hochzeit-30.jpg\" data-size=\"1600x1067\" data-href=\"https:\/\/lps-photography.de\/wp-content\/uploads\/2022\/11\/Alaiar-Mallorca-Hochzeit-30.jpg\" class=\"thumb-wrap\" title=\"alaiar mallorca hochzeit 30\" data-><div class=\"flip-wrap\"><div data-aspect-ratio=\"1.5\" style = \"padding-bottom : 66.6875%;;\" class=\"flip-img-wrap none-effect\"><img srcset=\"https:\/\/lps-photography.de\/wp-content\/uploads\/2022\/11\/Alaiar-Mallorca-Hochzeit-30.jpg 1600w,  https:\/\/lps-photography.de\/wp-content\/uploads\/2022\/11\/Alaiar-Mallorca-Hochzeit-30-300x200.jpg 300w,  https:\/\/lps-photography.de\/wp-content\/uploads\/2022\/11\/Alaiar-Mallorca-Hochzeit-30-800x534.jpg 800w,  https:\/\/lps-photography.de\/wp-content\/uploads\/2022\/11\/Alaiar-Mallorca-Hochzeit-30-768x512.jpg 768w,  https:\/\/lps-photography.de\/wp-content\/uploads\/2022\/11\/Alaiar-Mallorca-Hochzeit-30-1536x1024.jpg 1536w,  https:\/\/lps-photography.de\/wp-content\/uploads\/2022\/11\/Alaiar-Mallorca-Hochzeit-30-75x50.jpg 75w,  https:\/\/lps-photography.de\/wp-content\/uploads\/2022\/11\/Alaiar-Mallorca-Hochzeit-30-650x433.jpg 650w,  https:\/\/lps-photography.de\/wp-content\/uploads\/2022\/11\/Alaiar-Mallorca-Hochzeit-30-1000x667.jpg 1000w,  https:\/\/lps-photography.de\/wp-content\/uploads\/2022\/11\/Alaiar-Mallorca-Hochzeit-30-50x33.jpg 50w\" alt=\"alaiar mallorca hochzeit 30\" data-attr=\"1\" data-id=\"15949\"\/><\/div><\/div><div class=\"thumb-overlay\"><div class=\"thumb-bg\" style=\"background-color:rgba(255,255,255,0);background:rgba(255,255,255,0)\"><div class=\"thumb-title-wrap display-table-cell vertical-align-middle align-center fadeIn animated\"><div class=\"thumb-title\" style=\"color:;\"><i class=\"portfolio-overlay-icon\"><\/i><\/div><\/div><\/div><\/div><\/a><\/div><\/div><div class=\"element be-hoverlay not-wide no-wide-width-height style1-hover c_to_c\" style=\"margin-bottom: 10px;\"><div class=\"element-inner\" style=\"margin-left: 10px;\"><a href=\"https:\/\/lps-photography.de\/wp-content\/uploads\/2022\/11\/Alaiar-Mallorca-Hochzeit-31.jpg\" data-size=\"1600x1067\" data-href=\"https:\/\/lps-photography.de\/wp-content\/uploads\/2022\/11\/Alaiar-Mallorca-Hochzeit-31.jpg\" class=\"thumb-wrap\" title=\"alaiar mallorca hochzeit 31\" data-><div class=\"flip-wrap\"><div data-aspect-ratio=\"1.5\" style = \"padding-bottom : 66.6875%;;\" class=\"flip-img-wrap none-effect\"><img srcset=\"https:\/\/lps-photography.de\/wp-content\/uploads\/2022\/11\/Alaiar-Mallorca-Hochzeit-31.jpg 1600w,  https:\/\/lps-photography.de\/wp-content\/uploads\/2022\/11\/Alaiar-Mallorca-Hochzeit-31-300x200.jpg 300w,  https:\/\/lps-photography.de\/wp-content\/uploads\/2022\/11\/Alaiar-Mallorca-Hochzeit-31-800x534.jpg 800w,  https:\/\/lps-photography.de\/wp-content\/uploads\/2022\/11\/Alaiar-Mallorca-Hochzeit-31-768x512.jpg 768w,  https:\/\/lps-photography.de\/wp-content\/uploads\/2022\/11\/Alaiar-Mallorca-Hochzeit-31-1536x1024.jpg 1536w,  https:\/\/lps-photography.de\/wp-content\/uploads\/2022\/11\/Alaiar-Mallorca-Hochzeit-31-75x50.jpg 75w,  https:\/\/lps-photography.de\/wp-content\/uploads\/2022\/11\/Alaiar-Mallorca-Hochzeit-31-650x433.jpg 650w,  https:\/\/lps-photography.de\/wp-content\/uploads\/2022\/11\/Alaiar-Mallorca-Hochzeit-31-1000x667.jpg 1000w,  https:\/\/lps-photography.de\/wp-content\/uploads\/2022\/11\/Alaiar-Mallorca-Hochzeit-31-50x33.jpg 50w\" alt=\"alaiar mallorca hochzeit 31\" data-attr=\"1\" data-id=\"15950\"\/><\/div><\/div><div class=\"thumb-overlay\"><div class=\"thumb-bg\" style=\"background-color:rgba(255,255,255,0);background:rgba(255,255,255,0)\"><div class=\"thumb-title-wrap display-table-cell vertical-align-middle align-center fadeIn animated\"><div class=\"thumb-title\" style=\"color:;\"><i class=\"portfolio-overlay-icon\"><\/i><\/div><\/div><\/div><\/div><\/a><\/div><\/div><div class=\"element be-hoverlay not-wide no-wide-width-height style1-hover c_to_c\" style=\"margin-bottom: 10px;\"><div class=\"element-inner\" style=\"margin-left: 10px;\"><a href=\"https:\/\/lps-photography.de\/wp-content\/uploads\/2022\/11\/Alaiar-Mallorca-Hochzeit-32.jpg\" data-size=\"1600x1067\" data-href=\"https:\/\/lps-photography.de\/wp-content\/uploads\/2022\/11\/Alaiar-Mallorca-Hochzeit-32.jpg\" class=\"thumb-wrap\" title=\"alaiar mallorca hochzeit 32\" data-><div class=\"flip-wrap\"><div data-aspect-ratio=\"1.5\" style = \"padding-bottom : 66.6875%;;\" class=\"flip-img-wrap none-effect\"><img srcset=\"https:\/\/lps-photography.de\/wp-content\/uploads\/2022\/11\/Alaiar-Mallorca-Hochzeit-32.jpg 1600w,  https:\/\/lps-photography.de\/wp-content\/uploads\/2022\/11\/Alaiar-Mallorca-Hochzeit-32-300x200.jpg 300w,  https:\/\/lps-photography.de\/wp-content\/uploads\/2022\/11\/Alaiar-Mallorca-Hochzeit-32-800x534.jpg 800w,  https:\/\/lps-photography.de\/wp-content\/uploads\/2022\/11\/Alaiar-Mallorca-Hochzeit-32-768x512.jpg 768w,  https:\/\/lps-photography.de\/wp-content\/uploads\/2022\/11\/Alaiar-Mallorca-Hochzeit-32-1536x1024.jpg 1536w,  https:\/\/lps-photography.de\/wp-content\/uploads\/2022\/11\/Alaiar-Mallorca-Hochzeit-32-75x50.jpg 75w,  https:\/\/lps-photography.de\/wp-content\/uploads\/2022\/11\/Alaiar-Mallorca-Hochzeit-32-650x433.jpg 650w,  https:\/\/lps-photography.de\/wp-content\/uploads\/2022\/11\/Alaiar-Mallorca-Hochzeit-32-1000x667.jpg 1000w,  https:\/\/lps-photography.de\/wp-content\/uploads\/2022\/11\/Alaiar-Mallorca-Hochzeit-32-50x33.jpg 50w\" alt=\"alaiar mallorca hochzeit 32\" data-attr=\"1\" data-id=\"15951\"\/><\/div><\/div><div class=\"thumb-overlay\"><div class=\"thumb-bg\" style=\"background-color:rgba(255,255,255,0);background:rgba(255,255,255,0)\"><div class=\"thumb-title-wrap display-table-cell vertical-align-middle align-center fadeIn animated\"><div class=\"thumb-title\" style=\"color:;\"><i class=\"portfolio-overlay-icon\"><\/i><\/div><\/div><\/div><\/div><\/a><\/div><\/div><div class=\"element be-hoverlay not-wide no-wide-width-height style1-hover c_to_c\" style=\"margin-bottom: 10px;\"><div class=\"element-inner\" style=\"margin-left: 10px;\"><a href=\"https:\/\/lps-photography.de\/wp-content\/uploads\/2022\/11\/Alaiar-Mallorca-Hochzeit-33.jpg\" data-size=\"1600x1067\" data-href=\"https:\/\/lps-photography.de\/wp-content\/uploads\/2022\/11\/Alaiar-Mallorca-Hochzeit-33.jpg\" class=\"thumb-wrap\" title=\"alaiar mallorca hochzeit 33\" data-><div class=\"flip-wrap\"><div data-aspect-ratio=\"1.5\" style = \"padding-bottom : 66.6875%;;\" class=\"flip-img-wrap none-effect\"><img srcset=\"https:\/\/lps-photography.de\/wp-content\/uploads\/2022\/11\/Alaiar-Mallorca-Hochzeit-33.jpg 1600w,  https:\/\/lps-photography.de\/wp-content\/uploads\/2022\/11\/Alaiar-Mallorca-Hochzeit-33-300x200.jpg 300w,  https:\/\/lps-photography.de\/wp-content\/uploads\/2022\/11\/Alaiar-Mallorca-Hochzeit-33-800x534.jpg 800w,  https:\/\/lps-photography.de\/wp-content\/uploads\/2022\/11\/Alaiar-Mallorca-Hochzeit-33-768x512.jpg 768w,  https:\/\/lps-photography.de\/wp-content\/uploads\/2022\/11\/Alaiar-Mallorca-Hochzeit-33-1536x1024.jpg 1536w,  https:\/\/lps-photography.de\/wp-content\/uploads\/2022\/11\/Alaiar-Mallorca-Hochzeit-33-75x50.jpg 75w,  https:\/\/lps-photography.de\/wp-content\/uploads\/2022\/11\/Alaiar-Mallorca-Hochzeit-33-650x433.jpg 650w,  https:\/\/lps-photography.de\/wp-content\/uploads\/2022\/11\/Alaiar-Mallorca-Hochzeit-33-1000x667.jpg 1000w,  https:\/\/lps-photography.de\/wp-content\/uploads\/2022\/11\/Alaiar-Mallorca-Hochzeit-33-50x33.jpg 50w\" alt=\"alaiar mallorca hochzeit 33\" data-attr=\"1\" data-id=\"15952\"\/><\/div><\/div><div class=\"thumb-overlay\"><div class=\"thumb-bg\" style=\"background-color:rgba(255,255,255,0);background:rgba(255,255,255,0)\"><div class=\"thumb-title-wrap display-table-cell vertical-align-middle align-center fadeIn animated\"><div class=\"thumb-title\" style=\"color:;\"><i class=\"portfolio-overlay-icon\"><\/i><\/div><\/div><\/div><\/div><\/a><\/div><\/div><div class=\"element be-hoverlay not-wide no-wide-width-height style1-hover c_to_c\" style=\"margin-bottom: 10px;\"><div class=\"element-inner\" style=\"margin-left: 10px;\"><a href=\"https:\/\/lps-photography.de\/wp-content\/uploads\/2022\/11\/Alaiar-Mallorca-Hochzeit-34.jpg\" data-size=\"1600x1067\" data-href=\"https:\/\/lps-photography.de\/wp-content\/uploads\/2022\/11\/Alaiar-Mallorca-Hochzeit-34.jpg\" class=\"thumb-wrap\" title=\"alaiar mallorca hochzeit 34\" data-><div class=\"flip-wrap\"><div data-aspect-ratio=\"1.5\" style = \"padding-bottom : 66.6875%;;\" class=\"flip-img-wrap none-effect\"><img srcset=\"https:\/\/lps-photography.de\/wp-content\/uploads\/2022\/11\/Alaiar-Mallorca-Hochzeit-34.jpg 1600w,  https:\/\/lps-photography.de\/wp-content\/uploads\/2022\/11\/Alaiar-Mallorca-Hochzeit-34-300x200.jpg 300w,  https:\/\/lps-photography.de\/wp-content\/uploads\/2022\/11\/Alaiar-Mallorca-Hochzeit-34-800x534.jpg 800w,  https:\/\/lps-photography.de\/wp-content\/uploads\/2022\/11\/Alaiar-Mallorca-Hochzeit-34-768x512.jpg 768w,  https:\/\/lps-photography.de\/wp-content\/uploads\/2022\/11\/Alaiar-Mallorca-Hochzeit-34-1536x1024.jpg 1536w,  https:\/\/lps-photography.de\/wp-content\/uploads\/2022\/11\/Alaiar-Mallorca-Hochzeit-34-75x50.jpg 75w,  https:\/\/lps-photography.de\/wp-content\/uploads\/2022\/11\/Alaiar-Mallorca-Hochzeit-34-650x433.jpg 650w,  https:\/\/lps-photography.de\/wp-content\/uploads\/2022\/11\/Alaiar-Mallorca-Hochzeit-34-1000x667.jpg 1000w,  https:\/\/lps-photography.de\/wp-content\/uploads\/2022\/11\/Alaiar-Mallorca-Hochzeit-34-50x33.jpg 50w\" alt=\"alaiar mallorca hochzeit 34\" data-attr=\"1\" data-id=\"15953\"\/><\/div><\/div><div class=\"thumb-overlay\"><div class=\"thumb-bg\" style=\"background-color:rgba(255,255,255,0);background:rgba(255,255,255,0)\"><div class=\"thumb-title-wrap display-table-cell vertical-align-middle align-center fadeIn animated\"><div class=\"thumb-title\" style=\"color:;\"><i class=\"portfolio-overlay-icon\"><\/i><\/div><\/div><\/div><\/div><\/a><\/div><\/div><div class=\"element be-hoverlay not-wide no-wide-width-height style1-hover c_to_c\" style=\"margin-bottom: 10px;\"><div class=\"element-inner\" style=\"margin-left: 10px;\"><a href=\"https:\/\/lps-photography.de\/wp-content\/uploads\/2022\/11\/Alaiar-Mallorca-Hochzeit-35.jpg\" data-size=\"1600x1067\" data-href=\"https:\/\/lps-photography.de\/wp-content\/uploads\/2022\/11\/Alaiar-Mallorca-Hochzeit-35.jpg\" class=\"thumb-wrap\" title=\"alaiar mallorca hochzeit 35\" data-><div class=\"flip-wrap\"><div data-aspect-ratio=\"1.5\" style = \"padding-bottom : 66.6875%;;\" class=\"flip-img-wrap none-effect\"><img srcset=\"https:\/\/lps-photography.de\/wp-content\/uploads\/2022\/11\/Alaiar-Mallorca-Hochzeit-35.jpg 1600w,  https:\/\/lps-photography.de\/wp-content\/uploads\/2022\/11\/Alaiar-Mallorca-Hochzeit-35-300x200.jpg 300w,  https:\/\/lps-photography.de\/wp-content\/uploads\/2022\/11\/Alaiar-Mallorca-Hochzeit-35-800x534.jpg 800w,  https:\/\/lps-photography.de\/wp-content\/uploads\/2022\/11\/Alaiar-Mallorca-Hochzeit-35-768x512.jpg 768w,  https:\/\/lps-photography.de\/wp-content\/uploads\/2022\/11\/Alaiar-Mallorca-Hochzeit-35-1536x1024.jpg 1536w,  https:\/\/lps-photography.de\/wp-content\/uploads\/2022\/11\/Alaiar-Mallorca-Hochzeit-35-75x50.jpg 75w,  https:\/\/lps-photography.de\/wp-content\/uploads\/2022\/11\/Alaiar-Mallorca-Hochzeit-35-650x433.jpg 650w,  https:\/\/lps-photography.de\/wp-content\/uploads\/2022\/11\/Alaiar-Mallorca-Hochzeit-35-1000x667.jpg 1000w,  https:\/\/lps-photography.de\/wp-content\/uploads\/2022\/11\/Alaiar-Mallorca-Hochzeit-35-50x33.jpg 50w\" alt=\"alaiar mallorca hochzeit 35\" data-attr=\"1\" data-id=\"15954\"\/><\/div><\/div><div class=\"thumb-overlay\"><div class=\"thumb-bg\" style=\"background-color:rgba(255,255,255,0);background:rgba(255,255,255,0)\"><div class=\"thumb-title-wrap display-table-cell vertical-align-middle align-center fadeIn animated\"><div class=\"thumb-title\" style=\"color:;\"><i class=\"portfolio-overlay-icon\"><\/i><\/div><\/div><\/div><\/div><\/a><\/div><\/div><div class=\"element be-hoverlay not-wide no-wide-width-height style1-hover c_to_c\" style=\"margin-bottom: 10px;\"><div class=\"element-inner\" style=\"margin-left: 10px;\"><a href=\"https:\/\/lps-photography.de\/wp-content\/uploads\/2022\/11\/Alaiar-Mallorca-Hochzeit-36.jpg\" data-size=\"1600x1067\" data-href=\"https:\/\/lps-photography.de\/wp-content\/uploads\/2022\/11\/Alaiar-Mallorca-Hochzeit-36.jpg\" class=\"thumb-wrap\" title=\"alaiar mallorca hochzeit 36\" data-><div class=\"flip-wrap\"><div data-aspect-ratio=\"1.5\" style = \"padding-bottom : 66.6875%;;\" class=\"flip-img-wrap none-effect\"><img srcset=\"https:\/\/lps-photography.de\/wp-content\/uploads\/2022\/11\/Alaiar-Mallorca-Hochzeit-36.jpg 1600w,  https:\/\/lps-photography.de\/wp-content\/uploads\/2022\/11\/Alaiar-Mallorca-Hochzeit-36-300x200.jpg 300w,  https:\/\/lps-photography.de\/wp-content\/uploads\/2022\/11\/Alaiar-Mallorca-Hochzeit-36-800x534.jpg 800w,  https:\/\/lps-photography.de\/wp-content\/uploads\/2022\/11\/Alaiar-Mallorca-Hochzeit-36-768x512.jpg 768w,  https:\/\/lps-photography.de\/wp-content\/uploads\/2022\/11\/Alaiar-Mallorca-Hochzeit-36-1536x1024.jpg 1536w,  https:\/\/lps-photography.de\/wp-content\/uploads\/2022\/11\/Alaiar-Mallorca-Hochzeit-36-75x50.jpg 75w,  https:\/\/lps-photography.de\/wp-content\/uploads\/2022\/11\/Alaiar-Mallorca-Hochzeit-36-650x433.jpg 650w,  https:\/\/lps-photography.de\/wp-content\/uploads\/2022\/11\/Alaiar-Mallorca-Hochzeit-36-1000x667.jpg 1000w,  https:\/\/lps-photography.de\/wp-content\/uploads\/2022\/11\/Alaiar-Mallorca-Hochzeit-36-50x33.jpg 50w\" alt=\"alaiar mallorca hochzeit 36\" data-attr=\"1\" data-id=\"15955\"\/><\/div><\/div><div class=\"thumb-overlay\"><div class=\"thumb-bg\" style=\"background-color:rgba(255,255,255,0);background:rgba(255,255,255,0)\"><div class=\"thumb-title-wrap display-table-cell vertical-align-middle align-center fadeIn animated\"><div class=\"thumb-title\" style=\"color:;\"><i class=\"portfolio-overlay-icon\"><\/i><\/div><\/div><\/div><\/div><\/a><\/div><\/div><div class=\"element be-hoverlay not-wide no-wide-width-height style1-hover c_to_c\" style=\"margin-bottom: 10px;\"><div class=\"element-inner\" style=\"margin-left: 10px;\"><a href=\"https:\/\/lps-photography.de\/wp-content\/uploads\/2022\/11\/Alaiar-Mallorca-Hochzeit-37.jpg\" data-size=\"1600x1067\" data-href=\"https:\/\/lps-photography.de\/wp-content\/uploads\/2022\/11\/Alaiar-Mallorca-Hochzeit-37.jpg\" class=\"thumb-wrap\" title=\"alaiar mallorca hochzeit 37\" data-><div class=\"flip-wrap\"><div data-aspect-ratio=\"1.5\" style = \"padding-bottom : 66.6875%;;\" class=\"flip-img-wrap none-effect\"><img srcset=\"https:\/\/lps-photography.de\/wp-content\/uploads\/2022\/11\/Alaiar-Mallorca-Hochzeit-37.jpg 1600w,  https:\/\/lps-photography.de\/wp-content\/uploads\/2022\/11\/Alaiar-Mallorca-Hochzeit-37-300x200.jpg 300w,  https:\/\/lps-photography.de\/wp-content\/uploads\/2022\/11\/Alaiar-Mallorca-Hochzeit-37-800x534.jpg 800w,  https:\/\/lps-photography.de\/wp-content\/uploads\/2022\/11\/Alaiar-Mallorca-Hochzeit-37-768x512.jpg 768w,  https:\/\/lps-photography.de\/wp-content\/uploads\/2022\/11\/Alaiar-Mallorca-Hochzeit-37-1536x1024.jpg 1536w,  https:\/\/lps-photography.de\/wp-content\/uploads\/2022\/11\/Alaiar-Mallorca-Hochzeit-37-75x50.jpg 75w,  https:\/\/lps-photography.de\/wp-content\/uploads\/2022\/11\/Alaiar-Mallorca-Hochzeit-37-650x433.jpg 650w,  https:\/\/lps-photography.de\/wp-content\/uploads\/2022\/11\/Alaiar-Mallorca-Hochzeit-37-1000x667.jpg 1000w,  https:\/\/lps-photography.de\/wp-content\/uploads\/2022\/11\/Alaiar-Mallorca-Hochzeit-37-50x33.jpg 50w\" alt=\"alaiar mallorca hochzeit 37\" data-attr=\"1\" data-id=\"15956\"\/><\/div><\/div><div class=\"thumb-overlay\"><div class=\"thumb-bg\" style=\"background-color:rgba(255,255,255,0);background:rgba(255,255,255,0)\"><div class=\"thumb-title-wrap display-table-cell vertical-align-middle align-center fadeIn animated\"><div class=\"thumb-title\" style=\"color:;\"><i class=\"portfolio-overlay-icon\"><\/i><\/div><\/div><\/div><\/div><\/a><\/div><\/div><div class=\"element be-hoverlay not-wide no-wide-width-height style1-hover c_to_c\" style=\"margin-bottom: 10px;\"><div class=\"element-inner\" style=\"margin-left: 10px;\"><a href=\"https:\/\/lps-photography.de\/wp-content\/uploads\/2022\/11\/Alaiar-Mallorca-Hochzeit-38.jpg\" data-size=\"1600x1067\" data-href=\"https:\/\/lps-photography.de\/wp-content\/uploads\/2022\/11\/Alaiar-Mallorca-Hochzeit-38.jpg\" class=\"thumb-wrap\" title=\"alaiar mallorca hochzeit 38\" data-><div class=\"flip-wrap\"><div data-aspect-ratio=\"1.5\" style = \"padding-bottom : 66.6875%;;\" class=\"flip-img-wrap none-effect\"><img srcset=\"https:\/\/lps-photography.de\/wp-content\/uploads\/2022\/11\/Alaiar-Mallorca-Hochzeit-38.jpg 1600w,  https:\/\/lps-photography.de\/wp-content\/uploads\/2022\/11\/Alaiar-Mallorca-Hochzeit-38-300x200.jpg 300w,  https:\/\/lps-photography.de\/wp-content\/uploads\/2022\/11\/Alaiar-Mallorca-Hochzeit-38-800x534.jpg 800w,  https:\/\/lps-photography.de\/wp-content\/uploads\/2022\/11\/Alaiar-Mallorca-Hochzeit-38-768x512.jpg 768w,  https:\/\/lps-photography.de\/wp-content\/uploads\/2022\/11\/Alaiar-Mallorca-Hochzeit-38-1536x1024.jpg 1536w,  https:\/\/lps-photography.de\/wp-content\/uploads\/2022\/11\/Alaiar-Mallorca-Hochzeit-38-75x50.jpg 75w,  https:\/\/lps-photography.de\/wp-content\/uploads\/2022\/11\/Alaiar-Mallorca-Hochzeit-38-650x433.jpg 650w,  https:\/\/lps-photography.de\/wp-content\/uploads\/2022\/11\/Alaiar-Mallorca-Hochzeit-38-1000x667.jpg 1000w,  https:\/\/lps-photography.de\/wp-content\/uploads\/2022\/11\/Alaiar-Mallorca-Hochzeit-38-50x33.jpg 50w\" alt=\"alaiar mallorca hochzeit 38\" data-attr=\"1\" data-id=\"15957\"\/><\/div><\/div><div class=\"thumb-overlay\"><div class=\"thumb-bg\" style=\"background-color:rgba(255,255,255,0);background:rgba(255,255,255,0)\"><div class=\"thumb-title-wrap display-table-cell vertical-align-middle align-center fadeIn animated\"><div class=\"thumb-title\" style=\"color:;\"><i class=\"portfolio-overlay-icon\"><\/i><\/div><\/div><\/div><\/div><\/a><\/div><\/div><div class=\"element be-hoverlay not-wide no-wide-width-height style1-hover c_to_c\" style=\"margin-bottom: 10px;\"><div class=\"element-inner\" style=\"margin-left: 10px;\"><a href=\"https:\/\/lps-photography.de\/wp-content\/uploads\/2022\/11\/Alaiar-Mallorca-Hochzeit-39.jpg\" data-size=\"1600x1067\" data-href=\"https:\/\/lps-photography.de\/wp-content\/uploads\/2022\/11\/Alaiar-Mallorca-Hochzeit-39.jpg\" class=\"thumb-wrap\" title=\"alaiar mallorca hochzeit 39\" data-><div class=\"flip-wrap\"><div data-aspect-ratio=\"1.5\" style = \"padding-bottom : 66.6875%;;\" class=\"flip-img-wrap none-effect\"><img srcset=\"https:\/\/lps-photography.de\/wp-content\/uploads\/2022\/11\/Alaiar-Mallorca-Hochzeit-39.jpg 1600w,  https:\/\/lps-photography.de\/wp-content\/uploads\/2022\/11\/Alaiar-Mallorca-Hochzeit-39-300x200.jpg 300w,  https:\/\/lps-photography.de\/wp-content\/uploads\/2022\/11\/Alaiar-Mallorca-Hochzeit-39-800x534.jpg 800w,  https:\/\/lps-photography.de\/wp-content\/uploads\/2022\/11\/Alaiar-Mallorca-Hochzeit-39-768x512.jpg 768w,  https:\/\/lps-photography.de\/wp-content\/uploads\/2022\/11\/Alaiar-Mallorca-Hochzeit-39-1536x1024.jpg 1536w,  https:\/\/lps-photography.de\/wp-content\/uploads\/2022\/11\/Alaiar-Mallorca-Hochzeit-39-75x50.jpg 75w,  https:\/\/lps-photography.de\/wp-content\/uploads\/2022\/11\/Alaiar-Mallorca-Hochzeit-39-650x433.jpg 650w,  https:\/\/lps-photography.de\/wp-content\/uploads\/2022\/11\/Alaiar-Mallorca-Hochzeit-39-1000x667.jpg 1000w,  https:\/\/lps-photography.de\/wp-content\/uploads\/2022\/11\/Alaiar-Mallorca-Hochzeit-39-50x33.jpg 50w\" alt=\"alaiar mallorca hochzeit 39\" data-attr=\"1\" data-id=\"15958\"\/><\/div><\/div><div class=\"thumb-overlay\"><div class=\"thumb-bg\" style=\"background-color:rgba(255,255,255,0);background:rgba(255,255,255,0)\"><div class=\"thumb-title-wrap display-table-cell vertical-align-middle align-center fadeIn animated\"><div class=\"thumb-title\" style=\"color:;\"><i class=\"portfolio-overlay-icon\"><\/i><\/div><\/div><\/div><\/div><\/a><\/div><\/div><div class=\"element be-hoverlay not-wide no-wide-width-height style1-hover c_to_c\" style=\"margin-bottom: 10px;\"><div class=\"element-inner\" style=\"margin-left: 10px;\"><a href=\"https:\/\/lps-photography.de\/wp-content\/uploads\/2022\/11\/Alaiar-Mallorca-Hochzeit-40.jpg\" data-size=\"1600x1067\" data-href=\"https:\/\/lps-photography.de\/wp-content\/uploads\/2022\/11\/Alaiar-Mallorca-Hochzeit-40.jpg\" class=\"thumb-wrap\" title=\"alaiar mallorca hochzeit 40\" data-><div class=\"flip-wrap\"><div data-aspect-ratio=\"1.5\" style = \"padding-bottom : 66.6875%;;\" class=\"flip-img-wrap none-effect\"><img srcset=\"https:\/\/lps-photography.de\/wp-content\/uploads\/2022\/11\/Alaiar-Mallorca-Hochzeit-40.jpg 1600w,  https:\/\/lps-photography.de\/wp-content\/uploads\/2022\/11\/Alaiar-Mallorca-Hochzeit-40-300x200.jpg 300w,  https:\/\/lps-photography.de\/wp-content\/uploads\/2022\/11\/Alaiar-Mallorca-Hochzeit-40-800x534.jpg 800w,  https:\/\/lps-photography.de\/wp-content\/uploads\/2022\/11\/Alaiar-Mallorca-Hochzeit-40-768x512.jpg 768w,  https:\/\/lps-photography.de\/wp-content\/uploads\/2022\/11\/Alaiar-Mallorca-Hochzeit-40-1536x1024.jpg 1536w,  https:\/\/lps-photography.de\/wp-content\/uploads\/2022\/11\/Alaiar-Mallorca-Hochzeit-40-75x50.jpg 75w,  https:\/\/lps-photography.de\/wp-content\/uploads\/2022\/11\/Alaiar-Mallorca-Hochzeit-40-650x433.jpg 650w,  https:\/\/lps-photography.de\/wp-content\/uploads\/2022\/11\/Alaiar-Mallorca-Hochzeit-40-1000x667.jpg 1000w,  https:\/\/lps-photography.de\/wp-content\/uploads\/2022\/11\/Alaiar-Mallorca-Hochzeit-40-50x33.jpg 50w\" alt=\"alaiar mallorca hochzeit 40\" data-attr=\"1\" data-id=\"15959\"\/><\/div><\/div><div class=\"thumb-overlay\"><div class=\"thumb-bg\" style=\"background-color:rgba(255,255,255,0);background:rgba(255,255,255,0)\"><div class=\"thumb-title-wrap display-table-cell vertical-align-middle align-center fadeIn animated\"><div class=\"thumb-title\" style=\"color:;\"><i class=\"portfolio-overlay-icon\"><\/i><\/div><\/div><\/div><\/div><\/a><\/div><\/div><div class=\"element be-hoverlay not-wide no-wide-width-height style1-hover c_to_c\" style=\"margin-bottom: 10px;\"><div class=\"element-inner\" style=\"margin-left: 10px;\"><a href=\"https:\/\/lps-photography.de\/wp-content\/uploads\/2022\/11\/Alaiar-Mallorca-Hochzeit-41.jpg\" data-size=\"1600x1067\" data-href=\"https:\/\/lps-photography.de\/wp-content\/uploads\/2022\/11\/Alaiar-Mallorca-Hochzeit-41.jpg\" class=\"thumb-wrap\" title=\"alaiar mallorca hochzeit 41\" data-><div class=\"flip-wrap\"><div data-aspect-ratio=\"1.5\" style = \"padding-bottom : 66.6875%;;\" class=\"flip-img-wrap none-effect\"><img srcset=\"https:\/\/lps-photography.de\/wp-content\/uploads\/2022\/11\/Alaiar-Mallorca-Hochzeit-41.jpg 1600w,  https:\/\/lps-photography.de\/wp-content\/uploads\/2022\/11\/Alaiar-Mallorca-Hochzeit-41-300x200.jpg 300w,  https:\/\/lps-photography.de\/wp-content\/uploads\/2022\/11\/Alaiar-Mallorca-Hochzeit-41-800x534.jpg 800w,  https:\/\/lps-photography.de\/wp-content\/uploads\/2022\/11\/Alaiar-Mallorca-Hochzeit-41-768x512.jpg 768w,  https:\/\/lps-photography.de\/wp-content\/uploads\/2022\/11\/Alaiar-Mallorca-Hochzeit-41-1536x1024.jpg 1536w,  https:\/\/lps-photography.de\/wp-content\/uploads\/2022\/11\/Alaiar-Mallorca-Hochzeit-41-75x50.jpg 75w,  https:\/\/lps-photography.de\/wp-content\/uploads\/2022\/11\/Alaiar-Mallorca-Hochzeit-41-650x433.jpg 650w,  https:\/\/lps-photography.de\/wp-content\/uploads\/2022\/11\/Alaiar-Mallorca-Hochzeit-41-1000x667.jpg 1000w,  https:\/\/lps-photography.de\/wp-content\/uploads\/2022\/11\/Alaiar-Mallorca-Hochzeit-41-50x33.jpg 50w\" alt=\"alaiar mallorca hochzeit 41\" data-attr=\"1\" data-id=\"15960\"\/><\/div><\/div><div class=\"thumb-overlay\"><div class=\"thumb-bg\" style=\"background-color:rgba(255,255,255,0);background:rgba(255,255,255,0)\"><div class=\"thumb-title-wrap display-table-cell vertical-align-middle align-center fadeIn animated\"><div class=\"thumb-title\" style=\"color:;\"><i class=\"portfolio-overlay-icon\"><\/i><\/div><\/div><\/div><\/div><\/a><\/div><\/div><div class=\"element be-hoverlay not-wide no-wide-width-height style1-hover c_to_c\" style=\"margin-bottom: 10px;\"><div class=\"element-inner\" style=\"margin-left: 10px;\"><a href=\"https:\/\/lps-photography.de\/wp-content\/uploads\/2022\/11\/Alaiar-Mallorca-Hochzeit-42.jpg\" data-size=\"1600x1067\" data-href=\"https:\/\/lps-photography.de\/wp-content\/uploads\/2022\/11\/Alaiar-Mallorca-Hochzeit-42.jpg\" class=\"thumb-wrap\" title=\"alaiar mallorca hochzeit 42\" data-><div class=\"flip-wrap\"><div data-aspect-ratio=\"1.5\" style = \"padding-bottom : 66.6875%;;\" class=\"flip-img-wrap none-effect\"><img srcset=\"https:\/\/lps-photography.de\/wp-content\/uploads\/2022\/11\/Alaiar-Mallorca-Hochzeit-42.jpg 1600w,  https:\/\/lps-photography.de\/wp-content\/uploads\/2022\/11\/Alaiar-Mallorca-Hochzeit-42-300x200.jpg 300w,  https:\/\/lps-photography.de\/wp-content\/uploads\/2022\/11\/Alaiar-Mallorca-Hochzeit-42-800x534.jpg 800w,  https:\/\/lps-photography.de\/wp-content\/uploads\/2022\/11\/Alaiar-Mallorca-Hochzeit-42-768x512.jpg 768w,  https:\/\/lps-photography.de\/wp-content\/uploads\/2022\/11\/Alaiar-Mallorca-Hochzeit-42-1536x1024.jpg 1536w,  https:\/\/lps-photography.de\/wp-content\/uploads\/2022\/11\/Alaiar-Mallorca-Hochzeit-42-75x50.jpg 75w,  https:\/\/lps-photography.de\/wp-content\/uploads\/2022\/11\/Alaiar-Mallorca-Hochzeit-42-650x433.jpg 650w,  https:\/\/lps-photography.de\/wp-content\/uploads\/2022\/11\/Alaiar-Mallorca-Hochzeit-42-1000x667.jpg 1000w,  https:\/\/lps-photography.de\/wp-content\/uploads\/2022\/11\/Alaiar-Mallorca-Hochzeit-42-50x33.jpg 50w\" alt=\"alaiar mallorca hochzeit 42\" data-attr=\"1\" data-id=\"15961\"\/><\/div><\/div><div class=\"thumb-overlay\"><div class=\"thumb-bg\" style=\"background-color:rgba(255,255,255,0);background:rgba(255,255,255,0)\"><div class=\"thumb-title-wrap display-table-cell vertical-align-middle align-center fadeIn animated\"><div class=\"thumb-title\" style=\"color:;\"><i class=\"portfolio-overlay-icon\"><\/i><\/div><\/div><\/div><\/div><\/a><\/div><\/div><div class=\"element be-hoverlay not-wide no-wide-width-height style1-hover c_to_c\" style=\"margin-bottom: 10px;\"><div class=\"element-inner\" style=\"margin-left: 10px;\"><a href=\"https:\/\/lps-photography.de\/wp-content\/uploads\/2022\/11\/Alaiar-Mallorca-Hochzeit-43.jpg\" data-size=\"1600x1067\" data-href=\"https:\/\/lps-photography.de\/wp-content\/uploads\/2022\/11\/Alaiar-Mallorca-Hochzeit-43.jpg\" class=\"thumb-wrap\" title=\"alaiar mallorca hochzeit 43\" data-><div class=\"flip-wrap\"><div data-aspect-ratio=\"1.5\" style = \"padding-bottom : 66.6875%;;\" class=\"flip-img-wrap none-effect\"><img srcset=\"https:\/\/lps-photography.de\/wp-content\/uploads\/2022\/11\/Alaiar-Mallorca-Hochzeit-43.jpg 1600w,  https:\/\/lps-photography.de\/wp-content\/uploads\/2022\/11\/Alaiar-Mallorca-Hochzeit-43-300x200.jpg 300w,  https:\/\/lps-photography.de\/wp-content\/uploads\/2022\/11\/Alaiar-Mallorca-Hochzeit-43-800x534.jpg 800w,  https:\/\/lps-photography.de\/wp-content\/uploads\/2022\/11\/Alaiar-Mallorca-Hochzeit-43-768x512.jpg 768w,  https:\/\/lps-photography.de\/wp-content\/uploads\/2022\/11\/Alaiar-Mallorca-Hochzeit-43-1536x1024.jpg 1536w,  https:\/\/lps-photography.de\/wp-content\/uploads\/2022\/11\/Alaiar-Mallorca-Hochzeit-43-75x50.jpg 75w,  https:\/\/lps-photography.de\/wp-content\/uploads\/2022\/11\/Alaiar-Mallorca-Hochzeit-43-650x433.jpg 650w,  https:\/\/lps-photography.de\/wp-content\/uploads\/2022\/11\/Alaiar-Mallorca-Hochzeit-43-1000x667.jpg 1000w,  https:\/\/lps-photography.de\/wp-content\/uploads\/2022\/11\/Alaiar-Mallorca-Hochzeit-43-50x33.jpg 50w\" alt=\"alaiar mallorca hochzeit 43\" data-attr=\"1\" data-id=\"15962\"\/><\/div><\/div><div class=\"thumb-overlay\"><div class=\"thumb-bg\" style=\"background-color:rgba(255,255,255,0);background:rgba(255,255,255,0)\"><div class=\"thumb-title-wrap display-table-cell vertical-align-middle align-center fadeIn animated\"><div class=\"thumb-title\" style=\"color:;\"><i class=\"portfolio-overlay-icon\"><\/i><\/div><\/div><\/div><\/div><\/a><\/div><\/div><div class=\"element be-hoverlay not-wide no-wide-width-height style1-hover c_to_c\" style=\"margin-bottom: 10px;\"><div class=\"element-inner\" style=\"margin-left: 10px;\"><a href=\"https:\/\/lps-photography.de\/wp-content\/uploads\/2022\/11\/Alaiar-Mallorca-Hochzeit-44.jpg\" data-size=\"1600x1067\" data-href=\"https:\/\/lps-photography.de\/wp-content\/uploads\/2022\/11\/Alaiar-Mallorca-Hochzeit-44.jpg\" class=\"thumb-wrap\" title=\"alaiar mallorca hochzeit 44\" data-><div class=\"flip-wrap\"><div data-aspect-ratio=\"1.5\" style = \"padding-bottom : 66.6875%;;\" class=\"flip-img-wrap none-effect\"><img srcset=\"https:\/\/lps-photography.de\/wp-content\/uploads\/2022\/11\/Alaiar-Mallorca-Hochzeit-44.jpg 1600w,  https:\/\/lps-photography.de\/wp-content\/uploads\/2022\/11\/Alaiar-Mallorca-Hochzeit-44-300x200.jpg 300w,  https:\/\/lps-photography.de\/wp-content\/uploads\/2022\/11\/Alaiar-Mallorca-Hochzeit-44-800x534.jpg 800w,  https:\/\/lps-photography.de\/wp-content\/uploads\/2022\/11\/Alaiar-Mallorca-Hochzeit-44-768x512.jpg 768w,  https:\/\/lps-photography.de\/wp-content\/uploads\/2022\/11\/Alaiar-Mallorca-Hochzeit-44-1536x1024.jpg 1536w,  https:\/\/lps-photography.de\/wp-content\/uploads\/2022\/11\/Alaiar-Mallorca-Hochzeit-44-75x50.jpg 75w,  https:\/\/lps-photography.de\/wp-content\/uploads\/2022\/11\/Alaiar-Mallorca-Hochzeit-44-650x433.jpg 650w,  https:\/\/lps-photography.de\/wp-content\/uploads\/2022\/11\/Alaiar-Mallorca-Hochzeit-44-1000x667.jpg 1000w,  https:\/\/lps-photography.de\/wp-content\/uploads\/2022\/11\/Alaiar-Mallorca-Hochzeit-44-50x33.jpg 50w\" alt=\"alaiar mallorca hochzeit 44\" data-attr=\"1\" data-id=\"15963\"\/><\/div><\/div><div class=\"thumb-overlay\"><div class=\"thumb-bg\" style=\"background-color:rgba(255,255,255,0);background:rgba(255,255,255,0)\"><div class=\"thumb-title-wrap display-table-cell vertical-align-middle align-center fadeIn animated\"><div class=\"thumb-title\" style=\"color:;\"><i class=\"portfolio-overlay-icon\"><\/i><\/div><\/div><\/div><\/div><\/a><\/div><\/div><div class=\"element be-hoverlay not-wide no-wide-width-height style1-hover c_to_c\" style=\"margin-bottom: 10px;\"><div class=\"element-inner\" style=\"margin-left: 10px;\"><a href=\"https:\/\/lps-photography.de\/wp-content\/uploads\/2022\/11\/Alaiar-Mallorca-Hochzeit-45.jpg\" data-size=\"1600x1067\" data-href=\"https:\/\/lps-photography.de\/wp-content\/uploads\/2022\/11\/Alaiar-Mallorca-Hochzeit-45.jpg\" class=\"thumb-wrap\" title=\"alaiar mallorca hochzeit 45\" data-><div class=\"flip-wrap\"><div data-aspect-ratio=\"1.5\" style = \"padding-bottom : 66.6875%;;\" class=\"flip-img-wrap none-effect\"><img srcset=\"https:\/\/lps-photography.de\/wp-content\/uploads\/2022\/11\/Alaiar-Mallorca-Hochzeit-45.jpg 1600w,  https:\/\/lps-photography.de\/wp-content\/uploads\/2022\/11\/Alaiar-Mallorca-Hochzeit-45-300x200.jpg 300w,  https:\/\/lps-photography.de\/wp-content\/uploads\/2022\/11\/Alaiar-Mallorca-Hochzeit-45-800x534.jpg 800w,  https:\/\/lps-photography.de\/wp-content\/uploads\/2022\/11\/Alaiar-Mallorca-Hochzeit-45-768x512.jpg 768w,  https:\/\/lps-photography.de\/wp-content\/uploads\/2022\/11\/Alaiar-Mallorca-Hochzeit-45-1536x1024.jpg 1536w,  https:\/\/lps-photography.de\/wp-content\/uploads\/2022\/11\/Alaiar-Mallorca-Hochzeit-45-75x50.jpg 75w,  https:\/\/lps-photography.de\/wp-content\/uploads\/2022\/11\/Alaiar-Mallorca-Hochzeit-45-650x433.jpg 650w,  https:\/\/lps-photography.de\/wp-content\/uploads\/2022\/11\/Alaiar-Mallorca-Hochzeit-45-1000x667.jpg 1000w,  https:\/\/lps-photography.de\/wp-content\/uploads\/2022\/11\/Alaiar-Mallorca-Hochzeit-45-50x33.jpg 50w\" alt=\"alaiar mallorca hochzeit 45\" data-attr=\"1\" data-id=\"15964\"\/><\/div><\/div><div class=\"thumb-overlay\"><div class=\"thumb-bg\" style=\"background-color:rgba(255,255,255,0);background:rgba(255,255,255,0)\"><div class=\"thumb-title-wrap display-table-cell vertical-align-middle align-center fadeIn animated\"><div class=\"thumb-title\" style=\"color:;\"><i class=\"portfolio-overlay-icon\"><\/i><\/div><\/div><\/div><\/div><\/a><\/div><\/div><div class=\"element be-hoverlay not-wide no-wide-width-height style1-hover c_to_c\" style=\"margin-bottom: 10px;\"><div class=\"element-inner\" style=\"margin-left: 10px;\"><a href=\"https:\/\/lps-photography.de\/wp-content\/uploads\/2022\/11\/Alaiar-Mallorca-Hochzeit-46.jpg\" data-size=\"1067x1600\" data-href=\"https:\/\/lps-photography.de\/wp-content\/uploads\/2022\/11\/Alaiar-Mallorca-Hochzeit-46.jpg\" class=\"thumb-wrap\" title=\"alaiar mallorca hochzeit 46\" data-><div class=\"flip-wrap\"><div data-aspect-ratio=\"0.67\" style = \"padding-bottom : 149.95313964386%;;\" class=\"flip-img-wrap none-effect\"><img srcset=\"https:\/\/lps-photography.de\/wp-content\/uploads\/2022\/11\/Alaiar-Mallorca-Hochzeit-46.jpg 1067w,  https:\/\/lps-photography.de\/wp-content\/uploads\/2022\/11\/Alaiar-Mallorca-Hochzeit-46-200x300.jpg 200w,  https:\/\/lps-photography.de\/wp-content\/uploads\/2022\/11\/Alaiar-Mallorca-Hochzeit-46-683x1024.jpg 683w,  https:\/\/lps-photography.de\/wp-content\/uploads\/2022\/11\/Alaiar-Mallorca-Hochzeit-46-768x1152.jpg 768w,  https:\/\/lps-photography.de\/wp-content\/uploads\/2022\/11\/Alaiar-Mallorca-Hochzeit-46-1024x1536.jpg 1024w,  https:\/\/lps-photography.de\/wp-content\/uploads\/2022\/11\/Alaiar-Mallorca-Hochzeit-46-33x50.jpg 33w,  https:\/\/lps-photography.de\/wp-content\/uploads\/2022\/11\/Alaiar-Mallorca-Hochzeit-46-650x975.jpg 650w,  https:\/\/lps-photography.de\/wp-content\/uploads\/2022\/11\/Alaiar-Mallorca-Hochzeit-46-1000x1500.jpg 1000w,  https:\/\/lps-photography.de\/wp-content\/uploads\/2022\/11\/Alaiar-Mallorca-Hochzeit-46-50x75.jpg 50w\" alt=\"alaiar mallorca hochzeit 46\" data-attr=\"1\" data-id=\"15965\"\/><\/div><\/div><div class=\"thumb-overlay\"><div class=\"thumb-bg\" style=\"background-color:rgba(255,255,255,0);background:rgba(255,255,255,0)\"><div class=\"thumb-title-wrap display-table-cell vertical-align-middle align-center fadeIn animated\"><div class=\"thumb-title\" style=\"color:;\"><i class=\"portfolio-overlay-icon\"><\/i><\/div><\/div><\/div><\/div><\/a><\/div><\/div><div class=\"element be-hoverlay not-wide no-wide-width-height style1-hover c_to_c\" style=\"margin-bottom: 10px;\"><div class=\"element-inner\" style=\"margin-left: 10px;\"><a href=\"https:\/\/lps-photography.de\/wp-content\/uploads\/2022\/11\/Alaiar-Mallorca-Hochzeit-47.jpg\" data-size=\"1600x1067\" data-href=\"https:\/\/lps-photography.de\/wp-content\/uploads\/2022\/11\/Alaiar-Mallorca-Hochzeit-47.jpg\" class=\"thumb-wrap\" title=\"alaiar mallorca hochzeit 47\" data-><div class=\"flip-wrap\"><div data-aspect-ratio=\"1.5\" style = \"padding-bottom : 66.6875%;;\" class=\"flip-img-wrap none-effect\"><img srcset=\"https:\/\/lps-photography.de\/wp-content\/uploads\/2022\/11\/Alaiar-Mallorca-Hochzeit-47.jpg 1600w,  https:\/\/lps-photography.de\/wp-content\/uploads\/2022\/11\/Alaiar-Mallorca-Hochzeit-47-300x200.jpg 300w,  https:\/\/lps-photography.de\/wp-content\/uploads\/2022\/11\/Alaiar-Mallorca-Hochzeit-47-800x534.jpg 800w,  https:\/\/lps-photography.de\/wp-content\/uploads\/2022\/11\/Alaiar-Mallorca-Hochzeit-47-768x512.jpg 768w,  https:\/\/lps-photography.de\/wp-content\/uploads\/2022\/11\/Alaiar-Mallorca-Hochzeit-47-1536x1024.jpg 1536w,  https:\/\/lps-photography.de\/wp-content\/uploads\/2022\/11\/Alaiar-Mallorca-Hochzeit-47-75x50.jpg 75w,  https:\/\/lps-photography.de\/wp-content\/uploads\/2022\/11\/Alaiar-Mallorca-Hochzeit-47-650x433.jpg 650w,  https:\/\/lps-photography.de\/wp-content\/uploads\/2022\/11\/Alaiar-Mallorca-Hochzeit-47-1000x667.jpg 1000w,  https:\/\/lps-photography.de\/wp-content\/uploads\/2022\/11\/Alaiar-Mallorca-Hochzeit-47-50x33.jpg 50w\" alt=\"alaiar mallorca hochzeit 47\" data-attr=\"1\" data-id=\"15966\"\/><\/div><\/div><div class=\"thumb-overlay\"><div class=\"thumb-bg\" style=\"background-color:rgba(255,255,255,0);background:rgba(255,255,255,0)\"><div class=\"thumb-title-wrap display-table-cell vertical-align-middle align-center fadeIn animated\"><div class=\"thumb-title\" style=\"color:;\"><i class=\"portfolio-overlay-icon\"><\/i><\/div><\/div><\/div><\/div><\/a><\/div><\/div><div class=\"element be-hoverlay not-wide no-wide-width-height style1-hover c_to_c\" style=\"margin-bottom: 10px;\"><div class=\"element-inner\" style=\"margin-left: 10px;\"><a href=\"https:\/\/lps-photography.de\/wp-content\/uploads\/2022\/11\/Alaiar-Mallorca-Hochzeit-48.jpg\" data-size=\"1600x1067\" data-href=\"https:\/\/lps-photography.de\/wp-content\/uploads\/2022\/11\/Alaiar-Mallorca-Hochzeit-48.jpg\" class=\"thumb-wrap\" title=\"alaiar mallorca hochzeit 48\" data-><div class=\"flip-wrap\"><div data-aspect-ratio=\"1.5\" style = \"padding-bottom : 66.6875%;;\" class=\"flip-img-wrap none-effect\"><img srcset=\"https:\/\/lps-photography.de\/wp-content\/uploads\/2022\/11\/Alaiar-Mallorca-Hochzeit-48.jpg 1600w,  https:\/\/lps-photography.de\/wp-content\/uploads\/2022\/11\/Alaiar-Mallorca-Hochzeit-48-300x200.jpg 300w,  https:\/\/lps-photography.de\/wp-content\/uploads\/2022\/11\/Alaiar-Mallorca-Hochzeit-48-800x534.jpg 800w,  https:\/\/lps-photography.de\/wp-content\/uploads\/2022\/11\/Alaiar-Mallorca-Hochzeit-48-768x512.jpg 768w,  https:\/\/lps-photography.de\/wp-content\/uploads\/2022\/11\/Alaiar-Mallorca-Hochzeit-48-1536x1024.jpg 1536w,  https:\/\/lps-photography.de\/wp-content\/uploads\/2022\/11\/Alaiar-Mallorca-Hochzeit-48-75x50.jpg 75w,  https:\/\/lps-photography.de\/wp-content\/uploads\/2022\/11\/Alaiar-Mallorca-Hochzeit-48-650x433.jpg 650w,  https:\/\/lps-photography.de\/wp-content\/uploads\/2022\/11\/Alaiar-Mallorca-Hochzeit-48-1000x667.jpg 1000w,  https:\/\/lps-photography.de\/wp-content\/uploads\/2022\/11\/Alaiar-Mallorca-Hochzeit-48-50x33.jpg 50w\" alt=\"alaiar mallorca hochzeit 48\" data-attr=\"1\" data-id=\"15967\"\/><\/div><\/div><div class=\"thumb-overlay\"><div class=\"thumb-bg\" style=\"background-color:rgba(255,255,255,0);background:rgba(255,255,255,0)\"><div class=\"thumb-title-wrap display-table-cell vertical-align-middle align-center fadeIn animated\"><div class=\"thumb-title\" style=\"color:;\"><i class=\"portfolio-overlay-icon\"><\/i><\/div><\/div><\/div><\/div><\/a><\/div><\/div><div class=\"element be-hoverlay not-wide no-wide-width-height style1-hover c_to_c\" style=\"margin-bottom: 10px;\"><div class=\"element-inner\" style=\"margin-left: 10px;\"><a href=\"https:\/\/lps-photography.de\/wp-content\/uploads\/2022\/11\/Alaiar-Mallorca-Hochzeit-49.jpg\" data-size=\"1600x1067\" data-href=\"https:\/\/lps-photography.de\/wp-content\/uploads\/2022\/11\/Alaiar-Mallorca-Hochzeit-49.jpg\" class=\"thumb-wrap\" title=\"alaiar mallorca hochzeit 49\" data-><div class=\"flip-wrap\"><div data-aspect-ratio=\"1.5\" style = \"padding-bottom : 66.6875%;;\" class=\"flip-img-wrap none-effect\"><img srcset=\"https:\/\/lps-photography.de\/wp-content\/uploads\/2022\/11\/Alaiar-Mallorca-Hochzeit-49.jpg 1600w,  https:\/\/lps-photography.de\/wp-content\/uploads\/2022\/11\/Alaiar-Mallorca-Hochzeit-49-300x200.jpg 300w,  https:\/\/lps-photography.de\/wp-content\/uploads\/2022\/11\/Alaiar-Mallorca-Hochzeit-49-800x534.jpg 800w,  https:\/\/lps-photography.de\/wp-content\/uploads\/2022\/11\/Alaiar-Mallorca-Hochzeit-49-768x512.jpg 768w,  https:\/\/lps-photography.de\/wp-content\/uploads\/2022\/11\/Alaiar-Mallorca-Hochzeit-49-1536x1024.jpg 1536w,  https:\/\/lps-photography.de\/wp-content\/uploads\/2022\/11\/Alaiar-Mallorca-Hochzeit-49-75x50.jpg 75w,  https:\/\/lps-photography.de\/wp-content\/uploads\/2022\/11\/Alaiar-Mallorca-Hochzeit-49-650x433.jpg 650w,  https:\/\/lps-photography.de\/wp-content\/uploads\/2022\/11\/Alaiar-Mallorca-Hochzeit-49-1000x667.jpg 1000w,  https:\/\/lps-photography.de\/wp-content\/uploads\/2022\/11\/Alaiar-Mallorca-Hochzeit-49-50x33.jpg 50w\" alt=\"alaiar mallorca hochzeit 49\" data-attr=\"1\" data-id=\"15968\"\/><\/div><\/div><div class=\"thumb-overlay\"><div class=\"thumb-bg\" style=\"background-color:rgba(255,255,255,0);background:rgba(255,255,255,0)\"><div class=\"thumb-title-wrap display-table-cell vertical-align-middle align-center fadeIn animated\"><div class=\"thumb-title\" style=\"color:;\"><i class=\"portfolio-overlay-icon\"><\/i><\/div><\/div><\/div><\/div><\/a><\/div><\/div><div class=\"element be-hoverlay not-wide no-wide-width-height style1-hover c_to_c\" style=\"margin-bottom: 10px;\"><div class=\"element-inner\" style=\"margin-left: 10px;\"><a href=\"https:\/\/lps-photography.de\/wp-content\/uploads\/2022\/11\/Alaiar-Mallorca-Hochzeit-50.jpg\" data-size=\"1600x1067\" data-href=\"https:\/\/lps-photography.de\/wp-content\/uploads\/2022\/11\/Alaiar-Mallorca-Hochzeit-50.jpg\" class=\"thumb-wrap\" title=\"alaiar mallorca hochzeit 50\" data-><div class=\"flip-wrap\"><div data-aspect-ratio=\"1.5\" style = \"padding-bottom : 66.6875%;;\" class=\"flip-img-wrap none-effect\"><img srcset=\"https:\/\/lps-photography.de\/wp-content\/uploads\/2022\/11\/Alaiar-Mallorca-Hochzeit-50.jpg 1600w,  https:\/\/lps-photography.de\/wp-content\/uploads\/2022\/11\/Alaiar-Mallorca-Hochzeit-50-300x200.jpg 300w,  https:\/\/lps-photography.de\/wp-content\/uploads\/2022\/11\/Alaiar-Mallorca-Hochzeit-50-800x534.jpg 800w,  https:\/\/lps-photography.de\/wp-content\/uploads\/2022\/11\/Alaiar-Mallorca-Hochzeit-50-768x512.jpg 768w,  https:\/\/lps-photography.de\/wp-content\/uploads\/2022\/11\/Alaiar-Mallorca-Hochzeit-50-1536x1024.jpg 1536w,  https:\/\/lps-photography.de\/wp-content\/uploads\/2022\/11\/Alaiar-Mallorca-Hochzeit-50-75x50.jpg 75w,  https:\/\/lps-photography.de\/wp-content\/uploads\/2022\/11\/Alaiar-Mallorca-Hochzeit-50-650x433.jpg 650w,  https:\/\/lps-photography.de\/wp-content\/uploads\/2022\/11\/Alaiar-Mallorca-Hochzeit-50-1000x667.jpg 1000w,  https:\/\/lps-photography.de\/wp-content\/uploads\/2022\/11\/Alaiar-Mallorca-Hochzeit-50-50x33.jpg 50w\" alt=\"alaiar mallorca hochzeit 50\" data-attr=\"1\" data-id=\"15969\"\/><\/div><\/div><div class=\"thumb-overlay\"><div class=\"thumb-bg\" style=\"background-color:rgba(255,255,255,0);background:rgba(255,255,255,0)\"><div class=\"thumb-title-wrap display-table-cell vertical-align-middle align-center fadeIn animated\"><div class=\"thumb-title\" style=\"color:;\"><i class=\"portfolio-overlay-icon\"><\/i><\/div><\/div><\/div><\/div><\/a><\/div><\/div><div class=\"element be-hoverlay not-wide no-wide-width-height style1-hover c_to_c\" style=\"margin-bottom: 10px;\"><div class=\"element-inner\" style=\"margin-left: 10px;\"><a href=\"https:\/\/lps-photography.de\/wp-content\/uploads\/2022\/11\/Alaiar-Mallorca-Hochzeit-51.jpg\" data-size=\"1600x1067\" data-href=\"https:\/\/lps-photography.de\/wp-content\/uploads\/2022\/11\/Alaiar-Mallorca-Hochzeit-51.jpg\" class=\"thumb-wrap\" title=\"alaiar mallorca hochzeit 51\" data-><div class=\"flip-wrap\"><div data-aspect-ratio=\"1.5\" style = \"padding-bottom : 66.6875%;;\" class=\"flip-img-wrap none-effect\"><img srcset=\"https:\/\/lps-photography.de\/wp-content\/uploads\/2022\/11\/Alaiar-Mallorca-Hochzeit-51.jpg 1600w,  https:\/\/lps-photography.de\/wp-content\/uploads\/2022\/11\/Alaiar-Mallorca-Hochzeit-51-300x200.jpg 300w,  https:\/\/lps-photography.de\/wp-content\/uploads\/2022\/11\/Alaiar-Mallorca-Hochzeit-51-800x534.jpg 800w,  https:\/\/lps-photography.de\/wp-content\/uploads\/2022\/11\/Alaiar-Mallorca-Hochzeit-51-768x512.jpg 768w,  https:\/\/lps-photography.de\/wp-content\/uploads\/2022\/11\/Alaiar-Mallorca-Hochzeit-51-1536x1024.jpg 1536w,  https:\/\/lps-photography.de\/wp-content\/uploads\/2022\/11\/Alaiar-Mallorca-Hochzeit-51-75x50.jpg 75w,  https:\/\/lps-photography.de\/wp-content\/uploads\/2022\/11\/Alaiar-Mallorca-Hochzeit-51-650x433.jpg 650w,  https:\/\/lps-photography.de\/wp-content\/uploads\/2022\/11\/Alaiar-Mallorca-Hochzeit-51-1000x667.jpg 1000w,  https:\/\/lps-photography.de\/wp-content\/uploads\/2022\/11\/Alaiar-Mallorca-Hochzeit-51-50x33.jpg 50w\" alt=\"alaiar mallorca hochzeit 51\" data-attr=\"1\" data-id=\"15970\"\/><\/div><\/div><div class=\"thumb-overlay\"><div class=\"thumb-bg\" style=\"background-color:rgba(255,255,255,0);background:rgba(255,255,255,0)\"><div class=\"thumb-title-wrap display-table-cell vertical-align-middle align-center fadeIn animated\"><div class=\"thumb-title\" style=\"color:;\"><i class=\"portfolio-overlay-icon\"><\/i><\/div><\/div><\/div><\/div><\/a><\/div><\/div><div class=\"element be-hoverlay not-wide no-wide-width-height style1-hover c_to_c\" style=\"margin-bottom: 10px;\"><div class=\"element-inner\" style=\"margin-left: 10px;\"><a href=\"https:\/\/lps-photography.de\/wp-content\/uploads\/2022\/11\/Alaiar-Mallorca-Hochzeit-52.jpg\" data-size=\"1600x1067\" data-href=\"https:\/\/lps-photography.de\/wp-content\/uploads\/2022\/11\/Alaiar-Mallorca-Hochzeit-52.jpg\" class=\"thumb-wrap\" title=\"alaiar mallorca hochzeit 52\" data-><div class=\"flip-wrap\"><div data-aspect-ratio=\"1.5\" style = \"padding-bottom : 66.6875%;;\" class=\"flip-img-wrap none-effect\"><img srcset=\"https:\/\/lps-photography.de\/wp-content\/uploads\/2022\/11\/Alaiar-Mallorca-Hochzeit-52.jpg 1600w,  https:\/\/lps-photography.de\/wp-content\/uploads\/2022\/11\/Alaiar-Mallorca-Hochzeit-52-300x200.jpg 300w,  https:\/\/lps-photography.de\/wp-content\/uploads\/2022\/11\/Alaiar-Mallorca-Hochzeit-52-800x534.jpg 800w,  https:\/\/lps-photography.de\/wp-content\/uploads\/2022\/11\/Alaiar-Mallorca-Hochzeit-52-768x512.jpg 768w,  https:\/\/lps-photography.de\/wp-content\/uploads\/2022\/11\/Alaiar-Mallorca-Hochzeit-52-1536x1024.jpg 1536w,  https:\/\/lps-photography.de\/wp-content\/uploads\/2022\/11\/Alaiar-Mallorca-Hochzeit-52-75x50.jpg 75w,  https:\/\/lps-photography.de\/wp-content\/uploads\/2022\/11\/Alaiar-Mallorca-Hochzeit-52-650x433.jpg 650w,  https:\/\/lps-photography.de\/wp-content\/uploads\/2022\/11\/Alaiar-Mallorca-Hochzeit-52-1000x667.jpg 1000w,  https:\/\/lps-photography.de\/wp-content\/uploads\/2022\/11\/Alaiar-Mallorca-Hochzeit-52-50x33.jpg 50w\" alt=\"alaiar mallorca hochzeit 52\" data-attr=\"1\" data-id=\"15971\"\/><\/div><\/div><div class=\"thumb-overlay\"><div class=\"thumb-bg\" style=\"background-color:rgba(255,255,255,0);background:rgba(255,255,255,0)\"><div class=\"thumb-title-wrap display-table-cell vertical-align-middle align-center fadeIn animated\"><div class=\"thumb-title\" style=\"color:;\"><i class=\"portfolio-overlay-icon\"><\/i><\/div><\/div><\/div><\/div><\/a><\/div><\/div><div class=\"element be-hoverlay not-wide no-wide-width-height style1-hover c_to_c\" style=\"margin-bottom: 10px;\"><div class=\"element-inner\" style=\"margin-left: 10px;\"><a href=\"https:\/\/lps-photography.de\/wp-content\/uploads\/2022\/11\/Alaiar-Mallorca-Hochzeit-53.jpg\" data-size=\"1600x1067\" data-href=\"https:\/\/lps-photography.de\/wp-content\/uploads\/2022\/11\/Alaiar-Mallorca-Hochzeit-53.jpg\" class=\"thumb-wrap\" title=\"alaiar mallorca hochzeit 53\" data-><div class=\"flip-wrap\"><div data-aspect-ratio=\"1.5\" style = \"padding-bottom : 66.6875%;;\" class=\"flip-img-wrap none-effect\"><img srcset=\"https:\/\/lps-photography.de\/wp-content\/uploads\/2022\/11\/Alaiar-Mallorca-Hochzeit-53.jpg 1600w,  https:\/\/lps-photography.de\/wp-content\/uploads\/2022\/11\/Alaiar-Mallorca-Hochzeit-53-300x200.jpg 300w,  https:\/\/lps-photography.de\/wp-content\/uploads\/2022\/11\/Alaiar-Mallorca-Hochzeit-53-800x534.jpg 800w,  https:\/\/lps-photography.de\/wp-content\/uploads\/2022\/11\/Alaiar-Mallorca-Hochzeit-53-768x512.jpg 768w,  https:\/\/lps-photography.de\/wp-content\/uploads\/2022\/11\/Alaiar-Mallorca-Hochzeit-53-1536x1024.jpg 1536w,  https:\/\/lps-photography.de\/wp-content\/uploads\/2022\/11\/Alaiar-Mallorca-Hochzeit-53-75x50.jpg 75w,  https:\/\/lps-photography.de\/wp-content\/uploads\/2022\/11\/Alaiar-Mallorca-Hochzeit-53-650x433.jpg 650w,  https:\/\/lps-photography.de\/wp-content\/uploads\/2022\/11\/Alaiar-Mallorca-Hochzeit-53-1000x667.jpg 1000w,  https:\/\/lps-photography.de\/wp-content\/uploads\/2022\/11\/Alaiar-Mallorca-Hochzeit-53-50x33.jpg 50w\" alt=\"alaiar mallorca hochzeit 53\" data-attr=\"1\" data-id=\"15972\"\/><\/div><\/div><div class=\"thumb-overlay\"><div class=\"thumb-bg\" style=\"background-color:rgba(255,255,255,0);background:rgba(255,255,255,0)\"><div class=\"thumb-title-wrap display-table-cell vertical-align-middle align-center fadeIn animated\"><div class=\"thumb-title\" style=\"color:;\"><i class=\"portfolio-overlay-icon\"><\/i><\/div><\/div><\/div><\/div><\/a><\/div><\/div><div class=\"element be-hoverlay not-wide no-wide-width-height style1-hover c_to_c\" style=\"margin-bottom: 10px;\"><div class=\"element-inner\" style=\"margin-left: 10px;\"><a href=\"https:\/\/lps-photography.de\/wp-content\/uploads\/2022\/11\/Alaiar-Mallorca-Hochzeit-54.jpg\" data-size=\"1600x1067\" data-href=\"https:\/\/lps-photography.de\/wp-content\/uploads\/2022\/11\/Alaiar-Mallorca-Hochzeit-54.jpg\" class=\"thumb-wrap\" title=\"alaiar mallorca hochzeit 54\" data-><div class=\"flip-wrap\"><div data-aspect-ratio=\"1.5\" style = \"padding-bottom : 66.6875%;;\" class=\"flip-img-wrap none-effect\"><img srcset=\"https:\/\/lps-photography.de\/wp-content\/uploads\/2022\/11\/Alaiar-Mallorca-Hochzeit-54.jpg 1600w,  https:\/\/lps-photography.de\/wp-content\/uploads\/2022\/11\/Alaiar-Mallorca-Hochzeit-54-300x200.jpg 300w,  https:\/\/lps-photography.de\/wp-content\/uploads\/2022\/11\/Alaiar-Mallorca-Hochzeit-54-800x534.jpg 800w,  https:\/\/lps-photography.de\/wp-content\/uploads\/2022\/11\/Alaiar-Mallorca-Hochzeit-54-768x512.jpg 768w,  https:\/\/lps-photography.de\/wp-content\/uploads\/2022\/11\/Alaiar-Mallorca-Hochzeit-54-1536x1024.jpg 1536w,  https:\/\/lps-photography.de\/wp-content\/uploads\/2022\/11\/Alaiar-Mallorca-Hochzeit-54-75x50.jpg 75w,  https:\/\/lps-photography.de\/wp-content\/uploads\/2022\/11\/Alaiar-Mallorca-Hochzeit-54-650x433.jpg 650w,  https:\/\/lps-photography.de\/wp-content\/uploads\/2022\/11\/Alaiar-Mallorca-Hochzeit-54-1000x667.jpg 1000w,  https:\/\/lps-photography.de\/wp-content\/uploads\/2022\/11\/Alaiar-Mallorca-Hochzeit-54-50x33.jpg 50w\" alt=\"alaiar mallorca hochzeit 54\" data-attr=\"1\" data-id=\"15973\"\/><\/div><\/div><div class=\"thumb-overlay\"><div class=\"thumb-bg\" style=\"background-color:rgba(255,255,255,0);background:rgba(255,255,255,0)\"><div class=\"thumb-title-wrap display-table-cell vertical-align-middle align-center fadeIn animated\"><div class=\"thumb-title\" style=\"color:;\"><i class=\"portfolio-overlay-icon\"><\/i><\/div><\/div><\/div><\/div><\/a><\/div><\/div><div class=\"element be-hoverlay not-wide no-wide-width-height style1-hover c_to_c\" style=\"margin-bottom: 10px;\"><div class=\"element-inner\" style=\"margin-left: 10px;\"><a href=\"https:\/\/lps-photography.de\/wp-content\/uploads\/2022\/11\/Alaiar-Mallorca-Hochzeit-55.jpg\" data-size=\"1067x1600\" data-href=\"https:\/\/lps-photography.de\/wp-content\/uploads\/2022\/11\/Alaiar-Mallorca-Hochzeit-55.jpg\" class=\"thumb-wrap\" title=\"alaiar mallorca hochzeit 55\" data-><div class=\"flip-wrap\"><div data-aspect-ratio=\"0.67\" style = \"padding-bottom : 149.95313964386%;;\" class=\"flip-img-wrap none-effect\"><img srcset=\"https:\/\/lps-photography.de\/wp-content\/uploads\/2022\/11\/Alaiar-Mallorca-Hochzeit-55.jpg 1067w,  https:\/\/lps-photography.de\/wp-content\/uploads\/2022\/11\/Alaiar-Mallorca-Hochzeit-55-200x300.jpg 200w,  https:\/\/lps-photography.de\/wp-content\/uploads\/2022\/11\/Alaiar-Mallorca-Hochzeit-55-683x1024.jpg 683w,  https:\/\/lps-photography.de\/wp-content\/uploads\/2022\/11\/Alaiar-Mallorca-Hochzeit-55-768x1152.jpg 768w,  https:\/\/lps-photography.de\/wp-content\/uploads\/2022\/11\/Alaiar-Mallorca-Hochzeit-55-1024x1536.jpg 1024w,  https:\/\/lps-photography.de\/wp-content\/uploads\/2022\/11\/Alaiar-Mallorca-Hochzeit-55-33x50.jpg 33w,  https:\/\/lps-photography.de\/wp-content\/uploads\/2022\/11\/Alaiar-Mallorca-Hochzeit-55-650x975.jpg 650w,  https:\/\/lps-photography.de\/wp-content\/uploads\/2022\/11\/Alaiar-Mallorca-Hochzeit-55-1000x1500.jpg 1000w,  https:\/\/lps-photography.de\/wp-content\/uploads\/2022\/11\/Alaiar-Mallorca-Hochzeit-55-50x75.jpg 50w\" alt=\"alaiar mallorca hochzeit 55\" data-attr=\"1\" data-id=\"15974\"\/><\/div><\/div><div class=\"thumb-overlay\"><div class=\"thumb-bg\" style=\"background-color:rgba(255,255,255,0);background:rgba(255,255,255,0)\"><div class=\"thumb-title-wrap display-table-cell vertical-align-middle align-center fadeIn animated\"><div class=\"thumb-title\" style=\"color:;\"><i class=\"portfolio-overlay-icon\"><\/i><\/div><\/div><\/div><\/div><\/a><\/div><\/div><\/div><\/div><\/div><\/div><\/div><div class = \"tatsu-column-bg-image-wrap\"><div class = \"tatsu-column-bg-image\" ><\/div><\/div><\/div><style>.tatsu-row > .tatsu-HyrEuuhuH.tatsu-column{width: 100%;}.tatsu-HyrEuuhuH.tatsu-column > .tatsu-column-inner > .tatsu-column-overlay{mix-blend-mode: none;}.tatsu-HyrEuuhuH > .tatsu-column-inner > .tatsu-top-divider{z-index: 9999;}.tatsu-HyrEuuhuH > .tatsu-column-inner > .tatsu-bottom-divider{z-index: 9999;}.tatsu-HyrEuuhuH > .tatsu-column-inner > .tatsu-left-divider{z-index: 9999;}.tatsu-HyrEuuhuH > .tatsu-column-inner > .tatsu-right-divider{z-index: 9999;}@media only screen and (max-width:1377px) {.tatsu-row > .tatsu-HyrEuuhuH.tatsu-column{width: 100%;}}@media only screen and (min-width:768px) and (max-width: 1024px) {.tatsu-row > .tatsu-HyrEuuhuH.tatsu-column{width: 100%;}}@media only screen and (max-width: 767px) {.tatsu-row > .tatsu-HyrEuuhuH.tatsu-column{width: 100%;}}<\/style><\/div><\/div><\/div><\/div><div class=\"tatsu-section-background-wrap\"><div class = \"tatsu-section-background\" ><\/div><\/div><style>.tatsu-Sy-SNudnuS .tatsu-section-pad{padding: 2px 0px 8px 0px;}.tatsu-Sy-SNudnuS > .tatsu-bottom-divider{z-index: 9999;}.tatsu-Sy-SNudnuS > .tatsu-top-divider{z-index: 9999;}<\/style><\/div><div  class=\"tatsu-B1bZr5dhuH tatsu-section    tatsu-clearfix\" data-title=\"\"  data-headerscheme=\"background--dark\"><div class='tatsu-section-pad clearfix' data-padding='{\"d\":\"0px 0px 11px 0px\"}' data-padding-top='0px'><div class=\"tatsu-row-wrap  tatsu-wrap tatsu-row-one-col tatsu-row-has-one-cols tatsu-medium-gutter tatsu-reg-cols  tatsu-clearfix tatsu-S1eZrcOhur\" ><div  class=\"tatsu-row\" ><div  class=\"tatsu-column  tatsu-column-no-bg tatsu-one-col tatsu-column-image-none tatsu-column-effect-none  tatsu-Bk-r9unOB\"  data-parallax-speed=\"0\" style=\"\"><div class=\"tatsu-column-inner\" ><div class=\"tatsu-column-pad-wrap\"><div class=\"tatsu-column-pad\" ><div  class=\"tatsu-module tatsu-divider-wrap  tatsu-Bk5TetnOH\"  ><style>.tatsu-Bk5TetnOH .tatsu-divider{height: 2px;width: 60%;background: rgba(245,166,35,1);}.tatsu-Bk5TetnOH.tatsu-divider-wrap{text-align: center;}<\/style><hr class=\"tatsu-divider\"\/><\/div><div  class=\"tatsu-module tatsu-text-block-wrap tatsu-HkC0ounuS\"><div class=\"tatsu-text-inner tatsu-align-center  clearfix\" ><style>.tatsu-HkC0ounuS.tatsu-text-block-wrap .tatsu-text-inner{width: 100%;text-align: left;}<\/style>\n<p style=\"text-align: center;\"><span style=\"font-size: 12pt;\"><b>Eine Hochzeit auf Mallorca <\/b>klingt nach genau der richtigen Idee f\u00fcr euch? <a href=\"https:\/\/lps-photography.de\/kontakt\/\">Dann schreibt mich einfach an &#8211; ich freue mich darauf, euch kennenzulernen!<\/a><\/span><\/p>\n<\/div><\/div><\/div><\/div><div class = \"tatsu-column-bg-image-wrap\"><div class = \"tatsu-column-bg-image\" ><\/div><\/div><\/div><style>.tatsu-row > .tatsu-Bk-r9unOB.tatsu-column{width: 100%;}.tatsu-Bk-r9unOB.tatsu-column > .tatsu-column-inner > .tatsu-column-overlay{mix-blend-mode: none;}.tatsu-Bk-r9unOB > .tatsu-column-inner > .tatsu-top-divider{z-index: 9999;}.tatsu-Bk-r9unOB > .tatsu-column-inner > .tatsu-bottom-divider{z-index: 9999;}.tatsu-Bk-r9unOB > .tatsu-column-inner > .tatsu-left-divider{z-index: 9999;}.tatsu-Bk-r9unOB > .tatsu-column-inner > .tatsu-right-divider{z-index: 9999;}@media only screen and (max-width:1377px) {.tatsu-row > .tatsu-Bk-r9unOB.tatsu-column{width: 100%;}}@media only screen and (min-width:768px) and (max-width: 1024px) {.tatsu-row > .tatsu-Bk-r9unOB.tatsu-column{width: 100%;}}@media only screen and (max-width: 767px) {.tatsu-row > .tatsu-Bk-r9unOB.tatsu-column{width: 100%;}}<\/style><\/div><\/div><\/div><\/div><div class=\"tatsu-section-background-wrap\"><div class = \"tatsu-section-background\" ><\/div><\/div><style>.tatsu-B1bZr5dhuH .tatsu-section-pad{padding: 0px 0px 11px 0px;}.tatsu-B1bZr5dhuH > .tatsu-bottom-divider{z-index: 9999;}.tatsu-B1bZr5dhuH > .tatsu-top-divider{z-index: 9999;}<\/style><\/div>","protected":false},"excerpt":{"rendered":"<p>Dreaming of a relaxed wedding in Mallorca\u2019s countryside? Discover why Finca Alaiar is a hidden gem for your destination wedding!<\/p>\n<p><a href=\"https:\/\/lps-photography.de\/en\/alaiar-mallorca-hochzeit\/\" class=\"more-link style3-button\">Read More<\/a><\/p>","protected":false},"author":1,"featured_media":24609,"comment_status":"open","ping_status":"open","sticky":false,"template":"","format":"standard","meta":{"_lmt_disableupdate":"","_lmt_disable":"","footnotes":""},"categories":[1384,6,71],"tags":[],"class_list":["post-24600","post","type-post","status-publish","format-standard","has-post-thumbnail","hentry","category-hochzeitsplanung","category-photography","category-wedding-2"],"modified_by":"admin","_links":{"self":[{"href":"https:\/\/lps-photography.de\/en\/wp-json\/wp\/v2\/posts\/24600","targetHints":{"allow":["GET"]}}],"collection":[{"href":"https:\/\/lps-photography.de\/en\/wp-json\/wp\/v2\/posts"}],"about":[{"href":"https:\/\/lps-photography.de\/en\/wp-json\/wp\/v2\/types\/post"}],"author":[{"embeddable":true,"href":"https:\/\/lps-photography.de\/en\/wp-json\/wp\/v2\/users\/1"}],"replies":[{"embeddable":true,"href":"https:\/\/lps-photography.de\/en\/wp-json\/wp\/v2\/comments?post=24600"}],"version-history":[{"count":0,"href":"https:\/\/lps-photography.de\/en\/wp-json\/wp\/v2\/posts\/24600\/revisions"}],"wp:featuredmedia":[{"embeddable":true,"href":"https:\/\/lps-photography.de\/en\/wp-json\/wp\/v2\/media\/24609"}],"wp:attachment":[{"href":"https:\/\/lps-photography.de\/en\/wp-json\/wp\/v2\/media?parent=24600"}],"wp:term":[{"taxonomy":"category","embeddable":true,"href":"https:\/\/lps-photography.de\/en\/wp-json\/wp\/v2\/categories?post=24600"},{"taxonomy":"post_tag","embeddable":true,"href":"https:\/\/lps-photography.de\/en\/wp-json\/wp\/v2\/tags?post=24600"}],"curies":[{"name":"wp","href":"https:\/\/api.w.org\/{rel}","templated":true}]}}