{"id":24502,"date":"2025-08-31T09:11:15","date_gmt":"2025-08-31T08:11:15","guid":{"rendered":"https:\/\/lps-photography.de\/?p=24502"},"modified":"2025-08-31T09:11:15","modified_gmt":"2025-08-31T08:11:15","slug":"pula-golf-resort-mallorca-dream-wedding-in-the-east-of-the-island","status":"publish","type":"post","link":"https:\/\/lps-photography.de\/en\/pula-golf-resort-mallorca-dream-wedding-in-the-east-of-the-island\/","title":{"rendered":"Pula Golf Resort Mallorca: Dream Wedding in the East of the Island"},"content":{"rendered":"<div  class=\"tatsu-SybkbHO3uB tatsu-section    tatsu-clearfix\" data-title=\"\"  data-headerscheme=\"background--dark\"><div class='tatsu-section-pad clearfix' data-padding='{\"d\":\"0px 0px 24px 0px\"}' data-padding-top='0px'><div class=\"tatsu-row-wrap  tatsu-wrap tatsu-row-one-col tatsu-row-has-one-cols tatsu-medium-gutter tatsu-reg-cols  tatsu-clearfix tatsu-rJgJWBd3OH\" ><div  class=\"tatsu-row\" ><div  class=\"tatsu-column  tatsu-column-no-bg tatsu-one-col tatsu-column-image-none tatsu-column-effect-none  tatsu-BkkZHO3uS\"  data-parallax-speed=\"0\" style=\"\"><div class=\"tatsu-column-inner\" ><div class=\"tatsu-column-pad-wrap\"><div class=\"tatsu-column-pad\" ><div  class=\"tatsu-module tatsu-text-block-wrap tatsu-SJOAQF2dr\"><div class=\"tatsu-text-inner tatsu-align-center  clearfix\" ><style>.tatsu-SJOAQF2dr.tatsu-text-block-wrap .tatsu-text-inner{width: 100%;text-align: left;}<\/style>\n<p><!--more--><\/p>\n<\/div><\/div><div  class=\"special-heading-wrap style1 oshine-module  tatsu-B1MbwHJcS\" ><div class=\"special-heading align-center\"><h1 class=\"special-h-tag\" >Pula Golf Resort Mallorca: Dream Wedding in the East of the Island<\/h1><div class=\"sub-title margin-bottom  special-subtitle\">\n<p>A breathtakingly beautiful location, a dream couple, and every detail thought out to perfection!<\/p>\n<\/div><div class=\"sep-with-icon-wrap margin-bottom\"><span class=\"sep-with-icon\" ><\/span><i class=\"sep-icon font-icon oshine_diamond\"><\/i><span class=\"sep-with-icon\" ><\/span><\/div><\/div><style>.tatsu-B1MbwHJcS .sep-icon.oshine_diamond{background: rgba(45,97,159,1);}.tatsu-B1MbwHJcS .sep-with-icon{height: 1px;width: 20px;background: #efefef;}<\/style><\/div><div  class=\"tatsu-module tatsu-text-block-wrap tatsu-H112HOhuS\"><div class=\"tatsu-text-inner tatsu-align-center  clearfix\" ><style>.tatsu-H112HOhuS.tatsu-text-block-wrap .tatsu-text-inner{width: 80%;text-align: left;}.tatsu-H112HOhuS.tatsu-text-block-wrap .tatsu-text-inner *{font-size : 16px;}@media only screen and (max-width: 767px) {.tatsu-H112HOhuS.tatsu-text-block-wrap .tatsu-text-inner{width: 100%;}}<\/style>\n<p style=\"text-align: center;\">Even though you might think you know Mallorca inside out after many years as a <a title=\"Wedding Photographer Mallorca\" href=\"https:\/\/lps-photography.de\/en\/\"><strong>wedding photographer in Mallorca<\/strong><\/a>, this wedding at the Pula Golf Resort was something very special. Everything was just perfect, right up until the last second of the party! But see for yourself:<\/p>\n<\/div><\/div><\/div><\/div><div class = \"tatsu-column-bg-image-wrap\"><div class = \"tatsu-column-bg-image\" ><\/div><\/div><\/div><style>.tatsu-row > .tatsu-BkkZHO3uS.tatsu-column{width: 100%;}.tatsu-BkkZHO3uS.tatsu-column > .tatsu-column-inner > .tatsu-column-overlay{mix-blend-mode: none;}.tatsu-BkkZHO3uS > .tatsu-column-inner > .tatsu-top-divider{z-index: 9999;}.tatsu-BkkZHO3uS > .tatsu-column-inner > .tatsu-bottom-divider{z-index: 9999;}.tatsu-BkkZHO3uS > .tatsu-column-inner > .tatsu-left-divider{z-index: 9999;}.tatsu-BkkZHO3uS > .tatsu-column-inner > .tatsu-right-divider{z-index: 9999;}@media only screen and (max-width:1377px) {.tatsu-row > .tatsu-BkkZHO3uS.tatsu-column{width: 100%;}}@media only screen and (min-width:768px) and (max-width: 1024px) {.tatsu-row > .tatsu-BkkZHO3uS.tatsu-column{width: 100%;}}@media only screen and (max-width: 767px) {.tatsu-row > .tatsu-BkkZHO3uS.tatsu-column{width: 100%;}}<\/style><\/div><\/div><\/div><\/div><div class=\"tatsu-section-background-wrap\"><div class = \"tatsu-section-background\" ><\/div><\/div><style>.tatsu-SybkbHO3uB .tatsu-section-pad{padding: 0px 0px 24px 0px;}.tatsu-SybkbHO3uB > .tatsu-bottom-divider{z-index: 9999;}.tatsu-SybkbHO3uB > .tatsu-top-divider{z-index: 9999;}<\/style><\/div><div  class=\"tatsu-HJ-_aU_2dr tatsu-section  tatsu-fullscreen   tatsu-clearfix\" data-title=\"\"  data-headerscheme=\"background--dark\"><div class=\"tatsu-fullscreen-wrap\"><div class='tatsu-section-pad clearfix' data-padding='{\"d\":\"232px 0px 246px 0px\"}' data-padding-top='232px'><div class=\"tatsu-row-wrap  tatsu-row-full-width tatsu-row-one-col tatsu-row-has-one-cols tatsu-medium-gutter tatsu-reg-cols  tatsu-clearfix tatsu-H1g_6LdhuB\" ><div  class=\"tatsu-row\" ><div  class=\"tatsu-column  tatsu-column-no-bg tatsu-column-empty tatsu-one-col tatsu-column-image-none tatsu-column-effect-none  tatsu-ryuTIu2uS\"  data-parallax-speed=\"0\" style=\"\"><div class=\"tatsu-column-inner\" ><div class=\"tatsu-column-pad-wrap\"><div class=\"tatsu-column-pad\" ><\/div><\/div><div class = \"tatsu-column-bg-image-wrap\"><div class = \"tatsu-column-bg-image\" ><\/div><\/div><\/div><style>.tatsu-row > .tatsu-ryuTIu2uS.tatsu-column{width: 100%;}.tatsu-ryuTIu2uS.tatsu-column > .tatsu-column-inner > .tatsu-column-overlay{mix-blend-mode: none;}.tatsu-ryuTIu2uS > .tatsu-column-inner > .tatsu-top-divider{z-index: 9999;}.tatsu-ryuTIu2uS > .tatsu-column-inner > .tatsu-bottom-divider{z-index: 9999;}.tatsu-ryuTIu2uS > .tatsu-column-inner > .tatsu-left-divider{z-index: 9999;}.tatsu-ryuTIu2uS > .tatsu-column-inner > .tatsu-right-divider{z-index: 9999;}@media only screen and (max-width:1377px) {.tatsu-row > .tatsu-ryuTIu2uS.tatsu-column{width: 100%;}}@media only screen and (min-width:768px) and (max-width: 1024px) {.tatsu-row > .tatsu-ryuTIu2uS.tatsu-column{width: 100%;}}@media only screen and (max-width: 767px) {.tatsu-row > .tatsu-ryuTIu2uS.tatsu-column{width: 100%;}}<\/style><\/div><\/div><\/div><\/div><div class=\"tatsu-section-background-wrap\"><div class = \"tatsu-section-background\" ><\/div><\/div><\/div><style>.tatsu-HJ-_aU_2dr .tatsu-section-background{background-image: url(https:\/\/lps-photography.de\/wp-content\/uploads\/2023\/01\/Hochzeits-fotograf-Mallorca-Sera-de-pula-golf-28.jpg);background-repeat: no-repeat;background-attachment: scroll;background-position: center center;background-size: cover;}.tatsu-HJ-_aU_2dr .tatsu-bg-blur{background-repeat: no-repeat;background-attachment: scroll;background-position: center center;background-size: cover;}.tatsu-HJ-_aU_2dr .tatsu-section-pad{padding: 232px 0px 246px 0px;}.tatsu-HJ-_aU_2dr > .tatsu-bottom-divider{z-index: 9999;}.tatsu-HJ-_aU_2dr > .tatsu-top-divider{z-index: 9999;}.tatsu-HJ-_aU_2dr .tatsu-fullscreen-wrap{align-items: center;}<\/style><\/div><div  class=\"tatsu-SyZJY4u2dB tatsu-section    tatsu-clearfix\" data-title=\"\"  data-headerscheme=\"background--dark\"><div class='tatsu-section-pad clearfix' data-padding='{\"d\":\"0px 0px 20px 0px\",\"m\":\"0px 0px 22px 0px\"}' data-padding-top='0px'><div class=\"tatsu-row-wrap  tatsu-wrap tatsu-row-one-col tatsu-row-has-one-cols tatsu-medium-gutter tatsu-reg-cols  tatsu-clearfix tatsu-BkgJF4uhOB\" ><div  class=\"tatsu-row\" ><div  class=\"tatsu-column  tatsu-column-no-bg tatsu-one-col tatsu-column-image-none tatsu-column-effect-none  tatsu-ryJtNO2OS\"  data-parallax-speed=\"0\" style=\"\"><div class=\"tatsu-column-inner\" ><div class=\"tatsu-column-pad-wrap\"><div class=\"tatsu-column-pad\" ><div  class=\"tatsu-module tatsu-text-block-wrap tatsu-Hk4FN_n_B\"><div class=\"tatsu-text-inner tatsu-align-center  clearfix\" ><style>.tatsu-Hk4FN_n_B.tatsu-text-block-wrap .tatsu-text-inner{width: 80%;text-align: left;}.tatsu-Hk4FN_n_B.tatsu-text-block-wrap{margin: 20px 0px 10px 0px;}.tatsu-Hk4FN_n_B.tatsu-text-block-wrap .tatsu-text-inner *{font-size : 24px;line-height : 1.5em;}@media only screen and (max-width: 767px) {.tatsu-Hk4FN_n_B.tatsu-text-block-wrap .tatsu-text-inner{width: 100%;}}<\/style>\n<h2 style=\"font-size: 24px;\">Outdoor Wedding Ceremony, Aperitif, Dinner, and Party at the Pula Golf Resort<\/h2>\n<\/div><\/div><div  class=\"tatsu-module tatsu-text-block-wrap tatsu-Syq2-Alcxx\"><div class=\"tatsu-text-inner tatsu-align-center  clearfix\" ><style>.tatsu-Syq2-Alcxx.tatsu-text-block-wrap .tatsu-text-inner{width: 80%;text-align: left;}.tatsu-Syq2-Alcxx.tatsu-text-block-wrap .tatsu-text-inner *{font-size : 16px;}@media only screen and (max-width: 767px) {.tatsu-Syq2-Alcxx.tatsu-text-block-wrap .tatsu-text-inner{width: 100%;}}<\/style>\n<p>With an ingenious <a href=\"\/en\/beste-hochzeitslocation-mallorca\/\"><strong>wedding venue<\/strong><\/a> like this, there isn&#8217;t a single corner that isn&#8217;t beautiful. At the same time, there is a different setting for each part of the day&#8217;s program. From the wedding ceremony to the aperitif, dinner, and party. Simply brilliant. Daniel had really gone all out for his wedding to Anne-Cathrine and put together an amazing team after countless discussions. Guys can organize weddings too! At the wedding ceremony, performed by a friend of her father&#8217;s, a friend sang together with Hern\u00e1n Filippini <em>(my favorite guitarist in Mallorca, by the way)<\/em>, who also accompanied the champagne reception. After the meal, Joe Cocker saxophonist Norbert, <strong><em>\u201cThe Voice\u201d<\/em><\/strong> Sarah Lee on the mic, and Ivan St. Ives on percussion joined DJ Gerg\u00f6 to start a party that could hardly be surpassed. Twelve hours of non-stop action for the wedding photographer, but not a second that wasn&#8217;t really fun!<\/p>\n<\/div><\/div><div  class=\"tatsu-module tatsu-text-block-wrap tatsu-BJ1h000Ylg\"><div class=\"tatsu-text-inner tatsu-align-center  clearfix\" ><style>.tatsu-BJ1h000Ylg.tatsu-text-block-wrap .tatsu-text-inner{width: 80%;text-align: left;}.tatsu-BJ1h000Ylg.tatsu-text-block-wrap .tatsu-text-inner *{font-size : 16px;}@media only screen and (max-width: 767px) {.tatsu-BJ1h000Ylg.tatsu-text-block-wrap .tatsu-text-inner{width: 100%;}}<\/style>\n<p style=\"text-align: center;\"><strong>Does a wedding in Mallorca<\/strong> sound like the perfect idea for you? <a href=\"https:\/\/lps-photography.de\/en\/contact\/\"><strong>Then just send me a message-I look forward to getting to know you!<\/strong><\/a><\/p>\n<\/div><\/div><\/div><\/div><div class = \"tatsu-column-bg-image-wrap\"><div class = \"tatsu-column-bg-image\" ><\/div><\/div><\/div><style>.tatsu-row > .tatsu-ryJtNO2OS.tatsu-column{width: 100%;}.tatsu-ryJtNO2OS.tatsu-column > .tatsu-column-inner > .tatsu-column-overlay{mix-blend-mode: none;}.tatsu-ryJtNO2OS > .tatsu-column-inner > .tatsu-top-divider{z-index: 9999;}.tatsu-ryJtNO2OS > .tatsu-column-inner > .tatsu-bottom-divider{z-index: 9999;}.tatsu-ryJtNO2OS > .tatsu-column-inner > .tatsu-left-divider{z-index: 9999;}.tatsu-ryJtNO2OS > .tatsu-column-inner > .tatsu-right-divider{z-index: 9999;}@media only screen and (max-width:1377px) {.tatsu-row > .tatsu-ryJtNO2OS.tatsu-column{width: 100%;}}@media only screen and (min-width:768px) and (max-width: 1024px) {.tatsu-row > .tatsu-ryJtNO2OS.tatsu-column{width: 100%;}}@media only screen and (max-width: 767px) {.tatsu-row > .tatsu-ryJtNO2OS.tatsu-column{width: 100%;}}<\/style><\/div><\/div><\/div><\/div><div class=\"tatsu-section-background-wrap\"><div class = \"tatsu-section-background\" ><\/div><\/div><style>.tatsu-SyZJY4u2dB .tatsu-section-pad{padding: 0px 0px 20px 0px;}.tatsu-SyZJY4u2dB > .tatsu-bottom-divider{z-index: 9999;}.tatsu-SyZJY4u2dB > .tatsu-top-divider{z-index: 9999;}@media only screen and (max-width: 767px) {.tatsu-SyZJY4u2dB .tatsu-section-pad{padding: 0px 0px 22px 0px;}}<\/style><\/div><div  class=\"tatsu-Sy-SNudnuS tatsu-section    tatsu-clearfix\" data-title=\"\"  data-headerscheme=\"background--dark\"><div class='tatsu-section-pad clearfix' data-padding='{\"d\":\"2px 0px 8px 0px\"}' data-padding-top='2px'><div class=\"tatsu-row-wrap  tatsu-wrap tatsu-row-one-col tatsu-row-has-one-cols tatsu-medium-gutter tatsu-reg-cols  tatsu-clearfix tatsu-SyxBVOOhdH\" ><div  class=\"tatsu-row\" ><div  class=\"tatsu-column  tatsu-column-no-bg tatsu-one-col tatsu-column-image-none tatsu-column-effect-none  tatsu-HyrEuuhuH\"  data-parallax-speed=\"0\" style=\"\"><div class=\"tatsu-column-inner\" ><div class=\"tatsu-column-pad-wrap\"><div class=\"tatsu-column-pad\" ><div  class=\"portfolio-all-wrap  oshine-gallery-module 0 tatsu-P9nTAp9Z-\" ><div class=\"portfolio  portfolio-two-col-mobile full-screen  full-screen-gutter style2-gutter three-col masonry_enable\" style=\"margin-left: -10px;\"  data-action=\"get_be_gallery_with_pagination\"  data-paged=\"1\" data-enable-masonry=\"1\" data-aspect-ratio = \"1.6\" data-source='{\"source\":\"selected\",\"account_name\":\"themeforest\",\"count\":\"10\",\"col\":\"three\",\"masonry\":\"1\"}' data-gutter-width=\"10\"  data-images-array=\"17099,17100,17101,17102,17103,17104,17105,17106,17107,17108,17109,17110,17111,17112,17113,17114,17115,17116,17117,17118,17119,17120,17121,17122,17123,17124,17125,17126,17127,17128,17129,17130,17131,17132,17133,17134,17135,17136,17137,17138,17139,17140,17141,17142,17143,17144,17145,17146,17147,17148,17149,17150,17151,17152,17153,17154,17155,17156,17157,17158,17159,17160,17161,17162,17163,17164,17165,17166,17167,17168,17169,17170,17171,17172,17173,17174,17175,17176,17177,17178,17179,17180,17181,17182\" data-col=\"three\" data-items-per-load=\"9\" data-hover-style=\"style1-hover\" data-image-grayscale=\"c_to_c\" data-lightbox-type=\"photoswipe\" data-image-source=\"selected\" data-image-effect=\"none\" data-thumb-overlay-color=\"rgba(255,255,255,0)\" data-grad-style-color=\"background:rgba(255,255,255,0)\" data-like-button=\"1\" data-hover-content=\"icon\" data-hover-content-color=\"rgba(255,255,255,0)\" ><div class=\"portfolio-container clickable clearfix portfolio-shortcode be-photoswipe-gallery scale\"><div class=\"element be-hoverlay not-wide no-wide-width-height style1-hover c_to_c\" style=\"margin-bottom: 10px;\"><div class=\"element-inner\" style=\"margin-left: 10px;\"><a href=\"https:\/\/lps-photography.de\/wp-content\/uploads\/2023\/01\/Hochzeits-fotograf-Mallorca-Sera-de-pula-golf-1.jpg\" data-size=\"1600x1067\" data-href=\"https:\/\/lps-photography.de\/wp-content\/uploads\/2023\/01\/Hochzeits-fotograf-Mallorca-Sera-de-pula-golf-1.jpg\" class=\"thumb-wrap\" title=\"Auf einem Holztisch schreibt eine Person in ein Notizbuch, daneben liegen ein Smartphone, Tarotkarten und eine Brille - vielleicht plant sie ihre Hochzeit auf Mallorca. Nur ihre H\u00e4nde und Arme sind sichtbar.\"><div class=\"flip-wrap\"><div data-aspect-ratio=\"1.5\" style = \"padding-bottom : 66.6875%;;\" class=\"flip-img-wrap none-effect\"><img srcset=\"https:\/\/lps-photography.de\/wp-content\/uploads\/2023\/01\/Hochzeits-fotograf-Mallorca-Sera-de-pula-golf-1.jpg 1600w,  https:\/\/lps-photography.de\/wp-content\/uploads\/2023\/01\/Hochzeits-fotograf-Mallorca-Sera-de-pula-golf-1-300x200.jpg 300w,  https:\/\/lps-photography.de\/wp-content\/uploads\/2023\/01\/Hochzeits-fotograf-Mallorca-Sera-de-pula-golf-1-800x534.jpg 800w,  https:\/\/lps-photography.de\/wp-content\/uploads\/2023\/01\/Hochzeits-fotograf-Mallorca-Sera-de-pula-golf-1-768x512.jpg 768w,  https:\/\/lps-photography.de\/wp-content\/uploads\/2023\/01\/Hochzeits-fotograf-Mallorca-Sera-de-pula-golf-1-1536x1024.jpg 1536w,  https:\/\/lps-photography.de\/wp-content\/uploads\/2023\/01\/Hochzeits-fotograf-Mallorca-Sera-de-pula-golf-1-75x50.jpg 75w,  https:\/\/lps-photography.de\/wp-content\/uploads\/2023\/01\/Hochzeits-fotograf-Mallorca-Sera-de-pula-golf-1-650x433.jpg 650w,  https:\/\/lps-photography.de\/wp-content\/uploads\/2023\/01\/Hochzeits-fotograf-Mallorca-Sera-de-pula-golf-1-1000x667.jpg 1000w,  https:\/\/lps-photography.de\/wp-content\/uploads\/2023\/01\/Hochzeits-fotograf-Mallorca-Sera-de-pula-golf-1-50x33.jpg 50w\" alt=\"Auf einem Holztisch schreibt eine Person in ein Notizbuch, daneben liegen ein Smartphone, Tarotkarten und eine Brille - vielleicht plant sie ihre Hochzeit auf Mallorca. Nur ihre H\u00e4nde und Arme sind sichtbar.\" data-attr=\"1\" data-id=\"17099\"\/><\/div><\/div><div class=\"thumb-overlay\"><div class=\"thumb-bg\" style=\"background-color:rgba(255,255,255,0);background:rgba(255,255,255,0)\"><div class=\"thumb-title-wrap display-table-cell vertical-align-middle align-center fadeIn animated\"><div class=\"thumb-title\" style=\"color:rgba(255,255,255,0);\"><i class=\"portfolio-overlay-icon\"><\/i><\/div><\/div><\/div><\/div><\/a><\/div><\/div><div class=\"element be-hoverlay not-wide no-wide-width-height style1-hover c_to_c\" style=\"margin-bottom: 10px;\"><div class=\"element-inner\" style=\"margin-left: 10px;\"><a href=\"https:\/\/lps-photography.de\/wp-content\/uploads\/2023\/01\/Hochzeits-fotograf-Mallorca-Sera-de-pula-golf-2-1.jpg\" data-size=\"1600x1067\" data-href=\"https:\/\/lps-photography.de\/wp-content\/uploads\/2023\/01\/Hochzeits-fotograf-Mallorca-Sera-de-pula-golf-2-1.jpg\" class=\"thumb-wrap\" title=\"Hochzeitseinladungen und ein Foto eines sich umarmenden Paares liegen auf einer gemusterten Tagesdecke neben wei\u00dfen Schuhen. Die eleganten Karten in Pastellt\u00f6nen erinnern an die Romantik einer Hochzeit auf Mallorca und fangen eine intime Atmosph\u00e4re ein, die perfekt f\u00fcr jede Feier ist.\"><div class=\"flip-wrap\"><div data-aspect-ratio=\"1.5\" style = \"padding-bottom : 66.6875%;;\" class=\"flip-img-wrap none-effect\"><img srcset=\"https:\/\/lps-photography.de\/wp-content\/uploads\/2023\/01\/Hochzeits-fotograf-Mallorca-Sera-de-pula-golf-2-1.jpg 1600w,  https:\/\/lps-photography.de\/wp-content\/uploads\/2023\/01\/Hochzeits-fotograf-Mallorca-Sera-de-pula-golf-2-1-300x200.jpg 300w,  https:\/\/lps-photography.de\/wp-content\/uploads\/2023\/01\/Hochzeits-fotograf-Mallorca-Sera-de-pula-golf-2-1-800x534.jpg 800w,  https:\/\/lps-photography.de\/wp-content\/uploads\/2023\/01\/Hochzeits-fotograf-Mallorca-Sera-de-pula-golf-2-1-768x512.jpg 768w,  https:\/\/lps-photography.de\/wp-content\/uploads\/2023\/01\/Hochzeits-fotograf-Mallorca-Sera-de-pula-golf-2-1-1536x1024.jpg 1536w,  https:\/\/lps-photography.de\/wp-content\/uploads\/2023\/01\/Hochzeits-fotograf-Mallorca-Sera-de-pula-golf-2-1-75x50.jpg 75w,  https:\/\/lps-photography.de\/wp-content\/uploads\/2023\/01\/Hochzeits-fotograf-Mallorca-Sera-de-pula-golf-2-1-650x433.jpg 650w,  https:\/\/lps-photography.de\/wp-content\/uploads\/2023\/01\/Hochzeits-fotograf-Mallorca-Sera-de-pula-golf-2-1-1000x667.jpg 1000w,  https:\/\/lps-photography.de\/wp-content\/uploads\/2023\/01\/Hochzeits-fotograf-Mallorca-Sera-de-pula-golf-2-1-50x33.jpg 50w\" alt=\"Hochzeitseinladungen und ein Foto eines sich umarmenden Paares liegen auf einer gemusterten Tagesdecke neben wei\u00dfen Schuhen. Die eleganten Karten in Pastellt\u00f6nen erinnern an die Romantik einer Hochzeit auf Mallorca und fangen eine intime Atmosph\u00e4re ein, die perfekt f\u00fcr jede Feier ist.\" data-attr=\"1\" data-id=\"17100\"\/><\/div><\/div><div class=\"thumb-overlay\"><div class=\"thumb-bg\" style=\"background-color:rgba(255,255,255,0);background:rgba(255,255,255,0)\"><div class=\"thumb-title-wrap display-table-cell vertical-align-middle align-center fadeIn animated\"><div class=\"thumb-title\" style=\"color:rgba(255,255,255,0);\"><i class=\"portfolio-overlay-icon\"><\/i><\/div><\/div><\/div><\/div><\/a><\/div><\/div><div class=\"element be-hoverlay not-wide no-wide-width-height style1-hover c_to_c\" style=\"margin-bottom: 10px;\"><div class=\"element-inner\" style=\"margin-left: 10px;\"><a href=\"https:\/\/lps-photography.de\/wp-content\/uploads\/2023\/01\/Hochzeits-fotograf-Mallorca-Sera-de-pula-golf-3-1.jpg\" data-size=\"1600x1067\" data-href=\"https:\/\/lps-photography.de\/wp-content\/uploads\/2023\/01\/Hochzeits-fotograf-Mallorca-Sera-de-pula-golf-3-1.jpg\" class=\"thumb-wrap\" title=\"Nahaufnahme der H\u00e4nde einer \u00e4lteren Frau, die den R\u00fccken des wei\u00dfen Kleides der Braut zuh\u00e4lt, wobei zarte Spitzendetails hervorgehoben werden. Dieser intime Moment vor der Hochzeit wurde von einem Hochzeitsfotograf Mallorca bei einer Hochzeit auf Mallorca wundersch\u00f6n eingefangen.\"><div class=\"flip-wrap\"><div data-aspect-ratio=\"1.5\" style = \"padding-bottom : 66.6875%;;\" class=\"flip-img-wrap none-effect\"><img srcset=\"https:\/\/lps-photography.de\/wp-content\/uploads\/2023\/01\/Hochzeits-fotograf-Mallorca-Sera-de-pula-golf-3-1.jpg 1600w,  https:\/\/lps-photography.de\/wp-content\/uploads\/2023\/01\/Hochzeits-fotograf-Mallorca-Sera-de-pula-golf-3-1-300x200.jpg 300w,  https:\/\/lps-photography.de\/wp-content\/uploads\/2023\/01\/Hochzeits-fotograf-Mallorca-Sera-de-pula-golf-3-1-800x534.jpg 800w,  https:\/\/lps-photography.de\/wp-content\/uploads\/2023\/01\/Hochzeits-fotograf-Mallorca-Sera-de-pula-golf-3-1-768x512.jpg 768w,  https:\/\/lps-photography.de\/wp-content\/uploads\/2023\/01\/Hochzeits-fotograf-Mallorca-Sera-de-pula-golf-3-1-1536x1024.jpg 1536w,  https:\/\/lps-photography.de\/wp-content\/uploads\/2023\/01\/Hochzeits-fotograf-Mallorca-Sera-de-pula-golf-3-1-75x50.jpg 75w,  https:\/\/lps-photography.de\/wp-content\/uploads\/2023\/01\/Hochzeits-fotograf-Mallorca-Sera-de-pula-golf-3-1-650x433.jpg 650w,  https:\/\/lps-photography.de\/wp-content\/uploads\/2023\/01\/Hochzeits-fotograf-Mallorca-Sera-de-pula-golf-3-1-1000x667.jpg 1000w,  https:\/\/lps-photography.de\/wp-content\/uploads\/2023\/01\/Hochzeits-fotograf-Mallorca-Sera-de-pula-golf-3-1-50x33.jpg 50w\" alt=\"Nahaufnahme der H\u00e4nde einer \u00e4lteren Frau, die den R\u00fccken des wei\u00dfen Kleides der Braut zuh\u00e4lt, wobei zarte Spitzendetails hervorgehoben werden. Dieser intime Moment vor der Hochzeit wurde von einem Hochzeitsfotograf Mallorca bei einer Hochzeit auf Mallorca wundersch\u00f6n eingefangen.\" data-attr=\"1\" data-id=\"17101\"\/><\/div><\/div><div class=\"thumb-overlay\"><div class=\"thumb-bg\" style=\"background-color:rgba(255,255,255,0);background:rgba(255,255,255,0)\"><div class=\"thumb-title-wrap display-table-cell vertical-align-middle align-center fadeIn animated\"><div class=\"thumb-title\" style=\"color:rgba(255,255,255,0);\"><i class=\"portfolio-overlay-icon\"><\/i><\/div><\/div><\/div><\/div><\/a><\/div><\/div><div class=\"element be-hoverlay not-wide no-wide-width-height style1-hover c_to_c\" style=\"margin-bottom: 10px;\"><div class=\"element-inner\" style=\"margin-left: 10px;\"><a href=\"https:\/\/lps-photography.de\/wp-content\/uploads\/2023\/01\/Hochzeits-fotograf-Mallorca-Sera-de-pula-golf-4-1.jpg\" data-size=\"1600x1067\" data-href=\"https:\/\/lps-photography.de\/wp-content\/uploads\/2023\/01\/Hochzeits-fotograf-Mallorca-Sera-de-pula-golf-4-1.jpg\" class=\"thumb-wrap\" title=\"In einem hellen Wohnzimmer versammelt sich eine f\u00f6rmlich gekleidete Gruppe von Menschen zu einer Hochzeit auf Mallorca. Einige sitzen auf einer Couch, w\u00e4hrend zwei \u00e4ltere Frauen mit ihren Smartphones telefonieren. Die Stimmung ist lebhaft, und durch gro\u00dfe Fenster str\u00f6mt nat\u00fcrliches Licht.\"><div class=\"flip-wrap\"><div data-aspect-ratio=\"1.5\" style = \"padding-bottom : 66.6875%;;\" class=\"flip-img-wrap none-effect\"><img srcset=\"https:\/\/lps-photography.de\/wp-content\/uploads\/2023\/01\/Hochzeits-fotograf-Mallorca-Sera-de-pula-golf-4-1.jpg 1600w,  https:\/\/lps-photography.de\/wp-content\/uploads\/2023\/01\/Hochzeits-fotograf-Mallorca-Sera-de-pula-golf-4-1-300x200.jpg 300w,  https:\/\/lps-photography.de\/wp-content\/uploads\/2023\/01\/Hochzeits-fotograf-Mallorca-Sera-de-pula-golf-4-1-800x534.jpg 800w,  https:\/\/lps-photography.de\/wp-content\/uploads\/2023\/01\/Hochzeits-fotograf-Mallorca-Sera-de-pula-golf-4-1-768x512.jpg 768w,  https:\/\/lps-photography.de\/wp-content\/uploads\/2023\/01\/Hochzeits-fotograf-Mallorca-Sera-de-pula-golf-4-1-1536x1024.jpg 1536w,  https:\/\/lps-photography.de\/wp-content\/uploads\/2023\/01\/Hochzeits-fotograf-Mallorca-Sera-de-pula-golf-4-1-75x50.jpg 75w,  https:\/\/lps-photography.de\/wp-content\/uploads\/2023\/01\/Hochzeits-fotograf-Mallorca-Sera-de-pula-golf-4-1-650x433.jpg 650w,  https:\/\/lps-photography.de\/wp-content\/uploads\/2023\/01\/Hochzeits-fotograf-Mallorca-Sera-de-pula-golf-4-1-1000x667.jpg 1000w,  https:\/\/lps-photography.de\/wp-content\/uploads\/2023\/01\/Hochzeits-fotograf-Mallorca-Sera-de-pula-golf-4-1-50x33.jpg 50w\" alt=\"In einem hellen Wohnzimmer versammelt sich eine f\u00f6rmlich gekleidete Gruppe von Menschen zu einer Hochzeit auf Mallorca. Einige sitzen auf einer Couch, w\u00e4hrend zwei \u00e4ltere Frauen mit ihren Smartphones telefonieren. Die Stimmung ist lebhaft, und durch gro\u00dfe Fenster str\u00f6mt nat\u00fcrliches Licht.\" data-attr=\"1\" data-id=\"17102\"\/><\/div><\/div><div class=\"thumb-overlay\"><div class=\"thumb-bg\" style=\"background-color:rgba(255,255,255,0);background:rgba(255,255,255,0)\"><div class=\"thumb-title-wrap display-table-cell vertical-align-middle align-center fadeIn animated\"><div class=\"thumb-title\" style=\"color:rgba(255,255,255,0);\"><i class=\"portfolio-overlay-icon\"><\/i><\/div><\/div><\/div><\/div><\/a><\/div><\/div><div class=\"element be-hoverlay not-wide no-wide-width-height style1-hover c_to_c\" style=\"margin-bottom: 10px;\"><div class=\"element-inner\" style=\"margin-left: 10px;\"><a href=\"https:\/\/lps-photography.de\/wp-content\/uploads\/2023\/01\/Hochzeits-fotograf-Mallorca-Sera-de-pula-golf-5-1.jpg\" data-size=\"1600x1067\" data-href=\"https:\/\/lps-photography.de\/wp-content\/uploads\/2023\/01\/Hochzeits-fotograf-Mallorca-Sera-de-pula-golf-5-1.jpg\" class=\"thumb-wrap\" title=\"Eine Gruppe von sechs f\u00f6rmlich gekleideten Personen versammelt sich in einem hellen Wohnzimmer. Einige sitzen auf Sofas, w\u00e4hrend andere l\u00e4chelnd dastehen. Zwei Frauen halten Smartphones in die H\u00f6he - vielleicht halten sie Erinnerungen an eine Hochzeit auf Mallorca f\u00fcr ihren Hochzeitsfotografen Mallorca fest.\"><div class=\"flip-wrap\"><div data-aspect-ratio=\"1.5\" style = \"padding-bottom : 66.6875%;;\" class=\"flip-img-wrap none-effect\"><img srcset=\"https:\/\/lps-photography.de\/wp-content\/uploads\/2023\/01\/Hochzeits-fotograf-Mallorca-Sera-de-pula-golf-5-1.jpg 1600w,  https:\/\/lps-photography.de\/wp-content\/uploads\/2023\/01\/Hochzeits-fotograf-Mallorca-Sera-de-pula-golf-5-1-300x200.jpg 300w,  https:\/\/lps-photography.de\/wp-content\/uploads\/2023\/01\/Hochzeits-fotograf-Mallorca-Sera-de-pula-golf-5-1-800x534.jpg 800w,  https:\/\/lps-photography.de\/wp-content\/uploads\/2023\/01\/Hochzeits-fotograf-Mallorca-Sera-de-pula-golf-5-1-768x512.jpg 768w,  https:\/\/lps-photography.de\/wp-content\/uploads\/2023\/01\/Hochzeits-fotograf-Mallorca-Sera-de-pula-golf-5-1-1536x1024.jpg 1536w,  https:\/\/lps-photography.de\/wp-content\/uploads\/2023\/01\/Hochzeits-fotograf-Mallorca-Sera-de-pula-golf-5-1-75x50.jpg 75w,  https:\/\/lps-photography.de\/wp-content\/uploads\/2023\/01\/Hochzeits-fotograf-Mallorca-Sera-de-pula-golf-5-1-650x433.jpg 650w,  https:\/\/lps-photography.de\/wp-content\/uploads\/2023\/01\/Hochzeits-fotograf-Mallorca-Sera-de-pula-golf-5-1-1000x667.jpg 1000w,  https:\/\/lps-photography.de\/wp-content\/uploads\/2023\/01\/Hochzeits-fotograf-Mallorca-Sera-de-pula-golf-5-1-50x33.jpg 50w\" alt=\"Eine Gruppe von sechs f\u00f6rmlich gekleideten Personen versammelt sich in einem hellen Wohnzimmer. Einige sitzen auf Sofas, w\u00e4hrend andere l\u00e4chelnd dastehen. Zwei Frauen halten Smartphones in die H\u00f6he - vielleicht halten sie Erinnerungen an eine Hochzeit auf Mallorca f\u00fcr ihren Hochzeitsfotografen Mallorca fest.\" data-attr=\"1\" data-id=\"17103\"\/><\/div><\/div><div class=\"thumb-overlay\"><div class=\"thumb-bg\" style=\"background-color:rgba(255,255,255,0);background:rgba(255,255,255,0)\"><div class=\"thumb-title-wrap display-table-cell vertical-align-middle align-center fadeIn animated\"><div class=\"thumb-title\" style=\"color:rgba(255,255,255,0);\"><i class=\"portfolio-overlay-icon\"><\/i><\/div><\/div><\/div><\/div><\/a><\/div><\/div><div class=\"element be-hoverlay not-wide no-wide-width-height style1-hover c_to_c\" style=\"margin-bottom: 10px;\"><div class=\"element-inner\" style=\"margin-left: 10px;\"><a href=\"https:\/\/lps-photography.de\/wp-content\/uploads\/2023\/01\/Hochzeits-fotograf-Mallorca-Sera-de-pula-golf-6-1.jpg\" data-size=\"1600x1067\" data-href=\"https:\/\/lps-photography.de\/wp-content\/uploads\/2023\/01\/Hochzeits-fotograf-Mallorca-Sera-de-pula-golf-6-1.jpg\" class=\"thumb-wrap\" title=\"Eine Gruppe formell gekleideter Menschen versammelt sich im Freien an einem f\u00fcr eine Hochzeit auf Mallorca gedeckten Tisch. Einige G\u00e4ste halten Sonnenschirme, andere unterhalten sich zwischen Gr\u00fcn und B\u00e4umen.\"><div class=\"flip-wrap\"><div data-aspect-ratio=\"1.5\" style = \"padding-bottom : 66.6875%;;\" class=\"flip-img-wrap none-effect\"><img srcset=\"https:\/\/lps-photography.de\/wp-content\/uploads\/2023\/01\/Hochzeits-fotograf-Mallorca-Sera-de-pula-golf-6-1.jpg 1600w,  https:\/\/lps-photography.de\/wp-content\/uploads\/2023\/01\/Hochzeits-fotograf-Mallorca-Sera-de-pula-golf-6-1-300x200.jpg 300w,  https:\/\/lps-photography.de\/wp-content\/uploads\/2023\/01\/Hochzeits-fotograf-Mallorca-Sera-de-pula-golf-6-1-800x534.jpg 800w,  https:\/\/lps-photography.de\/wp-content\/uploads\/2023\/01\/Hochzeits-fotograf-Mallorca-Sera-de-pula-golf-6-1-768x512.jpg 768w,  https:\/\/lps-photography.de\/wp-content\/uploads\/2023\/01\/Hochzeits-fotograf-Mallorca-Sera-de-pula-golf-6-1-1536x1024.jpg 1536w,  https:\/\/lps-photography.de\/wp-content\/uploads\/2023\/01\/Hochzeits-fotograf-Mallorca-Sera-de-pula-golf-6-1-75x50.jpg 75w,  https:\/\/lps-photography.de\/wp-content\/uploads\/2023\/01\/Hochzeits-fotograf-Mallorca-Sera-de-pula-golf-6-1-650x433.jpg 650w,  https:\/\/lps-photography.de\/wp-content\/uploads\/2023\/01\/Hochzeits-fotograf-Mallorca-Sera-de-pula-golf-6-1-1000x667.jpg 1000w,  https:\/\/lps-photography.de\/wp-content\/uploads\/2023\/01\/Hochzeits-fotograf-Mallorca-Sera-de-pula-golf-6-1-50x33.jpg 50w\" alt=\"Eine Gruppe formell gekleideter Menschen versammelt sich im Freien an einem f\u00fcr eine Hochzeit auf Mallorca gedeckten Tisch. Einige G\u00e4ste halten Sonnenschirme, andere unterhalten sich zwischen Gr\u00fcn und B\u00e4umen.\" data-attr=\"1\" data-id=\"17104\"\/><\/div><\/div><div class=\"thumb-overlay\"><div class=\"thumb-bg\" style=\"background-color:rgba(255,255,255,0);background:rgba(255,255,255,0)\"><div class=\"thumb-title-wrap display-table-cell vertical-align-middle align-center fadeIn animated\"><div class=\"thumb-title\" style=\"color:rgba(255,255,255,0);\"><i class=\"portfolio-overlay-icon\"><\/i><\/div><\/div><\/div><\/div><\/a><\/div><\/div><div class=\"element be-hoverlay not-wide no-wide-width-height style1-hover c_to_c\" style=\"margin-bottom: 10px;\"><div class=\"element-inner\" style=\"margin-left: 10px;\"><a href=\"https:\/\/lps-photography.de\/wp-content\/uploads\/2023\/01\/Hochzeits-fotograf-Mallorca-Sera-de-pula-golf-7-1.jpg\" data-size=\"1600x1067\" data-href=\"https:\/\/lps-photography.de\/wp-content\/uploads\/2023\/01\/Hochzeits-fotograf-Mallorca-Sera-de-pula-golf-7-1.jpg\" class=\"thumb-wrap\" title=\"Eine Gruppe von Menschen sitzt w\u00e4hrend einer Hochzeit auf Mallorca im Freien an einem langen, geschm\u00fcckten Tisch. Eine Frau in gelbem Outfit und Hut l\u00e4chelt, w\u00e4hrend sie sich mit einem Mann in Wei\u00df unterh\u00e4lt, umgeben von Gr\u00fcn und B\u00e4umen.\"><div class=\"flip-wrap\"><div data-aspect-ratio=\"1.5\" style = \"padding-bottom : 66.6875%;;\" class=\"flip-img-wrap none-effect\"><img srcset=\"https:\/\/lps-photography.de\/wp-content\/uploads\/2023\/01\/Hochzeits-fotograf-Mallorca-Sera-de-pula-golf-7-1.jpg 1600w,  https:\/\/lps-photography.de\/wp-content\/uploads\/2023\/01\/Hochzeits-fotograf-Mallorca-Sera-de-pula-golf-7-1-300x200.jpg 300w,  https:\/\/lps-photography.de\/wp-content\/uploads\/2023\/01\/Hochzeits-fotograf-Mallorca-Sera-de-pula-golf-7-1-800x534.jpg 800w,  https:\/\/lps-photography.de\/wp-content\/uploads\/2023\/01\/Hochzeits-fotograf-Mallorca-Sera-de-pula-golf-7-1-768x512.jpg 768w,  https:\/\/lps-photography.de\/wp-content\/uploads\/2023\/01\/Hochzeits-fotograf-Mallorca-Sera-de-pula-golf-7-1-1536x1024.jpg 1536w,  https:\/\/lps-photography.de\/wp-content\/uploads\/2023\/01\/Hochzeits-fotograf-Mallorca-Sera-de-pula-golf-7-1-75x50.jpg 75w,  https:\/\/lps-photography.de\/wp-content\/uploads\/2023\/01\/Hochzeits-fotograf-Mallorca-Sera-de-pula-golf-7-1-650x433.jpg 650w,  https:\/\/lps-photography.de\/wp-content\/uploads\/2023\/01\/Hochzeits-fotograf-Mallorca-Sera-de-pula-golf-7-1-1000x667.jpg 1000w,  https:\/\/lps-photography.de\/wp-content\/uploads\/2023\/01\/Hochzeits-fotograf-Mallorca-Sera-de-pula-golf-7-1-50x33.jpg 50w\" alt=\"Eine Gruppe von Menschen sitzt w\u00e4hrend einer Hochzeit auf Mallorca im Freien an einem langen, geschm\u00fcckten Tisch. Eine Frau in gelbem Outfit und Hut l\u00e4chelt, w\u00e4hrend sie sich mit einem Mann in Wei\u00df unterh\u00e4lt, umgeben von Gr\u00fcn und B\u00e4umen.\" data-attr=\"1\" data-id=\"17105\"\/><\/div><\/div><div class=\"thumb-overlay\"><div class=\"thumb-bg\" style=\"background-color:rgba(255,255,255,0);background:rgba(255,255,255,0)\"><div class=\"thumb-title-wrap display-table-cell vertical-align-middle align-center fadeIn animated\"><div class=\"thumb-title\" style=\"color:rgba(255,255,255,0);\"><i class=\"portfolio-overlay-icon\"><\/i><\/div><\/div><\/div><\/div><\/a><\/div><\/div><div class=\"element be-hoverlay not-wide no-wide-width-height style1-hover c_to_c\" style=\"margin-bottom: 10px;\"><div class=\"element-inner\" style=\"margin-left: 10px;\"><a href=\"https:\/\/lps-photography.de\/wp-content\/uploads\/2023\/01\/Hochzeits-fotograf-Mallorca-Sera-de-pula-golf-8-1.jpg\" data-size=\"1600x1067\" data-href=\"https:\/\/lps-photography.de\/wp-content\/uploads\/2023\/01\/Hochzeits-fotograf-Mallorca-Sera-de-pula-golf-8-1.jpg\" class=\"thumb-wrap\" title=\"Eine wundersch\u00f6ne Hochzeit auf Mallorca findet im Freien statt, mit G\u00e4sten in formeller Kleidung, umgeben von \u00fcppigen Gr\u00fcnfl\u00e4chen und Villen. Unter dem blauen Himmel h\u00e4lt ein Hochzeitsfotograf Mallorca jeden Moment fest, w\u00e4hrend die Zeremonie zelebriert wird.\"><div class=\"flip-wrap\"><div data-aspect-ratio=\"1.5\" style = \"padding-bottom : 66.6875%;;\" class=\"flip-img-wrap none-effect\"><img srcset=\"https:\/\/lps-photography.de\/wp-content\/uploads\/2023\/01\/Hochzeits-fotograf-Mallorca-Sera-de-pula-golf-8-1.jpg 1600w,  https:\/\/lps-photography.de\/wp-content\/uploads\/2023\/01\/Hochzeits-fotograf-Mallorca-Sera-de-pula-golf-8-1-300x200.jpg 300w,  https:\/\/lps-photography.de\/wp-content\/uploads\/2023\/01\/Hochzeits-fotograf-Mallorca-Sera-de-pula-golf-8-1-800x534.jpg 800w,  https:\/\/lps-photography.de\/wp-content\/uploads\/2023\/01\/Hochzeits-fotograf-Mallorca-Sera-de-pula-golf-8-1-768x512.jpg 768w,  https:\/\/lps-photography.de\/wp-content\/uploads\/2023\/01\/Hochzeits-fotograf-Mallorca-Sera-de-pula-golf-8-1-1536x1024.jpg 1536w,  https:\/\/lps-photography.de\/wp-content\/uploads\/2023\/01\/Hochzeits-fotograf-Mallorca-Sera-de-pula-golf-8-1-75x50.jpg 75w,  https:\/\/lps-photography.de\/wp-content\/uploads\/2023\/01\/Hochzeits-fotograf-Mallorca-Sera-de-pula-golf-8-1-650x433.jpg 650w,  https:\/\/lps-photography.de\/wp-content\/uploads\/2023\/01\/Hochzeits-fotograf-Mallorca-Sera-de-pula-golf-8-1-1000x667.jpg 1000w,  https:\/\/lps-photography.de\/wp-content\/uploads\/2023\/01\/Hochzeits-fotograf-Mallorca-Sera-de-pula-golf-8-1-50x33.jpg 50w\" alt=\"Eine wundersch\u00f6ne Hochzeit auf Mallorca findet im Freien statt, mit G\u00e4sten in formeller Kleidung, umgeben von \u00fcppigen Gr\u00fcnfl\u00e4chen und Villen. Unter dem blauen Himmel h\u00e4lt ein Hochzeitsfotograf Mallorca jeden Moment fest, w\u00e4hrend die Zeremonie zelebriert wird.\" data-attr=\"1\" data-id=\"17106\"\/><\/div><\/div><div class=\"thumb-overlay\"><div class=\"thumb-bg\" style=\"background-color:rgba(255,255,255,0);background:rgba(255,255,255,0)\"><div class=\"thumb-title-wrap display-table-cell vertical-align-middle align-center fadeIn animated\"><div class=\"thumb-title\" style=\"color:rgba(255,255,255,0);\"><i class=\"portfolio-overlay-icon\"><\/i><\/div><\/div><\/div><\/div><\/a><\/div><\/div><div class=\"element be-hoverlay not-wide no-wide-width-height style1-hover c_to_c\" style=\"margin-bottom: 10px;\"><div class=\"element-inner\" style=\"margin-left: 10px;\"><a href=\"https:\/\/lps-photography.de\/wp-content\/uploads\/2023\/01\/Hochzeits-fotograf-Mallorca-Sera-de-pula-golf-9-1.jpg\" data-size=\"1600x1067\" data-href=\"https:\/\/lps-photography.de\/wp-content\/uploads\/2023\/01\/Hochzeits-fotograf-Mallorca-Sera-de-pula-golf-9-1.jpg\" class=\"thumb-wrap\" title=\"Eine Braut in einem wei\u00dfen Kleid mit einem Blumenstrau\u00df in der Hand geht Arm in Arm mit einem Mann im Anzug einen Gartenweg entlang, umgeben von Gr\u00fcn und Geb\u00e4uden im mediterranen Stil - perfekt f\u00fcr eine Hochzeit auf Mallorca, aufgenommen von einem Hochzeitsfotografen Mallorca.\"><div class=\"flip-wrap\"><div data-aspect-ratio=\"1.5\" style = \"padding-bottom : 66.6875%;;\" class=\"flip-img-wrap none-effect\"><img srcset=\"https:\/\/lps-photography.de\/wp-content\/uploads\/2023\/01\/Hochzeits-fotograf-Mallorca-Sera-de-pula-golf-9-1.jpg 1600w,  https:\/\/lps-photography.de\/wp-content\/uploads\/2023\/01\/Hochzeits-fotograf-Mallorca-Sera-de-pula-golf-9-1-300x200.jpg 300w,  https:\/\/lps-photography.de\/wp-content\/uploads\/2023\/01\/Hochzeits-fotograf-Mallorca-Sera-de-pula-golf-9-1-800x534.jpg 800w,  https:\/\/lps-photography.de\/wp-content\/uploads\/2023\/01\/Hochzeits-fotograf-Mallorca-Sera-de-pula-golf-9-1-768x512.jpg 768w,  https:\/\/lps-photography.de\/wp-content\/uploads\/2023\/01\/Hochzeits-fotograf-Mallorca-Sera-de-pula-golf-9-1-1536x1024.jpg 1536w,  https:\/\/lps-photography.de\/wp-content\/uploads\/2023\/01\/Hochzeits-fotograf-Mallorca-Sera-de-pula-golf-9-1-75x50.jpg 75w,  https:\/\/lps-photography.de\/wp-content\/uploads\/2023\/01\/Hochzeits-fotograf-Mallorca-Sera-de-pula-golf-9-1-650x433.jpg 650w,  https:\/\/lps-photography.de\/wp-content\/uploads\/2023\/01\/Hochzeits-fotograf-Mallorca-Sera-de-pula-golf-9-1-1000x667.jpg 1000w,  https:\/\/lps-photography.de\/wp-content\/uploads\/2023\/01\/Hochzeits-fotograf-Mallorca-Sera-de-pula-golf-9-1-50x33.jpg 50w\" alt=\"Eine Braut in einem wei\u00dfen Kleid mit einem Blumenstrau\u00df in der Hand geht Arm in Arm mit einem Mann im Anzug einen Gartenweg entlang, umgeben von Gr\u00fcn und Geb\u00e4uden im mediterranen Stil - perfekt f\u00fcr eine Hochzeit auf Mallorca, aufgenommen von einem Hochzeitsfotografen Mallorca.\" data-attr=\"1\" data-id=\"17107\"\/><\/div><\/div><div class=\"thumb-overlay\"><div class=\"thumb-bg\" style=\"background-color:rgba(255,255,255,0);background:rgba(255,255,255,0)\"><div class=\"thumb-title-wrap display-table-cell vertical-align-middle align-center fadeIn animated\"><div class=\"thumb-title\" style=\"color:rgba(255,255,255,0);\"><i class=\"portfolio-overlay-icon\"><\/i><\/div><\/div><\/div><\/div><\/a><\/div><\/div><div class=\"element be-hoverlay not-wide no-wide-width-height style1-hover c_to_c\" style=\"margin-bottom: 10px;\"><div class=\"element-inner\" style=\"margin-left: 10px;\"><a href=\"https:\/\/lps-photography.de\/wp-content\/uploads\/2023\/01\/Hochzeits-fotograf-Mallorca-Sera-de-pula-golf-10-1.jpg\" data-size=\"1067x1600\" data-href=\"https:\/\/lps-photography.de\/wp-content\/uploads\/2023\/01\/Hochzeits-fotograf-Mallorca-Sera-de-pula-golf-10-1.jpg\" class=\"thumb-wrap\" title=\"Eine Gruppe von Hochzeitsg\u00e4sten sitzt im Freien auf einer Hochzeit auf Mallorca und beobachtet aufmerksam die Zeremonie. Ein Mann in einem beigen Anzug steht im Vordergrund, leicht unscharf, w\u00e4hrend hinter ihm G\u00e4ste in formeller Kleidung sitzen.\"><div class=\"flip-wrap\"><div data-aspect-ratio=\"0.67\" style = \"padding-bottom : 149.95313964386%;;\" class=\"flip-img-wrap none-effect\"><img srcset=\"https:\/\/lps-photography.de\/wp-content\/uploads\/2023\/01\/Hochzeits-fotograf-Mallorca-Sera-de-pula-golf-10-1.jpg 1067w,  https:\/\/lps-photography.de\/wp-content\/uploads\/2023\/01\/Hochzeits-fotograf-Mallorca-Sera-de-pula-golf-10-1-200x300.jpg 200w,  https:\/\/lps-photography.de\/wp-content\/uploads\/2023\/01\/Hochzeits-fotograf-Mallorca-Sera-de-pula-golf-10-1-683x1024.jpg 683w,  https:\/\/lps-photography.de\/wp-content\/uploads\/2023\/01\/Hochzeits-fotograf-Mallorca-Sera-de-pula-golf-10-1-768x1152.jpg 768w,  https:\/\/lps-photography.de\/wp-content\/uploads\/2023\/01\/Hochzeits-fotograf-Mallorca-Sera-de-pula-golf-10-1-1024x1536.jpg 1024w,  https:\/\/lps-photography.de\/wp-content\/uploads\/2023\/01\/Hochzeits-fotograf-Mallorca-Sera-de-pula-golf-10-1-33x50.jpg 33w,  https:\/\/lps-photography.de\/wp-content\/uploads\/2023\/01\/Hochzeits-fotograf-Mallorca-Sera-de-pula-golf-10-1-650x975.jpg 650w,  https:\/\/lps-photography.de\/wp-content\/uploads\/2023\/01\/Hochzeits-fotograf-Mallorca-Sera-de-pula-golf-10-1-1000x1500.jpg 1000w,  https:\/\/lps-photography.de\/wp-content\/uploads\/2023\/01\/Hochzeits-fotograf-Mallorca-Sera-de-pula-golf-10-1-50x75.jpg 50w\" alt=\"Eine Gruppe von Hochzeitsg\u00e4sten sitzt im Freien auf einer Hochzeit auf Mallorca und beobachtet aufmerksam die Zeremonie. Ein Mann in einem beigen Anzug steht im Vordergrund, leicht unscharf, w\u00e4hrend hinter ihm G\u00e4ste in formeller Kleidung sitzen.\" data-attr=\"1\" data-id=\"17108\"\/><\/div><\/div><div class=\"thumb-overlay\"><div class=\"thumb-bg\" style=\"background-color:rgba(255,255,255,0);background:rgba(255,255,255,0)\"><div class=\"thumb-title-wrap display-table-cell vertical-align-middle align-center fadeIn animated\"><div class=\"thumb-title\" style=\"color:rgba(255,255,255,0);\"><i class=\"portfolio-overlay-icon\"><\/i><\/div><\/div><\/div><\/div><\/a><\/div><\/div><div class=\"element be-hoverlay not-wide no-wide-width-height style1-hover c_to_c\" style=\"margin-bottom: 10px;\"><div class=\"element-inner\" style=\"margin-left: 10px;\"><a href=\"https:\/\/lps-photography.de\/wp-content\/uploads\/2023\/01\/Hochzeits-fotograf-Mallorca-Sera-de-pula-golf-11-1.jpg\" data-size=\"1600x1067\" data-href=\"https:\/\/lps-photography.de\/wp-content\/uploads\/2023\/01\/Hochzeits-fotograf-Mallorca-Sera-de-pula-golf-11-1.jpg\" class=\"thumb-wrap\" title=\"Eine Gruppe gut gekleideter Hochzeitsg\u00e4ste sitzt im Freien auf Holzst\u00fchlen bei einer Hochzeit auf Mallorca. Eine Frau in einem marineblauen Kleid wischt sich die Augen, m\u00f6glicherweise aus R\u00fchrung, w\u00e4hrend andere aufmerksam vor einem gr\u00fcnen, verschwommenen Hintergrund zusehen.\"><div class=\"flip-wrap\"><div data-aspect-ratio=\"1.5\" style = \"padding-bottom : 66.6875%;;\" class=\"flip-img-wrap none-effect\"><img srcset=\"https:\/\/lps-photography.de\/wp-content\/uploads\/2023\/01\/Hochzeits-fotograf-Mallorca-Sera-de-pula-golf-11-1.jpg 1600w,  https:\/\/lps-photography.de\/wp-content\/uploads\/2023\/01\/Hochzeits-fotograf-Mallorca-Sera-de-pula-golf-11-1-300x200.jpg 300w,  https:\/\/lps-photography.de\/wp-content\/uploads\/2023\/01\/Hochzeits-fotograf-Mallorca-Sera-de-pula-golf-11-1-800x534.jpg 800w,  https:\/\/lps-photography.de\/wp-content\/uploads\/2023\/01\/Hochzeits-fotograf-Mallorca-Sera-de-pula-golf-11-1-768x512.jpg 768w,  https:\/\/lps-photography.de\/wp-content\/uploads\/2023\/01\/Hochzeits-fotograf-Mallorca-Sera-de-pula-golf-11-1-1536x1024.jpg 1536w,  https:\/\/lps-photography.de\/wp-content\/uploads\/2023\/01\/Hochzeits-fotograf-Mallorca-Sera-de-pula-golf-11-1-75x50.jpg 75w,  https:\/\/lps-photography.de\/wp-content\/uploads\/2023\/01\/Hochzeits-fotograf-Mallorca-Sera-de-pula-golf-11-1-650x433.jpg 650w,  https:\/\/lps-photography.de\/wp-content\/uploads\/2023\/01\/Hochzeits-fotograf-Mallorca-Sera-de-pula-golf-11-1-1000x667.jpg 1000w,  https:\/\/lps-photography.de\/wp-content\/uploads\/2023\/01\/Hochzeits-fotograf-Mallorca-Sera-de-pula-golf-11-1-50x33.jpg 50w\" alt=\"Eine Gruppe gut gekleideter Hochzeitsg\u00e4ste sitzt im Freien auf Holzst\u00fchlen bei einer Hochzeit auf Mallorca. Eine Frau in einem marineblauen Kleid wischt sich die Augen, m\u00f6glicherweise aus R\u00fchrung, w\u00e4hrend andere aufmerksam vor einem gr\u00fcnen, verschwommenen Hintergrund zusehen.\" data-attr=\"1\" data-id=\"17109\"\/><\/div><\/div><div class=\"thumb-overlay\"><div class=\"thumb-bg\" style=\"background-color:rgba(255,255,255,0);background:rgba(255,255,255,0)\"><div class=\"thumb-title-wrap display-table-cell vertical-align-middle align-center fadeIn animated\"><div class=\"thumb-title\" style=\"color:rgba(255,255,255,0);\"><i class=\"portfolio-overlay-icon\"><\/i><\/div><\/div><\/div><\/div><\/a><\/div><\/div><div class=\"element be-hoverlay not-wide no-wide-width-height style1-hover c_to_c\" style=\"margin-bottom: 10px;\"><div class=\"element-inner\" style=\"margin-left: 10px;\"><a href=\"https:\/\/lps-photography.de\/wp-content\/uploads\/2023\/01\/Hochzeits-fotograf-Mallorca-Sera-de-pula-golf-12-1.jpg\" data-size=\"1600x1067\" data-href=\"https:\/\/lps-photography.de\/wp-content\/uploads\/2023\/01\/Hochzeits-fotograf-Mallorca-Sera-de-pula-golf-12-1.jpg\" class=\"thumb-wrap\" title=\"Nahaufnahme von zwei Menschen, die nebeneinander sitzen und sich an den H\u00e4nden halten. Beide sind in helle formelle Kleidung gekleidet, was auf eine Hochzeit oder eine besondere Zeremonie hindeutet - perfekt f\u00fcr einen Hochzeitsfotografen Mallorca, um Ihre Hochzeit auf Mallorca festzuhalten. Wei\u00dfe Blumen sind im Vordergrund unscharf.\"><div class=\"flip-wrap\"><div data-aspect-ratio=\"1.5\" style = \"padding-bottom : 66.6875%;;\" class=\"flip-img-wrap none-effect\"><img srcset=\"https:\/\/lps-photography.de\/wp-content\/uploads\/2023\/01\/Hochzeits-fotograf-Mallorca-Sera-de-pula-golf-12-1.jpg 1600w,  https:\/\/lps-photography.de\/wp-content\/uploads\/2023\/01\/Hochzeits-fotograf-Mallorca-Sera-de-pula-golf-12-1-300x200.jpg 300w,  https:\/\/lps-photography.de\/wp-content\/uploads\/2023\/01\/Hochzeits-fotograf-Mallorca-Sera-de-pula-golf-12-1-800x534.jpg 800w,  https:\/\/lps-photography.de\/wp-content\/uploads\/2023\/01\/Hochzeits-fotograf-Mallorca-Sera-de-pula-golf-12-1-768x512.jpg 768w,  https:\/\/lps-photography.de\/wp-content\/uploads\/2023\/01\/Hochzeits-fotograf-Mallorca-Sera-de-pula-golf-12-1-1536x1024.jpg 1536w,  https:\/\/lps-photography.de\/wp-content\/uploads\/2023\/01\/Hochzeits-fotograf-Mallorca-Sera-de-pula-golf-12-1-75x50.jpg 75w,  https:\/\/lps-photography.de\/wp-content\/uploads\/2023\/01\/Hochzeits-fotograf-Mallorca-Sera-de-pula-golf-12-1-650x433.jpg 650w,  https:\/\/lps-photography.de\/wp-content\/uploads\/2023\/01\/Hochzeits-fotograf-Mallorca-Sera-de-pula-golf-12-1-1000x667.jpg 1000w,  https:\/\/lps-photography.de\/wp-content\/uploads\/2023\/01\/Hochzeits-fotograf-Mallorca-Sera-de-pula-golf-12-1-50x33.jpg 50w\" alt=\"Nahaufnahme von zwei Menschen, die nebeneinander sitzen und sich an den H\u00e4nden halten. Beide sind in helle formelle Kleidung gekleidet, was auf eine Hochzeit oder eine besondere Zeremonie hindeutet - perfekt f\u00fcr einen Hochzeitsfotografen Mallorca, um Ihre Hochzeit auf Mallorca festzuhalten. Wei\u00dfe Blumen sind im Vordergrund unscharf.\" data-attr=\"1\" data-id=\"17110\"\/><\/div><\/div><div class=\"thumb-overlay\"><div class=\"thumb-bg\" style=\"background-color:rgba(255,255,255,0);background:rgba(255,255,255,0)\"><div class=\"thumb-title-wrap display-table-cell vertical-align-middle align-center fadeIn animated\"><div class=\"thumb-title\" style=\"color:rgba(255,255,255,0);\"><i class=\"portfolio-overlay-icon\"><\/i><\/div><\/div><\/div><\/div><\/a><\/div><\/div><div class=\"element be-hoverlay not-wide no-wide-width-height style1-hover c_to_c\" style=\"margin-bottom: 10px;\"><div class=\"element-inner\" style=\"margin-left: 10px;\"><a href=\"https:\/\/lps-photography.de\/wp-content\/uploads\/2023\/01\/Hochzeits-fotograf-Mallorca-Sera-de-pula-golf-13-1.jpg\" data-size=\"1067x1600\" data-href=\"https:\/\/lps-photography.de\/wp-content\/uploads\/2023\/01\/Hochzeits-fotograf-Mallorca-Sera-de-pula-golf-13-1.jpg\" class=\"thumb-wrap\" title=\"Bei einer Hochzeit auf Mallorca sitzt eine l\u00e4chelnde \u00e4ltere Frau in einem blauen Kleid mit wei\u00dfen Spitzendetails auf einem Holzstuhl und h\u00e4lt ein kleines Blumenarrangement. Umgeben von G\u00e4sten, schaut sie der Feier mit Freude zu, wundersch\u00f6n eingefangen von einem Hochzeitsfotograf Mallorca.\"><div class=\"flip-wrap\"><div data-aspect-ratio=\"0.67\" style = \"padding-bottom : 149.95313964386%;;\" class=\"flip-img-wrap none-effect\"><img srcset=\"https:\/\/lps-photography.de\/wp-content\/uploads\/2023\/01\/Hochzeits-fotograf-Mallorca-Sera-de-pula-golf-13-1.jpg 1067w,  https:\/\/lps-photography.de\/wp-content\/uploads\/2023\/01\/Hochzeits-fotograf-Mallorca-Sera-de-pula-golf-13-1-200x300.jpg 200w,  https:\/\/lps-photography.de\/wp-content\/uploads\/2023\/01\/Hochzeits-fotograf-Mallorca-Sera-de-pula-golf-13-1-683x1024.jpg 683w,  https:\/\/lps-photography.de\/wp-content\/uploads\/2023\/01\/Hochzeits-fotograf-Mallorca-Sera-de-pula-golf-13-1-768x1152.jpg 768w,  https:\/\/lps-photography.de\/wp-content\/uploads\/2023\/01\/Hochzeits-fotograf-Mallorca-Sera-de-pula-golf-13-1-1024x1536.jpg 1024w,  https:\/\/lps-photography.de\/wp-content\/uploads\/2023\/01\/Hochzeits-fotograf-Mallorca-Sera-de-pula-golf-13-1-33x50.jpg 33w,  https:\/\/lps-photography.de\/wp-content\/uploads\/2023\/01\/Hochzeits-fotograf-Mallorca-Sera-de-pula-golf-13-1-650x975.jpg 650w,  https:\/\/lps-photography.de\/wp-content\/uploads\/2023\/01\/Hochzeits-fotograf-Mallorca-Sera-de-pula-golf-13-1-1000x1500.jpg 1000w,  https:\/\/lps-photography.de\/wp-content\/uploads\/2023\/01\/Hochzeits-fotograf-Mallorca-Sera-de-pula-golf-13-1-50x75.jpg 50w\" alt=\"Bei einer Hochzeit auf Mallorca sitzt eine l\u00e4chelnde \u00e4ltere Frau in einem blauen Kleid mit wei\u00dfen Spitzendetails auf einem Holzstuhl und h\u00e4lt ein kleines Blumenarrangement. Umgeben von G\u00e4sten, schaut sie der Feier mit Freude zu, wundersch\u00f6n eingefangen von einem Hochzeitsfotograf Mallorca.\" data-attr=\"1\" data-id=\"17111\"\/><\/div><\/div><div class=\"thumb-overlay\"><div class=\"thumb-bg\" style=\"background-color:rgba(255,255,255,0);background:rgba(255,255,255,0)\"><div class=\"thumb-title-wrap display-table-cell vertical-align-middle align-center fadeIn animated\"><div class=\"thumb-title\" style=\"color:rgba(255,255,255,0);\"><i class=\"portfolio-overlay-icon\"><\/i><\/div><\/div><\/div><\/div><\/a><\/div><\/div><div class=\"element be-hoverlay not-wide no-wide-width-height style1-hover c_to_c\" style=\"margin-bottom: 10px;\"><div class=\"element-inner\" style=\"margin-left: 10px;\"><a href=\"https:\/\/lps-photography.de\/wp-content\/uploads\/2023\/01\/Hochzeits-fotograf-Mallorca-Sera-de-pula-golf-14-1.jpg\" data-size=\"1067x1600\" data-href=\"https:\/\/lps-photography.de\/wp-content\/uploads\/2023\/01\/Hochzeits-fotograf-Mallorca-Sera-de-pula-golf-14-1.jpg\" class=\"thumb-wrap\" title=\"Eine \u00e4ltere Frau mit kurzen Haaren und Brille, gekleidet in eine wei\u00dfe R\u00fcschenbluse, sitzt inmitten einer Menschenmenge bei einer Hochzeit im Freien auf Mallorca, h\u00e4lt einen kleinen Blumenstrau\u00df in der Hand und l\u00e4chelt.\"><div class=\"flip-wrap\"><div data-aspect-ratio=\"0.67\" style = \"padding-bottom : 149.95313964386%;;\" class=\"flip-img-wrap none-effect\"><img srcset=\"https:\/\/lps-photography.de\/wp-content\/uploads\/2023\/01\/Hochzeits-fotograf-Mallorca-Sera-de-pula-golf-14-1.jpg 1067w,  https:\/\/lps-photography.de\/wp-content\/uploads\/2023\/01\/Hochzeits-fotograf-Mallorca-Sera-de-pula-golf-14-1-200x300.jpg 200w,  https:\/\/lps-photography.de\/wp-content\/uploads\/2023\/01\/Hochzeits-fotograf-Mallorca-Sera-de-pula-golf-14-1-683x1024.jpg 683w,  https:\/\/lps-photography.de\/wp-content\/uploads\/2023\/01\/Hochzeits-fotograf-Mallorca-Sera-de-pula-golf-14-1-768x1152.jpg 768w,  https:\/\/lps-photography.de\/wp-content\/uploads\/2023\/01\/Hochzeits-fotograf-Mallorca-Sera-de-pula-golf-14-1-1024x1536.jpg 1024w,  https:\/\/lps-photography.de\/wp-content\/uploads\/2023\/01\/Hochzeits-fotograf-Mallorca-Sera-de-pula-golf-14-1-33x50.jpg 33w,  https:\/\/lps-photography.de\/wp-content\/uploads\/2023\/01\/Hochzeits-fotograf-Mallorca-Sera-de-pula-golf-14-1-650x975.jpg 650w,  https:\/\/lps-photography.de\/wp-content\/uploads\/2023\/01\/Hochzeits-fotograf-Mallorca-Sera-de-pula-golf-14-1-1000x1500.jpg 1000w,  https:\/\/lps-photography.de\/wp-content\/uploads\/2023\/01\/Hochzeits-fotograf-Mallorca-Sera-de-pula-golf-14-1-50x75.jpg 50w\" alt=\"Eine \u00e4ltere Frau mit kurzen Haaren und Brille, gekleidet in eine wei\u00dfe R\u00fcschenbluse, sitzt inmitten einer Menschenmenge bei einer Hochzeit im Freien auf Mallorca, h\u00e4lt einen kleinen Blumenstrau\u00df in der Hand und l\u00e4chelt.\" data-attr=\"1\" data-id=\"17112\"\/><\/div><\/div><div class=\"thumb-overlay\"><div class=\"thumb-bg\" style=\"background-color:rgba(255,255,255,0);background:rgba(255,255,255,0)\"><div class=\"thumb-title-wrap display-table-cell vertical-align-middle align-center fadeIn animated\"><div class=\"thumb-title\" style=\"color:rgba(255,255,255,0);\"><i class=\"portfolio-overlay-icon\"><\/i><\/div><\/div><\/div><\/div><\/a><\/div><\/div><div class=\"element be-hoverlay not-wide no-wide-width-height style1-hover c_to_c\" style=\"margin-bottom: 10px;\"><div class=\"element-inner\" style=\"margin-left: 10px;\"><a href=\"https:\/\/lps-photography.de\/wp-content\/uploads\/2023\/01\/Hochzeits-fotograf-Mallorca-Sera-de-pula-golf-15-1.jpg\" data-size=\"1600x1067\" data-href=\"https:\/\/lps-photography.de\/wp-content\/uploads\/2023\/01\/Hochzeits-fotograf-Mallorca-Sera-de-pula-golf-15-1.jpg\" class=\"thumb-wrap\" title=\"Eine Hochzeit auf Mallorca findet im Freien statt, w\u00e4hrend die G\u00e4ste vor einer charmanten Steinkapelle stehen. Die Braut und der Br\u00e4utigam sitzen am Altar unter einem Glockenturm, w\u00e4hrend ein Hochzeitsfotograf Mallorca jedes rustikale Detail inmitten des \u00fcppigen Gr\u00fcns festh\u00e4lt.\"><div class=\"flip-wrap\"><div data-aspect-ratio=\"1.5\" style = \"padding-bottom : 66.6875%;;\" class=\"flip-img-wrap none-effect\"><img srcset=\"https:\/\/lps-photography.de\/wp-content\/uploads\/2023\/01\/Hochzeits-fotograf-Mallorca-Sera-de-pula-golf-15-1.jpg 1600w,  https:\/\/lps-photography.de\/wp-content\/uploads\/2023\/01\/Hochzeits-fotograf-Mallorca-Sera-de-pula-golf-15-1-300x200.jpg 300w,  https:\/\/lps-photography.de\/wp-content\/uploads\/2023\/01\/Hochzeits-fotograf-Mallorca-Sera-de-pula-golf-15-1-800x534.jpg 800w,  https:\/\/lps-photography.de\/wp-content\/uploads\/2023\/01\/Hochzeits-fotograf-Mallorca-Sera-de-pula-golf-15-1-768x512.jpg 768w,  https:\/\/lps-photography.de\/wp-content\/uploads\/2023\/01\/Hochzeits-fotograf-Mallorca-Sera-de-pula-golf-15-1-1536x1024.jpg 1536w,  https:\/\/lps-photography.de\/wp-content\/uploads\/2023\/01\/Hochzeits-fotograf-Mallorca-Sera-de-pula-golf-15-1-75x50.jpg 75w,  https:\/\/lps-photography.de\/wp-content\/uploads\/2023\/01\/Hochzeits-fotograf-Mallorca-Sera-de-pula-golf-15-1-650x433.jpg 650w,  https:\/\/lps-photography.de\/wp-content\/uploads\/2023\/01\/Hochzeits-fotograf-Mallorca-Sera-de-pula-golf-15-1-1000x667.jpg 1000w,  https:\/\/lps-photography.de\/wp-content\/uploads\/2023\/01\/Hochzeits-fotograf-Mallorca-Sera-de-pula-golf-15-1-50x33.jpg 50w\" alt=\"Eine Hochzeit auf Mallorca findet im Freien statt, w\u00e4hrend die G\u00e4ste vor einer charmanten Steinkapelle stehen. Die Braut und der Br\u00e4utigam sitzen am Altar unter einem Glockenturm, w\u00e4hrend ein Hochzeitsfotograf Mallorca jedes rustikale Detail inmitten des \u00fcppigen Gr\u00fcns festh\u00e4lt.\" data-attr=\"1\" data-id=\"17113\"\/><\/div><\/div><div class=\"thumb-overlay\"><div class=\"thumb-bg\" style=\"background-color:rgba(255,255,255,0);background:rgba(255,255,255,0)\"><div class=\"thumb-title-wrap display-table-cell vertical-align-middle align-center fadeIn animated\"><div class=\"thumb-title\" style=\"color:rgba(255,255,255,0);\"><i class=\"portfolio-overlay-icon\"><\/i><\/div><\/div><\/div><\/div><\/a><\/div><\/div><div class=\"element be-hoverlay not-wide no-wide-width-height style1-hover c_to_c\" style=\"margin-bottom: 10px;\"><div class=\"element-inner\" style=\"margin-left: 10px;\"><a href=\"https:\/\/lps-photography.de\/wp-content\/uploads\/2023\/01\/Hochzeits-fotograf-Mallorca-Sera-de-pula-golf-16-1.jpg\" data-size=\"1067x1600\" data-href=\"https:\/\/lps-photography.de\/wp-content\/uploads\/2023\/01\/Hochzeits-fotograf-Mallorca-Sera-de-pula-golf-16-1.jpg\" class=\"thumb-wrap\" title=\"Braut und Br\u00e4utigam sitzen Seite an Seite, l\u00e4chelnd und h\u00e4ndchenhaltend w\u00e4hrend ihrer Hochzeit auf Mallorca, mit G\u00e4sten, die hinter ihnen sitzen und \u00fcppigem Gr\u00fcn im Hintergrund, wundersch\u00f6n eingefangen von einem Hochzeitsfotograf Mallorca.\"><div class=\"flip-wrap\"><div data-aspect-ratio=\"0.67\" style = \"padding-bottom : 149.95313964386%;;\" class=\"flip-img-wrap none-effect\"><img srcset=\"https:\/\/lps-photography.de\/wp-content\/uploads\/2023\/01\/Hochzeits-fotograf-Mallorca-Sera-de-pula-golf-16-1.jpg 1067w,  https:\/\/lps-photography.de\/wp-content\/uploads\/2023\/01\/Hochzeits-fotograf-Mallorca-Sera-de-pula-golf-16-1-200x300.jpg 200w,  https:\/\/lps-photography.de\/wp-content\/uploads\/2023\/01\/Hochzeits-fotograf-Mallorca-Sera-de-pula-golf-16-1-683x1024.jpg 683w,  https:\/\/lps-photography.de\/wp-content\/uploads\/2023\/01\/Hochzeits-fotograf-Mallorca-Sera-de-pula-golf-16-1-768x1152.jpg 768w,  https:\/\/lps-photography.de\/wp-content\/uploads\/2023\/01\/Hochzeits-fotograf-Mallorca-Sera-de-pula-golf-16-1-1024x1536.jpg 1024w,  https:\/\/lps-photography.de\/wp-content\/uploads\/2023\/01\/Hochzeits-fotograf-Mallorca-Sera-de-pula-golf-16-1-33x50.jpg 33w,  https:\/\/lps-photography.de\/wp-content\/uploads\/2023\/01\/Hochzeits-fotograf-Mallorca-Sera-de-pula-golf-16-1-650x975.jpg 650w,  https:\/\/lps-photography.de\/wp-content\/uploads\/2023\/01\/Hochzeits-fotograf-Mallorca-Sera-de-pula-golf-16-1-1000x1500.jpg 1000w,  https:\/\/lps-photography.de\/wp-content\/uploads\/2023\/01\/Hochzeits-fotograf-Mallorca-Sera-de-pula-golf-16-1-50x75.jpg 50w\" alt=\"Braut und Br\u00e4utigam sitzen Seite an Seite, l\u00e4chelnd und h\u00e4ndchenhaltend w\u00e4hrend ihrer Hochzeit auf Mallorca, mit G\u00e4sten, die hinter ihnen sitzen und \u00fcppigem Gr\u00fcn im Hintergrund, wundersch\u00f6n eingefangen von einem Hochzeitsfotograf Mallorca.\" data-attr=\"1\" data-id=\"17114\"\/><\/div><\/div><div class=\"thumb-overlay\"><div class=\"thumb-bg\" style=\"background-color:rgba(255,255,255,0);background:rgba(255,255,255,0)\"><div class=\"thumb-title-wrap display-table-cell vertical-align-middle align-center fadeIn animated\"><div class=\"thumb-title\" style=\"color:rgba(255,255,255,0);\"><i class=\"portfolio-overlay-icon\"><\/i><\/div><\/div><\/div><\/div><\/a><\/div><\/div><div class=\"element be-hoverlay not-wide no-wide-width-height style1-hover c_to_c\" style=\"margin-bottom: 10px;\"><div class=\"element-inner\" style=\"margin-left: 10px;\"><a href=\"https:\/\/lps-photography.de\/wp-content\/uploads\/2023\/01\/Hochzeits-fotograf-Mallorca-Sera-de-pula-golf-17-1.jpg\" data-size=\"1600x1067\" data-href=\"https:\/\/lps-photography.de\/wp-content\/uploads\/2023\/01\/Hochzeits-fotograf-Mallorca-Sera-de-pula-golf-17-1.jpg\" class=\"thumb-wrap\" title=\"G\u00e4ste in formeller Kleidung sitzen im Freien, l\u00e4cheln und winken mit B\u00e4ndern, um eine Hochzeit auf Mallorca zu feiern, mit einem steinernen Geb\u00e4ude im Hintergrund. Die Atmosph\u00e4re ist festlich und fr\u00f6hlich.\"><div class=\"flip-wrap\"><div data-aspect-ratio=\"1.5\" style = \"padding-bottom : 66.6875%;;\" class=\"flip-img-wrap none-effect\"><img srcset=\"https:\/\/lps-photography.de\/wp-content\/uploads\/2023\/01\/Hochzeits-fotograf-Mallorca-Sera-de-pula-golf-17-1.jpg 1600w,  https:\/\/lps-photography.de\/wp-content\/uploads\/2023\/01\/Hochzeits-fotograf-Mallorca-Sera-de-pula-golf-17-1-300x200.jpg 300w,  https:\/\/lps-photography.de\/wp-content\/uploads\/2023\/01\/Hochzeits-fotograf-Mallorca-Sera-de-pula-golf-17-1-800x534.jpg 800w,  https:\/\/lps-photography.de\/wp-content\/uploads\/2023\/01\/Hochzeits-fotograf-Mallorca-Sera-de-pula-golf-17-1-768x512.jpg 768w,  https:\/\/lps-photography.de\/wp-content\/uploads\/2023\/01\/Hochzeits-fotograf-Mallorca-Sera-de-pula-golf-17-1-1536x1024.jpg 1536w,  https:\/\/lps-photography.de\/wp-content\/uploads\/2023\/01\/Hochzeits-fotograf-Mallorca-Sera-de-pula-golf-17-1-75x50.jpg 75w,  https:\/\/lps-photography.de\/wp-content\/uploads\/2023\/01\/Hochzeits-fotograf-Mallorca-Sera-de-pula-golf-17-1-650x433.jpg 650w,  https:\/\/lps-photography.de\/wp-content\/uploads\/2023\/01\/Hochzeits-fotograf-Mallorca-Sera-de-pula-golf-17-1-1000x667.jpg 1000w,  https:\/\/lps-photography.de\/wp-content\/uploads\/2023\/01\/Hochzeits-fotograf-Mallorca-Sera-de-pula-golf-17-1-50x33.jpg 50w\" alt=\"G\u00e4ste in formeller Kleidung sitzen im Freien, l\u00e4cheln und winken mit B\u00e4ndern, um eine Hochzeit auf Mallorca zu feiern, mit einem steinernen Geb\u00e4ude im Hintergrund. Die Atmosph\u00e4re ist festlich und fr\u00f6hlich.\" data-attr=\"1\" data-id=\"17115\"\/><\/div><\/div><div class=\"thumb-overlay\"><div class=\"thumb-bg\" style=\"background-color:rgba(255,255,255,0);background:rgba(255,255,255,0)\"><div class=\"thumb-title-wrap display-table-cell vertical-align-middle align-center fadeIn animated\"><div class=\"thumb-title\" style=\"color:rgba(255,255,255,0);\"><i class=\"portfolio-overlay-icon\"><\/i><\/div><\/div><\/div><\/div><\/a><\/div><\/div><div class=\"element be-hoverlay not-wide no-wide-width-height style1-hover c_to_c\" style=\"margin-bottom: 10px;\"><div class=\"element-inner\" style=\"margin-left: 10px;\"><a href=\"https:\/\/lps-photography.de\/wp-content\/uploads\/2023\/01\/Hochzeits-fotograf-Mallorca-Sera-de-pula-golf-18-1.jpg\" data-size=\"1067x1600\" data-href=\"https:\/\/lps-photography.de\/wp-content\/uploads\/2023\/01\/Hochzeits-fotograf-Mallorca-Sera-de-pula-golf-18-1.jpg\" class=\"thumb-wrap\" title=\"Braut und Br\u00e4utigam sitzen w\u00e4hrend ihrer Hochzeit im Freien auf Mallorca zusammen, umgeben von G\u00e4sten in formeller Kleidung. Die rustikale Kulisse besteht aus Steinb\u00f6den, \u00fcppigem Gr\u00fcn und einem Korb mit wei\u00dfen Blumen im Vordergrund.\"><div class=\"flip-wrap\"><div data-aspect-ratio=\"0.67\" style = \"padding-bottom : 149.95313964386%;;\" class=\"flip-img-wrap none-effect\"><img srcset=\"https:\/\/lps-photography.de\/wp-content\/uploads\/2023\/01\/Hochzeits-fotograf-Mallorca-Sera-de-pula-golf-18-1.jpg 1067w,  https:\/\/lps-photography.de\/wp-content\/uploads\/2023\/01\/Hochzeits-fotograf-Mallorca-Sera-de-pula-golf-18-1-200x300.jpg 200w,  https:\/\/lps-photography.de\/wp-content\/uploads\/2023\/01\/Hochzeits-fotograf-Mallorca-Sera-de-pula-golf-18-1-683x1024.jpg 683w,  https:\/\/lps-photography.de\/wp-content\/uploads\/2023\/01\/Hochzeits-fotograf-Mallorca-Sera-de-pula-golf-18-1-768x1152.jpg 768w,  https:\/\/lps-photography.de\/wp-content\/uploads\/2023\/01\/Hochzeits-fotograf-Mallorca-Sera-de-pula-golf-18-1-1024x1536.jpg 1024w,  https:\/\/lps-photography.de\/wp-content\/uploads\/2023\/01\/Hochzeits-fotograf-Mallorca-Sera-de-pula-golf-18-1-33x50.jpg 33w,  https:\/\/lps-photography.de\/wp-content\/uploads\/2023\/01\/Hochzeits-fotograf-Mallorca-Sera-de-pula-golf-18-1-650x975.jpg 650w,  https:\/\/lps-photography.de\/wp-content\/uploads\/2023\/01\/Hochzeits-fotograf-Mallorca-Sera-de-pula-golf-18-1-1000x1500.jpg 1000w,  https:\/\/lps-photography.de\/wp-content\/uploads\/2023\/01\/Hochzeits-fotograf-Mallorca-Sera-de-pula-golf-18-1-50x75.jpg 50w\" alt=\"Braut und Br\u00e4utigam sitzen w\u00e4hrend ihrer Hochzeit im Freien auf Mallorca zusammen, umgeben von G\u00e4sten in formeller Kleidung. Die rustikale Kulisse besteht aus Steinb\u00f6den, \u00fcppigem Gr\u00fcn und einem Korb mit wei\u00dfen Blumen im Vordergrund.\" data-attr=\"1\" data-id=\"17116\"\/><\/div><\/div><div class=\"thumb-overlay\"><div class=\"thumb-bg\" style=\"background-color:rgba(255,255,255,0);background:rgba(255,255,255,0)\"><div class=\"thumb-title-wrap display-table-cell vertical-align-middle align-center fadeIn animated\"><div class=\"thumb-title\" style=\"color:rgba(255,255,255,0);\"><i class=\"portfolio-overlay-icon\"><\/i><\/div><\/div><\/div><\/div><\/a><\/div><\/div><div class=\"element be-hoverlay not-wide no-wide-width-height style1-hover c_to_c\" style=\"margin-bottom: 10px;\"><div class=\"element-inner\" style=\"margin-left: 10px;\"><a href=\"https:\/\/lps-photography.de\/wp-content\/uploads\/2023\/01\/Hochzeits-fotograf-Mallorca-Sera-de-pula-golf-19-1.jpg\" data-size=\"1600x1067\" data-href=\"https:\/\/lps-photography.de\/wp-content\/uploads\/2023\/01\/Hochzeits-fotograf-Mallorca-Sera-de-pula-golf-19-1.jpg\" class=\"thumb-wrap\" title=\"Braut und Br\u00e4utigam sitzen Seite an Seite und l\u00e4cheln w\u00e4hrend ihrer Hochzeit auf Mallorca, umgeben von G\u00e4sten, die hinter ihnen sitzen, und \u00fcppigem Gr\u00fcn im Vordergrund.\"><div class=\"flip-wrap\"><div data-aspect-ratio=\"1.5\" style = \"padding-bottom : 66.6875%;;\" class=\"flip-img-wrap none-effect\"><img srcset=\"https:\/\/lps-photography.de\/wp-content\/uploads\/2023\/01\/Hochzeits-fotograf-Mallorca-Sera-de-pula-golf-19-1.jpg 1600w,  https:\/\/lps-photography.de\/wp-content\/uploads\/2023\/01\/Hochzeits-fotograf-Mallorca-Sera-de-pula-golf-19-1-300x200.jpg 300w,  https:\/\/lps-photography.de\/wp-content\/uploads\/2023\/01\/Hochzeits-fotograf-Mallorca-Sera-de-pula-golf-19-1-800x534.jpg 800w,  https:\/\/lps-photography.de\/wp-content\/uploads\/2023\/01\/Hochzeits-fotograf-Mallorca-Sera-de-pula-golf-19-1-768x512.jpg 768w,  https:\/\/lps-photography.de\/wp-content\/uploads\/2023\/01\/Hochzeits-fotograf-Mallorca-Sera-de-pula-golf-19-1-1536x1024.jpg 1536w,  https:\/\/lps-photography.de\/wp-content\/uploads\/2023\/01\/Hochzeits-fotograf-Mallorca-Sera-de-pula-golf-19-1-75x50.jpg 75w,  https:\/\/lps-photography.de\/wp-content\/uploads\/2023\/01\/Hochzeits-fotograf-Mallorca-Sera-de-pula-golf-19-1-650x433.jpg 650w,  https:\/\/lps-photography.de\/wp-content\/uploads\/2023\/01\/Hochzeits-fotograf-Mallorca-Sera-de-pula-golf-19-1-1000x667.jpg 1000w,  https:\/\/lps-photography.de\/wp-content\/uploads\/2023\/01\/Hochzeits-fotograf-Mallorca-Sera-de-pula-golf-19-1-50x33.jpg 50w\" alt=\"Braut und Br\u00e4utigam sitzen Seite an Seite und l\u00e4cheln w\u00e4hrend ihrer Hochzeit auf Mallorca, umgeben von G\u00e4sten, die hinter ihnen sitzen, und \u00fcppigem Gr\u00fcn im Vordergrund.\" data-attr=\"1\" data-id=\"17117\"\/><\/div><\/div><div class=\"thumb-overlay\"><div class=\"thumb-bg\" style=\"background-color:rgba(255,255,255,0);background:rgba(255,255,255,0)\"><div class=\"thumb-title-wrap display-table-cell vertical-align-middle align-center fadeIn animated\"><div class=\"thumb-title\" style=\"color:rgba(255,255,255,0);\"><i class=\"portfolio-overlay-icon\"><\/i><\/div><\/div><\/div><\/div><\/a><\/div><\/div><div class=\"element be-hoverlay not-wide no-wide-width-height style1-hover c_to_c\" style=\"margin-bottom: 10px;\"><div class=\"element-inner\" style=\"margin-left: 10px;\"><a href=\"https:\/\/lps-photography.de\/wp-content\/uploads\/2023\/01\/Hochzeits-fotograf-Mallorca-Sera-de-pula-golf-20-1.jpg\" data-size=\"1600x1067\" data-href=\"https:\/\/lps-photography.de\/wp-content\/uploads\/2023\/01\/Hochzeits-fotograf-Mallorca-Sera-de-pula-golf-20-1.jpg\" class=\"thumb-wrap\" title=\"Eine Frau singt in ein Mikrofon, w\u00e4hrend ein Mann neben ihr im Freien Gitarre spielt. Sie treten vor einem kleinen sitzenden Publikum auf, umgeben von B\u00e4umen und Kakteen - und fangen den Zauber einer Hochzeit auf Mallorca perfekt f\u00fcr jeden Hochzeitsfotografen Mallorca ein.\"><div class=\"flip-wrap\"><div data-aspect-ratio=\"1.5\" style = \"padding-bottom : 66.6875%;;\" class=\"flip-img-wrap none-effect\"><img srcset=\"https:\/\/lps-photography.de\/wp-content\/uploads\/2023\/01\/Hochzeits-fotograf-Mallorca-Sera-de-pula-golf-20-1.jpg 1600w,  https:\/\/lps-photography.de\/wp-content\/uploads\/2023\/01\/Hochzeits-fotograf-Mallorca-Sera-de-pula-golf-20-1-300x200.jpg 300w,  https:\/\/lps-photography.de\/wp-content\/uploads\/2023\/01\/Hochzeits-fotograf-Mallorca-Sera-de-pula-golf-20-1-800x534.jpg 800w,  https:\/\/lps-photography.de\/wp-content\/uploads\/2023\/01\/Hochzeits-fotograf-Mallorca-Sera-de-pula-golf-20-1-768x512.jpg 768w,  https:\/\/lps-photography.de\/wp-content\/uploads\/2023\/01\/Hochzeits-fotograf-Mallorca-Sera-de-pula-golf-20-1-1536x1024.jpg 1536w,  https:\/\/lps-photography.de\/wp-content\/uploads\/2023\/01\/Hochzeits-fotograf-Mallorca-Sera-de-pula-golf-20-1-75x50.jpg 75w,  https:\/\/lps-photography.de\/wp-content\/uploads\/2023\/01\/Hochzeits-fotograf-Mallorca-Sera-de-pula-golf-20-1-650x433.jpg 650w,  https:\/\/lps-photography.de\/wp-content\/uploads\/2023\/01\/Hochzeits-fotograf-Mallorca-Sera-de-pula-golf-20-1-1000x667.jpg 1000w,  https:\/\/lps-photography.de\/wp-content\/uploads\/2023\/01\/Hochzeits-fotograf-Mallorca-Sera-de-pula-golf-20-1-50x33.jpg 50w\" alt=\"Eine Frau singt in ein Mikrofon, w\u00e4hrend ein Mann neben ihr im Freien Gitarre spielt. Sie treten vor einem kleinen sitzenden Publikum auf, umgeben von B\u00e4umen und Kakteen - und fangen den Zauber einer Hochzeit auf Mallorca perfekt f\u00fcr jeden Hochzeitsfotografen Mallorca ein.\" data-attr=\"1\" data-id=\"17118\"\/><\/div><\/div><div class=\"thumb-overlay\"><div class=\"thumb-bg\" style=\"background-color:rgba(255,255,255,0);background:rgba(255,255,255,0)\"><div class=\"thumb-title-wrap display-table-cell vertical-align-middle align-center fadeIn animated\"><div class=\"thumb-title\" style=\"color:rgba(255,255,255,0);\"><i class=\"portfolio-overlay-icon\"><\/i><\/div><\/div><\/div><\/div><\/a><\/div><\/div><div class=\"element be-hoverlay not-wide no-wide-width-height style1-hover c_to_c\" style=\"margin-bottom: 10px;\"><div class=\"element-inner\" style=\"margin-left: 10px;\"><a href=\"https:\/\/lps-photography.de\/wp-content\/uploads\/2023\/01\/Hochzeits-fotograf-Mallorca-Sera-de-pula-golf-21-1.jpg\" data-size=\"1600x1067\" data-href=\"https:\/\/lps-photography.de\/wp-content\/uploads\/2023\/01\/Hochzeits-fotograf-Mallorca-Sera-de-pula-golf-21-1.jpg\" class=\"thumb-wrap\" title=\"Eine Frau singt in ein Mikrofon, w\u00e4hrend ein Mann neben ihr Akustikgitarre spielt. Sie tritt im Freien auf einer Hochzeit auf Mallorca auf, mit B\u00e4umen und Kakteen im Hintergrund.\"><div class=\"flip-wrap\"><div data-aspect-ratio=\"1.5\" style = \"padding-bottom : 66.6875%;;\" class=\"flip-img-wrap none-effect\"><img srcset=\"https:\/\/lps-photography.de\/wp-content\/uploads\/2023\/01\/Hochzeits-fotograf-Mallorca-Sera-de-pula-golf-21-1.jpg 1600w,  https:\/\/lps-photography.de\/wp-content\/uploads\/2023\/01\/Hochzeits-fotograf-Mallorca-Sera-de-pula-golf-21-1-300x200.jpg 300w,  https:\/\/lps-photography.de\/wp-content\/uploads\/2023\/01\/Hochzeits-fotograf-Mallorca-Sera-de-pula-golf-21-1-800x534.jpg 800w,  https:\/\/lps-photography.de\/wp-content\/uploads\/2023\/01\/Hochzeits-fotograf-Mallorca-Sera-de-pula-golf-21-1-768x512.jpg 768w,  https:\/\/lps-photography.de\/wp-content\/uploads\/2023\/01\/Hochzeits-fotograf-Mallorca-Sera-de-pula-golf-21-1-1536x1024.jpg 1536w,  https:\/\/lps-photography.de\/wp-content\/uploads\/2023\/01\/Hochzeits-fotograf-Mallorca-Sera-de-pula-golf-21-1-75x50.jpg 75w,  https:\/\/lps-photography.de\/wp-content\/uploads\/2023\/01\/Hochzeits-fotograf-Mallorca-Sera-de-pula-golf-21-1-650x433.jpg 650w,  https:\/\/lps-photography.de\/wp-content\/uploads\/2023\/01\/Hochzeits-fotograf-Mallorca-Sera-de-pula-golf-21-1-1000x667.jpg 1000w,  https:\/\/lps-photography.de\/wp-content\/uploads\/2023\/01\/Hochzeits-fotograf-Mallorca-Sera-de-pula-golf-21-1-50x33.jpg 50w\" alt=\"Eine Frau singt in ein Mikrofon, w\u00e4hrend ein Mann neben ihr Akustikgitarre spielt. Sie tritt im Freien auf einer Hochzeit auf Mallorca auf, mit B\u00e4umen und Kakteen im Hintergrund.\" data-attr=\"1\" data-id=\"17119\"\/><\/div><\/div><div class=\"thumb-overlay\"><div class=\"thumb-bg\" style=\"background-color:rgba(255,255,255,0);background:rgba(255,255,255,0)\"><div class=\"thumb-title-wrap display-table-cell vertical-align-middle align-center fadeIn animated\"><div class=\"thumb-title\" style=\"color:rgba(255,255,255,0);\"><i class=\"portfolio-overlay-icon\"><\/i><\/div><\/div><\/div><\/div><\/a><\/div><\/div><div class=\"element be-hoverlay not-wide no-wide-width-height style1-hover c_to_c\" style=\"margin-bottom: 10px;\"><div class=\"element-inner\" style=\"margin-left: 10px;\"><a href=\"https:\/\/lps-photography.de\/wp-content\/uploads\/2023\/01\/Hochzeits-fotograf-Mallorca-Sera-de-pula-golf-22-1.jpg\" data-size=\"1067x1600\" data-href=\"https:\/\/lps-photography.de\/wp-content\/uploads\/2023\/01\/Hochzeits-fotograf-Mallorca-Sera-de-pula-golf-22-1.jpg\" class=\"thumb-wrap\" title=\"Ein Mann in beigem Anzug und Krawatte h\u00e4lt ein Mikrofon in der Hand und schaut aufmerksam auf eine Frau mit einer Blume im Haar - aufgenommen von einem Hochzeitsfotograf Mallorca w\u00e4hrend einer intimen Hochzeit auf Mallorca. Der Hintergrund ist sanft verschwommen.\"><div class=\"flip-wrap\"><div data-aspect-ratio=\"0.67\" style = \"padding-bottom : 149.95313964386%;;\" class=\"flip-img-wrap none-effect\"><img srcset=\"https:\/\/lps-photography.de\/wp-content\/uploads\/2023\/01\/Hochzeits-fotograf-Mallorca-Sera-de-pula-golf-22-1.jpg 1067w,  https:\/\/lps-photography.de\/wp-content\/uploads\/2023\/01\/Hochzeits-fotograf-Mallorca-Sera-de-pula-golf-22-1-200x300.jpg 200w,  https:\/\/lps-photography.de\/wp-content\/uploads\/2023\/01\/Hochzeits-fotograf-Mallorca-Sera-de-pula-golf-22-1-683x1024.jpg 683w,  https:\/\/lps-photography.de\/wp-content\/uploads\/2023\/01\/Hochzeits-fotograf-Mallorca-Sera-de-pula-golf-22-1-768x1152.jpg 768w,  https:\/\/lps-photography.de\/wp-content\/uploads\/2023\/01\/Hochzeits-fotograf-Mallorca-Sera-de-pula-golf-22-1-1024x1536.jpg 1024w,  https:\/\/lps-photography.de\/wp-content\/uploads\/2023\/01\/Hochzeits-fotograf-Mallorca-Sera-de-pula-golf-22-1-33x50.jpg 33w,  https:\/\/lps-photography.de\/wp-content\/uploads\/2023\/01\/Hochzeits-fotograf-Mallorca-Sera-de-pula-golf-22-1-650x975.jpg 650w,  https:\/\/lps-photography.de\/wp-content\/uploads\/2023\/01\/Hochzeits-fotograf-Mallorca-Sera-de-pula-golf-22-1-1000x1500.jpg 1000w,  https:\/\/lps-photography.de\/wp-content\/uploads\/2023\/01\/Hochzeits-fotograf-Mallorca-Sera-de-pula-golf-22-1-50x75.jpg 50w\" alt=\"Ein Mann in beigem Anzug und Krawatte h\u00e4lt ein Mikrofon in der Hand und schaut aufmerksam auf eine Frau mit einer Blume im Haar - aufgenommen von einem Hochzeitsfotograf Mallorca w\u00e4hrend einer intimen Hochzeit auf Mallorca. Der Hintergrund ist sanft verschwommen.\" data-attr=\"1\" data-id=\"17120\"\/><\/div><\/div><div class=\"thumb-overlay\"><div class=\"thumb-bg\" style=\"background-color:rgba(255,255,255,0);background:rgba(255,255,255,0)\"><div class=\"thumb-title-wrap display-table-cell vertical-align-middle align-center fadeIn animated\"><div class=\"thumb-title\" style=\"color:rgba(255,255,255,0);\"><i class=\"portfolio-overlay-icon\"><\/i><\/div><\/div><\/div><\/div><\/a><\/div><\/div><div class=\"element be-hoverlay not-wide no-wide-width-height style1-hover c_to_c\" style=\"margin-bottom: 10px;\"><div class=\"element-inner\" style=\"margin-left: 10px;\"><a href=\"https:\/\/lps-photography.de\/wp-content\/uploads\/2023\/01\/Hochzeits-fotograf-Mallorca-Sera-de-pula-golf-23-1.jpg\" data-size=\"1600x1067\" data-href=\"https:\/\/lps-photography.de\/wp-content\/uploads\/2023\/01\/Hochzeits-fotograf-Mallorca-Sera-de-pula-golf-23-1.jpg\" class=\"thumb-wrap\" title=\"Nahaufnahme einer Person, die mit beiden H\u00e4nden ein kleines braunes Notizbuch h\u00e4lt, ein zartes goldenes Armband und ein wei\u00dfes Kleid tr\u00e4gt - die perfekte Inspiration f\u00fcr eine Hochzeit auf Mallorca. Der sanft verschwommene Hintergrund verleiht dem Bild einen romantischen Touch.\"><div class=\"flip-wrap\"><div data-aspect-ratio=\"1.5\" style = \"padding-bottom : 66.6875%;;\" class=\"flip-img-wrap none-effect\"><img srcset=\"https:\/\/lps-photography.de\/wp-content\/uploads\/2023\/01\/Hochzeits-fotograf-Mallorca-Sera-de-pula-golf-23-1.jpg 1600w,  https:\/\/lps-photography.de\/wp-content\/uploads\/2023\/01\/Hochzeits-fotograf-Mallorca-Sera-de-pula-golf-23-1-300x200.jpg 300w,  https:\/\/lps-photography.de\/wp-content\/uploads\/2023\/01\/Hochzeits-fotograf-Mallorca-Sera-de-pula-golf-23-1-800x534.jpg 800w,  https:\/\/lps-photography.de\/wp-content\/uploads\/2023\/01\/Hochzeits-fotograf-Mallorca-Sera-de-pula-golf-23-1-768x512.jpg 768w,  https:\/\/lps-photography.de\/wp-content\/uploads\/2023\/01\/Hochzeits-fotograf-Mallorca-Sera-de-pula-golf-23-1-1536x1024.jpg 1536w,  https:\/\/lps-photography.de\/wp-content\/uploads\/2023\/01\/Hochzeits-fotograf-Mallorca-Sera-de-pula-golf-23-1-75x50.jpg 75w,  https:\/\/lps-photography.de\/wp-content\/uploads\/2023\/01\/Hochzeits-fotograf-Mallorca-Sera-de-pula-golf-23-1-650x433.jpg 650w,  https:\/\/lps-photography.de\/wp-content\/uploads\/2023\/01\/Hochzeits-fotograf-Mallorca-Sera-de-pula-golf-23-1-1000x667.jpg 1000w,  https:\/\/lps-photography.de\/wp-content\/uploads\/2023\/01\/Hochzeits-fotograf-Mallorca-Sera-de-pula-golf-23-1-50x33.jpg 50w\" alt=\"Nahaufnahme einer Person, die mit beiden H\u00e4nden ein kleines braunes Notizbuch h\u00e4lt, ein zartes goldenes Armband und ein wei\u00dfes Kleid tr\u00e4gt - die perfekte Inspiration f\u00fcr eine Hochzeit auf Mallorca. Der sanft verschwommene Hintergrund verleiht dem Bild einen romantischen Touch.\" data-attr=\"1\" data-id=\"17121\"\/><\/div><\/div><div class=\"thumb-overlay\"><div class=\"thumb-bg\" style=\"background-color:rgba(255,255,255,0);background:rgba(255,255,255,0)\"><div class=\"thumb-title-wrap display-table-cell vertical-align-middle align-center fadeIn animated\"><div class=\"thumb-title\" style=\"color:rgba(255,255,255,0);\"><i class=\"portfolio-overlay-icon\"><\/i><\/div><\/div><\/div><\/div><\/a><\/div><\/div><div class=\"element be-hoverlay not-wide no-wide-width-height style1-hover c_to_c\" style=\"margin-bottom: 10px;\"><div class=\"element-inner\" style=\"margin-left: 10px;\"><a href=\"https:\/\/lps-photography.de\/wp-content\/uploads\/2023\/01\/Hochzeits-fotograf-Mallorca-Sera-de-pula-golf-24-1.jpg\" data-size=\"1067x1600\" data-href=\"https:\/\/lps-photography.de\/wp-content\/uploads\/2023\/01\/Hochzeits-fotograf-Mallorca-Sera-de-pula-golf-24-1.jpg\" class=\"thumb-wrap\" title=\"Ein Mann in einem beigen Anzug mit einer Ansteckblume blickt nach oben, w\u00e4hrend er im Freien im Sonnenlicht steht - ein perfektes Bild f\u00fcr die Freude \u00fcber eine Hochzeit auf Mallorca. Der verschwommene Vordergrund zeigt den R\u00fccken einer anderen Person in einem wei\u00dfen Kleid mit Tr\u00e4gern.\"><div class=\"flip-wrap\"><div data-aspect-ratio=\"0.67\" style = \"padding-bottom : 149.95313964386%;;\" class=\"flip-img-wrap none-effect\"><img srcset=\"https:\/\/lps-photography.de\/wp-content\/uploads\/2023\/01\/Hochzeits-fotograf-Mallorca-Sera-de-pula-golf-24-1.jpg 1067w,  https:\/\/lps-photography.de\/wp-content\/uploads\/2023\/01\/Hochzeits-fotograf-Mallorca-Sera-de-pula-golf-24-1-200x300.jpg 200w,  https:\/\/lps-photography.de\/wp-content\/uploads\/2023\/01\/Hochzeits-fotograf-Mallorca-Sera-de-pula-golf-24-1-683x1024.jpg 683w,  https:\/\/lps-photography.de\/wp-content\/uploads\/2023\/01\/Hochzeits-fotograf-Mallorca-Sera-de-pula-golf-24-1-768x1152.jpg 768w,  https:\/\/lps-photography.de\/wp-content\/uploads\/2023\/01\/Hochzeits-fotograf-Mallorca-Sera-de-pula-golf-24-1-1024x1536.jpg 1024w,  https:\/\/lps-photography.de\/wp-content\/uploads\/2023\/01\/Hochzeits-fotograf-Mallorca-Sera-de-pula-golf-24-1-33x50.jpg 33w,  https:\/\/lps-photography.de\/wp-content\/uploads\/2023\/01\/Hochzeits-fotograf-Mallorca-Sera-de-pula-golf-24-1-650x975.jpg 650w,  https:\/\/lps-photography.de\/wp-content\/uploads\/2023\/01\/Hochzeits-fotograf-Mallorca-Sera-de-pula-golf-24-1-1000x1500.jpg 1000w,  https:\/\/lps-photography.de\/wp-content\/uploads\/2023\/01\/Hochzeits-fotograf-Mallorca-Sera-de-pula-golf-24-1-50x75.jpg 50w\" alt=\"Ein Mann in einem beigen Anzug mit einer Ansteckblume blickt nach oben, w\u00e4hrend er im Freien im Sonnenlicht steht - ein perfektes Bild f\u00fcr die Freude \u00fcber eine Hochzeit auf Mallorca. Der verschwommene Vordergrund zeigt den R\u00fccken einer anderen Person in einem wei\u00dfen Kleid mit Tr\u00e4gern.\" data-attr=\"1\" data-id=\"17122\"\/><\/div><\/div><div class=\"thumb-overlay\"><div class=\"thumb-bg\" style=\"background-color:rgba(255,255,255,0);background:rgba(255,255,255,0)\"><div class=\"thumb-title-wrap display-table-cell vertical-align-middle align-center fadeIn animated\"><div class=\"thumb-title\" style=\"color:rgba(255,255,255,0);\"><i class=\"portfolio-overlay-icon\"><\/i><\/div><\/div><\/div><\/div><\/a><\/div><\/div><div class=\"element be-hoverlay not-wide no-wide-width-height style1-hover c_to_c\" style=\"margin-bottom: 10px;\"><div class=\"element-inner\" style=\"margin-left: 10px;\"><a href=\"https:\/\/lps-photography.de\/wp-content\/uploads\/2023\/01\/Hochzeits-fotograf-Mallorca-Sera-de-pula-golf-25-1.jpg\" data-size=\"1600x1067\" data-href=\"https:\/\/lps-photography.de\/wp-content\/uploads\/2023\/01\/Hochzeits-fotograf-Mallorca-Sera-de-pula-golf-25-1.jpg\" class=\"thumb-wrap\" title=\"Ein Br\u00e4utigam steckt der Braut w\u00e4hrend einer Hochzeit auf Mallorca im Freien, umgeben von sitzenden G\u00e4sten, sanft einen Ring an den Finger. Beide l\u00e4cheln und sind in formeller Kleidung gekleidet, wundersch\u00f6n eingefangen von einem Hochzeitsfotograf Mallorca.\"><div class=\"flip-wrap\"><div data-aspect-ratio=\"1.5\" style = \"padding-bottom : 66.6875%;;\" class=\"flip-img-wrap none-effect\"><img srcset=\"https:\/\/lps-photography.de\/wp-content\/uploads\/2023\/01\/Hochzeits-fotograf-Mallorca-Sera-de-pula-golf-25-1.jpg 1600w,  https:\/\/lps-photography.de\/wp-content\/uploads\/2023\/01\/Hochzeits-fotograf-Mallorca-Sera-de-pula-golf-25-1-300x200.jpg 300w,  https:\/\/lps-photography.de\/wp-content\/uploads\/2023\/01\/Hochzeits-fotograf-Mallorca-Sera-de-pula-golf-25-1-800x534.jpg 800w,  https:\/\/lps-photography.de\/wp-content\/uploads\/2023\/01\/Hochzeits-fotograf-Mallorca-Sera-de-pula-golf-25-1-768x512.jpg 768w,  https:\/\/lps-photography.de\/wp-content\/uploads\/2023\/01\/Hochzeits-fotograf-Mallorca-Sera-de-pula-golf-25-1-1536x1024.jpg 1536w,  https:\/\/lps-photography.de\/wp-content\/uploads\/2023\/01\/Hochzeits-fotograf-Mallorca-Sera-de-pula-golf-25-1-75x50.jpg 75w,  https:\/\/lps-photography.de\/wp-content\/uploads\/2023\/01\/Hochzeits-fotograf-Mallorca-Sera-de-pula-golf-25-1-650x433.jpg 650w,  https:\/\/lps-photography.de\/wp-content\/uploads\/2023\/01\/Hochzeits-fotograf-Mallorca-Sera-de-pula-golf-25-1-1000x667.jpg 1000w,  https:\/\/lps-photography.de\/wp-content\/uploads\/2023\/01\/Hochzeits-fotograf-Mallorca-Sera-de-pula-golf-25-1-50x33.jpg 50w\" alt=\"Ein Br\u00e4utigam steckt der Braut w\u00e4hrend einer Hochzeit auf Mallorca im Freien, umgeben von sitzenden G\u00e4sten, sanft einen Ring an den Finger. Beide l\u00e4cheln und sind in formeller Kleidung gekleidet, wundersch\u00f6n eingefangen von einem Hochzeitsfotograf Mallorca.\" data-attr=\"1\" data-id=\"17123\"\/><\/div><\/div><div class=\"thumb-overlay\"><div class=\"thumb-bg\" style=\"background-color:rgba(255,255,255,0);background:rgba(255,255,255,0)\"><div class=\"thumb-title-wrap display-table-cell vertical-align-middle align-center fadeIn animated\"><div class=\"thumb-title\" style=\"color:rgba(255,255,255,0);\"><i class=\"portfolio-overlay-icon\"><\/i><\/div><\/div><\/div><\/div><\/a><\/div><\/div><div class=\"element be-hoverlay not-wide no-wide-width-height style1-hover c_to_c\" style=\"margin-bottom: 10px;\"><div class=\"element-inner\" style=\"margin-left: 10px;\"><a href=\"https:\/\/lps-photography.de\/wp-content\/uploads\/2023\/01\/Hochzeits-fotograf-Mallorca-Sera-de-pula-golf-26-1.jpg\" data-size=\"1600x1067\" data-href=\"https:\/\/lps-photography.de\/wp-content\/uploads\/2023\/01\/Hochzeits-fotograf-Mallorca-Sera-de-pula-golf-26-1.jpg\" class=\"thumb-wrap\" title=\"Ein fr\u00f6hliches Brautpaar schreitet bei seiner Hochzeit auf Mallorca im Freien zum Altar und hebt feierlich die H\u00e4nde, w\u00e4hrend die G\u00e4ste vor einer rustikalen Steinkapelle jubeln und mit Luftschlangen winken.\"><div class=\"flip-wrap\"><div data-aspect-ratio=\"1.5\" style = \"padding-bottom : 66.6875%;;\" class=\"flip-img-wrap none-effect\"><img srcset=\"https:\/\/lps-photography.de\/wp-content\/uploads\/2023\/01\/Hochzeits-fotograf-Mallorca-Sera-de-pula-golf-26-1.jpg 1600w,  https:\/\/lps-photography.de\/wp-content\/uploads\/2023\/01\/Hochzeits-fotograf-Mallorca-Sera-de-pula-golf-26-1-300x200.jpg 300w,  https:\/\/lps-photography.de\/wp-content\/uploads\/2023\/01\/Hochzeits-fotograf-Mallorca-Sera-de-pula-golf-26-1-800x534.jpg 800w,  https:\/\/lps-photography.de\/wp-content\/uploads\/2023\/01\/Hochzeits-fotograf-Mallorca-Sera-de-pula-golf-26-1-768x512.jpg 768w,  https:\/\/lps-photography.de\/wp-content\/uploads\/2023\/01\/Hochzeits-fotograf-Mallorca-Sera-de-pula-golf-26-1-1536x1024.jpg 1536w,  https:\/\/lps-photography.de\/wp-content\/uploads\/2023\/01\/Hochzeits-fotograf-Mallorca-Sera-de-pula-golf-26-1-75x50.jpg 75w,  https:\/\/lps-photography.de\/wp-content\/uploads\/2023\/01\/Hochzeits-fotograf-Mallorca-Sera-de-pula-golf-26-1-650x433.jpg 650w,  https:\/\/lps-photography.de\/wp-content\/uploads\/2023\/01\/Hochzeits-fotograf-Mallorca-Sera-de-pula-golf-26-1-1000x667.jpg 1000w,  https:\/\/lps-photography.de\/wp-content\/uploads\/2023\/01\/Hochzeits-fotograf-Mallorca-Sera-de-pula-golf-26-1-50x33.jpg 50w\" alt=\"Ein fr\u00f6hliches Brautpaar schreitet bei seiner Hochzeit auf Mallorca im Freien zum Altar und hebt feierlich die H\u00e4nde, w\u00e4hrend die G\u00e4ste vor einer rustikalen Steinkapelle jubeln und mit Luftschlangen winken.\" data-attr=\"1\" data-id=\"17124\"\/><\/div><\/div><div class=\"thumb-overlay\"><div class=\"thumb-bg\" style=\"background-color:rgba(255,255,255,0);background:rgba(255,255,255,0)\"><div class=\"thumb-title-wrap display-table-cell vertical-align-middle align-center fadeIn animated\"><div class=\"thumb-title\" style=\"color:rgba(255,255,255,0);\"><i class=\"portfolio-overlay-icon\"><\/i><\/div><\/div><\/div><\/div><\/a><\/div><\/div><div class=\"element be-hoverlay not-wide no-wide-width-height style1-hover c_to_c\" style=\"margin-bottom: 10px;\"><div class=\"element-inner\" style=\"margin-left: 10px;\"><a href=\"https:\/\/lps-photography.de\/wp-content\/uploads\/2023\/01\/Hochzeits-fotograf-Mallorca-Sera-de-pula-golf-27.jpg\" data-size=\"1600x1067\" data-href=\"https:\/\/lps-photography.de\/wp-content\/uploads\/2023\/01\/Hochzeits-fotograf-Mallorca-Sera-de-pula-golf-27.jpg\" class=\"thumb-wrap\" title=\"Ein frisch verheiratetes Paar schreitet bei seiner Hochzeit auf Mallorca einen Gang im Freien hinunter, h\u00e4lt sich an den H\u00e4nden und l\u00e4chelt, w\u00e4hrend die G\u00e4ste jubeln und mit Luftschlangen winken. Die festliche Szene, die von einem Hochzeitsfotografen Mallorca aufgenommen wurde, zeigt formelle Kleidung und ein rustikales Steingeb\u00e4ude.\"><div class=\"flip-wrap\"><div data-aspect-ratio=\"1.5\" style = \"padding-bottom : 66.6875%;;\" class=\"flip-img-wrap none-effect\"><img srcset=\"https:\/\/lps-photography.de\/wp-content\/uploads\/2023\/01\/Hochzeits-fotograf-Mallorca-Sera-de-pula-golf-27.jpg 1600w,  https:\/\/lps-photography.de\/wp-content\/uploads\/2023\/01\/Hochzeits-fotograf-Mallorca-Sera-de-pula-golf-27-300x200.jpg 300w,  https:\/\/lps-photography.de\/wp-content\/uploads\/2023\/01\/Hochzeits-fotograf-Mallorca-Sera-de-pula-golf-27-800x534.jpg 800w,  https:\/\/lps-photography.de\/wp-content\/uploads\/2023\/01\/Hochzeits-fotograf-Mallorca-Sera-de-pula-golf-27-768x512.jpg 768w,  https:\/\/lps-photography.de\/wp-content\/uploads\/2023\/01\/Hochzeits-fotograf-Mallorca-Sera-de-pula-golf-27-1536x1024.jpg 1536w,  https:\/\/lps-photography.de\/wp-content\/uploads\/2023\/01\/Hochzeits-fotograf-Mallorca-Sera-de-pula-golf-27-75x50.jpg 75w,  https:\/\/lps-photography.de\/wp-content\/uploads\/2023\/01\/Hochzeits-fotograf-Mallorca-Sera-de-pula-golf-27-650x433.jpg 650w,  https:\/\/lps-photography.de\/wp-content\/uploads\/2023\/01\/Hochzeits-fotograf-Mallorca-Sera-de-pula-golf-27-1000x667.jpg 1000w,  https:\/\/lps-photography.de\/wp-content\/uploads\/2023\/01\/Hochzeits-fotograf-Mallorca-Sera-de-pula-golf-27-50x33.jpg 50w\" alt=\"Ein frisch verheiratetes Paar schreitet bei seiner Hochzeit auf Mallorca einen Gang im Freien hinunter, h\u00e4lt sich an den H\u00e4nden und l\u00e4chelt, w\u00e4hrend die G\u00e4ste jubeln und mit Luftschlangen winken. Die festliche Szene, die von einem Hochzeitsfotografen Mallorca aufgenommen wurde, zeigt formelle Kleidung und ein rustikales Steingeb\u00e4ude.\" data-attr=\"1\" data-id=\"17125\"\/><\/div><\/div><div class=\"thumb-overlay\"><div class=\"thumb-bg\" style=\"background-color:rgba(255,255,255,0);background:rgba(255,255,255,0)\"><div class=\"thumb-title-wrap display-table-cell vertical-align-middle align-center fadeIn animated\"><div class=\"thumb-title\" style=\"color:rgba(255,255,255,0);\"><i class=\"portfolio-overlay-icon\"><\/i><\/div><\/div><\/div><\/div><\/a><\/div><\/div><div class=\"element be-hoverlay not-wide no-wide-width-height style1-hover c_to_c\" style=\"margin-bottom: 10px;\"><div class=\"element-inner\" style=\"margin-left: 10px;\"><a href=\"https:\/\/lps-photography.de\/wp-content\/uploads\/2023\/01\/Hochzeits-fotograf-Mallorca-Sera-de-pula-golf-28.jpg\" data-size=\"1600x1067\" data-href=\"https:\/\/lps-photography.de\/wp-content\/uploads\/2023\/01\/Hochzeits-fotograf-Mallorca-Sera-de-pula-golf-28.jpg\" class=\"thumb-wrap\" title=\"Eine fr\u00f6hliche Braut und ein Br\u00e4utigam gehen Hand in Hand einen Gang im Freien hinunter, l\u00e4chelnd und ihre Hochzeit auf Mallorca feiernd, w\u00e4hrend die G\u00e4ste unter einem sonnigen Himmel jubeln und applaudieren. Perfekte Momente, eingefangen von einem talentierten Hochzeitsfotografen Mallorca.\"><div class=\"flip-wrap\"><div data-aspect-ratio=\"1.5\" style = \"padding-bottom : 66.6875%;;\" class=\"flip-img-wrap none-effect\"><img srcset=\"https:\/\/lps-photography.de\/wp-content\/uploads\/2023\/01\/Hochzeits-fotograf-Mallorca-Sera-de-pula-golf-28.jpg 1600w,  https:\/\/lps-photography.de\/wp-content\/uploads\/2023\/01\/Hochzeits-fotograf-Mallorca-Sera-de-pula-golf-28-300x200.jpg 300w,  https:\/\/lps-photography.de\/wp-content\/uploads\/2023\/01\/Hochzeits-fotograf-Mallorca-Sera-de-pula-golf-28-800x534.jpg 800w,  https:\/\/lps-photography.de\/wp-content\/uploads\/2023\/01\/Hochzeits-fotograf-Mallorca-Sera-de-pula-golf-28-768x512.jpg 768w,  https:\/\/lps-photography.de\/wp-content\/uploads\/2023\/01\/Hochzeits-fotograf-Mallorca-Sera-de-pula-golf-28-1536x1024.jpg 1536w,  https:\/\/lps-photography.de\/wp-content\/uploads\/2023\/01\/Hochzeits-fotograf-Mallorca-Sera-de-pula-golf-28-75x50.jpg 75w,  https:\/\/lps-photography.de\/wp-content\/uploads\/2023\/01\/Hochzeits-fotograf-Mallorca-Sera-de-pula-golf-28-650x433.jpg 650w,  https:\/\/lps-photography.de\/wp-content\/uploads\/2023\/01\/Hochzeits-fotograf-Mallorca-Sera-de-pula-golf-28-1000x667.jpg 1000w,  https:\/\/lps-photography.de\/wp-content\/uploads\/2023\/01\/Hochzeits-fotograf-Mallorca-Sera-de-pula-golf-28-50x33.jpg 50w\" alt=\"Eine fr\u00f6hliche Braut und ein Br\u00e4utigam gehen Hand in Hand einen Gang im Freien hinunter, l\u00e4chelnd und ihre Hochzeit auf Mallorca feiernd, w\u00e4hrend die G\u00e4ste unter einem sonnigen Himmel jubeln und applaudieren. Perfekte Momente, eingefangen von einem talentierten Hochzeitsfotografen Mallorca.\" data-attr=\"1\" data-id=\"17126\"\/><\/div><\/div><div class=\"thumb-overlay\"><div class=\"thumb-bg\" style=\"background-color:rgba(255,255,255,0);background:rgba(255,255,255,0)\"><div class=\"thumb-title-wrap display-table-cell vertical-align-middle align-center fadeIn animated\"><div class=\"thumb-title\" style=\"color:rgba(255,255,255,0);\"><i class=\"portfolio-overlay-icon\"><\/i><\/div><\/div><\/div><\/div><\/a><\/div><\/div><div class=\"element be-hoverlay not-wide no-wide-width-height style1-hover c_to_c\" style=\"margin-bottom: 10px;\"><div class=\"element-inner\" style=\"margin-left: 10px;\"><a href=\"https:\/\/lps-photography.de\/wp-content\/uploads\/2023\/01\/Hochzeits-fotograf-Mallorca-Sera-de-pula-golf-29.jpg\" data-size=\"1067x1600\" data-href=\"https:\/\/lps-photography.de\/wp-content\/uploads\/2023\/01\/Hochzeits-fotograf-Mallorca-Sera-de-pula-golf-29.jpg\" class=\"thumb-wrap\" title=\"Eine Braut in einem wei\u00dfen Kleid und ein Br\u00e4utigam in einem hellen Anzug schreiten Hand in Hand einen Steinweg entlang, umgeben von Palmen und \u00fcppigem Gr\u00fcn - perfekte Momente f\u00fcr jeden Hochzeitsfotografen Mallorca w\u00e4hrend einer unvergesslichen Hochzeit auf Mallorca.\"><div class=\"flip-wrap\"><div data-aspect-ratio=\"0.67\" style = \"padding-bottom : 149.95313964386%;;\" class=\"flip-img-wrap none-effect\"><img srcset=\"https:\/\/lps-photography.de\/wp-content\/uploads\/2023\/01\/Hochzeits-fotograf-Mallorca-Sera-de-pula-golf-29.jpg 1067w,  https:\/\/lps-photography.de\/wp-content\/uploads\/2023\/01\/Hochzeits-fotograf-Mallorca-Sera-de-pula-golf-29-200x300.jpg 200w,  https:\/\/lps-photography.de\/wp-content\/uploads\/2023\/01\/Hochzeits-fotograf-Mallorca-Sera-de-pula-golf-29-683x1024.jpg 683w,  https:\/\/lps-photography.de\/wp-content\/uploads\/2023\/01\/Hochzeits-fotograf-Mallorca-Sera-de-pula-golf-29-768x1152.jpg 768w,  https:\/\/lps-photography.de\/wp-content\/uploads\/2023\/01\/Hochzeits-fotograf-Mallorca-Sera-de-pula-golf-29-1024x1536.jpg 1024w,  https:\/\/lps-photography.de\/wp-content\/uploads\/2023\/01\/Hochzeits-fotograf-Mallorca-Sera-de-pula-golf-29-33x50.jpg 33w,  https:\/\/lps-photography.de\/wp-content\/uploads\/2023\/01\/Hochzeits-fotograf-Mallorca-Sera-de-pula-golf-29-650x975.jpg 650w,  https:\/\/lps-photography.de\/wp-content\/uploads\/2023\/01\/Hochzeits-fotograf-Mallorca-Sera-de-pula-golf-29-1000x1500.jpg 1000w,  https:\/\/lps-photography.de\/wp-content\/uploads\/2023\/01\/Hochzeits-fotograf-Mallorca-Sera-de-pula-golf-29-50x75.jpg 50w\" alt=\"Eine Braut in einem wei\u00dfen Kleid und ein Br\u00e4utigam in einem hellen Anzug schreiten Hand in Hand einen Steinweg entlang, umgeben von Palmen und \u00fcppigem Gr\u00fcn - perfekte Momente f\u00fcr jeden Hochzeitsfotografen Mallorca w\u00e4hrend einer unvergesslichen Hochzeit auf Mallorca.\" data-attr=\"1\" data-id=\"17127\"\/><\/div><\/div><div class=\"thumb-overlay\"><div class=\"thumb-bg\" style=\"background-color:rgba(255,255,255,0);background:rgba(255,255,255,0)\"><div class=\"thumb-title-wrap display-table-cell vertical-align-middle align-center fadeIn animated\"><div class=\"thumb-title\" style=\"color:rgba(255,255,255,0);\"><i class=\"portfolio-overlay-icon\"><\/i><\/div><\/div><\/div><\/div><\/a><\/div><\/div><div class=\"element be-hoverlay not-wide no-wide-width-height style1-hover c_to_c\" style=\"margin-bottom: 10px;\"><div class=\"element-inner\" style=\"margin-left: 10px;\"><a href=\"https:\/\/lps-photography.de\/wp-content\/uploads\/2023\/01\/Hochzeits-fotograf-Mallorca-Sera-de-pula-golf-30.jpg\" data-size=\"1067x1600\" data-href=\"https:\/\/lps-photography.de\/wp-content\/uploads\/2023\/01\/Hochzeits-fotograf-Mallorca-Sera-de-pula-golf-30.jpg\" class=\"thumb-wrap\" title=\"Ein fr\u00f6hliches Brautpaar spaziert Hand in Hand an einem sonnigen Tag im Freien, umgeben von \u00fcppigem Gr\u00fcn und Palmen. Diese Hochzeit auf Mallorca f\u00e4ngt ihr Gl\u00fcck ein, w\u00e4hrend die Braut in Wei\u00df erstrahlt und der Br\u00e4utigam in seinem hellbeigen Anzug l\u00e4chelt.\"><div class=\"flip-wrap\"><div data-aspect-ratio=\"0.67\" style = \"padding-bottom : 149.95313964386%;;\" class=\"flip-img-wrap none-effect\"><img srcset=\"https:\/\/lps-photography.de\/wp-content\/uploads\/2023\/01\/Hochzeits-fotograf-Mallorca-Sera-de-pula-golf-30.jpg 1067w,  https:\/\/lps-photography.de\/wp-content\/uploads\/2023\/01\/Hochzeits-fotograf-Mallorca-Sera-de-pula-golf-30-200x300.jpg 200w,  https:\/\/lps-photography.de\/wp-content\/uploads\/2023\/01\/Hochzeits-fotograf-Mallorca-Sera-de-pula-golf-30-683x1024.jpg 683w,  https:\/\/lps-photography.de\/wp-content\/uploads\/2023\/01\/Hochzeits-fotograf-Mallorca-Sera-de-pula-golf-30-768x1152.jpg 768w,  https:\/\/lps-photography.de\/wp-content\/uploads\/2023\/01\/Hochzeits-fotograf-Mallorca-Sera-de-pula-golf-30-1024x1536.jpg 1024w,  https:\/\/lps-photography.de\/wp-content\/uploads\/2023\/01\/Hochzeits-fotograf-Mallorca-Sera-de-pula-golf-30-33x50.jpg 33w,  https:\/\/lps-photography.de\/wp-content\/uploads\/2023\/01\/Hochzeits-fotograf-Mallorca-Sera-de-pula-golf-30-650x975.jpg 650w,  https:\/\/lps-photography.de\/wp-content\/uploads\/2023\/01\/Hochzeits-fotograf-Mallorca-Sera-de-pula-golf-30-1000x1500.jpg 1000w,  https:\/\/lps-photography.de\/wp-content\/uploads\/2023\/01\/Hochzeits-fotograf-Mallorca-Sera-de-pula-golf-30-50x75.jpg 50w\" alt=\"Ein fr\u00f6hliches Brautpaar spaziert Hand in Hand an einem sonnigen Tag im Freien, umgeben von \u00fcppigem Gr\u00fcn und Palmen. Diese Hochzeit auf Mallorca f\u00e4ngt ihr Gl\u00fcck ein, w\u00e4hrend die Braut in Wei\u00df erstrahlt und der Br\u00e4utigam in seinem hellbeigen Anzug l\u00e4chelt.\" data-attr=\"1\" data-id=\"17128\"\/><\/div><\/div><div class=\"thumb-overlay\"><div class=\"thumb-bg\" style=\"background-color:rgba(255,255,255,0);background:rgba(255,255,255,0)\"><div class=\"thumb-title-wrap display-table-cell vertical-align-middle align-center fadeIn animated\"><div class=\"thumb-title\" style=\"color:rgba(255,255,255,0);\"><i class=\"portfolio-overlay-icon\"><\/i><\/div><\/div><\/div><\/div><\/a><\/div><\/div><div class=\"element be-hoverlay not-wide no-wide-width-height style1-hover c_to_c\" style=\"margin-bottom: 10px;\"><div class=\"element-inner\" style=\"margin-left: 10px;\"><a href=\"https:\/\/lps-photography.de\/wp-content\/uploads\/2023\/01\/Hochzeits-fotograf-Mallorca-Sera-de-pula-golf-31.jpg\" data-size=\"1600x1067\" data-href=\"https:\/\/lps-photography.de\/wp-content\/uploads\/2023\/01\/Hochzeits-fotograf-Mallorca-Sera-de-pula-golf-31.jpg\" class=\"thumb-wrap\" title=\"Eine Braut in einem wei\u00dfen Kleid geht an l\u00e4chelnden Hochzeitsg\u00e4sten in farbenfroher Kleidung vorbei, von denen einige Telefone und Kameras in der Hand halten, auf einer Hochzeit im Freien auf Mallorca mit einer malerischen H\u00fcgellandschaft im Hintergrund.\"><div class=\"flip-wrap\"><div data-aspect-ratio=\"1.5\" style = \"padding-bottom : 66.6875%;;\" class=\"flip-img-wrap none-effect\"><img srcset=\"https:\/\/lps-photography.de\/wp-content\/uploads\/2023\/01\/Hochzeits-fotograf-Mallorca-Sera-de-pula-golf-31.jpg 1600w,  https:\/\/lps-photography.de\/wp-content\/uploads\/2023\/01\/Hochzeits-fotograf-Mallorca-Sera-de-pula-golf-31-300x200.jpg 300w,  https:\/\/lps-photography.de\/wp-content\/uploads\/2023\/01\/Hochzeits-fotograf-Mallorca-Sera-de-pula-golf-31-800x534.jpg 800w,  https:\/\/lps-photography.de\/wp-content\/uploads\/2023\/01\/Hochzeits-fotograf-Mallorca-Sera-de-pula-golf-31-768x512.jpg 768w,  https:\/\/lps-photography.de\/wp-content\/uploads\/2023\/01\/Hochzeits-fotograf-Mallorca-Sera-de-pula-golf-31-1536x1024.jpg 1536w,  https:\/\/lps-photography.de\/wp-content\/uploads\/2023\/01\/Hochzeits-fotograf-Mallorca-Sera-de-pula-golf-31-75x50.jpg 75w,  https:\/\/lps-photography.de\/wp-content\/uploads\/2023\/01\/Hochzeits-fotograf-Mallorca-Sera-de-pula-golf-31-650x433.jpg 650w,  https:\/\/lps-photography.de\/wp-content\/uploads\/2023\/01\/Hochzeits-fotograf-Mallorca-Sera-de-pula-golf-31-1000x667.jpg 1000w,  https:\/\/lps-photography.de\/wp-content\/uploads\/2023\/01\/Hochzeits-fotograf-Mallorca-Sera-de-pula-golf-31-50x33.jpg 50w\" alt=\"Eine Braut in einem wei\u00dfen Kleid geht an l\u00e4chelnden Hochzeitsg\u00e4sten in farbenfroher Kleidung vorbei, von denen einige Telefone und Kameras in der Hand halten, auf einer Hochzeit im Freien auf Mallorca mit einer malerischen H\u00fcgellandschaft im Hintergrund.\" data-attr=\"1\" data-id=\"17129\"\/><\/div><\/div><div class=\"thumb-overlay\"><div class=\"thumb-bg\" style=\"background-color:rgba(255,255,255,0);background:rgba(255,255,255,0)\"><div class=\"thumb-title-wrap display-table-cell vertical-align-middle align-center fadeIn animated\"><div class=\"thumb-title\" style=\"color:rgba(255,255,255,0);\"><i class=\"portfolio-overlay-icon\"><\/i><\/div><\/div><\/div><\/div><\/a><\/div><\/div><div class=\"element be-hoverlay not-wide no-wide-width-height style1-hover c_to_c\" style=\"margin-bottom: 10px;\"><div class=\"element-inner\" style=\"margin-left: 10px;\"><a href=\"https:\/\/lps-photography.de\/wp-content\/uploads\/2023\/01\/Hochzeits-fotograf-Mallorca-Sera-de-pula-golf-32.jpg\" data-size=\"1600x1067\" data-href=\"https:\/\/lps-photography.de\/wp-content\/uploads\/2023\/01\/Hochzeits-fotograf-Mallorca-Sera-de-pula-golf-32.jpg\" class=\"thumb-wrap\" title=\"Eine Braut und ein Br\u00e4utigam feiern ihre Hochzeit auf Mallorca im Freien. Die Braut hebt triumphierend ihren Brautstrau\u00df, w\u00e4hrend die applaudierenden G\u00e4ste in farbenfroher Kleidung den sonnigen Himmel, das Gr\u00fcn und die festlichen Fahnen im Hintergrund genie\u00dfen.\"><div class=\"flip-wrap\"><div data-aspect-ratio=\"1.5\" style = \"padding-bottom : 66.6875%;;\" class=\"flip-img-wrap none-effect\"><img srcset=\"https:\/\/lps-photography.de\/wp-content\/uploads\/2023\/01\/Hochzeits-fotograf-Mallorca-Sera-de-pula-golf-32.jpg 1600w,  https:\/\/lps-photography.de\/wp-content\/uploads\/2023\/01\/Hochzeits-fotograf-Mallorca-Sera-de-pula-golf-32-300x200.jpg 300w,  https:\/\/lps-photography.de\/wp-content\/uploads\/2023\/01\/Hochzeits-fotograf-Mallorca-Sera-de-pula-golf-32-800x534.jpg 800w,  https:\/\/lps-photography.de\/wp-content\/uploads\/2023\/01\/Hochzeits-fotograf-Mallorca-Sera-de-pula-golf-32-768x512.jpg 768w,  https:\/\/lps-photography.de\/wp-content\/uploads\/2023\/01\/Hochzeits-fotograf-Mallorca-Sera-de-pula-golf-32-1536x1024.jpg 1536w,  https:\/\/lps-photography.de\/wp-content\/uploads\/2023\/01\/Hochzeits-fotograf-Mallorca-Sera-de-pula-golf-32-75x50.jpg 75w,  https:\/\/lps-photography.de\/wp-content\/uploads\/2023\/01\/Hochzeits-fotograf-Mallorca-Sera-de-pula-golf-32-650x433.jpg 650w,  https:\/\/lps-photography.de\/wp-content\/uploads\/2023\/01\/Hochzeits-fotograf-Mallorca-Sera-de-pula-golf-32-1000x667.jpg 1000w,  https:\/\/lps-photography.de\/wp-content\/uploads\/2023\/01\/Hochzeits-fotograf-Mallorca-Sera-de-pula-golf-32-50x33.jpg 50w\" alt=\"Eine Braut und ein Br\u00e4utigam feiern ihre Hochzeit auf Mallorca im Freien. Die Braut hebt triumphierend ihren Brautstrau\u00df, w\u00e4hrend die applaudierenden G\u00e4ste in farbenfroher Kleidung den sonnigen Himmel, das Gr\u00fcn und die festlichen Fahnen im Hintergrund genie\u00dfen.\" data-attr=\"1\" data-id=\"17130\"\/><\/div><\/div><div class=\"thumb-overlay\"><div class=\"thumb-bg\" style=\"background-color:rgba(255,255,255,0);background:rgba(255,255,255,0)\"><div class=\"thumb-title-wrap display-table-cell vertical-align-middle align-center fadeIn animated\"><div class=\"thumb-title\" style=\"color:rgba(255,255,255,0);\"><i class=\"portfolio-overlay-icon\"><\/i><\/div><\/div><\/div><\/div><\/a><\/div><\/div><div class=\"element be-hoverlay not-wide no-wide-width-height style1-hover c_to_c\" style=\"margin-bottom: 10px;\"><div class=\"element-inner\" style=\"margin-left: 10px;\"><a href=\"https:\/\/lps-photography.de\/wp-content\/uploads\/2023\/01\/Hochzeits-fotograf-Mallorca-Sera-de-pula-golf-33.jpg\" data-size=\"1600x1067\" data-href=\"https:\/\/lps-photography.de\/wp-content\/uploads\/2023\/01\/Hochzeits-fotograf-Mallorca-Sera-de-pula-golf-33.jpg\" class=\"thumb-wrap\" title=\"Eine Gruppe von Menschen versammelt sich unter gro\u00dfen Sonnenschirmen vor einem rustikalen Steingeb\u00e4ude mit einer Windm\u00fchle, umgeben von B\u00e4umen, als ein Hochzeitsfotograf Mallorca Momente von einer sch\u00f6nen Hochzeit auf Mallorca unter dem strahlend blauen Himmel festh\u00e4lt.\"><div class=\"flip-wrap\"><div data-aspect-ratio=\"1.5\" style = \"padding-bottom : 66.6875%;;\" class=\"flip-img-wrap none-effect\"><img srcset=\"https:\/\/lps-photography.de\/wp-content\/uploads\/2023\/01\/Hochzeits-fotograf-Mallorca-Sera-de-pula-golf-33.jpg 1600w,  https:\/\/lps-photography.de\/wp-content\/uploads\/2023\/01\/Hochzeits-fotograf-Mallorca-Sera-de-pula-golf-33-300x200.jpg 300w,  https:\/\/lps-photography.de\/wp-content\/uploads\/2023\/01\/Hochzeits-fotograf-Mallorca-Sera-de-pula-golf-33-800x534.jpg 800w,  https:\/\/lps-photography.de\/wp-content\/uploads\/2023\/01\/Hochzeits-fotograf-Mallorca-Sera-de-pula-golf-33-768x512.jpg 768w,  https:\/\/lps-photography.de\/wp-content\/uploads\/2023\/01\/Hochzeits-fotograf-Mallorca-Sera-de-pula-golf-33-1536x1024.jpg 1536w,  https:\/\/lps-photography.de\/wp-content\/uploads\/2023\/01\/Hochzeits-fotograf-Mallorca-Sera-de-pula-golf-33-75x50.jpg 75w,  https:\/\/lps-photography.de\/wp-content\/uploads\/2023\/01\/Hochzeits-fotograf-Mallorca-Sera-de-pula-golf-33-650x433.jpg 650w,  https:\/\/lps-photography.de\/wp-content\/uploads\/2023\/01\/Hochzeits-fotograf-Mallorca-Sera-de-pula-golf-33-1000x667.jpg 1000w,  https:\/\/lps-photography.de\/wp-content\/uploads\/2023\/01\/Hochzeits-fotograf-Mallorca-Sera-de-pula-golf-33-50x33.jpg 50w\" alt=\"Eine Gruppe von Menschen versammelt sich unter gro\u00dfen Sonnenschirmen vor einem rustikalen Steingeb\u00e4ude mit einer Windm\u00fchle, umgeben von B\u00e4umen, als ein Hochzeitsfotograf Mallorca Momente von einer sch\u00f6nen Hochzeit auf Mallorca unter dem strahlend blauen Himmel festh\u00e4lt.\" data-attr=\"1\" data-id=\"17131\"\/><\/div><\/div><div class=\"thumb-overlay\"><div class=\"thumb-bg\" style=\"background-color:rgba(255,255,255,0);background:rgba(255,255,255,0)\"><div class=\"thumb-title-wrap display-table-cell vertical-align-middle align-center fadeIn animated\"><div class=\"thumb-title\" style=\"color:rgba(255,255,255,0);\"><i class=\"portfolio-overlay-icon\"><\/i><\/div><\/div><\/div><\/div><\/a><\/div><\/div><div class=\"element be-hoverlay not-wide no-wide-width-height style1-hover c_to_c\" style=\"margin-bottom: 10px;\"><div class=\"element-inner\" style=\"margin-left: 10px;\"><a href=\"https:\/\/lps-photography.de\/wp-content\/uploads\/2023\/01\/Hochzeits-fotograf-Mallorca-Sera-de-pula-golf-34.jpg\" data-size=\"1600x1067\" data-href=\"https:\/\/lps-photography.de\/wp-content\/uploads\/2023\/01\/Hochzeits-fotograf-Mallorca-Sera-de-pula-golf-34.jpg\" class=\"thumb-wrap\" title=\"Eine Braut in einem wei\u00dfen Kleid und eine Frau in Koralle l\u00e4cheln und ber\u00fchren sich an den Stirnen, w\u00e4hrend sie sich bei einer Hochzeit im Freien auf Mallorca an den H\u00e4nden halten, umgeben von G\u00e4sten unter Sonnenschirmen, wundersch\u00f6n eingefangen von einem Hochzeitsfotograf Mallorca.\"><div class=\"flip-wrap\"><div data-aspect-ratio=\"1.5\" style = \"padding-bottom : 66.6875%;;\" class=\"flip-img-wrap none-effect\"><img srcset=\"https:\/\/lps-photography.de\/wp-content\/uploads\/2023\/01\/Hochzeits-fotograf-Mallorca-Sera-de-pula-golf-34.jpg 1600w,  https:\/\/lps-photography.de\/wp-content\/uploads\/2023\/01\/Hochzeits-fotograf-Mallorca-Sera-de-pula-golf-34-300x200.jpg 300w,  https:\/\/lps-photography.de\/wp-content\/uploads\/2023\/01\/Hochzeits-fotograf-Mallorca-Sera-de-pula-golf-34-800x534.jpg 800w,  https:\/\/lps-photography.de\/wp-content\/uploads\/2023\/01\/Hochzeits-fotograf-Mallorca-Sera-de-pula-golf-34-768x512.jpg 768w,  https:\/\/lps-photography.de\/wp-content\/uploads\/2023\/01\/Hochzeits-fotograf-Mallorca-Sera-de-pula-golf-34-1536x1024.jpg 1536w,  https:\/\/lps-photography.de\/wp-content\/uploads\/2023\/01\/Hochzeits-fotograf-Mallorca-Sera-de-pula-golf-34-75x50.jpg 75w,  https:\/\/lps-photography.de\/wp-content\/uploads\/2023\/01\/Hochzeits-fotograf-Mallorca-Sera-de-pula-golf-34-650x433.jpg 650w,  https:\/\/lps-photography.de\/wp-content\/uploads\/2023\/01\/Hochzeits-fotograf-Mallorca-Sera-de-pula-golf-34-1000x667.jpg 1000w,  https:\/\/lps-photography.de\/wp-content\/uploads\/2023\/01\/Hochzeits-fotograf-Mallorca-Sera-de-pula-golf-34-50x33.jpg 50w\" alt=\"Eine Braut in einem wei\u00dfen Kleid und eine Frau in Koralle l\u00e4cheln und ber\u00fchren sich an den Stirnen, w\u00e4hrend sie sich bei einer Hochzeit im Freien auf Mallorca an den H\u00e4nden halten, umgeben von G\u00e4sten unter Sonnenschirmen, wundersch\u00f6n eingefangen von einem Hochzeitsfotograf Mallorca.\" data-attr=\"1\" data-id=\"17132\"\/><\/div><\/div><div class=\"thumb-overlay\"><div class=\"thumb-bg\" style=\"background-color:rgba(255,255,255,0);background:rgba(255,255,255,0)\"><div class=\"thumb-title-wrap display-table-cell vertical-align-middle align-center fadeIn animated\"><div class=\"thumb-title\" style=\"color:rgba(255,255,255,0);\"><i class=\"portfolio-overlay-icon\"><\/i><\/div><\/div><\/div><\/div><\/a><\/div><\/div><div class=\"element be-hoverlay not-wide no-wide-width-height style1-hover c_to_c\" style=\"margin-bottom: 10px;\"><div class=\"element-inner\" style=\"margin-left: 10px;\"><a href=\"https:\/\/lps-photography.de\/wp-content\/uploads\/2023\/01\/Hochzeits-fotograf-Mallorca-Sera-de-pula-golf-35.jpg\" data-size=\"1600x1067\" data-href=\"https:\/\/lps-photography.de\/wp-content\/uploads\/2023\/01\/Hochzeits-fotograf-Mallorca-Sera-de-pula-golf-35.jpg\" class=\"thumb-wrap\" title=\"Eine Braut in einem wei\u00dfen Kleid mit Knopfleiste steht mit dem R\u00fccken zur Kamera und plaudert mit l\u00e4chelnden G\u00e4sten auf einer Hochzeit auf Mallorca, w\u00e4hrend sich die Hochzeitsfeier unter gro\u00dfen Sonnenschirmen abspielt.\"><div class=\"flip-wrap\"><div data-aspect-ratio=\"1.5\" style = \"padding-bottom : 66.6875%;;\" class=\"flip-img-wrap none-effect\"><img srcset=\"https:\/\/lps-photography.de\/wp-content\/uploads\/2023\/01\/Hochzeits-fotograf-Mallorca-Sera-de-pula-golf-35.jpg 1600w,  https:\/\/lps-photography.de\/wp-content\/uploads\/2023\/01\/Hochzeits-fotograf-Mallorca-Sera-de-pula-golf-35-300x200.jpg 300w,  https:\/\/lps-photography.de\/wp-content\/uploads\/2023\/01\/Hochzeits-fotograf-Mallorca-Sera-de-pula-golf-35-800x534.jpg 800w,  https:\/\/lps-photography.de\/wp-content\/uploads\/2023\/01\/Hochzeits-fotograf-Mallorca-Sera-de-pula-golf-35-768x512.jpg 768w,  https:\/\/lps-photography.de\/wp-content\/uploads\/2023\/01\/Hochzeits-fotograf-Mallorca-Sera-de-pula-golf-35-1536x1024.jpg 1536w,  https:\/\/lps-photography.de\/wp-content\/uploads\/2023\/01\/Hochzeits-fotograf-Mallorca-Sera-de-pula-golf-35-75x50.jpg 75w,  https:\/\/lps-photography.de\/wp-content\/uploads\/2023\/01\/Hochzeits-fotograf-Mallorca-Sera-de-pula-golf-35-650x433.jpg 650w,  https:\/\/lps-photography.de\/wp-content\/uploads\/2023\/01\/Hochzeits-fotograf-Mallorca-Sera-de-pula-golf-35-1000x667.jpg 1000w,  https:\/\/lps-photography.de\/wp-content\/uploads\/2023\/01\/Hochzeits-fotograf-Mallorca-Sera-de-pula-golf-35-50x33.jpg 50w\" alt=\"Eine Braut in einem wei\u00dfen Kleid mit Knopfleiste steht mit dem R\u00fccken zur Kamera und plaudert mit l\u00e4chelnden G\u00e4sten auf einer Hochzeit auf Mallorca, w\u00e4hrend sich die Hochzeitsfeier unter gro\u00dfen Sonnenschirmen abspielt.\" data-attr=\"1\" data-id=\"17133\"\/><\/div><\/div><div class=\"thumb-overlay\"><div class=\"thumb-bg\" style=\"background-color:rgba(255,255,255,0);background:rgba(255,255,255,0)\"><div class=\"thumb-title-wrap display-table-cell vertical-align-middle align-center fadeIn animated\"><div class=\"thumb-title\" style=\"color:rgba(255,255,255,0);\"><i class=\"portfolio-overlay-icon\"><\/i><\/div><\/div><\/div><\/div><\/a><\/div><\/div><div class=\"element be-hoverlay not-wide no-wide-width-height style1-hover c_to_c\" style=\"margin-bottom: 10px;\"><div class=\"element-inner\" style=\"margin-left: 10px;\"><a href=\"https:\/\/lps-photography.de\/wp-content\/uploads\/2023\/01\/Hochzeits-fotograf-Mallorca-Sera-de-pula-golf-36.jpg\" data-size=\"1600x1067\" data-href=\"https:\/\/lps-photography.de\/wp-content\/uploads\/2023\/01\/Hochzeits-fotograf-Mallorca-Sera-de-pula-golf-36.jpg\" class=\"thumb-wrap\" title=\"Eine Braut mit einem Blumenstrau\u00df in der Hand l\u00e4chelt, w\u00e4hrend sie sich mit den G\u00e4sten einer Hochzeit im Freien auf Mallorca unterh\u00e4lt, umgeben von farbenfrohen Kleidern und einem malerischen H\u00fcgel im Hintergrund.\"><div class=\"flip-wrap\"><div data-aspect-ratio=\"1.5\" style = \"padding-bottom : 66.6875%;;\" class=\"flip-img-wrap none-effect\"><img srcset=\"https:\/\/lps-photography.de\/wp-content\/uploads\/2023\/01\/Hochzeits-fotograf-Mallorca-Sera-de-pula-golf-36.jpg 1600w,  https:\/\/lps-photography.de\/wp-content\/uploads\/2023\/01\/Hochzeits-fotograf-Mallorca-Sera-de-pula-golf-36-300x200.jpg 300w,  https:\/\/lps-photography.de\/wp-content\/uploads\/2023\/01\/Hochzeits-fotograf-Mallorca-Sera-de-pula-golf-36-800x534.jpg 800w,  https:\/\/lps-photography.de\/wp-content\/uploads\/2023\/01\/Hochzeits-fotograf-Mallorca-Sera-de-pula-golf-36-768x512.jpg 768w,  https:\/\/lps-photography.de\/wp-content\/uploads\/2023\/01\/Hochzeits-fotograf-Mallorca-Sera-de-pula-golf-36-1536x1024.jpg 1536w,  https:\/\/lps-photography.de\/wp-content\/uploads\/2023\/01\/Hochzeits-fotograf-Mallorca-Sera-de-pula-golf-36-75x50.jpg 75w,  https:\/\/lps-photography.de\/wp-content\/uploads\/2023\/01\/Hochzeits-fotograf-Mallorca-Sera-de-pula-golf-36-650x433.jpg 650w,  https:\/\/lps-photography.de\/wp-content\/uploads\/2023\/01\/Hochzeits-fotograf-Mallorca-Sera-de-pula-golf-36-1000x667.jpg 1000w,  https:\/\/lps-photography.de\/wp-content\/uploads\/2023\/01\/Hochzeits-fotograf-Mallorca-Sera-de-pula-golf-36-50x33.jpg 50w\" alt=\"Eine Braut mit einem Blumenstrau\u00df in der Hand l\u00e4chelt, w\u00e4hrend sie sich mit den G\u00e4sten einer Hochzeit im Freien auf Mallorca unterh\u00e4lt, umgeben von farbenfrohen Kleidern und einem malerischen H\u00fcgel im Hintergrund.\" data-attr=\"1\" data-id=\"17134\"\/><\/div><\/div><div class=\"thumb-overlay\"><div class=\"thumb-bg\" style=\"background-color:rgba(255,255,255,0);background:rgba(255,255,255,0)\"><div class=\"thumb-title-wrap display-table-cell vertical-align-middle align-center fadeIn animated\"><div class=\"thumb-title\" style=\"color:rgba(255,255,255,0);\"><i class=\"portfolio-overlay-icon\"><\/i><\/div><\/div><\/div><\/div><\/a><\/div><\/div><div class=\"element be-hoverlay not-wide no-wide-width-height style1-hover c_to_c\" style=\"margin-bottom: 10px;\"><div class=\"element-inner\" style=\"margin-left: 10px;\"><a href=\"https:\/\/lps-photography.de\/wp-content\/uploads\/2023\/01\/Hochzeits-fotograf-Mallorca-Sera-de-pula-golf-37.jpg\" data-size=\"1600x1067\" data-href=\"https:\/\/lps-photography.de\/wp-content\/uploads\/2023\/01\/Hochzeits-fotograf-Mallorca-Sera-de-pula-golf-37.jpg\" class=\"thumb-wrap\" title=\"Drei f\u00f6rmlich gekleidete Personen l\u00e4cheln und unterhalten sich im Freien auf einer scheinbaren Hochzeit auf Mallorca. Ein Mann tr\u00e4gt einen hellen Anzug mit einer Boutonni\u00e8re, ein anderer einen blauen Anzug, und eine Frau h\u00e4lt einen Blumenstrau\u00df.\"><div class=\"flip-wrap\"><div data-aspect-ratio=\"1.5\" style = \"padding-bottom : 66.6875%;;\" class=\"flip-img-wrap none-effect\"><img srcset=\"https:\/\/lps-photography.de\/wp-content\/uploads\/2023\/01\/Hochzeits-fotograf-Mallorca-Sera-de-pula-golf-37.jpg 1600w,  https:\/\/lps-photography.de\/wp-content\/uploads\/2023\/01\/Hochzeits-fotograf-Mallorca-Sera-de-pula-golf-37-300x200.jpg 300w,  https:\/\/lps-photography.de\/wp-content\/uploads\/2023\/01\/Hochzeits-fotograf-Mallorca-Sera-de-pula-golf-37-800x534.jpg 800w,  https:\/\/lps-photography.de\/wp-content\/uploads\/2023\/01\/Hochzeits-fotograf-Mallorca-Sera-de-pula-golf-37-768x512.jpg 768w,  https:\/\/lps-photography.de\/wp-content\/uploads\/2023\/01\/Hochzeits-fotograf-Mallorca-Sera-de-pula-golf-37-1536x1024.jpg 1536w,  https:\/\/lps-photography.de\/wp-content\/uploads\/2023\/01\/Hochzeits-fotograf-Mallorca-Sera-de-pula-golf-37-75x50.jpg 75w,  https:\/\/lps-photography.de\/wp-content\/uploads\/2023\/01\/Hochzeits-fotograf-Mallorca-Sera-de-pula-golf-37-650x433.jpg 650w,  https:\/\/lps-photography.de\/wp-content\/uploads\/2023\/01\/Hochzeits-fotograf-Mallorca-Sera-de-pula-golf-37-1000x667.jpg 1000w,  https:\/\/lps-photography.de\/wp-content\/uploads\/2023\/01\/Hochzeits-fotograf-Mallorca-Sera-de-pula-golf-37-50x33.jpg 50w\" alt=\"Drei f\u00f6rmlich gekleidete Personen l\u00e4cheln und unterhalten sich im Freien auf einer scheinbaren Hochzeit auf Mallorca. Ein Mann tr\u00e4gt einen hellen Anzug mit einer Boutonni\u00e8re, ein anderer einen blauen Anzug, und eine Frau h\u00e4lt einen Blumenstrau\u00df.\" data-attr=\"1\" data-id=\"17135\"\/><\/div><\/div><div class=\"thumb-overlay\"><div class=\"thumb-bg\" style=\"background-color:rgba(255,255,255,0);background:rgba(255,255,255,0)\"><div class=\"thumb-title-wrap display-table-cell vertical-align-middle align-center fadeIn animated\"><div class=\"thumb-title\" style=\"color:rgba(255,255,255,0);\"><i class=\"portfolio-overlay-icon\"><\/i><\/div><\/div><\/div><\/div><\/a><\/div><\/div><div class=\"element be-hoverlay not-wide no-wide-width-height style1-hover c_to_c\" style=\"margin-bottom: 10px;\"><div class=\"element-inner\" style=\"margin-left: 10px;\"><a href=\"https:\/\/lps-photography.de\/wp-content\/uploads\/2023\/01\/Hochzeits-fotograf-Mallorca-Sera-de-pula-golf-38.jpg\" data-size=\"1600x1067\" data-href=\"https:\/\/lps-photography.de\/wp-content\/uploads\/2023\/01\/Hochzeits-fotograf-Mallorca-Sera-de-pula-golf-38.jpg\" class=\"thumb-wrap\" title=\"Zwei M\u00e4nner in Anz\u00fcgen l\u00e4cheln in die Kamera, in der Hand Gl\u00e4ser mit Ros\u00e9 - einer zeigt den Daumen hoch. Vor einem unscharfen Hintergrund im Freien f\u00e4ngt dieser fr\u00f6hliche Moment perfekt die Stimmung einer Hochzeit auf Mallorca ein.\"><div class=\"flip-wrap\"><div data-aspect-ratio=\"1.5\" style = \"padding-bottom : 66.6875%;;\" class=\"flip-img-wrap none-effect\"><img srcset=\"https:\/\/lps-photography.de\/wp-content\/uploads\/2023\/01\/Hochzeits-fotograf-Mallorca-Sera-de-pula-golf-38.jpg 1600w,  https:\/\/lps-photography.de\/wp-content\/uploads\/2023\/01\/Hochzeits-fotograf-Mallorca-Sera-de-pula-golf-38-300x200.jpg 300w,  https:\/\/lps-photography.de\/wp-content\/uploads\/2023\/01\/Hochzeits-fotograf-Mallorca-Sera-de-pula-golf-38-800x534.jpg 800w,  https:\/\/lps-photography.de\/wp-content\/uploads\/2023\/01\/Hochzeits-fotograf-Mallorca-Sera-de-pula-golf-38-768x512.jpg 768w,  https:\/\/lps-photography.de\/wp-content\/uploads\/2023\/01\/Hochzeits-fotograf-Mallorca-Sera-de-pula-golf-38-1536x1024.jpg 1536w,  https:\/\/lps-photography.de\/wp-content\/uploads\/2023\/01\/Hochzeits-fotograf-Mallorca-Sera-de-pula-golf-38-75x50.jpg 75w,  https:\/\/lps-photography.de\/wp-content\/uploads\/2023\/01\/Hochzeits-fotograf-Mallorca-Sera-de-pula-golf-38-650x433.jpg 650w,  https:\/\/lps-photography.de\/wp-content\/uploads\/2023\/01\/Hochzeits-fotograf-Mallorca-Sera-de-pula-golf-38-1000x667.jpg 1000w,  https:\/\/lps-photography.de\/wp-content\/uploads\/2023\/01\/Hochzeits-fotograf-Mallorca-Sera-de-pula-golf-38-50x33.jpg 50w\" alt=\"Zwei M\u00e4nner in Anz\u00fcgen l\u00e4cheln in die Kamera, in der Hand Gl\u00e4ser mit Ros\u00e9 - einer zeigt den Daumen hoch. Vor einem unscharfen Hintergrund im Freien f\u00e4ngt dieser fr\u00f6hliche Moment perfekt die Stimmung einer Hochzeit auf Mallorca ein.\" data-attr=\"1\" data-id=\"17136\"\/><\/div><\/div><div class=\"thumb-overlay\"><div class=\"thumb-bg\" style=\"background-color:rgba(255,255,255,0);background:rgba(255,255,255,0)\"><div class=\"thumb-title-wrap display-table-cell vertical-align-middle align-center fadeIn animated\"><div class=\"thumb-title\" style=\"color:rgba(255,255,255,0);\"><i class=\"portfolio-overlay-icon\"><\/i><\/div><\/div><\/div><\/div><\/a><\/div><\/div><div class=\"element be-hoverlay not-wide no-wide-width-height style1-hover c_to_c\" style=\"margin-bottom: 10px;\"><div class=\"element-inner\" style=\"margin-left: 10px;\"><a href=\"https:\/\/lps-photography.de\/wp-content\/uploads\/2023\/01\/Hochzeits-fotograf-Mallorca-Sera-de-pula-golf-39.jpg\" data-size=\"1067x1600\" data-href=\"https:\/\/lps-photography.de\/wp-content\/uploads\/2023\/01\/Hochzeits-fotograf-Mallorca-Sera-de-pula-golf-39.jpg\" class=\"thumb-wrap\" title=\"Ein langer Esstisch im Freien mit wei\u00dfer Tischdecke, eleganten Gedecken und gr\u00fcner Girlande als Mittelst\u00fcck, perfekt f\u00fcr eine Hochzeit auf Mallorca - wundersch\u00f6n eingefangen von Ihrem Hochzeitsfotograf Mallorca in einem rustikalen Innenhof mit Lichterketten \u00fcber dem Kopf.\"><div class=\"flip-wrap\"><div data-aspect-ratio=\"0.67\" style = \"padding-bottom : 149.95313964386%;;\" class=\"flip-img-wrap none-effect\"><img srcset=\"https:\/\/lps-photography.de\/wp-content\/uploads\/2023\/01\/Hochzeits-fotograf-Mallorca-Sera-de-pula-golf-39.jpg 1067w,  https:\/\/lps-photography.de\/wp-content\/uploads\/2023\/01\/Hochzeits-fotograf-Mallorca-Sera-de-pula-golf-39-200x300.jpg 200w,  https:\/\/lps-photography.de\/wp-content\/uploads\/2023\/01\/Hochzeits-fotograf-Mallorca-Sera-de-pula-golf-39-683x1024.jpg 683w,  https:\/\/lps-photography.de\/wp-content\/uploads\/2023\/01\/Hochzeits-fotograf-Mallorca-Sera-de-pula-golf-39-768x1152.jpg 768w,  https:\/\/lps-photography.de\/wp-content\/uploads\/2023\/01\/Hochzeits-fotograf-Mallorca-Sera-de-pula-golf-39-1024x1536.jpg 1024w,  https:\/\/lps-photography.de\/wp-content\/uploads\/2023\/01\/Hochzeits-fotograf-Mallorca-Sera-de-pula-golf-39-33x50.jpg 33w,  https:\/\/lps-photography.de\/wp-content\/uploads\/2023\/01\/Hochzeits-fotograf-Mallorca-Sera-de-pula-golf-39-650x975.jpg 650w,  https:\/\/lps-photography.de\/wp-content\/uploads\/2023\/01\/Hochzeits-fotograf-Mallorca-Sera-de-pula-golf-39-1000x1500.jpg 1000w,  https:\/\/lps-photography.de\/wp-content\/uploads\/2023\/01\/Hochzeits-fotograf-Mallorca-Sera-de-pula-golf-39-50x75.jpg 50w\" alt=\"Ein langer Esstisch im Freien mit wei\u00dfer Tischdecke, eleganten Gedecken und gr\u00fcner Girlande als Mittelst\u00fcck, perfekt f\u00fcr eine Hochzeit auf Mallorca - wundersch\u00f6n eingefangen von Ihrem Hochzeitsfotograf Mallorca in einem rustikalen Innenhof mit Lichterketten \u00fcber dem Kopf.\" data-attr=\"1\" data-id=\"17137\"\/><\/div><\/div><div class=\"thumb-overlay\"><div class=\"thumb-bg\" style=\"background-color:rgba(255,255,255,0);background:rgba(255,255,255,0)\"><div class=\"thumb-title-wrap display-table-cell vertical-align-middle align-center fadeIn animated\"><div class=\"thumb-title\" style=\"color:rgba(255,255,255,0);\"><i class=\"portfolio-overlay-icon\"><\/i><\/div><\/div><\/div><\/div><\/a><\/div><\/div><div class=\"element be-hoverlay not-wide no-wide-width-height style1-hover c_to_c\" style=\"margin-bottom: 10px;\"><div class=\"element-inner\" style=\"margin-left: 10px;\"><a href=\"https:\/\/lps-photography.de\/wp-content\/uploads\/2023\/01\/Hochzeits-fotograf-Mallorca-Sera-de-pula-golf-40.jpg\" data-size=\"1600x1067\" data-href=\"https:\/\/lps-photography.de\/wp-content\/uploads\/2023\/01\/Hochzeits-fotograf-Mallorca-Sera-de-pula-golf-40.jpg\" class=\"thumb-wrap\" title=\"Eine Nahaufnahme eines elegant gedeckten Tisches mit gewebten Tischsets, Gl\u00e4sern im Vintage-Stil und gr\u00fcnem Laub mit wei\u00dfen Blumen als Tafelaufsatz - die perfekte Inspiration f\u00fcr eine Hochzeit auf Mallorca, die rustikale Romantik einf\u00e4ngt.\"><div class=\"flip-wrap\"><div data-aspect-ratio=\"1.5\" style = \"padding-bottom : 66.6875%;;\" class=\"flip-img-wrap none-effect\"><img srcset=\"https:\/\/lps-photography.de\/wp-content\/uploads\/2023\/01\/Hochzeits-fotograf-Mallorca-Sera-de-pula-golf-40.jpg 1600w,  https:\/\/lps-photography.de\/wp-content\/uploads\/2023\/01\/Hochzeits-fotograf-Mallorca-Sera-de-pula-golf-40-300x200.jpg 300w,  https:\/\/lps-photography.de\/wp-content\/uploads\/2023\/01\/Hochzeits-fotograf-Mallorca-Sera-de-pula-golf-40-800x534.jpg 800w,  https:\/\/lps-photography.de\/wp-content\/uploads\/2023\/01\/Hochzeits-fotograf-Mallorca-Sera-de-pula-golf-40-768x512.jpg 768w,  https:\/\/lps-photography.de\/wp-content\/uploads\/2023\/01\/Hochzeits-fotograf-Mallorca-Sera-de-pula-golf-40-1536x1024.jpg 1536w,  https:\/\/lps-photography.de\/wp-content\/uploads\/2023\/01\/Hochzeits-fotograf-Mallorca-Sera-de-pula-golf-40-75x50.jpg 75w,  https:\/\/lps-photography.de\/wp-content\/uploads\/2023\/01\/Hochzeits-fotograf-Mallorca-Sera-de-pula-golf-40-650x433.jpg 650w,  https:\/\/lps-photography.de\/wp-content\/uploads\/2023\/01\/Hochzeits-fotograf-Mallorca-Sera-de-pula-golf-40-1000x667.jpg 1000w,  https:\/\/lps-photography.de\/wp-content\/uploads\/2023\/01\/Hochzeits-fotograf-Mallorca-Sera-de-pula-golf-40-50x33.jpg 50w\" alt=\"Eine Nahaufnahme eines elegant gedeckten Tisches mit gewebten Tischsets, Gl\u00e4sern im Vintage-Stil und gr\u00fcnem Laub mit wei\u00dfen Blumen als Tafelaufsatz - die perfekte Inspiration f\u00fcr eine Hochzeit auf Mallorca, die rustikale Romantik einf\u00e4ngt.\" data-attr=\"1\" data-id=\"17138\"\/><\/div><\/div><div class=\"thumb-overlay\"><div class=\"thumb-bg\" style=\"background-color:rgba(255,255,255,0);background:rgba(255,255,255,0)\"><div class=\"thumb-title-wrap display-table-cell vertical-align-middle align-center fadeIn animated\"><div class=\"thumb-title\" style=\"color:rgba(255,255,255,0);\"><i class=\"portfolio-overlay-icon\"><\/i><\/div><\/div><\/div><\/div><\/a><\/div><\/div><div class=\"element be-hoverlay not-wide no-wide-width-height style1-hover c_to_c\" style=\"margin-bottom: 10px;\"><div class=\"element-inner\" style=\"margin-left: 10px;\"><a href=\"https:\/\/lps-photography.de\/wp-content\/uploads\/2023\/01\/Hochzeits-fotograf-Mallorca-Sera-de-pula-golf-41.jpg\" data-size=\"1600x1067\" data-href=\"https:\/\/lps-photography.de\/wp-content\/uploads\/2023\/01\/Hochzeits-fotograf-Mallorca-Sera-de-pula-golf-41.jpg\" class=\"thumb-wrap\" title=\"Ein Tisch im Freien ist elegant mit Gl\u00e4sern, wei\u00dfem Leinen und Gr\u00fcnzeug gedeckt, umgeben von Holzst\u00fchlen. Im Hintergrund bilden ein rustikales Geb\u00e4ude und ein Holzschild die perfekte Kulisse f\u00fcr eine Hochzeit auf Mallorca.\"><div class=\"flip-wrap\"><div data-aspect-ratio=\"1.5\" style = \"padding-bottom : 66.6875%;;\" class=\"flip-img-wrap none-effect\"><img srcset=\"https:\/\/lps-photography.de\/wp-content\/uploads\/2023\/01\/Hochzeits-fotograf-Mallorca-Sera-de-pula-golf-41.jpg 1600w,  https:\/\/lps-photography.de\/wp-content\/uploads\/2023\/01\/Hochzeits-fotograf-Mallorca-Sera-de-pula-golf-41-300x200.jpg 300w,  https:\/\/lps-photography.de\/wp-content\/uploads\/2023\/01\/Hochzeits-fotograf-Mallorca-Sera-de-pula-golf-41-800x534.jpg 800w,  https:\/\/lps-photography.de\/wp-content\/uploads\/2023\/01\/Hochzeits-fotograf-Mallorca-Sera-de-pula-golf-41-768x512.jpg 768w,  https:\/\/lps-photography.de\/wp-content\/uploads\/2023\/01\/Hochzeits-fotograf-Mallorca-Sera-de-pula-golf-41-1536x1024.jpg 1536w,  https:\/\/lps-photography.de\/wp-content\/uploads\/2023\/01\/Hochzeits-fotograf-Mallorca-Sera-de-pula-golf-41-75x50.jpg 75w,  https:\/\/lps-photography.de\/wp-content\/uploads\/2023\/01\/Hochzeits-fotograf-Mallorca-Sera-de-pula-golf-41-650x433.jpg 650w,  https:\/\/lps-photography.de\/wp-content\/uploads\/2023\/01\/Hochzeits-fotograf-Mallorca-Sera-de-pula-golf-41-1000x667.jpg 1000w,  https:\/\/lps-photography.de\/wp-content\/uploads\/2023\/01\/Hochzeits-fotograf-Mallorca-Sera-de-pula-golf-41-50x33.jpg 50w\" alt=\"Ein Tisch im Freien ist elegant mit Gl\u00e4sern, wei\u00dfem Leinen und Gr\u00fcnzeug gedeckt, umgeben von Holzst\u00fchlen. Im Hintergrund bilden ein rustikales Geb\u00e4ude und ein Holzschild die perfekte Kulisse f\u00fcr eine Hochzeit auf Mallorca.\" data-attr=\"1\" data-id=\"17139\"\/><\/div><\/div><div class=\"thumb-overlay\"><div class=\"thumb-bg\" style=\"background-color:rgba(255,255,255,0);background:rgba(255,255,255,0)\"><div class=\"thumb-title-wrap display-table-cell vertical-align-middle align-center fadeIn animated\"><div class=\"thumb-title\" style=\"color:rgba(255,255,255,0);\"><i class=\"portfolio-overlay-icon\"><\/i><\/div><\/div><\/div><\/div><\/a><\/div><\/div><div class=\"element be-hoverlay not-wide no-wide-width-height style1-hover c_to_c\" style=\"margin-bottom: 10px;\"><div class=\"element-inner\" style=\"margin-left: 10px;\"><a href=\"https:\/\/lps-photography.de\/wp-content\/uploads\/2023\/01\/Hochzeits-fotograf-Mallorca-Sera-de-pula-golf-42.jpg\" data-size=\"1600x1067\" data-href=\"https:\/\/lps-photography.de\/wp-content\/uploads\/2023\/01\/Hochzeits-fotograf-Mallorca-Sera-de-pula-golf-42.jpg\" class=\"thumb-wrap\" title=\"Eine Gruppe gut gekleideter Menschen versammelt sich um einen hohen Tisch im Freien unter einem gro\u00dfen wei\u00dfen Sonnenschirm, lacht und plaudert bei einer sonnigen Hochzeit auf Mallorca. Weingl\u00e4ser und Teller stehen auf dem Tisch; im Hintergrund sind verschwommene Fahnen und Gr\u00fcnpflanzen zu sehen.\"><div class=\"flip-wrap\"><div data-aspect-ratio=\"1.5\" style = \"padding-bottom : 66.6875%;;\" class=\"flip-img-wrap none-effect\"><img srcset=\"https:\/\/lps-photography.de\/wp-content\/uploads\/2023\/01\/Hochzeits-fotograf-Mallorca-Sera-de-pula-golf-42.jpg 1600w,  https:\/\/lps-photography.de\/wp-content\/uploads\/2023\/01\/Hochzeits-fotograf-Mallorca-Sera-de-pula-golf-42-300x200.jpg 300w,  https:\/\/lps-photography.de\/wp-content\/uploads\/2023\/01\/Hochzeits-fotograf-Mallorca-Sera-de-pula-golf-42-800x534.jpg 800w,  https:\/\/lps-photography.de\/wp-content\/uploads\/2023\/01\/Hochzeits-fotograf-Mallorca-Sera-de-pula-golf-42-768x512.jpg 768w,  https:\/\/lps-photography.de\/wp-content\/uploads\/2023\/01\/Hochzeits-fotograf-Mallorca-Sera-de-pula-golf-42-1536x1024.jpg 1536w,  https:\/\/lps-photography.de\/wp-content\/uploads\/2023\/01\/Hochzeits-fotograf-Mallorca-Sera-de-pula-golf-42-75x50.jpg 75w,  https:\/\/lps-photography.de\/wp-content\/uploads\/2023\/01\/Hochzeits-fotograf-Mallorca-Sera-de-pula-golf-42-650x433.jpg 650w,  https:\/\/lps-photography.de\/wp-content\/uploads\/2023\/01\/Hochzeits-fotograf-Mallorca-Sera-de-pula-golf-42-1000x667.jpg 1000w,  https:\/\/lps-photography.de\/wp-content\/uploads\/2023\/01\/Hochzeits-fotograf-Mallorca-Sera-de-pula-golf-42-50x33.jpg 50w\" alt=\"Eine Gruppe gut gekleideter Menschen versammelt sich um einen hohen Tisch im Freien unter einem gro\u00dfen wei\u00dfen Sonnenschirm, lacht und plaudert bei einer sonnigen Hochzeit auf Mallorca. Weingl\u00e4ser und Teller stehen auf dem Tisch; im Hintergrund sind verschwommene Fahnen und Gr\u00fcnpflanzen zu sehen.\" data-attr=\"1\" data-id=\"17140\"\/><\/div><\/div><div class=\"thumb-overlay\"><div class=\"thumb-bg\" style=\"background-color:rgba(255,255,255,0);background:rgba(255,255,255,0)\"><div class=\"thumb-title-wrap display-table-cell vertical-align-middle align-center fadeIn animated\"><div class=\"thumb-title\" style=\"color:rgba(255,255,255,0);\"><i class=\"portfolio-overlay-icon\"><\/i><\/div><\/div><\/div><\/div><\/a><\/div><\/div><div class=\"element be-hoverlay not-wide no-wide-width-height style1-hover c_to_c\" style=\"margin-bottom: 10px;\"><div class=\"element-inner\" style=\"margin-left: 10px;\"><a href=\"https:\/\/lps-photography.de\/wp-content\/uploads\/2023\/01\/Hochzeits-fotograf-Mallorca-Sera-de-pula-golf-43.jpg\" data-size=\"1600x1067\" data-href=\"https:\/\/lps-photography.de\/wp-content\/uploads\/2023\/01\/Hochzeits-fotograf-Mallorca-Sera-de-pula-golf-43.jpg\" class=\"thumb-wrap\" title=\"Zwei Frauen in farbenfrohen, skurrilen H\u00fcten und Kleidern lachen zusammen auf einer Hochzeit auf Mallorca und genie\u00dfen einen Fotoautomaten im Freien, w\u00e4hrend andere G\u00e4ste und B\u00e4ume den festlichen Hintergrund f\u00fcllen.\"><div class=\"flip-wrap\"><div data-aspect-ratio=\"1.5\" style = \"padding-bottom : 66.6875%;;\" class=\"flip-img-wrap none-effect\"><img srcset=\"https:\/\/lps-photography.de\/wp-content\/uploads\/2023\/01\/Hochzeits-fotograf-Mallorca-Sera-de-pula-golf-43.jpg 1600w,  https:\/\/lps-photography.de\/wp-content\/uploads\/2023\/01\/Hochzeits-fotograf-Mallorca-Sera-de-pula-golf-43-300x200.jpg 300w,  https:\/\/lps-photography.de\/wp-content\/uploads\/2023\/01\/Hochzeits-fotograf-Mallorca-Sera-de-pula-golf-43-800x534.jpg 800w,  https:\/\/lps-photography.de\/wp-content\/uploads\/2023\/01\/Hochzeits-fotograf-Mallorca-Sera-de-pula-golf-43-768x512.jpg 768w,  https:\/\/lps-photography.de\/wp-content\/uploads\/2023\/01\/Hochzeits-fotograf-Mallorca-Sera-de-pula-golf-43-1536x1024.jpg 1536w,  https:\/\/lps-photography.de\/wp-content\/uploads\/2023\/01\/Hochzeits-fotograf-Mallorca-Sera-de-pula-golf-43-75x50.jpg 75w,  https:\/\/lps-photography.de\/wp-content\/uploads\/2023\/01\/Hochzeits-fotograf-Mallorca-Sera-de-pula-golf-43-650x433.jpg 650w,  https:\/\/lps-photography.de\/wp-content\/uploads\/2023\/01\/Hochzeits-fotograf-Mallorca-Sera-de-pula-golf-43-1000x667.jpg 1000w,  https:\/\/lps-photography.de\/wp-content\/uploads\/2023\/01\/Hochzeits-fotograf-Mallorca-Sera-de-pula-golf-43-50x33.jpg 50w\" alt=\"Zwei Frauen in farbenfrohen, skurrilen H\u00fcten und Kleidern lachen zusammen auf einer Hochzeit auf Mallorca und genie\u00dfen einen Fotoautomaten im Freien, w\u00e4hrend andere G\u00e4ste und B\u00e4ume den festlichen Hintergrund f\u00fcllen.\" data-attr=\"1\" data-id=\"17141\"\/><\/div><\/div><div class=\"thumb-overlay\"><div class=\"thumb-bg\" style=\"background-color:rgba(255,255,255,0);background:rgba(255,255,255,0)\"><div class=\"thumb-title-wrap display-table-cell vertical-align-middle align-center fadeIn animated\"><div class=\"thumb-title\" style=\"color:rgba(255,255,255,0);\"><i class=\"portfolio-overlay-icon\"><\/i><\/div><\/div><\/div><\/div><\/a><\/div><\/div><div class=\"element be-hoverlay not-wide no-wide-width-height style1-hover c_to_c\" style=\"margin-bottom: 10px;\"><div class=\"element-inner\" style=\"margin-left: 10px;\"><a href=\"https:\/\/lps-photography.de\/wp-content\/uploads\/2023\/01\/Hochzeits-fotograf-Mallorca-Sera-de-pula-golf-44.jpg\" data-size=\"1600x1067\" data-href=\"https:\/\/lps-photography.de\/wp-content\/uploads\/2023\/01\/Hochzeits-fotograf-Mallorca-Sera-de-pula-golf-44.jpg\" class=\"thumb-wrap\" title=\"Vier Personen posieren und l\u00e4cheln auf einer Hochzeit auf Mallorca. Die Braut in einem wei\u00dfen Kleid und drei G\u00e4ste - zwei M\u00e4nner in Abendgarderobe und eine Frau in einem roten Kleid - stehen dicht beieinander unter gro\u00dfen Sonnenschirmen.\"><div class=\"flip-wrap\"><div data-aspect-ratio=\"1.5\" style = \"padding-bottom : 66.6875%;;\" class=\"flip-img-wrap none-effect\"><img srcset=\"https:\/\/lps-photography.de\/wp-content\/uploads\/2023\/01\/Hochzeits-fotograf-Mallorca-Sera-de-pula-golf-44.jpg 1600w,  https:\/\/lps-photography.de\/wp-content\/uploads\/2023\/01\/Hochzeits-fotograf-Mallorca-Sera-de-pula-golf-44-300x200.jpg 300w,  https:\/\/lps-photography.de\/wp-content\/uploads\/2023\/01\/Hochzeits-fotograf-Mallorca-Sera-de-pula-golf-44-800x534.jpg 800w,  https:\/\/lps-photography.de\/wp-content\/uploads\/2023\/01\/Hochzeits-fotograf-Mallorca-Sera-de-pula-golf-44-768x512.jpg 768w,  https:\/\/lps-photography.de\/wp-content\/uploads\/2023\/01\/Hochzeits-fotograf-Mallorca-Sera-de-pula-golf-44-1536x1024.jpg 1536w,  https:\/\/lps-photography.de\/wp-content\/uploads\/2023\/01\/Hochzeits-fotograf-Mallorca-Sera-de-pula-golf-44-75x50.jpg 75w,  https:\/\/lps-photography.de\/wp-content\/uploads\/2023\/01\/Hochzeits-fotograf-Mallorca-Sera-de-pula-golf-44-650x433.jpg 650w,  https:\/\/lps-photography.de\/wp-content\/uploads\/2023\/01\/Hochzeits-fotograf-Mallorca-Sera-de-pula-golf-44-1000x667.jpg 1000w,  https:\/\/lps-photography.de\/wp-content\/uploads\/2023\/01\/Hochzeits-fotograf-Mallorca-Sera-de-pula-golf-44-50x33.jpg 50w\" alt=\"Vier Personen posieren und l\u00e4cheln auf einer Hochzeit auf Mallorca. Die Braut in einem wei\u00dfen Kleid und drei G\u00e4ste - zwei M\u00e4nner in Abendgarderobe und eine Frau in einem roten Kleid - stehen dicht beieinander unter gro\u00dfen Sonnenschirmen.\" data-attr=\"1\" data-id=\"17142\"\/><\/div><\/div><div class=\"thumb-overlay\"><div class=\"thumb-bg\" style=\"background-color:rgba(255,255,255,0);background:rgba(255,255,255,0)\"><div class=\"thumb-title-wrap display-table-cell vertical-align-middle align-center fadeIn animated\"><div class=\"thumb-title\" style=\"color:rgba(255,255,255,0);\"><i class=\"portfolio-overlay-icon\"><\/i><\/div><\/div><\/div><\/div><\/a><\/div><\/div><div class=\"element be-hoverlay not-wide no-wide-width-height style1-hover c_to_c\" style=\"margin-bottom: 10px;\"><div class=\"element-inner\" style=\"margin-left: 10px;\"><a href=\"https:\/\/lps-photography.de\/wp-content\/uploads\/2023\/01\/Hochzeits-fotograf-Mallorca-Sera-de-pula-golf-45.jpg\" data-size=\"1600x1067\" data-href=\"https:\/\/lps-photography.de\/wp-content\/uploads\/2023\/01\/Hochzeits-fotograf-Mallorca-Sera-de-pula-golf-45.jpg\" class=\"thumb-wrap\" title=\"Ein \u00e4lterer Mann und eine \u00e4ltere Frau tanzen auf einer Gartenparty auf Mallorca unter Sonnenschirmen, w\u00e4hrend ein Hochzeitsfotograf Mallorca fr\u00f6hliche Momente einf\u00e4ngt, in denen sich die G\u00e4ste unterhalten und Fotos in festlicher Atmosph\u00e4re machen.\"><div class=\"flip-wrap\"><div data-aspect-ratio=\"1.5\" style = \"padding-bottom : 66.6875%;;\" class=\"flip-img-wrap none-effect\"><img srcset=\"https:\/\/lps-photography.de\/wp-content\/uploads\/2023\/01\/Hochzeits-fotograf-Mallorca-Sera-de-pula-golf-45.jpg 1600w,  https:\/\/lps-photography.de\/wp-content\/uploads\/2023\/01\/Hochzeits-fotograf-Mallorca-Sera-de-pula-golf-45-300x200.jpg 300w,  https:\/\/lps-photography.de\/wp-content\/uploads\/2023\/01\/Hochzeits-fotograf-Mallorca-Sera-de-pula-golf-45-800x534.jpg 800w,  https:\/\/lps-photography.de\/wp-content\/uploads\/2023\/01\/Hochzeits-fotograf-Mallorca-Sera-de-pula-golf-45-768x512.jpg 768w,  https:\/\/lps-photography.de\/wp-content\/uploads\/2023\/01\/Hochzeits-fotograf-Mallorca-Sera-de-pula-golf-45-1536x1024.jpg 1536w,  https:\/\/lps-photography.de\/wp-content\/uploads\/2023\/01\/Hochzeits-fotograf-Mallorca-Sera-de-pula-golf-45-75x50.jpg 75w,  https:\/\/lps-photography.de\/wp-content\/uploads\/2023\/01\/Hochzeits-fotograf-Mallorca-Sera-de-pula-golf-45-650x433.jpg 650w,  https:\/\/lps-photography.de\/wp-content\/uploads\/2023\/01\/Hochzeits-fotograf-Mallorca-Sera-de-pula-golf-45-1000x667.jpg 1000w,  https:\/\/lps-photography.de\/wp-content\/uploads\/2023\/01\/Hochzeits-fotograf-Mallorca-Sera-de-pula-golf-45-50x33.jpg 50w\" alt=\"Ein \u00e4lterer Mann und eine \u00e4ltere Frau tanzen auf einer Gartenparty auf Mallorca unter Sonnenschirmen, w\u00e4hrend ein Hochzeitsfotograf Mallorca fr\u00f6hliche Momente einf\u00e4ngt, in denen sich die G\u00e4ste unterhalten und Fotos in festlicher Atmosph\u00e4re machen.\" data-attr=\"1\" data-id=\"17143\"\/><\/div><\/div><div class=\"thumb-overlay\"><div class=\"thumb-bg\" style=\"background-color:rgba(255,255,255,0);background:rgba(255,255,255,0)\"><div class=\"thumb-title-wrap display-table-cell vertical-align-middle align-center fadeIn animated\"><div class=\"thumb-title\" style=\"color:rgba(255,255,255,0);\"><i class=\"portfolio-overlay-icon\"><\/i><\/div><\/div><\/div><\/div><\/a><\/div><\/div><div class=\"element be-hoverlay not-wide no-wide-width-height style1-hover c_to_c\" style=\"margin-bottom: 10px;\"><div class=\"element-inner\" style=\"margin-left: 10px;\"><a href=\"https:\/\/lps-photography.de\/wp-content\/uploads\/2023\/01\/Hochzeits-fotograf-Mallorca-Sera-de-pula-golf-46.jpg\" data-size=\"1067x1600\" data-href=\"https:\/\/lps-photography.de\/wp-content\/uploads\/2023\/01\/Hochzeits-fotograf-Mallorca-Sera-de-pula-golf-46.jpg\" class=\"thumb-wrap\" title=\"Ein junges M\u00e4dchen in einem wei\u00dfen Kleid und Sandalen steht auf einem Weg und h\u00e4lt einen wei\u00dfen Sonnenschirm \u00fcber ihren Kopf, perfekt f\u00fcr eine Hochzeit auf Mallorca, mit \u00fcppigem Gr\u00fcn und verschwommenen B\u00e4umen, die den vertr\u00e4umten Hintergrund bilden.\"><div class=\"flip-wrap\"><div data-aspect-ratio=\"0.67\" style = \"padding-bottom : 149.95313964386%;;\" class=\"flip-img-wrap none-effect\"><img srcset=\"https:\/\/lps-photography.de\/wp-content\/uploads\/2023\/01\/Hochzeits-fotograf-Mallorca-Sera-de-pula-golf-46.jpg 1067w,  https:\/\/lps-photography.de\/wp-content\/uploads\/2023\/01\/Hochzeits-fotograf-Mallorca-Sera-de-pula-golf-46-200x300.jpg 200w,  https:\/\/lps-photography.de\/wp-content\/uploads\/2023\/01\/Hochzeits-fotograf-Mallorca-Sera-de-pula-golf-46-683x1024.jpg 683w,  https:\/\/lps-photography.de\/wp-content\/uploads\/2023\/01\/Hochzeits-fotograf-Mallorca-Sera-de-pula-golf-46-768x1152.jpg 768w,  https:\/\/lps-photography.de\/wp-content\/uploads\/2023\/01\/Hochzeits-fotograf-Mallorca-Sera-de-pula-golf-46-1024x1536.jpg 1024w,  https:\/\/lps-photography.de\/wp-content\/uploads\/2023\/01\/Hochzeits-fotograf-Mallorca-Sera-de-pula-golf-46-33x50.jpg 33w,  https:\/\/lps-photography.de\/wp-content\/uploads\/2023\/01\/Hochzeits-fotograf-Mallorca-Sera-de-pula-golf-46-650x975.jpg 650w,  https:\/\/lps-photography.de\/wp-content\/uploads\/2023\/01\/Hochzeits-fotograf-Mallorca-Sera-de-pula-golf-46-1000x1500.jpg 1000w,  https:\/\/lps-photography.de\/wp-content\/uploads\/2023\/01\/Hochzeits-fotograf-Mallorca-Sera-de-pula-golf-46-50x75.jpg 50w\" alt=\"Ein junges M\u00e4dchen in einem wei\u00dfen Kleid und Sandalen steht auf einem Weg und h\u00e4lt einen wei\u00dfen Sonnenschirm \u00fcber ihren Kopf, perfekt f\u00fcr eine Hochzeit auf Mallorca, mit \u00fcppigem Gr\u00fcn und verschwommenen B\u00e4umen, die den vertr\u00e4umten Hintergrund bilden.\" data-attr=\"1\" data-id=\"17144\"\/><\/div><\/div><div class=\"thumb-overlay\"><div class=\"thumb-bg\" style=\"background-color:rgba(255,255,255,0);background:rgba(255,255,255,0)\"><div class=\"thumb-title-wrap display-table-cell vertical-align-middle align-center fadeIn animated\"><div class=\"thumb-title\" style=\"color:rgba(255,255,255,0);\"><i class=\"portfolio-overlay-icon\"><\/i><\/div><\/div><\/div><\/div><\/a><\/div><\/div><div class=\"element be-hoverlay not-wide no-wide-width-height style1-hover c_to_c\" style=\"margin-bottom: 10px;\"><div class=\"element-inner\" style=\"margin-left: 10px;\"><a href=\"https:\/\/lps-photography.de\/wp-content\/uploads\/2023\/01\/Hochzeits-fotograf-Mallorca-Sera-de-pula-golf-47.jpg\" data-size=\"1600x1067\" data-href=\"https:\/\/lps-photography.de\/wp-content\/uploads\/2023\/01\/Hochzeits-fotograf-Mallorca-Sera-de-pula-golf-47.jpg\" class=\"thumb-wrap\" title=\"Eine Frau in einem gr\u00fcnen Kleid kniet auf einem Weg, h\u00e4lt ein Weinglas in der Hand und zeigt ihr Handy einem jungen M\u00e4dchen in Wei\u00df mit einem Sonnenschirm. Drau\u00dfen auf der Wiese f\u00e4ngt es die Freude einer Hochzeit auf Mallorca ein - perfekt f\u00fcr jeden Hochzeitsfotograf Mallorca.\"><div class=\"flip-wrap\"><div data-aspect-ratio=\"1.5\" style = \"padding-bottom : 66.6875%;;\" class=\"flip-img-wrap none-effect\"><img srcset=\"https:\/\/lps-photography.de\/wp-content\/uploads\/2023\/01\/Hochzeits-fotograf-Mallorca-Sera-de-pula-golf-47.jpg 1600w,  https:\/\/lps-photography.de\/wp-content\/uploads\/2023\/01\/Hochzeits-fotograf-Mallorca-Sera-de-pula-golf-47-300x200.jpg 300w,  https:\/\/lps-photography.de\/wp-content\/uploads\/2023\/01\/Hochzeits-fotograf-Mallorca-Sera-de-pula-golf-47-800x534.jpg 800w,  https:\/\/lps-photography.de\/wp-content\/uploads\/2023\/01\/Hochzeits-fotograf-Mallorca-Sera-de-pula-golf-47-768x512.jpg 768w,  https:\/\/lps-photography.de\/wp-content\/uploads\/2023\/01\/Hochzeits-fotograf-Mallorca-Sera-de-pula-golf-47-1536x1024.jpg 1536w,  https:\/\/lps-photography.de\/wp-content\/uploads\/2023\/01\/Hochzeits-fotograf-Mallorca-Sera-de-pula-golf-47-75x50.jpg 75w,  https:\/\/lps-photography.de\/wp-content\/uploads\/2023\/01\/Hochzeits-fotograf-Mallorca-Sera-de-pula-golf-47-650x433.jpg 650w,  https:\/\/lps-photography.de\/wp-content\/uploads\/2023\/01\/Hochzeits-fotograf-Mallorca-Sera-de-pula-golf-47-1000x667.jpg 1000w,  https:\/\/lps-photography.de\/wp-content\/uploads\/2023\/01\/Hochzeits-fotograf-Mallorca-Sera-de-pula-golf-47-50x33.jpg 50w\" alt=\"Eine Frau in einem gr\u00fcnen Kleid kniet auf einem Weg, h\u00e4lt ein Weinglas in der Hand und zeigt ihr Handy einem jungen M\u00e4dchen in Wei\u00df mit einem Sonnenschirm. Drau\u00dfen auf der Wiese f\u00e4ngt es die Freude einer Hochzeit auf Mallorca ein - perfekt f\u00fcr jeden Hochzeitsfotograf Mallorca.\" data-attr=\"1\" data-id=\"17145\"\/><\/div><\/div><div class=\"thumb-overlay\"><div class=\"thumb-bg\" style=\"background-color:rgba(255,255,255,0);background:rgba(255,255,255,0)\"><div class=\"thumb-title-wrap display-table-cell vertical-align-middle align-center fadeIn animated\"><div class=\"thumb-title\" style=\"color:rgba(255,255,255,0);\"><i class=\"portfolio-overlay-icon\"><\/i><\/div><\/div><\/div><\/div><\/a><\/div><\/div><div class=\"element be-hoverlay not-wide no-wide-width-height style1-hover c_to_c\" style=\"margin-bottom: 10px;\"><div class=\"element-inner\" style=\"margin-left: 10px;\"><a href=\"https:\/\/lps-photography.de\/wp-content\/uploads\/2023\/01\/Hochzeits-fotograf-Mallorca-Sera-de-pula-golf-48.jpg\" data-size=\"1600x1067\" data-href=\"https:\/\/lps-photography.de\/wp-content\/uploads\/2023\/01\/Hochzeits-fotograf-Mallorca-Sera-de-pula-golf-48.jpg\" class=\"thumb-wrap\" title=\"Ein \u00e4lteres Ehepaar tanzt auf einer Hochzeit auf Mallorca im Freien unter gro\u00dfen Sonnenschirmen, w\u00e4hrend andere G\u00e4ste sich unterhalten und im Hintergrund mit Blick auf die malerische H\u00fcgellandschaft Getr\u00e4nke genie\u00dfen.\"><div class=\"flip-wrap\"><div data-aspect-ratio=\"1.5\" style = \"padding-bottom : 66.6875%;;\" class=\"flip-img-wrap none-effect\"><img srcset=\"https:\/\/lps-photography.de\/wp-content\/uploads\/2023\/01\/Hochzeits-fotograf-Mallorca-Sera-de-pula-golf-48.jpg 1600w,  https:\/\/lps-photography.de\/wp-content\/uploads\/2023\/01\/Hochzeits-fotograf-Mallorca-Sera-de-pula-golf-48-300x200.jpg 300w,  https:\/\/lps-photography.de\/wp-content\/uploads\/2023\/01\/Hochzeits-fotograf-Mallorca-Sera-de-pula-golf-48-800x534.jpg 800w,  https:\/\/lps-photography.de\/wp-content\/uploads\/2023\/01\/Hochzeits-fotograf-Mallorca-Sera-de-pula-golf-48-768x512.jpg 768w,  https:\/\/lps-photography.de\/wp-content\/uploads\/2023\/01\/Hochzeits-fotograf-Mallorca-Sera-de-pula-golf-48-1536x1024.jpg 1536w,  https:\/\/lps-photography.de\/wp-content\/uploads\/2023\/01\/Hochzeits-fotograf-Mallorca-Sera-de-pula-golf-48-75x50.jpg 75w,  https:\/\/lps-photography.de\/wp-content\/uploads\/2023\/01\/Hochzeits-fotograf-Mallorca-Sera-de-pula-golf-48-650x433.jpg 650w,  https:\/\/lps-photography.de\/wp-content\/uploads\/2023\/01\/Hochzeits-fotograf-Mallorca-Sera-de-pula-golf-48-1000x667.jpg 1000w,  https:\/\/lps-photography.de\/wp-content\/uploads\/2023\/01\/Hochzeits-fotograf-Mallorca-Sera-de-pula-golf-48-50x33.jpg 50w\" alt=\"Ein \u00e4lteres Ehepaar tanzt auf einer Hochzeit auf Mallorca im Freien unter gro\u00dfen Sonnenschirmen, w\u00e4hrend andere G\u00e4ste sich unterhalten und im Hintergrund mit Blick auf die malerische H\u00fcgellandschaft Getr\u00e4nke genie\u00dfen.\" data-attr=\"1\" data-id=\"17146\"\/><\/div><\/div><div class=\"thumb-overlay\"><div class=\"thumb-bg\" style=\"background-color:rgba(255,255,255,0);background:rgba(255,255,255,0)\"><div class=\"thumb-title-wrap display-table-cell vertical-align-middle align-center fadeIn animated\"><div class=\"thumb-title\" style=\"color:rgba(255,255,255,0);\"><i class=\"portfolio-overlay-icon\"><\/i><\/div><\/div><\/div><\/div><\/a><\/div><\/div><div class=\"element be-hoverlay not-wide no-wide-width-height style1-hover c_to_c\" style=\"margin-bottom: 10px;\"><div class=\"element-inner\" style=\"margin-left: 10px;\"><a href=\"https:\/\/lps-photography.de\/wp-content\/uploads\/2023\/01\/Hochzeits-fotograf-Mallorca-Sera-de-pula-golf-49.jpg\" data-size=\"1067x1600\" data-href=\"https:\/\/lps-photography.de\/wp-content\/uploads\/2023\/01\/Hochzeits-fotograf-Mallorca-Sera-de-pula-golf-49.jpg\" class=\"thumb-wrap\" title=\"Eine Braut in einem flie\u00dfenden wei\u00dfen Kleid und ein Br\u00e4utigam in einem hellen Anzug umarmen sich im Freien bei Sonnenuntergang, mit sanftem Sonnenlicht und Gr\u00fcn im Hintergrund - perfekt eingefangen von einem Hochzeitsfotograf Mallorca.\"><div class=\"flip-wrap\"><div data-aspect-ratio=\"0.67\" style = \"padding-bottom : 149.95313964386%;;\" class=\"flip-img-wrap none-effect\"><img srcset=\"https:\/\/lps-photography.de\/wp-content\/uploads\/2023\/01\/Hochzeits-fotograf-Mallorca-Sera-de-pula-golf-49.jpg 1067w,  https:\/\/lps-photography.de\/wp-content\/uploads\/2023\/01\/Hochzeits-fotograf-Mallorca-Sera-de-pula-golf-49-200x300.jpg 200w,  https:\/\/lps-photography.de\/wp-content\/uploads\/2023\/01\/Hochzeits-fotograf-Mallorca-Sera-de-pula-golf-49-683x1024.jpg 683w,  https:\/\/lps-photography.de\/wp-content\/uploads\/2023\/01\/Hochzeits-fotograf-Mallorca-Sera-de-pula-golf-49-768x1152.jpg 768w,  https:\/\/lps-photography.de\/wp-content\/uploads\/2023\/01\/Hochzeits-fotograf-Mallorca-Sera-de-pula-golf-49-1024x1536.jpg 1024w,  https:\/\/lps-photography.de\/wp-content\/uploads\/2023\/01\/Hochzeits-fotograf-Mallorca-Sera-de-pula-golf-49-33x50.jpg 33w,  https:\/\/lps-photography.de\/wp-content\/uploads\/2023\/01\/Hochzeits-fotograf-Mallorca-Sera-de-pula-golf-49-650x975.jpg 650w,  https:\/\/lps-photography.de\/wp-content\/uploads\/2023\/01\/Hochzeits-fotograf-Mallorca-Sera-de-pula-golf-49-1000x1500.jpg 1000w,  https:\/\/lps-photography.de\/wp-content\/uploads\/2023\/01\/Hochzeits-fotograf-Mallorca-Sera-de-pula-golf-49-50x75.jpg 50w\" alt=\"Eine Braut in einem flie\u00dfenden wei\u00dfen Kleid und ein Br\u00e4utigam in einem hellen Anzug umarmen sich im Freien bei Sonnenuntergang, mit sanftem Sonnenlicht und Gr\u00fcn im Hintergrund - perfekt eingefangen von einem Hochzeitsfotograf Mallorca.\" data-attr=\"1\" data-id=\"17147\"\/><\/div><\/div><div class=\"thumb-overlay\"><div class=\"thumb-bg\" style=\"background-color:rgba(255,255,255,0);background:rgba(255,255,255,0)\"><div class=\"thumb-title-wrap display-table-cell vertical-align-middle align-center fadeIn animated\"><div class=\"thumb-title\" style=\"color:rgba(255,255,255,0);\"><i class=\"portfolio-overlay-icon\"><\/i><\/div><\/div><\/div><\/div><\/a><\/div><\/div><div class=\"element be-hoverlay not-wide no-wide-width-height style1-hover c_to_c\" style=\"margin-bottom: 10px;\"><div class=\"element-inner\" style=\"margin-left: 10px;\"><a href=\"https:\/\/lps-photography.de\/wp-content\/uploads\/2023\/01\/Hochzeits-fotograf-Mallorca-Sera-de-pula-golf-50.jpg\" data-size=\"1600x1067\" data-href=\"https:\/\/lps-photography.de\/wp-content\/uploads\/2023\/01\/Hochzeits-fotograf-Mallorca-Sera-de-pula-golf-50.jpg\" class=\"thumb-wrap\" title=\"Eine Braut und ein Br\u00e4utigam gehen Hand in Hand im Freien bei Sonnenuntergang, l\u00e4chelnd und zufrieden aussehend. Umgeben von \u00fcppigem Gr\u00fcn, ist ihre Hochzeit auf Mallorca wundersch\u00f6n eingefangen - die Braut in Spitze, der Br\u00e4utigam in Beige - von einem talentierten Hochzeitsfotografen Mallorca.\"><div class=\"flip-wrap\"><div data-aspect-ratio=\"1.5\" style = \"padding-bottom : 66.6875%;;\" class=\"flip-img-wrap none-effect\"><img srcset=\"https:\/\/lps-photography.de\/wp-content\/uploads\/2023\/01\/Hochzeits-fotograf-Mallorca-Sera-de-pula-golf-50.jpg 1600w,  https:\/\/lps-photography.de\/wp-content\/uploads\/2023\/01\/Hochzeits-fotograf-Mallorca-Sera-de-pula-golf-50-300x200.jpg 300w,  https:\/\/lps-photography.de\/wp-content\/uploads\/2023\/01\/Hochzeits-fotograf-Mallorca-Sera-de-pula-golf-50-800x534.jpg 800w,  https:\/\/lps-photography.de\/wp-content\/uploads\/2023\/01\/Hochzeits-fotograf-Mallorca-Sera-de-pula-golf-50-768x512.jpg 768w,  https:\/\/lps-photography.de\/wp-content\/uploads\/2023\/01\/Hochzeits-fotograf-Mallorca-Sera-de-pula-golf-50-1536x1024.jpg 1536w,  https:\/\/lps-photography.de\/wp-content\/uploads\/2023\/01\/Hochzeits-fotograf-Mallorca-Sera-de-pula-golf-50-75x50.jpg 75w,  https:\/\/lps-photography.de\/wp-content\/uploads\/2023\/01\/Hochzeits-fotograf-Mallorca-Sera-de-pula-golf-50-650x433.jpg 650w,  https:\/\/lps-photography.de\/wp-content\/uploads\/2023\/01\/Hochzeits-fotograf-Mallorca-Sera-de-pula-golf-50-1000x667.jpg 1000w,  https:\/\/lps-photography.de\/wp-content\/uploads\/2023\/01\/Hochzeits-fotograf-Mallorca-Sera-de-pula-golf-50-50x33.jpg 50w\" alt=\"Eine Braut und ein Br\u00e4utigam gehen Hand in Hand im Freien bei Sonnenuntergang, l\u00e4chelnd und zufrieden aussehend. Umgeben von \u00fcppigem Gr\u00fcn, ist ihre Hochzeit auf Mallorca wundersch\u00f6n eingefangen - die Braut in Spitze, der Br\u00e4utigam in Beige - von einem talentierten Hochzeitsfotografen Mallorca.\" data-attr=\"1\" data-id=\"17148\"\/><\/div><\/div><div class=\"thumb-overlay\"><div class=\"thumb-bg\" style=\"background-color:rgba(255,255,255,0);background:rgba(255,255,255,0)\"><div class=\"thumb-title-wrap display-table-cell vertical-align-middle align-center fadeIn animated\"><div class=\"thumb-title\" style=\"color:rgba(255,255,255,0);\"><i class=\"portfolio-overlay-icon\"><\/i><\/div><\/div><\/div><\/div><\/a><\/div><\/div><div class=\"element be-hoverlay not-wide no-wide-width-height style1-hover c_to_c\" style=\"margin-bottom: 10px;\"><div class=\"element-inner\" style=\"margin-left: 10px;\"><a href=\"https:\/\/lps-photography.de\/wp-content\/uploads\/2023\/01\/Hochzeits-fotograf-Mallorca-Sera-de-pula-golf-51.jpg\" data-size=\"1600x1067\" data-href=\"https:\/\/lps-photography.de\/wp-content\/uploads\/2023\/01\/Hochzeits-fotograf-Mallorca-Sera-de-pula-golf-51.jpg\" class=\"thumb-wrap\" title=\"Eine Braut und ein Br\u00e4utigam stehen h\u00e4ndchenhaltend im Freien bei Sonnenuntergang, schauen sich liebevoll an, umgeben von Gr\u00fcn und sanftem, goldenem Licht - und fangen den Zauber einer Hochzeit auf Mallorca mit einem talentierten Hochzeitsfotografen Mallorca ein.\"><div class=\"flip-wrap\"><div data-aspect-ratio=\"1.5\" style = \"padding-bottom : 66.6875%;;\" class=\"flip-img-wrap none-effect\"><img srcset=\"https:\/\/lps-photography.de\/wp-content\/uploads\/2023\/01\/Hochzeits-fotograf-Mallorca-Sera-de-pula-golf-51.jpg 1600w,  https:\/\/lps-photography.de\/wp-content\/uploads\/2023\/01\/Hochzeits-fotograf-Mallorca-Sera-de-pula-golf-51-300x200.jpg 300w,  https:\/\/lps-photography.de\/wp-content\/uploads\/2023\/01\/Hochzeits-fotograf-Mallorca-Sera-de-pula-golf-51-800x534.jpg 800w,  https:\/\/lps-photography.de\/wp-content\/uploads\/2023\/01\/Hochzeits-fotograf-Mallorca-Sera-de-pula-golf-51-768x512.jpg 768w,  https:\/\/lps-photography.de\/wp-content\/uploads\/2023\/01\/Hochzeits-fotograf-Mallorca-Sera-de-pula-golf-51-1536x1024.jpg 1536w,  https:\/\/lps-photography.de\/wp-content\/uploads\/2023\/01\/Hochzeits-fotograf-Mallorca-Sera-de-pula-golf-51-75x50.jpg 75w,  https:\/\/lps-photography.de\/wp-content\/uploads\/2023\/01\/Hochzeits-fotograf-Mallorca-Sera-de-pula-golf-51-650x433.jpg 650w,  https:\/\/lps-photography.de\/wp-content\/uploads\/2023\/01\/Hochzeits-fotograf-Mallorca-Sera-de-pula-golf-51-1000x667.jpg 1000w,  https:\/\/lps-photography.de\/wp-content\/uploads\/2023\/01\/Hochzeits-fotograf-Mallorca-Sera-de-pula-golf-51-50x33.jpg 50w\" alt=\"Eine Braut und ein Br\u00e4utigam stehen h\u00e4ndchenhaltend im Freien bei Sonnenuntergang, schauen sich liebevoll an, umgeben von Gr\u00fcn und sanftem, goldenem Licht - und fangen den Zauber einer Hochzeit auf Mallorca mit einem talentierten Hochzeitsfotografen Mallorca ein.\" data-attr=\"1\" data-id=\"17149\"\/><\/div><\/div><div class=\"thumb-overlay\"><div class=\"thumb-bg\" style=\"background-color:rgba(255,255,255,0);background:rgba(255,255,255,0)\"><div class=\"thumb-title-wrap display-table-cell vertical-align-middle align-center fadeIn animated\"><div class=\"thumb-title\" style=\"color:rgba(255,255,255,0);\"><i class=\"portfolio-overlay-icon\"><\/i><\/div><\/div><\/div><\/div><\/a><\/div><\/div><div class=\"element be-hoverlay not-wide no-wide-width-height style1-hover c_to_c\" style=\"margin-bottom: 10px;\"><div class=\"element-inner\" style=\"margin-left: 10px;\"><a href=\"https:\/\/lps-photography.de\/wp-content\/uploads\/2023\/01\/Hochzeits-fotograf-Mallorca-Sera-de-pula-golf-52.jpg\" data-size=\"1600x1067\" data-href=\"https:\/\/lps-photography.de\/wp-content\/uploads\/2023\/01\/Hochzeits-fotograf-Mallorca-Sera-de-pula-golf-52.jpg\" class=\"thumb-wrap\" title=\"Braut und Br\u00e4utigam gehen Hand in Hand im Freien spazieren, l\u00e4chelnd, w\u00e4hrend die G\u00e4ste feiern und mit Servietten winken auf ihrer Hochzeit auf Mallorca. \u00dcppiges Gr\u00fcn umgibt die festliche Hochzeitsszene.\"><div class=\"flip-wrap\"><div data-aspect-ratio=\"1.5\" style = \"padding-bottom : 66.6875%;;\" class=\"flip-img-wrap none-effect\"><img srcset=\"https:\/\/lps-photography.de\/wp-content\/uploads\/2023\/01\/Hochzeits-fotograf-Mallorca-Sera-de-pula-golf-52.jpg 1600w,  https:\/\/lps-photography.de\/wp-content\/uploads\/2023\/01\/Hochzeits-fotograf-Mallorca-Sera-de-pula-golf-52-300x200.jpg 300w,  https:\/\/lps-photography.de\/wp-content\/uploads\/2023\/01\/Hochzeits-fotograf-Mallorca-Sera-de-pula-golf-52-800x534.jpg 800w,  https:\/\/lps-photography.de\/wp-content\/uploads\/2023\/01\/Hochzeits-fotograf-Mallorca-Sera-de-pula-golf-52-768x512.jpg 768w,  https:\/\/lps-photography.de\/wp-content\/uploads\/2023\/01\/Hochzeits-fotograf-Mallorca-Sera-de-pula-golf-52-1536x1024.jpg 1536w,  https:\/\/lps-photography.de\/wp-content\/uploads\/2023\/01\/Hochzeits-fotograf-Mallorca-Sera-de-pula-golf-52-75x50.jpg 75w,  https:\/\/lps-photography.de\/wp-content\/uploads\/2023\/01\/Hochzeits-fotograf-Mallorca-Sera-de-pula-golf-52-650x433.jpg 650w,  https:\/\/lps-photography.de\/wp-content\/uploads\/2023\/01\/Hochzeits-fotograf-Mallorca-Sera-de-pula-golf-52-1000x667.jpg 1000w,  https:\/\/lps-photography.de\/wp-content\/uploads\/2023\/01\/Hochzeits-fotograf-Mallorca-Sera-de-pula-golf-52-50x33.jpg 50w\" alt=\"Braut und Br\u00e4utigam gehen Hand in Hand im Freien spazieren, l\u00e4chelnd, w\u00e4hrend die G\u00e4ste feiern und mit Servietten winken auf ihrer Hochzeit auf Mallorca. \u00dcppiges Gr\u00fcn umgibt die festliche Hochzeitsszene.\" data-attr=\"1\" data-id=\"17150\"\/><\/div><\/div><div class=\"thumb-overlay\"><div class=\"thumb-bg\" style=\"background-color:rgba(255,255,255,0);background:rgba(255,255,255,0)\"><div class=\"thumb-title-wrap display-table-cell vertical-align-middle align-center fadeIn animated\"><div class=\"thumb-title\" style=\"color:rgba(255,255,255,0);\"><i class=\"portfolio-overlay-icon\"><\/i><\/div><\/div><\/div><\/div><\/a><\/div><\/div><div class=\"element be-hoverlay not-wide no-wide-width-height style1-hover c_to_c\" style=\"margin-bottom: 10px;\"><div class=\"element-inner\" style=\"margin-left: 10px;\"><a href=\"https:\/\/lps-photography.de\/wp-content\/uploads\/2023\/01\/Hochzeits-fotograf-Mallorca-Sera-de-pula-golf-53.jpg\" data-size=\"1600x1067\" data-href=\"https:\/\/lps-photography.de\/wp-content\/uploads\/2023\/01\/Hochzeits-fotograf-Mallorca-Sera-de-pula-golf-53.jpg\" class=\"thumb-wrap\" title=\"Eine Braut in einem wei\u00dfen Kleid l\u00e4chelt, als sie die sitzenden G\u00e4ste bei einer Hochzeit im Freien auf Mallorca begr\u00fc\u00dft, mit Steinmauern im Hintergrund. Die Leute sind f\u00f6rmlich gekleidet und scheinen die sch\u00f6ne Feier zu genie\u00dfen.\"><div class=\"flip-wrap\"><div data-aspect-ratio=\"1.5\" style = \"padding-bottom : 66.6875%;;\" class=\"flip-img-wrap none-effect\"><img srcset=\"https:\/\/lps-photography.de\/wp-content\/uploads\/2023\/01\/Hochzeits-fotograf-Mallorca-Sera-de-pula-golf-53.jpg 1600w,  https:\/\/lps-photography.de\/wp-content\/uploads\/2023\/01\/Hochzeits-fotograf-Mallorca-Sera-de-pula-golf-53-300x200.jpg 300w,  https:\/\/lps-photography.de\/wp-content\/uploads\/2023\/01\/Hochzeits-fotograf-Mallorca-Sera-de-pula-golf-53-800x534.jpg 800w,  https:\/\/lps-photography.de\/wp-content\/uploads\/2023\/01\/Hochzeits-fotograf-Mallorca-Sera-de-pula-golf-53-768x512.jpg 768w,  https:\/\/lps-photography.de\/wp-content\/uploads\/2023\/01\/Hochzeits-fotograf-Mallorca-Sera-de-pula-golf-53-1536x1024.jpg 1536w,  https:\/\/lps-photography.de\/wp-content\/uploads\/2023\/01\/Hochzeits-fotograf-Mallorca-Sera-de-pula-golf-53-75x50.jpg 75w,  https:\/\/lps-photography.de\/wp-content\/uploads\/2023\/01\/Hochzeits-fotograf-Mallorca-Sera-de-pula-golf-53-650x433.jpg 650w,  https:\/\/lps-photography.de\/wp-content\/uploads\/2023\/01\/Hochzeits-fotograf-Mallorca-Sera-de-pula-golf-53-1000x667.jpg 1000w,  https:\/\/lps-photography.de\/wp-content\/uploads\/2023\/01\/Hochzeits-fotograf-Mallorca-Sera-de-pula-golf-53-50x33.jpg 50w\" alt=\"Eine Braut in einem wei\u00dfen Kleid l\u00e4chelt, als sie die sitzenden G\u00e4ste bei einer Hochzeit im Freien auf Mallorca begr\u00fc\u00dft, mit Steinmauern im Hintergrund. Die Leute sind f\u00f6rmlich gekleidet und scheinen die sch\u00f6ne Feier zu genie\u00dfen.\" data-attr=\"1\" data-id=\"17151\"\/><\/div><\/div><div class=\"thumb-overlay\"><div class=\"thumb-bg\" style=\"background-color:rgba(255,255,255,0);background:rgba(255,255,255,0)\"><div class=\"thumb-title-wrap display-table-cell vertical-align-middle align-center fadeIn animated\"><div class=\"thumb-title\" style=\"color:rgba(255,255,255,0);\"><i class=\"portfolio-overlay-icon\"><\/i><\/div><\/div><\/div><\/div><\/a><\/div><\/div><div class=\"element be-hoverlay not-wide no-wide-width-height style1-hover c_to_c\" style=\"margin-bottom: 10px;\"><div class=\"element-inner\" style=\"margin-left: 10px;\"><a href=\"https:\/\/lps-photography.de\/wp-content\/uploads\/2023\/01\/Hochzeits-fotograf-Mallorca-Sera-de-pula-golf-54.jpg\" data-size=\"1600x1067\" data-href=\"https:\/\/lps-photography.de\/wp-content\/uploads\/2023\/01\/Hochzeits-fotograf-Mallorca-Sera-de-pula-golf-54.jpg\" class=\"thumb-wrap\" title=\"Eine gro\u00dfe Gruppe von Menschen sitzt an langen, geschm\u00fcckten Tischen vor einem rustikalen Steingeb\u00e4ude und genie\u00dft eine Hochzeit auf Mallorca oder einen Hochzeitsempfang unter h\u00e4ngenden Lichterketten - perfekte Momente f\u00fcr jeden Hochzeitsfotografen Mallorca, um sie festzuhalten.\"><div class=\"flip-wrap\"><div data-aspect-ratio=\"1.5\" style = \"padding-bottom : 66.6875%;;\" class=\"flip-img-wrap none-effect\"><img srcset=\"https:\/\/lps-photography.de\/wp-content\/uploads\/2023\/01\/Hochzeits-fotograf-Mallorca-Sera-de-pula-golf-54.jpg 1600w,  https:\/\/lps-photography.de\/wp-content\/uploads\/2023\/01\/Hochzeits-fotograf-Mallorca-Sera-de-pula-golf-54-300x200.jpg 300w,  https:\/\/lps-photography.de\/wp-content\/uploads\/2023\/01\/Hochzeits-fotograf-Mallorca-Sera-de-pula-golf-54-800x534.jpg 800w,  https:\/\/lps-photography.de\/wp-content\/uploads\/2023\/01\/Hochzeits-fotograf-Mallorca-Sera-de-pula-golf-54-768x512.jpg 768w,  https:\/\/lps-photography.de\/wp-content\/uploads\/2023\/01\/Hochzeits-fotograf-Mallorca-Sera-de-pula-golf-54-1536x1024.jpg 1536w,  https:\/\/lps-photography.de\/wp-content\/uploads\/2023\/01\/Hochzeits-fotograf-Mallorca-Sera-de-pula-golf-54-75x50.jpg 75w,  https:\/\/lps-photography.de\/wp-content\/uploads\/2023\/01\/Hochzeits-fotograf-Mallorca-Sera-de-pula-golf-54-650x433.jpg 650w,  https:\/\/lps-photography.de\/wp-content\/uploads\/2023\/01\/Hochzeits-fotograf-Mallorca-Sera-de-pula-golf-54-1000x667.jpg 1000w,  https:\/\/lps-photography.de\/wp-content\/uploads\/2023\/01\/Hochzeits-fotograf-Mallorca-Sera-de-pula-golf-54-50x33.jpg 50w\" alt=\"Eine gro\u00dfe Gruppe von Menschen sitzt an langen, geschm\u00fcckten Tischen vor einem rustikalen Steingeb\u00e4ude und genie\u00dft eine Hochzeit auf Mallorca oder einen Hochzeitsempfang unter h\u00e4ngenden Lichterketten - perfekte Momente f\u00fcr jeden Hochzeitsfotografen Mallorca, um sie festzuhalten.\" data-attr=\"1\" data-id=\"17152\"\/><\/div><\/div><div class=\"thumb-overlay\"><div class=\"thumb-bg\" style=\"background-color:rgba(255,255,255,0);background:rgba(255,255,255,0)\"><div class=\"thumb-title-wrap display-table-cell vertical-align-middle align-center fadeIn animated\"><div class=\"thumb-title\" style=\"color:rgba(255,255,255,0);\"><i class=\"portfolio-overlay-icon\"><\/i><\/div><\/div><\/div><\/div><\/a><\/div><\/div><div class=\"element be-hoverlay not-wide no-wide-width-height style1-hover c_to_c\" style=\"margin-bottom: 10px;\"><div class=\"element-inner\" style=\"margin-left: 10px;\"><a href=\"https:\/\/lps-photography.de\/wp-content\/uploads\/2023\/01\/Hochzeits-fotograf-Mallorca-Sera-de-pula-golf-55.jpg\" data-size=\"1067x1600\" data-href=\"https:\/\/lps-photography.de\/wp-content\/uploads\/2023\/01\/Hochzeits-fotograf-Mallorca-Sera-de-pula-golf-55.jpg\" class=\"thumb-wrap\" title=\"Eine Braut in einem flie\u00dfenden wei\u00dfen Kleid mit tiefem R\u00fcckenausschnitt tanzt freudig mit ihrem Br\u00e4utigam in einem hellgrauen Anzug auf ihrer Hochzeit auf Mallorca, umgeben von G\u00e4sten und rustikalen Steinmauern - perfekte Momente f\u00fcr jeden Hochzeitsfotografen Mallorca zum Festhalten.\"><div class=\"flip-wrap\"><div data-aspect-ratio=\"0.67\" style = \"padding-bottom : 149.95313964386%;;\" class=\"flip-img-wrap none-effect\"><img srcset=\"https:\/\/lps-photography.de\/wp-content\/uploads\/2023\/01\/Hochzeits-fotograf-Mallorca-Sera-de-pula-golf-55.jpg 1067w,  https:\/\/lps-photography.de\/wp-content\/uploads\/2023\/01\/Hochzeits-fotograf-Mallorca-Sera-de-pula-golf-55-200x300.jpg 200w,  https:\/\/lps-photography.de\/wp-content\/uploads\/2023\/01\/Hochzeits-fotograf-Mallorca-Sera-de-pula-golf-55-683x1024.jpg 683w,  https:\/\/lps-photography.de\/wp-content\/uploads\/2023\/01\/Hochzeits-fotograf-Mallorca-Sera-de-pula-golf-55-768x1152.jpg 768w,  https:\/\/lps-photography.de\/wp-content\/uploads\/2023\/01\/Hochzeits-fotograf-Mallorca-Sera-de-pula-golf-55-1024x1536.jpg 1024w,  https:\/\/lps-photography.de\/wp-content\/uploads\/2023\/01\/Hochzeits-fotograf-Mallorca-Sera-de-pula-golf-55-33x50.jpg 33w,  https:\/\/lps-photography.de\/wp-content\/uploads\/2023\/01\/Hochzeits-fotograf-Mallorca-Sera-de-pula-golf-55-650x975.jpg 650w,  https:\/\/lps-photography.de\/wp-content\/uploads\/2023\/01\/Hochzeits-fotograf-Mallorca-Sera-de-pula-golf-55-1000x1500.jpg 1000w,  https:\/\/lps-photography.de\/wp-content\/uploads\/2023\/01\/Hochzeits-fotograf-Mallorca-Sera-de-pula-golf-55-50x75.jpg 50w\" alt=\"Eine Braut in einem flie\u00dfenden wei\u00dfen Kleid mit tiefem R\u00fcckenausschnitt tanzt freudig mit ihrem Br\u00e4utigam in einem hellgrauen Anzug auf ihrer Hochzeit auf Mallorca, umgeben von G\u00e4sten und rustikalen Steinmauern - perfekte Momente f\u00fcr jeden Hochzeitsfotografen Mallorca zum Festhalten.\" data-attr=\"1\" data-id=\"17153\"\/><\/div><\/div><div class=\"thumb-overlay\"><div class=\"thumb-bg\" style=\"background-color:rgba(255,255,255,0);background:rgba(255,255,255,0)\"><div class=\"thumb-title-wrap display-table-cell vertical-align-middle align-center fadeIn animated\"><div class=\"thumb-title\" style=\"color:rgba(255,255,255,0);\"><i class=\"portfolio-overlay-icon\"><\/i><\/div><\/div><\/div><\/div><\/a><\/div><\/div><div class=\"element be-hoverlay not-wide no-wide-width-height style1-hover c_to_c\" style=\"margin-bottom: 10px;\"><div class=\"element-inner\" style=\"margin-left: 10px;\"><a href=\"https:\/\/lps-photography.de\/wp-content\/uploads\/2023\/01\/Hochzeits-fotograf-Mallorca-Sera-de-pula-golf-56.jpg\" data-size=\"1600x1067\" data-href=\"https:\/\/lps-photography.de\/wp-content\/uploads\/2023\/01\/Hochzeits-fotograf-Mallorca-Sera-de-pula-golf-56.jpg\" class=\"thumb-wrap\" title=\"Zwei M\u00e4nner in blauen Anz\u00fcgen stehen l\u00e4chelnd und lachend am Eingang eines Steingeb\u00e4udes und sprechen zu den G\u00e4sten an einer festlichen Tafel w\u00e4hrend einer Hochzeit auf Mallorca. Lichterketten glitzern im Inneren und fangen die Freude in diesem Hochzeitsfotograf Mallorca Moment ein.\"><div class=\"flip-wrap\"><div data-aspect-ratio=\"1.5\" style = \"padding-bottom : 66.6875%;;\" class=\"flip-img-wrap none-effect\"><img srcset=\"https:\/\/lps-photography.de\/wp-content\/uploads\/2023\/01\/Hochzeits-fotograf-Mallorca-Sera-de-pula-golf-56.jpg 1600w,  https:\/\/lps-photography.de\/wp-content\/uploads\/2023\/01\/Hochzeits-fotograf-Mallorca-Sera-de-pula-golf-56-300x200.jpg 300w,  https:\/\/lps-photography.de\/wp-content\/uploads\/2023\/01\/Hochzeits-fotograf-Mallorca-Sera-de-pula-golf-56-800x534.jpg 800w,  https:\/\/lps-photography.de\/wp-content\/uploads\/2023\/01\/Hochzeits-fotograf-Mallorca-Sera-de-pula-golf-56-768x512.jpg 768w,  https:\/\/lps-photography.de\/wp-content\/uploads\/2023\/01\/Hochzeits-fotograf-Mallorca-Sera-de-pula-golf-56-1536x1024.jpg 1536w,  https:\/\/lps-photography.de\/wp-content\/uploads\/2023\/01\/Hochzeits-fotograf-Mallorca-Sera-de-pula-golf-56-75x50.jpg 75w,  https:\/\/lps-photography.de\/wp-content\/uploads\/2023\/01\/Hochzeits-fotograf-Mallorca-Sera-de-pula-golf-56-650x433.jpg 650w,  https:\/\/lps-photography.de\/wp-content\/uploads\/2023\/01\/Hochzeits-fotograf-Mallorca-Sera-de-pula-golf-56-1000x667.jpg 1000w,  https:\/\/lps-photography.de\/wp-content\/uploads\/2023\/01\/Hochzeits-fotograf-Mallorca-Sera-de-pula-golf-56-50x33.jpg 50w\" alt=\"Zwei M\u00e4nner in blauen Anz\u00fcgen stehen l\u00e4chelnd und lachend am Eingang eines Steingeb\u00e4udes und sprechen zu den G\u00e4sten an einer festlichen Tafel w\u00e4hrend einer Hochzeit auf Mallorca. Lichterketten glitzern im Inneren und fangen die Freude in diesem Hochzeitsfotograf Mallorca Moment ein.\" data-attr=\"1\" data-id=\"17154\"\/><\/div><\/div><div class=\"thumb-overlay\"><div class=\"thumb-bg\" style=\"background-color:rgba(255,255,255,0);background:rgba(255,255,255,0)\"><div class=\"thumb-title-wrap display-table-cell vertical-align-middle align-center fadeIn animated\"><div class=\"thumb-title\" style=\"color:rgba(255,255,255,0);\"><i class=\"portfolio-overlay-icon\"><\/i><\/div><\/div><\/div><\/div><\/a><\/div><\/div><div class=\"element be-hoverlay not-wide no-wide-width-height style1-hover c_to_c\" style=\"margin-bottom: 10px;\"><div class=\"element-inner\" style=\"margin-left: 10px;\"><a href=\"https:\/\/lps-photography.de\/wp-content\/uploads\/2023\/01\/Hochzeits-fotograf-Mallorca-Sera-de-pula-golf-57.jpg\" data-size=\"1600x1067\" data-href=\"https:\/\/lps-photography.de\/wp-content\/uploads\/2023\/01\/Hochzeits-fotograf-Mallorca-Sera-de-pula-golf-57.jpg\" class=\"thumb-wrap\" title=\"Eine Gruppe formell gekleideter Menschen sitzt an einem langen Tisch im Freien, lacht und klatscht w\u00e4hrend einer Hochzeit auf Mallorca. Steinmauern und eine festliche, fr\u00f6hliche Atmosph\u00e4re bilden den Rahmen - perfekte Momente f\u00fcr jeden Hochzeitsfotografen Mallorca.\"><div class=\"flip-wrap\"><div data-aspect-ratio=\"1.5\" style = \"padding-bottom : 66.6875%;;\" class=\"flip-img-wrap none-effect\"><img srcset=\"https:\/\/lps-photography.de\/wp-content\/uploads\/2023\/01\/Hochzeits-fotograf-Mallorca-Sera-de-pula-golf-57.jpg 1600w,  https:\/\/lps-photography.de\/wp-content\/uploads\/2023\/01\/Hochzeits-fotograf-Mallorca-Sera-de-pula-golf-57-300x200.jpg 300w,  https:\/\/lps-photography.de\/wp-content\/uploads\/2023\/01\/Hochzeits-fotograf-Mallorca-Sera-de-pula-golf-57-800x534.jpg 800w,  https:\/\/lps-photography.de\/wp-content\/uploads\/2023\/01\/Hochzeits-fotograf-Mallorca-Sera-de-pula-golf-57-768x512.jpg 768w,  https:\/\/lps-photography.de\/wp-content\/uploads\/2023\/01\/Hochzeits-fotograf-Mallorca-Sera-de-pula-golf-57-1536x1024.jpg 1536w,  https:\/\/lps-photography.de\/wp-content\/uploads\/2023\/01\/Hochzeits-fotograf-Mallorca-Sera-de-pula-golf-57-75x50.jpg 75w,  https:\/\/lps-photography.de\/wp-content\/uploads\/2023\/01\/Hochzeits-fotograf-Mallorca-Sera-de-pula-golf-57-650x433.jpg 650w,  https:\/\/lps-photography.de\/wp-content\/uploads\/2023\/01\/Hochzeits-fotograf-Mallorca-Sera-de-pula-golf-57-1000x667.jpg 1000w,  https:\/\/lps-photography.de\/wp-content\/uploads\/2023\/01\/Hochzeits-fotograf-Mallorca-Sera-de-pula-golf-57-50x33.jpg 50w\" alt=\"Eine Gruppe formell gekleideter Menschen sitzt an einem langen Tisch im Freien, lacht und klatscht w\u00e4hrend einer Hochzeit auf Mallorca. Steinmauern und eine festliche, fr\u00f6hliche Atmosph\u00e4re bilden den Rahmen - perfekte Momente f\u00fcr jeden Hochzeitsfotografen Mallorca.\" data-attr=\"1\" data-id=\"17155\"\/><\/div><\/div><div class=\"thumb-overlay\"><div class=\"thumb-bg\" style=\"background-color:rgba(255,255,255,0);background:rgba(255,255,255,0)\"><div class=\"thumb-title-wrap display-table-cell vertical-align-middle align-center fadeIn animated\"><div class=\"thumb-title\" style=\"color:rgba(255,255,255,0);\"><i class=\"portfolio-overlay-icon\"><\/i><\/div><\/div><\/div><\/div><\/a><\/div><\/div><div class=\"element be-hoverlay not-wide no-wide-width-height style1-hover c_to_c\" style=\"margin-bottom: 10px;\"><div class=\"element-inner\" style=\"margin-left: 10px;\"><a href=\"https:\/\/lps-photography.de\/wp-content\/uploads\/2023\/01\/Hochzeits-fotograf-Mallorca-Sera-de-pula-golf-58.jpg\" data-size=\"1067x1600\" data-href=\"https:\/\/lps-photography.de\/wp-content\/uploads\/2023\/01\/Hochzeits-fotograf-Mallorca-Sera-de-pula-golf-58.jpg\" class=\"thumb-wrap\" title=\"Eine Braut und ein Br\u00e4utigam stehen h\u00e4ndchenhaltend unter Lichterketten auf ihrer Hochzeit auf Mallorca. Der Br\u00e4utigam spricht in ein Mikrofon, w\u00e4hrend die G\u00e4ste von ihren Tischen aus zusehen, umgeben von B\u00e4umen und dem Abendhimmel - ein perfekter Moment f\u00fcr einen Hochzeitsfotografen Mallorca, um ihn festzuhalten.\"><div class=\"flip-wrap\"><div data-aspect-ratio=\"0.67\" style = \"padding-bottom : 149.95313964386%;;\" class=\"flip-img-wrap none-effect\"><img srcset=\"https:\/\/lps-photography.de\/wp-content\/uploads\/2023\/01\/Hochzeits-fotograf-Mallorca-Sera-de-pula-golf-58.jpg 1067w,  https:\/\/lps-photography.de\/wp-content\/uploads\/2023\/01\/Hochzeits-fotograf-Mallorca-Sera-de-pula-golf-58-200x300.jpg 200w,  https:\/\/lps-photography.de\/wp-content\/uploads\/2023\/01\/Hochzeits-fotograf-Mallorca-Sera-de-pula-golf-58-683x1024.jpg 683w,  https:\/\/lps-photography.de\/wp-content\/uploads\/2023\/01\/Hochzeits-fotograf-Mallorca-Sera-de-pula-golf-58-768x1152.jpg 768w,  https:\/\/lps-photography.de\/wp-content\/uploads\/2023\/01\/Hochzeits-fotograf-Mallorca-Sera-de-pula-golf-58-1024x1536.jpg 1024w,  https:\/\/lps-photography.de\/wp-content\/uploads\/2023\/01\/Hochzeits-fotograf-Mallorca-Sera-de-pula-golf-58-33x50.jpg 33w,  https:\/\/lps-photography.de\/wp-content\/uploads\/2023\/01\/Hochzeits-fotograf-Mallorca-Sera-de-pula-golf-58-650x975.jpg 650w,  https:\/\/lps-photography.de\/wp-content\/uploads\/2023\/01\/Hochzeits-fotograf-Mallorca-Sera-de-pula-golf-58-1000x1500.jpg 1000w,  https:\/\/lps-photography.de\/wp-content\/uploads\/2023\/01\/Hochzeits-fotograf-Mallorca-Sera-de-pula-golf-58-50x75.jpg 50w\" alt=\"Eine Braut und ein Br\u00e4utigam stehen h\u00e4ndchenhaltend unter Lichterketten auf ihrer Hochzeit auf Mallorca. Der Br\u00e4utigam spricht in ein Mikrofon, w\u00e4hrend die G\u00e4ste von ihren Tischen aus zusehen, umgeben von B\u00e4umen und dem Abendhimmel - ein perfekter Moment f\u00fcr einen Hochzeitsfotografen Mallorca, um ihn festzuhalten.\" data-attr=\"1\" data-id=\"17156\"\/><\/div><\/div><div class=\"thumb-overlay\"><div class=\"thumb-bg\" style=\"background-color:rgba(255,255,255,0);background:rgba(255,255,255,0)\"><div class=\"thumb-title-wrap display-table-cell vertical-align-middle align-center fadeIn animated\"><div class=\"thumb-title\" style=\"color:rgba(255,255,255,0);\"><i class=\"portfolio-overlay-icon\"><\/i><\/div><\/div><\/div><\/div><\/a><\/div><\/div><div class=\"element be-hoverlay not-wide no-wide-width-height style1-hover c_to_c\" style=\"margin-bottom: 10px;\"><div class=\"element-inner\" style=\"margin-left: 10px;\"><a href=\"https:\/\/lps-photography.de\/wp-content\/uploads\/2023\/01\/Hochzeits-fotograf-Mallorca-Sera-de-pula-golf-59.jpg\" data-size=\"1600x1067\" data-href=\"https:\/\/lps-photography.de\/wp-content\/uploads\/2023\/01\/Hochzeits-fotograf-Mallorca-Sera-de-pula-golf-59.jpg\" class=\"thumb-wrap\" title=\"Eine Abendveranstaltung im Freien mit G\u00e4sten, die unter warmen Lichterketten speisen. Der lilafarbene Himmel bei Sonnenuntergang sorgt f\u00fcr die richtige Stimmung neben einem rustikalen Steingeb\u00e4ude - die perfekte Inspiration f\u00fcr eine Hochzeit auf Mallorca oder jeden Hochzeitsfotografen Mallorca, der vertr\u00e4umte Momente sucht.\"><div class=\"flip-wrap\"><div data-aspect-ratio=\"1.5\" style = \"padding-bottom : 66.6875%;;\" class=\"flip-img-wrap none-effect\"><img srcset=\"https:\/\/lps-photography.de\/wp-content\/uploads\/2023\/01\/Hochzeits-fotograf-Mallorca-Sera-de-pula-golf-59.jpg 1600w,  https:\/\/lps-photography.de\/wp-content\/uploads\/2023\/01\/Hochzeits-fotograf-Mallorca-Sera-de-pula-golf-59-300x200.jpg 300w,  https:\/\/lps-photography.de\/wp-content\/uploads\/2023\/01\/Hochzeits-fotograf-Mallorca-Sera-de-pula-golf-59-800x534.jpg 800w,  https:\/\/lps-photography.de\/wp-content\/uploads\/2023\/01\/Hochzeits-fotograf-Mallorca-Sera-de-pula-golf-59-768x512.jpg 768w,  https:\/\/lps-photography.de\/wp-content\/uploads\/2023\/01\/Hochzeits-fotograf-Mallorca-Sera-de-pula-golf-59-1536x1024.jpg 1536w,  https:\/\/lps-photography.de\/wp-content\/uploads\/2023\/01\/Hochzeits-fotograf-Mallorca-Sera-de-pula-golf-59-75x50.jpg 75w,  https:\/\/lps-photography.de\/wp-content\/uploads\/2023\/01\/Hochzeits-fotograf-Mallorca-Sera-de-pula-golf-59-650x433.jpg 650w,  https:\/\/lps-photography.de\/wp-content\/uploads\/2023\/01\/Hochzeits-fotograf-Mallorca-Sera-de-pula-golf-59-1000x667.jpg 1000w,  https:\/\/lps-photography.de\/wp-content\/uploads\/2023\/01\/Hochzeits-fotograf-Mallorca-Sera-de-pula-golf-59-50x33.jpg 50w\" alt=\"Eine Abendveranstaltung im Freien mit G\u00e4sten, die unter warmen Lichterketten speisen. Der lilafarbene Himmel bei Sonnenuntergang sorgt f\u00fcr die richtige Stimmung neben einem rustikalen Steingeb\u00e4ude - die perfekte Inspiration f\u00fcr eine Hochzeit auf Mallorca oder jeden Hochzeitsfotografen Mallorca, der vertr\u00e4umte Momente sucht.\" data-attr=\"1\" data-id=\"17157\"\/><\/div><\/div><div class=\"thumb-overlay\"><div class=\"thumb-bg\" style=\"background-color:rgba(255,255,255,0);background:rgba(255,255,255,0)\"><div class=\"thumb-title-wrap display-table-cell vertical-align-middle align-center fadeIn animated\"><div class=\"thumb-title\" style=\"color:rgba(255,255,255,0);\"><i class=\"portfolio-overlay-icon\"><\/i><\/div><\/div><\/div><\/div><\/a><\/div><\/div><div class=\"element be-hoverlay not-wide no-wide-width-height style1-hover c_to_c\" style=\"margin-bottom: 10px;\"><div class=\"element-inner\" style=\"margin-left: 10px;\"><a href=\"https:\/\/lps-photography.de\/wp-content\/uploads\/2023\/01\/Hochzeits-fotograf-Mallorca-Sera-de-pula-golf-60.jpg\" data-size=\"1600x1067\" data-href=\"https:\/\/lps-photography.de\/wp-content\/uploads\/2023\/01\/Hochzeits-fotograf-Mallorca-Sera-de-pula-golf-60.jpg\" class=\"thumb-wrap\" title=\"Zwei f\u00f6rmlich gekleidete M\u00e4nner, einer in einem hellen Anzug und der andere in einem dunklen Anzug, l\u00e4cheln bei einer Indoor-Veranstaltung auf Mallorca zusammen. Ein Hochzeitsfotograf Mallorca h\u00e4lt die G\u00e4ste an den Tischen und einen Mann im Vordergrund fest, der Wein genie\u00dft.\"><div class=\"flip-wrap\"><div data-aspect-ratio=\"1.5\" style = \"padding-bottom : 66.6875%;;\" class=\"flip-img-wrap none-effect\"><img srcset=\"https:\/\/lps-photography.de\/wp-content\/uploads\/2023\/01\/Hochzeits-fotograf-Mallorca-Sera-de-pula-golf-60.jpg 1600w,  https:\/\/lps-photography.de\/wp-content\/uploads\/2023\/01\/Hochzeits-fotograf-Mallorca-Sera-de-pula-golf-60-300x200.jpg 300w,  https:\/\/lps-photography.de\/wp-content\/uploads\/2023\/01\/Hochzeits-fotograf-Mallorca-Sera-de-pula-golf-60-800x534.jpg 800w,  https:\/\/lps-photography.de\/wp-content\/uploads\/2023\/01\/Hochzeits-fotograf-Mallorca-Sera-de-pula-golf-60-768x512.jpg 768w,  https:\/\/lps-photography.de\/wp-content\/uploads\/2023\/01\/Hochzeits-fotograf-Mallorca-Sera-de-pula-golf-60-1536x1024.jpg 1536w,  https:\/\/lps-photography.de\/wp-content\/uploads\/2023\/01\/Hochzeits-fotograf-Mallorca-Sera-de-pula-golf-60-75x50.jpg 75w,  https:\/\/lps-photography.de\/wp-content\/uploads\/2023\/01\/Hochzeits-fotograf-Mallorca-Sera-de-pula-golf-60-650x433.jpg 650w,  https:\/\/lps-photography.de\/wp-content\/uploads\/2023\/01\/Hochzeits-fotograf-Mallorca-Sera-de-pula-golf-60-1000x667.jpg 1000w,  https:\/\/lps-photography.de\/wp-content\/uploads\/2023\/01\/Hochzeits-fotograf-Mallorca-Sera-de-pula-golf-60-50x33.jpg 50w\" alt=\"Zwei f\u00f6rmlich gekleidete M\u00e4nner, einer in einem hellen Anzug und der andere in einem dunklen Anzug, l\u00e4cheln bei einer Indoor-Veranstaltung auf Mallorca zusammen. Ein Hochzeitsfotograf Mallorca h\u00e4lt die G\u00e4ste an den Tischen und einen Mann im Vordergrund fest, der Wein genie\u00dft.\" data-attr=\"1\" data-id=\"17158\"\/><\/div><\/div><div class=\"thumb-overlay\"><div class=\"thumb-bg\" style=\"background-color:rgba(255,255,255,0);background:rgba(255,255,255,0)\"><div class=\"thumb-title-wrap display-table-cell vertical-align-middle align-center fadeIn animated\"><div class=\"thumb-title\" style=\"color:rgba(255,255,255,0);\"><i class=\"portfolio-overlay-icon\"><\/i><\/div><\/div><\/div><\/div><\/a><\/div><\/div><div class=\"element be-hoverlay not-wide no-wide-width-height style1-hover c_to_c\" style=\"margin-bottom: 10px;\"><div class=\"element-inner\" style=\"margin-left: 10px;\"><a href=\"https:\/\/lps-photography.de\/wp-content\/uploads\/2023\/01\/Hochzeits-fotograf-Mallorca-Sera-de-pula-golf-61.jpg\" data-size=\"1600x1067\" data-href=\"https:\/\/lps-photography.de\/wp-content\/uploads\/2023\/01\/Hochzeits-fotograf-Mallorca-Sera-de-pula-golf-61.jpg\" class=\"thumb-wrap\" title=\"Eine Gruppe formell gekleideter Menschen sitzt an einem geschm\u00fcckten Tisch mit Tellern und Gl\u00e4sern, umgeben von schimmernden goldenen Lichtstreifen - und f\u00e4ngt die magische Atmosph\u00e4re einer Hochzeit auf Mallorca durch die Linse eines talentierten Hochzeitsfotografen Mallorca ein.\"><div class=\"flip-wrap\"><div data-aspect-ratio=\"1.5\" style = \"padding-bottom : 66.6875%;;\" class=\"flip-img-wrap none-effect\"><img srcset=\"https:\/\/lps-photography.de\/wp-content\/uploads\/2023\/01\/Hochzeits-fotograf-Mallorca-Sera-de-pula-golf-61.jpg 1600w,  https:\/\/lps-photography.de\/wp-content\/uploads\/2023\/01\/Hochzeits-fotograf-Mallorca-Sera-de-pula-golf-61-300x200.jpg 300w,  https:\/\/lps-photography.de\/wp-content\/uploads\/2023\/01\/Hochzeits-fotograf-Mallorca-Sera-de-pula-golf-61-800x534.jpg 800w,  https:\/\/lps-photography.de\/wp-content\/uploads\/2023\/01\/Hochzeits-fotograf-Mallorca-Sera-de-pula-golf-61-768x512.jpg 768w,  https:\/\/lps-photography.de\/wp-content\/uploads\/2023\/01\/Hochzeits-fotograf-Mallorca-Sera-de-pula-golf-61-1536x1024.jpg 1536w,  https:\/\/lps-photography.de\/wp-content\/uploads\/2023\/01\/Hochzeits-fotograf-Mallorca-Sera-de-pula-golf-61-75x50.jpg 75w,  https:\/\/lps-photography.de\/wp-content\/uploads\/2023\/01\/Hochzeits-fotograf-Mallorca-Sera-de-pula-golf-61-650x433.jpg 650w,  https:\/\/lps-photography.de\/wp-content\/uploads\/2023\/01\/Hochzeits-fotograf-Mallorca-Sera-de-pula-golf-61-1000x667.jpg 1000w,  https:\/\/lps-photography.de\/wp-content\/uploads\/2023\/01\/Hochzeits-fotograf-Mallorca-Sera-de-pula-golf-61-50x33.jpg 50w\" alt=\"Eine Gruppe formell gekleideter Menschen sitzt an einem geschm\u00fcckten Tisch mit Tellern und Gl\u00e4sern, umgeben von schimmernden goldenen Lichtstreifen - und f\u00e4ngt die magische Atmosph\u00e4re einer Hochzeit auf Mallorca durch die Linse eines talentierten Hochzeitsfotografen Mallorca ein.\" data-attr=\"1\" data-id=\"17159\"\/><\/div><\/div><div class=\"thumb-overlay\"><div class=\"thumb-bg\" style=\"background-color:rgba(255,255,255,0);background:rgba(255,255,255,0)\"><div class=\"thumb-title-wrap display-table-cell vertical-align-middle align-center fadeIn animated\"><div class=\"thumb-title\" style=\"color:rgba(255,255,255,0);\"><i class=\"portfolio-overlay-icon\"><\/i><\/div><\/div><\/div><\/div><\/a><\/div><\/div><div class=\"element be-hoverlay not-wide no-wide-width-height style1-hover c_to_c\" style=\"margin-bottom: 10px;\"><div class=\"element-inner\" style=\"margin-left: 10px;\"><a href=\"https:\/\/lps-photography.de\/wp-content\/uploads\/2023\/01\/Hochzeits-fotograf-Mallorca-Sera-de-pula-golf-62.jpg\" data-size=\"1600x1067\" data-href=\"https:\/\/lps-photography.de\/wp-content\/uploads\/2023\/01\/Hochzeits-fotograf-Mallorca-Sera-de-pula-golf-62.jpg\" class=\"thumb-wrap\" title=\"Ein Mann spielt ein Saxophon in einem Innenraum, umgeben von wirbelnden goldenen Lichtern, die einen dynamischen, abstrakten Effekt erzeugen - die perfekte Inspiration f\u00fcr jede Hochzeit auf Mallorca oder f\u00fcr alle, die ein einzigartiges Hochzeitsfotograf Mallorca Erlebnis suchen.\"><div class=\"flip-wrap\"><div data-aspect-ratio=\"1.5\" style = \"padding-bottom : 66.6875%;;\" class=\"flip-img-wrap none-effect\"><img srcset=\"https:\/\/lps-photography.de\/wp-content\/uploads\/2023\/01\/Hochzeits-fotograf-Mallorca-Sera-de-pula-golf-62.jpg 1600w,  https:\/\/lps-photography.de\/wp-content\/uploads\/2023\/01\/Hochzeits-fotograf-Mallorca-Sera-de-pula-golf-62-300x200.jpg 300w,  https:\/\/lps-photography.de\/wp-content\/uploads\/2023\/01\/Hochzeits-fotograf-Mallorca-Sera-de-pula-golf-62-800x534.jpg 800w,  https:\/\/lps-photography.de\/wp-content\/uploads\/2023\/01\/Hochzeits-fotograf-Mallorca-Sera-de-pula-golf-62-768x512.jpg 768w,  https:\/\/lps-photography.de\/wp-content\/uploads\/2023\/01\/Hochzeits-fotograf-Mallorca-Sera-de-pula-golf-62-1536x1024.jpg 1536w,  https:\/\/lps-photography.de\/wp-content\/uploads\/2023\/01\/Hochzeits-fotograf-Mallorca-Sera-de-pula-golf-62-75x50.jpg 75w,  https:\/\/lps-photography.de\/wp-content\/uploads\/2023\/01\/Hochzeits-fotograf-Mallorca-Sera-de-pula-golf-62-650x433.jpg 650w,  https:\/\/lps-photography.de\/wp-content\/uploads\/2023\/01\/Hochzeits-fotograf-Mallorca-Sera-de-pula-golf-62-1000x667.jpg 1000w,  https:\/\/lps-photography.de\/wp-content\/uploads\/2023\/01\/Hochzeits-fotograf-Mallorca-Sera-de-pula-golf-62-50x33.jpg 50w\" alt=\"Ein Mann spielt ein Saxophon in einem Innenraum, umgeben von wirbelnden goldenen Lichtern, die einen dynamischen, abstrakten Effekt erzeugen - die perfekte Inspiration f\u00fcr jede Hochzeit auf Mallorca oder f\u00fcr alle, die ein einzigartiges Hochzeitsfotograf Mallorca Erlebnis suchen.\" data-attr=\"1\" data-id=\"17160\"\/><\/div><\/div><div class=\"thumb-overlay\"><div class=\"thumb-bg\" style=\"background-color:rgba(255,255,255,0);background:rgba(255,255,255,0)\"><div class=\"thumb-title-wrap display-table-cell vertical-align-middle align-center fadeIn animated\"><div class=\"thumb-title\" style=\"color:rgba(255,255,255,0);\"><i class=\"portfolio-overlay-icon\"><\/i><\/div><\/div><\/div><\/div><\/a><\/div><\/div><div class=\"element be-hoverlay not-wide no-wide-width-height style1-hover c_to_c\" style=\"margin-bottom: 10px;\"><div class=\"element-inner\" style=\"margin-left: 10px;\"><a href=\"https:\/\/lps-photography.de\/wp-content\/uploads\/2023\/01\/Hochzeits-fotograf-Mallorca-Sera-de-pula-golf-63.jpg\" data-size=\"1600x1067\" data-href=\"https:\/\/lps-photography.de\/wp-content\/uploads\/2023\/01\/Hochzeits-fotograf-Mallorca-Sera-de-pula-golf-63.jpg\" class=\"thumb-wrap\" title=\"Eine Gruppe von Frauen steht nachts drau\u00dfen im Gras und feiert, w\u00e4hrend eine Frau in der Mitte einen Blumenstrau\u00df h\u00e4lt. Einige klatschen und l\u00e4cheln, w\u00e4hrend die rustikalen Geb\u00e4ude im Hintergrund sanft beleuchtet sind - eine unvergessliche Hochzeit auf Mallorca.\"><div class=\"flip-wrap\"><div data-aspect-ratio=\"1.5\" style = \"padding-bottom : 66.6875%;;\" class=\"flip-img-wrap none-effect\"><img srcset=\"https:\/\/lps-photography.de\/wp-content\/uploads\/2023\/01\/Hochzeits-fotograf-Mallorca-Sera-de-pula-golf-63.jpg 1600w,  https:\/\/lps-photography.de\/wp-content\/uploads\/2023\/01\/Hochzeits-fotograf-Mallorca-Sera-de-pula-golf-63-300x200.jpg 300w,  https:\/\/lps-photography.de\/wp-content\/uploads\/2023\/01\/Hochzeits-fotograf-Mallorca-Sera-de-pula-golf-63-800x534.jpg 800w,  https:\/\/lps-photography.de\/wp-content\/uploads\/2023\/01\/Hochzeits-fotograf-Mallorca-Sera-de-pula-golf-63-768x512.jpg 768w,  https:\/\/lps-photography.de\/wp-content\/uploads\/2023\/01\/Hochzeits-fotograf-Mallorca-Sera-de-pula-golf-63-1536x1024.jpg 1536w,  https:\/\/lps-photography.de\/wp-content\/uploads\/2023\/01\/Hochzeits-fotograf-Mallorca-Sera-de-pula-golf-63-75x50.jpg 75w,  https:\/\/lps-photography.de\/wp-content\/uploads\/2023\/01\/Hochzeits-fotograf-Mallorca-Sera-de-pula-golf-63-650x433.jpg 650w,  https:\/\/lps-photography.de\/wp-content\/uploads\/2023\/01\/Hochzeits-fotograf-Mallorca-Sera-de-pula-golf-63-1000x667.jpg 1000w,  https:\/\/lps-photography.de\/wp-content\/uploads\/2023\/01\/Hochzeits-fotograf-Mallorca-Sera-de-pula-golf-63-50x33.jpg 50w\" alt=\"Eine Gruppe von Frauen steht nachts drau\u00dfen im Gras und feiert, w\u00e4hrend eine Frau in der Mitte einen Blumenstrau\u00df h\u00e4lt. Einige klatschen und l\u00e4cheln, w\u00e4hrend die rustikalen Geb\u00e4ude im Hintergrund sanft beleuchtet sind - eine unvergessliche Hochzeit auf Mallorca.\" data-attr=\"1\" data-id=\"17161\"\/><\/div><\/div><div class=\"thumb-overlay\"><div class=\"thumb-bg\" style=\"background-color:rgba(255,255,255,0);background:rgba(255,255,255,0)\"><div class=\"thumb-title-wrap display-table-cell vertical-align-middle align-center fadeIn animated\"><div class=\"thumb-title\" style=\"color:rgba(255,255,255,0);\"><i class=\"portfolio-overlay-icon\"><\/i><\/div><\/div><\/div><\/div><\/a><\/div><\/div><div class=\"element be-hoverlay not-wide no-wide-width-height style1-hover c_to_c\" style=\"margin-bottom: 10px;\"><div class=\"element-inner\" style=\"margin-left: 10px;\"><a href=\"https:\/\/lps-photography.de\/wp-content\/uploads\/2023\/01\/Hochzeits-fotograf-Mallorca-Sera-de-pula-golf-64.jpg\" data-size=\"1600x1067\" data-href=\"https:\/\/lps-photography.de\/wp-content\/uploads\/2023\/01\/Hochzeits-fotograf-Mallorca-Sera-de-pula-golf-64.jpg\" class=\"thumb-wrap\" title=\"Ein Mann spielt Conga-Trommeln auf einer lebhaften Hochzeit auf Mallorca, umgeben von wirbelnden Lichtern und Bewegungsunsch\u00e4rfe, die eine dynamische, energiegeladene Atmosph\u00e4re schaffen. Die Menschen im Hintergrund scheinen die Musik zu genie\u00dfen und zu tanzen.\"><div class=\"flip-wrap\"><div data-aspect-ratio=\"1.5\" style = \"padding-bottom : 66.6875%;;\" class=\"flip-img-wrap none-effect\"><img srcset=\"https:\/\/lps-photography.de\/wp-content\/uploads\/2023\/01\/Hochzeits-fotograf-Mallorca-Sera-de-pula-golf-64.jpg 1600w,  https:\/\/lps-photography.de\/wp-content\/uploads\/2023\/01\/Hochzeits-fotograf-Mallorca-Sera-de-pula-golf-64-300x200.jpg 300w,  https:\/\/lps-photography.de\/wp-content\/uploads\/2023\/01\/Hochzeits-fotograf-Mallorca-Sera-de-pula-golf-64-800x534.jpg 800w,  https:\/\/lps-photography.de\/wp-content\/uploads\/2023\/01\/Hochzeits-fotograf-Mallorca-Sera-de-pula-golf-64-768x512.jpg 768w,  https:\/\/lps-photography.de\/wp-content\/uploads\/2023\/01\/Hochzeits-fotograf-Mallorca-Sera-de-pula-golf-64-1536x1024.jpg 1536w,  https:\/\/lps-photography.de\/wp-content\/uploads\/2023\/01\/Hochzeits-fotograf-Mallorca-Sera-de-pula-golf-64-75x50.jpg 75w,  https:\/\/lps-photography.de\/wp-content\/uploads\/2023\/01\/Hochzeits-fotograf-Mallorca-Sera-de-pula-golf-64-650x433.jpg 650w,  https:\/\/lps-photography.de\/wp-content\/uploads\/2023\/01\/Hochzeits-fotograf-Mallorca-Sera-de-pula-golf-64-1000x667.jpg 1000w,  https:\/\/lps-photography.de\/wp-content\/uploads\/2023\/01\/Hochzeits-fotograf-Mallorca-Sera-de-pula-golf-64-50x33.jpg 50w\" alt=\"Ein Mann spielt Conga-Trommeln auf einer lebhaften Hochzeit auf Mallorca, umgeben von wirbelnden Lichtern und Bewegungsunsch\u00e4rfe, die eine dynamische, energiegeladene Atmosph\u00e4re schaffen. Die Menschen im Hintergrund scheinen die Musik zu genie\u00dfen und zu tanzen.\" data-attr=\"1\" data-id=\"17162\"\/><\/div><\/div><div class=\"thumb-overlay\"><div class=\"thumb-bg\" style=\"background-color:rgba(255,255,255,0);background:rgba(255,255,255,0)\"><div class=\"thumb-title-wrap display-table-cell vertical-align-middle align-center fadeIn animated\"><div class=\"thumb-title\" style=\"color:rgba(255,255,255,0);\"><i class=\"portfolio-overlay-icon\"><\/i><\/div><\/div><\/div><\/div><\/a><\/div><\/div><div class=\"element be-hoverlay not-wide no-wide-width-height style1-hover c_to_c\" style=\"margin-bottom: 10px;\"><div class=\"element-inner\" style=\"margin-left: 10px;\"><a href=\"https:\/\/lps-photography.de\/wp-content\/uploads\/2023\/01\/Hochzeits-fotograf-Mallorca-Sera-de-pula-golf-65.jpg\" data-size=\"1600x1067\" data-href=\"https:\/\/lps-photography.de\/wp-content\/uploads\/2023\/01\/Hochzeits-fotograf-Mallorca-Sera-de-pula-golf-65.jpg\" class=\"thumb-wrap\" title=\"Ein Mann mit gemustertem Hemd und Hut spielt auf einer Hochzeit auf Mallorca unter blauem und gr\u00fcnem Licht energisch Conga-Trommeln, w\u00e4hrend im Hintergrund eine verschwommene S\u00e4ngerin auftritt.\"><div class=\"flip-wrap\"><div data-aspect-ratio=\"1.5\" style = \"padding-bottom : 66.6875%;;\" class=\"flip-img-wrap none-effect\"><img srcset=\"https:\/\/lps-photography.de\/wp-content\/uploads\/2023\/01\/Hochzeits-fotograf-Mallorca-Sera-de-pula-golf-65.jpg 1600w,  https:\/\/lps-photography.de\/wp-content\/uploads\/2023\/01\/Hochzeits-fotograf-Mallorca-Sera-de-pula-golf-65-300x200.jpg 300w,  https:\/\/lps-photography.de\/wp-content\/uploads\/2023\/01\/Hochzeits-fotograf-Mallorca-Sera-de-pula-golf-65-800x534.jpg 800w,  https:\/\/lps-photography.de\/wp-content\/uploads\/2023\/01\/Hochzeits-fotograf-Mallorca-Sera-de-pula-golf-65-768x512.jpg 768w,  https:\/\/lps-photography.de\/wp-content\/uploads\/2023\/01\/Hochzeits-fotograf-Mallorca-Sera-de-pula-golf-65-1536x1024.jpg 1536w,  https:\/\/lps-photography.de\/wp-content\/uploads\/2023\/01\/Hochzeits-fotograf-Mallorca-Sera-de-pula-golf-65-75x50.jpg 75w,  https:\/\/lps-photography.de\/wp-content\/uploads\/2023\/01\/Hochzeits-fotograf-Mallorca-Sera-de-pula-golf-65-650x433.jpg 650w,  https:\/\/lps-photography.de\/wp-content\/uploads\/2023\/01\/Hochzeits-fotograf-Mallorca-Sera-de-pula-golf-65-1000x667.jpg 1000w,  https:\/\/lps-photography.de\/wp-content\/uploads\/2023\/01\/Hochzeits-fotograf-Mallorca-Sera-de-pula-golf-65-50x33.jpg 50w\" alt=\"Ein Mann mit gemustertem Hemd und Hut spielt auf einer Hochzeit auf Mallorca unter blauem und gr\u00fcnem Licht energisch Conga-Trommeln, w\u00e4hrend im Hintergrund eine verschwommene S\u00e4ngerin auftritt.\" data-attr=\"1\" data-id=\"17163\"\/><\/div><\/div><div class=\"thumb-overlay\"><div class=\"thumb-bg\" style=\"background-color:rgba(255,255,255,0);background:rgba(255,255,255,0)\"><div class=\"thumb-title-wrap display-table-cell vertical-align-middle align-center fadeIn animated\"><div class=\"thumb-title\" style=\"color:rgba(255,255,255,0);\"><i class=\"portfolio-overlay-icon\"><\/i><\/div><\/div><\/div><\/div><\/a><\/div><\/div><div class=\"element be-hoverlay not-wide no-wide-width-height style1-hover c_to_c\" style=\"margin-bottom: 10px;\"><div class=\"element-inner\" style=\"margin-left: 10px;\"><a href=\"https:\/\/lps-photography.de\/wp-content\/uploads\/2023\/01\/Hochzeits-fotograf-Mallorca-Sera-de-pula-golf-66.jpg\" data-size=\"1600x1067\" data-href=\"https:\/\/lps-photography.de\/wp-content\/uploads\/2023\/01\/Hochzeits-fotograf-Mallorca-Sera-de-pula-golf-66.jpg\" class=\"thumb-wrap\" title=\"Ein l\u00e4chelnder Percussionist mit Hut spielt Conga-Trommeln auf einer lebhaften Indoor-Hochzeit auf Mallorca, begleitet von einem Saxophonisten, einem S\u00e4nger mit Mikrofon und G\u00e4sten, die unter blauem B\u00fchnenlicht zuschauen - perfekt f\u00fcr jeden Hochzeitsfotografen Mallorca zum Festhalten.\"><div class=\"flip-wrap\"><div data-aspect-ratio=\"1.5\" style = \"padding-bottom : 66.6875%;;\" class=\"flip-img-wrap none-effect\"><img srcset=\"https:\/\/lps-photography.de\/wp-content\/uploads\/2023\/01\/Hochzeits-fotograf-Mallorca-Sera-de-pula-golf-66.jpg 1600w,  https:\/\/lps-photography.de\/wp-content\/uploads\/2023\/01\/Hochzeits-fotograf-Mallorca-Sera-de-pula-golf-66-300x200.jpg 300w,  https:\/\/lps-photography.de\/wp-content\/uploads\/2023\/01\/Hochzeits-fotograf-Mallorca-Sera-de-pula-golf-66-800x534.jpg 800w,  https:\/\/lps-photography.de\/wp-content\/uploads\/2023\/01\/Hochzeits-fotograf-Mallorca-Sera-de-pula-golf-66-768x512.jpg 768w,  https:\/\/lps-photography.de\/wp-content\/uploads\/2023\/01\/Hochzeits-fotograf-Mallorca-Sera-de-pula-golf-66-1536x1024.jpg 1536w,  https:\/\/lps-photography.de\/wp-content\/uploads\/2023\/01\/Hochzeits-fotograf-Mallorca-Sera-de-pula-golf-66-75x50.jpg 75w,  https:\/\/lps-photography.de\/wp-content\/uploads\/2023\/01\/Hochzeits-fotograf-Mallorca-Sera-de-pula-golf-66-650x433.jpg 650w,  https:\/\/lps-photography.de\/wp-content\/uploads\/2023\/01\/Hochzeits-fotograf-Mallorca-Sera-de-pula-golf-66-1000x667.jpg 1000w,  https:\/\/lps-photography.de\/wp-content\/uploads\/2023\/01\/Hochzeits-fotograf-Mallorca-Sera-de-pula-golf-66-50x33.jpg 50w\" alt=\"Ein l\u00e4chelnder Percussionist mit Hut spielt Conga-Trommeln auf einer lebhaften Indoor-Hochzeit auf Mallorca, begleitet von einem Saxophonisten, einem S\u00e4nger mit Mikrofon und G\u00e4sten, die unter blauem B\u00fchnenlicht zuschauen - perfekt f\u00fcr jeden Hochzeitsfotografen Mallorca zum Festhalten.\" data-attr=\"1\" data-id=\"17164\"\/><\/div><\/div><div class=\"thumb-overlay\"><div class=\"thumb-bg\" style=\"background-color:rgba(255,255,255,0);background:rgba(255,255,255,0)\"><div class=\"thumb-title-wrap display-table-cell vertical-align-middle align-center fadeIn animated\"><div class=\"thumb-title\" style=\"color:rgba(255,255,255,0);\"><i class=\"portfolio-overlay-icon\"><\/i><\/div><\/div><\/div><\/div><\/a><\/div><\/div><div class=\"element be-hoverlay not-wide no-wide-width-height style1-hover c_to_c\" style=\"margin-bottom: 10px;\"><div class=\"element-inner\" style=\"margin-left: 10px;\"><a href=\"https:\/\/lps-photography.de\/wp-content\/uploads\/2023\/01\/Hochzeits-fotograf-Mallorca-Sera-de-pula-golf-67.jpg\" data-size=\"1600x1067\" data-href=\"https:\/\/lps-photography.de\/wp-content\/uploads\/2023\/01\/Hochzeits-fotograf-Mallorca-Sera-de-pula-golf-67.jpg\" class=\"thumb-wrap\" title=\"Ein Paar tanzt zusammen in eleganter Kleidung auf ihrer Hochzeit auf Mallorca, umgeben von wirbelnden, verschwommenen Lichtern und Farben, die eine vertr\u00e4umte, energiegeladene Atmosph\u00e4re schaffen, perfekt eingefangen von einem Hochzeitsfotograf Mallorca.\"><div class=\"flip-wrap\"><div data-aspect-ratio=\"1.5\" style = \"padding-bottom : 66.6875%;;\" class=\"flip-img-wrap none-effect\"><img srcset=\"https:\/\/lps-photography.de\/wp-content\/uploads\/2023\/01\/Hochzeits-fotograf-Mallorca-Sera-de-pula-golf-67.jpg 1600w,  https:\/\/lps-photography.de\/wp-content\/uploads\/2023\/01\/Hochzeits-fotograf-Mallorca-Sera-de-pula-golf-67-300x200.jpg 300w,  https:\/\/lps-photography.de\/wp-content\/uploads\/2023\/01\/Hochzeits-fotograf-Mallorca-Sera-de-pula-golf-67-800x534.jpg 800w,  https:\/\/lps-photography.de\/wp-content\/uploads\/2023\/01\/Hochzeits-fotograf-Mallorca-Sera-de-pula-golf-67-768x512.jpg 768w,  https:\/\/lps-photography.de\/wp-content\/uploads\/2023\/01\/Hochzeits-fotograf-Mallorca-Sera-de-pula-golf-67-1536x1024.jpg 1536w,  https:\/\/lps-photography.de\/wp-content\/uploads\/2023\/01\/Hochzeits-fotograf-Mallorca-Sera-de-pula-golf-67-75x50.jpg 75w,  https:\/\/lps-photography.de\/wp-content\/uploads\/2023\/01\/Hochzeits-fotograf-Mallorca-Sera-de-pula-golf-67-650x433.jpg 650w,  https:\/\/lps-photography.de\/wp-content\/uploads\/2023\/01\/Hochzeits-fotograf-Mallorca-Sera-de-pula-golf-67-1000x667.jpg 1000w,  https:\/\/lps-photography.de\/wp-content\/uploads\/2023\/01\/Hochzeits-fotograf-Mallorca-Sera-de-pula-golf-67-50x33.jpg 50w\" alt=\"Ein Paar tanzt zusammen in eleganter Kleidung auf ihrer Hochzeit auf Mallorca, umgeben von wirbelnden, verschwommenen Lichtern und Farben, die eine vertr\u00e4umte, energiegeladene Atmosph\u00e4re schaffen, perfekt eingefangen von einem Hochzeitsfotograf Mallorca.\" data-attr=\"1\" data-id=\"17165\"\/><\/div><\/div><div class=\"thumb-overlay\"><div class=\"thumb-bg\" style=\"background-color:rgba(255,255,255,0);background:rgba(255,255,255,0)\"><div class=\"thumb-title-wrap display-table-cell vertical-align-middle align-center fadeIn animated\"><div class=\"thumb-title\" style=\"color:rgba(255,255,255,0);\"><i class=\"portfolio-overlay-icon\"><\/i><\/div><\/div><\/div><\/div><\/a><\/div><\/div><div class=\"element be-hoverlay not-wide no-wide-width-height style1-hover c_to_c\" style=\"margin-bottom: 10px;\"><div class=\"element-inner\" style=\"margin-left: 10px;\"><a href=\"https:\/\/lps-photography.de\/wp-content\/uploads\/2023\/01\/Hochzeits-fotograf-Mallorca-Sera-de-pula-golf-68.jpg\" data-size=\"1600x1067\" data-href=\"https:\/\/lps-photography.de\/wp-content\/uploads\/2023\/01\/Hochzeits-fotograf-Mallorca-Sera-de-pula-golf-68.jpg\" class=\"thumb-wrap\" title=\"Eine Braut und ein Br\u00e4utigam tanzen ihren ersten Tanz auf einer Hochzeit auf Mallorca, umgeben von l\u00e4chelnden G\u00e4sten. Wunderkerzen leuchten hinter ihnen auf und schaffen eine fr\u00f6hliche und festliche Atmosph\u00e4re, die von einem Hochzeitsfotografen Mallorca perfekt eingefangen wurde.\"><div class=\"flip-wrap\"><div data-aspect-ratio=\"1.5\" style = \"padding-bottom : 66.6875%;;\" class=\"flip-img-wrap none-effect\"><img srcset=\"https:\/\/lps-photography.de\/wp-content\/uploads\/2023\/01\/Hochzeits-fotograf-Mallorca-Sera-de-pula-golf-68.jpg 1600w,  https:\/\/lps-photography.de\/wp-content\/uploads\/2023\/01\/Hochzeits-fotograf-Mallorca-Sera-de-pula-golf-68-300x200.jpg 300w,  https:\/\/lps-photography.de\/wp-content\/uploads\/2023\/01\/Hochzeits-fotograf-Mallorca-Sera-de-pula-golf-68-800x534.jpg 800w,  https:\/\/lps-photography.de\/wp-content\/uploads\/2023\/01\/Hochzeits-fotograf-Mallorca-Sera-de-pula-golf-68-768x512.jpg 768w,  https:\/\/lps-photography.de\/wp-content\/uploads\/2023\/01\/Hochzeits-fotograf-Mallorca-Sera-de-pula-golf-68-1536x1024.jpg 1536w,  https:\/\/lps-photography.de\/wp-content\/uploads\/2023\/01\/Hochzeits-fotograf-Mallorca-Sera-de-pula-golf-68-75x50.jpg 75w,  https:\/\/lps-photography.de\/wp-content\/uploads\/2023\/01\/Hochzeits-fotograf-Mallorca-Sera-de-pula-golf-68-650x433.jpg 650w,  https:\/\/lps-photography.de\/wp-content\/uploads\/2023\/01\/Hochzeits-fotograf-Mallorca-Sera-de-pula-golf-68-1000x667.jpg 1000w,  https:\/\/lps-photography.de\/wp-content\/uploads\/2023\/01\/Hochzeits-fotograf-Mallorca-Sera-de-pula-golf-68-50x33.jpg 50w\" alt=\"Eine Braut und ein Br\u00e4utigam tanzen ihren ersten Tanz auf einer Hochzeit auf Mallorca, umgeben von l\u00e4chelnden G\u00e4sten. Wunderkerzen leuchten hinter ihnen auf und schaffen eine fr\u00f6hliche und festliche Atmosph\u00e4re, die von einem Hochzeitsfotografen Mallorca perfekt eingefangen wurde.\" data-attr=\"1\" data-id=\"17166\"\/><\/div><\/div><div class=\"thumb-overlay\"><div class=\"thumb-bg\" style=\"background-color:rgba(255,255,255,0);background:rgba(255,255,255,0)\"><div class=\"thumb-title-wrap display-table-cell vertical-align-middle align-center fadeIn animated\"><div class=\"thumb-title\" style=\"color:rgba(255,255,255,0);\"><i class=\"portfolio-overlay-icon\"><\/i><\/div><\/div><\/div><\/div><\/a><\/div><\/div><div class=\"element be-hoverlay not-wide no-wide-width-height style1-hover c_to_c\" style=\"margin-bottom: 10px;\"><div class=\"element-inner\" style=\"margin-left: 10px;\"><a href=\"https:\/\/lps-photography.de\/wp-content\/uploads\/2023\/01\/Hochzeits-fotograf-Mallorca-Sera-de-pula-golf-69.jpg\" data-size=\"1600x1067\" data-href=\"https:\/\/lps-photography.de\/wp-content\/uploads\/2023\/01\/Hochzeits-fotograf-Mallorca-Sera-de-pula-golf-69.jpg\" class=\"thumb-wrap\" title=\"Ein f\u00f6rmlich gekleidetes Paar tanzt und k\u00fcsst sich auf einer \u00fcberf\u00fcllten, warm beleuchteten Tanzfl\u00e4che, wobei die Bewegungsunsch\u00e4rfe die lebhafte Atmosph\u00e4re einf\u00e4ngt - eine perfekte Verk\u00f6rperung der Freude an einer Hochzeit auf Mallorca, gesehen durch die Linse eines Hochzeitsfotografen Mallorca.\"><div class=\"flip-wrap\"><div data-aspect-ratio=\"1.5\" style = \"padding-bottom : 66.6875%;;\" class=\"flip-img-wrap none-effect\"><img srcset=\"https:\/\/lps-photography.de\/wp-content\/uploads\/2023\/01\/Hochzeits-fotograf-Mallorca-Sera-de-pula-golf-69.jpg 1600w,  https:\/\/lps-photography.de\/wp-content\/uploads\/2023\/01\/Hochzeits-fotograf-Mallorca-Sera-de-pula-golf-69-300x200.jpg 300w,  https:\/\/lps-photography.de\/wp-content\/uploads\/2023\/01\/Hochzeits-fotograf-Mallorca-Sera-de-pula-golf-69-800x534.jpg 800w,  https:\/\/lps-photography.de\/wp-content\/uploads\/2023\/01\/Hochzeits-fotograf-Mallorca-Sera-de-pula-golf-69-768x512.jpg 768w,  https:\/\/lps-photography.de\/wp-content\/uploads\/2023\/01\/Hochzeits-fotograf-Mallorca-Sera-de-pula-golf-69-1536x1024.jpg 1536w,  https:\/\/lps-photography.de\/wp-content\/uploads\/2023\/01\/Hochzeits-fotograf-Mallorca-Sera-de-pula-golf-69-75x50.jpg 75w,  https:\/\/lps-photography.de\/wp-content\/uploads\/2023\/01\/Hochzeits-fotograf-Mallorca-Sera-de-pula-golf-69-650x433.jpg 650w,  https:\/\/lps-photography.de\/wp-content\/uploads\/2023\/01\/Hochzeits-fotograf-Mallorca-Sera-de-pula-golf-69-1000x667.jpg 1000w,  https:\/\/lps-photography.de\/wp-content\/uploads\/2023\/01\/Hochzeits-fotograf-Mallorca-Sera-de-pula-golf-69-50x33.jpg 50w\" alt=\"Ein f\u00f6rmlich gekleidetes Paar tanzt und k\u00fcsst sich auf einer \u00fcberf\u00fcllten, warm beleuchteten Tanzfl\u00e4che, wobei die Bewegungsunsch\u00e4rfe die lebhafte Atmosph\u00e4re einf\u00e4ngt - eine perfekte Verk\u00f6rperung der Freude an einer Hochzeit auf Mallorca, gesehen durch die Linse eines Hochzeitsfotografen Mallorca.\" data-attr=\"1\" data-id=\"17167\"\/><\/div><\/div><div class=\"thumb-overlay\"><div class=\"thumb-bg\" style=\"background-color:rgba(255,255,255,0);background:rgba(255,255,255,0)\"><div class=\"thumb-title-wrap display-table-cell vertical-align-middle align-center fadeIn animated\"><div class=\"thumb-title\" style=\"color:rgba(255,255,255,0);\"><i class=\"portfolio-overlay-icon\"><\/i><\/div><\/div><\/div><\/div><\/a><\/div><\/div><div class=\"element be-hoverlay not-wide no-wide-width-height style1-hover c_to_c\" style=\"margin-bottom: 10px;\"><div class=\"element-inner\" style=\"margin-left: 10px;\"><a href=\"https:\/\/lps-photography.de\/wp-content\/uploads\/2023\/01\/Hochzeits-fotograf-Mallorca-Sera-de-pula-golf-70.jpg\" data-size=\"1600x1067\" data-href=\"https:\/\/lps-photography.de\/wp-content\/uploads\/2023\/01\/Hochzeits-fotograf-Mallorca-Sera-de-pula-golf-70.jpg\" class=\"thumb-wrap\" title=\"Ein fr\u00f6hlicher Mann in einem hellblauen Hemd zeigt auf einen Punkt und l\u00e4chelt, w\u00e4hrend er auf einer lebhaften Indoor-Party w\u00e4hrend einer Hochzeit auf Mallorca tanzt, umgeben von Menschen, die die Musik und die festliche Atmosph\u00e4re genie\u00dfen.\"><div class=\"flip-wrap\"><div data-aspect-ratio=\"1.5\" style = \"padding-bottom : 66.6875%;;\" class=\"flip-img-wrap none-effect\"><img srcset=\"https:\/\/lps-photography.de\/wp-content\/uploads\/2023\/01\/Hochzeits-fotograf-Mallorca-Sera-de-pula-golf-70.jpg 1600w,  https:\/\/lps-photography.de\/wp-content\/uploads\/2023\/01\/Hochzeits-fotograf-Mallorca-Sera-de-pula-golf-70-300x200.jpg 300w,  https:\/\/lps-photography.de\/wp-content\/uploads\/2023\/01\/Hochzeits-fotograf-Mallorca-Sera-de-pula-golf-70-800x534.jpg 800w,  https:\/\/lps-photography.de\/wp-content\/uploads\/2023\/01\/Hochzeits-fotograf-Mallorca-Sera-de-pula-golf-70-768x512.jpg 768w,  https:\/\/lps-photography.de\/wp-content\/uploads\/2023\/01\/Hochzeits-fotograf-Mallorca-Sera-de-pula-golf-70-1536x1024.jpg 1536w,  https:\/\/lps-photography.de\/wp-content\/uploads\/2023\/01\/Hochzeits-fotograf-Mallorca-Sera-de-pula-golf-70-75x50.jpg 75w,  https:\/\/lps-photography.de\/wp-content\/uploads\/2023\/01\/Hochzeits-fotograf-Mallorca-Sera-de-pula-golf-70-650x433.jpg 650w,  https:\/\/lps-photography.de\/wp-content\/uploads\/2023\/01\/Hochzeits-fotograf-Mallorca-Sera-de-pula-golf-70-1000x667.jpg 1000w,  https:\/\/lps-photography.de\/wp-content\/uploads\/2023\/01\/Hochzeits-fotograf-Mallorca-Sera-de-pula-golf-70-50x33.jpg 50w\" alt=\"Ein fr\u00f6hlicher Mann in einem hellblauen Hemd zeigt auf einen Punkt und l\u00e4chelt, w\u00e4hrend er auf einer lebhaften Indoor-Party w\u00e4hrend einer Hochzeit auf Mallorca tanzt, umgeben von Menschen, die die Musik und die festliche Atmosph\u00e4re genie\u00dfen.\" data-attr=\"1\" data-id=\"17168\"\/><\/div><\/div><div class=\"thumb-overlay\"><div class=\"thumb-bg\" style=\"background-color:rgba(255,255,255,0);background:rgba(255,255,255,0)\"><div class=\"thumb-title-wrap display-table-cell vertical-align-middle align-center fadeIn animated\"><div class=\"thumb-title\" style=\"color:rgba(255,255,255,0);\"><i class=\"portfolio-overlay-icon\"><\/i><\/div><\/div><\/div><\/div><\/a><\/div><\/div><div class=\"element be-hoverlay not-wide no-wide-width-height style1-hover c_to_c\" style=\"margin-bottom: 10px;\"><div class=\"element-inner\" style=\"margin-left: 10px;\"><a href=\"https:\/\/lps-photography.de\/wp-content\/uploads\/2023\/01\/Hochzeits-fotograf-Mallorca-Sera-de-pula-golf-71.jpg\" data-size=\"1600x1067\" data-href=\"https:\/\/lps-photography.de\/wp-content\/uploads\/2023\/01\/Hochzeits-fotograf-Mallorca-Sera-de-pula-golf-71.jpg\" class=\"thumb-wrap\" title=\"Eine l\u00e4chelnde \u00e4ltere Frau in einem farbenfrohen Kleid tanzt freudig mit einem Mann in einer wei\u00dfen Weste auf einer lebhaften Hochzeit auf Mallorca. Andere G\u00e4ste und Musiker sind im Hintergrund zu sehen, umgeben von Lichtern und Pflanzen.\"><div class=\"flip-wrap\"><div data-aspect-ratio=\"1.5\" style = \"padding-bottom : 66.6875%;;\" class=\"flip-img-wrap none-effect\"><img srcset=\"https:\/\/lps-photography.de\/wp-content\/uploads\/2023\/01\/Hochzeits-fotograf-Mallorca-Sera-de-pula-golf-71.jpg 1600w,  https:\/\/lps-photography.de\/wp-content\/uploads\/2023\/01\/Hochzeits-fotograf-Mallorca-Sera-de-pula-golf-71-300x200.jpg 300w,  https:\/\/lps-photography.de\/wp-content\/uploads\/2023\/01\/Hochzeits-fotograf-Mallorca-Sera-de-pula-golf-71-800x534.jpg 800w,  https:\/\/lps-photography.de\/wp-content\/uploads\/2023\/01\/Hochzeits-fotograf-Mallorca-Sera-de-pula-golf-71-768x512.jpg 768w,  https:\/\/lps-photography.de\/wp-content\/uploads\/2023\/01\/Hochzeits-fotograf-Mallorca-Sera-de-pula-golf-71-1536x1024.jpg 1536w,  https:\/\/lps-photography.de\/wp-content\/uploads\/2023\/01\/Hochzeits-fotograf-Mallorca-Sera-de-pula-golf-71-75x50.jpg 75w,  https:\/\/lps-photography.de\/wp-content\/uploads\/2023\/01\/Hochzeits-fotograf-Mallorca-Sera-de-pula-golf-71-650x433.jpg 650w,  https:\/\/lps-photography.de\/wp-content\/uploads\/2023\/01\/Hochzeits-fotograf-Mallorca-Sera-de-pula-golf-71-1000x667.jpg 1000w,  https:\/\/lps-photography.de\/wp-content\/uploads\/2023\/01\/Hochzeits-fotograf-Mallorca-Sera-de-pula-golf-71-50x33.jpg 50w\" alt=\"Eine l\u00e4chelnde \u00e4ltere Frau in einem farbenfrohen Kleid tanzt freudig mit einem Mann in einer wei\u00dfen Weste auf einer lebhaften Hochzeit auf Mallorca. Andere G\u00e4ste und Musiker sind im Hintergrund zu sehen, umgeben von Lichtern und Pflanzen.\" data-attr=\"1\" data-id=\"17169\"\/><\/div><\/div><div class=\"thumb-overlay\"><div class=\"thumb-bg\" style=\"background-color:rgba(255,255,255,0);background:rgba(255,255,255,0)\"><div class=\"thumb-title-wrap display-table-cell vertical-align-middle align-center fadeIn animated\"><div class=\"thumb-title\" style=\"color:rgba(255,255,255,0);\"><i class=\"portfolio-overlay-icon\"><\/i><\/div><\/div><\/div><\/div><\/a><\/div><\/div><div class=\"element be-hoverlay not-wide no-wide-width-height style1-hover c_to_c\" style=\"margin-bottom: 10px;\"><div class=\"element-inner\" style=\"margin-left: 10px;\"><a href=\"https:\/\/lps-photography.de\/wp-content\/uploads\/2023\/01\/Hochzeits-fotograf-Mallorca-Sera-de-pula-golf-72.jpg\" data-size=\"1600x1067\" data-href=\"https:\/\/lps-photography.de\/wp-content\/uploads\/2023\/01\/Hochzeits-fotograf-Mallorca-Sera-de-pula-golf-72.jpg\" class=\"thumb-wrap\" title=\"Braut und Br\u00e4utigam tanzen zusammen auf einer lebhaften Indoor-Hochzeit auf Mallorca, umgeben von G\u00e4sten und Musikern, die Congas spielen. Blaue Beleuchtung schafft eine festliche Atmosph\u00e4re.\"><div class=\"flip-wrap\"><div data-aspect-ratio=\"1.5\" style = \"padding-bottom : 66.6875%;;\" class=\"flip-img-wrap none-effect\"><img srcset=\"https:\/\/lps-photography.de\/wp-content\/uploads\/2023\/01\/Hochzeits-fotograf-Mallorca-Sera-de-pula-golf-72.jpg 1600w,  https:\/\/lps-photography.de\/wp-content\/uploads\/2023\/01\/Hochzeits-fotograf-Mallorca-Sera-de-pula-golf-72-300x200.jpg 300w,  https:\/\/lps-photography.de\/wp-content\/uploads\/2023\/01\/Hochzeits-fotograf-Mallorca-Sera-de-pula-golf-72-800x534.jpg 800w,  https:\/\/lps-photography.de\/wp-content\/uploads\/2023\/01\/Hochzeits-fotograf-Mallorca-Sera-de-pula-golf-72-768x512.jpg 768w,  https:\/\/lps-photography.de\/wp-content\/uploads\/2023\/01\/Hochzeits-fotograf-Mallorca-Sera-de-pula-golf-72-1536x1024.jpg 1536w,  https:\/\/lps-photography.de\/wp-content\/uploads\/2023\/01\/Hochzeits-fotograf-Mallorca-Sera-de-pula-golf-72-75x50.jpg 75w,  https:\/\/lps-photography.de\/wp-content\/uploads\/2023\/01\/Hochzeits-fotograf-Mallorca-Sera-de-pula-golf-72-650x433.jpg 650w,  https:\/\/lps-photography.de\/wp-content\/uploads\/2023\/01\/Hochzeits-fotograf-Mallorca-Sera-de-pula-golf-72-1000x667.jpg 1000w,  https:\/\/lps-photography.de\/wp-content\/uploads\/2023\/01\/Hochzeits-fotograf-Mallorca-Sera-de-pula-golf-72-50x33.jpg 50w\" alt=\"Braut und Br\u00e4utigam tanzen zusammen auf einer lebhaften Indoor-Hochzeit auf Mallorca, umgeben von G\u00e4sten und Musikern, die Congas spielen. Blaue Beleuchtung schafft eine festliche Atmosph\u00e4re.\" data-attr=\"1\" data-id=\"17170\"\/><\/div><\/div><div class=\"thumb-overlay\"><div class=\"thumb-bg\" style=\"background-color:rgba(255,255,255,0);background:rgba(255,255,255,0)\"><div class=\"thumb-title-wrap display-table-cell vertical-align-middle align-center fadeIn animated\"><div class=\"thumb-title\" style=\"color:rgba(255,255,255,0);\"><i class=\"portfolio-overlay-icon\"><\/i><\/div><\/div><\/div><\/div><\/a><\/div><\/div><div class=\"element be-hoverlay not-wide no-wide-width-height style1-hover c_to_c\" style=\"margin-bottom: 10px;\"><div class=\"element-inner\" style=\"margin-left: 10px;\"><a href=\"https:\/\/lps-photography.de\/wp-content\/uploads\/2023\/01\/Hochzeits-fotograf-Mallorca-Sera-de-pula-golf-73.jpg\" data-size=\"1600x1067\" data-href=\"https:\/\/lps-photography.de\/wp-content\/uploads\/2023\/01\/Hochzeits-fotograf-Mallorca-Sera-de-pula-golf-73.jpg\" class=\"thumb-wrap\" title=\"Braut und Br\u00e4utigam tanzen und l\u00e4cheln auf ihrer Hochzeitsfeier, w\u00e4hrend die G\u00e4ste und Musiker im Hintergrund feiern - perfekte Momente, eingefangen von einem Hochzeitsfotografen Mallorca auf einer wundersch\u00f6nen Hochzeit auf Mallorca.\"><div class=\"flip-wrap\"><div data-aspect-ratio=\"1.5\" style = \"padding-bottom : 66.6875%;;\" class=\"flip-img-wrap none-effect\"><img srcset=\"https:\/\/lps-photography.de\/wp-content\/uploads\/2023\/01\/Hochzeits-fotograf-Mallorca-Sera-de-pula-golf-73.jpg 1600w,  https:\/\/lps-photography.de\/wp-content\/uploads\/2023\/01\/Hochzeits-fotograf-Mallorca-Sera-de-pula-golf-73-300x200.jpg 300w,  https:\/\/lps-photography.de\/wp-content\/uploads\/2023\/01\/Hochzeits-fotograf-Mallorca-Sera-de-pula-golf-73-800x534.jpg 800w,  https:\/\/lps-photography.de\/wp-content\/uploads\/2023\/01\/Hochzeits-fotograf-Mallorca-Sera-de-pula-golf-73-768x512.jpg 768w,  https:\/\/lps-photography.de\/wp-content\/uploads\/2023\/01\/Hochzeits-fotograf-Mallorca-Sera-de-pula-golf-73-1536x1024.jpg 1536w,  https:\/\/lps-photography.de\/wp-content\/uploads\/2023\/01\/Hochzeits-fotograf-Mallorca-Sera-de-pula-golf-73-75x50.jpg 75w,  https:\/\/lps-photography.de\/wp-content\/uploads\/2023\/01\/Hochzeits-fotograf-Mallorca-Sera-de-pula-golf-73-650x433.jpg 650w,  https:\/\/lps-photography.de\/wp-content\/uploads\/2023\/01\/Hochzeits-fotograf-Mallorca-Sera-de-pula-golf-73-1000x667.jpg 1000w,  https:\/\/lps-photography.de\/wp-content\/uploads\/2023\/01\/Hochzeits-fotograf-Mallorca-Sera-de-pula-golf-73-50x33.jpg 50w\" alt=\"Braut und Br\u00e4utigam tanzen und l\u00e4cheln auf ihrer Hochzeitsfeier, w\u00e4hrend die G\u00e4ste und Musiker im Hintergrund feiern - perfekte Momente, eingefangen von einem Hochzeitsfotografen Mallorca auf einer wundersch\u00f6nen Hochzeit auf Mallorca.\" data-attr=\"1\" data-id=\"17171\"\/><\/div><\/div><div class=\"thumb-overlay\"><div class=\"thumb-bg\" style=\"background-color:rgba(255,255,255,0);background:rgba(255,255,255,0)\"><div class=\"thumb-title-wrap display-table-cell vertical-align-middle align-center fadeIn animated\"><div class=\"thumb-title\" style=\"color:rgba(255,255,255,0);\"><i class=\"portfolio-overlay-icon\"><\/i><\/div><\/div><\/div><\/div><\/a><\/div><\/div><div class=\"element be-hoverlay not-wide no-wide-width-height style1-hover c_to_c\" style=\"margin-bottom: 10px;\"><div class=\"element-inner\" style=\"margin-left: 10px;\"><a href=\"https:\/\/lps-photography.de\/wp-content\/uploads\/2023\/01\/Hochzeits-fotograf-Mallorca-Sera-de-pula-golf-74.jpg\" data-size=\"1600x1067\" data-href=\"https:\/\/lps-photography.de\/wp-content\/uploads\/2023\/01\/Hochzeits-fotograf-Mallorca-Sera-de-pula-golf-74.jpg\" class=\"thumb-wrap\" title=\"Ein Mann mit blauem Hut und gemustertem Hemd spielt energisch Conga-Trommeln bei einer lebhaften Indoor-Hochzeit auf Mallorca, wobei verschwommene Lichter und Menschen im Hintergrund eine dynamische, festliche Atmosph\u00e4re schaffen.\"><div class=\"flip-wrap\"><div data-aspect-ratio=\"1.5\" style = \"padding-bottom : 66.6875%;;\" class=\"flip-img-wrap none-effect\"><img srcset=\"https:\/\/lps-photography.de\/wp-content\/uploads\/2023\/01\/Hochzeits-fotograf-Mallorca-Sera-de-pula-golf-74.jpg 1600w,  https:\/\/lps-photography.de\/wp-content\/uploads\/2023\/01\/Hochzeits-fotograf-Mallorca-Sera-de-pula-golf-74-300x200.jpg 300w,  https:\/\/lps-photography.de\/wp-content\/uploads\/2023\/01\/Hochzeits-fotograf-Mallorca-Sera-de-pula-golf-74-800x534.jpg 800w,  https:\/\/lps-photography.de\/wp-content\/uploads\/2023\/01\/Hochzeits-fotograf-Mallorca-Sera-de-pula-golf-74-768x512.jpg 768w,  https:\/\/lps-photography.de\/wp-content\/uploads\/2023\/01\/Hochzeits-fotograf-Mallorca-Sera-de-pula-golf-74-1536x1024.jpg 1536w,  https:\/\/lps-photography.de\/wp-content\/uploads\/2023\/01\/Hochzeits-fotograf-Mallorca-Sera-de-pula-golf-74-75x50.jpg 75w,  https:\/\/lps-photography.de\/wp-content\/uploads\/2023\/01\/Hochzeits-fotograf-Mallorca-Sera-de-pula-golf-74-650x433.jpg 650w,  https:\/\/lps-photography.de\/wp-content\/uploads\/2023\/01\/Hochzeits-fotograf-Mallorca-Sera-de-pula-golf-74-1000x667.jpg 1000w,  https:\/\/lps-photography.de\/wp-content\/uploads\/2023\/01\/Hochzeits-fotograf-Mallorca-Sera-de-pula-golf-74-50x33.jpg 50w\" alt=\"Ein Mann mit blauem Hut und gemustertem Hemd spielt energisch Conga-Trommeln bei einer lebhaften Indoor-Hochzeit auf Mallorca, wobei verschwommene Lichter und Menschen im Hintergrund eine dynamische, festliche Atmosph\u00e4re schaffen.\" data-attr=\"1\" data-id=\"17172\"\/><\/div><\/div><div class=\"thumb-overlay\"><div class=\"thumb-bg\" style=\"background-color:rgba(255,255,255,0);background:rgba(255,255,255,0)\"><div class=\"thumb-title-wrap display-table-cell vertical-align-middle align-center fadeIn animated\"><div class=\"thumb-title\" style=\"color:rgba(255,255,255,0);\"><i class=\"portfolio-overlay-icon\"><\/i><\/div><\/div><\/div><\/div><\/a><\/div><\/div><div class=\"element be-hoverlay not-wide no-wide-width-height style1-hover c_to_c\" style=\"margin-bottom: 10px;\"><div class=\"element-inner\" style=\"margin-left: 10px;\"><a href=\"https:\/\/lps-photography.de\/wp-content\/uploads\/2023\/01\/Hochzeits-fotograf-Mallorca-Sera-de-pula-golf-75.jpg\" data-size=\"1600x1067\" data-href=\"https:\/\/lps-photography.de\/wp-content\/uploads\/2023\/01\/Hochzeits-fotograf-Mallorca-Sera-de-pula-golf-75.jpg\" class=\"thumb-wrap\" title=\"Menschen tanzen energisch auf einer Party unter bunten, verschwommenen Lichtern. Eine Frau in einem schwarzen Kleid wirbelt mit ausgestreckten Armen, w\u00e4hrend andere die lebhafte Atmosph\u00e4re genie\u00dfen - perfekte Momente f\u00fcr einen Hochzeitsfotograf Mallorca bei einer Hochzeit auf Mallorca.\"><div class=\"flip-wrap\"><div data-aspect-ratio=\"1.5\" style = \"padding-bottom : 66.6875%;;\" class=\"flip-img-wrap none-effect\"><img srcset=\"https:\/\/lps-photography.de\/wp-content\/uploads\/2023\/01\/Hochzeits-fotograf-Mallorca-Sera-de-pula-golf-75.jpg 1600w,  https:\/\/lps-photography.de\/wp-content\/uploads\/2023\/01\/Hochzeits-fotograf-Mallorca-Sera-de-pula-golf-75-300x200.jpg 300w,  https:\/\/lps-photography.de\/wp-content\/uploads\/2023\/01\/Hochzeits-fotograf-Mallorca-Sera-de-pula-golf-75-800x534.jpg 800w,  https:\/\/lps-photography.de\/wp-content\/uploads\/2023\/01\/Hochzeits-fotograf-Mallorca-Sera-de-pula-golf-75-768x512.jpg 768w,  https:\/\/lps-photography.de\/wp-content\/uploads\/2023\/01\/Hochzeits-fotograf-Mallorca-Sera-de-pula-golf-75-1536x1024.jpg 1536w,  https:\/\/lps-photography.de\/wp-content\/uploads\/2023\/01\/Hochzeits-fotograf-Mallorca-Sera-de-pula-golf-75-75x50.jpg 75w,  https:\/\/lps-photography.de\/wp-content\/uploads\/2023\/01\/Hochzeits-fotograf-Mallorca-Sera-de-pula-golf-75-650x433.jpg 650w,  https:\/\/lps-photography.de\/wp-content\/uploads\/2023\/01\/Hochzeits-fotograf-Mallorca-Sera-de-pula-golf-75-1000x667.jpg 1000w,  https:\/\/lps-photography.de\/wp-content\/uploads\/2023\/01\/Hochzeits-fotograf-Mallorca-Sera-de-pula-golf-75-50x33.jpg 50w\" alt=\"Menschen tanzen energisch auf einer Party unter bunten, verschwommenen Lichtern. Eine Frau in einem schwarzen Kleid wirbelt mit ausgestreckten Armen, w\u00e4hrend andere die lebhafte Atmosph\u00e4re genie\u00dfen - perfekte Momente f\u00fcr einen Hochzeitsfotograf Mallorca bei einer Hochzeit auf Mallorca.\" data-attr=\"1\" data-id=\"17173\"\/><\/div><\/div><div class=\"thumb-overlay\"><div class=\"thumb-bg\" style=\"background-color:rgba(255,255,255,0);background:rgba(255,255,255,0)\"><div class=\"thumb-title-wrap display-table-cell vertical-align-middle align-center fadeIn animated\"><div class=\"thumb-title\" style=\"color:rgba(255,255,255,0);\"><i class=\"portfolio-overlay-icon\"><\/i><\/div><\/div><\/div><\/div><\/a><\/div><\/div><div class=\"element be-hoverlay not-wide no-wide-width-height style1-hover c_to_c\" style=\"margin-bottom: 10px;\"><div class=\"element-inner\" style=\"margin-left: 10px;\"><a href=\"https:\/\/lps-photography.de\/wp-content\/uploads\/2023\/01\/Hochzeits-fotograf-Mallorca-Sera-de-pula-golf-76.jpg\" data-size=\"1600x1067\" data-href=\"https:\/\/lps-photography.de\/wp-content\/uploads\/2023\/01\/Hochzeits-fotograf-Mallorca-Sera-de-pula-golf-76.jpg\" class=\"thumb-wrap\" title=\"Eine Frau singt leidenschaftlich in ein Mikrofon auf der B\u00fchne, hinter ihr ein Conga-Spieler und ein Saxophonist; bunte Lichtspuren schaffen eine lebendige, energiegeladene Atmosph\u00e4re - perfekt, um von einem Hochzeitsfotograf Mallorca auf einer Hochzeit auf Mallorca festgehalten zu werden.\"><div class=\"flip-wrap\"><div data-aspect-ratio=\"1.5\" style = \"padding-bottom : 66.6875%;;\" class=\"flip-img-wrap none-effect\"><img srcset=\"https:\/\/lps-photography.de\/wp-content\/uploads\/2023\/01\/Hochzeits-fotograf-Mallorca-Sera-de-pula-golf-76.jpg 1600w,  https:\/\/lps-photography.de\/wp-content\/uploads\/2023\/01\/Hochzeits-fotograf-Mallorca-Sera-de-pula-golf-76-300x200.jpg 300w,  https:\/\/lps-photography.de\/wp-content\/uploads\/2023\/01\/Hochzeits-fotograf-Mallorca-Sera-de-pula-golf-76-800x534.jpg 800w,  https:\/\/lps-photography.de\/wp-content\/uploads\/2023\/01\/Hochzeits-fotograf-Mallorca-Sera-de-pula-golf-76-768x512.jpg 768w,  https:\/\/lps-photography.de\/wp-content\/uploads\/2023\/01\/Hochzeits-fotograf-Mallorca-Sera-de-pula-golf-76-1536x1024.jpg 1536w,  https:\/\/lps-photography.de\/wp-content\/uploads\/2023\/01\/Hochzeits-fotograf-Mallorca-Sera-de-pula-golf-76-75x50.jpg 75w,  https:\/\/lps-photography.de\/wp-content\/uploads\/2023\/01\/Hochzeits-fotograf-Mallorca-Sera-de-pula-golf-76-650x433.jpg 650w,  https:\/\/lps-photography.de\/wp-content\/uploads\/2023\/01\/Hochzeits-fotograf-Mallorca-Sera-de-pula-golf-76-1000x667.jpg 1000w,  https:\/\/lps-photography.de\/wp-content\/uploads\/2023\/01\/Hochzeits-fotograf-Mallorca-Sera-de-pula-golf-76-50x33.jpg 50w\" alt=\"Eine Frau singt leidenschaftlich in ein Mikrofon auf der B\u00fchne, hinter ihr ein Conga-Spieler und ein Saxophonist; bunte Lichtspuren schaffen eine lebendige, energiegeladene Atmosph\u00e4re - perfekt, um von einem Hochzeitsfotograf Mallorca auf einer Hochzeit auf Mallorca festgehalten zu werden.\" data-attr=\"1\" data-id=\"17174\"\/><\/div><\/div><div class=\"thumb-overlay\"><div class=\"thumb-bg\" style=\"background-color:rgba(255,255,255,0);background:rgba(255,255,255,0)\"><div class=\"thumb-title-wrap display-table-cell vertical-align-middle align-center fadeIn animated\"><div class=\"thumb-title\" style=\"color:rgba(255,255,255,0);\"><i class=\"portfolio-overlay-icon\"><\/i><\/div><\/div><\/div><\/div><\/a><\/div><\/div><div class=\"element be-hoverlay not-wide no-wide-width-height style1-hover c_to_c\" style=\"margin-bottom: 10px;\"><div class=\"element-inner\" style=\"margin-left: 10px;\"><a href=\"https:\/\/lps-photography.de\/wp-content\/uploads\/2023\/01\/Hochzeits-fotograf-Mallorca-Sera-de-pula-golf-77.jpg\" data-size=\"1600x1067\" data-href=\"https:\/\/lps-photography.de\/wp-content\/uploads\/2023\/01\/Hochzeits-fotograf-Mallorca-Sera-de-pula-golf-77.jpg\" class=\"thumb-wrap\" title=\"Ein l\u00e4chelndes Paar in formeller Kleidung tanzt auf einer lebhaften Hochzeit auf Mallorca, umgeben von wirbelnden gr\u00fcnen und gelben Lichtern, die eine dynamische, energiegeladene Atmosph\u00e4re schaffen.\"><div class=\"flip-wrap\"><div data-aspect-ratio=\"1.5\" style = \"padding-bottom : 66.6875%;;\" class=\"flip-img-wrap none-effect\"><img srcset=\"https:\/\/lps-photography.de\/wp-content\/uploads\/2023\/01\/Hochzeits-fotograf-Mallorca-Sera-de-pula-golf-77.jpg 1600w,  https:\/\/lps-photography.de\/wp-content\/uploads\/2023\/01\/Hochzeits-fotograf-Mallorca-Sera-de-pula-golf-77-300x200.jpg 300w,  https:\/\/lps-photography.de\/wp-content\/uploads\/2023\/01\/Hochzeits-fotograf-Mallorca-Sera-de-pula-golf-77-800x534.jpg 800w,  https:\/\/lps-photography.de\/wp-content\/uploads\/2023\/01\/Hochzeits-fotograf-Mallorca-Sera-de-pula-golf-77-768x512.jpg 768w,  https:\/\/lps-photography.de\/wp-content\/uploads\/2023\/01\/Hochzeits-fotograf-Mallorca-Sera-de-pula-golf-77-1536x1024.jpg 1536w,  https:\/\/lps-photography.de\/wp-content\/uploads\/2023\/01\/Hochzeits-fotograf-Mallorca-Sera-de-pula-golf-77-75x50.jpg 75w,  https:\/\/lps-photography.de\/wp-content\/uploads\/2023\/01\/Hochzeits-fotograf-Mallorca-Sera-de-pula-golf-77-650x433.jpg 650w,  https:\/\/lps-photography.de\/wp-content\/uploads\/2023\/01\/Hochzeits-fotograf-Mallorca-Sera-de-pula-golf-77-1000x667.jpg 1000w,  https:\/\/lps-photography.de\/wp-content\/uploads\/2023\/01\/Hochzeits-fotograf-Mallorca-Sera-de-pula-golf-77-50x33.jpg 50w\" alt=\"Ein l\u00e4chelndes Paar in formeller Kleidung tanzt auf einer lebhaften Hochzeit auf Mallorca, umgeben von wirbelnden gr\u00fcnen und gelben Lichtern, die eine dynamische, energiegeladene Atmosph\u00e4re schaffen.\" data-attr=\"1\" data-id=\"17175\"\/><\/div><\/div><div class=\"thumb-overlay\"><div class=\"thumb-bg\" style=\"background-color:rgba(255,255,255,0);background:rgba(255,255,255,0)\"><div class=\"thumb-title-wrap display-table-cell vertical-align-middle align-center fadeIn animated\"><div class=\"thumb-title\" style=\"color:rgba(255,255,255,0);\"><i class=\"portfolio-overlay-icon\"><\/i><\/div><\/div><\/div><\/div><\/a><\/div><\/div><div class=\"element be-hoverlay not-wide no-wide-width-height style1-hover c_to_c\" style=\"margin-bottom: 10px;\"><div class=\"element-inner\" style=\"margin-left: 10px;\"><a href=\"https:\/\/lps-photography.de\/wp-content\/uploads\/2023\/01\/Hochzeits-fotograf-Mallorca-Sera-de-pula-golf-78.jpg\" data-size=\"1600x1067\" data-href=\"https:\/\/lps-photography.de\/wp-content\/uploads\/2023\/01\/Hochzeits-fotograf-Mallorca-Sera-de-pula-golf-78.jpg\" class=\"thumb-wrap\" title=\"Eine Frau in einem glitzernden Kleid singt auf der B\u00fchne, umgeben von leuchtenden Lichtern, w\u00e4hrend Musiker Conga-Trommeln und Saxophon spielen - eine lebendige Szene, die sich perfekt eignet, um die Energie einer Hochzeit auf Mallorca von einem talentierten Hochzeitsfotografen Mallorca einzufangen.\"><div class=\"flip-wrap\"><div data-aspect-ratio=\"1.5\" style = \"padding-bottom : 66.6875%;;\" class=\"flip-img-wrap none-effect\"><img srcset=\"https:\/\/lps-photography.de\/wp-content\/uploads\/2023\/01\/Hochzeits-fotograf-Mallorca-Sera-de-pula-golf-78.jpg 1600w,  https:\/\/lps-photography.de\/wp-content\/uploads\/2023\/01\/Hochzeits-fotograf-Mallorca-Sera-de-pula-golf-78-300x200.jpg 300w,  https:\/\/lps-photography.de\/wp-content\/uploads\/2023\/01\/Hochzeits-fotograf-Mallorca-Sera-de-pula-golf-78-800x534.jpg 800w,  https:\/\/lps-photography.de\/wp-content\/uploads\/2023\/01\/Hochzeits-fotograf-Mallorca-Sera-de-pula-golf-78-768x512.jpg 768w,  https:\/\/lps-photography.de\/wp-content\/uploads\/2023\/01\/Hochzeits-fotograf-Mallorca-Sera-de-pula-golf-78-1536x1024.jpg 1536w,  https:\/\/lps-photography.de\/wp-content\/uploads\/2023\/01\/Hochzeits-fotograf-Mallorca-Sera-de-pula-golf-78-75x50.jpg 75w,  https:\/\/lps-photography.de\/wp-content\/uploads\/2023\/01\/Hochzeits-fotograf-Mallorca-Sera-de-pula-golf-78-650x433.jpg 650w,  https:\/\/lps-photography.de\/wp-content\/uploads\/2023\/01\/Hochzeits-fotograf-Mallorca-Sera-de-pula-golf-78-1000x667.jpg 1000w,  https:\/\/lps-photography.de\/wp-content\/uploads\/2023\/01\/Hochzeits-fotograf-Mallorca-Sera-de-pula-golf-78-50x33.jpg 50w\" alt=\"Eine Frau in einem glitzernden Kleid singt auf der B\u00fchne, umgeben von leuchtenden Lichtern, w\u00e4hrend Musiker Conga-Trommeln und Saxophon spielen - eine lebendige Szene, die sich perfekt eignet, um die Energie einer Hochzeit auf Mallorca von einem talentierten Hochzeitsfotografen Mallorca einzufangen.\" data-attr=\"1\" data-id=\"17176\"\/><\/div><\/div><div class=\"thumb-overlay\"><div class=\"thumb-bg\" style=\"background-color:rgba(255,255,255,0);background:rgba(255,255,255,0)\"><div class=\"thumb-title-wrap display-table-cell vertical-align-middle align-center fadeIn animated\"><div class=\"thumb-title\" style=\"color:rgba(255,255,255,0);\"><i class=\"portfolio-overlay-icon\"><\/i><\/div><\/div><\/div><\/div><\/a><\/div><\/div><div class=\"element be-hoverlay not-wide no-wide-width-height style1-hover c_to_c\" style=\"margin-bottom: 10px;\"><div class=\"element-inner\" style=\"margin-left: 10px;\"><a href=\"https:\/\/lps-photography.de\/wp-content\/uploads\/2023\/01\/Hochzeits-fotograf-Mallorca-Sera-de-pula-golf-79.jpg\" data-size=\"1600x1067\" data-href=\"https:\/\/lps-photography.de\/wp-content\/uploads\/2023\/01\/Hochzeits-fotograf-Mallorca-Sera-de-pula-golf-79.jpg\" class=\"thumb-wrap\" title=\"Bei einer Hochzeit auf Mallorca tanzen die G\u00e4ste in formeller Kleidung und unterhalten sich zwischen gro\u00dfen Topfpflanzen und Steinmauern. In der Mitte l\u00e4chelt ein Paar beim Tanzen - perfekt eingefangen von einem Hochzeitsfotograf Mallorca.\"><div class=\"flip-wrap\"><div data-aspect-ratio=\"1.5\" style = \"padding-bottom : 66.6875%;;\" class=\"flip-img-wrap none-effect\"><img srcset=\"https:\/\/lps-photography.de\/wp-content\/uploads\/2023\/01\/Hochzeits-fotograf-Mallorca-Sera-de-pula-golf-79.jpg 1600w,  https:\/\/lps-photography.de\/wp-content\/uploads\/2023\/01\/Hochzeits-fotograf-Mallorca-Sera-de-pula-golf-79-300x200.jpg 300w,  https:\/\/lps-photography.de\/wp-content\/uploads\/2023\/01\/Hochzeits-fotograf-Mallorca-Sera-de-pula-golf-79-800x534.jpg 800w,  https:\/\/lps-photography.de\/wp-content\/uploads\/2023\/01\/Hochzeits-fotograf-Mallorca-Sera-de-pula-golf-79-768x512.jpg 768w,  https:\/\/lps-photography.de\/wp-content\/uploads\/2023\/01\/Hochzeits-fotograf-Mallorca-Sera-de-pula-golf-79-1536x1024.jpg 1536w,  https:\/\/lps-photography.de\/wp-content\/uploads\/2023\/01\/Hochzeits-fotograf-Mallorca-Sera-de-pula-golf-79-75x50.jpg 75w,  https:\/\/lps-photography.de\/wp-content\/uploads\/2023\/01\/Hochzeits-fotograf-Mallorca-Sera-de-pula-golf-79-650x433.jpg 650w,  https:\/\/lps-photography.de\/wp-content\/uploads\/2023\/01\/Hochzeits-fotograf-Mallorca-Sera-de-pula-golf-79-1000x667.jpg 1000w,  https:\/\/lps-photography.de\/wp-content\/uploads\/2023\/01\/Hochzeits-fotograf-Mallorca-Sera-de-pula-golf-79-50x33.jpg 50w\" alt=\"Bei einer Hochzeit auf Mallorca tanzen die G\u00e4ste in formeller Kleidung und unterhalten sich zwischen gro\u00dfen Topfpflanzen und Steinmauern. In der Mitte l\u00e4chelt ein Paar beim Tanzen - perfekt eingefangen von einem Hochzeitsfotograf Mallorca.\" data-attr=\"1\" data-id=\"17177\"\/><\/div><\/div><div class=\"thumb-overlay\"><div class=\"thumb-bg\" style=\"background-color:rgba(255,255,255,0);background:rgba(255,255,255,0)\"><div class=\"thumb-title-wrap display-table-cell vertical-align-middle align-center fadeIn animated\"><div class=\"thumb-title\" style=\"color:rgba(255,255,255,0);\"><i class=\"portfolio-overlay-icon\"><\/i><\/div><\/div><\/div><\/div><\/a><\/div><\/div><div class=\"element be-hoverlay not-wide no-wide-width-height style1-hover c_to_c\" style=\"margin-bottom: 10px;\"><div class=\"element-inner\" style=\"margin-left: 10px;\"><a href=\"https:\/\/lps-photography.de\/wp-content\/uploads\/2023\/01\/Hochzeits-fotograf-Mallorca-Sera-de-pula-golf-80.jpg\" data-size=\"1067x1600\" data-href=\"https:\/\/lps-photography.de\/wp-content\/uploads\/2023\/01\/Hochzeits-fotograf-Mallorca-Sera-de-pula-golf-80.jpg\" class=\"thumb-wrap\" title=\"Eine Frau in einem fransigen Kleid singt leidenschaftlich in ein Mikrofon auf der B\u00fchne, umgeben von wirbelnden farbigen Lichtern - und f\u00e4ngt die lebendige Energie ein, die perfekt f\u00fcr jede Hochzeit auf Mallorca ist, gesehen durch die Linse eines Hochzeitsfotografen Mallorca.\"><div class=\"flip-wrap\"><div data-aspect-ratio=\"0.67\" style = \"padding-bottom : 149.95313964386%;;\" class=\"flip-img-wrap none-effect\"><img srcset=\"https:\/\/lps-photography.de\/wp-content\/uploads\/2023\/01\/Hochzeits-fotograf-Mallorca-Sera-de-pula-golf-80.jpg 1067w,  https:\/\/lps-photography.de\/wp-content\/uploads\/2023\/01\/Hochzeits-fotograf-Mallorca-Sera-de-pula-golf-80-200x300.jpg 200w,  https:\/\/lps-photography.de\/wp-content\/uploads\/2023\/01\/Hochzeits-fotograf-Mallorca-Sera-de-pula-golf-80-683x1024.jpg 683w,  https:\/\/lps-photography.de\/wp-content\/uploads\/2023\/01\/Hochzeits-fotograf-Mallorca-Sera-de-pula-golf-80-768x1152.jpg 768w,  https:\/\/lps-photography.de\/wp-content\/uploads\/2023\/01\/Hochzeits-fotograf-Mallorca-Sera-de-pula-golf-80-1024x1536.jpg 1024w,  https:\/\/lps-photography.de\/wp-content\/uploads\/2023\/01\/Hochzeits-fotograf-Mallorca-Sera-de-pula-golf-80-33x50.jpg 33w,  https:\/\/lps-photography.de\/wp-content\/uploads\/2023\/01\/Hochzeits-fotograf-Mallorca-Sera-de-pula-golf-80-650x975.jpg 650w,  https:\/\/lps-photography.de\/wp-content\/uploads\/2023\/01\/Hochzeits-fotograf-Mallorca-Sera-de-pula-golf-80-1000x1500.jpg 1000w,  https:\/\/lps-photography.de\/wp-content\/uploads\/2023\/01\/Hochzeits-fotograf-Mallorca-Sera-de-pula-golf-80-50x75.jpg 50w\" alt=\"Eine Frau in einem fransigen Kleid singt leidenschaftlich in ein Mikrofon auf der B\u00fchne, umgeben von wirbelnden farbigen Lichtern - und f\u00e4ngt die lebendige Energie ein, die perfekt f\u00fcr jede Hochzeit auf Mallorca ist, gesehen durch die Linse eines Hochzeitsfotografen Mallorca.\" data-attr=\"1\" data-id=\"17178\"\/><\/div><\/div><div class=\"thumb-overlay\"><div class=\"thumb-bg\" style=\"background-color:rgba(255,255,255,0);background:rgba(255,255,255,0)\"><div class=\"thumb-title-wrap display-table-cell vertical-align-middle align-center fadeIn animated\"><div class=\"thumb-title\" style=\"color:rgba(255,255,255,0);\"><i class=\"portfolio-overlay-icon\"><\/i><\/div><\/div><\/div><\/div><\/a><\/div><\/div><div class=\"element be-hoverlay not-wide no-wide-width-height style1-hover c_to_c\" style=\"margin-bottom: 10px;\"><div class=\"element-inner\" style=\"margin-left: 10px;\"><a href=\"https:\/\/lps-photography.de\/wp-content\/uploads\/2023\/01\/Hochzeits-fotograf-Mallorca-Sera-de-pula-golf-81.jpg\" data-size=\"1067x1600\" data-href=\"https:\/\/lps-photography.de\/wp-content\/uploads\/2023\/01\/Hochzeits-fotograf-Mallorca-Sera-de-pula-golf-81.jpg\" class=\"thumb-wrap\" title=\"Eine Frau, die in ein Mikrofon singt, mit einem Schlagzeug im Hintergrund, das die lebendige Energie einer Hochzeit auf Mallorca einf\u00e4ngt.\"><div class=\"flip-wrap\"><div data-aspect-ratio=\"0.67\" style = \"padding-bottom : 149.95313964386%;;\" class=\"flip-img-wrap none-effect\"><img srcset=\"https:\/\/lps-photography.de\/wp-content\/uploads\/2023\/01\/Hochzeits-fotograf-Mallorca-Sera-de-pula-golf-81.jpg 1067w,  https:\/\/lps-photography.de\/wp-content\/uploads\/2023\/01\/Hochzeits-fotograf-Mallorca-Sera-de-pula-golf-81-200x300.jpg 200w,  https:\/\/lps-photography.de\/wp-content\/uploads\/2023\/01\/Hochzeits-fotograf-Mallorca-Sera-de-pula-golf-81-683x1024.jpg 683w,  https:\/\/lps-photography.de\/wp-content\/uploads\/2023\/01\/Hochzeits-fotograf-Mallorca-Sera-de-pula-golf-81-768x1152.jpg 768w,  https:\/\/lps-photography.de\/wp-content\/uploads\/2023\/01\/Hochzeits-fotograf-Mallorca-Sera-de-pula-golf-81-1024x1536.jpg 1024w,  https:\/\/lps-photography.de\/wp-content\/uploads\/2023\/01\/Hochzeits-fotograf-Mallorca-Sera-de-pula-golf-81-33x50.jpg 33w,  https:\/\/lps-photography.de\/wp-content\/uploads\/2023\/01\/Hochzeits-fotograf-Mallorca-Sera-de-pula-golf-81-650x975.jpg 650w,  https:\/\/lps-photography.de\/wp-content\/uploads\/2023\/01\/Hochzeits-fotograf-Mallorca-Sera-de-pula-golf-81-1000x1500.jpg 1000w,  https:\/\/lps-photography.de\/wp-content\/uploads\/2023\/01\/Hochzeits-fotograf-Mallorca-Sera-de-pula-golf-81-50x75.jpg 50w\" alt=\"Eine Frau, die in ein Mikrofon singt, mit einem Schlagzeug im Hintergrund, das die lebendige Energie einer Hochzeit auf Mallorca einf\u00e4ngt.\" data-attr=\"1\" data-id=\"17179\"\/><\/div><\/div><div class=\"thumb-overlay\"><div class=\"thumb-bg\" style=\"background-color:rgba(255,255,255,0);background:rgba(255,255,255,0)\"><div class=\"thumb-title-wrap display-table-cell vertical-align-middle align-center fadeIn animated\"><div class=\"thumb-title\" style=\"color:rgba(255,255,255,0);\"><i class=\"portfolio-overlay-icon\"><\/i><\/div><\/div><\/div><\/div><\/a><\/div><\/div><div class=\"element be-hoverlay not-wide no-wide-width-height style1-hover c_to_c\" style=\"margin-bottom: 10px;\"><div class=\"element-inner\" style=\"margin-left: 10px;\"><a href=\"https:\/\/lps-photography.de\/wp-content\/uploads\/2023\/01\/Hochzeits-fotograf-Mallorca-Sera-de-pula-golf-82.jpg\" data-size=\"1067x1600\" data-href=\"https:\/\/lps-photography.de\/wp-content\/uploads\/2023\/01\/Hochzeits-fotograf-Mallorca-Sera-de-pula-golf-82.jpg\" class=\"thumb-wrap\" title=\"Ein Mann, der bei einer Hochzeit auf Mallorca unter vibrierenden, wirbelnden violetten und blauen Lichtern Saxophon spielt, wodurch ein dynamischer, verschwommener visueller Effekt entsteht, wobei die B\u00fchnenausstattung im Hintergrund sichtbar ist.\"><div class=\"flip-wrap\"><div data-aspect-ratio=\"0.67\" style = \"padding-bottom : 149.95313964386%;;\" class=\"flip-img-wrap none-effect\"><img srcset=\"https:\/\/lps-photography.de\/wp-content\/uploads\/2023\/01\/Hochzeits-fotograf-Mallorca-Sera-de-pula-golf-82.jpg 1067w,  https:\/\/lps-photography.de\/wp-content\/uploads\/2023\/01\/Hochzeits-fotograf-Mallorca-Sera-de-pula-golf-82-200x300.jpg 200w,  https:\/\/lps-photography.de\/wp-content\/uploads\/2023\/01\/Hochzeits-fotograf-Mallorca-Sera-de-pula-golf-82-683x1024.jpg 683w,  https:\/\/lps-photography.de\/wp-content\/uploads\/2023\/01\/Hochzeits-fotograf-Mallorca-Sera-de-pula-golf-82-768x1152.jpg 768w,  https:\/\/lps-photography.de\/wp-content\/uploads\/2023\/01\/Hochzeits-fotograf-Mallorca-Sera-de-pula-golf-82-1024x1536.jpg 1024w,  https:\/\/lps-photography.de\/wp-content\/uploads\/2023\/01\/Hochzeits-fotograf-Mallorca-Sera-de-pula-golf-82-33x50.jpg 33w,  https:\/\/lps-photography.de\/wp-content\/uploads\/2023\/01\/Hochzeits-fotograf-Mallorca-Sera-de-pula-golf-82-650x975.jpg 650w,  https:\/\/lps-photography.de\/wp-content\/uploads\/2023\/01\/Hochzeits-fotograf-Mallorca-Sera-de-pula-golf-82-1000x1500.jpg 1000w,  https:\/\/lps-photography.de\/wp-content\/uploads\/2023\/01\/Hochzeits-fotograf-Mallorca-Sera-de-pula-golf-82-50x75.jpg 50w\" alt=\"Ein Mann, der bei einer Hochzeit auf Mallorca unter vibrierenden, wirbelnden violetten und blauen Lichtern Saxophon spielt, wodurch ein dynamischer, verschwommener visueller Effekt entsteht, wobei die B\u00fchnenausstattung im Hintergrund sichtbar ist.\" data-attr=\"1\" data-id=\"17180\"\/><\/div><\/div><div class=\"thumb-overlay\"><div class=\"thumb-bg\" style=\"background-color:rgba(255,255,255,0);background:rgba(255,255,255,0)\"><div class=\"thumb-title-wrap display-table-cell vertical-align-middle align-center fadeIn animated\"><div class=\"thumb-title\" style=\"color:rgba(255,255,255,0);\"><i class=\"portfolio-overlay-icon\"><\/i><\/div><\/div><\/div><\/div><\/a><\/div><\/div><div class=\"element be-hoverlay not-wide no-wide-width-height style1-hover c_to_c\" style=\"margin-bottom: 10px;\"><div class=\"element-inner\" style=\"margin-left: 10px;\"><a href=\"https:\/\/lps-photography.de\/wp-content\/uploads\/2023\/01\/Hochzeits-fotograf-Mallorca-Sera-de-pula-golf-83.jpg\" data-size=\"1600x1067\" data-href=\"https:\/\/lps-photography.de\/wp-content\/uploads\/2023\/01\/Hochzeits-fotograf-Mallorca-Sera-de-pula-golf-83.jpg\" class=\"thumb-wrap\" title=\"Ein Mann mit gemustertem Hemd und Hut spielt energisch Conga-Trommeln bei einer lebhaften Indoor-Veranstaltung, mit Bewegungsunsch\u00e4rfe und Lichtstreifen - und f\u00e4ngt so die lebendige Stimmung ein, die perfekt f\u00fcr jede Hochzeit auf Mallorca ist.\"><div class=\"flip-wrap\"><div data-aspect-ratio=\"1.5\" style = \"padding-bottom : 66.6875%;;\" class=\"flip-img-wrap none-effect\"><img srcset=\"https:\/\/lps-photography.de\/wp-content\/uploads\/2023\/01\/Hochzeits-fotograf-Mallorca-Sera-de-pula-golf-83.jpg 1600w,  https:\/\/lps-photography.de\/wp-content\/uploads\/2023\/01\/Hochzeits-fotograf-Mallorca-Sera-de-pula-golf-83-300x200.jpg 300w,  https:\/\/lps-photography.de\/wp-content\/uploads\/2023\/01\/Hochzeits-fotograf-Mallorca-Sera-de-pula-golf-83-800x534.jpg 800w,  https:\/\/lps-photography.de\/wp-content\/uploads\/2023\/01\/Hochzeits-fotograf-Mallorca-Sera-de-pula-golf-83-768x512.jpg 768w,  https:\/\/lps-photography.de\/wp-content\/uploads\/2023\/01\/Hochzeits-fotograf-Mallorca-Sera-de-pula-golf-83-1536x1024.jpg 1536w,  https:\/\/lps-photography.de\/wp-content\/uploads\/2023\/01\/Hochzeits-fotograf-Mallorca-Sera-de-pula-golf-83-75x50.jpg 75w,  https:\/\/lps-photography.de\/wp-content\/uploads\/2023\/01\/Hochzeits-fotograf-Mallorca-Sera-de-pula-golf-83-650x433.jpg 650w,  https:\/\/lps-photography.de\/wp-content\/uploads\/2023\/01\/Hochzeits-fotograf-Mallorca-Sera-de-pula-golf-83-1000x667.jpg 1000w,  https:\/\/lps-photography.de\/wp-content\/uploads\/2023\/01\/Hochzeits-fotograf-Mallorca-Sera-de-pula-golf-83-50x33.jpg 50w\" alt=\"Ein Mann mit gemustertem Hemd und Hut spielt energisch Conga-Trommeln bei einer lebhaften Indoor-Veranstaltung, mit Bewegungsunsch\u00e4rfe und Lichtstreifen - und f\u00e4ngt so die lebendige Stimmung ein, die perfekt f\u00fcr jede Hochzeit auf Mallorca ist.\" data-attr=\"1\" data-id=\"17181\"\/><\/div><\/div><div class=\"thumb-overlay\"><div class=\"thumb-bg\" style=\"background-color:rgba(255,255,255,0);background:rgba(255,255,255,0)\"><div class=\"thumb-title-wrap display-table-cell vertical-align-middle align-center fadeIn animated\"><div class=\"thumb-title\" style=\"color:rgba(255,255,255,0);\"><i class=\"portfolio-overlay-icon\"><\/i><\/div><\/div><\/div><\/div><\/a><\/div><\/div><div class=\"element be-hoverlay not-wide no-wide-width-height style1-hover c_to_c\" style=\"margin-bottom: 10px;\"><div class=\"element-inner\" style=\"margin-left: 10px;\"><a href=\"https:\/\/lps-photography.de\/wp-content\/uploads\/2023\/01\/Hochzeits-fotograf-Mallorca-Sera-de-pula-golf-84.jpg\" data-size=\"1600x1067\" data-href=\"https:\/\/lps-photography.de\/wp-content\/uploads\/2023\/01\/Hochzeits-fotograf-Mallorca-Sera-de-pula-golf-84.jpg\" class=\"thumb-wrap\" title=\"Ein DJ mischt Musik bei einer lebhaften Indoor-Veranstaltung, umgeben von Lichtern und Pflanzen. Im Vordergrund steht eine Person in einem blauen Polka-Dot-Shirt. Das energiegeladene Bild f\u00e4ngt den pulsierenden Geist einer Hochzeit auf Mallorca ein.\"><div class=\"flip-wrap\"><div data-aspect-ratio=\"1.5\" style = \"padding-bottom : 66.6875%;;\" class=\"flip-img-wrap none-effect\"><img srcset=\"https:\/\/lps-photography.de\/wp-content\/uploads\/2023\/01\/Hochzeits-fotograf-Mallorca-Sera-de-pula-golf-84.jpg 1600w,  https:\/\/lps-photography.de\/wp-content\/uploads\/2023\/01\/Hochzeits-fotograf-Mallorca-Sera-de-pula-golf-84-300x200.jpg 300w,  https:\/\/lps-photography.de\/wp-content\/uploads\/2023\/01\/Hochzeits-fotograf-Mallorca-Sera-de-pula-golf-84-800x534.jpg 800w,  https:\/\/lps-photography.de\/wp-content\/uploads\/2023\/01\/Hochzeits-fotograf-Mallorca-Sera-de-pula-golf-84-768x512.jpg 768w,  https:\/\/lps-photography.de\/wp-content\/uploads\/2023\/01\/Hochzeits-fotograf-Mallorca-Sera-de-pula-golf-84-1536x1024.jpg 1536w,  https:\/\/lps-photography.de\/wp-content\/uploads\/2023\/01\/Hochzeits-fotograf-Mallorca-Sera-de-pula-golf-84-75x50.jpg 75w,  https:\/\/lps-photography.de\/wp-content\/uploads\/2023\/01\/Hochzeits-fotograf-Mallorca-Sera-de-pula-golf-84-650x433.jpg 650w,  https:\/\/lps-photography.de\/wp-content\/uploads\/2023\/01\/Hochzeits-fotograf-Mallorca-Sera-de-pula-golf-84-1000x667.jpg 1000w,  https:\/\/lps-photography.de\/wp-content\/uploads\/2023\/01\/Hochzeits-fotograf-Mallorca-Sera-de-pula-golf-84-50x33.jpg 50w\" alt=\"Ein DJ mischt Musik bei einer lebhaften Indoor-Veranstaltung, umgeben von Lichtern und Pflanzen. Im Vordergrund steht eine Person in einem blauen Polka-Dot-Shirt. Das energiegeladene Bild f\u00e4ngt den pulsierenden Geist einer Hochzeit auf Mallorca ein.\" data-attr=\"1\" data-id=\"17182\"\/><\/div><\/div><div class=\"thumb-overlay\"><div class=\"thumb-bg\" style=\"background-color:rgba(255,255,255,0);background:rgba(255,255,255,0)\"><div class=\"thumb-title-wrap display-table-cell vertical-align-middle align-center fadeIn animated\"><div class=\"thumb-title\" style=\"color:rgba(255,255,255,0);\"><i class=\"portfolio-overlay-icon\"><\/i><\/div><\/div><\/div><\/div><\/a><\/div><\/div><\/div><\/div><\/div><\/div><\/div><div class = \"tatsu-column-bg-image-wrap\"><div class = \"tatsu-column-bg-image\" ><\/div><\/div><\/div><style>.tatsu-row > .tatsu-HyrEuuhuH.tatsu-column{width: 100%;}.tatsu-HyrEuuhuH.tatsu-column > .tatsu-column-inner > .tatsu-column-overlay{mix-blend-mode: none;}.tatsu-HyrEuuhuH > .tatsu-column-inner > .tatsu-top-divider{z-index: 9999;}.tatsu-HyrEuuhuH > .tatsu-column-inner > .tatsu-bottom-divider{z-index: 9999;}.tatsu-HyrEuuhuH > .tatsu-column-inner > .tatsu-left-divider{z-index: 9999;}.tatsu-HyrEuuhuH > .tatsu-column-inner > .tatsu-right-divider{z-index: 9999;}@media only screen and (max-width:1377px) {.tatsu-row > .tatsu-HyrEuuhuH.tatsu-column{width: 100%;}}@media only screen and (min-width:768px) and (max-width: 1024px) {.tatsu-row > .tatsu-HyrEuuhuH.tatsu-column{width: 100%;}}@media only screen and (max-width: 767px) {.tatsu-row > .tatsu-HyrEuuhuH.tatsu-column{width: 100%;}}<\/style><\/div><\/div><\/div><\/div><div class=\"tatsu-section-background-wrap\"><div class = \"tatsu-section-background\" ><\/div><\/div><style>.tatsu-Sy-SNudnuS .tatsu-section-pad{padding: 2px 0px 8px 0px;}.tatsu-Sy-SNudnuS > .tatsu-bottom-divider{z-index: 9999;}.tatsu-Sy-SNudnuS > .tatsu-top-divider{z-index: 9999;}<\/style><\/div><div  class=\"tatsu-B1bZr5dhuH tatsu-section    tatsu-clearfix\" data-title=\"\"  data-headerscheme=\"background--dark\"><div class='tatsu-section-pad clearfix' data-padding='{\"d\":\"0px 0px 11px 0px\"}' data-padding-top='0px'><div class=\"tatsu-row-wrap  tatsu-wrap tatsu-row-one-col tatsu-row-has-one-cols tatsu-medium-gutter tatsu-reg-cols  tatsu-clearfix tatsu-S1eZrcOhur\" ><div  class=\"tatsu-row\" ><div  class=\"tatsu-column  tatsu-column-no-bg tatsu-one-col tatsu-column-image-none tatsu-column-effect-none  tatsu-Bk-r9unOB\"  data-parallax-speed=\"0\" style=\"\"><div class=\"tatsu-column-inner\" ><div class=\"tatsu-column-pad-wrap\"><div class=\"tatsu-column-pad\" ><div  class=\"tatsu-module tatsu-divider-wrap  tatsu-Bk5TetnOH\"  ><style>.tatsu-Bk5TetnOH .tatsu-divider{height: 2px;width: 60%;background: rgba(245,166,35,1);}.tatsu-Bk5TetnOH.tatsu-divider-wrap{text-align: center;}<\/style><hr class=\"tatsu-divider\"\/><\/div><div  class=\"tatsu-module tatsu-text-block-wrap tatsu-HkC0ounuS\"><div class=\"tatsu-text-inner tatsu-align-center  clearfix\" ><style>.tatsu-HkC0ounuS.tatsu-text-block-wrap .tatsu-text-inner{width: 100%;text-align: left;}.tatsu-HkC0ounuS.tatsu-text-block-wrap .tatsu-text-inner *{font-size : 16px;}<\/style>\n<p style=\"text-align: center;\"><strong>Does a wedding in Mallorca<\/strong> sound like the perfect idea for you? <a href=\"https:\/\/lps-photography.de\/en\/contact\/\"><strong>Just send me a message-I look forward to getting to know you!<\/strong><\/a><\/p>\n<\/div><\/div><\/div><\/div><div class = \"tatsu-column-bg-image-wrap\"><div class = \"tatsu-column-bg-image\" ><\/div><\/div><\/div><style>.tatsu-row > .tatsu-Bk-r9unOB.tatsu-column{width: 100%;}.tatsu-Bk-r9unOB.tatsu-column > .tatsu-column-inner > .tatsu-column-overlay{mix-blend-mode: none;}.tatsu-Bk-r9unOB > .tatsu-column-inner > .tatsu-top-divider{z-index: 9999;}.tatsu-Bk-r9unOB > .tatsu-column-inner > .tatsu-bottom-divider{z-index: 9999;}.tatsu-Bk-r9unOB > .tatsu-column-inner > .tatsu-left-divider{z-index: 9999;}.tatsu-Bk-r9unOB > .tatsu-column-inner > .tatsu-right-divider{z-index: 9999;}@media only screen and (max-width:1377px) {.tatsu-row > .tatsu-Bk-r9unOB.tatsu-column{width: 100%;}}@media only screen and (min-width:768px) and (max-width: 1024px) {.tatsu-row > .tatsu-Bk-r9unOB.tatsu-column{width: 100%;}}@media only screen and (max-width: 767px) {.tatsu-row > .tatsu-Bk-r9unOB.tatsu-column{width: 100%;}}<\/style><\/div><\/div><\/div><\/div><div class=\"tatsu-section-background-wrap\"><div class = \"tatsu-section-background\" ><\/div><\/div><style>.tatsu-B1bZr5dhuH .tatsu-section-pad{padding: 0px 0px 11px 0px;}.tatsu-B1bZr5dhuH > .tatsu-bottom-divider{z-index: 9999;}.tatsu-B1bZr5dhuH > .tatsu-top-divider{z-index: 9999;}<\/style><\/div>","protected":false},"excerpt":{"rendered":"<p>A breathtakingly beautiful location, a dream couple, and every detail thought out to perfection!<\/p>\n<p><a href=\"https:\/\/lps-photography.de\/en\/pula-golf-resort-mallorca-dream-wedding-in-the-east-of-the-island\/\" class=\"more-link style3-button\">Read More<\/a><\/p>","protected":false},"author":1,"featured_media":24565,"comment_status":"open","ping_status":"open","sticky":false,"template":"","format":"standard","meta":{"_lmt_disableupdate":"","_lmt_disable":"","footnotes":""},"categories":[1384,71],"tags":[],"class_list":["post-24502","post","type-post","status-publish","format-standard","has-post-thumbnail","hentry","category-hochzeitsplanung","category-wedding-2"],"modified_by":"admin","_links":{"self":[{"href":"https:\/\/lps-photography.de\/en\/wp-json\/wp\/v2\/posts\/24502","targetHints":{"allow":["GET"]}}],"collection":[{"href":"https:\/\/lps-photography.de\/en\/wp-json\/wp\/v2\/posts"}],"about":[{"href":"https:\/\/lps-photography.de\/en\/wp-json\/wp\/v2\/types\/post"}],"author":[{"embeddable":true,"href":"https:\/\/lps-photography.de\/en\/wp-json\/wp\/v2\/users\/1"}],"replies":[{"embeddable":true,"href":"https:\/\/lps-photography.de\/en\/wp-json\/wp\/v2\/comments?post=24502"}],"version-history":[{"count":0,"href":"https:\/\/lps-photography.de\/en\/wp-json\/wp\/v2\/posts\/24502\/revisions"}],"wp:featuredmedia":[{"embeddable":true,"href":"https:\/\/lps-photography.de\/en\/wp-json\/wp\/v2\/media\/24565"}],"wp:attachment":[{"href":"https:\/\/lps-photography.de\/en\/wp-json\/wp\/v2\/media?parent=24502"}],"wp:term":[{"taxonomy":"category","embeddable":true,"href":"https:\/\/lps-photography.de\/en\/wp-json\/wp\/v2\/categories?post=24502"},{"taxonomy":"post_tag","embeddable":true,"href":"https:\/\/lps-photography.de\/en\/wp-json\/wp\/v2\/tags?post=24502"}],"curies":[{"name":"wp","href":"https:\/\/api.w.org\/{rel}","templated":true}]}}