{"id":24500,"date":"2025-08-31T09:59:12","date_gmt":"2025-08-31T08:59:12","guid":{"rendered":"https:\/\/lps-photography.de\/?p=24500"},"modified":"2025-08-31T10:04:42","modified_gmt":"2025-08-31T09:04:42","slug":"wedding-by-the-sea-in-mallorca","status":"publish","type":"post","link":"https:\/\/lps-photography.de\/en\/wedding-by-the-sea-in-mallorca\/","title":{"rendered":"Wedding by the Sea in Mallorca"},"content":{"rendered":"<div  class=\"tatsu-rJWg1WIRk4 tatsu-section    tatsu-clearfix\" data-title=\"\"  data-headerscheme=\"background--dark\"><div class='tatsu-section-pad clearfix' data-padding='{\"d\":\"0px 0px 1px 0px\"}' data-padding-top='0px'><div class=\"tatsu-row-wrap  tatsu-wrap tatsu-row-one-col tatsu-row-has-one-cols tatsu-medium-gutter tatsu-reg-cols  tatsu-clearfix tatsu-rkle1W8AJV\" ><div  class=\"tatsu-row\" ><div  class=\"tatsu-column  tatsu-column-no-bg tatsu-one-col tatsu-column-image-none tatsu-column-effect-none  tatsu-B1e1-UCy4\"  data-parallax-speed=\"0\" style=\"\"><div class=\"tatsu-column-inner\" ><div class=\"tatsu-column-pad-wrap\"><div class=\"tatsu-column-pad\" ><div  class=\"tatsu-module tatsu-text-block-wrap tatsu-SyHwOdWEE\"><div class=\"tatsu-text-inner tatsu-align-center  clearfix\" ><style>.tatsu-SyHwOdWEE.tatsu-text-block-wrap .tatsu-text-inner{width: 100%;text-align: left;}<\/style>\n<p><!--more--><\/p>\n<\/div><\/div><div  class=\"special-heading-wrap style1 oshine-module  tatsu-S1z2PKa9r\" ><div class=\"special-heading align-center\"><h1 class=\"special-h-tag\" >Seaside Wedding in Mallorca<\/h1><div class=\"sub-title margin-bottom  special-subtitle\">\n<p>A Seaside Wedding in Mallorca \u2013 What You Should Keep in Mind to Make Your Wedding by the Water the Most Beautiful Day of Your Life, Read Here!<\/p>\n<\/div><div class=\"sep-with-icon-wrap margin-bottom\"><span class=\"sep-with-icon\" ><\/span><i class=\"sep-icon font-icon oshine_diamond\"><\/i><span class=\"sep-with-icon\" ><\/span><\/div><\/div><style>.tatsu-S1z2PKa9r .sep-icon.oshine_diamond{background: rgba(45,97,159,1);}.tatsu-S1z2PKa9r .sep-with-icon{height: 1px;width: 20px;background: #efefef;}<\/style><\/div><div  class=\"tatsu-single-image tatsu-module align-center tatsu-ByT2ZKGSS\" ><div class=\"tatsu-single-image-inner\" style=\"width : 1707px;\" ><div class = \"tatsu-single-image-padding-wrap\" style = \"padding-bottom : 74.985354422964%;\" ><\/div><img class = \"tatsu-gradient-border\" alt = \"Braut und Br\u00e4utigam sitzen gl\u00fccklich unter einem wei\u00dfen, blumengeschm\u00fcckten Hochzeitsbogen am Meer, umgeben von G\u00e4sten. Die Zeremonie, eine wundersch\u00f6ne Hochzeit auf Mallorca, findet an einem sonnigen Tag im Freien statt, w\u00e4hrend der Hochzeitsfotograf Mallorca jeden freudigen Moment festh\u00e4lt.\" title = \"hochzeit am meer auf mallorca\" srcset = \"https:\/\/lps-photography.de\/wp-content\/uploads\/2021\/06\/hochzeit-am-meer-mallorca-start.jpg 1707w,  https:\/\/lps-photography.de\/wp-content\/uploads\/2021\/06\/hochzeit-am-meer-mallorca-start-300x225.jpg 300w,  https:\/\/lps-photography.de\/wp-content\/uploads\/2021\/06\/hochzeit-am-meer-mallorca-start-800x600.jpg 800w,  https:\/\/lps-photography.de\/wp-content\/uploads\/2021\/06\/hochzeit-am-meer-mallorca-start-768x576.jpg 768w,  https:\/\/lps-photography.de\/wp-content\/uploads\/2021\/06\/hochzeit-am-meer-mallorca-start-1536x1152.jpg 1536w,  https:\/\/lps-photography.de\/wp-content\/uploads\/2021\/06\/hochzeit-am-meer-mallorca-start-67x50.jpg 67w,  https:\/\/lps-photography.de\/wp-content\/uploads\/2021\/06\/hochzeit-am-meer-mallorca-start-650x487.jpg 650w,  https:\/\/lps-photography.de\/wp-content\/uploads\/2021\/06\/hochzeit-am-meer-mallorca-start-1000x750.jpg 1000w,  https:\/\/lps-photography.de\/wp-content\/uploads\/2021\/06\/hochzeit-am-meer-mallorca-start-50x37.jpg 50w,  https:\/\/lps-photography.de\/wp-content\/uploads\/2021\/06\/hochzeit-am-meer-mallorca-start-150x112.jpg 150w\" sizes = \"(max-width: 1707px) 100vw, 1707px\" src =\"data:image\/png;base64,iVBORw0KGgoAAAANSUhEUgAAAAEAAAABCAQAAAC1HAwCAAAAC0lEQVR42mNkYAAAAAYAAjCB0C8AAAAASUVORK5CYII=\"  \/><\/div><style>.tatsu-ByT2ZKGSS .tatsu-single-image-inner{border-style: solid;max-width: 100%;}.tatsu-ByT2ZKGSS.tatsu-single-image{transform: translate3d(0px,0px, 0);}<\/style><\/div><div  class=\"tatsu-module tatsu-text-block-wrap tatsu-rk7iJ5fBH\"><div class=\"tatsu-text-inner tatsu-align-center  clearfix\" ><style>.tatsu-rk7iJ5fBH.tatsu-text-block-wrap .tatsu-text-inner{width: 100%;text-align: left;}.tatsu-rk7iJ5fBH.tatsu-text-block-wrap{margin: 0px 0px 20px 0px;}.tatsu-rk7iJ5fBH.tatsu-text-block-wrap .tatsu-text-inner *{font-size : 16px;}<\/style>\n<p>A wedding by the sea is a dream come true for many couples: the peaceful atmosphere, the soft sand beneath your feet, and the gentle lapping of the waves create an idyllic backdrop. Whether you\u2019re planning an intimate ceremony or a large celebration, a seaside wedding adds a touch of paradise to your special day. However, even in Mallorca, organizing such a wedding comes with its own challenges when it comes to planning and finding the perfect location. The island offers a breathtaking coastline, but not every spot is easily available or suitable for a wedding. So, how do you make your seaside wedding in Mallorca a reality? You\u2019ll find out here!<\/p>\n<\/div><\/div><div  class=\"tatsu-module tatsu-text-block-wrap tatsu-rkZZZ1b5ex\"><div class=\"tatsu-text-inner tatsu-align-center  clearfix\" ><style>.tatsu-rkZZZ1b5ex.tatsu-text-block-wrap .tatsu-text-inner{width: 100%;text-align: left;}.tatsu-rkZZZ1b5ex.tatsu-text-block-wrap{margin: 0px 0px 10px 0px;}.tatsu-rkZZZ1b5ex.tatsu-text-block-wrap .tatsu-text-inner *{font-size : 24px;}<\/style>\n<h2>The Mediterranean as the Perfect Wedding Setting<\/h2>\n<\/div><\/div><div  class=\"tatsu-module tatsu-text-block-wrap tatsu-S1iAs1k5ll\"><div class=\"tatsu-text-inner tatsu-align-center  clearfix\" ><style>.tatsu-S1iAs1k5ll.tatsu-text-block-wrap .tatsu-text-inner{width: 100%;text-align: left;}.tatsu-S1iAs1k5ll.tatsu-text-block-wrap .tatsu-text-inner *{font-size : 16px;}<\/style>\n<p>With long sandy beaches, turquoise waters, and its warm Mediterranean atmosphere, Mallorca\u2019s coast is not only a perfect vacation destination. The sound of the waves in the background, soft sand under your feet, or a breathtaking sunset create simply magical settings for your ceremony-and, of course, for your wedding photos in Mallorca. However, why saying <strong>\u201cI do\u201d<\/strong> by the sea rarely takes the form of a <a href=\"https:\/\/lps-photography.de\/en\/strand-hochzeit\/\"><strong>beach wedding<\/strong><\/a> is something I\u2019ve explored in more detail here. Now, let\u2019s look at alternatives for creating an amazing seaside wedding. Planning a wedding by the water ranges from choosing the perfect venue to helpful tips for both bride and groom.<\/p>\n<\/div><\/div><div  class=\"portfolio-all-wrap  oshine-gallery-module 0 tatsu-Byl6HcGHH\" ><div class=\"portfolio  full-screen  full-screen-gutter style2-gutter three-col masonry_enable\" style=\"margin-left: -10px;\"  data-action=\"get_be_gallery_with_pagination\"  data-paged=\"1\" data-enable-masonry=\"1\" data-aspect-ratio = \"1.6\" data-source='{\"source\":\"selected\",\"account_name\":\"themeforest\",\"count\":\"10\",\"col\":\"three\",\"masonry\":\"1\"}' data-gutter-width=\"10\"  data-images-array=\"21507,21068,10871\" data-col=\"three\" data-items-per-load=\"9\" data-hover-style=\"style1-hover\" data-image-grayscale=\"c_to_c\" data-lightbox-type=\"photoswipe\" data-image-source=\"selected\" data-image-effect=\"none\" data-thumb-overlay-color=\"rgba(255,255,255,0)\" data-grad-style-color=\"background:rgba(255,255,255,0)\" data-like-button=\"1\" data-hover-content=\"icon\" data-hover-content-color=\"\" ><div class=\"portfolio-container clickable clearfix portfolio-shortcode be-photoswipe-gallery scale\"><div class=\"element be-hoverlay not-wide no-wide-width-height style1-hover c_to_c\" style=\"margin-bottom: 10px;\"><div class=\"element-inner\" style=\"margin-left: 10px;\"><a href=\"https:\/\/lps-photography.de\/wp-content\/uploads\/2023\/08\/Port-Verd-Mallorca-Hochzeit-3.jpg\" data-size=\"1280x1920\" data-href=\"https:\/\/lps-photography.de\/wp-content\/uploads\/2023\/08\/Port-Verd-Mallorca-Hochzeit-3.jpg\" class=\"thumb-wrap\" title=\"freie trauung im port verd del mar auf mallorca | lps photograph\"><div class=\"flip-wrap\"><div data-aspect-ratio=\"0.67\" style = \"padding-bottom : 150%;;\" class=\"flip-img-wrap none-effect\"><img decoding=\"async\" src=\"https:\/\/lps-photography.de\/wp-content\/uploads\/2023\/08\/Port-Verd-Mallorca-Hochzeit-3-650x975.jpg\" alt=\"freie trauung im port verd del mar auf mallorca | lps photograph\" data-attr=\"0\"\/><\/div><\/div><div class=\"thumb-overlay\"><div class=\"thumb-bg\" style=\"background-color:rgba(255,255,255,0);background:rgba(255,255,255,0)\"><div class=\"thumb-title-wrap display-table-cell vertical-align-middle align-center fadeIn animated\"><div class=\"thumb-title\" style=\"color:;\"><i class=\"portfolio-overlay-icon\"><\/i><\/div><\/div><\/div><\/div><\/a><\/div><\/div><div class=\"element be-hoverlay not-wide no-wide-width-height style1-hover c_to_c\" style=\"margin-bottom: 10px;\"><div class=\"element-inner\" style=\"margin-left: 10px;\"><a href=\"https:\/\/lps-photography.de\/wp-content\/uploads\/2023\/07\/Wolke-7-traeumeria-Son-Moll-Mallorca-32.jpg\" data-size=\"1067x1600\" data-href=\"https:\/\/lps-photography.de\/wp-content\/uploads\/2023\/07\/Wolke-7-traeumeria-Son-Moll-Mallorca-32.jpg\" class=\"thumb-wrap\" title=\"Eine Braut und ein Br\u00e4utigam stehen sich w\u00e4hrend einer Hochzeit im Freien auf Mallorca am Meer h\u00e4ndchenhaltend gegen\u00fcber, mit einem geschm\u00fcckten Bogen und einem Geistlichen im Hintergrund. Auf ihren St\u00fchlen stehen \"Brautigam\" und \"Braut\".\"><div class=\"flip-wrap\"><div data-aspect-ratio=\"0.67\" style = \"padding-bottom : 149.95313964386%;;\" class=\"flip-img-wrap none-effect\"><img decoding=\"async\" src=\"https:\/\/lps-photography.de\/wp-content\/uploads\/2023\/07\/Wolke-7-traeumeria-Son-Moll-Mallorca-32-650x975.jpg\" alt=\"Eine Braut und ein Br\u00e4utigam stehen sich w\u00e4hrend einer Hochzeit im Freien auf Mallorca am Meer h\u00e4ndchenhaltend gegen\u00fcber, mit einem geschm\u00fcckten Bogen und einem Geistlichen im Hintergrund. Auf ihren St\u00fchlen stehen \"Brautigam\" und \"Braut\".\" data-attr=\"0\"\/><\/div><\/div><div class=\"thumb-overlay\"><div class=\"thumb-bg\" style=\"background-color:rgba(255,255,255,0);background:rgba(255,255,255,0)\"><div class=\"thumb-title-wrap display-table-cell vertical-align-middle align-center fadeIn animated\"><div class=\"thumb-title\" style=\"color:;\"><i class=\"portfolio-overlay-icon\"><\/i><\/div><\/div><\/div><\/div><\/a><\/div><\/div><div class=\"element be-hoverlay not-wide no-wide-width-height style1-hover c_to_c\" style=\"margin-bottom: 10px;\"><div class=\"element-inner\" style=\"margin-left: 10px;\"><a href=\"https:\/\/lps-photography.de\/wp-content\/uploads\/2021\/07\/Hochzeitsfotos-Strand-Mallorca-Shooting-10-scaled.jpg\" data-size=\"1707x2560\" data-href=\"https:\/\/lps-photography.de\/wp-content\/uploads\/2021\/07\/Hochzeitsfotos-Strand-Mallorca-Shooting-10-scaled.jpg\" class=\"thumb-wrap\" title=\"hochzeitsfotos strand mallorca shooting 10 scaled\"><div class=\"flip-wrap\"><div data-aspect-ratio=\"0.67\" style = \"padding-bottom : 149.97070884593%;;\" class=\"flip-img-wrap none-effect\"><img decoding=\"async\" src=\"https:\/\/lps-photography.de\/wp-content\/uploads\/2021\/07\/Hochzeitsfotos-Strand-Mallorca-Shooting-10-650x975.jpg\" alt=\"Hochzeitsfotos Strand Mallorca Shooting 10\" data-attr=\"0\"\/><\/div><\/div><div class=\"thumb-overlay\"><div class=\"thumb-bg\" style=\"background-color:rgba(255,255,255,0);background:rgba(255,255,255,0)\"><div class=\"thumb-title-wrap display-table-cell vertical-align-middle align-center fadeIn animated\"><div class=\"thumb-title\" style=\"color:;\"><i class=\"portfolio-overlay-icon\"><\/i><\/div><\/div><\/div><\/div><\/a><\/div><\/div><\/div><\/div><\/div><div  class=\"tatsu-module tatsu-text-block-wrap tatsu-HyK_M1a32\"><div class=\"tatsu-text-inner tatsu-align-center  clearfix\" ><style>.tatsu-HyK_M1a32.tatsu-text-block-wrap .tatsu-text-inner{width: 100%;text-align: left;}.tatsu-HyK_M1a32.tatsu-text-block-wrap{margin: 10px 0px 10px 0px;}.tatsu-HyK_M1a32.tatsu-text-block-wrap .tatsu-text-inner *{font-size : 24px;}<\/style>\n<h2>Best Time to Get Married by the Sea in Mallorca<\/h2>\n<\/div><\/div><div  class=\"tatsu-module tatsu-text-block-wrap tatsu-S18-bkbqxl\"><div class=\"tatsu-text-inner tatsu-align-center  clearfix\" ><style>.tatsu-S18-bkbqxl.tatsu-text-block-wrap .tatsu-text-inner{width: 100%;text-align: left;}.tatsu-S18-bkbqxl.tatsu-text-block-wrap{margin: 0px 0px 20px 0px;}.tatsu-S18-bkbqxl.tatsu-text-block-wrap .tatsu-text-inner *{font-size : 16px;}<\/style>\n<p>Wedding planning usually begins with choosing your wedding date or at least a clear timeframe. If you\u2019re getting married by the sea, it makes sense to pick a date that allows you to tie on your honeymoon right afterward. This not only saves on costs and vacation planning, but also places your ceremony in a much more relaxed atmosphere. The same goes for your guests, who will likely appreciate the chance to enjoy the setting and make the most of their travel by spending a few days relaxing. That way, no one has to worry about commitments the day after the wedding, and everyone can start the get-together in the best vacation mood!<\/p>\n<\/div><\/div><div  class=\"tatsu-module tatsu-text-block-wrap tatsu-HyoXWJ-9ee\"><div class=\"tatsu-text-inner tatsu-align-center  clearfix\" ><style>.tatsu-HyoXWJ-9ee.tatsu-text-block-wrap .tatsu-text-inner{width: 100%;text-align: left;}.tatsu-HyoXWJ-9ee.tatsu-text-block-wrap{margin: 0px 0px 10px 0px;}.tatsu-HyoXWJ-9ee.tatsu-text-block-wrap .tatsu-text-inner *{font-size : 24px;}<\/style>\n<h2>Planning a Seaside Wedding<\/h2>\n<\/div><\/div><div  class=\"tatsu-module tatsu-text-block-wrap tatsu-rygg6kk9gx\"><div class=\"tatsu-text-inner tatsu-align-center  clearfix\" ><style>.tatsu-rygg6kk9gx.tatsu-text-block-wrap .tatsu-text-inner{width: 100%;text-align: left;}.tatsu-rygg6kk9gx.tatsu-text-block-wrap .tatsu-text-inner *{font-size : 16px;}<\/style>\n<p>Finding the perfect time to get married in Mallorca is actually quite easy. You\u2019re by no means limited to the summer months or school holidays. With only a few exceptions, coastal venues are available almost year-round-I even had the opportunity to work as a <a href=\"https:\/\/lps-photography.de\/en\/\"><strong>wedding photographer in Mallorca<\/strong><\/a> at the end of December. While July and August are very popular months for weddings, I wouldn\u2019t recommend them. It gets extremely hot, the island is overcrowded, and of course, everything is more expensive during peak season. Many couples don\u2019t fully account for costs like accommodation, car rentals, and flights when budgeting for a destination wedding-and these expenses also add up for your guests.<\/p>\n<\/div><\/div><div  class=\"tatsu-module tatsu-text-block-wrap tatsu-SyVn-1W9le\"><div class=\"tatsu-text-inner tatsu-align-center  clearfix\" ><style>.tatsu-SyVn-1W9le.tatsu-text-block-wrap .tatsu-text-inner{width: 100%;text-align: left;}.tatsu-SyVn-1W9le.tatsu-text-block-wrap .tatsu-text-inner *{font-size : 16px;}<\/style>\n<p>Up until late October, the Mediterranean is warm enough even for softies like me, often warmer than in early June. And unlike the North or Baltic Seas, you won\u2019t freeze in the water during winter, with temperatures at least 15\u00b0C (59\u00b0F). So, in the autumn, you can still enjoy the full Caribbean-like vibe without having to spend a fortune traveling to the Maldives.<\/p>\n<\/div><\/div><div  class=\"tatsu-module tatsu-text-block-wrap tatsu-HJJ_bJb9el\"><div class=\"tatsu-text-inner tatsu-align-center  clearfix\" ><style>.tatsu-HJJ_bJb9el.tatsu-text-block-wrap .tatsu-text-inner{width: 100%;text-align: left;}.tatsu-HJJ_bJb9el.tatsu-text-block-wrap{margin: 0px 0px 10px 0px;}.tatsu-HJJ_bJb9el.tatsu-text-block-wrap .tatsu-text-inner *{font-size : 24px;}<\/style>\n<h2>Coastal Weather Conditions<\/h2>\n<\/div><\/div><div  class=\"tatsu-module tatsu-text-block-wrap tatsu-ryG1Ayk9ex\"><div class=\"tatsu-text-inner tatsu-align-center  clearfix\" ><style>.tatsu-ryG1Ayk9ex.tatsu-text-block-wrap .tatsu-text-inner{width: 100%;text-align: left;}.tatsu-ryG1Ayk9ex.tatsu-text-block-wrap .tatsu-text-inner *{font-size : 16px;}<\/style>\n<p>As mentioned, summer here is absolutely paradise-especially if you can relax in the sea or by the pool. It feels a bit different, however, if you\u2019re walking down the aisle in a suit and wedding dress. Along the coast, you\u2019ll often experience more wind and slightly lower temperatures than at a <a href=\"\/en\/finca-hochzeit-mallorca\"><strong>finca wedding in Mallorca<\/strong><\/a>, but you should at least adjust the timing of your ceremony to avoid the heat. 3 PM is the hottest time of day and isn\u2019t ideal for a healthy, comfortable wedding. In summer, it stays light long enough to start around 6 PM. Your guests-as well as the bride\u2019s hairstyle and the groom\u2019s shirt-will thank you!<\/p>\n<\/div><\/div><div  class=\"tatsu-module tatsu-text-block-wrap tatsu-BJBAZ1b5eg\"><div class=\"tatsu-text-inner tatsu-align-center  clearfix\" ><style>.tatsu-BJBAZ1b5eg.tatsu-text-block-wrap .tatsu-text-inner{width: 100%;text-align: left;}.tatsu-BJBAZ1b5eg.tatsu-text-block-wrap .tatsu-text-inner *{font-size : 16px;}<\/style>\n<p>Speaking of wind: usually, it doesn\u2019t require a backup plan for your venue. But when it comes to styling and choosing your dress, keep in mind that seaside conditions can be quite dynamic!<\/p>\n<\/div><\/div><div  class=\"tatsu-module tatsu-text-block-wrap tatsu-HJKIWkWqlg\"><div class=\"tatsu-text-inner tatsu-align-center  clearfix\" ><style>.tatsu-HJKIWkWqlg.tatsu-text-block-wrap .tatsu-text-inner{width: 100%;text-align: left;}.tatsu-HJKIWkWqlg.tatsu-text-block-wrap{margin: 0px 0px 10px 0px;}.tatsu-HJKIWkWqlg.tatsu-text-block-wrap .tatsu-text-inner *{font-size : 24px;}<\/style>\n<h2>Decor for Your Wedding<\/h2>\n<\/div><\/div><div  class=\"tatsu-module tatsu-text-block-wrap tatsu-HyHuA11cee\"><div class=\"tatsu-text-inner tatsu-align-center  clearfix\" ><style>.tatsu-HyHuA11cee.tatsu-text-block-wrap .tatsu-text-inner{width: 100%;text-align: left;}.tatsu-HyHuA11cee.tatsu-text-block-wrap .tatsu-text-inner *{font-size : 16px;}<\/style>\n<p>Choosing the right wedding decorations is an important step in planning your big day-and it often takes up a significant portion of the wedding budget. The right d\u00e9cor can enhance the beauty of the venue and create an intimate atmosphere, or it can feel completely out of place.<\/p>\n<p><strong>Especially near the water, there are a few key points to keep in mind:<\/strong><\/p>\n<ul>\n<li><strong>Reflect the surroundings:<\/strong> Incorporate elements that highlight the natural beauty of Mallorca\u2019s sandy beaches and stunning landscapes.<\/li>\n<li><strong>Use seashells as table decorations<\/strong> or include them in the bridal bouquet.<\/li>\n<li><strong>Arrange driftwoo<\/strong>d along the aisle or use it as place card holders.<\/li>\n<li><strong>Floral arrangements:<\/strong> If you\u2019re having flowers by the sea, choose soft, gentle colors like pastel pink, blue, and white.<\/li>\n<li><strong>Avoid plastic!<\/strong> Releasing balloons on the beach is not only outdated but also harmful to wildlife. The same goes for confetti and anything else that\u2019s thrown around.<\/li>\n<\/ul>\n<\/div><\/div><div  class=\"tatsu-module tatsu-text-block-wrap tatsu-S1ZuEJT33\"><div class=\"tatsu-text-inner tatsu-align-center  clearfix\" ><style>.tatsu-S1ZuEJT33.tatsu-text-block-wrap .tatsu-text-inner{width: 80%;text-align: center;}.tatsu-S1ZuEJT33.tatsu-text-block-wrap .tatsu-text-inner *{font-size : 16px;}<\/style>\n<p>Are you looking for a wedding <strong>photographer in Mallorca<\/strong> or have questions about your seaside wedding? <strong>Feel free to get in touch-I\u2019d be happy to help you plan your&#8230;<\/strong><\/p>\n<\/div><\/div><div  class=\"tatsu-module tatsu-normal-button tatsu-button-wrap align-block block-center  tatsu-rJvyNJ632\"><a class=\"tatsu-shortcode mediumbtn tatsu-button left-icon circular   bg-animation-none\" href=\"https:\/\/lps-photography.de\/en\/contact\/\" style= \"\"  aria-label=\"Book Your Wedding Date!\" data-gdpr-atts={} ><i class=\"tatsu-icon icon-icon_heart_alt\"><\/i>Book Your Wedding Date!<\/a><style>.tatsu-rJvyNJ632 .tatsu-button{background-color: rgba(45,97,159,1);color: #ffffff ;}<\/style><\/div><div  class=\"portfolio-all-wrap  oshine-gallery-module 0 tatsu-H1VvXkp32\" ><div class=\"portfolio  full-screen  full-screen-gutter style2-gutter three-col masonry_enable\" style=\"margin-left: -10px;\"  data-action=\"get_be_gallery_with_pagination\"  data-paged=\"1\" data-enable-masonry=\"1\" data-aspect-ratio = \"1.6\" data-source='{\"source\":\"selected\",\"account_name\":\"themeforest\",\"count\":\"10\",\"col\":\"three\",\"masonry\":\"1\"}' data-gutter-width=\"10\"  data-images-array=\"10868,10873,10872\" data-col=\"three\" data-items-per-load=\"9\" data-hover-style=\"style1-hover\" data-image-grayscale=\"c_to_c\" data-lightbox-type=\"photoswipe\" data-image-source=\"selected\" data-image-effect=\"none\" data-thumb-overlay-color=\"rgba(255,255,255,0)\" data-grad-style-color=\"background:rgba(255,255,255,0)\" data-like-button=\"1\" data-hover-content=\"icon\" data-hover-content-color=\"\" ><div class=\"portfolio-container clickable clearfix portfolio-shortcode be-photoswipe-gallery scale\"><div class=\"element be-hoverlay not-wide no-wide-width-height style1-hover c_to_c\" style=\"margin-bottom: 10px;\"><div class=\"element-inner\" style=\"margin-left: 10px;\"><a href=\"https:\/\/lps-photography.de\/wp-content\/uploads\/2021\/07\/Hochzeitsfotos-Strand-Mallorca-Shooting-7.jpg\" data-size=\"2048x1365\" data-href=\"https:\/\/lps-photography.de\/wp-content\/uploads\/2021\/07\/Hochzeitsfotos-Strand-Mallorca-Shooting-7.jpg\" class=\"thumb-wrap\" title=\"hochzeitsfotos strand mallorca shooting 7\"><div class=\"flip-wrap\"><div data-aspect-ratio=\"1.5\" style = \"padding-bottom : 66.650390625%;;\" class=\"flip-img-wrap none-effect\"><img decoding=\"async\" src=\"https:\/\/lps-photography.de\/wp-content\/uploads\/2021\/07\/Hochzeitsfotos-Strand-Mallorca-Shooting-7-650x433.jpg\" alt=\"Hochzeitsfotos Strand Mallorca Shooting 7\" data-attr=\"0\"\/><\/div><\/div><div class=\"thumb-overlay\"><div class=\"thumb-bg\" style=\"background-color:rgba(255,255,255,0);background:rgba(255,255,255,0)\"><div class=\"thumb-title-wrap display-table-cell vertical-align-middle align-center fadeIn animated\"><div class=\"thumb-title\" style=\"color:;\"><i class=\"portfolio-overlay-icon\"><\/i><\/div><\/div><\/div><\/div><\/a><\/div><\/div><div class=\"element be-hoverlay not-wide no-wide-width-height style1-hover c_to_c\" style=\"margin-bottom: 10px;\"><div class=\"element-inner\" style=\"margin-left: 10px;\"><a href=\"https:\/\/lps-photography.de\/wp-content\/uploads\/2021\/07\/Hochzeitsfotos-Strand-Mallorca-Shooting-12.jpg\" data-size=\"2048x1365\" data-href=\"https:\/\/lps-photography.de\/wp-content\/uploads\/2021\/07\/Hochzeitsfotos-Strand-Mallorca-Shooting-12.jpg\" class=\"thumb-wrap\" title=\"hochzeitsfotos strand mallorca shooting 12\"><div class=\"flip-wrap\"><div data-aspect-ratio=\"1.5\" style = \"padding-bottom : 66.650390625%;;\" class=\"flip-img-wrap none-effect\"><img decoding=\"async\" src=\"https:\/\/lps-photography.de\/wp-content\/uploads\/2021\/07\/Hochzeitsfotos-Strand-Mallorca-Shooting-12-650x433.jpg\" alt=\"Hochzeitsfotos Strand Mallorca Shooting 12\" data-attr=\"0\"\/><\/div><\/div><div class=\"thumb-overlay\"><div class=\"thumb-bg\" style=\"background-color:rgba(255,255,255,0);background:rgba(255,255,255,0)\"><div class=\"thumb-title-wrap display-table-cell vertical-align-middle align-center fadeIn animated\"><div class=\"thumb-title\" style=\"color:;\"><i class=\"portfolio-overlay-icon\"><\/i><\/div><\/div><\/div><\/div><\/a><\/div><\/div><div class=\"element be-hoverlay not-wide no-wide-width-height style1-hover c_to_c\" style=\"margin-bottom: 10px;\"><div class=\"element-inner\" style=\"margin-left: 10px;\"><a href=\"https:\/\/lps-photography.de\/wp-content\/uploads\/2021\/07\/Hochzeitsfotos-Strand-Mallorca-Shooting-11.jpg\" data-size=\"2048x1365\" data-href=\"https:\/\/lps-photography.de\/wp-content\/uploads\/2021\/07\/Hochzeitsfotos-Strand-Mallorca-Shooting-11.jpg\" class=\"thumb-wrap\" title=\"hochzeitsfotos strand mallorca shooting 11\"><div class=\"flip-wrap\"><div data-aspect-ratio=\"1.5\" style = \"padding-bottom : 66.650390625%;;\" class=\"flip-img-wrap none-effect\"><img decoding=\"async\" src=\"https:\/\/lps-photography.de\/wp-content\/uploads\/2021\/07\/Hochzeitsfotos-Strand-Mallorca-Shooting-11-650x433.jpg\" alt=\"Hochzeitsfotos Strand Mallorca Shooting 11\" data-attr=\"0\"\/><\/div><\/div><div class=\"thumb-overlay\"><div class=\"thumb-bg\" style=\"background-color:rgba(255,255,255,0);background:rgba(255,255,255,0)\"><div class=\"thumb-title-wrap display-table-cell vertical-align-middle align-center fadeIn animated\"><div class=\"thumb-title\" style=\"color:;\"><i class=\"portfolio-overlay-icon\"><\/i><\/div><\/div><\/div><\/div><\/a><\/div><\/div><\/div><\/div><\/div><div  class=\"tatsu-module tatsu-text-block-wrap tatsu-rJpNfyZqel\"><div class=\"tatsu-text-inner tatsu-align-center  clearfix\" ><style>.tatsu-rJpNfyZqel.tatsu-text-block-wrap .tatsu-text-inner{width: 100%;text-align: left;}.tatsu-rJpNfyZqel.tatsu-text-block-wrap{margin: 10px 0px 10px 0px;}.tatsu-rJpNfyZqel.tatsu-text-block-wrap .tatsu-text-inner *{font-size : 24px;}<\/style>\n<h2>The Best Wedding Venues for Your Seaside Wedding<\/h2>\n<\/div><\/div><div  class=\"tatsu-module tatsu-text-block-wrap tatsu-BJxlGyW9ee\"><div class=\"tatsu-text-inner tatsu-align-center  clearfix\" ><style>.tatsu-BJxlGyW9ee.tatsu-text-block-wrap .tatsu-text-inner{width: 100%;text-align: left;}.tatsu-BJxlGyW9ee.tatsu-text-block-wrap{margin: 0px 0px 10px 0px;}.tatsu-BJxlGyW9ee.tatsu-text-block-wrap .tatsu-text-inner *{font-size : 16px;}<\/style>\n<p>Looking for wedding venues by the sea-or at least with a sea view? Welcome to the club! There aren\u2019t actually that many that I can genuinely recommend. Unfortunately, the basic rule of the hospitality industry often applies to wedding venues as well: prime beachfront locations that are truly excellent are rare. Still, I have a few genuine recommendations for you, venues where I\u2019ve had the pleasure of photographing many amazing weddings.<\/p>\n<\/div><\/div><div  class=\"tatsu-module tatsu-text-block-wrap tatsu-ByRGGyb5ex\"><div class=\"tatsu-text-inner tatsu-align-center  clearfix\" ><style>.tatsu-ByRGGyb5ex.tatsu-text-block-wrap .tatsu-text-inner{width: 100%;text-align: left;}.tatsu-ByRGGyb5ex.tatsu-text-block-wrap .tatsu-text-inner *{font-size : 16px;}<\/style>\n<p>Some popular options are, of course, the <strong>beach clubs<\/strong> in and around Palma de Mallorca. For example, Purobeach Palma, Zhero Beach in Magaluf, or Mhares a little west of the island\u2019s capital. No question-you can have an absolutely Instagram-worthy wedding by the sea at these locations. However, it comes at a high cost, often for only mediocre quality-both in terms of food and atmosphere. To book the club exclusively, you\u2019ll naturally need a large number of guests. Even then, you\u2019ll usually have plenty of half-naked tourists lounging, swimming, and making noise nearby. Honestly, I haven\u2019t experienced truly great food at any of these beach clubs, despite what the price might suggest.<\/p>\n<\/div><\/div><div  class=\"tatsu-module tatsu-text-block-wrap tatsu-H1zSMJZcgg\"><div class=\"tatsu-text-inner tatsu-align-center  clearfix\" ><style>.tatsu-H1zSMJZcgg.tatsu-text-block-wrap .tatsu-text-inner{width: 100%;text-align: left;}.tatsu-H1zSMJZcgg.tatsu-text-block-wrap{margin: 0px 0px 10px 0px;}.tatsu-H1zSMJZcgg.tatsu-text-block-wrap .tatsu-text-inner *{font-size : 24px;}<\/style>\n<h2>Seaside Wedding Venues<\/h2>\n<\/div><\/div><div  class=\"tatsu-module tatsu-text-block-wrap tatsu-BJ4Cgek5xe\"><div class=\"tatsu-text-inner tatsu-align-center  clearfix\" ><style>.tatsu-BJ4Cgek5xe.tatsu-text-block-wrap .tatsu-text-inner{width: 100%;text-align: left;}.tatsu-BJ4Cgek5xe.tatsu-text-block-wrap .tatsu-text-inner *{font-size : 16px;}<\/style>\n<p>Looking for wedding venues by the sea-or at least with a sea view? Welcome to the club! There aren\u2019t actually that many that I can genuinely recommend. Unfortunately, the basic rule of the hospitality industry often applies to wedding venues as well: prime beachfront locations that are truly excellent are rare. Still, I have a few genuine recommendations for you, venues where I\u2019ve had the pleasure of photographing many amazing weddings.<\/p>\n<\/div><\/div><div  class=\"tatsu-module tatsu-text-block-wrap tatsu-SyutMJ-qxx\"><div class=\"tatsu-text-inner tatsu-align-center  clearfix\" ><style>.tatsu-SyutMJ-qxx.tatsu-text-block-wrap .tatsu-text-inner{width: 100%;text-align: left;}.tatsu-SyutMJ-qxx.tatsu-text-block-wrap .tatsu-text-inner *{font-size : 16px;}<\/style>\n<p>Some popular options are, of course, the <strong>beach clubs<\/strong> in and around Palma de Mallorca. For example, Purobeach Palma, Zhero Beach in Magaluf, or Mhares a little west of the island\u2019s capital. No question-you can have an absolutely Instagram-worthy wedding by the sea at these locations. However, it comes at a high cost, often for only mediocre quality-both in terms of food and atmosphere. To book the club exclusively, you\u2019ll naturally need a large number of guests. Even then, you\u2019ll usually have plenty of half-naked tourists lounging, swimming, and making noise nearby. Honestly, I haven\u2019t experienced truly great food at any of these beach clubs, despite what the price might suggest.<\/p>\n<\/div><\/div><div class=\"oshine-module oshine-am-fh display-block  tatsu-H1GUolkanh\"><style>.tatsu-H1GUolkanh .animate-icon-module-style1-wrap{height: 300px;}.tatsu-H1GUolkanh .animate-icon-module-style1{margin-bottom: 20px;}<\/style><div class=\"animate-icon-module-style1-wrap-container\"><div class=\"animate-icon-module-style1-wrap clearfix\" data-gutter-width=\"20\"><a  href=\"https:\/\/lps-photography.de\/en\/traeumeria-son-moll-hochzeit-auf-wolke-7\/\" class=\"animate-icon-module-style1 be-bg-cover animate-icon-module ai-has-overlay top-animate tatsu-HJ8seyah3\" ><style>.tatsu-HJ8seyah3 .font-icon{font-size: 30px;color: #ffffff ;}.tatsu-HJ8seyah3 .title_content{color: #ffffff ;}.tatsu-HJ8seyah3{background-image: url(https:\/\/lps-photography.de\/wp-content\/uploads\/2023\/07\/Wolke-7-traeumeria-Son-Moll-Mallorca-1.jpg);background-color: #000;}.tatsu-HJ8seyah3:hover{background-color: #232323;}.tatsu-HJ8seyah3 .ai-overlay{background-color: rgba(0,0,0,0.13);}<\/style><div class=\"animate-icon-module-normal-content\"><div class=\"display-table\"><div class=\"display-table-cell vertical-align-middle\"><i class=\"font-icon icon-heart2\" ><\/i><h4  class=\"title_content\" >Tr\u00e4umeria Son Moll: Your Wedding on Cloud Nine<\/h4><\/div><\/div><\/div><div class=\"animate-icon-module-hover-content\"><div class=\"display-table\"><div class=\"display-table-cell vertical-align-middle\">\n<p><span style=\"color: #fff;\">Tr\u00e4umeria Son Moll and its Rooftop Bar Cloud Nine in Cala Ratjada<\/span><\/p>\n<\/div><\/div><\/div><div class=\"ai-overlay\" ><\/div><\/a><a  href=\"https:\/\/lps-photography.de\/en\/port-verd-del-mar-hochzeit\/\" class=\"animate-icon-module-style1 be-bg-cover animate-icon-module ai-has-overlay top-animate tatsu-rklIig16h3\" ><style>.tatsu-rklIig16h3 .font-icon{font-size: 30px;color: #ffffff ;}.tatsu-rklIig16h3 .title_content{color: #ffffff ;}.tatsu-rklIig16h3{background-image: url(https:\/\/lps-photography.de\/wp-content\/uploads\/2023\/08\/Port-Verd-Mallorca-Hochzeit-7.jpg);background-color: #000;}.tatsu-rklIig16h3:hover{background-color: #232323;}.tatsu-rklIig16h3 .ai-overlay{background-color: rgba(0,0,0,0.14);}<\/style><div class=\"animate-icon-module-normal-content\"><div class=\"display-table\"><div class=\"display-table-cell vertical-align-middle\"><i class=\"font-icon icon-heart2\" ><\/i><h4  class=\"title_content\" >Port Verd del Mar: A Stunning Seaside Venue for Your Dream Wedding<\/h4><\/div><\/div><\/div><div class=\"animate-icon-module-hover-content\"><div class=\"display-table\"><div class=\"display-table-cell vertical-align-middle\">\n<p><span style=\"color: #fff;\">The Famous Seaside Pavilion: Not the Right Venue for Everyone<\/span><\/p>\n<\/div><\/div><\/div><div class=\"ai-overlay\" ><\/div><\/a><\/div><\/div><\/div><div  class=\"tatsu-module tatsu-text-block-wrap tatsu-BJEGVyThh\"><div class=\"tatsu-text-inner tatsu-align-center  clearfix\" ><style>.tatsu-BJEGVyThh.tatsu-text-block-wrap .tatsu-text-inner{width: 80%;text-align: center;}.tatsu-BJEGVyThh.tatsu-text-block-wrap .tatsu-text-inner *{font-size : 16px;}<\/style>\n<p>Are you looking for a wedding photographer in Mallorca or have questions about your seaside wedding? Feel free to get in touch\u2014I\u2019d be happy to help you secure your special day.<\/p>\n<\/div><\/div><div  class=\"tatsu-module tatsu-normal-button tatsu-button-wrap align-block block-center  tatsu-HkgZOVJT3h\"><a class=\"tatsu-shortcode mediumbtn tatsu-button left-icon circular   bg-animation-none\" href=\"https:\/\/lps-photography.de\/en\/contact\/\" style= \"\"  aria-label=\"Book Your Wedding Date!\" data-gdpr-atts={} ><i class=\"tatsu-icon icon-icon_heart_alt\"><\/i>Book Your Wedding Date!<\/a><style>.tatsu-HkgZOVJT3h .tatsu-button{background-color: rgba(45,97,159,1);color: #ffffff ;}<\/style><\/div><\/div><\/div><div class = \"tatsu-column-bg-image-wrap\"><div class = \"tatsu-column-bg-image\" ><\/div><\/div><\/div><style>.tatsu-row > .tatsu-B1e1-UCy4.tatsu-column{width: 100%;}.tatsu-B1e1-UCy4.tatsu-column > .tatsu-column-inner > .tatsu-column-overlay{mix-blend-mode: none;}.tatsu-B1e1-UCy4 > .tatsu-column-inner > .tatsu-top-divider{z-index: 9999;}.tatsu-B1e1-UCy4 > .tatsu-column-inner > .tatsu-bottom-divider{z-index: 9999;}.tatsu-B1e1-UCy4 > .tatsu-column-inner > .tatsu-left-divider{z-index: 9999;}.tatsu-B1e1-UCy4 > .tatsu-column-inner > .tatsu-right-divider{z-index: 9999;}@media only screen and (max-width:1377px) {.tatsu-row > .tatsu-B1e1-UCy4.tatsu-column{width: 100%;}}@media only screen and (min-width:768px) and (max-width: 1024px) {.tatsu-row > .tatsu-B1e1-UCy4.tatsu-column{width: 100%;}}@media only screen and (max-width: 767px) {.tatsu-row > .tatsu-B1e1-UCy4.tatsu-column{width: 100%;}}<\/style><\/div><\/div><\/div><\/div><div class=\"tatsu-section-background-wrap\"><div class = \"tatsu-section-background\" ><\/div><\/div><style>.tatsu-rJWg1WIRk4 .tatsu-section-pad{padding: 0px 0px 1px 0px;}.tatsu-rJWg1WIRk4 > .tatsu-bottom-divider{z-index: 9999;}.tatsu-rJWg1WIRk4 > .tatsu-top-divider{z-index: 9999;}<\/style><\/div><div  class=\"tatsu-r1GCX7iOge tatsu-section  tatsu-bg-overlay   tatsu-clearfix\" data-title=\"\"  data-headerscheme=\"background--dark\"><div class='tatsu-section-pad clearfix' data-padding='{\"d\":\"21px 0px 6px 0px\"}' data-padding-top='21px'><div class=\"tatsu-row-wrap  tatsu-wrap tatsu-row-one-col tatsu-row-has-one-cols tatsu-medium-gutter tatsu-reg-cols  tatsu-clearfix tatsu-HylMCmmjugl\" ><div  class=\"tatsu-row\" ><div  class=\"tatsu-column  tatsu-bg-overlay tatsu-one-col tatsu-column-image-none tatsu-column-effect-none  tatsu-rJZf0XXjugx\"  data-parallax-speed=\"0\" style=\"\"><div class=\"tatsu-column-inner\" ><div class=\"tatsu-column-pad-wrap\"><div class=\"tatsu-column-pad\" ><div class=\"tatsu_testimonial_wrap tatsu-B1GzRXmi_gx clearfix bubble_left\" ><div class=\"tatsu_testimonial_wrap\"><div class=\"tatsu_testimonial_inner_wrap\"><i class=\"tatsu-icon icon-quote\"><\/i><div class=\"tatsu_testimonial_content\"><div class=\"tatsu_testimonial_description\">Transparency Notice: Unfortunately, transparency is often lacking in the wedding industry, as well as in blogs and magazines, which can lead to extra effort, higher costs, quality issues, and confusion during your own wedding planning-and, understandably, can be frustrating. On my website, you will only find recommendations for wedding venues and service providers that I have personally experienced multiple times, who live in Mallorca, and whom I value for their quality and professionalism. I receive no commission or any other form of compensation for these recommendations.<\/div><\/div><\/div><\/div><div class=\"tatsu_testimonial_info_wrap clearfix\"><div class=\"tatsu_testimonial_img\"><img decoding=\"async\" src=\"https:\/\/lps-photography.de\/wp-content\/uploads\/2023\/09\/Lukas-P-Schmidt-9-150x150.jpg\" alt=\"Lukas\" \/><\/div><div class=\"tatsu_testimonial_info\"><h6 class=\"tatsu_testimonial_author\">Lukas<\/h6><div class=\"tatsu_testimonial_role\">Mallorca Wedding Photographer<\/div><\/div><\/div><style>.tatsu-B1GzRXmi_gx .icon-quote, .tatsu-B1GzRXmi_gx .tatsu_testimonial_description{color: #ffffff ;}.tatsu-B1GzRXmi_gx .tatsu_testimonial_inner_wrap{border-color: rgba(45,97,159,1); }.tatsu-B1GzRXmi_gx .tatsu_testimonial_content{background-color: rgba(45,97,159,1);}<\/style><\/div><\/div><\/div><div class = \"tatsu-column-bg-image-wrap\"><div class = \"tatsu-column-bg-image\" ><\/div><\/div><div class=\"tatsu-overlay tatsu-column-overlay tatsu-animate-none\" ><\/div><\/div><style>.tatsu-row > .tatsu-rJZf0XXjugx.tatsu-column{width: 100%;}.tatsu-rJZf0XXjugx.tatsu-column > .tatsu-column-inner > .tatsu-column-overlay{mix-blend-mode: normal;}.tatsu-rJZf0XXjugx > .tatsu-column-inner > .tatsu-top-divider{z-index: 9999;}.tatsu-rJZf0XXjugx > .tatsu-column-inner > .tatsu-bottom-divider{z-index: 9999;}.tatsu-rJZf0XXjugx > .tatsu-column-inner > .tatsu-left-divider{z-index: 9999;}.tatsu-rJZf0XXjugx > .tatsu-column-inner > .tatsu-right-divider{z-index: 9999;}@media only screen and (max-width:1377px) {.tatsu-row > .tatsu-rJZf0XXjugx.tatsu-column{width: 100%;}}@media only screen and (min-width:768px) and (max-width: 1024px) {.tatsu-row > .tatsu-rJZf0XXjugx.tatsu-column{width: 100%;}}@media only screen and (max-width: 767px) {.tatsu-row > .tatsu-rJZf0XXjugx.tatsu-column{width: 100%;}}<\/style><\/div><\/div><\/div><\/div><div class=\"tatsu-section-background-wrap\"><div class = \"tatsu-section-background\" ><\/div><\/div><div class=\"tatsu-overlay tatsu-section-overlay\"><\/div><style>.tatsu-r1GCX7iOge .tatsu-section-pad{padding: 21px 0px 6px 0px;}.tatsu-r1GCX7iOge .tatsu-section-offset-wrap{transform: translateY(-0px);}.tatsu-r1GCX7iOge > .tatsu-bottom-divider{z-index: 9999;}.tatsu-r1GCX7iOge > .tatsu-top-divider{z-index: 9999;}.tatsu-r1GCX7iOge .tatsu-section-overlay{mix-blend-mode: normal;}<\/style><\/div><div  class=\"tatsu-Bkbx8-L01E tatsu-section    tatsu-clearfix\" data-title=\"\"  data-headerscheme=\"background--dark\"><div class='tatsu-section-pad clearfix' data-padding='{\"d\":\"31px 0px 0px 0px\"}' data-padding-top='31px'><div class=\"tatsu-row-wrap  tatsu-wrap tatsu-row-one-col tatsu-row-has-one-cols tatsu-medium-gutter tatsu-reg-cols  tatsu-clearfix tatsu-ryexL-IAJN\" ><div  class=\"tatsu-row\" ><div  class=\"tatsu-column  tatsu-column-no-bg tatsu-one-col tatsu-column-image-none tatsu-column-effect-none  tatsu-BkYRL80yN\"  data-parallax-speed=\"0\" style=\"\"><div class=\"tatsu-column-inner\" ><div class=\"tatsu-column-pad-wrap\"><div class=\"tatsu-column-pad\" ><div  class=\"tatsu-module tatsu-text-block-wrap tatsu-Sk4IZ80JN\"><div class=\"tatsu-text-inner tatsu-align-center  clearfix\" ><style>.tatsu-Sk4IZ80JN.tatsu-text-block-wrap .tatsu-text-inner{width: 100%;text-align: left;}.tatsu-Sk4IZ80JN.tatsu-text-block-wrap{margin: 0px 0px 10px 0px;}.tatsu-Sk4IZ80JN.tatsu-text-block-wrap .tatsu-text-inner *{font-size : 24px;}<\/style>\n<h2>Tips for Brides and Grooms Planning a Seaside Wedding<\/h2>\n<\/div><\/div><div  class=\"tatsu-module tatsu-text-block-wrap tatsu-r116z1Wqxx\"><div class=\"tatsu-text-inner tatsu-align-center  clearfix\" ><style>.tatsu-r116z1Wqxx.tatsu-text-block-wrap .tatsu-text-inner{width: 100%;text-align: left;}.tatsu-r116z1Wqxx.tatsu-text-block-wrap .tatsu-text-inner *{font-size : 16px;}<\/style>\n<p>When getting married in Mallorca-especially by the sea-it\u2019s important to choose the right wedding attire. Opt for light, breathable fabrics that will keep you comfortable even under strong sun and on sandy ground. Don\u2019t forget to pick the right shoes as well, ones that are suitable for uneven surfaces and won\u2019t sink into the sand. It may sound obvious, but in practice, this detail is often overlooked. If your dress is full of sand and seaweed after just a few steps, your suit is dripping wet, and your shoes won\u2019t allow you to walk on the beach, the wedding will only be half as enjoyable.<\/p>\n<\/div><\/div><div  class=\"tatsu-module tatsu-text-block-wrap tatsu-rJUy71W9gl\"><div class=\"tatsu-text-inner tatsu-align-center  clearfix\" ><style>.tatsu-rJUy71W9gl.tatsu-text-block-wrap .tatsu-text-inner{width: 100%;text-align: left;}.tatsu-rJUy71W9gl.tatsu-text-block-wrap{margin: 0px 0px 10px 0px;}.tatsu-rJUy71W9gl.tatsu-text-block-wrap .tatsu-text-inner *{font-size : 24px;}<\/style>\n<h2>Choosing the Right Wedding Outfit<\/h2>\n<\/div><\/div><div  class=\"tatsu-module tatsu-text-block-wrap tatsu-HygSmg1cgx\"><div class=\"tatsu-text-inner tatsu-align-center  clearfix\" ><style>.tatsu-HygSmg1cgx.tatsu-text-block-wrap .tatsu-text-inner{width: 100%;text-align: left;}.tatsu-HygSmg1cgx.tatsu-text-block-wrap .tatsu-text-inner *{font-size : 16px;}<\/style>\n<p>A Beach Wedding in Mallorca Requires the Right Wedding Attire<\/p>\n<p><strong>For the Bride<\/strong><\/p>\n<ul>\n<li>Choose a light, flowing dress made from breathable fabrics like chiffon or organza instead of multi-layered princess styles that drag along the sand.<\/li>\n<li>Opt for a shorter veil-or none at all-to prevent it from getting sandy or wet.<\/li>\n<li>Wear flat shoes or wedges, and make sure the dress length works with flip-flops if needed.<\/li>\n<\/ul>\n<p><strong>For the Groom:<\/strong><\/p>\n<ul>\n<li>Lighter-colored suits, such as beige, turquoise, or light gray, look much more elegant against the sea backdrop.<\/li>\n<li>Choose linen suits-they are breathable, comfortable, quick-drying, and less prone to sweat stains.<\/li>\n<li>Consider wearing loafers or even flip-flops instead of formal shoes.<\/li>\n<\/ul>\n<\/div><\/div><div  class=\"tatsu-module tatsu-text-block-wrap tatsu-BJrWmyb9gx\"><div class=\"tatsu-text-inner tatsu-align-center  clearfix\" ><style>.tatsu-BJrWmyb9gx.tatsu-text-block-wrap .tatsu-text-inner{width: 100%;text-align: left;}.tatsu-BJrWmyb9gx.tatsu-text-block-wrap{margin: 0px 0px 10px 0px;}.tatsu-BJrWmyb9gx.tatsu-text-block-wrap .tatsu-text-inner *{font-size : 24px;}<\/style>\n<h2>Sunscreen and Weather Protection<\/h2>\n<\/div><\/div><div  class=\"tatsu-module tatsu-text-block-wrap tatsu-S1RX4lyqgx\"><div class=\"tatsu-text-inner tatsu-align-center  clearfix\" ><style>.tatsu-S1RX4lyqgx.tatsu-text-block-wrap .tatsu-text-inner{width: 100%;text-align: left;}.tatsu-S1RX4lyqgx.tatsu-text-block-wrap .tatsu-text-inner *{font-size : 16px;}<\/style>\n<p>Thinking about sunscreen and sun protection is essential for your wedding. Feel free to get advice from your stylist, but don\u2019t skip sun protection-your wedding photos and your health will thank you! If your venue doesn\u2019t provide enough shaded areas, make sure to arrange umbrellas. Yes, they may not look great in photos, but your faces in the blazing sun will look much worse. Always plan for shade during the ceremony and reception-for both you and your guests. Ideally, choose a venue that naturally provides shaded areas.<\/p>\n<\/div><\/div><div  class=\"tatsu-module tatsu-text-block-wrap tatsu-SJjf7J-5lx\"><div class=\"tatsu-text-inner tatsu-align-center  clearfix\" ><style>.tatsu-SJjf7J-5lx.tatsu-text-block-wrap .tatsu-text-inner{width: 100%;text-align: left;}.tatsu-SJjf7J-5lx.tatsu-text-block-wrap{margin: 0px 0px 10px 0px;}.tatsu-SJjf7J-5lx.tatsu-text-block-wrap .tatsu-text-inner *{font-size : 24px;}<\/style>\n<h2>Conclusion: A Relaxed Seaside Wedding with a Little Planning<\/h2>\n<\/div><\/div><div  class=\"tatsu-module tatsu-text-block-wrap tatsu-HJoPEeJ5el\"><div class=\"tatsu-text-inner tatsu-align-center  clearfix\" ><style>.tatsu-HJoPEeJ5el.tatsu-text-block-wrap .tatsu-text-inner{width: 100%;text-align: left;}.tatsu-HJoPEeJ5el.tatsu-text-block-wrap .tatsu-text-inner *{font-size : 16px;}<\/style>\n<p>Congratulations! You\u2019ve discovered the enchanting charm of a wedding by the sea on the beautiful island of Mallorca. With a bit of planning, your dream seaside wedding is within reach. From sandy beaches to majestic cliffs, Mallorca offers a variety of picturesque settings for your special day-and some truly amazing wedding venues as well. Vamos a la playa!<\/p>\n<\/div><\/div><div  class=\"tatsu-module tatsu-text-block-wrap tatsu-H1_yBJT22\"><div class=\"tatsu-text-inner tatsu-align-center  clearfix\" ><style>.tatsu-H1_yBJT22.tatsu-text-block-wrap .tatsu-text-inner{width: 80%;text-align: center;}.tatsu-H1_yBJT22.tatsu-text-block-wrap .tatsu-text-inner *{font-size : 16px;}<\/style>\n<p>Are you looking for a wedding photographer in Mallorca or have questions about your seaside wedding? Feel free to get in touch-I\u2019d be happy to help you secure your wedding date.<\/p>\n<\/div><\/div><div  class=\"tatsu-module tatsu-normal-button tatsu-button-wrap align-block block-center  tatsu-r1jkHJp3n\"><a class=\"tatsu-shortcode mediumbtn tatsu-button left-icon circular   bg-animation-none\" href=\"https:\/\/lps-photography.de\/en\/contact\/\" style= \"\"  aria-label=\"Book Your Wedding Date!\" data-gdpr-atts={} ><i class=\"tatsu-icon icon-icon_heart_alt\"><\/i>Book Your Wedding Date!<\/a><style>.tatsu-r1jkHJp3n .tatsu-button{background-color: rgba(45,97,159,1);color: #ffffff ;}<\/style><\/div><\/div><\/div><div class = \"tatsu-column-bg-image-wrap\"><div class = \"tatsu-column-bg-image\" ><\/div><\/div><\/div><style>.tatsu-row > .tatsu-BkYRL80yN.tatsu-column{width: 100%;}.tatsu-BkYRL80yN.tatsu-column > .tatsu-column-inner > .tatsu-column-overlay{mix-blend-mode: none;}.tatsu-BkYRL80yN > .tatsu-column-inner > .tatsu-top-divider{z-index: 9999;}.tatsu-BkYRL80yN > .tatsu-column-inner > .tatsu-bottom-divider{z-index: 9999;}.tatsu-BkYRL80yN > .tatsu-column-inner > .tatsu-left-divider{z-index: 9999;}.tatsu-BkYRL80yN > .tatsu-column-inner > .tatsu-right-divider{z-index: 9999;}@media only screen and (max-width:1377px) {.tatsu-row > .tatsu-BkYRL80yN.tatsu-column{width: 100%;}}@media only screen and (min-width:768px) and (max-width: 1024px) {.tatsu-row > .tatsu-BkYRL80yN.tatsu-column{width: 100%;}}@media only screen and (max-width: 767px) {.tatsu-row > .tatsu-BkYRL80yN.tatsu-column{width: 100%;}}<\/style><\/div><\/div><\/div><\/div><div class=\"tatsu-section-background-wrap\"><div class = \"tatsu-section-background\" ><\/div><\/div><style>.tatsu-Bkbx8-L01E .tatsu-section-pad{padding: 31px 0px 0px 0px;}.tatsu-Bkbx8-L01E > .tatsu-bottom-divider{z-index: 9999;}.tatsu-Bkbx8-L01E > .tatsu-top-divider{z-index: 9999;}<\/style><\/div>","protected":false},"excerpt":{"rendered":"<p>A wedding by the sea in Mallorca &#8211; Read here to find out what you need to consider to make your wedding by the water the most beautiful day of your life!<\/p>\n<p><a href=\"https:\/\/lps-photography.de\/en\/wedding-by-the-sea-in-mallorca\/\" class=\"more-link style3-button\">Read More<\/a><\/p>","protected":false},"author":1,"featured_media":24507,"comment_status":"open","ping_status":"open","sticky":false,"template":"","format":"standard","meta":{"_lmt_disableupdate":"","_lmt_disable":"","footnotes":""},"categories":[1384,71],"tags":[88],"class_list":["post-24500","post","type-post","status-publish","format-standard","has-post-thumbnail","hentry","category-hochzeitsplanung","category-wedding-2","tag-hochzeit"],"modified_by":"admin","_links":{"self":[{"href":"https:\/\/lps-photography.de\/en\/wp-json\/wp\/v2\/posts\/24500","targetHints":{"allow":["GET"]}}],"collection":[{"href":"https:\/\/lps-photography.de\/en\/wp-json\/wp\/v2\/posts"}],"about":[{"href":"https:\/\/lps-photography.de\/en\/wp-json\/wp\/v2\/types\/post"}],"author":[{"embeddable":true,"href":"https:\/\/lps-photography.de\/en\/wp-json\/wp\/v2\/users\/1"}],"replies":[{"embeddable":true,"href":"https:\/\/lps-photography.de\/en\/wp-json\/wp\/v2\/comments?post=24500"}],"version-history":[{"count":0,"href":"https:\/\/lps-photography.de\/en\/wp-json\/wp\/v2\/posts\/24500\/revisions"}],"wp:featuredmedia":[{"embeddable":true,"href":"https:\/\/lps-photography.de\/en\/wp-json\/wp\/v2\/media\/24507"}],"wp:attachment":[{"href":"https:\/\/lps-photography.de\/en\/wp-json\/wp\/v2\/media?parent=24500"}],"wp:term":[{"taxonomy":"category","embeddable":true,"href":"https:\/\/lps-photography.de\/en\/wp-json\/wp\/v2\/categories?post=24500"},{"taxonomy":"post_tag","embeddable":true,"href":"https:\/\/lps-photography.de\/en\/wp-json\/wp\/v2\/tags?post=24500"}],"curies":[{"name":"wp","href":"https:\/\/api.w.org\/{rel}","templated":true}]}}