{"id":24493,"date":"2025-08-31T09:10:24","date_gmt":"2025-08-31T08:10:24","guid":{"rendered":"https:\/\/lps-photography.de\/?p=24493"},"modified":"2025-08-31T09:10:24","modified_gmt":"2025-08-31T08:10:24","slug":"the-best-wedding-venues-in-mallorca","status":"publish","type":"post","link":"https:\/\/lps-photography.de\/en\/the-best-wedding-venues-in-mallorca\/","title":{"rendered":"The Best Wedding Venues in Mallorca"},"content":{"rendered":"<div  class=\"tatsu-rJWg1WIRk4 tatsu-section    tatsu-clearfix\" data-title=\"\"  data-headerscheme=\"background--dark\"><div class='tatsu-section-pad clearfix' data-padding='{\"d\":\"0px 0px 1px 0px\"}' data-padding-top='0px'><div class=\"tatsu-row-wrap  tatsu-wrap tatsu-row-one-col tatsu-row-has-one-cols tatsu-medium-gutter tatsu-reg-cols  tatsu-clearfix tatsu-rkle1W8AJV\" ><div  class=\"tatsu-row\" ><div  class=\"tatsu-column  tatsu-column-no-bg tatsu-one-col tatsu-column-image-none tatsu-column-effect-none  tatsu-B1e1-UCy4\"  data-parallax-speed=\"0\" style=\"\"><div class=\"tatsu-column-inner\" ><div class=\"tatsu-column-pad-wrap\"><div class=\"tatsu-column-pad\" ><div  class=\"tatsu-module tatsu-text-block-wrap tatsu-SyHwOdWEE\"><div class=\"tatsu-text-inner tatsu-align-center  clearfix\" ><style>.tatsu-SyHwOdWEE.tatsu-text-block-wrap .tatsu-text-inner{width: 100%;text-align: left;}<\/style>\n<p><!--more--><\/p>\n<\/div><\/div><div  class=\"special-heading-wrap style1 oshine-module  tatsu-S1z2PKa9r\" ><div class=\"special-heading align-center\"><h1 class=\"special-h-tag\" >The Best Wedding Venues in Mallorca<\/h1><div class=\"sub-title margin-bottom  special-subtitle\">\n<p>Tips for Choosing the Ideal Location for Your Dream Wedding in Mallorca<\/p>\n<\/div><div class=\"sep-with-icon-wrap margin-bottom\"><span class=\"sep-with-icon\" ><\/span><i class=\"sep-icon font-icon oshine_diamond\"><\/i><span class=\"sep-with-icon\" ><\/span><\/div><\/div><style>.tatsu-S1z2PKa9r .sep-icon.oshine_diamond{background: rgba(45,97,159,1);}.tatsu-S1z2PKa9r .sep-with-icon{height: 1px;width: 20px;background: #efefef;}<\/style><\/div><div  class=\"tatsu-single-image tatsu-module align-center tatsu-ByT2ZKGSS\" ><div class=\"tatsu-single-image-inner\" style=\"width : 1920px;\" ><div class = \"tatsu-single-image-padding-wrap\" style = \"padding-bottom : 66.666666666667%;\" ><\/div><img class = \"tatsu-gradient-border\" alt = \"hochzeit auf der finca son termes auf mallorca | lps photography\" title = \"hochzeit auf der finca son termes auf mallorca | lps photography\" srcset = \"https:\/\/lps-photography.de\/wp-content\/uploads\/2024\/08\/Son-Termes-Finca-Mallorca-Hochzeit-46.jpg 1920w,  https:\/\/lps-photography.de\/wp-content\/uploads\/2024\/08\/Son-Termes-Finca-Mallorca-Hochzeit-46-300x200.jpg 300w,  https:\/\/lps-photography.de\/wp-content\/uploads\/2024\/08\/Son-Termes-Finca-Mallorca-Hochzeit-46-800x533.jpg 800w,  https:\/\/lps-photography.de\/wp-content\/uploads\/2024\/08\/Son-Termes-Finca-Mallorca-Hochzeit-46-768x512.jpg 768w,  https:\/\/lps-photography.de\/wp-content\/uploads\/2024\/08\/Son-Termes-Finca-Mallorca-Hochzeit-46-1536x1024.jpg 1536w,  https:\/\/lps-photography.de\/wp-content\/uploads\/2024\/08\/Son-Termes-Finca-Mallorca-Hochzeit-46-75x50.jpg 75w,  https:\/\/lps-photography.de\/wp-content\/uploads\/2024\/08\/Son-Termes-Finca-Mallorca-Hochzeit-46-650x433.jpg 650w,  https:\/\/lps-photography.de\/wp-content\/uploads\/2024\/08\/Son-Termes-Finca-Mallorca-Hochzeit-46-1000x667.jpg 1000w,  https:\/\/lps-photography.de\/wp-content\/uploads\/2024\/08\/Son-Termes-Finca-Mallorca-Hochzeit-46-50x33.jpg 50w\" sizes = \"(max-width: 1920px) 100vw, 1920px\" src =\"data:image\/png;base64,iVBORw0KGgoAAAANSUhEUgAAAAEAAAABCAQAAAC1HAwCAAAAC0lEQVR42mNkYAAAAAYAAjCB0C8AAAAASUVORK5CYII=\"  \/><\/div><style>.tatsu-ByT2ZKGSS .tatsu-single-image-inner{border-style: solid;max-width: 100%;}.tatsu-ByT2ZKGSS.tatsu-single-image{transform: translate3d(0px,0px, 0);}<\/style><\/div><div  class=\"tatsu-module tatsu-text-block-wrap tatsu-rk7iJ5fBH\"><div class=\"tatsu-text-inner tatsu-align-center  clearfix\" ><style>.tatsu-rk7iJ5fBH.tatsu-text-block-wrap .tatsu-text-inner{width: 100%;text-align: left;}.tatsu-rk7iJ5fBH.tatsu-text-block-wrap{margin: 0px 0px 20px 0px;}.tatsu-rk7iJ5fBH.tatsu-text-block-wrap .tatsu-text-inner *{font-size : 16px;}<\/style>\n<p>The selection of breathtaking venues for your ceremony in Mallorca is simply enormous-one of the biggest reasons to consider the island as your wedding destination. Of course, everyone has their own idea of what the perfect wedding venue should look like. As a <a title=\"Wedding Photographer Mallorca\" href=\"https:\/\/lps-photography.de\/en\/\"><strong>wedding photographer in Mallorca<\/strong><\/a>, I get to experience the full spectrum firsthand-from <a title=\"Finca Wedding Mallorca\" href=\"\/en\/finca-hochzeit-mallorca\"><strong>finca weddings<\/strong><\/a> to luxury hotels, beach clubs, and <a href=\"\/en\/hochzeit-am-meer\"><strong>weddings by the sea<\/strong><\/a>, with all their advantages (and some drawbacks) up close.<\/p>\n<\/div><\/div><div  class=\"tatsu-module tatsu-text-block-wrap tatsu-B1oXKRg9lx\"><div class=\"tatsu-text-inner tatsu-align-center  clearfix\" ><style>.tatsu-B1oXKRg9lx.tatsu-text-block-wrap .tatsu-text-inner{width: 100%;text-align: left;}.tatsu-B1oXKRg9lx.tatsu-text-block-wrap{margin: 0px 0px 20px 0px;}.tatsu-B1oXKRg9lx.tatsu-text-block-wrap .tatsu-text-inner *{font-size : 16px;}<\/style>\n<p>Since I\u2019m often asked about the most beautiful <strong>wedding venues in Mallorca<\/strong>, I\u2019ve put together a small list. It doesn\u2019t include the \u201cobjectively best\u201d locations-because your personal preferences are too unique. Instead, you\u2019ll find venues that I believe offer something truly special for your <a href=\"\/en\/hochzeit-mallorca\/\" rel=\"noopener noreferrer\"><strong>wedding in Mallorca<\/strong><\/a>. The list is constantly updated and expanded and contains only venues I can wholeheartedly recommend-places you won\u2019t have already seen a hundred times on every other website. Read on below to learn more about:<\/p>\n<\/div><\/div><div  class=\"tatsu-module tatsu-text-block-wrap tatsu-ryWPFCecxe\"><div class=\"tatsu-text-inner tatsu-align-center  clearfix\" ><style>.tatsu-ryWPFCecxe.tatsu-text-block-wrap .tatsu-text-inner{width: 100%;text-align: left;}.tatsu-ryWPFCecxe.tatsu-text-block-wrap{margin: 0px 0px 20px 0px;}.tatsu-ryWPFCecxe.tatsu-text-block-wrap .tatsu-text-inner *{font-size : 16px;}<\/style>\n<ul>\n<li>Finca Alaiar<\/li>\n<li>Finca Son Termes<\/li>\n<li>Son Mesquida Nou<\/li>\n<li>Finca Leilani<\/li>\n<li>Casal Santa Eulalia<\/li>\n<li>Son Simo Vell<\/li>\n<li>Finca Binissat\u00ed<\/li>\n<li>Finca Satanca<\/li>\n<li>Hotel Rural Es Riquers<\/li>\n<li>New Can Furios Hotel<\/li>\n<li>Las Barracas Country Lodge<\/li>\n<li>Tr\u00e4umeria Son Moll<\/li>\n<li>Port Verd del Mar<\/li>\n<\/ul>\n<\/div><\/div><div  class=\"tatsu-module tatsu-text-block-wrap tatsu-ryq_Y0xqgl\"><div class=\"tatsu-text-inner tatsu-align-center  clearfix\" ><style>.tatsu-ryq_Y0xqgl.tatsu-text-block-wrap .tatsu-text-inner{width: 100%;text-align: left;}.tatsu-ryq_Y0xqgl.tatsu-text-block-wrap .tatsu-text-inner *{font-size : 16px;}<\/style>\n<p style=\"text-align: center;\">Do you have questions about these venues, or have you already found your location? <a class=\"fancybox-inline\" href=\"https:\/\/lps-photography.de\/en\/contact\/\"><strong>Get in touch with me-I look forward to meeting you!<\/strong><\/a><\/p>\n<\/div><\/div><div  class=\"portfolio-all-wrap  oshine-gallery-module 0 tatsu-Byl6HcGHH\" ><div class=\"portfolio  full-screen  full-screen-gutter style2-gutter three-col masonry_enable\" style=\"margin-left: -10px;\"  data-action=\"get_be_gallery_with_pagination\"  data-paged=\"1\" data-enable-masonry=\"1\" data-aspect-ratio = \"1.6\" data-source='{\"source\":\"selected\",\"account_name\":\"themeforest\",\"count\":\"10\",\"col\":\"three\",\"masonry\":\"1\"}' data-gutter-width=\"10\"  data-images-array=\"21925,21926,21929\" data-col=\"three\" data-items-per-load=\"9\" data-hover-style=\"style1-hover\" data-image-grayscale=\"c_to_c\" data-lightbox-type=\"photoswipe\" data-image-source=\"selected\" data-image-effect=\"none\" data-thumb-overlay-color=\"rgba(255,255,255,0)\" data-grad-style-color=\"background:rgba(255,255,255,0)\" data-like-button=\"1\" data-hover-content=\"icon\" data-hover-content-color=\"\" ><div class=\"portfolio-container clickable clearfix portfolio-shortcode be-photoswipe-gallery scale\"><div class=\"element be-hoverlay not-wide no-wide-width-height style1-hover c_to_c\" style=\"margin-bottom: 10px;\"><div class=\"element-inner\" style=\"margin-left: 10px;\"><a href=\"https:\/\/lps-photography.de\/wp-content\/uploads\/2023\/08\/Finca-Santa-Lucia-Mallorca-Binissalem-Hochzeit-49.jpg\" data-size=\"1600x1067\" data-href=\"https:\/\/lps-photography.de\/wp-content\/uploads\/2023\/08\/Finca-Santa-Lucia-Mallorca-Binissalem-Hochzeit-49.jpg\" class=\"thumb-wrap\" title=\"isi und sascha\"><div class=\"flip-wrap\"><div data-aspect-ratio=\"1.5\" style = \"padding-bottom : 66.6875%;;\" class=\"flip-img-wrap none-effect\"><img decoding=\"async\" src=\"https:\/\/lps-photography.de\/wp-content\/uploads\/2023\/08\/Finca-Santa-Lucia-Mallorca-Binissalem-Hochzeit-49-650x433.jpg\" alt=\"isi und sascha\" data-attr=\"0\"\/><\/div><\/div><div class=\"thumb-overlay\"><div class=\"thumb-bg\" style=\"background-color:rgba(255,255,255,0);background:rgba(255,255,255,0)\"><div class=\"thumb-title-wrap display-table-cell vertical-align-middle align-center fadeIn animated\"><div class=\"thumb-title\" style=\"color:;\"><i class=\"portfolio-overlay-icon\"><\/i><\/div><\/div><\/div><\/div><\/a><\/div><\/div><div class=\"element be-hoverlay not-wide no-wide-width-height style1-hover c_to_c\" style=\"margin-bottom: 10px;\"><div class=\"element-inner\" style=\"margin-left: 10px;\"><a href=\"https:\/\/lps-photography.de\/wp-content\/uploads\/2023\/08\/Finca-Santa-Lucia-Mallorca-Binissalem-Hochzeit-50.jpg\" data-size=\"1600x1067\" data-href=\"https:\/\/lps-photography.de\/wp-content\/uploads\/2023\/08\/Finca-Santa-Lucia-Mallorca-Binissalem-Hochzeit-50.jpg\" class=\"thumb-wrap\" title=\"isi und sascha\"><div class=\"flip-wrap\"><div data-aspect-ratio=\"1.5\" style = \"padding-bottom : 66.6875%;;\" class=\"flip-img-wrap none-effect\"><img decoding=\"async\" src=\"https:\/\/lps-photography.de\/wp-content\/uploads\/2023\/08\/Finca-Santa-Lucia-Mallorca-Binissalem-Hochzeit-50-650x433.jpg\" alt=\"isi und sascha\" data-attr=\"0\"\/><\/div><\/div><div class=\"thumb-overlay\"><div class=\"thumb-bg\" style=\"background-color:rgba(255,255,255,0);background:rgba(255,255,255,0)\"><div class=\"thumb-title-wrap display-table-cell vertical-align-middle align-center fadeIn animated\"><div class=\"thumb-title\" style=\"color:;\"><i class=\"portfolio-overlay-icon\"><\/i><\/div><\/div><\/div><\/div><\/a><\/div><\/div><div class=\"element be-hoverlay not-wide no-wide-width-height style1-hover c_to_c\" style=\"margin-bottom: 10px;\"><div class=\"element-inner\" style=\"margin-left: 10px;\"><a href=\"https:\/\/lps-photography.de\/wp-content\/uploads\/2023\/08\/Finca-Santa-Lucia-Mallorca-Binissalem-Hochzeit-53.jpg\" data-size=\"1600x1067\" data-href=\"https:\/\/lps-photography.de\/wp-content\/uploads\/2023\/08\/Finca-Santa-Lucia-Mallorca-Binissalem-Hochzeit-53.jpg\" class=\"thumb-wrap\" title=\"isi und sascha\"><div class=\"flip-wrap\"><div data-aspect-ratio=\"1.5\" style = \"padding-bottom : 66.6875%;;\" class=\"flip-img-wrap none-effect\"><img decoding=\"async\" src=\"https:\/\/lps-photography.de\/wp-content\/uploads\/2023\/08\/Finca-Santa-Lucia-Mallorca-Binissalem-Hochzeit-53-650x433.jpg\" alt=\"isi und sascha\" data-attr=\"0\"\/><\/div><\/div><div class=\"thumb-overlay\"><div class=\"thumb-bg\" style=\"background-color:rgba(255,255,255,0);background:rgba(255,255,255,0)\"><div class=\"thumb-title-wrap display-table-cell vertical-align-middle align-center fadeIn animated\"><div class=\"thumb-title\" style=\"color:;\"><i class=\"portfolio-overlay-icon\"><\/i><\/div><\/div><\/div><\/div><\/a><\/div><\/div><\/div><\/div><\/div><div  class=\"tatsu-module tatsu-call-to-action tatsu-clearfix  tatsu-Bk7QSbLT3\" ><div class=\"tatsu-cta-inner\"><h5 class=\"tatsu-action-content\" >FREE Wedding Guide: 82 Pages of Tips and Tricks for Wedding Planning<\/h5><a class=\"mediumbtn tatsu-button rounded tatsu-action-button\" href=\"https:\/\/lps-photography.de\/en\/hochzeitsguide\/\" data-gdpr-atts={} ><span>Download<\/span><\/a><style>.tatsu-Bk7QSbLT3.tatsu-call-to-action{background-color: rgba(45,97,159,1);}.tatsu-Bk7QSbLT3 .tatsu-action-content{color: #ffffff ;}.tatsu-Bk7QSbLT3 .tatsu-action-button:hover{background: #ffffff;border-color: #ffffff; }.tatsu-Bk7QSbLT3 .tatsu-action-button span{color: #ffffff ;}.tatsu-Bk7QSbLT3 .tatsu-action-button:hover span{color: rgba(45,97,159,1) ;}.tatsu-Bk7QSbLT3 .tatsu-action-button{border-width: 1px;border-color: #ffffff; }<\/style><\/div><\/div><\/div><\/div><div class = \"tatsu-column-bg-image-wrap\"><div class = \"tatsu-column-bg-image\" ><\/div><\/div><\/div><style>.tatsu-row > .tatsu-B1e1-UCy4.tatsu-column{width: 100%;}.tatsu-B1e1-UCy4.tatsu-column > .tatsu-column-inner > .tatsu-column-overlay{mix-blend-mode: none;}.tatsu-B1e1-UCy4 > .tatsu-column-inner > .tatsu-top-divider{z-index: 9999;}.tatsu-B1e1-UCy4 > .tatsu-column-inner > .tatsu-bottom-divider{z-index: 9999;}.tatsu-B1e1-UCy4 > .tatsu-column-inner > .tatsu-left-divider{z-index: 9999;}.tatsu-B1e1-UCy4 > .tatsu-column-inner > .tatsu-right-divider{z-index: 9999;}@media only screen and (max-width:1377px) {.tatsu-row > .tatsu-B1e1-UCy4.tatsu-column{width: 100%;}}@media only screen and (min-width:768px) and (max-width: 1024px) {.tatsu-row > .tatsu-B1e1-UCy4.tatsu-column{width: 100%;}}@media only screen and (max-width: 767px) {.tatsu-row > .tatsu-B1e1-UCy4.tatsu-column{width: 100%;}}<\/style><\/div><\/div><\/div><\/div><div class=\"tatsu-section-background-wrap\"><div class = \"tatsu-section-background\" ><\/div><\/div><style>.tatsu-rJWg1WIRk4 .tatsu-section-pad{padding: 0px 0px 1px 0px;}.tatsu-rJWg1WIRk4 > .tatsu-bottom-divider{z-index: 9999;}.tatsu-rJWg1WIRk4 > .tatsu-top-divider{z-index: 9999;}<\/style><\/div><div  class=\"tatsu-Bkbx8-L01E tatsu-section    tatsu-clearfix\" data-title=\"\"  data-headerscheme=\"background--dark\"><div class='tatsu-section-pad clearfix' data-padding='{\"d\":\"31px 0px 0px 0px\"}' data-padding-top='31px'><div class=\"tatsu-row-wrap  tatsu-wrap tatsu-row-one-col tatsu-row-has-one-cols tatsu-medium-gutter tatsu-reg-cols  tatsu-clearfix tatsu-ryexL-IAJN\" ><div  class=\"tatsu-row\" ><div  class=\"tatsu-column  tatsu-column-no-bg tatsu-one-col tatsu-column-image-none tatsu-column-effect-none  tatsu-BkYRL80yN\"  data-parallax-speed=\"0\" style=\"\"><div class=\"tatsu-column-inner\" ><div class=\"tatsu-column-pad-wrap\"><div class=\"tatsu-column-pad\" ><div  class=\"tatsu-module tatsu-text-block-wrap tatsu-Sk4IZ80JN\"><div class=\"tatsu-text-inner tatsu-align-center  clearfix\" ><style>.tatsu-Sk4IZ80JN.tatsu-text-block-wrap .tatsu-text-inner{width: 100%;text-align: left;}.tatsu-Sk4IZ80JN.tatsu-text-block-wrap{margin: 0px 0px 10px 0px;}.tatsu-Sk4IZ80JN.tatsu-text-block-wrap .tatsu-text-inner *{font-size : 24px;}<\/style>\n<h2>Choosing the Right Wedding Venue<\/h2>\n<\/div><\/div><div  class=\"tatsu-module tatsu-text-block-wrap tatsu-SyxRt0g5ex\"><div class=\"tatsu-text-inner tatsu-align-center  clearfix\" ><style>.tatsu-SyxRt0g5ex.tatsu-text-block-wrap .tatsu-text-inner{width: 100%;text-align: left;}.tatsu-SyxRt0g5ex.tatsu-text-block-wrap{margin: 0px 0px 20px 0px;}.tatsu-SyxRt0g5ex.tatsu-text-block-wrap .tatsu-text-inner *{font-size : 16px;}<\/style>\n<p>Selecting the perfect <strong>wedding venue in Mallorca<\/strong> depends on a few key factors that you should clarify at the start of your wedding planning. Just like booking your wedding photographer, you should reserve your venue on the island at least a year in advance. Many aspects of your wedding day-schedule, logistics, and overall possibilities-depend on the venue. So, what should you know before starting your search?<\/p>\n<\/div><\/div><div  class=\"tatsu-module tatsu-text-block-wrap tatsu-r13y90xqle\"><div class=\"tatsu-text-inner tatsu-align-center  clearfix\" ><style>.tatsu-r13y90xqle.tatsu-text-block-wrap .tatsu-text-inner{width: 100%;text-align: left;}.tatsu-r13y90xqle.tatsu-text-block-wrap{margin: 0px 0px 20px 0px;}.tatsu-r13y90xqle.tatsu-text-block-wrap .tatsu-text-inner *{font-size : 16px;}<\/style>\n<ul>\n<li>Approximately how many guests do you expect?<\/li>\n<li>How many should be able to stay on-site?<\/li>\n<li>How long do you plan to stay before and after the wedding?<\/li>\n<li>What do you want to organize yourself? For example, catering, d\u00e9cor, music, etc.<\/li>\n<li>Which style fits you best? Anything from rustic to ultra-modern is possible.<\/li>\n<\/ul>\n<\/div><\/div><div  class=\"tatsu-module tatsu-text-block-wrap tatsu-B1oecAeqex\"><div class=\"tatsu-text-inner tatsu-align-center  clearfix\" ><style>.tatsu-B1oecAeqex.tatsu-text-block-wrap .tatsu-text-inner{width: 100%;text-align: left;}.tatsu-B1oecAeqex.tatsu-text-block-wrap{margin: 0px 0px 20px 0px;}.tatsu-B1oecAeqex.tatsu-text-block-wrap .tatsu-text-inner *{font-size : 16px;}<\/style>\n<p>Once you have a clear idea of these points, you can focus your search for the right wedding venue more effectively. In the next step, take a closer look at each venue and make sure to consider the following:<\/p>\n<\/div><\/div><div  class=\"tatsu-module tatsu-text-block-wrap tatsu-ry6G50e9xx\"><div class=\"tatsu-text-inner tatsu-align-center  clearfix\" ><style>.tatsu-ry6G50e9xx.tatsu-text-block-wrap .tatsu-text-inner{width: 100%;text-align: left;}.tatsu-ry6G50e9xx.tatsu-text-block-wrap{margin: 0px 0px 20px 0px;}.tatsu-ry6G50e9xx.tatsu-text-block-wrap .tatsu-text-inner *{font-size : 16px;}<\/style>\n<ul>\n<li>Do you have a local contact person? Nothing is more frustrating than hunting for fuses or power outlets during the wedding.<\/li>\n<li>Does the venue have bad-weather alternatives for the ceremony, dinner, and party?<\/li>\n<li>How long are you allowed to celebrate outdoors, and what are the noise regulations?<\/li>\n<li>Are there any other house rules you should be aware of?<\/li>\n<\/ul>\n<\/div><\/div><div  class=\"tatsu-module tatsu-text-block-wrap tatsu-SkBQqCgcee\"><div class=\"tatsu-text-inner tatsu-align-center  clearfix\" ><style>.tatsu-SkBQqCgcee.tatsu-text-block-wrap .tatsu-text-inner{width: 100%;text-align: left;}.tatsu-SkBQqCgcee.tatsu-text-block-wrap{margin: 0px 0px 20px 0px;}.tatsu-SkBQqCgcee.tatsu-text-block-wrap .tatsu-text-inner *{font-size : 16px;}<\/style>\n<p>Even after narrowing down your search, you might still be surprised by the number of options available. So, without keeping you in suspense any longer, here are some examples of truly amazing wedding venues in Mallorca.<\/p>\n<\/div><\/div><\/div><\/div><div class = \"tatsu-column-bg-image-wrap\"><div class = \"tatsu-column-bg-image\" ><\/div><\/div><\/div><style>.tatsu-row > .tatsu-BkYRL80yN.tatsu-column{width: 100%;}.tatsu-BkYRL80yN.tatsu-column > .tatsu-column-inner > .tatsu-column-overlay{mix-blend-mode: none;}.tatsu-BkYRL80yN > .tatsu-column-inner > .tatsu-top-divider{z-index: 9999;}.tatsu-BkYRL80yN > .tatsu-column-inner > .tatsu-bottom-divider{z-index: 9999;}.tatsu-BkYRL80yN > .tatsu-column-inner > .tatsu-left-divider{z-index: 9999;}.tatsu-BkYRL80yN > .tatsu-column-inner > .tatsu-right-divider{z-index: 9999;}@media only screen and (max-width:1377px) {.tatsu-row > .tatsu-BkYRL80yN.tatsu-column{width: 100%;}}@media only screen and (min-width:768px) and (max-width: 1024px) {.tatsu-row > .tatsu-BkYRL80yN.tatsu-column{width: 100%;}}@media only screen and (max-width: 767px) {.tatsu-row > .tatsu-BkYRL80yN.tatsu-column{width: 100%;}}<\/style><\/div><\/div><\/div><\/div><div class=\"tatsu-section-background-wrap\"><div class = \"tatsu-section-background\" ><\/div><\/div><style>.tatsu-Bkbx8-L01E .tatsu-section-pad{padding: 31px 0px 0px 0px;}.tatsu-Bkbx8-L01E > .tatsu-bottom-divider{z-index: 9999;}.tatsu-Bkbx8-L01E > .tatsu-top-divider{z-index: 9999;}<\/style><\/div><div  class=\"tatsu-rk-notfi_el tatsu-section  tatsu-bg-overlay   tatsu-clearfix\" data-title=\"\"  data-headerscheme=\"background--dark\"><div class='tatsu-section-pad clearfix' data-padding='{\"d\":\"21px 0px 20px 0px\"}' data-padding-top='21px'><div class=\"tatsu-row-wrap  tatsu-wrap tatsu-row-one-col tatsu-row-has-one-cols tatsu-medium-gutter tatsu-reg-cols  tatsu-clearfix tatsu-Bke2jtMiOee\" ><div  class=\"tatsu-row\" ><div  class=\"tatsu-column  tatsu-bg-overlay tatsu-one-col tatsu-column-image-none tatsu-column-effect-none  tatsu-S13sFMidll\"  data-parallax-speed=\"0\" style=\"\"><div class=\"tatsu-column-inner\" ><div class=\"tatsu-column-pad-wrap\"><div class=\"tatsu-column-pad\" ><div class=\"tatsu_testimonial_wrap tatsu-SkJTFGiull clearfix bubble_left\" ><div class=\"tatsu_testimonial_wrap\"><div class=\"tatsu_testimonial_inner_wrap\"><i class=\"tatsu-icon icon-quote\"><\/i><div class=\"tatsu_testimonial_content\"><div class=\"tatsu_testimonial_description\">Transparency Notice: Unfortunately, transparency is often lacking in the wedding industry as well as in blogs and magazines, which can lead to extra effort, additional costs, quality issues, and misunderstandings during your wedding planning-and, understandably, a lot of frustration. On my website, you will only find recommendations for wedding venues and service providers that I have personally experienced multiple times, who are based in Mallorca, and whom I trust for their quality and professionalism. I receive no commission or any other form of compensation for these recommendations.<\/div><\/div><\/div><\/div><div class=\"tatsu_testimonial_info_wrap clearfix\"><div class=\"tatsu_testimonial_img\"><img decoding=\"async\" src=\"https:\/\/lps-photography.de\/wp-content\/uploads\/2023\/09\/Lukas-P-Schmidt-9-150x150.jpg\" alt=\"Lukas\" \/><\/div><div class=\"tatsu_testimonial_info\"><h6 class=\"tatsu_testimonial_author\">Lukas<\/h6><div class=\"tatsu_testimonial_role\">Mallorca Wedding Photographer<\/div><\/div><\/div><style>.tatsu-SkJTFGiull .icon-quote, .tatsu-SkJTFGiull .tatsu_testimonial_description{color: #ffffff ;}.tatsu-SkJTFGiull .tatsu_testimonial_inner_wrap{border-color: rgba(45,97,159,1); }.tatsu-SkJTFGiull .tatsu_testimonial_content{background-color: rgba(45,97,159,1);}<\/style><\/div><\/div><\/div><div class = \"tatsu-column-bg-image-wrap\"><div class = \"tatsu-column-bg-image\" ><\/div><\/div><div class=\"tatsu-overlay tatsu-column-overlay tatsu-animate-none\" ><\/div><\/div><style>.tatsu-row > .tatsu-S13sFMidll.tatsu-column{width: 100%;}.tatsu-S13sFMidll.tatsu-column > .tatsu-column-inner > .tatsu-column-overlay{mix-blend-mode: normal;}.tatsu-S13sFMidll > .tatsu-column-inner > .tatsu-top-divider{z-index: 9999;}.tatsu-S13sFMidll > .tatsu-column-inner > .tatsu-bottom-divider{z-index: 9999;}.tatsu-S13sFMidll > .tatsu-column-inner > .tatsu-left-divider{z-index: 9999;}.tatsu-S13sFMidll > .tatsu-column-inner > .tatsu-right-divider{z-index: 9999;}@media only screen and (max-width:1377px) {.tatsu-row > .tatsu-S13sFMidll.tatsu-column{width: 100%;}}@media only screen and (min-width:768px) and (max-width: 1024px) {.tatsu-row > .tatsu-S13sFMidll.tatsu-column{width: 100%;}}@media only screen and (max-width: 767px) {.tatsu-row > .tatsu-S13sFMidll.tatsu-column{width: 100%;}}<\/style><\/div><\/div><\/div><\/div><div class=\"tatsu-section-background-wrap\"><div class = \"tatsu-section-background\" ><\/div><\/div><div class=\"tatsu-overlay tatsu-section-overlay\"><\/div><style>.tatsu-rk-notfi_el .tatsu-section-pad{padding: 21px 0px 20px 0px;}.tatsu-rk-notfi_el .tatsu-section-offset-wrap{transform: translateY(-0px);}.tatsu-rk-notfi_el > .tatsu-bottom-divider{z-index: 9999;}.tatsu-rk-notfi_el > .tatsu-top-divider{z-index: 9999;}.tatsu-rk-notfi_el .tatsu-section-overlay{mix-blend-mode: normal;}<\/style><\/div><div  class=\"tatsu-B1ZBBQLAkN tatsu-section    tatsu-clearfix\" data-title=\"\"  data-headerscheme=\"background--dark\"><div class='tatsu-section-pad clearfix' data-padding='{\"d\":\"0px 0px 29px 0px\"}' data-padding-top='0px'><div class=\"tatsu-row-wrap  tatsu-wrap tatsu-row-one-col tatsu-row-has-one-cols tatsu-medium-gutter tatsu-reg-cols  tatsu-clearfix tatsu-BJxrSQU0JV\" ><div  class=\"tatsu-row\" ><div  class=\"tatsu-column  tatsu-column-no-bg tatsu-one-col tatsu-column-image-none tatsu-column-effect-none  tatsu-BkBBmIC1N\"  data-parallax-speed=\"0\" style=\"\"><div class=\"tatsu-column-inner\" ><div class=\"tatsu-column-pad-wrap\"><div class=\"tatsu-column-pad\" ><div  class=\"portfolio-all-wrap  oshine-gallery-module hover-icon-no-show tatsu-rymUXLRyE\" ><div class=\"portfolio  full-screen  full-screen-gutter style2-gutter three-col masonry_enable\" style=\"margin-left: -10px;\"  data-action=\"get_be_gallery_with_pagination\"  data-paged=\"1\" data-enable-masonry=\"1\" data-aspect-ratio = \"1.6\" data-source='{\"source\":\"selected\",\"account_name\":\"themeforest\",\"count\":\"10\",\"col\":\"three\",\"masonry\":\"1\"}' data-gutter-width=\"10\"  data-images-array=\"15957,16025,20585\" data-col=\"three\" data-items-per-load=\"9\" data-hover-style=\"style1-hover\" data-image-grayscale=\"c_to_c\" data-lightbox-type=\"photoswipe\" data-image-source=\"selected\" data-image-effect=\"none\" data-thumb-overlay-color=\"rgba(255,255,255,0)\" data-grad-style-color=\"background:rgba(255,255,255,0)\" data-like-button=\"1\" data-hover-content=\"none\" data-hover-content-color=\"\" ><div class=\"portfolio-container clickable clearfix portfolio-shortcode be-photoswipe-gallery scale\"><div class=\"element be-hoverlay not-wide no-wide-width-height style1-hover c_to_c\" style=\"margin-bottom: 10px;\"><div class=\"element-inner\" style=\"margin-left: 10px;\"><a href=\"https:\/\/lps-photography.de\/wp-content\/uploads\/2022\/11\/Alaiar-Mallorca-Hochzeit-38.jpg\" data-size=\"1600x1067\" data-href=\"https:\/\/lps-photography.de\/wp-content\/uploads\/2022\/11\/Alaiar-Mallorca-Hochzeit-38.jpg\" class=\"thumb-wrap\" title=\"alaiar mallorca hochzeit 38\"><div class=\"flip-wrap\"><div data-aspect-ratio=\"1.5\" style = \"padding-bottom : 66.6875%;;\" class=\"flip-img-wrap none-effect\"><img decoding=\"async\" src=\"https:\/\/lps-photography.de\/wp-content\/uploads\/2022\/11\/Alaiar-Mallorca-Hochzeit-38-650x433.jpg\" alt=\"alaiar mallorca hochzeit 38\" data-attr=\"0\"\/><\/div><\/div><div class=\"thumb-overlay\"><div class=\"thumb-bg\" style=\"background-color:rgba(255,255,255,0);background:rgba(255,255,255,0)\"><div class=\"thumb-title-wrap display-table-cell vertical-align-middle align-center fadeIn animated\"><div class=\"thumb-title\" style=\"color:;\"><i class=\"portfolio-overlay-icon\"><\/i><\/div><\/div><\/div><\/div><\/a><\/div><\/div><div class=\"element be-hoverlay not-wide no-wide-width-height style1-hover c_to_c\" style=\"margin-bottom: 10px;\"><div class=\"element-inner\" style=\"margin-left: 10px;\"><a href=\"https:\/\/lps-photography.de\/wp-content\/uploads\/2022\/11\/Hochzeit-Alfons-Fabian-Mallorca-550-websize-1.jpg\" data-size=\"1600x1067\" data-href=\"https:\/\/lps-photography.de\/wp-content\/uploads\/2022\/11\/Hochzeit-Alfons-Fabian-Mallorca-550-websize-1.jpg\" class=\"thumb-wrap\" title=\"Zwei M\u00e4nner in hellen Anz\u00fcgen sitzen eng beieinander auf Steinstufen im Freien, halten sich an den H\u00e4nden und schauen in die Kamera. Das Sonnenlicht erzeugt einen warmen, weichen Schein um sie herum und f\u00e4ngt einen fr\u00f6hlichen Moment ihrer Queer Wedding Mallorca Feier ein.\"><div class=\"flip-wrap\"><div data-aspect-ratio=\"1.5\" style = \"padding-bottom : 66.6875%;;\" class=\"flip-img-wrap none-effect\"><img decoding=\"async\" src=\"https:\/\/lps-photography.de\/wp-content\/uploads\/2022\/11\/Hochzeit-Alfons-Fabian-Mallorca-550-websize-1-650x433.jpg\" alt=\"Zwei M\u00e4nner in hellen Anz\u00fcgen sitzen eng beieinander auf Steinstufen im Freien, halten sich an den H\u00e4nden und schauen in die Kamera. Das Sonnenlicht erzeugt einen warmen, weichen Schein um sie herum und f\u00e4ngt einen fr\u00f6hlichen Moment ihrer Queer Wedding Mallorca Feier ein.\" data-attr=\"0\"\/><\/div><\/div><div class=\"thumb-overlay\"><div class=\"thumb-bg\" style=\"background-color:rgba(255,255,255,0);background:rgba(255,255,255,0)\"><div class=\"thumb-title-wrap display-table-cell vertical-align-middle align-center fadeIn animated\"><div class=\"thumb-title\" style=\"color:;\"><i class=\"portfolio-overlay-icon\"><\/i><\/div><\/div><\/div><\/div><\/a><\/div><\/div><div class=\"element be-hoverlay not-wide no-wide-width-height style1-hover c_to_c\" style=\"margin-bottom: 10px;\"><div class=\"element-inner\" style=\"margin-left: 10px;\"><a href=\"https:\/\/lps-photography.de\/wp-content\/uploads\/2023\/07\/Finca-Binissati-Mallorca-Hochzeit-17.jpg\" data-size=\"1600x1067\" data-href=\"https:\/\/lps-photography.de\/wp-content\/uploads\/2023\/07\/Finca-Binissati-Mallorca-Hochzeit-17.jpg\" class=\"thumb-wrap\" title=\"Finca Binissati Mallorca Hochzeit\"><div class=\"flip-wrap\"><div data-aspect-ratio=\"1.5\" style = \"padding-bottom : 66.6875%;;\" class=\"flip-img-wrap none-effect\"><img decoding=\"async\" src=\"https:\/\/lps-photography.de\/wp-content\/uploads\/2023\/07\/Finca-Binissati-Mallorca-Hochzeit-17-650x433.jpg\" alt=\"Finca Binissati Mallorca Hochzeit\" data-attr=\"0\"\/><\/div><\/div><div class=\"thumb-overlay\"><div class=\"thumb-bg\" style=\"background-color:rgba(255,255,255,0);background:rgba(255,255,255,0)\"><div class=\"thumb-title-wrap display-table-cell vertical-align-middle align-center fadeIn animated\"><div class=\"thumb-title\" style=\"color:;\"><i class=\"portfolio-overlay-icon\"><\/i><\/div><\/div><\/div><\/div><\/a><\/div><\/div><\/div><\/div><\/div><div  class=\"tatsu-module tatsu-text-block-wrap tatsu-B1uAI-863\"><div class=\"tatsu-text-inner tatsu-align-center  clearfix\" ><style>.tatsu-B1uAI-863.tatsu-text-block-wrap .tatsu-text-inner{width: 100%;text-align: left;}.tatsu-B1uAI-863.tatsu-text-block-wrap{margin: 0px 0px 10px 0px;}.tatsu-B1uAI-863.tatsu-text-block-wrap .tatsu-text-inner *{font-size : 24px;}<\/style>\n<h2>Finca Wedding in Mallorca \u2013 or Prefer a Hotel?<\/h2>\n<\/div><\/div><div  class=\"tatsu-module tatsu-text-block-wrap tatsu-Bklt9Rgcll\"><div class=\"tatsu-text-inner tatsu-align-center  clearfix\" ><style>.tatsu-Bklt9Rgcll.tatsu-text-block-wrap .tatsu-text-inner{width: 100%;text-align: left;}.tatsu-Bklt9Rgcll.tatsu-text-block-wrap{margin: 0px 0px 20px 0px;}.tatsu-Bklt9Rgcll.tatsu-text-block-wrap .tatsu-text-inner *{font-size : 16px;}<\/style>\n<p>A <a href=\"\/en\/finca-hochzeit-mallorca\/\"><strong>finca wedding in Mallorca<\/strong><\/a> is undoubtedly one of the most popular ways to say \u201cI do\u201d in a unique, authentically local setting. Celebrating until the early morning, cooling off in the pool, and enjoying spectacular views of Mallorca\u2019s landscape are just a few of the compelling reasons to choose a wedding finca. Typically, you rent the finca for several days, which means you can have your <a title=\"symbolic wedding ceremony in Mallorca\" href=\"\/en\/freie-trauung-mallorca\"><strong>symbolic ceremony<\/strong><\/a>, honeymoon, and-last but not least-the perfect backdrop for unforgettable wedding photos, all just steps away from your bedroom. This way, not only are you relaxed on the big day itself, but your guests will also fall under the charm of the finca.<\/p>\n<\/div><\/div><div  class=\"tatsu-module tatsu-text-block-wrap tatsu-Syxn50g9ge\"><div class=\"tatsu-text-inner tatsu-align-center  clearfix\" ><style>.tatsu-Syxn50g9ge.tatsu-text-block-wrap .tatsu-text-inner{width: 100%;text-align: left;}.tatsu-Syxn50g9ge.tatsu-text-block-wrap{margin: 0px 0px 20px 0px;}.tatsu-Syxn50g9ge.tatsu-text-block-wrap .tatsu-text-inner *{font-size : 16px;}<\/style>\n<p>An outdoor wedding among natural stone walls and olive trees already provides that unforgettable Mallorcan flair-without tons of floral decorations. On the other hand, hosting a large wedding party of fifty, a hundred, or more guests in your garden requires coordinating numerous vendors, equipment, d\u00e9cor, power supply, and setup and teardown. This can quickly make couples consider a hotel instead. After all, who wouldn\u2019t appreciate fresh coffee and breakfast the morning after the wedding? And why not have the best of both worlds?<\/p>\n<\/div><\/div><div  class=\"tatsu-module tatsu-text-block-wrap tatsu-H1Iq90lclg\"><div class=\"tatsu-text-inner tatsu-align-center  clearfix\" ><style>.tatsu-H1Iq90lclg.tatsu-text-block-wrap .tatsu-text-inner{width: 100%;text-align: left;}.tatsu-H1Iq90lclg.tatsu-text-block-wrap{margin: 0px 0px 20px 0px;}.tatsu-H1Iq90lclg.tatsu-text-block-wrap .tatsu-text-inner *{text-transform : none;font-size : 24px;}<\/style>\n<h2>Wedding Fincas in Mallorca<\/h2>\n<\/div><\/div><div class=\"oshine-module oshine-am-fh display-block  tatsu-BykZDb8ph\"><style>.tatsu-BykZDb8ph .animate-icon-module-style1-wrap{height: 400px;}.tatsu-BykZDb8ph .animate-icon-module-style1{margin-bottom: 10px;}<\/style><div class=\"animate-icon-module-style1-wrap-container\"><div class=\"animate-icon-module-style1-wrap clearfix\" data-gutter-width=\"10\"><a  href=\"https:\/\/lps-photography.de\/en\/alaiar-mallorca-hochzeit\/\" class=\"animate-icon-module-style1 be-bg-cover animate-icon-module ai-has-overlay top-animate tatsu-HyekWwWL63\" ><style>.tatsu-HyekWwWL63 .font-icon{font-size: 30px;color: rgba(19,1,1,1) ;}.tatsu-HyekWwWL63 .title_content{color: rgba(19,1,1,1) ;}.tatsu-HyekWwWL63{background-image: url(https:\/\/lps-photography.de\/wp-content\/uploads\/2022\/11\/alaiar-mallorca-hochzeit-title.jpg);background-color: #000;}.tatsu-HyekWwWL63:hover{background-color: #232323;}.tatsu-HyekWwWL63 .ai-overlay{background-color: rgba(255,255,255,0.28);}<\/style><div class=\"animate-icon-module-normal-content\"><div class=\"display-table\"><div class=\"display-table-cell vertical-align-middle\"><i class=\"font-icon icon-icon_heart_alt\" ><\/i><h3  class=\"title_content\" >Finca Alaiar<\/h3><\/div><\/div><\/div><div class=\"animate-icon-module-hover-content\"><div class=\"display-table\"><div class=\"display-table-cell vertical-align-middle\">\n<p><strong style=\"color: #000000; font-size: 16px;\">Wedding at Finca Alaiar in the Heart of the Island<\/strong><\/p>\n<\/div><\/div><\/div><div class=\"ai-overlay\" ><\/div><\/a><a  href=\"https:\/\/lps-photography.de\/en\/finca-santa-lucia-mallorca\/\" class=\"animate-icon-module-style1 be-bg-cover animate-icon-module ai-has-overlay top-animate tatsu-Bk-kWP-La2\" ><style>.tatsu-Bk-kWP-La2 .font-icon{font-size: 30px;color: rgba(19,1,1,1) ;}.tatsu-Bk-kWP-La2 .title_content{color: rgba(19,1,1,1) ;}.tatsu-Bk-kWP-La2{background-image: url(https:\/\/lps-photography.de\/wp-content\/uploads\/2023\/08\/Finca-Santa-Lucia-Mallorca-Binissalem-Hochzeit-28.jpg);background-color: #000;}.tatsu-Bk-kWP-La2:hover{background-color: #232323;}.tatsu-Bk-kWP-La2 .ai-overlay{background-color: rgba(255,255,255,0.28);}<\/style><div class=\"animate-icon-module-normal-content\"><div class=\"display-table\"><div class=\"display-table-cell vertical-align-middle\"><i class=\"font-icon icon-icon_heart_alt\" ><\/i><h3  class=\"title_content\" >Finca Santa Lucia<\/h3><\/div><\/div><\/div><div class=\"animate-icon-module-hover-content\"><div class=\"display-table\"><div class=\"display-table-cell vertical-align-middle\">\n<p><strong style=\"color: #000000; font-size: 16px;\">Finca Santa Lucia near Binissalem<\/strong><\/p>\n<\/div><\/div><\/div><div class=\"ai-overlay\" ><\/div><\/a><\/div><\/div><\/div><div class=\"oshine-module oshine-am-fh display-block  tatsu-ry396jb6R\"><style>.tatsu-ry396jb6R .animate-icon-module-style1-wrap{height: 400px;}.tatsu-ry396jb6R .animate-icon-module-style1{margin-bottom: 10px;}<\/style><div class=\"animate-icon-module-style1-wrap-container\"><div class=\"animate-icon-module-style1-wrap clearfix\" data-gutter-width=\"10\"><a  href=\"https:\/\/lps-photography.de\/en\/finca-son-termes-mallorca\/\" class=\"animate-icon-module-style1 be-bg-cover animate-icon-module ai-has-overlay top-animate tatsu-ryen5piZ6C\" ><style>.tatsu-ryen5piZ6C .font-icon{font-size: 30px;color: rgba(19,1,1,1) ;}.tatsu-ryen5piZ6C .title_content{color: rgba(19,1,1,1) ;}.tatsu-ryen5piZ6C{background-image: url(https:\/\/lps-photography.de\/wp-content\/uploads\/2024\/08\/Son-Termes-Finca-Mallorca-Hochzeit-19.jpg);background-color: #000;}.tatsu-ryen5piZ6C:hover{background-color: #232323;}.tatsu-ryen5piZ6C .ai-overlay{background-color: rgba(255,255,255,0.28);}<\/style><div class=\"animate-icon-module-normal-content\"><div class=\"display-table\"><div class=\"display-table-cell vertical-align-middle\"><i class=\"font-icon icon-icon_heart_alt\" ><\/i><h3  class=\"title_content\" >Finca Son Termes<\/h3><\/div><\/div><\/div><div class=\"animate-icon-module-hover-content\"><div class=\"display-table\"><div class=\"display-table-cell vertical-align-middle\">\n<p><strong style=\"color: #000000; font-size: 16px;\">Son Termes Wedding near Palmanyola<\/strong><\/p>\n<\/div><\/div><\/div><div class=\"ai-overlay\" ><\/div><\/a><a  href=\"https:\/\/lps-photography.de\/en\/son-mesquida-nou-mallorca\/\" class=\"animate-icon-module-style1 be-bg-cover animate-icon-module ai-has-overlay top-animate tatsu-Bkb3qpjWpC\" ><style>.tatsu-Bkb3qpjWpC .font-icon{font-size: 30px;color: rgba(19,1,1,1) ;}.tatsu-Bkb3qpjWpC .title_content{color: rgba(19,1,1,1) ;}.tatsu-Bkb3qpjWpC{background-image: url(https:\/\/lps-photography.de\/wp-content\/uploads\/2024\/09\/Son-Mesquida-Nou-Mallorca-Hochzeit-19.jpg);background-color: #000;}.tatsu-Bkb3qpjWpC:hover{background-color: #232323;}.tatsu-Bkb3qpjWpC .ai-overlay{background-color: rgba(255,255,255,0.28);}<\/style><div class=\"animate-icon-module-normal-content\"><div class=\"display-table\"><div class=\"display-table-cell vertical-align-middle\"><i class=\"font-icon icon-icon_heart_alt\" ><\/i><h3  class=\"title_content\" >Son Mesquida Nou<\/h3><\/div><\/div><\/div><div class=\"animate-icon-module-hover-content\"><div class=\"display-table\"><div class=\"display-table-cell vertical-align-middle\">\n<p><strong style=\"color: #000000; font-size: 16px;\">Wedding at Son Mesquida Nou near Algaida<\/strong><\/p>\n<\/div><\/div><\/div><div class=\"ai-overlay\" ><\/div><\/a><\/div><\/div><\/div><div class=\"oshine-module oshine-am-fh display-block  tatsu-SkQTSTxcC\"><style>.tatsu-SkQTSTxcC .animate-icon-module-style1-wrap{height: 400px;}.tatsu-SkQTSTxcC .animate-icon-module-style1{margin-bottom: 10px;}<\/style><div class=\"animate-icon-module-style1-wrap-container\"><div class=\"animate-icon-module-style1-wrap clearfix\" data-gutter-width=\"10\"><a  href=\"https:\/\/lps-photography.de\/en\/finca-leilani-mallorca\/\" class=\"animate-icon-module-style1 be-bg-cover animate-icon-module ai-has-overlay top-animate tatsu-HkgX6ralq0\" ><style>.tatsu-HkgX6ralq0 .font-icon{font-size: 30px;color: rgba(19,1,1,1) ;}.tatsu-HkgX6ralq0 .title_content{color: rgba(19,1,1,1) ;}.tatsu-HkgX6ralq0{background-image: url(https:\/\/lps-photography.de\/wp-content\/uploads\/2024\/08\/Finca-Leilani-Mallorca-Hochzeit-14-1.jpg);background-color: #000;}.tatsu-HkgX6ralq0:hover{background-color: #232323;}.tatsu-HkgX6ralq0 .ai-overlay{background-color: rgba(255,255,255,0.28);}<\/style><div class=\"animate-icon-module-normal-content\"><div class=\"display-table\"><div class=\"display-table-cell vertical-align-middle\"><i class=\"font-icon icon-icon_heart_alt\" ><\/i><h3  class=\"title_content\" >Finca Leilani<\/h3><\/div><\/div><\/div><div class=\"animate-icon-module-hover-content\"><div class=\"display-table\"><div class=\"display-table-cell vertical-align-middle\">\n<p><strong style=\"color: #000000; font-size: 16px;\">Wedding at Finca Leilani near Llucmajor<\/strong><\/p>\n<\/div><\/div><\/div><div class=\"ai-overlay\" ><\/div><\/a><a  href=\"https:\/\/lps-photography.de\/en\/casal-santa-eulalia-mallorca-hochzeit\/\" class=\"animate-icon-module-style1 be-bg-cover animate-icon-module ai-has-overlay top-animate tatsu-ryZm6rpxcR\" ><style>.tatsu-ryZm6rpxcR .font-icon{font-size: 30px;color: rgba(19,1,1,1) ;}.tatsu-ryZm6rpxcR .title_content{color: rgba(19,1,1,1) ;}.tatsu-ryZm6rpxcR{background-image: url(https:\/\/lps-photography.de\/wp-content\/uploads\/2024\/01\/Casal-Santa-Eulalia-Mallorca-Hochzeit-24.jpg);background-color: #000;}.tatsu-ryZm6rpxcR:hover{background-color: #232323;}.tatsu-ryZm6rpxcR .ai-overlay{background-color: rgba(255,255,255,0.28);}<\/style><div class=\"animate-icon-module-normal-content\"><div class=\"display-table\"><div class=\"display-table-cell vertical-align-middle\"><i class=\"font-icon icon-icon_heart_alt\" ><\/i><h3  class=\"title_content\" >Casal Santa Eulalia<\/h3><\/div><\/div><\/div><div class=\"animate-icon-module-hover-content\"><div class=\"display-table\"><div class=\"display-table-cell vertical-align-middle\">\n<p><strong style=\"color: #000000; font-size: 16px;\">Wedding at Casal Santa Eulalia near Can Picafort<\/strong><\/p>\n<\/div><\/div><\/div><div class=\"ai-overlay\" ><\/div><\/a><\/div><\/div><\/div><div class=\"oshine-module oshine-am-fh display-block  tatsu-SJ8Wg9I53\"><style>.tatsu-SJ8Wg9I53 .animate-icon-module-style1-wrap{height: 400px;}.tatsu-SJ8Wg9I53 .animate-icon-module-style1{margin-bottom: 10px;}<\/style><div class=\"animate-icon-module-style1-wrap-container\"><div class=\"animate-icon-module-style1-wrap clearfix\" data-gutter-width=\"10\"><a  href=\"https:\/\/lps-photography.de\/en\/finca-son-simo-vell-mallorca-hochzeit\/\" class=\"animate-icon-module-style1 be-bg-cover animate-icon-module ai-has-overlay top-animate tatsu-rylIZe9Uqh\" ><style>.tatsu-rylIZe9Uqh .font-icon{font-size: 30px;color: rgba(19,1,1,1) ;}.tatsu-rylIZe9Uqh .title_content{color: rgba(19,1,1,1) ;}.tatsu-rylIZe9Uqh{background-image: url(https:\/\/lps-photography.de\/wp-content\/uploads\/2020\/04\/fincawedding-mallorca-18.jpg);background-color: #000;}.tatsu-rylIZe9Uqh:hover{background-color: #232323;}.tatsu-rylIZe9Uqh .ai-overlay{background-color: rgba(255,255,255,0.28);}<\/style><div class=\"animate-icon-module-normal-content\"><div class=\"display-table\"><div class=\"display-table-cell vertical-align-middle\"><i class=\"font-icon icon-icon_heart_alt\" ><\/i><h3  class=\"title_content\" >Son Sim\u00f3 Vell<\/h3><\/div><\/div><\/div><div class=\"animate-icon-module-hover-content\"><div class=\"display-table\"><div class=\"display-table-cell vertical-align-middle\">\n<p><strong style=\"color: #000000; font-size: 16px;\">Wedding at Finca Son Sim\u00f3 Vell<\/strong><\/p>\n<\/div><\/div><\/div><div class=\"ai-overlay\" ><\/div><\/a><a  href=\"https:\/\/lps-photography.de\/en\/finca-binissati-mallorca-hochzeit\/\" class=\"animate-icon-module-style1 be-bg-cover animate-icon-module ai-has-overlay top-animate tatsu-SJZUbl9L92\" ><style>.tatsu-SJZUbl9L92 .font-icon{font-size: 30px;color: rgba(19,1,1,1) ;}.tatsu-SJZUbl9L92 .title_content{color: rgba(19,1,1,1) ;}.tatsu-SJZUbl9L92{background-image: url(https:\/\/lps-photography.de\/wp-content\/uploads\/2023\/07\/Finca-Binissati-Mallorca-Hochzeit-15.jpg);background-color: #000;}.tatsu-SJZUbl9L92:hover{background-color: #232323;}.tatsu-SJZUbl9L92 .ai-overlay{background-color: rgba(255,255,255,0.28);}<\/style><div class=\"animate-icon-module-normal-content\"><div class=\"display-table\"><div class=\"display-table-cell vertical-align-middle\"><i class=\"font-icon icon-icon_heart_alt\" ><\/i><h3  class=\"title_content\" >Finca Binissat\u00ed<\/h3><\/div><\/div><\/div><div class=\"animate-icon-module-hover-content\"><div class=\"display-table\"><div class=\"display-table-cell vertical-align-middle\">\n<p><strong style=\"color: #000000; font-size: 16px;\">Wedding at Finca Binissat\u00ed near Inca<\/strong><\/p>\n<\/div><\/div><\/div><div class=\"ai-overlay\" ><\/div><\/a><\/div><\/div><\/div><div class=\"oshine-module oshine-am-fh display-block  tatsu-SJnGb9U5n\"><style>.tatsu-SJnGb9U5n .animate-icon-module-style1-wrap{height: 400px;}.tatsu-SJnGb9U5n .animate-icon-module-style1{margin-bottom: 10px;}<\/style><div class=\"animate-icon-module-style1-wrap-container\"><div class=\"animate-icon-module-style1-wrap clearfix\" data-gutter-width=\"10\"><a  href=\"https:\/\/lps-photography.de\/en\/es-cabanells-mallorca-hochzeit\/\" class=\"animate-icon-module-style1 be-bg-cover animate-icon-module ai-has-overlay top-animate tatsu-r1e2GZ9892\" ><style>.tatsu-r1e2GZ9892 .font-icon{font-size: 30px;color: rgba(19,1,1,1) ;}.tatsu-r1e2GZ9892 .title_content{color: rgba(19,1,1,1) ;}.tatsu-r1e2GZ9892{background-image: url(https:\/\/lps-photography.de\/wp-content\/uploads\/2019\/09\/Hochzeit-Mallorca-Finca-Es-Cabanells-Hochzeitsfotograf-67.jpg);background-color: #000;}.tatsu-r1e2GZ9892:hover{background-color: #232323;}.tatsu-r1e2GZ9892 .ai-overlay{background-color: rgba(255,255,255,0.28);}<\/style><div class=\"animate-icon-module-normal-content\"><div class=\"display-table\"><div class=\"display-table-cell vertical-align-middle\"><i class=\"font-icon icon-icon_heart_alt\" ><\/i><h3  class=\"title_content\" >Es Cabanells<\/h3><\/div><\/div><\/div><div class=\"animate-icon-module-hover-content\"><div class=\"display-table\"><div class=\"display-table-cell vertical-align-middle\">\n<p><strong style=\"color: #000000; font-size: 16px;\">Wedding at Finca Es Cabanells near Art\u00e0<\/strong><\/p>\n<\/div><\/div><\/div><div class=\"ai-overlay\" ><\/div><\/a><a  href=\"https:\/\/lps-photography.de\/en\/finca-son-burgues-mallorca-hochzeit\/\" class=\"animate-icon-module-style1 be-bg-cover animate-icon-module ai-has-overlay top-animate tatsu-BJbhMW9Lcn\" ><style>.tatsu-BJbhMW9Lcn .font-icon{font-size: 30px;color: rgba(19,1,1,1) ;}.tatsu-BJbhMW9Lcn .title_content{color: rgba(19,1,1,1) ;}.tatsu-BJbhMW9Lcn{background-image: url(https:\/\/lps-photography.de\/wp-content\/uploads\/2020\/08\/finca-hochzeit-mallorca-son-burgues-hochzeitsfotos-16.jpg);background-color: #000;}.tatsu-BJbhMW9Lcn:hover{background-color: #232323;}.tatsu-BJbhMW9Lcn .ai-overlay{background-color: rgba(255,255,255,0.28);}<\/style><div class=\"animate-icon-module-normal-content\"><div class=\"display-table\"><div class=\"display-table-cell vertical-align-middle\"><i class=\"font-icon icon-icon_heart_alt\" ><\/i><h3  class=\"title_content\" >Son Burgues<\/h3><\/div><\/div><\/div><div class=\"animate-icon-module-hover-content\"><div class=\"display-table\"><div class=\"display-table-cell vertical-align-middle\">\n<p><strong style=\"color: #000000; font-size: 16px;\">Wedding at Son Burgues near Petra<\/strong><\/p>\n<\/div><\/div><\/div><div class=\"ai-overlay\" ><\/div><\/a><\/div><\/div><\/div><div  class=\"tatsu-module tatsu-text-block-wrap tatsu-H1-KeMJqgl\"><div class=\"tatsu-text-inner tatsu-align-center  clearfix\" ><style>.tatsu-H1-KeMJqgl.tatsu-text-block-wrap .tatsu-text-inner{width: 100%;text-align: left;}.tatsu-H1-KeMJqgl.tatsu-text-block-wrap{margin: 10px 0px 10px 0px;}.tatsu-H1-KeMJqgl.tatsu-text-block-wrap .tatsu-text-inner *{font-size : 24px;}<\/style>\n<h2>Finca Hotels in Mallorca<\/h2>\n<\/div><\/div><div  class=\"tatsu-module tatsu-text-block-wrap tatsu-HJ9KsCgceg\"><div class=\"tatsu-text-inner tatsu-align-center  clearfix\" ><style>.tatsu-HJ9KsCgceg.tatsu-text-block-wrap .tatsu-text-inner{width: 100%;text-align: left;}.tatsu-HJ9KsCgceg.tatsu-text-block-wrap{margin: 0px 0px 20px 0px;}.tatsu-HJ9KsCgceg.tatsu-text-block-wrap .tatsu-text-inner *{font-size : 16px;}<\/style>\n<p>A wonderful way to combine the comfort of a hotel with the idyllic, rustic charm of a finca is through the finca hotels on the island. Essentially, these are renovated fincas offering individual rooms or apartments along with classic hotel amenities such as breakfast, cleaning services, and more-luxurious Mallorcan fincas, so to speak. With breathtaking views of the Tramuntana mountains, the sea, or even your own vineyard, the selection is just as extensive as for traditional fincas. One example is Malte\u2019s <a href=\"https:\/\/www.fincacanbota.com\/\" target=\"_blank\" rel=\"noopener\"><strong>Finca Hotel Can Bota<\/strong><\/a>: a stunning oasis created by Malte and Maxi over the past few years. Here, you have a finca with seven double rooms and enchanting outdoor spaces all to yourselves, while still enjoying full hotel services. You can celebrate and, of course, get married with up to 80 guests by the pool, in the expansive garden with countless terraces, in the forest, the vaulted bar, or almost anywhere. Trust me: a ceremony in Malte\u2019s garden natural \u201camphitheater\u201d is unmatched in Mallorca-your wedding photographer will love the perfect view!<\/p>\n<\/div><\/div><div  class=\"tatsu-module tatsu-text-block-wrap tatsu-SkEjiCx5ge\"><div class=\"tatsu-text-inner tatsu-align-center  clearfix\" ><style>.tatsu-SkEjiCx5ge.tatsu-text-block-wrap .tatsu-text-inner{width: 100%;text-align: left;}.tatsu-SkEjiCx5ge.tatsu-text-block-wrap{margin: 0px 0px 20px 0px;}.tatsu-SkEjiCx5ge.tatsu-text-block-wrap .tatsu-text-inner *{font-size : 16px;}<\/style>\n<p>And your wedding planner, ensuring a smooth event on-site, is already there at the finca hotels. You\u2019ll quickly notice: these aren\u2019t just service providers-they are friends excited to share their finca with you.<\/p>\n<\/div><\/div><div  class=\"tatsu-module tatsu-text-block-wrap tatsu-SkpioAx5le\"><div class=\"tatsu-text-inner tatsu-align-center  clearfix\" ><style>.tatsu-SkpioAx5le.tatsu-text-block-wrap .tatsu-text-inner{width: 100%;text-align: left;}.tatsu-SkpioAx5le.tatsu-text-block-wrap{margin: 0px 0px 20px 0px;}.tatsu-SkpioAx5le.tatsu-text-block-wrap .tatsu-text-inner *{font-size : 24px;}<\/style>\n<h2>Finca Hotel as a Wedding Venue<\/h2>\n<\/div><\/div><div class=\"oshine-module oshine-am-fh display-block  tatsu-B1MOFat8q2\"><style>.tatsu-B1MOFat8q2 .animate-icon-module-style1-wrap{height: 400px;}.tatsu-B1MOFat8q2 .animate-icon-module-style1{margin-bottom: 10px;}<\/style><div class=\"animate-icon-module-style1-wrap-container\"><div class=\"animate-icon-module-style1-wrap clearfix\" data-gutter-width=\"10\"><a href=\"https:\/\/lps-photography.de\/en\/finca-sa-tanca-mallorca-hochzeit\/\" class=\"animate-icon-module-style1 be-bg-cover animate-icon-module ai-has-overlay top-animate tatsu-H1OYpKUq3\"><style>.tatsu-H1OYpKUq3 .font-icon{font-size: 30px;color: rgba(19,1,1,1) ;}.tatsu-H1OYpKUq3 .title_content{color: rgba(19,1,1,1) ;}.tatsu-H1OYpKUq3{background-image: url(https:\/\/lps-photography.de\/wp-content\/uploads\/2023\/07\/Finca-Sa-Tanca-Mallorca-Hochzeit-51.jpg);background-color: #000;}.tatsu-H1OYpKUq3:hover{background-color: #232323;}.tatsu-H1OYpKUq3 .ai-overlay{background-color: rgba(255,255,255,0.28);}<\/style><div class=\"animate-icon-module-normal-content\"><div class=\"display-table\"><div class=\"display-table-cell vertical-align-middle\"><i class=\"font-icon icon-icon_heart_alt\" ><\/i><h3  class=\"title_content\" >Finca Sa Tanca<\/h3><\/div><\/div><\/div><div class=\"animate-icon-module-hover-content\"><div class=\"display-table\"><div class=\"display-table-cell vertical-align-middle\">\n<p><strong style=\"font-size: 16px; color: #000000;\">Wedding at Finca Sa Tanca near Cala D\u2019Or<\/strong><\/p>\n<\/div><\/div><\/div><div class=\"ai-overlay\" ><\/div><\/a><a href=\"https:\/\/lps-photography.de\/en\/hochzeit-im-es-riquers-hotel-rural\/\" class=\"animate-icon-module-style1 be-bg-cover animate-icon-module ai-has-overlay top-animate tatsu-BJAqRYLc3\"><style>.tatsu-BJAqRYLc3 .font-icon{font-size: 30px;color: rgba(19,1,1,1) ;}.tatsu-BJAqRYLc3 .title_content{color: rgba(19,1,1,1) ;}.tatsu-BJAqRYLc3{background-image: url(https:\/\/lps-photography.de\/wp-content\/uploads\/2023\/07\/Hochzeit-es-riquers-hotel-rural-Mallorca-10.jpg);background-color: #000;}.tatsu-BJAqRYLc3:hover{background-color: #232323;}.tatsu-BJAqRYLc3 .ai-overlay{background-color: rgba(255,255,255,0.28);}<\/style><div class=\"animate-icon-module-normal-content\"><div class=\"display-table\"><div class=\"display-table-cell vertical-align-middle\"><i class=\"font-icon icon-icon_heart_alt\" ><\/i><h3  class=\"title_content\" >Hotel Rural Es Riquers <\/h3><\/div><\/div><\/div><div class=\"animate-icon-module-hover-content\"><div class=\"display-table\"><div class=\"display-table-cell vertical-align-middle\">\n<p><strong style=\"font-size: 16px; color: #000000;\">Wedding at Hotel Rural Es Riquers near Porreres<\/strong><\/p>\n<\/div><\/div><\/div><div class=\"ai-overlay\" ><\/div><\/a><\/div><\/div><\/div><div class=\"oshine-module oshine-am-fh display-block  tatsu-r10kdWIph\"><style>.tatsu-r10kdWIph .animate-icon-module-style1-wrap{height: 400px;}.tatsu-r10kdWIph .animate-icon-module-style1{margin-bottom: 10px;}<\/style><div class=\"animate-icon-module-style1-wrap-container\"><div class=\"animate-icon-module-style1-wrap clearfix\" data-gutter-width=\"10\"><a href=\"https:\/\/lps-photography.de\/en\/new-can-furios-hotel\/\" class=\"animate-icon-module-style1 be-bg-cover animate-icon-module ai-has-overlay top-animate tatsu-H1eAJdbL6n\"><style>.tatsu-H1eAJdbL6n .font-icon{font-size: 30px;color: rgba(19,1,1,1) ;}.tatsu-H1eAJdbL6n .title_content{color: rgba(19,1,1,1) ;}.tatsu-H1eAJdbL6n{background-image: url(https:\/\/lps-photography.de\/wp-content\/uploads\/2023\/08\/New-Can-Furios-Hotel-Selva-30.jpg);background-color: #000;}.tatsu-H1eAJdbL6n:hover{background-color: #232323;}.tatsu-H1eAJdbL6n .ai-overlay{background-color: rgba(255,255,255,0.28);}<\/style><div class=\"animate-icon-module-normal-content\"><div class=\"display-table\"><div class=\"display-table-cell vertical-align-middle\"><i class=\"font-icon icon-icon_heart_alt\" ><\/i><h3  class=\"title_content\" >New Can Furios Hotel<\/h3><\/div><\/div><\/div><div class=\"animate-icon-module-hover-content\"><div class=\"display-table\"><div class=\"display-table-cell vertical-align-middle\">\n<p><strong style=\"font-size: 16px; color: #000000;\">New Can Furios Hotel near Selva<\/strong><\/p>\n<\/div><\/div><\/div><div class=\"ai-overlay\" ><\/div><\/a><a href=\"https:\/\/lps-photography.de\/en\/antonias-finca-agroturismo-mallorca\/\" class=\"animate-icon-module-style1 be-bg-cover animate-icon-module ai-has-overlay top-animate tatsu-ByWAJdZLan\"><style>.tatsu-ByWAJdZLan .font-icon{font-size: 30px;color: rgba(19,1,1,1) ;}.tatsu-ByWAJdZLan .title_content{color: rgba(19,1,1,1) ;}.tatsu-ByWAJdZLan{background-image: url(https:\/\/lps-photography.de\/wp-content\/uploads\/2023\/08\/Antonias-Finca-Agroturismo-86.jpg);background-color: #000;}.tatsu-ByWAJdZLan:hover{background-color: #232323;}.tatsu-ByWAJdZLan .ai-overlay{background-color: rgba(255,255,255,0.28);}<\/style><div class=\"animate-icon-module-normal-content\"><div class=\"display-table\"><div class=\"display-table-cell vertical-align-middle\"><i class=\"font-icon icon-icon_heart_alt\" ><\/i><h3  class=\"title_content\" >Antonias Finca Agroturismo<\/h3><\/div><\/div><\/div><div class=\"animate-icon-module-hover-content\"><div class=\"display-table\"><div class=\"display-table-cell vertical-align-middle\">\n<p><strong style=\"font-size: 16px; color: #000000;\">Wedding at Antonia\u2019s Finca Agroturismo<\/strong><\/p>\n<\/div><\/div><\/div><div class=\"ai-overlay\" ><\/div><\/a><\/div><\/div><\/div><div class=\"oshine-module oshine-am-fh display-block  tatsu-rJgqYZIT3\"><style>.tatsu-rJgqYZIT3 .animate-icon-module-style1-wrap{height: 400px;}.tatsu-rJgqYZIT3 .animate-icon-module-style1{margin-bottom: 10px;}<\/style><div class=\"animate-icon-module-style1-wrap-container\"><div class=\"animate-icon-module-style1-wrap clearfix\" data-gutter-width=\"10\"><a href=\"https:\/\/lps-photography.de\/en\/las-barracas-mallorca\/\" class=\"animate-icon-module-style1 be-bg-cover animate-icon-module ai-has-overlay top-animate tatsu-Byel9KbI6n\"><style>.tatsu-Byel9KbI6n .font-icon{font-size: 30px;color: rgba(19,1,1,1) ;}.tatsu-Byel9KbI6n .title_content{color: rgba(19,1,1,1) ;}.tatsu-Byel9KbI6n{background-image: url(https:\/\/lps-photography.de\/wp-content\/uploads\/2023\/08\/Las-Barracas-Mallorca-Hochzeit-Country-Lodge-62.jpg);background-color: #000;}.tatsu-Byel9KbI6n:hover{background-color: #232323;}.tatsu-Byel9KbI6n .ai-overlay{background-color: rgba(255,255,255,0.28);}<\/style><div class=\"animate-icon-module-normal-content\"><div class=\"display-table\"><div class=\"display-table-cell vertical-align-middle\"><i class=\"font-icon icon-icon_heart_alt\" ><\/i><h3  class=\"title_content\" >Las Barracas Country Lodge<\/h3><\/div><\/div><\/div><div class=\"animate-icon-module-hover-content\"><div class=\"display-table\"><div class=\"display-table-cell vertical-align-middle\">\n<p><strong style=\"font-size: 16px; color: #000000;\">Wedding at Las Barracas Country Lodge<\/strong><\/p>\n<\/div><\/div><\/div><div class=\"ai-overlay\" ><\/div><\/a><a href=\"https:\/\/lps-photography.de\/en\/finca-can-duvai-mallorca-hochzeit\/\" class=\"animate-icon-module-style1 be-bg-cover animate-icon-module ai-has-overlay top-animate tatsu-HJbxcY-Ipn\"><style>.tatsu-HJbxcY-Ipn .font-icon{font-size: 30px;color: rgba(19,1,1,1) ;}.tatsu-HJbxcY-Ipn .title_content{color: rgba(19,1,1,1) ;}.tatsu-HJbxcY-Ipn{background-image: url(https:\/\/lps-photography.de\/wp-content\/uploads\/2019\/11\/finca-can-duvai-mallorca-hochzeit-19.jpg);background-color: #000;}.tatsu-HJbxcY-Ipn:hover{background-color: #232323;}.tatsu-HJbxcY-Ipn .ai-overlay{background-color: rgba(255,255,255,0.28);}<\/style><div class=\"animate-icon-module-normal-content\"><div class=\"display-table\"><div class=\"display-table-cell vertical-align-middle\"><i class=\"font-icon icon-icon_heart_alt\" ><\/i><h3  class=\"title_content\" >Finca Can Duvai<\/h3><\/div><\/div><\/div><div class=\"animate-icon-module-hover-content\"><div class=\"display-table\"><div class=\"display-table-cell vertical-align-middle\">\n<p><strong style=\"font-size: 16px; color: #000000;\">Wedding at Finca Can Duvai<\/strong><\/p>\n<\/div><\/div><\/div><div class=\"ai-overlay\" ><\/div><\/a><\/div><\/div><\/div><div  class=\"tatsu-module tatsu-text-block-wrap tatsu-BJeDMM15gx\"><div class=\"tatsu-text-inner tatsu-align-center  clearfix\" ><style>.tatsu-BJeDMM15gx.tatsu-text-block-wrap .tatsu-text-inner{width: 100%;text-align: left;}.tatsu-BJeDMM15gx.tatsu-text-block-wrap{margin: 0px 0px 10px 0px;}.tatsu-BJeDMM15gx.tatsu-text-block-wrap .tatsu-text-inner *{text-transform : none;font-size : 24px;}<\/style>\n<h2>Celebrate and Relax on the Finca<\/h2>\n<\/div><\/div><div  class=\"tatsu-module tatsu-text-block-wrap tatsu-BJkmhAx9xl\"><div class=\"tatsu-text-inner tatsu-align-center  clearfix\" ><style>.tatsu-BJkmhAx9xl.tatsu-text-block-wrap .tatsu-text-inner{width: 100%;text-align: left;}.tatsu-BJkmhAx9xl.tatsu-text-block-wrap{margin: 0px 0px 20px 0px;}.tatsu-BJkmhAx9xl.tatsu-text-block-wrap .tatsu-text-inner *{text-transform : none;font-size : 16px;}<\/style>\n<p>A countryside wedding at the same hotel as your in-laws doesn\u2019t sound like pure relaxation? On most fincas, spanning several hectares with beautifully landscaped Mediterranean gardens, you\u2019ll find more than enough private spaces to unwind. You can also explore Mallorca\u2019s east coast on a trip to the sea or the western mountains for a change of scenery.<\/p>\n<\/div><\/div><div  class=\"tatsu-module tatsu-text-block-wrap tatsu-BkQcffycgx\"><div class=\"tatsu-text-inner tatsu-align-center  clearfix\" ><style>.tatsu-BkQcffycgx.tatsu-text-block-wrap .tatsu-text-inner{width: 100%;text-align: left;}.tatsu-BkQcffycgx.tatsu-text-block-wrap{margin: 0px 0px 10px 0px;}.tatsu-BkQcffycgx.tatsu-text-block-wrap .tatsu-text-inner *{font-size : 24px;}<\/style>\n<h2>Wedding Celebrations in Luxury Hotels<\/h2>\n<\/div><\/div><div  class=\"tatsu-module tatsu-text-block-wrap tatsu-HJ7H3Rg5ee\"><div class=\"tatsu-text-inner tatsu-align-center  clearfix\" ><style>.tatsu-HJ7H3Rg5ee.tatsu-text-block-wrap .tatsu-text-inner{width: 100%;text-align: left;}.tatsu-HJ7H3Rg5ee.tatsu-text-block-wrap{margin: 0px 0px 20px 0px;}.tatsu-HJ7H3Rg5ee.tatsu-text-block-wrap .tatsu-text-inner *{font-size : 16px;}<\/style>\n<p>It\u2019s not just fincas that provide the perfect setting for a romantic wedding. If budget is less of a concern, you can also tie the knot and celebrate in a luxury hotel. I\u2019ve had the pleasure of photographing many stunning weddings at locations such as Castillo Hotel Son Vida, Jumeirah Port de S\u00f3ller, and Cap Rocat. No doubt, the exceptional service at these dream venues creates the perfect atmosphere-and the breathtaking views alone provide an amazing backdrop for photos. In addition, you benefit from excellent infrastructure and are usually not far from Palma, making it easier for your guests to attend. And again, there\u2019s no need to worry about a wedding planner on Mallorca-on-site event professionals are well connected and experienced. My personal tip among the high-end hotels: the <a title=\"Pula Golf Resort Mallorca\" href=\"\/en\/pula-golf-resort-mallorca-hochzeit\/\"><strong>Pula Golf Resort<\/strong><\/a>.<\/p>\n<\/div><\/div><div  class=\"tatsu-module tatsu-text-block-wrap tatsu-Hk3v9-LT3\"><div class=\"tatsu-text-inner tatsu-align-center  clearfix\" ><style>.tatsu-Hk3v9-LT3.tatsu-text-block-wrap .tatsu-text-inner{width: 100%;text-align: left;}.tatsu-Hk3v9-LT3.tatsu-text-block-wrap{margin: 0px 0px 10px 0px;}.tatsu-Hk3v9-LT3.tatsu-text-block-wrap .tatsu-text-inner *{font-size : 24px;}<\/style>\n<h2>Locations for Weddings by the Sea<\/h2>\n<\/div><\/div><div  class=\"tatsu-module tatsu-text-block-wrap tatsu-HJ6OnRl5xx\"><div class=\"tatsu-text-inner tatsu-align-center  clearfix\" ><style>.tatsu-HJ6OnRl5xx.tatsu-text-block-wrap .tatsu-text-inner{width: 100%;text-align: left;}.tatsu-HJ6OnRl5xx.tatsu-text-block-wrap .tatsu-text-inner *{font-size : 16px;}<\/style>\n<p>Finding wedding venues directly by the sea in Mallorca is not as easy as you might think. Sure, everyone knows Son Marroig, but you need to book very early and prepare for high costs. Classic event venues are generally found further inland. So where can you find a property with a sea view for your unforgettable wedding? I\u2019ve gathered more information here for a <a title=\"Beach Wedding in Mallorca\" href=\"\/en\/strand-hochzeit\"><strong>beach wedding<\/strong><\/a> and, of course, for your <a title=\"Wedding by the Sea in Mallorca\" href=\"\/en\/hochzeit-am-meer\"><strong>wedding by the sea<\/strong><\/a>.<\/p>\n<\/div><\/div><div class=\"oshine-module oshine-am-fh display-block  tatsu-B1WFOZIp3\"><style>.tatsu-B1WFOZIp3 .animate-icon-module-style1-wrap{height: 400px;}.tatsu-B1WFOZIp3 .animate-icon-module-style1{margin-bottom: 10px;}<\/style><div class=\"animate-icon-module-style1-wrap-container\"><div class=\"animate-icon-module-style1-wrap clearfix\" data-gutter-width=\"10\"><a href=\"https:\/\/lps-photography.de\/en\/traeumeria-son-moll-hochzeit-auf-wolke-7\/\" class=\"animate-icon-module-style1 be-bg-cover animate-icon-module ai-has-overlay top-animate tatsu-rJe-KdbUa3\"><style>.tatsu-rJe-KdbUa3 .font-icon{font-size: 30px;color: rgba(19,1,1,1) ;}.tatsu-rJe-KdbUa3 .title_content{color: rgba(19,1,1,1) ;}.tatsu-rJe-KdbUa3{background-image: url(https:\/\/lps-photography.de\/wp-content\/uploads\/2023\/08\/Traeumeria-Son-Moll-Cala-Ratjada-6.jpg);background-color: #000;}.tatsu-rJe-KdbUa3:hover{background-color: #232323;}.tatsu-rJe-KdbUa3 .ai-overlay{background-color: rgba(255,255,255,0.28);}<\/style><div class=\"animate-icon-module-normal-content\"><div class=\"display-table\"><div class=\"display-table-cell vertical-align-middle\"><i class=\"font-icon icon-icon_heart_alt\" ><\/i><h3  class=\"title_content\" >Tr\u00e4umeria Son Moll: Wolke 7<\/h3><\/div><\/div><\/div><div class=\"animate-icon-module-hover-content\"><div class=\"display-table\"><div class=\"display-table-cell vertical-align-middle\">\n<p class=\"tatsu-text-inner tatsu-align-center  clearfix\"><strong><span style=\"color: #000000; font-size: 12pt;\">Die Tr\u00e4umeria Son Moll und ihre Rooftop Bar Wolke 7 in Cala Ratjada<\/span><\/strong><\/p>\n<\/div><\/div><\/div><div class=\"ai-overlay\" ><\/div><\/a><a href=\"https:\/\/lps-photography.de\/en\/port-verd-del-mar-hochzeit\/\" class=\"animate-icon-module-style1 be-bg-cover animate-icon-module ai-has-overlay top-animate tatsu-r1W-K_-8ah\"><style>.tatsu-r1W-K_-8ah .font-icon{font-size: 30px;color: rgba(19,1,1,1) ;}.tatsu-r1W-K_-8ah .title_content{color: rgba(19,1,1,1) ;}.tatsu-r1W-K_-8ah{background-image: url(https:\/\/lps-photography.de\/wp-content\/uploads\/2023\/08\/Port-Verd-Mallorca-Hochzeit-7.jpg);background-color: #000;}.tatsu-r1W-K_-8ah:hover{background-color: #232323;}.tatsu-r1W-K_-8ah:hover .ai-overlay{background-color: rgba(255,255,255,0.45);}<\/style><div class=\"animate-icon-module-normal-content\"><div class=\"display-table\"><div class=\"display-table-cell vertical-align-middle\"><i class=\"font-icon icon-icon_heart_alt\" ><\/i><h3  class=\"title_content\" >Port Verd del Mar<\/h3><\/div><\/div><\/div><div class=\"animate-icon-module-hover-content\"><div class=\"display-table\"><div class=\"display-table-cell vertical-align-middle\">\n<p class=\"tatsu-text-inner tatsu-align-center  clearfix\"><strong><span style=\"color: #000000; font-size: 12pt;\">Der bekannte Pavillon am Meer: Nicht f\u00fcr jeden die richtige Location<\/span><\/strong><\/p>\n<\/div><\/div><\/div><div class=\"ai-overlay\" ><\/div><\/a><\/div><\/div><\/div><div  class=\"tatsu-module tatsu-text-block-wrap tatsu-SkV2ctLqh\"><div class=\"tatsu-text-inner tatsu-align-center  clearfix\" ><style>.tatsu-SkV2ctLqh.tatsu-text-block-wrap .tatsu-text-inner{width: 100%;text-align: center;}.tatsu-SkV2ctLqh.tatsu-text-block-wrap{margin: 0px 0px 20px 0px;}.tatsu-SkV2ctLqh.tatsu-text-block-wrap .tatsu-text-inner *{font-size : 16px;}<\/style>\n<h2 style=\"font-size: 24px;\">Convinced About a Wedding in Mallorca?<\/h2>\n<p>Feel free to contact me-I look forward to hearing your ideas and plans for getting married in Mallorca!<\/p>\n<\/div><\/div><div  class=\"tatsu-module tatsu-normal-button tatsu-button-wrap align-block block-center  tatsu-rke4_bHj3\"><a class=\"tatsu-shortcode mediumbtn tatsu-button left-icon rounded   bg-animation-none\" href=\"https:\/\/lps-photography.de\/en\/contact\/\" style=\"\" aria-label=\"Yes, I do!\"><i class=\"tatsu-icon icon-heart3\"><\/i>Yes, I do!<\/a><style>.tatsu-rke4_bHj3 .tatsu-button{background-color: rgba(45,97,159,1);color: #ffffff ;}<\/style><\/div><\/div><\/div><div class = \"tatsu-column-bg-image-wrap\"><div class = \"tatsu-column-bg-image\" ><\/div><\/div><\/div><style>.tatsu-row > .tatsu-BkBBmIC1N.tatsu-column{width: 100%;}.tatsu-BkBBmIC1N.tatsu-column > .tatsu-column-inner > .tatsu-column-overlay{mix-blend-mode: none;}.tatsu-BkBBmIC1N > .tatsu-column-inner > .tatsu-top-divider{z-index: 9999;}.tatsu-BkBBmIC1N > .tatsu-column-inner > .tatsu-bottom-divider{z-index: 9999;}.tatsu-BkBBmIC1N > .tatsu-column-inner > .tatsu-left-divider{z-index: 9999;}.tatsu-BkBBmIC1N > .tatsu-column-inner > .tatsu-right-divider{z-index: 9999;}@media only screen and (max-width:1377px) {.tatsu-row > .tatsu-BkBBmIC1N.tatsu-column{width: 100%;}}@media only screen and (min-width:768px) and (max-width: 1024px) {.tatsu-row > .tatsu-BkBBmIC1N.tatsu-column{width: 100%;}}@media only screen and (max-width: 767px) {.tatsu-row > .tatsu-BkBBmIC1N.tatsu-column{width: 100%;}}<\/style><\/div><\/div><\/div><\/div><div class=\"tatsu-section-background-wrap\"><div class = \"tatsu-section-background\" ><\/div><\/div><style>.tatsu-B1ZBBQLAkN .tatsu-section-pad{padding: 0px 0px 29px 0px;}.tatsu-B1ZBBQLAkN > .tatsu-bottom-divider{z-index: 9999;}.tatsu-B1ZBBQLAkN > .tatsu-top-divider{z-index: 9999;}<\/style><\/div>","protected":false},"excerpt":{"rendered":"<p>Finding the Ideal Location for Your Dream Wedding in Mallorca<\/p>\n<p><a href=\"https:\/\/lps-photography.de\/en\/the-best-wedding-venues-in-mallorca\/\" class=\"more-link style3-button\">Read More<\/a><\/p>","protected":false},"author":1,"featured_media":26123,"comment_status":"open","ping_status":"open","sticky":false,"template":"","format":"standard","meta":{"_lmt_disableupdate":"","_lmt_disable":"","footnotes":""},"categories":[1395,1397,693,1396,1398,1399,1383,1402,71],"tags":[1400,1401],"class_list":{"0":"post-24493","1":"post","2":"type-post","3":"status-publish","4":"format-standard","5":"has-post-thumbnail","6":"hentry","7":"category-hochzeitslocation","8":"category-fotografie","9":"category-hochzeit-blog","11":"category-hochzeitsplanung","12":"category-journal","13":"category-start","15":"category-wedding-2","16":"tag-finca","17":"tag-hochzeit"},"modified_by":"admin","_links":{"self":[{"href":"https:\/\/lps-photography.de\/en\/wp-json\/wp\/v2\/posts\/24493","targetHints":{"allow":["GET"]}}],"collection":[{"href":"https:\/\/lps-photography.de\/en\/wp-json\/wp\/v2\/posts"}],"about":[{"href":"https:\/\/lps-photography.de\/en\/wp-json\/wp\/v2\/types\/post"}],"author":[{"embeddable":true,"href":"https:\/\/lps-photography.de\/en\/wp-json\/wp\/v2\/users\/1"}],"replies":[{"embeddable":true,"href":"https:\/\/lps-photography.de\/en\/wp-json\/wp\/v2\/comments?post=24493"}],"version-history":[{"count":0,"href":"https:\/\/lps-photography.de\/en\/wp-json\/wp\/v2\/posts\/24493\/revisions"}],"wp:featuredmedia":[{"embeddable":true,"href":"https:\/\/lps-photography.de\/en\/wp-json\/wp\/v2\/media\/26123"}],"wp:attachment":[{"href":"https:\/\/lps-photography.de\/en\/wp-json\/wp\/v2\/media?parent=24493"}],"wp:term":[{"taxonomy":"category","embeddable":true,"href":"https:\/\/lps-photography.de\/en\/wp-json\/wp\/v2\/categories?post=24493"},{"taxonomy":"post_tag","embeddable":true,"href":"https:\/\/lps-photography.de\/en\/wp-json\/wp\/v2\/tags?post=24493"}],"curies":[{"name":"wp","href":"https:\/\/api.w.org\/{rel}","templated":true}]}}