{"id":24492,"date":"2025-08-31T09:10:40","date_gmt":"2025-08-31T08:10:40","guid":{"rendered":"https:\/\/lps-photography.de\/?p=24492"},"modified":"2025-08-31T09:10:40","modified_gmt":"2025-08-31T08:10:40","slug":"the-costs-of-a-wedding-in-mallorca-in-detail","status":"publish","type":"post","link":"https:\/\/lps-photography.de\/en\/the-costs-of-a-wedding-in-mallorca-in-detail\/","title":{"rendered":"The Costs of a Wedding in Mallorca in Detail"},"content":{"rendered":"<div  class=\"tatsu-rJWg1WIRk4 tatsu-section    tatsu-clearfix\" data-title=\"\"  data-headerscheme=\"background--dark\"><div class='tatsu-section-pad clearfix' data-padding='{\"d\":\"0px 0px 1px 0px\"}' data-padding-top='0px'><div class=\"tatsu-row-wrap  tatsu-wrap tatsu-row-one-col tatsu-row-has-one-cols tatsu-medium-gutter tatsu-reg-cols  tatsu-clearfix tatsu-rkle1W8AJV\" ><div  class=\"tatsu-row\" ><div  class=\"tatsu-column  tatsu-column-no-bg tatsu-one-col tatsu-column-image-none tatsu-column-effect-none  tatsu-B1e1-UCy4\"  data-parallax-speed=\"0\" style=\"\"><div class=\"tatsu-column-inner\" ><div class=\"tatsu-column-pad-wrap\"><div class=\"tatsu-column-pad\" ><div  class=\"tatsu-module tatsu-text-block-wrap tatsu-SyHwOdWEE\"><div class=\"tatsu-text-inner tatsu-align-center  clearfix\" ><style>.tatsu-SyHwOdWEE.tatsu-text-block-wrap .tatsu-text-inner{width: 100%;text-align: left;}<\/style>\n<p><!--more--><\/p>\n<\/div><\/div><div  class=\"special-heading-wrap style1 oshine-module  tatsu-S1z2PKa9r\" ><div class=\"special-heading align-center\"><h1 class=\"special-h-tag\" >Wedding Costs in Mallorca<\/h1><div class=\"sub-title margin-bottom  special-subtitle\">\n<p>One of the most frequently asked questions, but one that often only gets vague answers: Read here what a wedding in Mallorca really costs you!<\/p>\n<\/div><div class=\"sep-with-icon-wrap margin-bottom\"><span class=\"sep-with-icon\" ><\/span><i class=\"sep-icon font-icon oshine_diamond\"><\/i><span class=\"sep-with-icon\" ><\/span><\/div><\/div><style>.tatsu-S1z2PKa9r .sep-icon.oshine_diamond{background: rgba(45,97,159,1);}.tatsu-S1z2PKa9r .sep-with-icon{height: 1px;width: 20px;background: #efefef;}<\/style><\/div><div  class=\"tatsu-single-image tatsu-module align-center tatsu-ByT2ZKGSS\" ><div class=\"tatsu-single-image-inner\" style=\"width : 1600px;\" ><div class = \"tatsu-single-image-padding-wrap\" style = \"padding-bottom : 66.6875%;\" ><\/div><img class = \"tatsu-gradient-border\" alt = \"tina und david\" title = \"tina und david\" srcset = \"https:\/\/lps-photography.de\/wp-content\/uploads\/2023\/07\/Finca-Sa-Tanca-Mallorca-Hochzeit-56.jpg 1600w,  https:\/\/lps-photography.de\/wp-content\/uploads\/2023\/07\/Finca-Sa-Tanca-Mallorca-Hochzeit-56-300x200.jpg 300w,  https:\/\/lps-photography.de\/wp-content\/uploads\/2023\/07\/Finca-Sa-Tanca-Mallorca-Hochzeit-56-800x534.jpg 800w,  https:\/\/lps-photography.de\/wp-content\/uploads\/2023\/07\/Finca-Sa-Tanca-Mallorca-Hochzeit-56-768x512.jpg 768w,  https:\/\/lps-photography.de\/wp-content\/uploads\/2023\/07\/Finca-Sa-Tanca-Mallorca-Hochzeit-56-1536x1024.jpg 1536w,  https:\/\/lps-photography.de\/wp-content\/uploads\/2023\/07\/Finca-Sa-Tanca-Mallorca-Hochzeit-56-75x50.jpg 75w,  https:\/\/lps-photography.de\/wp-content\/uploads\/2023\/07\/Finca-Sa-Tanca-Mallorca-Hochzeit-56-650x433.jpg 650w,  https:\/\/lps-photography.de\/wp-content\/uploads\/2023\/07\/Finca-Sa-Tanca-Mallorca-Hochzeit-56-1000x667.jpg 1000w,  https:\/\/lps-photography.de\/wp-content\/uploads\/2023\/07\/Finca-Sa-Tanca-Mallorca-Hochzeit-56-50x33.jpg 50w\" sizes = \"(max-width: 1600px) 100vw, 1600px\" src =\"data:image\/png;base64,iVBORw0KGgoAAAANSUhEUgAAAAEAAAABCAQAAAC1HAwCAAAAC0lEQVR42mNkYAAAAAYAAjCB0C8AAAAASUVORK5CYII=\"  \/><\/div><style>.tatsu-ByT2ZKGSS .tatsu-single-image-inner{border-style: solid;max-width: 100%;}.tatsu-ByT2ZKGSS.tatsu-single-image{transform: translate3d(0px,0px, 0);}<\/style><\/div><div  class=\"tatsu-module tatsu-text-block-wrap tatsu-rk7iJ5fBH\"><div class=\"tatsu-text-inner tatsu-align-center  clearfix\" ><style>.tatsu-rk7iJ5fBH.tatsu-text-block-wrap .tatsu-text-inner{width: 100%;text-align: left;}.tatsu-rk7iJ5fBH.tatsu-text-block-wrap{margin: 0px 0px 10px 0px;}.tatsu-rk7iJ5fBH.tatsu-text-block-wrap .tatsu-text-inner *{font-size : 24px;}<\/style>\n<h2>The Costs of a Wedding in Mallorca<\/h2>\n<\/div><\/div><div  class=\"tatsu-module tatsu-text-block-wrap tatsu-HyQIS0xqll\"><div class=\"tatsu-text-inner tatsu-align-center  clearfix\" ><style>.tatsu-HyQIS0xqll.tatsu-text-block-wrap .tatsu-text-inner{width: 100%;text-align: left;}.tatsu-HyQIS0xqll.tatsu-text-block-wrap .tatsu-text-inner *{font-size : 16px;}<\/style>\n<p>Would you like to get married in Mallorca and are still at the very beginning of your planning? Then one of your first questions will certainly be what such a wedding in Mallorca will cost. Of course, you already know that costs can vary greatly and depend on what exactly you need, when, where, and for how many guests. But even before you start the concrete wedding preparations, a rough estimate would surely be helpful. The often-quoted price ranges such as &#8220;catering costs between \u20ac70 and \u20ac280 per person&#8221; are simply not useful. After all, you cannot really judge what you get for \u20ac70 and why it could also cost four times as much. The same goes for the <a href=\"https:\/\/lps-photography.de\/en\/\"><strong>wedding photographer in Mallorca<\/strong><\/a> and many other aspects of your ceremony. The catering costs &#8211; food, drinks, and service &#8211; will in any case take up the largest portion of your wedding budget, roughly 50% of the total costs. To give you some truly tangible figures for your budget planning, I have calculated three examples for you.<\/p>\n<\/div><\/div><div  class=\"tatsu-module tatsu-text-block-wrap tatsu-SJqFsZxqle\"><div class=\"tatsu-text-inner tatsu-align-center  clearfix\" ><style>.tatsu-SJqFsZxqle.tatsu-text-block-wrap .tatsu-text-inner{width: 100%;text-align: left;}.tatsu-SJqFsZxqle.tatsu-text-block-wrap .tatsu-text-inner *{font-size : 16px;}<\/style>\n<blockquote>\n<p>A wedding abroad does not necessarily have to be more expensive than in Germany. A destination wedding in Mallorca can, depending on the choice of wedding location, be surprisingly good value (good value meaning \u201cworth the price,\u201d not cheap).<\/p>\n<\/blockquote>\n<\/div><\/div><div  class=\"tatsu-module tatsu-text-block-wrap tatsu-rk1xjbl9ex\"><div class=\"tatsu-text-inner tatsu-align-center  clearfix\" ><style>.tatsu-rk1xjbl9ex.tatsu-text-block-wrap .tatsu-text-inner{width: 100%;text-align: left;}.tatsu-rk1xjbl9ex.tatsu-text-block-wrap{margin: 10px 0px 10px 0px;}.tatsu-rk1xjbl9ex.tatsu-text-block-wrap .tatsu-text-inner *{font-size : 24px;}<\/style>\n<h2>What Should I Budget for a Wedding Celebration in Mallorca?<\/h2>\n<\/div><\/div><div  class=\"tatsu-module tatsu-text-block-wrap tatsu-S1w9B0e9le\"><div class=\"tatsu-text-inner tatsu-align-center  clearfix\" ><style>.tatsu-S1w9B0e9le.tatsu-text-block-wrap .tatsu-text-inner{width: 100%;text-align: left;}.tatsu-S1w9B0e9le.tatsu-text-block-wrap .tatsu-text-inner *{font-size : 16px;}<\/style>\n<p>Getting married in Mallorca can look very different. From a <a title=\"Finca Wedding Mallorca\" href=\"\/en\/finca-hochzeit-mallorca\"><strong>finca wedding<\/strong><\/a> to an exclusive <a title=\"Wedding location in Mallorca\" href=\"\/en\/beste-hochzeitslocation-mallorca\/\"><strong>wedding venue in Mallorca<\/strong><\/a> or a <a title=\"Beach wedding in Mallorca\" href=\"\/en\/hochzeit-am-meer\/\"><strong>wedding by the sea<\/strong><\/a> &#8211; everything is possible. From a <a href=\"\/en\/heiraten-auf-mallorca-zu-zweit\/\"><strong>small and intimate wedding<\/strong><\/a> to a celebration with several hundred guests. The costs therefore depend on many factors, not least the level of quality you want. Here, I would like to show you three options that I very often experience and photograph. Please keep in mind that your budget may vary depending on the location and your priorities. And yes, it can always be done cheaper. However, my calculation is a good guideline for you and includes everything that a truly unforgettable wedding really needs &#8211; and all at a level that I can wholeheartedly recommend. Especially when it comes to catering, but also with all other service providers, <strong>significantly lower prices are suspicious<\/strong>. They usually come with stress (due to unprofessional organization) and lower quality &#8211; neither of which should be part of your wedding in Mallorca.<\/p>\n<\/div><\/div><div  class=\"tatsu-module tatsu-text-block-wrap tatsu-BkUAj-lcxx\"><div class=\"tatsu-text-inner tatsu-align-center  clearfix\" ><style>.tatsu-BkUAj-lcxx.tatsu-text-block-wrap .tatsu-text-inner{width: 100%;text-align: left;}.tatsu-BkUAj-lcxx.tatsu-text-block-wrap .tatsu-text-inner *{font-size : 16px;}<\/style>\n<blockquote>\n<p>Please note that wedding planners in Mallorca often quote their prices net. This means: another 21% will be added! <strong>So take a close look<\/strong> at whether IVA (Spanish VAT) is already included. If you want to hire a wedding planner in Mallorca, you should expect a minimum fee starting at \u20ac3000. These are not included in my sample calculations, since with both event fincas and restaurants you simply don\u2019t need a wedding planner. On the contrary, it often works more smoothly without a third party. More on this further below.<\/p>\n<\/blockquote>\n<\/div><\/div><div  class=\"tatsu-module tatsu-text-block-wrap tatsu-BJYk3bxqee\"><div class=\"tatsu-text-inner tatsu-align-center  clearfix\" ><style>.tatsu-BJYk3bxqee.tatsu-text-block-wrap .tatsu-text-inner{width: 100%;text-align: left;}.tatsu-BJYk3bxqee.tatsu-text-block-wrap .tatsu-text-inner *{font-size : 16px;}<\/style>\n<p>The perfect wedding location does not always have to be a luxury hotel. Mallorca offers a wide variety of stunning venues. Here you\u2019ll find three typical options, showing how many couples celebrate their wedding in Mallorca &#8211; from classic Mediterranean style in the countryside to a rooftop terrace with sea view. All prices are gross and based on real-life figures <em>(as of January 2025)<\/em>.<\/p>\n<\/div><\/div><div  class=\"tatsu-empty-space  tatsu-H1olnWlcee\" ><style>.tatsu-H1olnWlcee.tatsu-empty-space{height: 20px;}<\/style><\/div><div  class=\"portfolio-all-wrap  oshine-gallery-module 0 tatsu-Byl6HcGHH\" ><div class=\"portfolio  full-screen  full-screen-gutter style2-gutter three-col masonry_enable\" style=\"margin-left: -10px;\"  data-action=\"get_be_gallery_with_pagination\"  data-paged=\"1\" data-enable-masonry=\"1\" data-aspect-ratio = \"1.6\" data-source='{\"source\":\"selected\",\"account_name\":\"themeforest\",\"count\":\"10\",\"col\":\"three\",\"masonry\":\"1\"}' data-gutter-width=\"10\"  data-images-array=\"21868,21825,21129\" data-col=\"three\" data-items-per-load=\"9\" data-hover-style=\"style1-hover\" data-image-grayscale=\"c_to_c\" data-lightbox-type=\"photoswipe\" data-image-source=\"selected\" data-image-effect=\"none\" data-thumb-overlay-color=\"rgba(255,255,255,0)\" data-grad-style-color=\"background:rgba(255,255,255,0)\" data-like-button=\"1\" data-hover-content=\"icon\" data-hover-content-color=\"\" ><div class=\"portfolio-container clickable clearfix portfolio-shortcode be-photoswipe-gallery scale\"><div class=\"element be-hoverlay not-wide no-wide-width-height style1-hover c_to_c\" style=\"margin-bottom: 10px;\"><div class=\"element-inner\" style=\"margin-left: 10px;\"><a href=\"https:\/\/lps-photography.de\/wp-content\/uploads\/2023\/08\/Finca-Santa-Lucia-Mallorca-Binissalem-Hochzeit-60.jpg\" data-size=\"1067x1600\" data-href=\"https:\/\/lps-photography.de\/wp-content\/uploads\/2023\/08\/Finca-Santa-Lucia-Mallorca-Binissalem-Hochzeit-60.jpg\" class=\"thumb-wrap\" title=\"isi und sascha\"><div class=\"flip-wrap\"><div data-aspect-ratio=\"0.67\" style = \"padding-bottom : 149.95313964386%;;\" class=\"flip-img-wrap none-effect\"><img decoding=\"async\" src=\"https:\/\/lps-photography.de\/wp-content\/uploads\/2023\/08\/Finca-Santa-Lucia-Mallorca-Binissalem-Hochzeit-60-650x975.jpg\" alt=\"isi und sascha\" data-attr=\"0\"\/><\/div><\/div><div class=\"thumb-overlay\"><div class=\"thumb-bg\" style=\"background-color:rgba(255,255,255,0);background:rgba(255,255,255,0)\"><div class=\"thumb-title-wrap display-table-cell vertical-align-middle align-center fadeIn animated\"><div class=\"thumb-title\" style=\"color:;\"><i class=\"portfolio-overlay-icon\"><\/i><\/div><\/div><\/div><\/div><\/a><\/div><\/div><div class=\"element be-hoverlay not-wide no-wide-width-height style1-hover c_to_c\" style=\"margin-bottom: 10px;\"><div class=\"element-inner\" style=\"margin-left: 10px;\"><a href=\"https:\/\/lps-photography.de\/wp-content\/uploads\/2023\/08\/Las-Barracas-Mallorca-Hochzeit-Country-Lodge-79.jpg\" data-size=\"1066x1600\" data-href=\"https:\/\/lps-photography.de\/wp-content\/uploads\/2023\/08\/Las-Barracas-Mallorca-Hochzeit-Country-Lodge-79.jpg\" class=\"thumb-wrap\" title=\"Eine Braut in wei\u00dfem Kleid und Schleier h\u00e4lt einen Blumenstrau\u00df und geht Hand in Hand mit einem Br\u00e4utigam in einem braunen Anzug in der Las Barracas Country Lodge. Sie l\u00e4cheln sich an und genie\u00dfen ihre Hochzeit auf Mallorca an einem sonnigen Tag im Freien.\"><div class=\"flip-wrap\"><div data-aspect-ratio=\"0.67\" style = \"padding-bottom : 150.09380863039%;;\" class=\"flip-img-wrap none-effect\"><img decoding=\"async\" src=\"https:\/\/lps-photography.de\/wp-content\/uploads\/2023\/08\/Las-Barracas-Mallorca-Hochzeit-Country-Lodge-79-650x976.jpg\" alt=\"Eine Braut in wei\u00dfem Kleid und Schleier h\u00e4lt einen Blumenstrau\u00df und geht Hand in Hand mit einem Br\u00e4utigam in einem braunen Anzug in der Las Barracas Country Lodge. Sie l\u00e4cheln sich an und genie\u00dfen ihre Hochzeit auf Mallorca an einem sonnigen Tag im Freien.\" data-attr=\"0\"\/><\/div><\/div><div class=\"thumb-overlay\"><div class=\"thumb-bg\" style=\"background-color:rgba(255,255,255,0);background:rgba(255,255,255,0)\"><div class=\"thumb-title-wrap display-table-cell vertical-align-middle align-center fadeIn animated\"><div class=\"thumb-title\" style=\"color:;\"><i class=\"portfolio-overlay-icon\"><\/i><\/div><\/div><\/div><\/div><\/a><\/div><\/div><div class=\"element be-hoverlay not-wide no-wide-width-height style1-hover c_to_c\" style=\"margin-bottom: 10px;\"><div class=\"element-inner\" style=\"margin-left: 10px;\"><a href=\"https:\/\/lps-photography.de\/wp-content\/uploads\/2023\/08\/agroturismo-son-burgues-Mallorca-25.jpg\" data-size=\"1067x1600\" data-href=\"https:\/\/lps-photography.de\/wp-content\/uploads\/2023\/08\/agroturismo-son-burgues-Mallorca-25.jpg\" class=\"thumb-wrap\" title=\"hochzeit auf der finca son burgues auf mallorca | lps photograph\"><div class=\"flip-wrap\"><div data-aspect-ratio=\"0.67\" style = \"padding-bottom : 149.95313964386%;;\" class=\"flip-img-wrap none-effect\"><img decoding=\"async\" src=\"https:\/\/lps-photography.de\/wp-content\/uploads\/2023\/08\/agroturismo-son-burgues-Mallorca-25-650x975.jpg\" alt=\"hochzeit auf der finca son burgues auf mallorca | lps photograph\" data-attr=\"0\"\/><\/div><\/div><div class=\"thumb-overlay\"><div class=\"thumb-bg\" style=\"background-color:rgba(255,255,255,0);background:rgba(255,255,255,0)\"><div class=\"thumb-title-wrap display-table-cell vertical-align-middle align-center fadeIn animated\"><div class=\"thumb-title\" style=\"color:;\"><i class=\"portfolio-overlay-icon\"><\/i><\/div><\/div><\/div><\/div><\/a><\/div><\/div><\/div><\/div><\/div><div  class=\"tatsu-module tatsu-call-to-action tatsu-clearfix  tatsu-Bk7QSbLT3\" ><div class=\"tatsu-cta-inner\"><h5 class=\"tatsu-action-content\" >FREE Wedding Guide: 82 Pages of Tips and Tricks for Wedding Planning<\/h5><a class=\"mediumbtn tatsu-button rounded tatsu-action-button\" href=\"https:\/\/lps-photography.de\/en\/hochzeitsguide\/\" data-gdpr-atts={} ><span>Download<\/span><\/a><style>.tatsu-Bk7QSbLT3.tatsu-call-to-action{background-color: rgba(45,97,159,1);}.tatsu-Bk7QSbLT3 .tatsu-action-content{color: #ffffff ;}.tatsu-Bk7QSbLT3 .tatsu-action-button:hover{background: #ffffff;border-color: #ffffff; }.tatsu-Bk7QSbLT3 .tatsu-action-button span{color: #ffffff ;}.tatsu-Bk7QSbLT3 .tatsu-action-button:hover span{color: rgba(45,97,159,1) ;}.tatsu-Bk7QSbLT3 .tatsu-action-button{border-width: 1px;border-color: #ffffff; }<\/style><\/div><\/div><\/div><\/div><div class = \"tatsu-column-bg-image-wrap\"><div class = \"tatsu-column-bg-image\" ><\/div><\/div><\/div><style>.tatsu-row > .tatsu-B1e1-UCy4.tatsu-column{width: 100%;}.tatsu-B1e1-UCy4.tatsu-column > .tatsu-column-inner > .tatsu-column-overlay{mix-blend-mode: none;}.tatsu-B1e1-UCy4 > .tatsu-column-inner > .tatsu-top-divider{z-index: 9999;}.tatsu-B1e1-UCy4 > .tatsu-column-inner > .tatsu-bottom-divider{z-index: 9999;}.tatsu-B1e1-UCy4 > .tatsu-column-inner > .tatsu-left-divider{z-index: 9999;}.tatsu-B1e1-UCy4 > .tatsu-column-inner > .tatsu-right-divider{z-index: 9999;}@media only screen and (max-width:1377px) {.tatsu-row > .tatsu-B1e1-UCy4.tatsu-column{width: 100%;}}@media only screen and (min-width:768px) and (max-width: 1024px) {.tatsu-row > .tatsu-B1e1-UCy4.tatsu-column{width: 100%;}}@media only screen and (max-width: 767px) {.tatsu-row > .tatsu-B1e1-UCy4.tatsu-column{width: 100%;}}<\/style><\/div><\/div><\/div><\/div><div class=\"tatsu-section-background-wrap\"><div class = \"tatsu-section-background\" ><\/div><\/div><style>.tatsu-rJWg1WIRk4 .tatsu-section-pad{padding: 0px 0px 1px 0px;}.tatsu-rJWg1WIRk4 > .tatsu-bottom-divider{z-index: 9999;}.tatsu-rJWg1WIRk4 > .tatsu-top-divider{z-index: 9999;}<\/style><\/div><div  class=\"tatsu-Bkbx8-L01E tatsu-section    tatsu-clearfix\" data-title=\"\"  data-headerscheme=\"background--dark\"><div class='tatsu-section-pad clearfix' data-padding='{\"d\":\"31px 0px 30px 0px\"}' data-padding-top='31px'><div class=\"tatsu-row-wrap  tatsu-wrap tatsu-row-one-col tatsu-row-has-one-cols tatsu-medium-gutter tatsu-reg-cols  tatsu-clearfix tatsu-ryexL-IAJN\" ><div  class=\"tatsu-row\" ><div  class=\"tatsu-column  tatsu-column-no-bg tatsu-one-col tatsu-column-image-none tatsu-column-effect-none  tatsu-BkYRL80yN\"  data-parallax-speed=\"0\" style=\"\"><div class=\"tatsu-column-inner\" ><div class=\"tatsu-column-pad-wrap\"><div class=\"tatsu-column-pad\" ><div  class=\"tatsu-module tatsu-text-block-wrap tatsu-Sk4IZ80JN\"><div class=\"tatsu-text-inner tatsu-align-center  clearfix\" ><style>.tatsu-Sk4IZ80JN.tatsu-text-block-wrap .tatsu-text-inner{width: 100%;text-align: left;}.tatsu-Sk4IZ80JN.tatsu-text-block-wrap{margin: 0px 0px 10px 0px;}.tatsu-Sk4IZ80JN.tatsu-text-block-wrap .tatsu-text-inner *{font-size : 24px;}<\/style>\n<h2>Costs at an Event or Wedding Venue in Mallorca<\/h2>\n<\/div><\/div><div  class=\"tatsu-module tatsu-text-block-wrap tatsu-B1km8Axqlg\"><div class=\"tatsu-text-inner tatsu-align-center  clearfix\" ><style>.tatsu-B1km8Axqlg.tatsu-text-block-wrap .tatsu-text-inner{width: 100%;text-align: left;}.tatsu-B1km8Axqlg.tatsu-text-block-wrap .tatsu-text-inner *{font-size : 16px;}<\/style>\n<p>By wedding venue, we mean a dedicated event location that you rent specifically for your wedding. Similar to what is common in Germany. So, not a holiday finca. Such a wedding venue is not worthwhile for small weddings, but otherwise it can definitely be an attractive option. Often, as with the <a title=\"Finca Alaiar Mallorca\" href=\"\/en\/alaiar-mallorca-hochzeit\/\"><strong>Finca Alaiar<\/strong><\/a>, the operators take care of many things for you that you would otherwise have to pay extra for with a wedding planner. These costs are therefore eliminated, leaving you with at least \u20ac2000 to \u20ac4000 more in your budget.<\/p>\n<\/div><\/div><div  class=\"tatsu-module tatsu-text-block-wrap tatsu-Bk8uU0l5gx\"><div class=\"tatsu-text-inner tatsu-align-center  clearfix\" ><style>.tatsu-Bk8uU0l5gx.tatsu-text-block-wrap .tatsu-text-inner{width: 100%;text-align: left;}.tatsu-Bk8uU0l5gx.tatsu-text-block-wrap .tatsu-text-inner *{font-size : 16px;}<\/style>\n<p>Let\u2019s assume that you want to <strong>celebrate on a Saturday with 50 guests<\/strong>. Your wedding day begins with a <a title=\"Symbolic ceremony in Mallorca\" href=\"\/en\/freie-trauung-mallorca\/\"><strong>symbolic ceremony<\/strong><\/a>, followed by a champagne reception with finger food, later a wedding dinner, and a DJ for the nighttime party. Perhaps even a singer and guitarist for the ceremony and reception. Decoration, furniture, and service are also included in this calculation, so there won\u2019t be any unpleasant surprises. Variable costs might include transfers for your guests to and from the venue at night. Accommodation and travel expenses also need to be calculated separately, as they are too dependent on the season and the type of accommodation you prefer.<\/p>\n<\/div><\/div><ul class=\"pricing-table sec-border highlight-yes oshine-module be-animate tatsu-By4DVQlqph\" data-animation=\"none\"><li class=\"pricing-title\" ><h5 class=\"pricing-title-head-tag\" >Event Finca, 50 Guests<\/h5><\/li><li class=\"pricing-price\"><h2 class=\"price\"><span class=\"currency\">\u20ac<\/span>25.900<\/h2><span class=\"pricing-duration special-subtitle\">Overall<\/span><\/li><li class=\"pricing-feature no-highlight tatsu-BJwEQl5p3\" ><span class=\"pricing-feature-container\" >Location rental \u20ac5,000<\/span><\/li><li class=\"pricing-feature no-highlight tatsu-Sylw4QlcTh\" ><span class=\"pricing-feature-container\" >Chairs, Tables, Table Linens, Dishes, Cutlery \u20ac1,200<\/span><\/li><li class=\"pricing-feature no-highlight tatsu-HkWD4QecT3\" ><span class=\"pricing-feature-container\" >Wedding Decoration (Table Decor, Ceremony Setup, Bridal Bouquet) \u20ac2,800<\/span><\/li><li class=\"pricing-feature no-highlight tatsu-HyGvNQx5pn\" ><span class=\"pricing-feature-container\" >Catering (Tapas for the Reception, Bbq Menu for the Dinner) \u20ac5,500<\/span><\/li><li class=\"pricing-feature no-highlight tatsu-HkmPEQgca3\" ><span class=\"pricing-feature-container\" >Drinks (Champagne Reception, Dinner, Party) \u20ac3,000<\/span><\/li><li class=\"pricing-feature no-highlight tatsu-H1aA7xq63\" ><span class=\"pricing-feature-container\" >Service Staff \u20ac2,000<\/span><\/li><li class=\"pricing-feature no-highlight tatsu-SyTkVlcp3\" ><span class=\"pricing-feature-container\" >Wedding Officiant \u20ac1,200<\/span><\/li><li class=\"pricing-feature no-highlight tatsu-SytlVecTn\" ><span class=\"pricing-feature-container\" >DJ (Approx. 4\u20136 Hours) \u20ac1,500<\/span><\/li><li class=\"pricing-feature no-highlight tatsu-rkHZVecT2\" ><span class=\"pricing-feature-container\" >Photographer (6\u20138 hours) \u20ac2,500<\/span><\/li><li class=\"pricing-feature no-highlight tatsu-HkWfVxc62\" ><span class=\"pricing-feature-container\" >Live Music for the Ceremony and Reception \u20ac1,200<\/span><\/li><li class=\"pricing-feature highlight tatsu-ry9MNg9p2\" ><span class=\"pricing-feature-container\" >Price Per Person \u20ac518<\/span><style>.tatsu-ry9MNg9p2.pricing-feature{background-color: rgba(178,172,172,1);}.tatsu-ry9MNg9p2 .pricing-feature-container{color: rgba(0,0,0,1) ;}<\/style><\/li><style>.tatsu-By4DVQlqph .pricing-title{background-color: rgba(45,97,159,1);}.tatsu-By4DVQlqph .pricing-title-head-tag{color: #ffffff ;}<\/style><\/ul><\/div><\/div><div class = \"tatsu-column-bg-image-wrap\"><div class = \"tatsu-column-bg-image\" ><\/div><\/div><\/div><style>.tatsu-row > .tatsu-BkYRL80yN.tatsu-column{width: 100%;}.tatsu-BkYRL80yN.tatsu-column > .tatsu-column-inner > .tatsu-column-overlay{mix-blend-mode: none;}.tatsu-BkYRL80yN > .tatsu-column-inner > .tatsu-top-divider{z-index: 9999;}.tatsu-BkYRL80yN > .tatsu-column-inner > .tatsu-bottom-divider{z-index: 9999;}.tatsu-BkYRL80yN > .tatsu-column-inner > .tatsu-left-divider{z-index: 9999;}.tatsu-BkYRL80yN > .tatsu-column-inner > .tatsu-right-divider{z-index: 9999;}@media only screen and (max-width:1377px) {.tatsu-row > .tatsu-BkYRL80yN.tatsu-column{width: 100%;}}@media only screen and (min-width:768px) and (max-width: 1024px) {.tatsu-row > .tatsu-BkYRL80yN.tatsu-column{width: 100%;}}@media only screen and (max-width: 767px) {.tatsu-row > .tatsu-BkYRL80yN.tatsu-column{width: 100%;}}<\/style><\/div><\/div><\/div><\/div><div class=\"tatsu-section-background-wrap\"><div class = \"tatsu-section-background\" ><\/div><\/div><style>.tatsu-Bkbx8-L01E .tatsu-section-pad{padding: 31px 0px 30px 0px;}.tatsu-Bkbx8-L01E > .tatsu-bottom-divider{z-index: 9999;}.tatsu-Bkbx8-L01E > .tatsu-top-divider{z-index: 9999;}<\/style><\/div><div  class=\"tatsu-B1ZBBQLAkN tatsu-section    tatsu-clearfix\" data-title=\"\"  data-headerscheme=\"background--dark\"><div class='tatsu-section-pad clearfix' data-padding='{\"d\":\"0px 0px 29px 0px\"}' data-padding-top='0px'><div class=\"tatsu-row-wrap  tatsu-wrap tatsu-row-one-col tatsu-row-has-one-cols tatsu-medium-gutter tatsu-reg-cols  tatsu-clearfix tatsu-BJxrSQU0JV\" ><div  class=\"tatsu-row\" ><div  class=\"tatsu-column  tatsu-column-no-bg tatsu-one-col tatsu-column-image-none tatsu-column-effect-none  tatsu-BkBBmIC1N\"  data-parallax-speed=\"0\" style=\"\"><div class=\"tatsu-column-inner\" ><div class=\"tatsu-column-pad-wrap\"><div class=\"tatsu-column-pad\" ><div  class=\"portfolio-all-wrap  oshine-gallery-module hover-icon-no-show tatsu-rymUXLRyE\" ><div class=\"portfolio  full-screen  full-screen-gutter style2-gutter three-col masonry_enable\" style=\"margin-left: -10px;\"  data-action=\"get_be_gallery_with_pagination\"  data-paged=\"1\" data-enable-masonry=\"1\" data-aspect-ratio = \"1.6\" data-source='{\"source\":\"selected\",\"account_name\":\"themeforest\",\"count\":\"10\",\"col\":\"three\",\"masonry\":\"1\"}' data-gutter-width=\"10\"  data-images-array=\"20981,20979,15949\" data-col=\"three\" data-items-per-load=\"9\" data-hover-style=\"style1-hover\" data-image-grayscale=\"c_to_c\" data-lightbox-type=\"photoswipe\" data-image-source=\"selected\" data-image-effect=\"none\" data-thumb-overlay-color=\"rgba(255,255,255,0)\" data-grad-style-color=\"background:rgba(255,255,255,0)\" data-like-button=\"1\" data-hover-content=\"none\" data-hover-content-color=\"\" ><div class=\"portfolio-container clickable clearfix portfolio-shortcode be-photoswipe-gallery scale\"><div class=\"element be-hoverlay not-wide no-wide-width-height style1-hover c_to_c\" style=\"margin-bottom: 10px;\"><div class=\"element-inner\" style=\"margin-left: 10px;\"><a href=\"https:\/\/lps-photography.de\/wp-content\/uploads\/2023\/07\/Alaiar-Hochzeit-Mallorca-8.jpg\" data-size=\"1600x1067\" data-href=\"https:\/\/lps-photography.de\/wp-content\/uploads\/2023\/07\/Alaiar-Hochzeit-Mallorca-8.jpg\" class=\"thumb-wrap\" title=\"Alaiar Mallorca Hochzeit\"><div class=\"flip-wrap\"><div data-aspect-ratio=\"1.5\" style = \"padding-bottom : 66.6875%;;\" class=\"flip-img-wrap none-effect\"><img decoding=\"async\" src=\"https:\/\/lps-photography.de\/wp-content\/uploads\/2023\/07\/Alaiar-Hochzeit-Mallorca-8-650x433.jpg\" alt=\"Alaiar Mallorca Hochzeit\" data-attr=\"0\"\/><\/div><\/div><div class=\"thumb-overlay\"><div class=\"thumb-bg\" style=\"background-color:rgba(255,255,255,0);background:rgba(255,255,255,0)\"><div class=\"thumb-title-wrap display-table-cell vertical-align-middle align-center fadeIn animated\"><div class=\"thumb-title\" style=\"color:;\"><i class=\"portfolio-overlay-icon\"><\/i><\/div><\/div><\/div><\/div><\/a><\/div><\/div><div class=\"element be-hoverlay not-wide no-wide-width-height style1-hover c_to_c\" style=\"margin-bottom: 10px;\"><div class=\"element-inner\" style=\"margin-left: 10px;\"><a href=\"https:\/\/lps-photography.de\/wp-content\/uploads\/2023\/07\/Alaiar-Hochzeit-Mallorca-6.jpg\" data-size=\"1600x1065\" data-href=\"https:\/\/lps-photography.de\/wp-content\/uploads\/2023\/07\/Alaiar-Hochzeit-Mallorca-6.jpg\" class=\"thumb-wrap\" title=\"Alaiar Mallorca Hochzeit\"><div class=\"flip-wrap\"><div data-aspect-ratio=\"1.5\" style = \"padding-bottom : 66.5625%;;\" class=\"flip-img-wrap none-effect\"><img decoding=\"async\" src=\"https:\/\/lps-photography.de\/wp-content\/uploads\/2023\/07\/Alaiar-Hochzeit-Mallorca-6-650x433.jpg\" alt=\"Alaiar Mallorca Hochzeit\" data-attr=\"0\"\/><\/div><\/div><div class=\"thumb-overlay\"><div class=\"thumb-bg\" style=\"background-color:rgba(255,255,255,0);background:rgba(255,255,255,0)\"><div class=\"thumb-title-wrap display-table-cell vertical-align-middle align-center fadeIn animated\"><div class=\"thumb-title\" style=\"color:;\"><i class=\"portfolio-overlay-icon\"><\/i><\/div><\/div><\/div><\/div><\/a><\/div><\/div><div class=\"element be-hoverlay not-wide no-wide-width-height style1-hover c_to_c\" style=\"margin-bottom: 10px;\"><div class=\"element-inner\" style=\"margin-left: 10px;\"><a href=\"https:\/\/lps-photography.de\/wp-content\/uploads\/2022\/11\/Alaiar-Mallorca-Hochzeit-30.jpg\" data-size=\"1600x1067\" data-href=\"https:\/\/lps-photography.de\/wp-content\/uploads\/2022\/11\/Alaiar-Mallorca-Hochzeit-30.jpg\" class=\"thumb-wrap\" title=\"alaiar mallorca hochzeit 30\"><div class=\"flip-wrap\"><div data-aspect-ratio=\"1.5\" style = \"padding-bottom : 66.6875%;;\" class=\"flip-img-wrap none-effect\"><img decoding=\"async\" src=\"https:\/\/lps-photography.de\/wp-content\/uploads\/2022\/11\/Alaiar-Mallorca-Hochzeit-30-650x433.jpg\" alt=\"alaiar mallorca hochzeit 30\" data-attr=\"0\"\/><\/div><\/div><div class=\"thumb-overlay\"><div class=\"thumb-bg\" style=\"background-color:rgba(255,255,255,0);background:rgba(255,255,255,0)\"><div class=\"thumb-title-wrap display-table-cell vertical-align-middle align-center fadeIn animated\"><div class=\"thumb-title\" style=\"color:;\"><i class=\"portfolio-overlay-icon\"><\/i><\/div><\/div><\/div><\/div><\/a><\/div><\/div><\/div><\/div><\/div><div  class=\"tatsu-empty-space  tatsu-SJmO1Glcee\" ><style>.tatsu-SJmO1Glcee.tatsu-empty-space{height: 10px;}<\/style><\/div><div  class=\"tatsu-module tatsu-text-block-wrap tatsu-B1uAI-863\"><div class=\"tatsu-text-inner tatsu-align-center  clearfix\" ><style>.tatsu-B1uAI-863.tatsu-text-block-wrap .tatsu-text-inner{width: 100%;text-align: left;}.tatsu-B1uAI-863.tatsu-text-block-wrap{margin: 10px 0px 10px 0px;}.tatsu-B1uAI-863.tatsu-text-block-wrap .tatsu-text-inner *{font-size : 24px;}<\/style>\n<h2>Costs of a Wedding with Sea View<\/h2>\n<\/div><\/div><div  class=\"tatsu-module tatsu-text-block-wrap tatsu-S1uK8Rlcge\"><div class=\"tatsu-text-inner tatsu-align-center  clearfix\" ><style>.tatsu-S1uK8Rlcge.tatsu-text-block-wrap .tatsu-text-inner{width: 100%;text-align: left;}.tatsu-S1uK8Rlcge.tatsu-text-block-wrap .tatsu-text-inner *{font-size : 16px;}<\/style>\n<p>Mallorca offers many venues, but not quite as many along the coast. Hotels often stand in the way. However, if you want to celebrate a wedding by the sea, there are some great restaurants depending on the size of your group. In this example, I calculated a wedding at the <a title=\"Tr\u00e4umeria Son Moll Wedding on Cloud 7 in Cala Ratjada\" href=\"\/en\/traeumeria-son-moll-hochzeit-auf-wolke-7\/\"><strong>Tr\u00e4umeria Son Moll<\/strong><\/a> in Cala Ratjada.<\/p>\n<\/div><\/div><div  class=\"tatsu-module tatsu-text-block-wrap tatsu-rJsTIRlqgl\"><div class=\"tatsu-text-inner tatsu-align-center  clearfix\" ><style>.tatsu-rJsTIRlqgl.tatsu-text-block-wrap .tatsu-text-inner{width: 100%;text-align: left;}.tatsu-rJsTIRlqgl.tatsu-text-block-wrap .tatsu-text-inner *{font-size : 16px;}<\/style>\n<p>On the beautiful rooftop terrace &#8220;Cloud 7,&#8221; you have a dreamy view and excellent food, service, and decoration provided directly by the venue. The schedule could look like this: Your guests arrive in the afternoon for a welcome drink, shortly after move to the rooftop terrace for a symbolic ceremony. Afterwards, there is a champagne reception with finger food in the garden, followed by a wedding dinner with 8-course flying tapas on the rooftop terrace and a wedding cake. If you want to continue the party afterwards, you would need to change locations, as music is only allowed on the terrace until around midnight. Assuming again 50 guests on a Saturday, the all-inclusive costs would be as follows:<\/p>\n<\/div><\/div><ul class=\"pricing-table sec-border highlight-yes oshine-module be-animate tatsu-ryQkvl56h\" data-animation=\"none\"><li class=\"pricing-title\" ><h5 class=\"pricing-title-head-tag\" >Seaside Restaurant, 50 Guests<\/h5><\/li><li class=\"pricing-price\"><h2 class=\"price\"><span class=\"currency\">\u20ac<\/span>16.450<\/h2><span class=\"pricing-duration special-subtitle\">Overall<\/span><\/li><li class=\"pricing-feature no-highlight tatsu-SklXJvx563\" ><span class=\"pricing-feature-container\" >Venue Rental Included<\/span><\/li><li class=\"pricing-feature no-highlight tatsu-Hy-XkDx5pn\" ><span class=\"pricing-feature-container\" >Food (Finger Food for the Champagne Reception, Dinner Menu, Wedding Cake)<\/span><\/li><li class=\"pricing-feature no-highlight tatsu-BJMmkPlqph\" ><span class=\"pricing-feature-container\" >Drinks (Wine, Champagne, Beer, Soft Drinks, Water, Coffee, Cocktail Selection)<\/span><\/li><li class=\"pricing-feature no-highlight tatsu-ryNQ1Dx5p3\" ><span class=\"pricing-feature-container\" >Service<\/span><\/li><li class=\"pricing-feature no-highlight tatsu-SkHmyvx96n\" ><span class=\"pricing-feature-container\" >Ceremony Decoration, Table Decor, Bridal Bouquet, Groom\u2019s Boutonniere, Menu Cards<\/span><\/li><li class=\"pricing-feature no-highlight tatsu-rJUXyPxcTh\" ><span class=\"pricing-feature-container\" >All Together (!) for a Total of \u20ac12,450<\/span><\/li><li class=\"pricing-feature no-highlight tatsu-SkP71wx96h\" ><span class=\"pricing-feature-container\" >Wedding Officiant \u20ac1,200<\/span><\/li><li class=\"pricing-feature no-highlight tatsu-Syd7JPgq6n\" ><span class=\"pricing-feature-container\" >Photographer (6 hours) \u20ac2,000<\/span><\/li><li class=\"pricing-feature no-highlight tatsu-H1t71Dec62\" ><span class=\"pricing-feature-container\" >Singer or Saxophonist for the Ceremony \u20ac800<\/span><\/li><li class=\"pricing-feature highlight tatsu-Sy5QJvxqpn\" ><span class=\"pricing-feature-container\" >Price Per Person \u20ac329<\/span><style>.tatsu-Sy5QJvxqpn.pricing-feature{background-color: rgba(178,172,172,1);}.tatsu-Sy5QJvxqpn .pricing-feature-container{color: rgba(0,0,0,1) ;}<\/style><\/li><style>.tatsu-ryQkvl56h .pricing-title{background-color: rgba(45,97,159,1);}.tatsu-ryQkvl56h .pricing-title-head-tag{color: #ffffff ;}<\/style><\/ul><div  class=\"portfolio-all-wrap  oshine-gallery-module hover-icon-no-show tatsu-SJ6EUecT3\" ><div class=\"portfolio  full-screen  full-screen-gutter style2-gutter three-col masonry_enable\" style=\"margin-left: -10px;\"  data-action=\"get_be_gallery_with_pagination\"  data-paged=\"1\" data-enable-masonry=\"1\" data-aspect-ratio = \"1.6\" data-source='{\"source\":\"selected\",\"account_name\":\"themeforest\",\"count\":\"10\",\"col\":\"three\",\"masonry\":\"1\"}' data-gutter-width=\"10\"  data-images-array=\"21997,21069,21040\" data-col=\"three\" data-items-per-load=\"9\" data-hover-style=\"style1-hover\" data-image-grayscale=\"c_to_c\" data-lightbox-type=\"photoswipe\" data-image-source=\"selected\" data-image-effect=\"none\" data-thumb-overlay-color=\"rgba(255,255,255,0)\" data-grad-style-color=\"background:rgba(255,255,255,0)\" data-like-button=\"1\" data-hover-content=\"none\" data-hover-content-color=\"\" ><div class=\"portfolio-container clickable clearfix portfolio-shortcode be-photoswipe-gallery scale\"><div class=\"element be-hoverlay not-wide no-wide-width-height style1-hover c_to_c\" style=\"margin-bottom: 10px;\"><div class=\"element-inner\" style=\"margin-left: 10px;\"><a href=\"https:\/\/lps-photography.de\/wp-content\/uploads\/2023\/08\/Traeumeria-Son-Moll-Cala-Ratjada-8.jpg\" data-size=\"1600x1067\" data-href=\"https:\/\/lps-photography.de\/wp-content\/uploads\/2023\/08\/Traeumeria-Son-Moll-Cala-Ratjada-8.jpg\" class=\"thumb-wrap\" title=\"hochzeit in der traeumeria son moll wolke 7 auf mallorca | l\"><div class=\"flip-wrap\"><div data-aspect-ratio=\"1.5\" style = \"padding-bottom : 66.6875%;;\" class=\"flip-img-wrap none-effect\"><img decoding=\"async\" src=\"https:\/\/lps-photography.de\/wp-content\/uploads\/2023\/08\/Traeumeria-Son-Moll-Cala-Ratjada-8-650x433.jpg\" alt=\"hochzeit in der traeumeria son moll wolke 7 auf mallorca | l\" data-attr=\"0\"\/><\/div><\/div><div class=\"thumb-overlay\"><div class=\"thumb-bg\" style=\"background-color:rgba(255,255,255,0);background:rgba(255,255,255,0)\"><div class=\"thumb-title-wrap display-table-cell vertical-align-middle align-center fadeIn animated\"><div class=\"thumb-title\" style=\"color:;\"><i class=\"portfolio-overlay-icon\"><\/i><\/div><\/div><\/div><\/div><\/a><\/div><\/div><div class=\"element be-hoverlay not-wide no-wide-width-height style1-hover c_to_c\" style=\"margin-bottom: 10px;\"><div class=\"element-inner\" style=\"margin-left: 10px;\"><a href=\"https:\/\/lps-photography.de\/wp-content\/uploads\/2023\/07\/Wolke-7-traeumeria-Son-Moll-Mallorca-33.jpg\" data-size=\"1600x1065\" data-href=\"https:\/\/lps-photography.de\/wp-content\/uploads\/2023\/07\/Wolke-7-traeumeria-Son-Moll-Mallorca-33.jpg\" class=\"thumb-wrap\" title=\"Eine Gruppe von Menschen sitzt vor einem Tisch mit einem wei\u00dfen Blumenarrangement und blickt auf einen strahlend blauen Ozean mit Booten in der Ferne - eine atemberaubende Hochzeit auf Mallorca, aufgenommen von einem Hochzeitsfotografen Mallorca an einem sonnigen Tag.\"><div class=\"flip-wrap\"><div data-aspect-ratio=\"1.5\" style = \"padding-bottom : 66.5625%;;\" class=\"flip-img-wrap none-effect\"><img decoding=\"async\" src=\"https:\/\/lps-photography.de\/wp-content\/uploads\/2023\/07\/Wolke-7-traeumeria-Son-Moll-Mallorca-33-650x433.jpg\" alt=\"Eine Gruppe von Menschen sitzt vor einem Tisch mit einem wei\u00dfen Blumenarrangement und blickt auf einen strahlend blauen Ozean mit Booten in der Ferne - eine atemberaubende Hochzeit auf Mallorca, aufgenommen von einem Hochzeitsfotografen Mallorca an einem sonnigen Tag.\" data-attr=\"0\"\/><\/div><\/div><div class=\"thumb-overlay\"><div class=\"thumb-bg\" style=\"background-color:rgba(255,255,255,0);background:rgba(255,255,255,0)\"><div class=\"thumb-title-wrap display-table-cell vertical-align-middle align-center fadeIn animated\"><div class=\"thumb-title\" style=\"color:;\"><i class=\"portfolio-overlay-icon\"><\/i><\/div><\/div><\/div><\/div><\/a><\/div><\/div><div class=\"element be-hoverlay not-wide no-wide-width-height style1-hover c_to_c\" style=\"margin-bottom: 10px;\"><div class=\"element-inner\" style=\"margin-left: 10px;\"><a href=\"https:\/\/lps-photography.de\/wp-content\/uploads\/2023\/07\/Wolke-7-traeumeria-Son-Moll-Mallorca-40.jpg\" data-size=\"1600x1067\" data-href=\"https:\/\/lps-photography.de\/wp-content\/uploads\/2023\/07\/Wolke-7-traeumeria-Son-Moll-Mallorca-40.jpg\" class=\"thumb-wrap\" title=\"Eine Hochzeitszeremonie am Meer auf Mallorca, mit einem l\u00e4chelnden Zeremonienmeister unter einem Blumenbogen. Die Braut und der Br\u00e4utigam sitzen auf verzierten St\u00fchlen mit der Aufschrift \"Bride and Groom\", w\u00e4hrend die G\u00e4ste zusehen - perfekt f\u00fcr jede Hochzeit auf Mallorca, von einem erfahrenen Hochzeitsfotografen Mallorca festgehalten wurde.\"><div class=\"flip-wrap\"><div data-aspect-ratio=\"1.5\" style = \"padding-bottom : 66.6875%;;\" class=\"flip-img-wrap none-effect\"><img decoding=\"async\" src=\"https:\/\/lps-photography.de\/wp-content\/uploads\/2023\/07\/Wolke-7-traeumeria-Son-Moll-Mallorca-40-650x433.jpg\" alt=\"Eine Hochzeitszeremonie am Meer auf Mallorca, mit einem l\u00e4chelnden Zeremonienmeister unter einem Blumenbogen. Die Braut und der Br\u00e4utigam sitzen auf verzierten St\u00fchlen mit der Aufschrift \"Bride and Groom\", w\u00e4hrend die G\u00e4ste zusehen - perfekt f\u00fcr jede Hochzeit auf Mallorca, von einem erfahrenen Hochzeitsfotografen Mallorca festgehalten wurde.\" data-attr =0\/><\/div><\/div><div class=\"thumb-overlay\"><div class=\"thumb-bg\" style=\"background-color:rgba(255,255,255,0);background:rgba(255,255,255,0)\"><div class=\"thumb-title-wrap display-table-cell vertical-align-middle align-center fadeIn animated\"><div class=\"thumb-title\" style=\"color:;\"><i class=\"portfolio-overlay-icon\"><\/i><\/div><\/div><\/div><\/div><\/a><\/div><\/div><\/div><\/div><\/div><div  class=\"tatsu-empty-space  tatsu-Sk-HZMe5lg\" ><style>.tatsu-Sk-HZMe5lg.tatsu-empty-space{height: 10px;}<\/style><\/div><div  class=\"tatsu-module tatsu-text-block-wrap tatsu-Skq7t-Lan\"><div class=\"tatsu-text-inner tatsu-align-center  clearfix\" ><style>.tatsu-Skq7t-Lan.tatsu-text-block-wrap .tatsu-text-inner{width: 100%;text-align: left;}.tatsu-Skq7t-Lan.tatsu-text-block-wrap{margin: 10px 0px 10px 0px;}.tatsu-Skq7t-Lan.tatsu-text-block-wrap .tatsu-text-inner *{font-size : 24px;}<\/style>\n<h2>Costs of a Finca Wedding in Mallorca<\/h2>\n<\/div><\/div><div  class=\"tatsu-module tatsu-text-block-wrap tatsu-S1EePAlqel\"><div class=\"tatsu-text-inner tatsu-align-center  clearfix\" ><style>.tatsu-S1EePAlqel.tatsu-text-block-wrap .tatsu-text-inner{width: 100%;text-align: left;}.tatsu-S1EePAlqel.tatsu-text-block-wrap{margin: 0px 0px 20px 0px;}.tatsu-S1EePAlqel.tatsu-text-block-wrap .tatsu-text-inner *{font-size : 16px;}<\/style>\n<p>If you want to get married at one of the island\u2019s beautiful fincas, the budget is very individual. Prices vary greatly, and the equipment and amenities on site can differ significantly. Additionally, more decoration is often needed for your wedding, although some fincas already provide part of it. To give you some insight for planning your finca wedding, here is a complete list. For a change, we\u2019ll base this on a smaller group and plan your wedding with 30 guests. Considering the minimum rental duration of most fincas, everyone will need to take time off anyway for the rental to be worthwhile. This means we are only calculating your accommodation costs as the couple and the event fee. Your guests would, in most cases, pay for their own accommodation themselves. You can also get married during the week, which allows some vendors to offer smaller packages.<\/p>\n<\/div><\/div><div  class=\"tatsu-module tatsu-text-block-wrap tatsu-HkmGvRxcxg\"><div class=\"tatsu-text-inner tatsu-align-center  clearfix\" ><style>.tatsu-HkmGvRxcxg.tatsu-text-block-wrap .tatsu-text-inner{width: 100%;text-align: left;}.tatsu-HkmGvRxcxg.tatsu-text-block-wrap .tatsu-text-inner *{font-size : 16px;}<\/style>\n<p>A typical finca, where probably almost every week a wedding takes place, is Ses Voltes <em>(also found under different names in any wedding planner\u2019s portfolio)<\/em>. It costs \u20ac1,600\/day and must be booked for at least seven days <strong>(from November to April, it\u2019s only \u20ac1,000\/night)<\/strong>. With 8 bedrooms, that would be \u20ac1,400 for you, including a week\u2019s stay. In addition, you must pay an event fee of \u20ac600. This is relatively inexpensive and can be significantly higher at other fincas (up to \u20ac4,500 in the most expensive examples). Your caterer must, of course, bring everything (and take it away afterward), from chairs to napkins.<\/p>\n<\/div><\/div><ul class=\"pricing-table sec-border highlight-yes oshine-module be-animate tatsu-SkXbrlcah\" data-animation=\"none\"><li class=\"pricing-title\" ><h5 class=\"pricing-title-head-tag\" >Holiday Finca, 30 Guests<\/h5><\/li><li class=\"pricing-price\"><h2 class=\"price\"><span class=\"currency\">\u20ac<\/span>14.300<\/h2><span class=\"pricing-duration special-subtitle\">Overall<\/span><\/li><li class=\"pricing-feature no-highlight tatsu-rJlX-reqp3\" ><span class=\"pricing-feature-container\" >Venue Rental Including Accommodation \u20ac2,000<\/span><\/li><li class=\"pricing-feature no-highlight tatsu-r1bQZHlc63\" ><span class=\"pricing-feature-container\" >Food \u20ac4,000<\/span><\/li><li class=\"pricing-feature no-highlight tatsu-H1fX-rxqTn\" ><span class=\"pricing-feature-container\" >Beverages \u20ac1,800<\/span><\/li><li class=\"pricing-feature no-highlight tatsu-SkX7ZBecph\" ><span class=\"pricing-feature-container\" >Service \u20ac800<\/span><\/li><li class=\"pricing-feature no-highlight tatsu-SJ4X-HlcTn\" ><span class=\"pricing-feature-container\" >Furniture and Decoration (Tables, Chairs, Wedding Arch, Dishes, Glasses, Cutlery, Etc.) \u20ac2,500<\/span><\/li><li class=\"pricing-feature no-highlight tatsu-HyUX-Hg9Th\" ><span class=\"pricing-feature-container\" >Wedding Officiant \u20ac1,200<\/span><\/li><li class=\"pricing-feature no-highlight tatsu-Skd7bBl96h\" ><span class=\"pricing-feature-container\" >Photographer (3 hours) \u20ac1,200<\/span><\/li><li class=\"pricing-feature no-highlight tatsu-HktQ-Bxcp3\" ><span class=\"pricing-feature-container\" >Singer or Saxophonist for the Ceremony \u20ac800<\/span><\/li><li class=\"pricing-feature highlight tatsu-SJ5mZHg9T3\" ><span class=\"pricing-feature-container\" >Price Per Person \u20ac476<\/span><style>.tatsu-SJ5mZHg9T3.pricing-feature{background-color: rgba(178,172,172,1);}.tatsu-SJ5mZHg9T3 .pricing-feature-container{color: rgba(0,0,0,1) ;}<\/style><\/li><style>.tatsu-SkXbrlcah .pricing-title{background-color: rgba(45,97,159,1);}.tatsu-SkXbrlcah .pricing-title-head-tag{color: #ffffff ;}<\/style><\/ul><div  class=\"portfolio-all-wrap  oshine-gallery-module hover-icon-no-show tatsu-Sks5Pe9T3\" ><div class=\"portfolio  full-screen  full-screen-gutter style2-gutter three-col masonry_enable\" style=\"margin-left: -10px;\"  data-action=\"get_be_gallery_with_pagination\"  data-paged=\"1\" data-enable-masonry=\"1\" data-aspect-ratio = \"1.6\" data-source='{\"source\":\"selected\",\"account_name\":\"themeforest\",\"count\":\"10\",\"col\":\"three\",\"masonry\":\"1\"}' data-gutter-width=\"10\"  data-images-array=\"21925,21879,21896\" data-col=\"three\" data-items-per-load=\"9\" data-hover-style=\"style1-hover\" data-image-grayscale=\"c_to_c\" data-lightbox-type=\"photoswipe\" data-image-source=\"selected\" data-image-effect=\"none\" data-thumb-overlay-color=\"rgba(255,255,255,0)\" data-grad-style-color=\"background:rgba(255,255,255,0)\" data-like-button=\"1\" data-hover-content=\"none\" data-hover-content-color=\"\" ><div class=\"portfolio-container clickable clearfix portfolio-shortcode be-photoswipe-gallery scale\"><div class=\"element be-hoverlay not-wide no-wide-width-height style1-hover c_to_c\" style=\"margin-bottom: 10px;\"><div class=\"element-inner\" style=\"margin-left: 10px;\"><a href=\"https:\/\/lps-photography.de\/wp-content\/uploads\/2023\/08\/Finca-Santa-Lucia-Mallorca-Binissalem-Hochzeit-49.jpg\" data-size=\"1600x1067\" data-href=\"https:\/\/lps-photography.de\/wp-content\/uploads\/2023\/08\/Finca-Santa-Lucia-Mallorca-Binissalem-Hochzeit-49.jpg\" class=\"thumb-wrap\" title=\"isi und sascha\"><div class=\"flip-wrap\"><div data-aspect-ratio=\"1.5\" style = \"padding-bottom : 66.6875%;;\" class=\"flip-img-wrap none-effect\"><img decoding=\"async\" src=\"https:\/\/lps-photography.de\/wp-content\/uploads\/2023\/08\/Finca-Santa-Lucia-Mallorca-Binissalem-Hochzeit-49-650x433.jpg\" alt=\"isi und sascha\" data-attr=\"0\"\/><\/div><\/div><div class=\"thumb-overlay\"><div class=\"thumb-bg\" style=\"background-color:rgba(255,255,255,0);background:rgba(255,255,255,0)\"><div class=\"thumb-title-wrap display-table-cell vertical-align-middle align-center fadeIn animated\"><div class=\"thumb-title\" style=\"color:;\"><i class=\"portfolio-overlay-icon\"><\/i><\/div><\/div><\/div><\/div><\/a><\/div><\/div><div class=\"element be-hoverlay not-wide no-wide-width-height style1-hover c_to_c\" style=\"margin-bottom: 10px;\"><div class=\"element-inner\" style=\"margin-left: 10px;\"><a href=\"https:\/\/lps-photography.de\/wp-content\/uploads\/2023\/08\/Finca-Santa-Lucia-Mallorca-Binissalem-Hochzeit-3.jpg\" data-size=\"1600x1067\" data-href=\"https:\/\/lps-photography.de\/wp-content\/uploads\/2023\/08\/Finca-Santa-Lucia-Mallorca-Binissalem-Hochzeit-3.jpg\" class=\"thumb-wrap\" title=\"isi und sascha\"><div class=\"flip-wrap\"><div data-aspect-ratio=\"1.5\" style = \"padding-bottom : 66.6875%;;\" class=\"flip-img-wrap none-effect\"><img decoding=\"async\" src=\"https:\/\/lps-photography.de\/wp-content\/uploads\/2023\/08\/Finca-Santa-Lucia-Mallorca-Binissalem-Hochzeit-3-650x433.jpg\" alt=\"isi und sascha\" data-attr=\"0\"\/><\/div><\/div><div class=\"thumb-overlay\"><div class=\"thumb-bg\" style=\"background-color:rgba(255,255,255,0);background:rgba(255,255,255,0)\"><div class=\"thumb-title-wrap display-table-cell vertical-align-middle align-center fadeIn animated\"><div class=\"thumb-title\" style=\"color:;\"><i class=\"portfolio-overlay-icon\"><\/i><\/div><\/div><\/div><\/div><\/a><\/div><\/div><div class=\"element be-hoverlay not-wide no-wide-width-height style1-hover c_to_c\" style=\"margin-bottom: 10px;\"><div class=\"element-inner\" style=\"margin-left: 10px;\"><a href=\"https:\/\/lps-photography.de\/wp-content\/uploads\/2023\/08\/Finca-Santa-Lucia-Mallorca-Binissalem-Hochzeit-20.jpg\" data-size=\"1600x1067\" data-href=\"https:\/\/lps-photography.de\/wp-content\/uploads\/2023\/08\/Finca-Santa-Lucia-Mallorca-Binissalem-Hochzeit-20.jpg\" class=\"thumb-wrap\" title=\"isi und sascha\"><div class=\"flip-wrap\"><div data-aspect-ratio=\"1.5\" style = \"padding-bottom : 66.6875%;;\" class=\"flip-img-wrap none-effect\"><img decoding=\"async\" src=\"https:\/\/lps-photography.de\/wp-content\/uploads\/2023\/08\/Finca-Santa-Lucia-Mallorca-Binissalem-Hochzeit-20-650x433.jpg\" alt=\"isi und sascha\" data-attr=\"0\"\/><\/div><\/div><div class=\"thumb-overlay\"><div class=\"thumb-bg\" style=\"background-color:rgba(255,255,255,0);background:rgba(255,255,255,0)\"><div class=\"thumb-title-wrap display-table-cell vertical-align-middle align-center fadeIn animated\"><div class=\"thumb-title\" style=\"color:;\"><i class=\"portfolio-overlay-icon\"><\/i><\/div><\/div><\/div><\/div><\/a><\/div><\/div><\/div><\/div><\/div><div  class=\"tatsu-empty-space  tatsu-SyYAMzlcxg\" ><style>.tatsu-SyYAMzlcxg.tatsu-empty-space{height: 30px;}<\/style><\/div><div  class=\"tatsu-module tatsu-text-block-wrap tatsu-Hk3v9-LT3\"><div class=\"tatsu-text-inner tatsu-align-center  clearfix\" ><style>.tatsu-Hk3v9-LT3.tatsu-text-block-wrap .tatsu-text-inner{width: 100%;text-align: left;}.tatsu-Hk3v9-LT3.tatsu-text-block-wrap .tatsu-text-inner *{font-size : 16px;}<\/style>\n<blockquote>\n<p>Many brides in Mallorca also book a stylist for hair and makeup on the wedding day. On average, you can expect to budget around \u20ac800 for this.<\/p>\n<\/blockquote>\n<\/div><\/div><div  class=\"tatsu-module tatsu-text-block-wrap tatsu-BJvN7Mxqxg\"><div class=\"tatsu-text-inner tatsu-align-center  clearfix\" ><style>.tatsu-BJvN7Mxqxg.tatsu-text-block-wrap .tatsu-text-inner{width: 100%;text-align: left;}.tatsu-BJvN7Mxqxg.tatsu-text-block-wrap{margin: 0px 0px 10px 0px;}.tatsu-BJvN7Mxqxg.tatsu-text-block-wrap .tatsu-text-inner *{font-size : 24px;}<\/style>\n<h2>Conclusion: Wedding Costs in Mallorca<\/h2>\n<\/div><\/div><div  class=\"tatsu-module tatsu-text-block-wrap tatsu-Syg4DRgclx\"><div class=\"tatsu-text-inner tatsu-align-center  clearfix\" ><style>.tatsu-Syg4DRgclx.tatsu-text-block-wrap .tatsu-text-inner{width: 100%;text-align: left;}.tatsu-Syg4DRgclx.tatsu-text-block-wrap .tatsu-text-inner *{font-size : 16px;}<\/style>\n<p>Every wedding is different, of course. I hope, however, that I was able to give you a first impression of what you need for your wedding in Mallorca and what exactly is included in the price. The price per person at the caterer also naturally varies depending on how many children are present. I have not included them here (for simplicity). And of course, you can find each individual item at significantly higher (and lower) prices. However, the calculation already includes <strong>really good colleagues from all professions<\/strong>. If the costs of a wedding in Mallorca have not discouraged you, I wish you lots of fun searching for your dream location &#8211; and I am happy to answer any further questions about getting married in Mallorca!<\/p>\n<\/div><\/div><div  class=\"tatsu-module tatsu-text-block-wrap tatsu-SkV2ctLqh\"><div class=\"tatsu-text-inner tatsu-align-center  clearfix\" ><style>.tatsu-SkV2ctLqh.tatsu-text-block-wrap .tatsu-text-inner{width: 100%;text-align: center;}.tatsu-SkV2ctLqh.tatsu-text-block-wrap{margin: 0px 0px 10px 0px;}.tatsu-SkV2ctLqh.tatsu-text-block-wrap .tatsu-text-inner *{font-size : 20px;}<\/style>\n<h3>Convinced by a Wedding in Mallorca?<\/h3>\n<\/div><\/div><div  class=\"tatsu-module tatsu-text-block-wrap tatsu-B11DvCxqxe\"><div class=\"tatsu-text-inner tatsu-align-center  clearfix\" ><style>.tatsu-B11DvCxqxe.tatsu-text-block-wrap .tatsu-text-inner{width: 100%;text-align: center;}.tatsu-B11DvCxqxe.tatsu-text-block-wrap{margin: 0px 0px 20px 0px;}.tatsu-B11DvCxqxe.tatsu-text-block-wrap .tatsu-text-inner *{font-size : 16px;}<\/style>\n<p>Feel free to contact me if you are looking for a wedding photographer on the island or simply have questions about getting married in Mallorca.<\/p>\n<\/div><\/div><div  class=\"tatsu-module tatsu-normal-button tatsu-button-wrap align-block block-center  tatsu-rke4_bHj3\"><a class=\"tatsu-shortcode mediumbtn tatsu-button left-icon rounded   bg-animation-none\" href=\"https:\/\/lps-photography.de\/en\/contact\/\" style= \"\"  aria-label=\"Yes, I do!\" data-gdpr-atts={} ><i class=\"tatsu-icon icon-heart3\"><\/i>Yes, I do!<\/a><style>.tatsu-rke4_bHj3 .tatsu-button{background-color: rgba(45,97,159,1);color: #ffffff ;}<\/style><\/div><div  class=\"tatsu-module tatsu-text-block-wrap tatsu-SkyKeAvFa\"><div class=\"tatsu-text-inner tatsu-align-center  clearfix\" ><style>.tatsu-SkyKeAvFa.tatsu-text-block-wrap .tatsu-text-inner{width: 100%;text-align: left;}.tatsu-SkyKeAvFa.tatsu-text-block-wrap{margin: 0px 0px 10px 0px;}.tatsu-SkyKeAvFa.tatsu-text-block-wrap .tatsu-text-inner *{font-size : 24px;}<\/style>\n<h2>Wedding Planners in Mallorca: Costs<\/h2>\n<\/div><\/div><div  class=\"tatsu-module tatsu-text-block-wrap tatsu-Skzjw0g9eg\"><div class=\"tatsu-text-inner tatsu-align-center  clearfix\" ><style>.tatsu-Skzjw0g9eg.tatsu-text-block-wrap .tatsu-text-inner{width: 100%;text-align: left;}.tatsu-Skzjw0g9eg.tatsu-text-block-wrap{margin: 0px 0px 20px 0px;}.tatsu-Skzjw0g9eg.tatsu-text-block-wrap .tatsu-text-inner *{font-size : 16px;}<\/style>\n<p>A small digression from the main topic, but always relevant. A wedding planner is a service provider. And services have to be paid for-no question. The examples above are calculated without this additional service. Wedding planners in Mallorca typically charge around \u20ac4,500 for full planning. Sometimes there are daily rates of \u20ac800\u2013\u20ac1,000 or hourly billing. In general, the industry estimates the cost of a wedding planner at about 20% of the total budget. Some officiants also offer additional planning services for an extra fee (and may also apply the following commission model). A wedding with a planner is definitely never cheaper than without-how could it be?<\/p>\n<\/div><\/div><div  class=\"tatsu-module tatsu-text-block-wrap tatsu-Bk40wCgceg\"><div class=\"tatsu-text-inner tatsu-align-center  clearfix\" ><style>.tatsu-Bk40wCgceg.tatsu-text-block-wrap .tatsu-text-inner{width: 100%;text-align: left;}.tatsu-Bk40wCgceg.tatsu-text-block-wrap{margin: 0px 0px 20px 0px;}.tatsu-Bk40wCgceg.tatsu-text-block-wrap .tatsu-text-inner *{font-size : 16px;}<\/style>\n<p>It is also not uncommon for planners to take a commission from the caterer, officiant, musician, DJ, or photographer. And that\u2019s even though you are already paying the planner\u2019s fee? That\u2019s exactly the point. The caterer has to add the 10\u201320% commission the planner receives, otherwise it would be a loss for them. For catering, this can quickly amount to several thousand euros. In this way, you end up paying the planner\u2019s fee twice or more. Naturally, this drives up the costs. It\u2019s best to ask the planner, caterer, etc., directly how this is handled.<\/p>\n<\/div><\/div><div  class=\"tatsu-module tatsu-text-block-wrap tatsu-Hk3RwCx5ge\"><div class=\"tatsu-text-inner tatsu-align-center  clearfix\" ><style>.tatsu-Hk3RwCx5ge.tatsu-text-block-wrap .tatsu-text-inner{width: 100%;text-align: left;}.tatsu-Hk3RwCx5ge.tatsu-text-block-wrap{margin: 0px 0px 20px 0px;}.tatsu-Hk3RwCx5ge.tatsu-text-block-wrap .tatsu-text-inner *{font-size : 16px;}<\/style>\n<p>Usually, you won\u2019t be told-and in my opinion, that\u2019s not entirely fair. After all, you want recommendations from the best, not the highest-paying or most expensive. Paying more for the same service is also a bit frustrating. If you want to know who-just like me-neither pays nor takes commissions, just ask me. Recommendations from me are free and all the more valuable for it.<\/p>\n<\/div><\/div><\/div><\/div><div class = \"tatsu-column-bg-image-wrap\"><div class = \"tatsu-column-bg-image\" ><\/div><\/div><\/div><style>.tatsu-row > .tatsu-BkBBmIC1N.tatsu-column{width: 100%;}.tatsu-BkBBmIC1N.tatsu-column > .tatsu-column-inner > .tatsu-column-overlay{mix-blend-mode: none;}.tatsu-BkBBmIC1N > .tatsu-column-inner > .tatsu-top-divider{z-index: 9999;}.tatsu-BkBBmIC1N > .tatsu-column-inner > .tatsu-bottom-divider{z-index: 9999;}.tatsu-BkBBmIC1N > .tatsu-column-inner > .tatsu-left-divider{z-index: 9999;}.tatsu-BkBBmIC1N > .tatsu-column-inner > .tatsu-right-divider{z-index: 9999;}@media only screen and (max-width:1377px) {.tatsu-row > .tatsu-BkBBmIC1N.tatsu-column{width: 100%;}}@media only screen and (min-width:768px) and (max-width: 1024px) {.tatsu-row > .tatsu-BkBBmIC1N.tatsu-column{width: 100%;}}@media only screen and (max-width: 767px) {.tatsu-row > .tatsu-BkBBmIC1N.tatsu-column{width: 100%;}}<\/style><\/div><\/div><\/div><\/div><div class=\"tatsu-section-background-wrap\"><div class = \"tatsu-section-background\" ><\/div><\/div><style>.tatsu-B1ZBBQLAkN .tatsu-section-pad{padding: 0px 0px 29px 0px;}.tatsu-B1ZBBQLAkN > .tatsu-bottom-divider{z-index: 9999;}.tatsu-B1ZBBQLAkN > .tatsu-top-divider{z-index: 9999;}<\/style><\/div>","protected":false},"excerpt":{"rendered":"<p>One of the most common questions, but one that often only gets vague answers: Read here what a wedding in Mallorca really costs you!<\/p>\n<p><a href=\"https:\/\/lps-photography.de\/en\/the-costs-of-a-wedding-in-mallorca-in-detail\/\" class=\"more-link style3-button\">Read More<\/a><\/p>","protected":false},"author":1,"featured_media":24495,"comment_status":"open","ping_status":"open","sticky":false,"template":"","format":"standard","meta":{"_lmt_disableupdate":"","_lmt_disable":"","footnotes":""},"categories":[1395,72,70,1396,1384,1398,1399,1],"tags":[1400,88,1401],"class_list":{"0":"post-24492","1":"post","2":"type-post","3":"status-publish","4":"format-standard","5":"has-post-thumbnail","6":"hentry","7":"category-hochzeitslocation","8":"category-fotografie","9":"category-wedding","11":"category-hochzeitsplanung","13":"category-journal","14":"category-uncategorized","15":"tag-finca","16":"tag-hochzeit"},"modified_by":"admin","_links":{"self":[{"href":"https:\/\/lps-photography.de\/en\/wp-json\/wp\/v2\/posts\/24492","targetHints":{"allow":["GET"]}}],"collection":[{"href":"https:\/\/lps-photography.de\/en\/wp-json\/wp\/v2\/posts"}],"about":[{"href":"https:\/\/lps-photography.de\/en\/wp-json\/wp\/v2\/types\/post"}],"author":[{"embeddable":true,"href":"https:\/\/lps-photography.de\/en\/wp-json\/wp\/v2\/users\/1"}],"replies":[{"embeddable":true,"href":"https:\/\/lps-photography.de\/en\/wp-json\/wp\/v2\/comments?post=24492"}],"version-history":[{"count":0,"href":"https:\/\/lps-photography.de\/en\/wp-json\/wp\/v2\/posts\/24492\/revisions"}],"wp:featuredmedia":[{"embeddable":true,"href":"https:\/\/lps-photography.de\/en\/wp-json\/wp\/v2\/media\/24495"}],"wp:attachment":[{"href":"https:\/\/lps-photography.de\/en\/wp-json\/wp\/v2\/media?parent=24492"}],"wp:term":[{"taxonomy":"category","embeddable":true,"href":"https:\/\/lps-photography.de\/en\/wp-json\/wp\/v2\/categories?post=24492"},{"taxonomy":"post_tag","embeddable":true,"href":"https:\/\/lps-photography.de\/en\/wp-json\/wp\/v2\/tags?post=24492"}],"curies":[{"name":"wp","href":"https:\/\/api.w.org\/{rel}","templated":true}]}}