{"id":24483,"date":"2025-08-31T10:02:40","date_gmt":"2025-08-31T09:02:40","guid":{"rendered":"https:\/\/lps-photography.de\/?p=24483"},"modified":"2025-09-03T11:54:59","modified_gmt":"2025-09-03T10:54:59","slug":"son-mesquida-nou-mallorca-hochzeit-im-finca-style","status":"publish","type":"post","link":"https:\/\/lps-photography.de\/en\/son-mesquida-nou-mallorca-hochzeit-im-finca-style\/","title":{"rendered":"Son Mesquida Nou: Mallorca Wedding in Finca Style"},"content":{"rendered":"<div  class=\"tatsu-SybkbHO3uB tatsu-section    tatsu-clearfix\" data-title=\"\"  data-headerscheme=\"background--dark\"><div class='tatsu-section-pad clearfix' data-padding='{\"d\":\"0px 0px 20px 0px\"}' data-padding-top='0px'><div class=\"tatsu-row-wrap  tatsu-wrap tatsu-row-one-col tatsu-row-has-one-cols tatsu-medium-gutter tatsu-reg-cols  tatsu-clearfix tatsu-rJgJWBd3OH\" ><div  class=\"tatsu-row\" ><div  class=\"tatsu-column  tatsu-column-no-bg tatsu-one-col tatsu-column-image-none tatsu-column-effect-none  tatsu-BkkZHO3uS\"  data-parallax-speed=\"0\" style=\"\"><div class=\"tatsu-column-inner\" ><div class=\"tatsu-column-pad-wrap\"><div class=\"tatsu-column-pad\" ><div  class=\"tatsu-module tatsu-text-block-wrap tatsu-SJOAQF2dr\"><div class=\"tatsu-text-inner tatsu-align-center  clearfix\" ><style>.tatsu-SJOAQF2dr.tatsu-text-block-wrap .tatsu-text-inner{width: 100%;text-align: left;}<\/style>\n<p><!--more--><\/p>\n<\/div><\/div><div  class=\"special-heading-wrap style1 oshine-module  tatsu-B1MbwHJcS\" ><div class=\"special-heading align-center\"><h1 class=\"special-h-tag\" >Son Mesquida Nou: Mallorca Wedding in Finca Style<\/h1><div class=\"sub-title margin-bottom  special-subtitle\">\n<p>A truly wonderful wedding with more than 150 guests in a warm, family-like atmosphere &#8211; from the outdoor ceremony to the party that lasted late into the night!<\/p>\n<\/div><div class=\"sep-with-icon-wrap margin-bottom\"><span class=\"sep-with-icon\" ><\/span><i class=\"sep-icon font-icon oshine_diamond\"><\/i><span class=\"sep-with-icon\" ><\/span><\/div><\/div><style>.tatsu-B1MbwHJcS .sep-icon.oshine_diamond{background: rgba(45,97,159,1);}.tatsu-B1MbwHJcS .sep-with-icon{height: 1px;width: 20px;background: #efefef;}<\/style><\/div><\/div><\/div><div class = \"tatsu-column-bg-image-wrap\"><div class = \"tatsu-column-bg-image\" ><\/div><\/div><\/div><style>.tatsu-row > .tatsu-BkkZHO3uS.tatsu-column{width: 100%;}.tatsu-BkkZHO3uS.tatsu-column > .tatsu-column-inner > .tatsu-column-overlay{mix-blend-mode: none;}.tatsu-BkkZHO3uS > .tatsu-column-inner > .tatsu-top-divider{z-index: 9999;}.tatsu-BkkZHO3uS > .tatsu-column-inner > .tatsu-bottom-divider{z-index: 9999;}.tatsu-BkkZHO3uS > .tatsu-column-inner > .tatsu-left-divider{z-index: 9999;}.tatsu-BkkZHO3uS > .tatsu-column-inner > .tatsu-right-divider{z-index: 9999;}@media only screen and (max-width:1377px) {.tatsu-row > .tatsu-BkkZHO3uS.tatsu-column{width: 100%;}}@media only screen and (min-width:768px) and (max-width: 1024px) {.tatsu-row > .tatsu-BkkZHO3uS.tatsu-column{width: 100%;}}@media only screen and (max-width: 767px) {.tatsu-row > .tatsu-BkkZHO3uS.tatsu-column{width: 100%;}}<\/style><\/div><\/div><\/div><\/div><div class=\"tatsu-section-background-wrap\"><div class = \"tatsu-section-background\" ><\/div><\/div><style>.tatsu-SybkbHO3uB .tatsu-section-pad{padding: 0px 0px 20px 0px;}.tatsu-SybkbHO3uB > .tatsu-bottom-divider{z-index: 9999;}.tatsu-SybkbHO3uB > .tatsu-top-divider{z-index: 9999;}<\/style><\/div><div  class=\"tatsu-HJ-_aU_2dr tatsu-section    tatsu-clearfix\" data-title=\"\"  data-headerscheme=\"background--dark\"><div class='tatsu-section-pad clearfix' data-padding='{\"d\":\"0px 0px 0px 0px\"}' data-padding-top='0px'><div class=\"tatsu-row-wrap  tatsu-row-full-width tatsu-row-one-col tatsu-row-has-one-cols tatsu-medium-gutter tatsu-reg-cols  tatsu-clearfix tatsu-H1g_6LdhuB\" ><div  class=\"tatsu-row\" ><div  class=\"tatsu-column  tatsu-column-no-bg tatsu-one-col tatsu-column-image-none tatsu-column-effect-none  tatsu-ryuTIu2uS\"  data-parallax-speed=\"0\" style=\"\"><div class=\"tatsu-column-inner\" ><div class=\"tatsu-column-pad-wrap\"><div class=\"tatsu-column-pad\" ><div  class=\"tatsu-single-image tatsu-module tatsu-HJupUgOKT\" ><div class=\"tatsu-single-image-inner\" style=\"width : 1920px;\" ><div class = \"tatsu-single-image-padding-wrap\" style = \"padding-bottom : 66.666666666667%;\" ><\/div><img class = \"tatsu-gradient-border\" alt = \"Ein Paar umarmt sich unter einem gro\u00dfen Baum auf der Finca Son mesquisa nou Mallorca, der mit bunten Blumen geschm\u00fcckt ist. Das Sonnenlicht f\u00e4llt durch die B\u00e4ume, w\u00e4hrend Hochzeitsfotograf Lukas P. Schmidt den romantischen Moment im Freien festh\u00e4lt.\" title = \"ltmts wedding at son mesquida nou on mallorca | lps photography.\" src = \"https:\/\/lps-photography.de\/wp-content\/uploads\/2024\/09\/Son-Mesquida-Nou-Mallorca-Hochzeit-37.jpg\" \/><\/div><style>.tatsu-HJupUgOKT .tatsu-single-image-inner{border-style: solid;max-width: 100%;}.tatsu-HJupUgOKT.tatsu-single-image{transform: translate3d(0px,0px, 0);}<\/style><\/div><\/div><\/div><div class = \"tatsu-column-bg-image-wrap\"><div class = \"tatsu-column-bg-image\" ><\/div><\/div><\/div><style>.tatsu-row > .tatsu-ryuTIu2uS.tatsu-column{width: 100%;}.tatsu-ryuTIu2uS.tatsu-column > .tatsu-column-inner > .tatsu-column-overlay{mix-blend-mode: none;}.tatsu-ryuTIu2uS > .tatsu-column-inner > .tatsu-top-divider{z-index: 9999;}.tatsu-ryuTIu2uS > .tatsu-column-inner > .tatsu-bottom-divider{z-index: 9999;}.tatsu-ryuTIu2uS > .tatsu-column-inner > .tatsu-left-divider{z-index: 9999;}.tatsu-ryuTIu2uS > .tatsu-column-inner > .tatsu-right-divider{z-index: 9999;}@media only screen and (max-width:1377px) {.tatsu-row > .tatsu-ryuTIu2uS.tatsu-column{width: 100%;}}@media only screen and (min-width:768px) and (max-width: 1024px) {.tatsu-row > .tatsu-ryuTIu2uS.tatsu-column{width: 100%;}}@media only screen and (max-width: 767px) {.tatsu-row > .tatsu-ryuTIu2uS.tatsu-column{width: 100%;}}<\/style><\/div><\/div><\/div><\/div><div class=\"tatsu-section-background-wrap\"><div class = \"tatsu-section-background\" ><\/div><\/div><style>.tatsu-HJ-_aU_2dr > .tatsu-bottom-divider{z-index: 9999;}.tatsu-HJ-_aU_2dr > .tatsu-top-divider{z-index: 9999;}<\/style><\/div><div  class=\"tatsu-SyZJY4u2dB tatsu-section    tatsu-clearfix\" data-title=\"\"  data-headerscheme=\"background--dark\"><div class='tatsu-section-pad clearfix' data-padding='{\"d\":\"0px 0px 40px 0px\",\"m\":\"0px 0px 22px 0px\"}' data-padding-top='0px'><div class=\"tatsu-row-wrap  tatsu-wrap tatsu-row-one-col tatsu-row-has-one-cols tatsu-medium-gutter tatsu-reg-cols  tatsu-clearfix tatsu-BkgJF4uhOB\" ><div  class=\"tatsu-row\" ><div  class=\"tatsu-column  tatsu-column-no-bg tatsu-one-col tatsu-column-image-none tatsu-column-effect-none  tatsu-ryJtNO2OS\"  data-parallax-speed=\"0\" style=\"\"><div class=\"tatsu-column-inner\" ><div class=\"tatsu-column-pad-wrap\"><div class=\"tatsu-column-pad\" ><div  class=\"tatsu-module tatsu-text-block-wrap tatsu-Hk4FN_n_B\"><div class=\"tatsu-text-inner tatsu-align-center  clearfix\" ><style>.tatsu-Hk4FN_n_B.tatsu-text-block-wrap .tatsu-text-inner{width: 80%;text-align: left;}.tatsu-Hk4FN_n_B.tatsu-text-block-wrap{margin: 10px 0px 10px 0px;}.tatsu-Hk4FN_n_B.tatsu-text-block-wrap .tatsu-text-inner *{font-size : 24px;}@media only screen and (max-width: 767px) {.tatsu-Hk4FN_n_B.tatsu-text-block-wrap .tatsu-text-inner{width: 100%;}}<\/style>\n<h2>Son Mesquida Nou as a Venue for Your Mallorca Wedding<\/h2>\n<\/div><\/div><div  class=\"tatsu-module tatsu-text-block-wrap tatsu-HJBzo5Hqxg\"><div class=\"tatsu-text-inner tatsu-align-center  clearfix\" ><style>.tatsu-HJBzo5Hqxg.tatsu-text-block-wrap .tatsu-text-inner{width: 80%;text-align: left;}.tatsu-HJBzo5Hqxg.tatsu-text-block-wrap{margin: 0px 0px 20px 0px;}.tatsu-HJBzo5Hqxg.tatsu-text-block-wrap .tatsu-text-inner *{font-size : 16px;}@media only screen and (max-width: 767px) {.tatsu-HJBzo5Hqxg.tatsu-text-block-wrap .tatsu-text-inner{width: 100%;}}<\/style>\n<p>Still one of the newer event fincas on the island and certainly one of the largest <a title=\"The best wedding venues in Mallorca\" href=\"https:\/\/lps-photography.de\/en\/the-best-wedding-venues-in-mallorca\/\"><strong>wedding venues in Mallorca<\/strong><\/a>, offering endless possibilities. Not only is the <a title=\"Wedding Photographer Mallorca\" href=\"https:\/\/lps-photography.de\/en\/\"><strong>wedding photographer in Mallorca<\/strong><\/a> delighted with all the variety &#8211; thanks to the finca\u2019s different areas, every wedding here can be styled in a wonderfully unique way. This <a href=\"https:\/\/lps-photography.de\/finca-hochzeit-mallorca\/\"><strong>finca wedding<\/strong><\/a> with more than 150 guests also had a truly warm and family-like atmosphere. The clever use of the different spaces throughout the day ensured it never felt crowded, nor too spread out. The day before, the wonderful Lan-Thy and Minh-Tien had already celebrated a traditional Vietnamese tea ceremony, and on the second day they enjoyed a long and surely legendary Saturday with a civil, <a href=\"https:\/\/lps-photography.de\/freie-trauung-mallorca\/\"><strong>outdoor ceremony in Mallorca<\/strong><\/a>.<\/p>\n<\/div><\/div><div  class=\"tatsu-module tatsu-text-block-wrap tatsu-SkgoocB9eg\"><div class=\"tatsu-text-inner tatsu-align-center  clearfix\" ><style>.tatsu-SkgoocB9eg.tatsu-text-block-wrap .tatsu-text-inner{width: 80%;text-align: left;}.tatsu-SkgoocB9eg.tatsu-text-block-wrap{margin: 0px 0px 10px 0px;}.tatsu-SkgoocB9eg.tatsu-text-block-wrap .tatsu-text-inner *{font-size : 24px;}@media only screen and (max-width: 767px) {.tatsu-SkgoocB9eg.tatsu-text-block-wrap .tatsu-text-inner{width: 100%;}}<\/style>\n<h2>What Finca Son Mesquida Nou Offers<\/h2>\n<\/div><\/div><div  class=\"tatsu-module tatsu-text-block-wrap tatsu-r1iuocBcgx\"><div class=\"tatsu-text-inner tatsu-align-center  clearfix\" ><style>.tatsu-r1iuocBcgx.tatsu-text-block-wrap .tatsu-text-inner{width: 80%;text-align: left;}.tatsu-r1iuocBcgx.tatsu-text-block-wrap{margin: 0px 0px 20px 0px;}.tatsu-r1iuocBcgx.tatsu-text-block-wrap .tatsu-text-inner *{font-size : 16px;}@media only screen and (max-width: 767px) {.tatsu-r1iuocBcgx.tatsu-text-block-wrap .tatsu-text-inner{width: 100%;}}<\/style>\n<p>Amenities that are anything but ordinary for Mallorca. In addition to a wide variety of outdoor spaces for ceremonies and receptions of any size, the finca also offers a truly beautiful indoor area as a Plan B. This space is a real rarity &#8211; far too stunning to be considered just a bad-weather alternative. As exclusive partners, Finca Son Mesquida Nou works with Totapunt or Catering Marc Fosh, meaning you can conveniently arrange both the planning and catering for your wedding all in one place. For this celebration, Totapunt served a plated menu for 165 guests, impressing everyone at the tables with outstanding quality and remarkably quick service.<\/p>\n<\/div><\/div><div  class=\"tatsu-module tatsu-normal-icon tatsu-icon-shortcode align-center tatsu-HkdKQ6x5R\"><style>.tatsu-HkdKQ6x5R .tatsu-icon{color: rgba(45,97,159,1) ;}.tatsu-HkdKQ6x5R{border-width: 0px 0px 0px 0px;}<\/style><a href=\"#\"  class=\"tatsu-icon-wrap plain  tatsu-animate\" data-animation=\"fadeIn\"   aria-label=\"icon-arrow_left-right_alt\" data-gdpr-atts={}   ><i class=\"tatsu-icon tatsu-custom-icon tatsu-custom-icon-class icon-arrow_left-right_alt large plain\"><\/i><\/a><\/div>            <div  class = \"tatsu-media-carousel tatsu-module clearfix  tatsu-BkLfQpecC\" >\n                <style>.tatsu-BkLfQpecC .flickity-page-dots .is-selected{background: rgba(45,97,159,1);}<\/style>                <div class = \"tatsu-media-carousel-inner tatsu-carousel tatsu-variable-carousel tatsu-full-screen-carousel tatsu-carousel-adaptive-image\" data-variable-width = \"1\" data-center-mode = \"1\" data-fullscreen = \"1\" data-free-scroll = \"1\" data-arrows = \"1\" data-outer-arrows = \"1\" data-infinite = \"1\" data-dots = \"1\" data-autoplay-speed = \"2000\" >\n                                                                                                        <div class = \"tatsu-media-slide tatsu-carousel-col\">\n                                    <div class = \"tatsu-media-slide-inner tatsu-carousel-col-inner\">\n                                                                                        <img class = \"tatsu-carousel-img\" alt = \"row 1 column 1\" data-aspect-ratio = \"0.8\" sizes = \"(max-width: 1080px) 100vw, 1080px\" srcset = \"https:\/\/lps-photography.de\/wp-content\/uploads\/2024\/09\/row-1-column-1-1.jpg 1080w,  https:\/\/lps-photography.de\/wp-content\/uploads\/2024\/09\/row-1-column-1-1-240x300.jpg 240w,  https:\/\/lps-photography.de\/wp-content\/uploads\/2024\/09\/row-1-column-1-1-800x1000.jpg 800w,  https:\/\/lps-photography.de\/wp-content\/uploads\/2024\/09\/row-1-column-1-1-768x960.jpg 768w,  https:\/\/lps-photography.de\/wp-content\/uploads\/2024\/09\/row-1-column-1-1-40x50.jpg 40w,  https:\/\/lps-photography.de\/wp-content\/uploads\/2024\/09\/row-1-column-1-1-650x813.jpg 650w,  https:\/\/lps-photography.de\/wp-content\/uploads\/2024\/09\/row-1-column-1-1-1000x1250.jpg 1000w,  https:\/\/lps-photography.de\/wp-content\/uploads\/2024\/09\/row-1-column-1-1-50x63.jpg 50w\" \/>\n                                                                           <\/div>\n                                <\/div>\n                                                                                    <div class = \"tatsu-media-slide tatsu-carousel-col\">\n                                    <div class = \"tatsu-media-slide-inner tatsu-carousel-col-inner\">\n                                                                                        <img class = \"tatsu-carousel-img\" alt = \"row 1 column 2\" data-aspect-ratio = \"0.8\" sizes = \"(max-width: 1080px) 100vw, 1080px\" srcset = \"https:\/\/lps-photography.de\/wp-content\/uploads\/2024\/09\/row-1-column-2-1.jpg 1080w,  https:\/\/lps-photography.de\/wp-content\/uploads\/2024\/09\/row-1-column-2-1-240x300.jpg 240w,  https:\/\/lps-photography.de\/wp-content\/uploads\/2024\/09\/row-1-column-2-1-800x1000.jpg 800w,  https:\/\/lps-photography.de\/wp-content\/uploads\/2024\/09\/row-1-column-2-1-768x960.jpg 768w,  https:\/\/lps-photography.de\/wp-content\/uploads\/2024\/09\/row-1-column-2-1-40x50.jpg 40w,  https:\/\/lps-photography.de\/wp-content\/uploads\/2024\/09\/row-1-column-2-1-650x813.jpg 650w,  https:\/\/lps-photography.de\/wp-content\/uploads\/2024\/09\/row-1-column-2-1-1000x1250.jpg 1000w,  https:\/\/lps-photography.de\/wp-content\/uploads\/2024\/09\/row-1-column-2-1-50x63.jpg 50w\" \/>\n                                                                           <\/div>\n                                <\/div>\n                                                                                    <div class = \"tatsu-media-slide tatsu-carousel-col\">\n                                    <div class = \"tatsu-media-slide-inner tatsu-carousel-col-inner\">\n                                                                                        <img class = \"tatsu-carousel-img\" alt = \"row 1 column 3\" data-aspect-ratio = \"0.8\" sizes = \"(max-width: 1080px) 100vw, 1080px\" srcset = \"https:\/\/lps-photography.de\/wp-content\/uploads\/2024\/09\/row-1-column-3-1.jpg 1080w,  https:\/\/lps-photography.de\/wp-content\/uploads\/2024\/09\/row-1-column-3-1-240x300.jpg 240w,  https:\/\/lps-photography.de\/wp-content\/uploads\/2024\/09\/row-1-column-3-1-800x1000.jpg 800w,  https:\/\/lps-photography.de\/wp-content\/uploads\/2024\/09\/row-1-column-3-1-768x960.jpg 768w,  https:\/\/lps-photography.de\/wp-content\/uploads\/2024\/09\/row-1-column-3-1-40x50.jpg 40w,  https:\/\/lps-photography.de\/wp-content\/uploads\/2024\/09\/row-1-column-3-1-650x813.jpg 650w,  https:\/\/lps-photography.de\/wp-content\/uploads\/2024\/09\/row-1-column-3-1-1000x1250.jpg 1000w,  https:\/\/lps-photography.de\/wp-content\/uploads\/2024\/09\/row-1-column-3-1-50x63.jpg 50w\" \/>\n                                                                           <\/div>\n                                <\/div>\n                                                                                    <div class = \"tatsu-media-slide tatsu-carousel-col\">\n                                    <div class = \"tatsu-media-slide-inner tatsu-carousel-col-inner\">\n                                                                                        <img class = \"tatsu-carousel-img\" alt = \"row 1 column 4\" data-aspect-ratio = \"0.8\" sizes = \"(max-width: 1080px) 100vw, 1080px\" srcset = \"https:\/\/lps-photography.de\/wp-content\/uploads\/2024\/09\/row-1-column-4-1.jpg 1080w,  https:\/\/lps-photography.de\/wp-content\/uploads\/2024\/09\/row-1-column-4-1-240x300.jpg 240w,  https:\/\/lps-photography.de\/wp-content\/uploads\/2024\/09\/row-1-column-4-1-800x1000.jpg 800w,  https:\/\/lps-photography.de\/wp-content\/uploads\/2024\/09\/row-1-column-4-1-768x960.jpg 768w,  https:\/\/lps-photography.de\/wp-content\/uploads\/2024\/09\/row-1-column-4-1-40x50.jpg 40w,  https:\/\/lps-photography.de\/wp-content\/uploads\/2024\/09\/row-1-column-4-1-650x813.jpg 650w,  https:\/\/lps-photography.de\/wp-content\/uploads\/2024\/09\/row-1-column-4-1-1000x1250.jpg 1000w,  https:\/\/lps-photography.de\/wp-content\/uploads\/2024\/09\/row-1-column-4-1-50x63.jpg 50w\" \/>\n                                                                           <\/div>\n                                <\/div>\n                                                                                    <div class = \"tatsu-media-slide tatsu-carousel-col\">\n                                    <div class = \"tatsu-media-slide-inner tatsu-carousel-col-inner\">\n                                                                                        <img class = \"tatsu-carousel-img\" alt = \"row 1 column 5\" data-aspect-ratio = \"0.8\" sizes = \"(max-width: 1080px) 100vw, 1080px\" srcset = \"https:\/\/lps-photography.de\/wp-content\/uploads\/2024\/09\/row-1-column-5-1.jpg 1080w,  https:\/\/lps-photography.de\/wp-content\/uploads\/2024\/09\/row-1-column-5-1-240x300.jpg 240w,  https:\/\/lps-photography.de\/wp-content\/uploads\/2024\/09\/row-1-column-5-1-800x1000.jpg 800w,  https:\/\/lps-photography.de\/wp-content\/uploads\/2024\/09\/row-1-column-5-1-768x960.jpg 768w,  https:\/\/lps-photography.de\/wp-content\/uploads\/2024\/09\/row-1-column-5-1-40x50.jpg 40w,  https:\/\/lps-photography.de\/wp-content\/uploads\/2024\/09\/row-1-column-5-1-650x813.jpg 650w,  https:\/\/lps-photography.de\/wp-content\/uploads\/2024\/09\/row-1-column-5-1-1000x1250.jpg 1000w,  https:\/\/lps-photography.de\/wp-content\/uploads\/2024\/09\/row-1-column-5-1-50x63.jpg 50w\" \/>\n                                                                           <\/div>\n                                <\/div>\n                                                            <\/div>\n            <\/div>\n        <div  class=\"tatsu-module tatsu-text-block-wrap tatsu-HJNZmpl5A\"><div class=\"tatsu-text-inner tatsu-align-center  clearfix\" ><style>.tatsu-HJNZmpl5A.tatsu-text-block-wrap .tatsu-text-inner{width: 80%;text-align: left;}.tatsu-HJNZmpl5A.tatsu-text-block-wrap{margin: 10px 0px 10px 0px;}.tatsu-HJNZmpl5A.tatsu-text-block-wrap .tatsu-text-inner *{font-size : 24px;}@media only screen and (max-width: 767px) {.tatsu-HJNZmpl5A.tatsu-text-block-wrap .tatsu-text-inner{width: 100%;}}<\/style>\n<h2>Finca Son Mesquida Nou at a Glance<\/h2>\n<\/div><\/div><div  class=\"tatsu-module tatsu-text-block-wrap tatsu-rJjm29S5ll\"><div class=\"tatsu-text-inner tatsu-align-center  clearfix\" ><style>.tatsu-rJjm29S5ll.tatsu-text-block-wrap .tatsu-text-inner{width: 80%;text-align: left;}.tatsu-rJjm29S5ll.tatsu-text-block-wrap{margin: 0px 0px 20px 0px;}.tatsu-rJjm29S5ll.tatsu-text-block-wrap .tatsu-text-inner *{font-size : 16px;}@media only screen and (max-width: 767px) {.tatsu-rJjm29S5ll.tatsu-text-block-wrap .tatsu-text-inner{width: 100%;}}<\/style>\n<ul>\n<li>10 different areas offering a wide range of options for your ceremony, reception, dinner, and party. From a shady woodland and a spacious patio to a garden with pool and an air-conditioned disco &#8211; everything is here, and all beautifully unique! You won\u2019t find a better \u201cPlan B\u201d anywhere!<\/li>\n<li>Convenient location, easy to reach, and no direct neighbors<\/li>\n<li>Plenty of infrastructure available directly on-site, such as d\u00e9cor, catering, and equipment. Simply get in touch through Totapunt Events &amp; Catering<\/li>\n<li>A fantastic <strong>wedding finca<\/strong> that\u2019s perfect even for very large guest lists!<\/li>\n<\/ul>\n<\/div><\/div><div  class=\"tatsu-HyZJq8sb6R testimonials_wrap oshine-module\"  ><div class=\"testimonials-slides\"><div class=\"clearfix testimonial_module slides center-content\" data-slide-show=\"1\" data-slide-show-speed=\"4000\" data-slide-animation-type=\"slide\" data-pagination=\"0\"><div class=\"testimonial_slide slide clearfix tatsu-Byyc8iWa0\"><div class=\"testimonial_slide_inner\"><i class=\"font-icon icon-quote\" ><\/i><div class=\"testimonial-content\">\n<p>It was such a fun and wonderful experience with Lukas, and he is truly an amazing person. Just a few days later, we received the highlights of our two-day wedding &#8211; something that was deeply appreciated not only by us but also by our guests. Without a doubt, he is the fastest photographer on the island \ud83d\ude09 Lukas, thank you once again for everything!<\/p>\n<\/div><div class=\"testimonial-author-info-wrap clearfix\"><div class=\"testimonial-author-img\"><img decoding=\"async\" src=\"https:\/\/lps-photography.de\/wp-content\/uploads\/2024\/09\/Son-Mesquida-Nou-Mallorca-Hochzeit-38-150x150.jpg\" alt=\"Lan-Thy und Minh-Tien\" \/><\/div><div class=\"testimonial-author-info\"><h6 class=\"testimonial-author\" >Lan-Thy und Minh-Tien<\/h6><div class=\"testimonial-author-role h6-font\"  >Wedding at Son Mesquida Nou 2024<\/div><\/div><\/div><\/div><style>.tatsu-Byyc8iWa0 .icon-quote{color: rgba(245,166,35,1) ;}<\/style><\/div><\/div><\/div><style>.tatsu-HyZJq8sb6R .testimonial-content{font-size: 22px;}<\/style><\/div><div  class=\"tatsu-empty-space  tatsu-SkG9h5B9el\" ><style>.tatsu-SkG9h5B9el.tatsu-empty-space{height: 10px;}<\/style><\/div><div  class=\"tatsu-module tatsu-text-block-wrap tatsu-H1xADgeW6h\"><div class=\"tatsu-text-inner tatsu-align-center  clearfix\" ><style>.tatsu-H1xADgeW6h.tatsu-text-block-wrap .tatsu-text-inner{width: 80%;text-align: center;}.tatsu-H1xADgeW6h.tatsu-text-block-wrap{margin: 14px 0px 0px 0px;}.tatsu-H1xADgeW6h.tatsu-text-block-wrap .tatsu-text-inner *{font-size : 16px;}<\/style>\n<p>Do you have questions about a wedding at Son Mesquida Nou? Get in touch with me \u2013 and you can also directly book your<\/p>\n<\/div><\/div><div  class=\"tatsu-empty-space  tatsu-S1Hyacr9gx\" ><style>.tatsu-S1Hyacr9gx.tatsu-empty-space{height: 10px;}<\/style><\/div><div  class=\"tatsu-module tatsu-normal-button tatsu-button-wrap align-block block-center  tatsu-Hy-RwllZpn\"><a class=\"tatsu-shortcode mediumbtn tatsu-button left-icon circular   bg-animation-none\" href=\"https:\/\/lps-photography.de\/en\/contact\/\" style= \"\"  aria-label=\"Book your wedding date now!\" data-gdpr-atts={} ><i class=\"tatsu-icon icon-heart3\"><\/i>Book your wedding date now!<\/a><style>.tatsu-Hy-RwllZpn .tatsu-button{background-color: rgba(45,97,159,1);color: #ffffff ;}<\/style><\/div><div  class=\"portfolio-all-wrap  oshine-gallery-module 0 tatsu-SJO_xZHj2\" ><div class=\"portfolio  portfolio-two-col-mobile full-screen  full-screen-gutter style2-gutter three-col masonry_enable\" style=\"margin-left: -10px;\"  data-action=\"get_be_gallery_with_pagination\"  data-paged=\"1\" data-enable-masonry=\"1\" data-aspect-ratio = \"1.6\" data-source='{\"source\":\"selected\",\"account_name\":\"themeforest\",\"count\":\"10\",\"col\":\"three\",\"masonry\":\"1\"}' data-gutter-width=\"10\"  data-images-array=\"23230,23229,23231,23232,23233,23234,23235,23236,23237,23238,23239,23240,23241,23242,23243,23244,23245,23246,23247,23248,23249,23250,23251,23252,23253,23254,23255,23256,23257,23258,23259,23260,23261,23262,23263,23264,23265,23266,23267,23268,23269,23270,23271,23272,23273,23274,23275,23276,23277,23278,23279,23280,23281,23282,23283,23284,23285,23286,23287,23288,23289,23290,23291,23292,23293,23294\" data-col=\"three\" data-items-per-load=\"12\" data-hover-style=\"style1-hover\" data-image-grayscale=\"c_to_c\" data-lightbox-type=\"photoswipe\" data-image-source=\"selected\" data-image-effect=\"none\" data-thumb-overlay-color=\"rgba(255,255,255,0)\" data-grad-style-color=\"background:rgba(255,255,255,0)\" data-like-button=\"1\" data-hover-content=\"icon\" data-hover-content-color=\"\" ><div class=\"portfolio-container clickable clearfix portfolio-shortcode be-photoswipe-gallery scale\"><div class=\"element be-hoverlay not-wide no-wide-width-height style1-hover c_to_c\" style=\"margin-bottom: 10px;\"><div class=\"element-inner\" style=\"margin-left: 10px;\"><a href=\"https:\/\/lps-photography.de\/wp-content\/uploads\/2024\/09\/Son-Mesquida-Nou-Mallorca-Hochzeit-2.jpg\" data-size=\"1280x1920\" data-href=\"https:\/\/lps-photography.de\/wp-content\/uploads\/2024\/09\/Son-Mesquida-Nou-Mallorca-Hochzeit-2.jpg\" class=\"thumb-wrap\" title=\"ltmts wedding at son mesquida nou on mallorca | lps photography.\"><div class=\"flip-wrap\"><div data-aspect-ratio=\"0.67\" style = \"padding-bottom : 150%;;\" class=\"flip-img-wrap none-effect\"><img decoding=\"async\" src=\"https:\/\/lps-photography.de\/wp-content\/uploads\/2024\/09\/Son-Mesquida-Nou-Mallorca-Hochzeit-2-650x975.jpg\" alt=\"ltmts wedding at son mesquida nou on mallorca | lps photography.\" data-attr=\"0\"\/><\/div><\/div><div class=\"thumb-overlay\"><div class=\"thumb-bg\" style=\"background-color:rgba(255,255,255,0);background:rgba(255,255,255,0)\"><div class=\"thumb-title-wrap display-table-cell vertical-align-middle align-center fadeIn animated\"><div class=\"thumb-title\" style=\"color:;\"><i class=\"portfolio-overlay-icon\"><\/i><\/div><\/div><\/div><\/div><\/a><\/div><\/div><div class=\"element be-hoverlay not-wide no-wide-width-height style1-hover c_to_c\" style=\"margin-bottom: 10px;\"><div class=\"element-inner\" style=\"margin-left: 10px;\"><a href=\"https:\/\/lps-photography.de\/wp-content\/uploads\/2024\/09\/Son-Mesquida-Nou-Mallorca-Hochzeit.jpg\" data-size=\"1920x1280\" data-href=\"https:\/\/lps-photography.de\/wp-content\/uploads\/2024\/09\/Son-Mesquida-Nou-Mallorca-Hochzeit.jpg\" class=\"thumb-wrap\" title=\"ltmts wedding at son mesquida nou on mallorca | lps photography.\"><div class=\"flip-wrap\"><div data-aspect-ratio=\"1.5\" style = \"padding-bottom : 66.666666666667%;;\" class=\"flip-img-wrap none-effect\"><img decoding=\"async\" src=\"https:\/\/lps-photography.de\/wp-content\/uploads\/2024\/09\/Son-Mesquida-Nou-Mallorca-Hochzeit-650x433.jpg\" alt=\"ltmts wedding at son mesquida nou on mallorca | lps photography.\" data-attr=\"0\"\/><\/div><\/div><div class=\"thumb-overlay\"><div class=\"thumb-bg\" style=\"background-color:rgba(255,255,255,0);background:rgba(255,255,255,0)\"><div class=\"thumb-title-wrap display-table-cell vertical-align-middle align-center fadeIn animated\"><div class=\"thumb-title\" style=\"color:;\"><i class=\"portfolio-overlay-icon\"><\/i><\/div><\/div><\/div><\/div><\/a><\/div><\/div><div class=\"element be-hoverlay not-wide no-wide-width-height style1-hover c_to_c\" style=\"margin-bottom: 10px;\"><div class=\"element-inner\" style=\"margin-left: 10px;\"><a href=\"https:\/\/lps-photography.de\/wp-content\/uploads\/2024\/09\/Son-Mesquida-Nou-Mallorca-Hochzeit-3.jpg\" data-size=\"1281x1920\" data-href=\"https:\/\/lps-photography.de\/wp-content\/uploads\/2024\/09\/Son-Mesquida-Nou-Mallorca-Hochzeit-3.jpg\" class=\"thumb-wrap\" title=\"ltmts wedding at son mesquida nou on mallorca | lps photography.\"><div class=\"flip-wrap\"><div data-aspect-ratio=\"0.67\" style = \"padding-bottom : 149.88290398126%;;\" class=\"flip-img-wrap none-effect\"><img decoding=\"async\" src=\"https:\/\/lps-photography.de\/wp-content\/uploads\/2024\/09\/Son-Mesquida-Nou-Mallorca-Hochzeit-3-650x974.jpg\" alt=\"ltmts wedding at son mesquida nou on mallorca | lps photography.\" data-attr=\"0\"\/><\/div><\/div><div class=\"thumb-overlay\"><div class=\"thumb-bg\" style=\"background-color:rgba(255,255,255,0);background:rgba(255,255,255,0)\"><div class=\"thumb-title-wrap display-table-cell vertical-align-middle align-center fadeIn animated\"><div class=\"thumb-title\" style=\"color:;\"><i class=\"portfolio-overlay-icon\"><\/i><\/div><\/div><\/div><\/div><\/a><\/div><\/div><div class=\"element be-hoverlay not-wide no-wide-width-height style1-hover c_to_c\" style=\"margin-bottom: 10px;\"><div class=\"element-inner\" style=\"margin-left: 10px;\"><a href=\"https:\/\/lps-photography.de\/wp-content\/uploads\/2024\/09\/Son-Mesquida-Nou-Mallorca-Hochzeit-4.jpg\" data-size=\"1920x1280\" data-href=\"https:\/\/lps-photography.de\/wp-content\/uploads\/2024\/09\/Son-Mesquida-Nou-Mallorca-Hochzeit-4.jpg\" class=\"thumb-wrap\" title=\"ltmts wedding at son mesquida nou on mallorca | lps photography.\"><div class=\"flip-wrap\"><div data-aspect-ratio=\"1.5\" style = \"padding-bottom : 66.666666666667%;;\" class=\"flip-img-wrap none-effect\"><img decoding=\"async\" src=\"https:\/\/lps-photography.de\/wp-content\/uploads\/2024\/09\/Son-Mesquida-Nou-Mallorca-Hochzeit-4-650x433.jpg\" alt=\"ltmts wedding at son mesquida nou on mallorca | lps photography.\" data-attr=\"0\"\/><\/div><\/div><div class=\"thumb-overlay\"><div class=\"thumb-bg\" style=\"background-color:rgba(255,255,255,0);background:rgba(255,255,255,0)\"><div class=\"thumb-title-wrap display-table-cell vertical-align-middle align-center fadeIn animated\"><div class=\"thumb-title\" style=\"color:;\"><i class=\"portfolio-overlay-icon\"><\/i><\/div><\/div><\/div><\/div><\/a><\/div><\/div><div class=\"element be-hoverlay not-wide no-wide-width-height style1-hover c_to_c\" style=\"margin-bottom: 10px;\"><div class=\"element-inner\" style=\"margin-left: 10px;\"><a href=\"https:\/\/lps-photography.de\/wp-content\/uploads\/2024\/09\/Son-Mesquida-Nou-Mallorca-Hochzeit-5.jpg\" data-size=\"1920x1280\" data-href=\"https:\/\/lps-photography.de\/wp-content\/uploads\/2024\/09\/Son-Mesquida-Nou-Mallorca-Hochzeit-5.jpg\" class=\"thumb-wrap\" title=\"ltmts wedding at son mesquida nou on mallorca | lps photography.\"><div class=\"flip-wrap\"><div data-aspect-ratio=\"1.5\" style = \"padding-bottom : 66.666666666667%;;\" class=\"flip-img-wrap none-effect\"><img decoding=\"async\" src=\"https:\/\/lps-photography.de\/wp-content\/uploads\/2024\/09\/Son-Mesquida-Nou-Mallorca-Hochzeit-5-650x433.jpg\" alt=\"ltmts wedding at son mesquida nou on mallorca | lps photography.\" data-attr=\"0\"\/><\/div><\/div><div class=\"thumb-overlay\"><div class=\"thumb-bg\" style=\"background-color:rgba(255,255,255,0);background:rgba(255,255,255,0)\"><div class=\"thumb-title-wrap display-table-cell vertical-align-middle align-center fadeIn animated\"><div class=\"thumb-title\" style=\"color:;\"><i class=\"portfolio-overlay-icon\"><\/i><\/div><\/div><\/div><\/div><\/a><\/div><\/div><div class=\"element be-hoverlay not-wide no-wide-width-height style1-hover c_to_c\" style=\"margin-bottom: 10px;\"><div class=\"element-inner\" style=\"margin-left: 10px;\"><a href=\"https:\/\/lps-photography.de\/wp-content\/uploads\/2024\/09\/Son-Mesquida-Nou-Mallorca-Hochzeit-6.jpg\" data-size=\"1920x1280\" data-href=\"https:\/\/lps-photography.de\/wp-content\/uploads\/2024\/09\/Son-Mesquida-Nou-Mallorca-Hochzeit-6.jpg\" class=\"thumb-wrap\" title=\"Eine Gruppe von Frauen in farbenfrohen Kleidern steht im Freien zusammen, einige umarmen sich und l\u00e4cheln, vor dem rustikalen Steingeb\u00e4ude in Son Mesquisa Nou, wundersch\u00f6n eingefangen von Hochzeitsfotograf Lukas P. Schmidt.\"><div class=\"flip-wrap\"><div data-aspect-ratio=\"1.5\" style = \"padding-bottom : 66.666666666667%;;\" class=\"flip-img-wrap none-effect\"><img decoding=\"async\" src=\"https:\/\/lps-photography.de\/wp-content\/uploads\/2024\/09\/Son-Mesquida-Nou-Mallorca-Hochzeit-6-650x433.jpg\" alt=\"Eine Gruppe von Frauen in farbenfrohen Kleidern steht im Freien zusammen, einige umarmen sich und l\u00e4cheln, vor dem rustikalen Steingeb\u00e4ude in Son Mesquisa Nou, wundersch\u00f6n eingefangen von Hochzeitsfotograf Lukas P. Schmidt.\" data-attr=\"0\"\/><\/div><\/div><div class=\"thumb-overlay\"><div class=\"thumb-bg\" style=\"background-color:rgba(255,255,255,0);background:rgba(255,255,255,0)\"><div class=\"thumb-title-wrap display-table-cell vertical-align-middle align-center fadeIn animated\"><div class=\"thumb-title\" style=\"color:;\"><i class=\"portfolio-overlay-icon\"><\/i><\/div><\/div><\/div><\/div><\/a><\/div><\/div><div class=\"element be-hoverlay not-wide no-wide-width-height style1-hover c_to_c\" style=\"margin-bottom: 10px;\"><div class=\"element-inner\" style=\"margin-left: 10px;\"><a href=\"https:\/\/lps-photography.de\/wp-content\/uploads\/2024\/09\/Son-Mesquida-Nou-Mallorca-Hochzeit-7.jpg\" data-size=\"1920x1280\" data-href=\"https:\/\/lps-photography.de\/wp-content\/uploads\/2024\/09\/Son-Mesquida-Nou-Mallorca-Hochzeit-7.jpg\" class=\"thumb-wrap\" title=\"Auf der Finca Son Mesquisa Nou ist eine Gruppe von Holzst\u00fchlen im Freien aufgestellt. Davor stehen bunte Blumen und ein Korb mit wei\u00dfen Papierschirmen. Eine perfekte Hochzeitsszene f\u00fcr Hochzeitsfotograf Lukas P. Schmidt.\"><div class=\"flip-wrap\"><div data-aspect-ratio=\"1.5\" style = \"padding-bottom : 66.666666666667%;;\" class=\"flip-img-wrap none-effect\"><img decoding=\"async\" src=\"https:\/\/lps-photography.de\/wp-content\/uploads\/2024\/09\/Son-Mesquida-Nou-Mallorca-Hochzeit-7-650x433.jpg\" alt=\"Auf der Finca Son Mesquisa Nou ist eine Gruppe von Holzst\u00fchlen im Freien aufgestellt. Davor stehen bunte Blumen und ein Korb mit wei\u00dfen Papierschirmen. Eine perfekte Hochzeitsszene f\u00fcr Hochzeitsfotograf Lukas P. Schmidt.\" data-attr=\"0\"\/><\/div><\/div><div class=\"thumb-overlay\"><div class=\"thumb-bg\" style=\"background-color:rgba(255,255,255,0);background:rgba(255,255,255,0)\"><div class=\"thumb-title-wrap display-table-cell vertical-align-middle align-center fadeIn animated\"><div class=\"thumb-title\" style=\"color:;\"><i class=\"portfolio-overlay-icon\"><\/i><\/div><\/div><\/div><\/div><\/a><\/div><\/div><div class=\"element be-hoverlay not-wide no-wide-width-height style1-hover c_to_c\" style=\"margin-bottom: 10px;\"><div class=\"element-inner\" style=\"margin-left: 10px;\"><a href=\"https:\/\/lps-photography.de\/wp-content\/uploads\/2024\/09\/Son-Mesquida-Nou-Mallorca-Hochzeit-8.jpg\" data-size=\"1280x1920\" data-href=\"https:\/\/lps-photography.de\/wp-content\/uploads\/2024\/09\/Son-Mesquida-Nou-Mallorca-Hochzeit-8.jpg\" class=\"thumb-wrap\" title=\"Ein gro\u00dfer, alter Baum auf der Finca Son mesquisa nou ist mit einem kaskadenartigen Arrangement aus bunten Blumen an seinem Fu\u00df und Stamm geschm\u00fcckt. Topfpflanzen und Reihen von leeren Holzst\u00fchlen auf der rechten Seite bilden die Kulisse f\u00fcr Hochzeitsfotograf Lukas P. Schmidt im Freien.\"><div class=\"flip-wrap\"><div data-aspect-ratio=\"0.67\" style = \"padding-bottom : 150%;;\" class=\"flip-img-wrap none-effect\"><img decoding=\"async\" src=\"https:\/\/lps-photography.de\/wp-content\/uploads\/2024\/09\/Son-Mesquida-Nou-Mallorca-Hochzeit-8-650x975.jpg\" alt=\"Ein gro\u00dfer, alter Baum auf der Finca Son mesquisa nou ist mit einem kaskadenartigen Arrangement aus bunten Blumen an seinem Fu\u00df und Stamm geschm\u00fcckt. Topfpflanzen und Reihen von leeren Holzst\u00fchlen auf der rechten Seite bilden die Kulisse f\u00fcr Hochzeitsfotograf Lukas P. Schmidt im Freien.\" data-attr=\"0\"\/><\/div><\/div><div class=\"thumb-overlay\"><div class=\"thumb-bg\" style=\"background-color:rgba(255,255,255,0);background:rgba(255,255,255,0)\"><div class=\"thumb-title-wrap display-table-cell vertical-align-middle align-center fadeIn animated\"><div class=\"thumb-title\" style=\"color:;\"><i class=\"portfolio-overlay-icon\"><\/i><\/div><\/div><\/div><\/div><\/a><\/div><\/div><div class=\"element be-hoverlay not-wide no-wide-width-height style1-hover c_to_c\" style=\"margin-bottom: 10px;\"><div class=\"element-inner\" style=\"margin-left: 10px;\"><a href=\"https:\/\/lps-photography.de\/wp-content\/uploads\/2024\/09\/Son-Mesquida-Nou-Mallorca-Hochzeit-9.jpg\" data-size=\"1920x1280\" data-href=\"https:\/\/lps-photography.de\/wp-content\/uploads\/2024\/09\/Son-Mesquida-Nou-Mallorca-Hochzeit-9.jpg\" class=\"thumb-wrap\" title=\"Ein Esel steht auf einer trockenen, grasbewachsenen Wiese unter einem Baum auf der Finca Son Mesquisa Nou und blickt in Richtung dreier unscharfer Personen im Vordergrund - darunter ein Kind und zwei Erwachsene -, die der Hochzeitsfotograf Lukas P. Schmidt aufgenommen hat.\"><div class=\"flip-wrap\"><div data-aspect-ratio=\"1.5\" style = \"padding-bottom : 66.666666666667%;;\" class=\"flip-img-wrap none-effect\"><img decoding=\"async\" src=\"https:\/\/lps-photography.de\/wp-content\/uploads\/2024\/09\/Son-Mesquida-Nou-Mallorca-Hochzeit-9-650x433.jpg\" alt=\"Ein Esel steht auf einer trockenen, grasbewachsenen Wiese unter einem Baum auf der Finca Son Mesquisa Nou und blickt in Richtung dreier unscharfer Personen im Vordergrund - darunter ein Kind und zwei Erwachsene -, die der Hochzeitsfotograf Lukas P. Schmidt aufgenommen hat.\" data-attr=\"0\"\/><\/div><\/div><div class=\"thumb-overlay\"><div class=\"thumb-bg\" style=\"background-color:rgba(255,255,255,0);background:rgba(255,255,255,0)\"><div class=\"thumb-title-wrap display-table-cell vertical-align-middle align-center fadeIn animated\"><div class=\"thumb-title\" style=\"color:;\"><i class=\"portfolio-overlay-icon\"><\/i><\/div><\/div><\/div><\/div><\/a><\/div><\/div><div class=\"element be-hoverlay not-wide no-wide-width-height style1-hover c_to_c\" style=\"margin-bottom: 10px;\"><div class=\"element-inner\" style=\"margin-left: 10px;\"><a href=\"https:\/\/lps-photography.de\/wp-content\/uploads\/2024\/09\/Son-Mesquida-Nou-Mallorca-Hochzeit-10.jpg\" data-size=\"1920x1280\" data-href=\"https:\/\/lps-photography.de\/wp-content\/uploads\/2024\/09\/Son-Mesquida-Nou-Mallorca-Hochzeit-10.jpg\" class=\"thumb-wrap\" title=\"Die formell gekleideten G\u00e4ste l\u00e4cheln und unterhalten sich zwischen Reihen von Holzst\u00fchlen bei einer Hochzeit im Freien, mit den rustikalen Steingeb\u00e4uden der Finca Son Mesquisa Nou im Hintergrund - wundersch\u00f6n eingefangen von Hochzeitsfotograf Lukas P. Schmidt.\"><div class=\"flip-wrap\"><div data-aspect-ratio=\"1.5\" style = \"padding-bottom : 66.666666666667%;;\" class=\"flip-img-wrap none-effect\"><img decoding=\"async\" src=\"https:\/\/lps-photography.de\/wp-content\/uploads\/2024\/09\/Son-Mesquida-Nou-Mallorca-Hochzeit-10-650x433.jpg\" alt=\"Die formell gekleideten G\u00e4ste l\u00e4cheln und unterhalten sich zwischen Reihen von Holzst\u00fchlen bei einer Hochzeit im Freien, mit den rustikalen Steingeb\u00e4uden der Finca Son Mesquisa Nou im Hintergrund - wundersch\u00f6n eingefangen von Hochzeitsfotograf Lukas P. Schmidt.\" data-attr=\"0\"\/><\/div><\/div><div class=\"thumb-overlay\"><div class=\"thumb-bg\" style=\"background-color:rgba(255,255,255,0);background:rgba(255,255,255,0)\"><div class=\"thumb-title-wrap display-table-cell vertical-align-middle align-center fadeIn animated\"><div class=\"thumb-title\" style=\"color:;\"><i class=\"portfolio-overlay-icon\"><\/i><\/div><\/div><\/div><\/div><\/a><\/div><\/div><div class=\"element be-hoverlay not-wide no-wide-width-height style1-hover c_to_c\" style=\"margin-bottom: 10px;\"><div class=\"element-inner\" style=\"margin-left: 10px;\"><a href=\"https:\/\/lps-photography.de\/wp-content\/uploads\/2024\/09\/Son-Mesquida-Nou-Mallorca-Hochzeit-11.jpg\" data-size=\"1920x1280\" data-href=\"https:\/\/lps-photography.de\/wp-content\/uploads\/2024\/09\/Son-Mesquida-Nou-Mallorca-Hochzeit-11.jpg\" class=\"thumb-wrap\" title=\"Ein gro\u00dfer Hochzeitssitzplan steht auf einer Staffelei im Freien auf der Finca Son Mesquisa Nou, neben hohem gr\u00fcnem Gras, mit einer Topfpflanze und einem farbenfrohen Blumenarrangement an seiner Basis. Der Hochzeitsfotograf Lukas P. Schmidt hat die Szene mit B\u00e4umen und B\u00fcschen umrahmt.\"><div class=\"flip-wrap\"><div data-aspect-ratio=\"1.5\" style = \"padding-bottom : 66.666666666667%;;\" class=\"flip-img-wrap none-effect\"><img decoding=\"async\" src=\"https:\/\/lps-photography.de\/wp-content\/uploads\/2024\/09\/Son-Mesquida-Nou-Mallorca-Hochzeit-11-650x433.jpg\" alt=\"Ein gro\u00dfer Hochzeitssitzplan steht auf einer Staffelei im Freien auf der Finca Son Mesquisa Nou, neben hohem gr\u00fcnem Gras, mit einer Topfpflanze und einem farbenfrohen Blumenarrangement an seiner Basis. Der Hochzeitsfotograf Lukas P. Schmidt hat die Szene mit B\u00e4umen und B\u00fcschen umrahmt.\" data-attr=\"0\"\/><\/div><\/div><div class=\"thumb-overlay\"><div class=\"thumb-bg\" style=\"background-color:rgba(255,255,255,0);background:rgba(255,255,255,0)\"><div class=\"thumb-title-wrap display-table-cell vertical-align-middle align-center fadeIn animated\"><div class=\"thumb-title\" style=\"color:;\"><i class=\"portfolio-overlay-icon\"><\/i><\/div><\/div><\/div><\/div><\/a><\/div><\/div><div class=\"element be-hoverlay not-wide no-wide-width-height style1-hover c_to_c\" style=\"margin-bottom: 10px;\"><div class=\"element-inner\" style=\"margin-left: 10px;\"><a href=\"https:\/\/lps-photography.de\/wp-content\/uploads\/2024\/09\/Son-Mesquida-Nou-Mallorca-Hochzeit-12.jpg\" data-size=\"1920x1280\" data-href=\"https:\/\/lps-photography.de\/wp-content\/uploads\/2024\/09\/Son-Mesquida-Nou-Mallorca-Hochzeit-12.jpg\" class=\"thumb-wrap\" title=\"Ein kleiner Junge mit einem wei\u00dfen Sonnenschirm steht zwischen leeren Holzst\u00fchlen und farbenfrohen Blumenarrangements bei einer Veranstaltung im Freien auf der Finca Son Mesquisa Nou, wundersch\u00f6n eingefangen von Hochzeitsfotograf Lukas P. Schmidt, w\u00e4hrend sich die Erwachsenen im Hintergrund unterhalten.\"><div class=\"flip-wrap\"><div data-aspect-ratio=\"1.5\" style = \"padding-bottom : 66.666666666667%;;\" class=\"flip-img-wrap none-effect\"><img decoding=\"async\" src=\"https:\/\/lps-photography.de\/wp-content\/uploads\/2024\/09\/Son-Mesquida-Nou-Mallorca-Hochzeit-12-650x433.jpg\" alt=\"Ein kleiner Junge mit einem wei\u00dfen Sonnenschirm steht zwischen leeren Holzst\u00fchlen und farbenfrohen Blumenarrangements bei einer Veranstaltung im Freien auf der Finca Son Mesquisa Nou, wundersch\u00f6n eingefangen von Hochzeitsfotograf Lukas P. Schmidt, w\u00e4hrend sich die Erwachsenen im Hintergrund unterhalten.\" data-attr=\"0\"\/><\/div><\/div><div class=\"thumb-overlay\"><div class=\"thumb-bg\" style=\"background-color:rgba(255,255,255,0);background:rgba(255,255,255,0)\"><div class=\"thumb-title-wrap display-table-cell vertical-align-middle align-center fadeIn animated\"><div class=\"thumb-title\" style=\"color:;\"><i class=\"portfolio-overlay-icon\"><\/i><\/div><\/div><\/div><\/div><\/a><\/div><\/div><div class=\"element be-hoverlay not-wide no-wide-width-height style1-hover c_to_c\" style=\"margin-bottom: 10px;\"><div class=\"element-inner\" style=\"margin-left: 10px;\"><a href=\"https:\/\/lps-photography.de\/wp-content\/uploads\/2024\/09\/Son-Mesquida-Nou-Mallorca-Hochzeit-13.jpg\" data-size=\"1920x1280\" data-href=\"https:\/\/lps-photography.de\/wp-content\/uploads\/2024\/09\/Son-Mesquida-Nou-Mallorca-Hochzeit-13.jpg\" class=\"thumb-wrap\" title=\"Auf der Finca Son Mesquisa Nou singt eine Frau in einem leichten Kleid in ein Mikrofon, w\u00e4hrend ein Mann mit Hut und Sonnenbrille akustische Gitarre spielt. Beide sitzen im Freien, umgeben von B\u00e4umen - wundersch\u00f6n eingefangen von Hochzeitsfotograf Lukas P. Schmidt.\"><div class=\"flip-wrap\"><div data-aspect-ratio=\"1.5\" style = \"padding-bottom : 66.666666666667%;;\" class=\"flip-img-wrap none-effect\"><img decoding=\"async\" src=\"https:\/\/lps-photography.de\/wp-content\/uploads\/2024\/09\/Son-Mesquida-Nou-Mallorca-Hochzeit-13-650x433.jpg\" alt=\"Auf der Finca Son Mesquisa Nou singt eine Frau in einem leichten Kleid in ein Mikrofon, w\u00e4hrend ein Mann mit Hut und Sonnenbrille akustische Gitarre spielt. Beide sitzen im Freien, umgeben von B\u00e4umen - wundersch\u00f6n eingefangen von Hochzeitsfotograf Lukas P. Schmidt.\" data-attr=\"0\"\/><\/div><\/div><div class=\"thumb-overlay\"><div class=\"thumb-bg\" style=\"background-color:rgba(255,255,255,0);background:rgba(255,255,255,0)\"><div class=\"thumb-title-wrap display-table-cell vertical-align-middle align-center fadeIn animated\"><div class=\"thumb-title\" style=\"color:;\"><i class=\"portfolio-overlay-icon\"><\/i><\/div><\/div><\/div><\/div><\/a><\/div><\/div><div class=\"element be-hoverlay not-wide no-wide-width-height style1-hover c_to_c\" style=\"margin-bottom: 10px;\"><div class=\"element-inner\" style=\"margin-left: 10px;\"><a href=\"https:\/\/lps-photography.de\/wp-content\/uploads\/2024\/09\/Son-Mesquida-Nou-Mallorca-Hochzeit-14.jpg\" data-size=\"1920x1280\" data-href=\"https:\/\/lps-photography.de\/wp-content\/uploads\/2024\/09\/Son-Mesquida-Nou-Mallorca-Hochzeit-14.jpg\" class=\"thumb-wrap\" title=\"Ein kleiner Junge in Hosentr\u00e4gern und Fliege streut Blumenbl\u00e4tter aus einem Korb, w\u00e4hrend er den Gang im Freien auf der Finca Son mesquisa nou hinuntergeht, w\u00e4hrend die G\u00e4ste im Hintergrund l\u00e4cheln - aufgenommen von Hochzeitsfotograf Lukas P. Schmidt.\"><div class=\"flip-wrap\"><div data-aspect-ratio=\"1.5\" style = \"padding-bottom : 66.666666666667%;;\" class=\"flip-img-wrap none-effect\"><img decoding=\"async\" src=\"https:\/\/lps-photography.de\/wp-content\/uploads\/2024\/09\/Son-Mesquida-Nou-Mallorca-Hochzeit-14-650x433.jpg\" alt=\"Ein kleiner Junge in Hosentr\u00e4gern und Fliege streut Blumenbl\u00e4tter aus einem Korb, w\u00e4hrend er den Gang im Freien auf der Finca Son mesquisa nou hinuntergeht, w\u00e4hrend die G\u00e4ste im Hintergrund l\u00e4cheln - aufgenommen von Hochzeitsfotograf Lukas P. Schmidt.\" data-attr=\"0\"\/><\/div><\/div><div class=\"thumb-overlay\"><div class=\"thumb-bg\" style=\"background-color:rgba(255,255,255,0);background:rgba(255,255,255,0)\"><div class=\"thumb-title-wrap display-table-cell vertical-align-middle align-center fadeIn animated\"><div class=\"thumb-title\" style=\"color:;\"><i class=\"portfolio-overlay-icon\"><\/i><\/div><\/div><\/div><\/div><\/a><\/div><\/div><div class=\"element be-hoverlay not-wide no-wide-width-height style1-hover c_to_c\" style=\"margin-bottom: 10px;\"><div class=\"element-inner\" style=\"margin-left: 10px;\"><a href=\"https:\/\/lps-photography.de\/wp-content\/uploads\/2024\/09\/Son-Mesquida-Nou-Mallorca-Hochzeit-15.jpg\" data-size=\"1920x1280\" data-href=\"https:\/\/lps-photography.de\/wp-content\/uploads\/2024\/09\/Son-Mesquida-Nou-Mallorca-Hochzeit-15.jpg\" class=\"thumb-wrap\" title=\"Ein l\u00e4chelndes, formell gekleidetes Paar sitzt im Freien, h\u00e4lt sich an den H\u00e4nden und lacht w\u00e4hrend einer Zeremonie auf der Finca Son Mesquisa Nou, mit unscharfen G\u00e4sten im Vordergrund - wundersch\u00f6n eingefangen von Hochzeitsfotograf Lukas P. Schmidt.\"><div class=\"flip-wrap\"><div data-aspect-ratio=\"1.5\" style = \"padding-bottom : 66.666666666667%;;\" class=\"flip-img-wrap none-effect\"><img decoding=\"async\" src=\"https:\/\/lps-photography.de\/wp-content\/uploads\/2024\/09\/Son-Mesquida-Nou-Mallorca-Hochzeit-15-650x433.jpg\" alt=\"Ein l\u00e4chelndes, formell gekleidetes Paar sitzt im Freien, h\u00e4lt sich an den H\u00e4nden und lacht w\u00e4hrend einer Zeremonie auf der Finca Son Mesquisa Nou, mit unscharfen G\u00e4sten im Vordergrund - wundersch\u00f6n eingefangen von Hochzeitsfotograf Lukas P. Schmidt.\" data-attr=\"0\"\/><\/div><\/div><div class=\"thumb-overlay\"><div class=\"thumb-bg\" style=\"background-color:rgba(255,255,255,0);background:rgba(255,255,255,0)\"><div class=\"thumb-title-wrap display-table-cell vertical-align-middle align-center fadeIn animated\"><div class=\"thumb-title\" style=\"color:;\"><i class=\"portfolio-overlay-icon\"><\/i><\/div><\/div><\/div><\/div><\/a><\/div><\/div><div class=\"element be-hoverlay not-wide no-wide-width-height style1-hover c_to_c\" style=\"margin-bottom: 10px;\"><div class=\"element-inner\" style=\"margin-left: 10px;\"><a href=\"https:\/\/lps-photography.de\/wp-content\/uploads\/2024\/09\/Son-Mesquida-Nou-Mallorca-Hochzeit-16.jpg\" data-size=\"1920x1280\" data-href=\"https:\/\/lps-photography.de\/wp-content\/uploads\/2024\/09\/Son-Mesquida-Nou-Mallorca-Hochzeit-16.jpg\" class=\"thumb-wrap\" title=\"Braut und Br\u00e4utigam sitzen Seite an Seite auf Holzst\u00fchlen im Freien der Finca Son mesquisa nou und halten sich an den H\u00e4nden. Aufgenommen von Hochzeitsfotograf Lukas P. Schmidt tr\u00e4gt die Braut ein wei\u00dfes Spitzenkleid und einen Blumenstrau\u00df, der Br\u00e4utigam einen gr\u00fcnen Anzug und braune Halbschuhe.\"><div class=\"flip-wrap\"><div data-aspect-ratio=\"1.5\" style = \"padding-bottom : 66.666666666667%;;\" class=\"flip-img-wrap none-effect\"><img decoding=\"async\" src=\"https:\/\/lps-photography.de\/wp-content\/uploads\/2024\/09\/Son-Mesquida-Nou-Mallorca-Hochzeit-16-650x433.jpg\" alt=\"Braut und Br\u00e4utigam sitzen Seite an Seite auf Holzst\u00fchlen im Freien der Finca Son mesquisa nou und halten sich an den H\u00e4nden. Aufgenommen von Hochzeitsfotograf Lukas P. Schmidt tr\u00e4gt die Braut ein wei\u00dfes Spitzenkleid und einen Blumenstrau\u00df, der Br\u00e4utigam einen gr\u00fcnen Anzug und braune Halbschuhe.\" data-attr=\"0\"\/><\/div><\/div><div class=\"thumb-overlay\"><div class=\"thumb-bg\" style=\"background-color:rgba(255,255,255,0);background:rgba(255,255,255,0)\"><div class=\"thumb-title-wrap display-table-cell vertical-align-middle align-center fadeIn animated\"><div class=\"thumb-title\" style=\"color:;\"><i class=\"portfolio-overlay-icon\"><\/i><\/div><\/div><\/div><\/div><\/a><\/div><\/div><div class=\"element be-hoverlay not-wide no-wide-width-height style1-hover c_to_c\" style=\"margin-bottom: 10px;\"><div class=\"element-inner\" style=\"margin-left: 10px;\"><a href=\"https:\/\/lps-photography.de\/wp-content\/uploads\/2024\/09\/Son-Mesquida-Nou-Mallorca-Hochzeit-17.jpg\" data-size=\"1920x1280\" data-href=\"https:\/\/lps-photography.de\/wp-content\/uploads\/2024\/09\/Son-Mesquida-Nou-Mallorca-Hochzeit-17.jpg\" class=\"thumb-wrap\" title=\"Eine Hochzeitszeremonie im Freien auf der Finca Son mesquisa nou. Die G\u00e4ste sitzen in Reihen, das Paar steht ganz vorne, und eine Frau spricht zu ihnen. Die Szene wird von gro\u00dfen B\u00e4umen und rustikalen Geb\u00e4uden beschattet - eingefangen von Hochzeitsfotograf Lukas P. Schmidt.\"><div class=\"flip-wrap\"><div data-aspect-ratio=\"1.5\" style = \"padding-bottom : 66.666666666667%;;\" class=\"flip-img-wrap none-effect\"><img decoding=\"async\" src=\"https:\/\/lps-photography.de\/wp-content\/uploads\/2024\/09\/Son-Mesquida-Nou-Mallorca-Hochzeit-17-650x433.jpg\" alt=\"Eine Hochzeitszeremonie im Freien auf der Finca Son mesquisa nou. Die G\u00e4ste sitzen in Reihen, das Paar steht ganz vorne, und eine Frau spricht zu ihnen. Die Szene wird von gro\u00dfen B\u00e4umen und rustikalen Geb\u00e4uden beschattet - eingefangen von Hochzeitsfotograf Lukas P. Schmidt.\" data-attr=\"0\"\/><\/div><\/div><div class=\"thumb-overlay\"><div class=\"thumb-bg\" style=\"background-color:rgba(255,255,255,0);background:rgba(255,255,255,0)\"><div class=\"thumb-title-wrap display-table-cell vertical-align-middle align-center fadeIn animated\"><div class=\"thumb-title\" style=\"color:;\"><i class=\"portfolio-overlay-icon\"><\/i><\/div><\/div><\/div><\/div><\/a><\/div><\/div><div class=\"element be-hoverlay not-wide no-wide-width-height style1-hover c_to_c\" style=\"margin-bottom: 10px;\"><div class=\"element-inner\" style=\"margin-left: 10px;\"><a href=\"https:\/\/lps-photography.de\/wp-content\/uploads\/2024\/09\/Son-Mesquida-Nou-Mallorca-Hochzeit-18.jpg\" data-size=\"1920x1280\" data-href=\"https:\/\/lps-photography.de\/wp-content\/uploads\/2024\/09\/Son-Mesquida-Nou-Mallorca-Hochzeit-18.jpg\" class=\"thumb-wrap\" title=\"Ein l\u00e4chelndes Paar sitzt auf der Finca Son Mesquisa Nou im Freien unter einem wei\u00dfen Sonnenschirm. Der Mann in einem gr\u00fcnen Anzug h\u00e4lt ihn \u00fcber die Frau in einem wei\u00dfen Spitzenkleid mit einem Blumenstrau\u00df. Aufgenommen von Hochzeitsfotograf Lukas P. Schmidt, halten sie sich an den H\u00e4nden und schauen freudig zur Seite.\"><div class=\"flip-wrap\"><div data-aspect-ratio=\"1.5\" style = \"padding-bottom : 66.666666666667%;;\" class=\"flip-img-wrap none-effect\"><img decoding=\"async\" src=\"https:\/\/lps-photography.de\/wp-content\/uploads\/2024\/09\/Son-Mesquida-Nou-Mallorca-Hochzeit-18-650x433.jpg\" alt=\"Ein l\u00e4chelndes Paar sitzt auf der Finca Son Mesquisa Nou im Freien unter einem wei\u00dfen Sonnenschirm. Der Mann in einem gr\u00fcnen Anzug h\u00e4lt ihn \u00fcber die Frau in einem wei\u00dfen Spitzenkleid mit einem Blumenstrau\u00df. Aufgenommen von Hochzeitsfotograf Lukas P. Schmidt, halten sie sich an den H\u00e4nden und schauen freudig zur Seite.\" data-attr=\"0\"\/><\/div><\/div><div class=\"thumb-overlay\"><div class=\"thumb-bg\" style=\"background-color:rgba(255,255,255,0);background:rgba(255,255,255,0)\"><div class=\"thumb-title-wrap display-table-cell vertical-align-middle align-center fadeIn animated\"><div class=\"thumb-title\" style=\"color:;\"><i class=\"portfolio-overlay-icon\"><\/i><\/div><\/div><\/div><\/div><\/a><\/div><\/div><div class=\"element be-hoverlay not-wide no-wide-width-height style1-hover c_to_c\" style=\"margin-bottom: 10px;\"><div class=\"element-inner\" style=\"margin-left: 10px;\"><a href=\"https:\/\/lps-photography.de\/wp-content\/uploads\/2024\/09\/Son-Mesquida-Nou-Mallorca-Hochzeit-19.jpg\" data-size=\"1920x1280\" data-href=\"https:\/\/lps-photography.de\/wp-content\/uploads\/2024\/09\/Son-Mesquida-Nou-Mallorca-Hochzeit-19.jpg\" class=\"thumb-wrap\" title=\"Auf der Finca Son Mesquisa Nou sitzt ein Paar bei seiner Hochzeitszeremonie im Freien auf Holzst\u00fchlen. Hochzeitsfotograf Lukas P. Schmidt f\u00e4ngt den Mann im gr\u00fcnen Anzug ein, der einen Sonnenschirm \u00fcber sie h\u00e4lt, w\u00e4hrend bunte Blumen einen nahen Baum schm\u00fccken.\"><div class=\"flip-wrap\"><div data-aspect-ratio=\"1.5\" style = \"padding-bottom : 66.666666666667%;;\" class=\"flip-img-wrap none-effect\"><img decoding=\"async\" src=\"https:\/\/lps-photography.de\/wp-content\/uploads\/2024\/09\/Son-Mesquida-Nou-Mallorca-Hochzeit-19-650x433.jpg\" alt=\"Auf der Finca Son Mesquisa Nou sitzt ein Paar bei seiner Hochzeitszeremonie im Freien auf Holzst\u00fchlen. Hochzeitsfotograf Lukas P. Schmidt f\u00e4ngt den Mann im gr\u00fcnen Anzug ein, der einen Sonnenschirm \u00fcber sie h\u00e4lt, w\u00e4hrend bunte Blumen einen nahen Baum schm\u00fccken.\" data-attr=\"0\"\/><\/div><\/div><div class=\"thumb-overlay\"><div class=\"thumb-bg\" style=\"background-color:rgba(255,255,255,0);background:rgba(255,255,255,0)\"><div class=\"thumb-title-wrap display-table-cell vertical-align-middle align-center fadeIn animated\"><div class=\"thumb-title\" style=\"color:;\"><i class=\"portfolio-overlay-icon\"><\/i><\/div><\/div><\/div><\/div><\/a><\/div><\/div><div class=\"element be-hoverlay not-wide no-wide-width-height style1-hover c_to_c\" style=\"margin-bottom: 10px;\"><div class=\"element-inner\" style=\"margin-left: 10px;\"><a href=\"https:\/\/lps-photography.de\/wp-content\/uploads\/2024\/09\/Son-Mesquida-Nou-Mallorca-Hochzeit-20.jpg\" data-size=\"1280x1920\" data-href=\"https:\/\/lps-photography.de\/wp-content\/uploads\/2024\/09\/Son-Mesquida-Nou-Mallorca-Hochzeit-20.jpg\" class=\"thumb-wrap\" title=\"Ein Paar sitzt Seite an Seite im Freien auf der Finca Son Mesquisa Nou und l\u00e4chelt sich an. Die Frau in einem wei\u00dfen Spitzenkleid h\u00e4lt einen Blumenstrau\u00df und einen Sonnenschirm, w\u00e4hrend der Mann im gr\u00fcnen Anzug eine Boutonni\u00e8re tr\u00e4gt. Aufgenommen von Hochzeitsfotograf Lukas P. Schmidt.\"><div class=\"flip-wrap\"><div data-aspect-ratio=\"0.67\" style = \"padding-bottom : 150%;;\" class=\"flip-img-wrap none-effect\"><img decoding=\"async\" src=\"https:\/\/lps-photography.de\/wp-content\/uploads\/2024\/09\/Son-Mesquida-Nou-Mallorca-Hochzeit-20-650x975.jpg\" alt=\"Ein Paar sitzt Seite an Seite im Freien auf der Finca Son Mesquisa Nou und l\u00e4chelt sich an. Die Frau in einem wei\u00dfen Spitzenkleid h\u00e4lt einen Blumenstrau\u00df und einen Sonnenschirm, w\u00e4hrend der Mann im gr\u00fcnen Anzug eine Boutonni\u00e8re tr\u00e4gt. Aufgenommen von Hochzeitsfotograf Lukas P. Schmidt.\" data-attr=\"0\"\/><\/div><\/div><div class=\"thumb-overlay\"><div class=\"thumb-bg\" style=\"background-color:rgba(255,255,255,0);background:rgba(255,255,255,0)\"><div class=\"thumb-title-wrap display-table-cell vertical-align-middle align-center fadeIn animated\"><div class=\"thumb-title\" style=\"color:;\"><i class=\"portfolio-overlay-icon\"><\/i><\/div><\/div><\/div><\/div><\/a><\/div><\/div><div class=\"element be-hoverlay not-wide no-wide-width-height style1-hover c_to_c\" style=\"margin-bottom: 10px;\"><div class=\"element-inner\" style=\"margin-left: 10px;\"><a href=\"https:\/\/lps-photography.de\/wp-content\/uploads\/2024\/09\/Son-Mesquida-Nou-Mallorca-Hochzeit-21.jpg\" data-size=\"1920x1280\" data-href=\"https:\/\/lps-photography.de\/wp-content\/uploads\/2024\/09\/Son-Mesquida-Nou-Mallorca-Hochzeit-21.jpg\" class=\"thumb-wrap\" title=\"Ein fr\u00f6hliches Paar h\u00e4lt sich an den H\u00e4nden und lacht w\u00e4hrend einer Hochzeit im Freien auf der Finca Son Mesquisa Nou, w\u00e4hrend eine Frau in einem gebl\u00fcmten Kleid hinter ihnen die Arme zur Feier des Tages hebt. B\u00e4ume und Blumendekorationen umgeben sie, aufgenommen von Hochzeitsfotograf Lukas P. Schmidt.\"><div class=\"flip-wrap\"><div data-aspect-ratio=\"1.5\" style = \"padding-bottom : 66.666666666667%;;\" class=\"flip-img-wrap none-effect\"><img decoding=\"async\" src=\"https:\/\/lps-photography.de\/wp-content\/uploads\/2024\/09\/Son-Mesquida-Nou-Mallorca-Hochzeit-21-650x433.jpg\" alt=\"Ein fr\u00f6hliches Paar h\u00e4lt sich an den H\u00e4nden und lacht w\u00e4hrend einer Hochzeit im Freien auf der Finca Son Mesquisa Nou, w\u00e4hrend eine Frau in einem gebl\u00fcmten Kleid hinter ihnen die Arme zur Feier des Tages hebt. B\u00e4ume und Blumendekorationen umgeben sie, aufgenommen von Hochzeitsfotograf Lukas P. Schmidt.\" data-attr=\"0\"\/><\/div><\/div><div class=\"thumb-overlay\"><div class=\"thumb-bg\" style=\"background-color:rgba(255,255,255,0);background:rgba(255,255,255,0)\"><div class=\"thumb-title-wrap display-table-cell vertical-align-middle align-center fadeIn animated\"><div class=\"thumb-title\" style=\"color:;\"><i class=\"portfolio-overlay-icon\"><\/i><\/div><\/div><\/div><\/div><\/a><\/div><\/div><div class=\"element be-hoverlay not-wide no-wide-width-height style1-hover c_to_c\" style=\"margin-bottom: 10px;\"><div class=\"element-inner\" style=\"margin-left: 10px;\"><a href=\"https:\/\/lps-photography.de\/wp-content\/uploads\/2024\/09\/Son-Mesquida-Nou-Mallorca-Hochzeit-22.jpg\" data-size=\"1920x1280\" data-href=\"https:\/\/lps-photography.de\/wp-content\/uploads\/2024\/09\/Son-Mesquida-Nou-Mallorca-Hochzeit-22.jpg\" class=\"thumb-wrap\" title=\"Eine Frau singt in ein Mikrofon, w\u00e4hrend ein Mann neben ihr im Freien auf der Finca Son mesquisa nou eine akustische Gitarre spielt. Beide tragen Sonnenbrillen, der Mann einen Hut. Aufgenommen von Hochzeitsfotograf Lukas P. Schmidt vor einer unscharfen Menschenmenge unter B\u00e4umen.\"><div class=\"flip-wrap\"><div data-aspect-ratio=\"1.5\" style = \"padding-bottom : 66.666666666667%;;\" class=\"flip-img-wrap none-effect\"><img decoding=\"async\" src=\"https:\/\/lps-photography.de\/wp-content\/uploads\/2024\/09\/Son-Mesquida-Nou-Mallorca-Hochzeit-22-650x433.jpg\" alt=\"Eine Frau singt in ein Mikrofon, w\u00e4hrend ein Mann neben ihr im Freien auf der Finca Son mesquisa nou eine akustische Gitarre spielt. Beide tragen Sonnenbrillen, der Mann einen Hut. Aufgenommen von Hochzeitsfotograf Lukas P. Schmidt vor einer unscharfen Menschenmenge unter B\u00e4umen.\" data-attr=\"0\"\/><\/div><\/div><div class=\"thumb-overlay\"><div class=\"thumb-bg\" style=\"background-color:rgba(255,255,255,0);background:rgba(255,255,255,0)\"><div class=\"thumb-title-wrap display-table-cell vertical-align-middle align-center fadeIn animated\"><div class=\"thumb-title\" style=\"color:;\"><i class=\"portfolio-overlay-icon\"><\/i><\/div><\/div><\/div><\/div><\/a><\/div><\/div><div class=\"element be-hoverlay not-wide no-wide-width-height style1-hover c_to_c\" style=\"margin-bottom: 10px;\"><div class=\"element-inner\" style=\"margin-left: 10px;\"><a href=\"https:\/\/lps-photography.de\/wp-content\/uploads\/2024\/09\/Son-Mesquida-Nou-Mallorca-Hochzeit-23.jpg\" data-size=\"1920x1280\" data-href=\"https:\/\/lps-photography.de\/wp-content\/uploads\/2024\/09\/Son-Mesquida-Nou-Mallorca-Hochzeit-23.jpg\" class=\"thumb-wrap\" title=\"Eine Frau in einem wei\u00dfen Spitzenkleid und ein Mann in einem dunklen Anzug lachen zusammen, w\u00e4hrend sie an einem Holztisch im Freien auf der Finca Son Mesquisa Nou Papiere unterschreiben, aufgenommen von Hochzeitsfotograf Lukas P. Schmidt. Bunte Herzen schm\u00fccken die Box zwischen ihnen, und B\u00e4ume umgeben sie.\"><div class=\"flip-wrap\"><div data-aspect-ratio=\"1.5\" style = \"padding-bottom : 66.666666666667%;;\" class=\"flip-img-wrap none-effect\"><img decoding=\"async\" src=\"https:\/\/lps-photography.de\/wp-content\/uploads\/2024\/09\/Son-Mesquida-Nou-Mallorca-Hochzeit-23-650x433.jpg\" alt=\"Eine Frau in einem wei\u00dfen Spitzenkleid und ein Mann in einem dunklen Anzug lachen zusammen, w\u00e4hrend sie an einem Holztisch im Freien auf der Finca Son Mesquisa Nou Papiere unterschreiben, aufgenommen von Hochzeitsfotograf Lukas P. Schmidt. Bunte Herzen schm\u00fccken die Box zwischen ihnen, und B\u00e4ume umgeben sie.\" data-attr=\"0\"\/><\/div><\/div><div class=\"thumb-overlay\"><div class=\"thumb-bg\" style=\"background-color:rgba(255,255,255,0);background:rgba(255,255,255,0)\"><div class=\"thumb-title-wrap display-table-cell vertical-align-middle align-center fadeIn animated\"><div class=\"thumb-title\" style=\"color:;\"><i class=\"portfolio-overlay-icon\"><\/i><\/div><\/div><\/div><\/div><\/a><\/div><\/div><div class=\"element be-hoverlay not-wide no-wide-width-height style1-hover c_to_c\" style=\"margin-bottom: 10px;\"><div class=\"element-inner\" style=\"margin-left: 10px;\"><a href=\"https:\/\/lps-photography.de\/wp-content\/uploads\/2024\/09\/Son-Mesquida-Nou-Mallorca-Hochzeit-24.jpg\" data-size=\"1920x1280\" data-href=\"https:\/\/lps-photography.de\/wp-content\/uploads\/2024\/09\/Son-Mesquida-Nou-Mallorca-Hochzeit-24.jpg\" class=\"thumb-wrap\" title=\"Ein Paar sitzt im Freien auf der Finca Son Mesquisa Nou zusammen, l\u00e4chelt und h\u00e4lt sich w\u00e4hrend einer Hochzeitszeremonie an den H\u00e4nden. Die Frau h\u00e4lt einen Blumenstrau\u00df und tr\u00e4gt ein hellblaues Kleid, w\u00e4hrend bunte Blumen und B\u00e4ume sie umgeben - aufgenommen von Hochzeitsfotograf Lukas P. Schmidt.\"><div class=\"flip-wrap\"><div data-aspect-ratio=\"1.5\" style = \"padding-bottom : 66.666666666667%;;\" class=\"flip-img-wrap none-effect\"><img decoding=\"async\" src=\"https:\/\/lps-photography.de\/wp-content\/uploads\/2024\/09\/Son-Mesquida-Nou-Mallorca-Hochzeit-24-650x433.jpg\" alt=\"Ein Paar sitzt im Freien auf der Finca Son Mesquisa Nou zusammen, l\u00e4chelt und h\u00e4lt sich w\u00e4hrend einer Hochzeitszeremonie an den H\u00e4nden. Die Frau h\u00e4lt einen Blumenstrau\u00df und tr\u00e4gt ein hellblaues Kleid, w\u00e4hrend bunte Blumen und B\u00e4ume sie umgeben - aufgenommen von Hochzeitsfotograf Lukas P. Schmidt.\" data-attr=\"0\"\/><\/div><\/div><div class=\"thumb-overlay\"><div class=\"thumb-bg\" style=\"background-color:rgba(255,255,255,0);background:rgba(255,255,255,0)\"><div class=\"thumb-title-wrap display-table-cell vertical-align-middle align-center fadeIn animated\"><div class=\"thumb-title\" style=\"color:;\"><i class=\"portfolio-overlay-icon\"><\/i><\/div><\/div><\/div><\/div><\/a><\/div><\/div><div class=\"element be-hoverlay not-wide no-wide-width-height style1-hover c_to_c\" style=\"margin-bottom: 10px;\"><div class=\"element-inner\" style=\"margin-left: 10px;\"><a href=\"https:\/\/lps-photography.de\/wp-content\/uploads\/2024\/09\/Son-Mesquida-Nou-Mallorca-Hochzeit-25.jpg\" data-size=\"1920x1280\" data-href=\"https:\/\/lps-photography.de\/wp-content\/uploads\/2024\/09\/Son-Mesquida-Nou-Mallorca-Hochzeit-25.jpg\" class=\"thumb-wrap\" title=\"Ein Mann in einem schwarzen Anzug spricht in ein Mikrofon zu einem sitzenden Paar bei ihrer Hochzeitszeremonie im Freien auf der Finca Son mesquisa nou, wundersch\u00f6n eingefangen von Hochzeitsfotograf Lukas P. Schmidt inmitten von B\u00e4umen und bunten Blumenarrangements.\"><div class=\"flip-wrap\"><div data-aspect-ratio=\"1.5\" style = \"padding-bottom : 66.666666666667%;;\" class=\"flip-img-wrap none-effect\"><img decoding=\"async\" src=\"https:\/\/lps-photography.de\/wp-content\/uploads\/2024\/09\/Son-Mesquida-Nou-Mallorca-Hochzeit-25-650x433.jpg\" alt=\"Ein Mann in einem schwarzen Anzug spricht in ein Mikrofon zu einem sitzenden Paar bei ihrer Hochzeitszeremonie im Freien auf der Finca Son mesquisa nou, wundersch\u00f6n eingefangen von Hochzeitsfotograf Lukas P. Schmidt inmitten von B\u00e4umen und bunten Blumenarrangements.\" data-attr=\"0\"\/><\/div><\/div><div class=\"thumb-overlay\"><div class=\"thumb-bg\" style=\"background-color:rgba(255,255,255,0);background:rgba(255,255,255,0)\"><div class=\"thumb-title-wrap display-table-cell vertical-align-middle align-center fadeIn animated\"><div class=\"thumb-title\" style=\"color:;\"><i class=\"portfolio-overlay-icon\"><\/i><\/div><\/div><\/div><\/div><\/a><\/div><\/div><div class=\"element be-hoverlay not-wide no-wide-width-height style1-hover c_to_c\" style=\"margin-bottom: 10px;\"><div class=\"element-inner\" style=\"margin-left: 10px;\"><a href=\"https:\/\/lps-photography.de\/wp-content\/uploads\/2024\/09\/Son-Mesquida-Nou-Mallorca-Hochzeit-26.jpg\" data-size=\"1920x1280\" data-href=\"https:\/\/lps-photography.de\/wp-content\/uploads\/2024\/09\/Son-Mesquida-Nou-Mallorca-Hochzeit-26.jpg\" class=\"thumb-wrap\" title=\"Ein l\u00e4chelndes Paar in Hochzeitskleidung spaziert Hand in Hand im Freien auf der Finca Son mesquisa nou, umgeben von Gr\u00fcnpflanzen und G\u00e4sten. Aufgenommen von Hochzeitsfotograf Lukas P. Schmidt, erf\u00fcllt Lachen die Luft, w\u00e4hrend Seifenblasen schweben und eine Frau mit einem Mikrofon strahlend l\u00e4chelt.\"><div class=\"flip-wrap\"><div data-aspect-ratio=\"1.5\" style = \"padding-bottom : 66.666666666667%;;\" class=\"flip-img-wrap none-effect\"><img decoding=\"async\" src=\"https:\/\/lps-photography.de\/wp-content\/uploads\/2024\/09\/Son-Mesquida-Nou-Mallorca-Hochzeit-26-650x433.jpg\" alt=\"Ein l\u00e4chelndes Paar in Hochzeitskleidung spaziert Hand in Hand im Freien auf der Finca Son mesquisa nou, umgeben von Gr\u00fcnpflanzen und G\u00e4sten. Aufgenommen von Hochzeitsfotograf Lukas P. Schmidt, erf\u00fcllt Lachen die Luft, w\u00e4hrend Seifenblasen schweben und eine Frau mit einem Mikrofon strahlend l\u00e4chelt.\" data-attr=\"0\"\/><\/div><\/div><div class=\"thumb-overlay\"><div class=\"thumb-bg\" style=\"background-color:rgba(255,255,255,0);background:rgba(255,255,255,0)\"><div class=\"thumb-title-wrap display-table-cell vertical-align-middle align-center fadeIn animated\"><div class=\"thumb-title\" style=\"color:;\"><i class=\"portfolio-overlay-icon\"><\/i><\/div><\/div><\/div><\/div><\/a><\/div><\/div><div class=\"element be-hoverlay not-wide no-wide-width-height style1-hover c_to_c\" style=\"margin-bottom: 10px;\"><div class=\"element-inner\" style=\"margin-left: 10px;\"><a href=\"https:\/\/lps-photography.de\/wp-content\/uploads\/2024\/09\/Son-Mesquida-Nou-Mallorca-Hochzeit-27.jpg\" data-size=\"1920x1280\" data-href=\"https:\/\/lps-photography.de\/wp-content\/uploads\/2024\/09\/Son-Mesquida-Nou-Mallorca-Hochzeit-27.jpg\" class=\"thumb-wrap\" title=\"Ein frisch verheiratetes Paar l\u00e4chelt und h\u00e4lt sich an den H\u00e4nden, w\u00e4hrend es einen Gang im Freien auf der Finca Son mesquisa nou Mallorca hinuntergeht, umgeben von G\u00e4sten, die Seifenblasen blasen. Aufgenommen von Hochzeitsfotograf Lukas P. Schmidt, strahlt die Braut in einem wei\u00dfen Spitzenkleid mit Blumenstrau\u00df, der Br\u00e4utigam in einem dunklen Anzug.\"><div class=\"flip-wrap\"><div data-aspect-ratio=\"1.5\" style = \"padding-bottom : 66.666666666667%;;\" class=\"flip-img-wrap none-effect\"><img decoding=\"async\" src=\"https:\/\/lps-photography.de\/wp-content\/uploads\/2024\/09\/Son-Mesquida-Nou-Mallorca-Hochzeit-27-650x433.jpg\" alt=\"Ein frisch verheiratetes Paar l\u00e4chelt und h\u00e4lt sich an den H\u00e4nden, w\u00e4hrend es einen Gang im Freien auf der Finca Son mesquisa nou Mallorca hinuntergeht, umgeben von G\u00e4sten, die Seifenblasen blasen. Aufgenommen von Hochzeitsfotograf Lukas P. Schmidt, strahlt die Braut in einem wei\u00dfen Spitzenkleid mit Blumenstrau\u00df, der Br\u00e4utigam in einem dunklen Anzug.\" data-attr=\"0\"\/><\/div><\/div><div class=\"thumb-overlay\"><div class=\"thumb-bg\" style=\"background-color:rgba(255,255,255,0);background:rgba(255,255,255,0)\"><div class=\"thumb-title-wrap display-table-cell vertical-align-middle align-center fadeIn animated\"><div class=\"thumb-title\" style=\"color:;\"><i class=\"portfolio-overlay-icon\"><\/i><\/div><\/div><\/div><\/div><\/a><\/div><\/div><div class=\"element be-hoverlay not-wide no-wide-width-height style1-hover c_to_c\" style=\"margin-bottom: 10px;\"><div class=\"element-inner\" style=\"margin-left: 10px;\"><a href=\"https:\/\/lps-photography.de\/wp-content\/uploads\/2024\/09\/Son-Mesquida-Nou-Mallorca-Hochzeit-28.jpg\" data-size=\"1920x1280\" data-href=\"https:\/\/lps-photography.de\/wp-content\/uploads\/2024\/09\/Son-Mesquida-Nou-Mallorca-Hochzeit-28.jpg\" class=\"thumb-wrap\" title=\"Braut und Br\u00e4utigam schreiten freudig einen Gang im Freien auf der Finca Son mesquisa nou Mallorca hinunter, w\u00e4hrend die G\u00e4ste Seifenblasen pusten und klatschen. Aufgenommen von Hochzeitsfotograf Lukas P. Schmidt, erfreut sich das l\u00e4chelnde Paar an den leger gekleideten Freunden und der Familie.\"><div class=\"flip-wrap\"><div data-aspect-ratio=\"1.5\" style = \"padding-bottom : 66.666666666667%;;\" class=\"flip-img-wrap none-effect\"><img decoding=\"async\" src=\"https:\/\/lps-photography.de\/wp-content\/uploads\/2024\/09\/Son-Mesquida-Nou-Mallorca-Hochzeit-28-650x433.jpg\" alt=\"Braut und Br\u00e4utigam schreiten freudig einen Gang im Freien auf der Finca Son mesquisa nou Mallorca hinunter, w\u00e4hrend die G\u00e4ste Seifenblasen pusten und klatschen. Aufgenommen von Hochzeitsfotograf Lukas P. Schmidt, erfreut sich das l\u00e4chelnde Paar an den leger gekleideten Freunden und der Familie.\" data-attr=\"0\"\/><\/div><\/div><div class=\"thumb-overlay\"><div class=\"thumb-bg\" style=\"background-color:rgba(255,255,255,0);background:rgba(255,255,255,0)\"><div class=\"thumb-title-wrap display-table-cell vertical-align-middle align-center fadeIn animated\"><div class=\"thumb-title\" style=\"color:;\"><i class=\"portfolio-overlay-icon\"><\/i><\/div><\/div><\/div><\/div><\/a><\/div><\/div><div class=\"element be-hoverlay not-wide no-wide-width-height style1-hover c_to_c\" style=\"margin-bottom: 10px;\"><div class=\"element-inner\" style=\"margin-left: 10px;\"><a href=\"https:\/\/lps-photography.de\/wp-content\/uploads\/2024\/09\/Son-Mesquida-Nou-Mallorca-Hochzeit-29.jpg\" data-size=\"1920x1280\" data-href=\"https:\/\/lps-photography.de\/wp-content\/uploads\/2024\/09\/Son-Mesquida-Nou-Mallorca-Hochzeit-29.jpg\" class=\"thumb-wrap\" title=\"Eine Gruppe von Menschen in halb-formeller Kleidung h\u00e4lt Papierf\u00e4cher und Regenschirme in der Hand, w\u00e4hrend sie l\u00e4cheln und Seifenblasen im Freien auf der Finca Son Mesquisa Nou Mallorca ausblasen. So entsteht eine festliche, fr\u00f6hliche Atmosph\u00e4re, die Hochzeitsfotograf Lukas P. Schmidt eingefangen hat.\"><div class=\"flip-wrap\"><div data-aspect-ratio=\"1.5\" style = \"padding-bottom : 66.666666666667%;;\" class=\"flip-img-wrap none-effect\"><img decoding=\"async\" src=\"https:\/\/lps-photography.de\/wp-content\/uploads\/2024\/09\/Son-Mesquida-Nou-Mallorca-Hochzeit-29-650x433.jpg\" alt=\"Eine Gruppe von Menschen in halb-formeller Kleidung h\u00e4lt Papierf\u00e4cher und Regenschirme in der Hand, w\u00e4hrend sie l\u00e4cheln und Seifenblasen im Freien auf der Finca Son Mesquisa Nou Mallorca ausblasen. So entsteht eine festliche, fr\u00f6hliche Atmosph\u00e4re, die Hochzeitsfotograf Lukas P. Schmidt eingefangen hat.\" data-attr=\"0\"\/><\/div><\/div><div class=\"thumb-overlay\"><div class=\"thumb-bg\" style=\"background-color:rgba(255,255,255,0);background:rgba(255,255,255,0)\"><div class=\"thumb-title-wrap display-table-cell vertical-align-middle align-center fadeIn animated\"><div class=\"thumb-title\" style=\"color:;\"><i class=\"portfolio-overlay-icon\"><\/i><\/div><\/div><\/div><\/div><\/a><\/div><\/div><div class=\"element be-hoverlay not-wide no-wide-width-height style1-hover c_to_c\" style=\"margin-bottom: 10px;\"><div class=\"element-inner\" style=\"margin-left: 10px;\"><a href=\"https:\/\/lps-photography.de\/wp-content\/uploads\/2024\/09\/Son-Mesquida-Nou-Mallorca-Hochzeit-30.jpg\" data-size=\"1920x1280\" data-href=\"https:\/\/lps-photography.de\/wp-content\/uploads\/2024\/09\/Son-Mesquida-Nou-Mallorca-Hochzeit-30.jpg\" class=\"thumb-wrap\" title=\"Eine Gruppe von M\u00e4nnern in Anz\u00fcgen, einige mit Sonnenbrillen und H\u00fcten, spazieren gemeinsam im Freien auf einem sonnenbeschienenen, felsigen Weg auf der Finca Son Mesquisa Nou Mallorca, umgeben von B\u00e4umen und Gr\u00fcn - aufgenommen von Hochzeitsfotograf Lukas P. Schmidt.\"><div class=\"flip-wrap\"><div data-aspect-ratio=\"1.5\" style = \"padding-bottom : 66.666666666667%;;\" class=\"flip-img-wrap none-effect\"><img decoding=\"async\" src=\"https:\/\/lps-photography.de\/wp-content\/uploads\/2024\/09\/Son-Mesquida-Nou-Mallorca-Hochzeit-30-650x433.jpg\" alt=\"Eine Gruppe von M\u00e4nnern in Anz\u00fcgen, einige mit Sonnenbrillen und H\u00fcten, spazieren gemeinsam im Freien auf einem sonnenbeschienenen, felsigen Weg auf der Finca Son Mesquisa Nou Mallorca, umgeben von B\u00e4umen und Gr\u00fcn - aufgenommen von Hochzeitsfotograf Lukas P. Schmidt.\" data-attr=\"0\"\/><\/div><\/div><div class=\"thumb-overlay\"><div class=\"thumb-bg\" style=\"background-color:rgba(255,255,255,0);background:rgba(255,255,255,0)\"><div class=\"thumb-title-wrap display-table-cell vertical-align-middle align-center fadeIn animated\"><div class=\"thumb-title\" style=\"color:;\"><i class=\"portfolio-overlay-icon\"><\/i><\/div><\/div><\/div><\/div><\/a><\/div><\/div><div class=\"element be-hoverlay not-wide no-wide-width-height style1-hover c_to_c\" style=\"margin-bottom: 10px;\"><div class=\"element-inner\" style=\"margin-left: 10px;\"><a href=\"https:\/\/lps-photography.de\/wp-content\/uploads\/2024\/09\/Son-Mesquida-Nou-Mallorca-Hochzeit-31.jpg\" data-size=\"1920x1280\" data-href=\"https:\/\/lps-photography.de\/wp-content\/uploads\/2024\/09\/Son-Mesquida-Nou-Mallorca-Hochzeit-31.jpg\" class=\"thumb-wrap\" title=\"Eine Gruppe von Menschen sitzt drau\u00dfen auf der Finca Son Mesquisa Nou Mallorca in farbenfroher Kleidung, l\u00e4chelt und unterh\u00e4lt sich. Eine Frau in einem blauen Kleid lacht neben einem Mann in wei\u00dfem Hemd und Krawatte. Das Sonnenlicht f\u00e4llt durch die B\u00e4ume in dieser entspannten Szene von Hochzeitsfotograf Lukas P. Schmidt.\"><div class=\"flip-wrap\"><div data-aspect-ratio=\"1.5\" style = \"padding-bottom : 66.666666666667%;;\" class=\"flip-img-wrap none-effect\"><img decoding=\"async\" src=\"https:\/\/lps-photography.de\/wp-content\/uploads\/2024\/09\/Son-Mesquida-Nou-Mallorca-Hochzeit-31-650x433.jpg\" alt=\"Eine Gruppe von Menschen sitzt drau\u00dfen auf der Finca Son Mesquisa Nou Mallorca in farbenfroher Kleidung, l\u00e4chelt und unterh\u00e4lt sich. Eine Frau in einem blauen Kleid lacht neben einem Mann in wei\u00dfem Hemd und Krawatte. Das Sonnenlicht f\u00e4llt durch die B\u00e4ume in dieser entspannten Szene von Hochzeitsfotograf Lukas P. Schmidt.\" data-attr=\"0\"\/><\/div><\/div><div class=\"thumb-overlay\"><div class=\"thumb-bg\" style=\"background-color:rgba(255,255,255,0);background:rgba(255,255,255,0)\"><div class=\"thumb-title-wrap display-table-cell vertical-align-middle align-center fadeIn animated\"><div class=\"thumb-title\" style=\"color:;\"><i class=\"portfolio-overlay-icon\"><\/i><\/div><\/div><\/div><\/div><\/a><\/div><\/div><div class=\"element be-hoverlay not-wide no-wide-width-height style1-hover c_to_c\" style=\"margin-bottom: 10px;\"><div class=\"element-inner\" style=\"margin-left: 10px;\"><a href=\"https:\/\/lps-photography.de\/wp-content\/uploads\/2024\/09\/Son-Mesquida-Nou-Mallorca-Hochzeit-32.jpg\" data-size=\"1280x1920\" data-href=\"https:\/\/lps-photography.de\/wp-content\/uploads\/2024\/09\/Son-Mesquida-Nou-Mallorca-Hochzeit-32.jpg\" class=\"thumb-wrap\" title=\"Hochzeitsempfang im Freien auf der Finca Son Mesquisa Nou Mallorca, mit Holzst\u00fchlen und wei\u00df drapierten Tischen, bunten Blumen, blauen Gl\u00e4sern und Lichterketten. Wundersch\u00f6n festgehalten von Hochzeitsfotograf Lukas P. Schmidt.\"><div class=\"flip-wrap\"><div data-aspect-ratio=\"0.67\" style = \"padding-bottom : 150%;;\" class=\"flip-img-wrap none-effect\"><img decoding=\"async\" src=\"https:\/\/lps-photography.de\/wp-content\/uploads\/2024\/09\/Son-Mesquida-Nou-Mallorca-Hochzeit-32-650x975.jpg\" alt=\"Hochzeitsempfang im Freien auf der Finca Son Mesquisa Nou Mallorca, mit Holzst\u00fchlen und wei\u00df drapierten Tischen, bunten Blumen, blauen Gl\u00e4sern und Lichterketten. Wundersch\u00f6n festgehalten von Hochzeitsfotograf Lukas P. Schmidt.\" data-attr=\"0\"\/><\/div><\/div><div class=\"thumb-overlay\"><div class=\"thumb-bg\" style=\"background-color:rgba(255,255,255,0);background:rgba(255,255,255,0)\"><div class=\"thumb-title-wrap display-table-cell vertical-align-middle align-center fadeIn animated\"><div class=\"thumb-title\" style=\"color:;\"><i class=\"portfolio-overlay-icon\"><\/i><\/div><\/div><\/div><\/div><\/a><\/div><\/div><div class=\"element be-hoverlay not-wide no-wide-width-height style1-hover c_to_c\" style=\"margin-bottom: 10px;\"><div class=\"element-inner\" style=\"margin-left: 10px;\"><a href=\"https:\/\/lps-photography.de\/wp-content\/uploads\/2024\/09\/Son-Mesquida-Nou-Mallorca-Hochzeit-33.jpg\" data-size=\"1280x1920\" data-href=\"https:\/\/lps-photography.de\/wp-content\/uploads\/2024\/09\/Son-Mesquida-Nou-Mallorca-Hochzeit-33.jpg\" class=\"thumb-wrap\" title=\"Ein mit eleganten Gl\u00e4sern, blauen Kelchen und farbenfrohen Blumen gedeckter Tisch auf der Finca Son Mesquisa Nou Mallorca. Holzst\u00fchle umgeben den Tisch, der von Hochzeitsfotograf Lukas P. Schmidt vor einem sonnigen Geb\u00e4udehintergrund festgehalten wurde.\"><div class=\"flip-wrap\"><div data-aspect-ratio=\"0.67\" style = \"padding-bottom : 150%;;\" class=\"flip-img-wrap none-effect\"><img decoding=\"async\" src=\"https:\/\/lps-photography.de\/wp-content\/uploads\/2024\/09\/Son-Mesquida-Nou-Mallorca-Hochzeit-33-650x975.jpg\" alt=\"Ein mit eleganten Gl\u00e4sern, blauen Kelchen und farbenfrohen Blumen gedeckter Tisch auf der Finca Son Mesquisa Nou Mallorca. Holzst\u00fchle umgeben den Tisch, der von Hochzeitsfotograf Lukas P. Schmidt vor einem sonnigen Geb\u00e4udehintergrund festgehalten wurde.\" data-attr=\"0\"\/><\/div><\/div><div class=\"thumb-overlay\"><div class=\"thumb-bg\" style=\"background-color:rgba(255,255,255,0);background:rgba(255,255,255,0)\"><div class=\"thumb-title-wrap display-table-cell vertical-align-middle align-center fadeIn animated\"><div class=\"thumb-title\" style=\"color:;\"><i class=\"portfolio-overlay-icon\"><\/i><\/div><\/div><\/div><\/div><\/a><\/div><\/div><div class=\"element be-hoverlay not-wide no-wide-width-height style1-hover c_to_c\" style=\"margin-bottom: 10px;\"><div class=\"element-inner\" style=\"margin-left: 10px;\"><a href=\"https:\/\/lps-photography.de\/wp-content\/uploads\/2024\/09\/Son-Mesquida-Nou-Mallorca-Hochzeit-34.jpg\" data-size=\"1280x1920\" data-href=\"https:\/\/lps-photography.de\/wp-content\/uploads\/2024\/09\/Son-Mesquida-Nou-Mallorca-Hochzeit-34.jpg\" class=\"thumb-wrap\" title=\"Ein langer Esstisch im Freien mit Holzst\u00fchlen ist mit blauen Gl\u00e4sern und Blumenstr\u00e4u\u00dfen auf der Finca Son Mesquisa Nou Mallorca gedeckt, perfekt f\u00fcr die Feierlichkeiten, die Hochzeitsfotograf Lukas P. Schmidt festgehalten hat.\"><div class=\"flip-wrap\"><div data-aspect-ratio=\"0.67\" style = \"padding-bottom : 150%;;\" class=\"flip-img-wrap none-effect\"><img decoding=\"async\" src=\"https:\/\/lps-photography.de\/wp-content\/uploads\/2024\/09\/Son-Mesquida-Nou-Mallorca-Hochzeit-34-650x975.jpg\" alt=\"Ein langer Esstisch im Freien mit Holzst\u00fchlen ist mit blauen Gl\u00e4sern und Blumenstr\u00e4u\u00dfen auf der Finca Son Mesquisa Nou Mallorca gedeckt, perfekt f\u00fcr die Feierlichkeiten, die Hochzeitsfotograf Lukas P. Schmidt festgehalten hat.\" data-attr=\"0\"\/><\/div><\/div><div class=\"thumb-overlay\"><div class=\"thumb-bg\" style=\"background-color:rgba(255,255,255,0);background:rgba(255,255,255,0)\"><div class=\"thumb-title-wrap display-table-cell vertical-align-middle align-center fadeIn animated\"><div class=\"thumb-title\" style=\"color:;\"><i class=\"portfolio-overlay-icon\"><\/i><\/div><\/div><\/div><\/div><\/a><\/div><\/div><div class=\"element be-hoverlay not-wide no-wide-width-height style1-hover c_to_c\" style=\"margin-bottom: 10px;\"><div class=\"element-inner\" style=\"margin-left: 10px;\"><a href=\"https:\/\/lps-photography.de\/wp-content\/uploads\/2024\/09\/Son-Mesquida-Nou-Mallorca-Hochzeit-35.jpg\" data-size=\"1920x1280\" data-href=\"https:\/\/lps-photography.de\/wp-content\/uploads\/2024\/09\/Son-Mesquida-Nou-Mallorca-Hochzeit-35.jpg\" class=\"thumb-wrap\" title=\"Eine Gruppe von Menschen in halb-formeller Sommerkleidung trifft sich an einem sonnigen Tag im Freien auf der Finca Son Mesquisa Nou Mallorca. Hochzeitsfotograf Lukas P. Schmidt f\u00e4ngt das L\u00e4cheln ein, w\u00e4hrend B\u00e4ume und Gr\u00fcnfl\u00e4chen einen malerischen Hintergrund bilden.\"><div class=\"flip-wrap\"><div data-aspect-ratio=\"1.5\" style = \"padding-bottom : 66.666666666667%;;\" class=\"flip-img-wrap none-effect\"><img decoding=\"async\" src=\"https:\/\/lps-photography.de\/wp-content\/uploads\/2024\/09\/Son-Mesquida-Nou-Mallorca-Hochzeit-35-650x433.jpg\" alt=\"Eine Gruppe von Menschen in halb-formeller Sommerkleidung trifft sich an einem sonnigen Tag im Freien auf der Finca Son Mesquisa Nou Mallorca. Hochzeitsfotograf Lukas P. Schmidt f\u00e4ngt das L\u00e4cheln ein, w\u00e4hrend B\u00e4ume und Gr\u00fcnfl\u00e4chen einen malerischen Hintergrund bilden.\" data-attr=\"0\"\/><\/div><\/div><div class=\"thumb-overlay\"><div class=\"thumb-bg\" style=\"background-color:rgba(255,255,255,0);background:rgba(255,255,255,0)\"><div class=\"thumb-title-wrap display-table-cell vertical-align-middle align-center fadeIn animated\"><div class=\"thumb-title\" style=\"color:;\"><i class=\"portfolio-overlay-icon\"><\/i><\/div><\/div><\/div><\/div><\/a><\/div><\/div><div class=\"element be-hoverlay not-wide no-wide-width-height style1-hover c_to_c\" style=\"margin-bottom: 10px;\"><div class=\"element-inner\" style=\"margin-left: 10px;\"><a href=\"https:\/\/lps-photography.de\/wp-content\/uploads\/2024\/09\/Son-Mesquida-Nou-Mallorca-Hochzeit-36.jpg\" data-size=\"1920x1280\" data-href=\"https:\/\/lps-photography.de\/wp-content\/uploads\/2024\/09\/Son-Mesquida-Nou-Mallorca-Hochzeit-36.jpg\" class=\"thumb-wrap\" title=\"Vier halb-f\u00f6rmlich gekleidete Personen stehen im Freien der Finca Son Mesquisa Nou Mallorca und l\u00e4cheln und lachen unter einem blumengeschm\u00fcckten Baum. Das Sonnenlicht dringt durch die \u00c4ste, die der Hochzeitsfotograf Lukas P. Schmidt eingefangen hat, und schafft eine fr\u00f6hliche Atmosph\u00e4re.\"><div class=\"flip-wrap\"><div data-aspect-ratio=\"1.5\" style = \"padding-bottom : 66.666666666667%;;\" class=\"flip-img-wrap none-effect\"><img decoding=\"async\" src=\"https:\/\/lps-photography.de\/wp-content\/uploads\/2024\/09\/Son-Mesquida-Nou-Mallorca-Hochzeit-36-650x433.jpg\" alt=\"Vier halb-f\u00f6rmlich gekleidete Personen stehen im Freien der Finca Son Mesquisa Nou Mallorca und l\u00e4cheln und lachen unter einem blumengeschm\u00fcckten Baum. Das Sonnenlicht dringt durch die \u00c4ste, die der Hochzeitsfotograf Lukas P. Schmidt eingefangen hat, und schafft eine fr\u00f6hliche Atmosph\u00e4re.\" data-attr=\"0\"\/><\/div><\/div><div class=\"thumb-overlay\"><div class=\"thumb-bg\" style=\"background-color:rgba(255,255,255,0);background:rgba(255,255,255,0)\"><div class=\"thumb-title-wrap display-table-cell vertical-align-middle align-center fadeIn animated\"><div class=\"thumb-title\" style=\"color:;\"><i class=\"portfolio-overlay-icon\"><\/i><\/div><\/div><\/div><\/div><\/a><\/div><\/div><div class=\"element be-hoverlay not-wide no-wide-width-height style1-hover c_to_c\" style=\"margin-bottom: 10px;\"><div class=\"element-inner\" style=\"margin-left: 10px;\"><a href=\"https:\/\/lps-photography.de\/wp-content\/uploads\/2024\/09\/Son-Mesquida-Nou-Mallorca-Hochzeit-37.jpg\" data-size=\"1920x1280\" data-href=\"https:\/\/lps-photography.de\/wp-content\/uploads\/2024\/09\/Son-Mesquida-Nou-Mallorca-Hochzeit-37.jpg\" class=\"thumb-wrap\" title=\"Ein Paar umarmt sich unter einem gro\u00dfen Baum auf der Finca Son mesquisa nou Mallorca, der mit bunten Blumen geschm\u00fcckt ist. Das Sonnenlicht f\u00e4llt durch die B\u00e4ume, w\u00e4hrend Hochzeitsfotograf Lukas P. Schmidt den romantischen Moment im Freien festh\u00e4lt.\"><div class=\"flip-wrap\"><div data-aspect-ratio=\"1.5\" style = \"padding-bottom : 66.666666666667%;;\" class=\"flip-img-wrap none-effect\"><img decoding=\"async\" src=\"https:\/\/lps-photography.de\/wp-content\/uploads\/2024\/09\/Son-Mesquida-Nou-Mallorca-Hochzeit-37-650x433.jpg\" alt=\"Ein Paar umarmt sich unter einem gro\u00dfen Baum auf der Finca Son mesquisa nou Mallorca, der mit bunten Blumen geschm\u00fcckt ist. Das Sonnenlicht f\u00e4llt durch die B\u00e4ume, w\u00e4hrend Hochzeitsfotograf Lukas P. Schmidt den romantischen Moment im Freien festh\u00e4lt.\" data-attr=\"0\"\/><\/div><\/div><div class=\"thumb-overlay\"><div class=\"thumb-bg\" style=\"background-color:rgba(255,255,255,0);background:rgba(255,255,255,0)\"><div class=\"thumb-title-wrap display-table-cell vertical-align-middle align-center fadeIn animated\"><div class=\"thumb-title\" style=\"color:;\"><i class=\"portfolio-overlay-icon\"><\/i><\/div><\/div><\/div><\/div><\/a><\/div><\/div><div class=\"element be-hoverlay not-wide no-wide-width-height style1-hover c_to_c\" style=\"margin-bottom: 10px;\"><div class=\"element-inner\" style=\"margin-left: 10px;\"><a href=\"https:\/\/lps-photography.de\/wp-content\/uploads\/2024\/09\/Son-Mesquida-Nou-Mallorca-Hochzeit-38.jpg\" data-size=\"1293x1920\" data-href=\"https:\/\/lps-photography.de\/wp-content\/uploads\/2024\/09\/Son-Mesquida-Nou-Mallorca-Hochzeit-38.jpg\" class=\"thumb-wrap\" title=\"Ein Paar liegt sich unter einem gro\u00dfen Baum auf der Finca Son Mesquisa Nou Mallorca in den Armen. Aufgenommen von Hochzeitsfotograf Lukas P. Schmidt, l\u00e4cheln sie sich inmitten von Gr\u00fcn und Sonnenlicht, das durch die \u00c4ste f\u00e4llt, an.\"><div class=\"flip-wrap\"><div data-aspect-ratio=\"0.67\" style = \"padding-bottom : 148.49187935035%;;\" class=\"flip-img-wrap none-effect\"><img decoding=\"async\" src=\"https:\/\/lps-photography.de\/wp-content\/uploads\/2024\/09\/Son-Mesquida-Nou-Mallorca-Hochzeit-38-650x965.jpg\" alt=\"Ein Paar liegt sich unter einem gro\u00dfen Baum auf der Finca Son Mesquisa Nou Mallorca in den Armen. Aufgenommen von Hochzeitsfotograf Lukas P. Schmidt, l\u00e4cheln sie sich inmitten von Gr\u00fcn und Sonnenlicht, das durch die \u00c4ste f\u00e4llt, an.\" data-attr=\"0\"\/><\/div><\/div><div class=\"thumb-overlay\"><div class=\"thumb-bg\" style=\"background-color:rgba(255,255,255,0);background:rgba(255,255,255,0)\"><div class=\"thumb-title-wrap display-table-cell vertical-align-middle align-center fadeIn animated\"><div class=\"thumb-title\" style=\"color:;\"><i class=\"portfolio-overlay-icon\"><\/i><\/div><\/div><\/div><\/div><\/a><\/div><\/div><div class=\"element be-hoverlay not-wide no-wide-width-height style1-hover c_to_c\" style=\"margin-bottom: 10px;\"><div class=\"element-inner\" style=\"margin-left: 10px;\"><a href=\"https:\/\/lps-photography.de\/wp-content\/uploads\/2024\/09\/Son-Mesquida-Nou-Mallorca-Hochzeit-39.jpg\" data-size=\"1920x1280\" data-href=\"https:\/\/lps-photography.de\/wp-content\/uploads\/2024\/09\/Son-Mesquida-Nou-Mallorca-Hochzeit-39.jpg\" class=\"thumb-wrap\" title=\"Eine Gruppe junger Leute sitzt um einen dekorierten Tisch im Freien auf der Finca Son mesquisa nou Mallorca, l\u00e4chelt und unterh\u00e4lt sich. Bunte Blumen, Gl\u00e4ser und Teller sind f\u00fcr die Mahlzeit gedeckt, w\u00e4hrend das Sonnenlicht eine warme, fr\u00f6hliche Atmosph\u00e4re schafft.\"><div class=\"flip-wrap\"><div data-aspect-ratio=\"1.5\" style = \"padding-bottom : 66.666666666667%;;\" class=\"flip-img-wrap none-effect\"><img decoding=\"async\" src=\"https:\/\/lps-photography.de\/wp-content\/uploads\/2024\/09\/Son-Mesquida-Nou-Mallorca-Hochzeit-39-650x433.jpg\" alt=\"Eine Gruppe junger Leute sitzt um einen dekorierten Tisch im Freien auf der Finca Son mesquisa nou Mallorca, l\u00e4chelt und unterh\u00e4lt sich. Bunte Blumen, Gl\u00e4ser und Teller sind f\u00fcr die Mahlzeit gedeckt, w\u00e4hrend das Sonnenlicht eine warme, fr\u00f6hliche Atmosph\u00e4re schafft.\" data-attr=\"0\"\/><\/div><\/div><div class=\"thumb-overlay\"><div class=\"thumb-bg\" style=\"background-color:rgba(255,255,255,0);background:rgba(255,255,255,0)\"><div class=\"thumb-title-wrap display-table-cell vertical-align-middle align-center fadeIn animated\"><div class=\"thumb-title\" style=\"color:;\"><i class=\"portfolio-overlay-icon\"><\/i><\/div><\/div><\/div><\/div><\/a><\/div><\/div><div class=\"element be-hoverlay not-wide no-wide-width-height style1-hover c_to_c\" style=\"margin-bottom: 10px;\"><div class=\"element-inner\" style=\"margin-left: 10px;\"><a href=\"https:\/\/lps-photography.de\/wp-content\/uploads\/2024\/09\/Son-Mesquida-Nou-Mallorca-Hochzeit-40.jpg\" data-size=\"1920x1280\" data-href=\"https:\/\/lps-photography.de\/wp-content\/uploads\/2024\/09\/Son-Mesquida-Nou-Mallorca-Hochzeit-40.jpg\" class=\"thumb-wrap\" title=\"Ein lebhafter Hochzeitsempfang im Freien auf der Finca Son Mesquisa Nou Mallorca mit G\u00e4sten, die an langen, mit Blumen und blauen Gl\u00e4sern dekorierten Tischen vor einem rustikalen Steingeb\u00e4ude unter Lichterketten sitzen - aufgenommen von Hochzeitsfotograf Lukas P. Schmidt.\"><div class=\"flip-wrap\"><div data-aspect-ratio=\"1.5\" style = \"padding-bottom : 66.666666666667%;;\" class=\"flip-img-wrap none-effect\"><img decoding=\"async\" src=\"https:\/\/lps-photography.de\/wp-content\/uploads\/2024\/09\/Son-Mesquida-Nou-Mallorca-Hochzeit-40-650x433.jpg\" alt=\"Ein lebhafter Hochzeitsempfang im Freien auf der Finca Son Mesquisa Nou Mallorca mit G\u00e4sten, die an langen, mit Blumen und blauen Gl\u00e4sern dekorierten Tischen vor einem rustikalen Steingeb\u00e4ude unter Lichterketten sitzen - aufgenommen von Hochzeitsfotograf Lukas P. Schmidt.\" data-attr=\"0\"\/><\/div><\/div><div class=\"thumb-overlay\"><div class=\"thumb-bg\" style=\"background-color:rgba(255,255,255,0);background:rgba(255,255,255,0)\"><div class=\"thumb-title-wrap display-table-cell vertical-align-middle align-center fadeIn animated\"><div class=\"thumb-title\" style=\"color:;\"><i class=\"portfolio-overlay-icon\"><\/i><\/div><\/div><\/div><\/div><\/a><\/div><\/div><div class=\"element be-hoverlay not-wide no-wide-width-height style1-hover c_to_c\" style=\"margin-bottom: 10px;\"><div class=\"element-inner\" style=\"margin-left: 10px;\"><a href=\"https:\/\/lps-photography.de\/wp-content\/uploads\/2024\/09\/Son-Mesquida-Nou-Mallorca-Hochzeit-41.jpg\" data-size=\"1920x1280\" data-href=\"https:\/\/lps-photography.de\/wp-content\/uploads\/2024\/09\/Son-Mesquida-Nou-Mallorca-Hochzeit-41.jpg\" class=\"thumb-wrap\" title=\"Ein fr\u00f6hliches Brautpaar tanzt im Freien mit G\u00e4sten, die mit wei\u00dfen Servietten in der Luft winken. Die festliche Szene entfaltet sich zwischen B\u00e4umen unter einem klaren Himmel auf der Finca Son Mesquisa Nou Mallorca, wundersch\u00f6n eingefangen von Hochzeitsfotograf Lukas P. Schmidt.\"><div class=\"flip-wrap\"><div data-aspect-ratio=\"1.5\" style = \"padding-bottom : 66.666666666667%;;\" class=\"flip-img-wrap none-effect\"><img decoding=\"async\" src=\"https:\/\/lps-photography.de\/wp-content\/uploads\/2024\/09\/Son-Mesquida-Nou-Mallorca-Hochzeit-41-650x433.jpg\" alt=\"Ein fr\u00f6hliches Brautpaar tanzt im Freien mit G\u00e4sten, die mit wei\u00dfen Servietten in der Luft winken. Die festliche Szene entfaltet sich zwischen B\u00e4umen unter einem klaren Himmel auf der Finca Son Mesquisa Nou Mallorca, wundersch\u00f6n eingefangen von Hochzeitsfotograf Lukas P. Schmidt.\" data-attr=\"0\"\/><\/div><\/div><div class=\"thumb-overlay\"><div class=\"thumb-bg\" style=\"background-color:rgba(255,255,255,0);background:rgba(255,255,255,0)\"><div class=\"thumb-title-wrap display-table-cell vertical-align-middle align-center fadeIn animated\"><div class=\"thumb-title\" style=\"color:;\"><i class=\"portfolio-overlay-icon\"><\/i><\/div><\/div><\/div><\/div><\/a><\/div><\/div><div class=\"element be-hoverlay not-wide no-wide-width-height style1-hover c_to_c\" style=\"margin-bottom: 10px;\"><div class=\"element-inner\" style=\"margin-left: 10px;\"><a href=\"https:\/\/lps-photography.de\/wp-content\/uploads\/2024\/09\/Son-Mesquida-Nou-Mallorca-Hochzeit-42.jpg\" data-size=\"1920x1280\" data-href=\"https:\/\/lps-photography.de\/wp-content\/uploads\/2024\/09\/Son-Mesquida-Nou-Mallorca-Hochzeit-42.jpg\" class=\"thumb-wrap\" title=\"Eine Gruppe von Menschen bei einer Veranstaltung im Freien auf der Finca Son mesquisa nou Mallorca schwenkt wei\u00dfe Servietten in der Luft, l\u00e4chelt und feiert an geschm\u00fcckten Tischen, mit B\u00e4umen im Hintergrund und warmem Sonnenlicht, das die Szene beleuchtet - aufgenommen von Hochzeitsfotograf Lukas P. Schmidt.\"><div class=\"flip-wrap\"><div data-aspect-ratio=\"1.5\" style = \"padding-bottom : 66.666666666667%;;\" class=\"flip-img-wrap none-effect\"><img decoding=\"async\" src=\"https:\/\/lps-photography.de\/wp-content\/uploads\/2024\/09\/Son-Mesquida-Nou-Mallorca-Hochzeit-42-650x433.jpg\" alt=\"Eine Gruppe von Menschen bei einer Veranstaltung im Freien auf der Finca Son mesquisa nou Mallorca schwenkt wei\u00dfe Servietten in der Luft, l\u00e4chelt und feiert an geschm\u00fcckten Tischen, mit B\u00e4umen im Hintergrund und warmem Sonnenlicht, das die Szene beleuchtet - aufgenommen von Hochzeitsfotograf Lukas P. Schmidt.\" data-attr=\"0\"\/><\/div><\/div><div class=\"thumb-overlay\"><div class=\"thumb-bg\" style=\"background-color:rgba(255,255,255,0);background:rgba(255,255,255,0)\"><div class=\"thumb-title-wrap display-table-cell vertical-align-middle align-center fadeIn animated\"><div class=\"thumb-title\" style=\"color:;\"><i class=\"portfolio-overlay-icon\"><\/i><\/div><\/div><\/div><\/div><\/a><\/div><\/div><div class=\"element be-hoverlay not-wide no-wide-width-height style1-hover c_to_c\" style=\"margin-bottom: 10px;\"><div class=\"element-inner\" style=\"margin-left: 10px;\"><a href=\"https:\/\/lps-photography.de\/wp-content\/uploads\/2024\/09\/Son-Mesquida-Nou-Mallorca-Hochzeit-43.jpg\" data-size=\"1920x1280\" data-href=\"https:\/\/lps-photography.de\/wp-content\/uploads\/2024\/09\/Son-Mesquida-Nou-Mallorca-Hochzeit-43.jpg\" class=\"thumb-wrap\" title=\"Eine Gruppe von Menschen sitzt im Freien an einem langen, mit bunten Blumen und blauen Gl\u00e4sern dekorierten Tisch auf der Finca Son Mesquisa Nou Mallorca und genie\u00dft ein fr\u00f6hliches, sonniges Beisammensein. Hochzeitsfotograf Lukas P. Schmidt f\u00e4ngt zwei lachende Freunde in der Mitte ein.\"><div class=\"flip-wrap\"><div data-aspect-ratio=\"1.5\" style = \"padding-bottom : 66.666666666667%;;\" class=\"flip-img-wrap none-effect\"><img decoding=\"async\" src=\"https:\/\/lps-photography.de\/wp-content\/uploads\/2024\/09\/Son-Mesquida-Nou-Mallorca-Hochzeit-43-650x433.jpg\" alt=\"Eine Gruppe von Menschen sitzt im Freien an einem langen, mit bunten Blumen und blauen Gl\u00e4sern dekorierten Tisch auf der Finca Son Mesquisa Nou Mallorca und genie\u00dft ein fr\u00f6hliches, sonniges Beisammensein. Hochzeitsfotograf Lukas P. Schmidt f\u00e4ngt zwei lachende Freunde in der Mitte ein.\" data-attr=\"0\"\/><\/div><\/div><div class=\"thumb-overlay\"><div class=\"thumb-bg\" style=\"background-color:rgba(255,255,255,0);background:rgba(255,255,255,0)\"><div class=\"thumb-title-wrap display-table-cell vertical-align-middle align-center fadeIn animated\"><div class=\"thumb-title\" style=\"color:;\"><i class=\"portfolio-overlay-icon\"><\/i><\/div><\/div><\/div><\/div><\/a><\/div><\/div><div class=\"element be-hoverlay not-wide no-wide-width-height style1-hover c_to_c\" style=\"margin-bottom: 10px;\"><div class=\"element-inner\" style=\"margin-left: 10px;\"><a href=\"https:\/\/lps-photography.de\/wp-content\/uploads\/2024\/09\/Son-Mesquida-Nou-Mallorca-Hochzeit-44.jpg\" data-size=\"1920x1280\" data-href=\"https:\/\/lps-photography.de\/wp-content\/uploads\/2024\/09\/Son-Mesquida-Nou-Mallorca-Hochzeit-44.jpg\" class=\"thumb-wrap\" title=\"Eine Gruppe versammelt sich im Freien vor der rustikalen Stein-Finca Son mesquisa nou Mallorca und st\u00f6\u00dft mit Gl\u00e4sern an. Vier Personen am Kopfende des Tisches stehen und l\u00e4cheln. Hochzeitsfotograf Lukas P. Schmidt hat einen fr\u00f6hlichen Moment eingefangen.\"><div class=\"flip-wrap\"><div data-aspect-ratio=\"1.5\" style = \"padding-bottom : 66.666666666667%;;\" class=\"flip-img-wrap none-effect\"><img decoding=\"async\" src=\"https:\/\/lps-photography.de\/wp-content\/uploads\/2024\/09\/Son-Mesquida-Nou-Mallorca-Hochzeit-44-650x433.jpg\" alt=\"Eine Gruppe versammelt sich im Freien vor der rustikalen Stein-Finca Son mesquisa nou Mallorca und st\u00f6\u00dft mit Gl\u00e4sern an. Vier Personen am Kopfende des Tisches stehen und l\u00e4cheln. Hochzeitsfotograf Lukas P. Schmidt hat einen fr\u00f6hlichen Moment eingefangen.\" data-attr=\"0\"\/><\/div><\/div><div class=\"thumb-overlay\"><div class=\"thumb-bg\" style=\"background-color:rgba(255,255,255,0);background:rgba(255,255,255,0)\"><div class=\"thumb-title-wrap display-table-cell vertical-align-middle align-center fadeIn animated\"><div class=\"thumb-title\" style=\"color:;\"><i class=\"portfolio-overlay-icon\"><\/i><\/div><\/div><\/div><\/div><\/a><\/div><\/div><div class=\"element be-hoverlay not-wide no-wide-width-height style1-hover c_to_c\" style=\"margin-bottom: 10px;\"><div class=\"element-inner\" style=\"margin-left: 10px;\"><a href=\"https:\/\/lps-photography.de\/wp-content\/uploads\/2024\/09\/Son-Mesquida-Nou-Mallorca-Hochzeit-45.jpg\" data-size=\"1920x1280\" data-href=\"https:\/\/lps-photography.de\/wp-content\/uploads\/2024\/09\/Son-Mesquida-Nou-Mallorca-Hochzeit-45.jpg\" class=\"thumb-wrap\" title=\"Eine gro\u00dfe Gruppe von Menschen sitzt an einem langen Tisch im Freien auf der Finca Son Mesquisa Nou Mallorca und st\u00f6\u00dft feierlich an. Die festliche Umgebung wurde von Hochzeitsfotograf Lukas P. Schmidt wundersch\u00f6n eingefangen.\"><div class=\"flip-wrap\"><div data-aspect-ratio=\"1.5\" style = \"padding-bottom : 66.666666666667%;;\" class=\"flip-img-wrap none-effect\"><img decoding=\"async\" src=\"https:\/\/lps-photography.de\/wp-content\/uploads\/2024\/09\/Son-Mesquida-Nou-Mallorca-Hochzeit-45-650x433.jpg\" alt=\"Eine gro\u00dfe Gruppe von Menschen sitzt an einem langen Tisch im Freien auf der Finca Son Mesquisa Nou Mallorca und st\u00f6\u00dft feierlich an. Die festliche Umgebung wurde von Hochzeitsfotograf Lukas P. Schmidt wundersch\u00f6n eingefangen.\" data-attr=\"0\"\/><\/div><\/div><div class=\"thumb-overlay\"><div class=\"thumb-bg\" style=\"background-color:rgba(255,255,255,0);background:rgba(255,255,255,0)\"><div class=\"thumb-title-wrap display-table-cell vertical-align-middle align-center fadeIn animated\"><div class=\"thumb-title\" style=\"color:;\"><i class=\"portfolio-overlay-icon\"><\/i><\/div><\/div><\/div><\/div><\/a><\/div><\/div><div class=\"element be-hoverlay not-wide no-wide-width-height style1-hover c_to_c\" style=\"margin-bottom: 10px;\"><div class=\"element-inner\" style=\"margin-left: 10px;\"><a href=\"https:\/\/lps-photography.de\/wp-content\/uploads\/2024\/09\/Son-Mesquida-Nou-Mallorca-Hochzeit-46.jpg\" data-size=\"1280x1920\" data-href=\"https:\/\/lps-photography.de\/wp-content\/uploads\/2024\/09\/Son-Mesquida-Nou-Mallorca-Hochzeit-46.jpg\" class=\"thumb-wrap\" title=\"Ein Paar steht im Freien auf der Finca Son mesquisa nou Mallorca, l\u00e4chelt und umarmt sich gegenseitig. Die Person auf der linken Seite tr\u00e4gt einen dunklen Anzug, die auf der rechten Seite ein wei\u00dfes \u00e4rmelloses Kleid. Hochzeitsfotograf Lukas P. Schmidt f\u00e4ngt sie in goldenem Licht zwischen Gr\u00fcnzeug und wei\u00dfen Blumen ein.\"><div class=\"flip-wrap\"><div data-aspect-ratio=\"0.67\" style = \"padding-bottom : 150%;;\" class=\"flip-img-wrap none-effect\"><img decoding=\"async\" src=\"https:\/\/lps-photography.de\/wp-content\/uploads\/2024\/09\/Son-Mesquida-Nou-Mallorca-Hochzeit-46-650x975.jpg\" alt=\"Ein Paar steht im Freien auf der Finca Son mesquisa nou Mallorca, l\u00e4chelt und umarmt sich gegenseitig. Die Person auf der linken Seite tr\u00e4gt einen dunklen Anzug, die auf der rechten Seite ein wei\u00dfes \u00e4rmelloses Kleid. Hochzeitsfotograf Lukas P. Schmidt f\u00e4ngt sie in goldenem Licht zwischen Gr\u00fcnzeug und wei\u00dfen Blumen ein.\" data-attr=\"0\"\/><\/div><\/div><div class=\"thumb-overlay\"><div class=\"thumb-bg\" style=\"background-color:rgba(255,255,255,0);background:rgba(255,255,255,0)\"><div class=\"thumb-title-wrap display-table-cell vertical-align-middle align-center fadeIn animated\"><div class=\"thumb-title\" style=\"color:;\"><i class=\"portfolio-overlay-icon\"><\/i><\/div><\/div><\/div><\/div><\/a><\/div><\/div><div class=\"element be-hoverlay not-wide no-wide-width-height style1-hover c_to_c\" style=\"margin-bottom: 10px;\"><div class=\"element-inner\" style=\"margin-left: 10px;\"><a href=\"https:\/\/lps-photography.de\/wp-content\/uploads\/2024\/09\/Son-Mesquida-Nou-Mallorca-Hochzeit-47.jpg\" data-size=\"1280x1920\" data-href=\"https:\/\/lps-photography.de\/wp-content\/uploads\/2024\/09\/Son-Mesquida-Nou-Mallorca-Hochzeit-47.jpg\" class=\"thumb-wrap\" title=\"Ein fr\u00f6hliches Paar in Hochzeitskleidung steht bei Sonnenuntergang auf der Finca Son Mesquisa Nou eng beieinander und l\u00e4chelt, w\u00e4hrend das goldene Licht ihre Hochzeit auf Mallorca sanft beleuchtet.\"><div class=\"flip-wrap\"><div data-aspect-ratio=\"0.67\" style = \"padding-bottom : 150%;;\" class=\"flip-img-wrap none-effect\"><img decoding=\"async\" src=\"https:\/\/lps-photography.de\/wp-content\/uploads\/2024\/09\/Son-Mesquida-Nou-Mallorca-Hochzeit-47-650x975.jpg\" alt=\"Ein fr\u00f6hliches Paar in Hochzeitskleidung steht bei Sonnenuntergang auf der Finca Son Mesquisa Nou eng beieinander und l\u00e4chelt, w\u00e4hrend das goldene Licht ihre Hochzeit auf Mallorca sanft beleuchtet.\" data-attr=\"0\"\/><\/div><\/div><div class=\"thumb-overlay\"><div class=\"thumb-bg\" style=\"background-color:rgba(255,255,255,0);background:rgba(255,255,255,0)\"><div class=\"thumb-title-wrap display-table-cell vertical-align-middle align-center fadeIn animated\"><div class=\"thumb-title\" style=\"color:;\"><i class=\"portfolio-overlay-icon\"><\/i><\/div><\/div><\/div><\/div><\/a><\/div><\/div><div class=\"element be-hoverlay not-wide no-wide-width-height style1-hover c_to_c\" style=\"margin-bottom: 10px;\"><div class=\"element-inner\" style=\"margin-left: 10px;\"><a href=\"https:\/\/lps-photography.de\/wp-content\/uploads\/2024\/09\/Son-Mesquida-Nou-Mallorca-Hochzeit-48.jpg\" data-size=\"1920x1280\" data-href=\"https:\/\/lps-photography.de\/wp-content\/uploads\/2024\/09\/Son-Mesquida-Nou-Mallorca-Hochzeit-48.jpg\" class=\"thumb-wrap\" title=\"Auf einer Hochzeit auf Mallorca auf der Finca Son Mesquisa Nou spricht ein Mann im Anzug l\u00e4chelnd in ein Mikrofon, w\u00e4hrend neben ihm eine Frau in einem gelben Blumenkleid lacht. Sie stehen im Freien, umgeben von G\u00e4sten, die an Tischen sitzen.\"><div class=\"flip-wrap\"><div data-aspect-ratio=\"1.5\" style = \"padding-bottom : 66.666666666667%;;\" class=\"flip-img-wrap none-effect\"><img decoding=\"async\" src=\"https:\/\/lps-photography.de\/wp-content\/uploads\/2024\/09\/Son-Mesquida-Nou-Mallorca-Hochzeit-48-650x433.jpg\" alt=\"Auf einer Hochzeit auf Mallorca auf der Finca Son Mesquisa Nou spricht ein Mann im Anzug l\u00e4chelnd in ein Mikrofon, w\u00e4hrend neben ihm eine Frau in einem gelben Blumenkleid lacht. Sie stehen im Freien, umgeben von G\u00e4sten, die an Tischen sitzen.\" data-attr=\"0\"\/><\/div><\/div><div class=\"thumb-overlay\"><div class=\"thumb-bg\" style=\"background-color:rgba(255,255,255,0);background:rgba(255,255,255,0)\"><div class=\"thumb-title-wrap display-table-cell vertical-align-middle align-center fadeIn animated\"><div class=\"thumb-title\" style=\"color:;\"><i class=\"portfolio-overlay-icon\"><\/i><\/div><\/div><\/div><\/div><\/a><\/div><\/div><div class=\"element be-hoverlay not-wide no-wide-width-height style1-hover c_to_c\" style=\"margin-bottom: 10px;\"><div class=\"element-inner\" style=\"margin-left: 10px;\"><a href=\"https:\/\/lps-photography.de\/wp-content\/uploads\/2024\/09\/Son-Mesquida-Nou-Mallorca-Hochzeit-49.jpg\" data-size=\"1920x1280\" data-href=\"https:\/\/lps-photography.de\/wp-content\/uploads\/2024\/09\/Son-Mesquida-Nou-Mallorca-Hochzeit-49.jpg\" class=\"thumb-wrap\" title=\"Eine Abendveranstaltung unter freiem Himmel auf der Finca Son Mesquisa Nou mit Tischen und St\u00fchlen, die zum Essen aufgestellt sind und an denen viele G\u00e4ste teilnehmen. \u00dcber den K\u00f6pfen h\u00e4ngen Lichterketten, die vor dem klaren, tiefblauen Himmel eine warme und festliche Hochzeit auf Mallorca-Atmosph\u00e4re schaffen.\"><div class=\"flip-wrap\"><div data-aspect-ratio=\"1.5\" style = \"padding-bottom : 66.666666666667%;;\" class=\"flip-img-wrap none-effect\"><img decoding=\"async\" src=\"https:\/\/lps-photography.de\/wp-content\/uploads\/2024\/09\/Son-Mesquida-Nou-Mallorca-Hochzeit-49-650x433.jpg\" alt=\"Eine Abendveranstaltung unter freiem Himmel auf der Finca Son Mesquisa Nou mit Tischen und St\u00fchlen, die zum Essen aufgestellt sind und an denen viele G\u00e4ste teilnehmen. \u00dcber den K\u00f6pfen h\u00e4ngen Lichterketten, die vor dem klaren, tiefblauen Himmel eine warme und festliche Hochzeit auf Mallorca-Atmosph\u00e4re schaffen.\" data-attr=\"0\"\/><\/div><\/div><div class=\"thumb-overlay\"><div class=\"thumb-bg\" style=\"background-color:rgba(255,255,255,0);background:rgba(255,255,255,0)\"><div class=\"thumb-title-wrap display-table-cell vertical-align-middle align-center fadeIn animated\"><div class=\"thumb-title\" style=\"color:;\"><i class=\"portfolio-overlay-icon\"><\/i><\/div><\/div><\/div><\/div><\/a><\/div><\/div><div class=\"element be-hoverlay not-wide no-wide-width-height style1-hover c_to_c\" style=\"margin-bottom: 10px;\"><div class=\"element-inner\" style=\"margin-left: 10px;\"><a href=\"https:\/\/lps-photography.de\/wp-content\/uploads\/2024\/09\/Son-Mesquida-Nou-Mallorca-Hochzeit-50.jpg\" data-size=\"1920x1280\" data-href=\"https:\/\/lps-photography.de\/wp-content\/uploads\/2024\/09\/Son-Mesquida-Nou-Mallorca-Hochzeit-50.jpg\" class=\"thumb-wrap\" title=\"Abendliche Hochzeitsfeier im Freien auf der Finca Son Mesquisa Nou mit Lichterketten, G\u00e4sten an runden Tischen und einem warm beleuchteten, rustikalen Geb\u00e4ude; Baumzweige umrahmen die Szene unter einem tiefblauen Himmel - perfekt f\u00fcr eine Hochzeit auf Mallorca.\"><div class=\"flip-wrap\"><div data-aspect-ratio=\"1.5\" style = \"padding-bottom : 66.666666666667%;;\" class=\"flip-img-wrap none-effect\"><img decoding=\"async\" src=\"https:\/\/lps-photography.de\/wp-content\/uploads\/2024\/09\/Son-Mesquida-Nou-Mallorca-Hochzeit-50-650x433.jpg\" alt=\"Abendliche Hochzeitsfeier im Freien auf der Finca Son Mesquisa Nou mit Lichterketten, G\u00e4sten an runden Tischen und einem warm beleuchteten, rustikalen Geb\u00e4ude; Baumzweige umrahmen die Szene unter einem tiefblauen Himmel - perfekt f\u00fcr eine Hochzeit auf Mallorca.\" data-attr=\"0\"\/><\/div><\/div><div class=\"thumb-overlay\"><div class=\"thumb-bg\" style=\"background-color:rgba(255,255,255,0);background:rgba(255,255,255,0)\"><div class=\"thumb-title-wrap display-table-cell vertical-align-middle align-center fadeIn animated\"><div class=\"thumb-title\" style=\"color:;\"><i class=\"portfolio-overlay-icon\"><\/i><\/div><\/div><\/div><\/div><\/a><\/div><\/div><div class=\"element be-hoverlay not-wide no-wide-width-height style1-hover c_to_c\" style=\"margin-bottom: 10px;\"><div class=\"element-inner\" style=\"margin-left: 10px;\"><a href=\"https:\/\/lps-photography.de\/wp-content\/uploads\/2024\/09\/Son-Mesquida-Nou-Mallorca-Hochzeit-51.jpg\" data-size=\"1920x1280\" data-href=\"https:\/\/lps-photography.de\/wp-content\/uploads\/2024\/09\/Son-Mesquida-Nou-Mallorca-Hochzeit-51.jpg\" class=\"thumb-wrap\" title=\"Eine Frau klatscht und l\u00e4chelt neben einem Mann, der eine Kamera in der Hand h\u00e4lt, w\u00e4hrend sie auf einen Tisch zugehen, an dem Menschen l\u00e4cheln und sich bei einer abendlichen Hochzeit im Freien auf Mallorca in der Finca Son mesquisa nou unterhalten, umgeben von Lichterketten und \u00fcppigem Gr\u00fcn.\"><div class=\"flip-wrap\"><div data-aspect-ratio=\"1.5\" style = \"padding-bottom : 66.666666666667%;;\" class=\"flip-img-wrap none-effect\"><img decoding=\"async\" src=\"https:\/\/lps-photography.de\/wp-content\/uploads\/2024\/09\/Son-Mesquida-Nou-Mallorca-Hochzeit-51-650x433.jpg\" alt=\"Eine Frau klatscht und l\u00e4chelt neben einem Mann, der eine Kamera in der Hand h\u00e4lt, w\u00e4hrend sie auf einen Tisch zugehen, an dem Menschen l\u00e4cheln und sich bei einer abendlichen Hochzeit im Freien auf Mallorca in der Finca Son mesquisa nou unterhalten, umgeben von Lichterketten und \u00fcppigem Gr\u00fcn.\" data-attr=\"0\"\/><\/div><\/div><div class=\"thumb-overlay\"><div class=\"thumb-bg\" style=\"background-color:rgba(255,255,255,0);background:rgba(255,255,255,0)\"><div class=\"thumb-title-wrap display-table-cell vertical-align-middle align-center fadeIn animated\"><div class=\"thumb-title\" style=\"color:;\"><i class=\"portfolio-overlay-icon\"><\/i><\/div><\/div><\/div><\/div><\/a><\/div><\/div><div class=\"element be-hoverlay not-wide no-wide-width-height style1-hover c_to_c\" style=\"margin-bottom: 10px;\"><div class=\"element-inner\" style=\"margin-left: 10px;\"><a href=\"https:\/\/lps-photography.de\/wp-content\/uploads\/2024\/09\/Son-Mesquida-Nou-Mallorca-Hochzeit-52.jpg\" data-size=\"1920x1280\" data-href=\"https:\/\/lps-photography.de\/wp-content\/uploads\/2024\/09\/Son-Mesquida-Nou-Mallorca-Hochzeit-52.jpg\" class=\"thumb-wrap\" title=\"Ein Paar steht l\u00e4chelnd beieinander, einer h\u00e4lt ein Mikrofon und spricht zu den sitzenden G\u00e4sten einer mit Lichterketten geschm\u00fcckten Abendveranstaltung auf der Finca Son Mesquisa Nou, die ihre Hochzeit auf Mallorca feierte.\"><div class=\"flip-wrap\"><div data-aspect-ratio=\"1.5\" style = \"padding-bottom : 66.666666666667%;;\" class=\"flip-img-wrap none-effect\"><img decoding=\"async\" src=\"https:\/\/lps-photography.de\/wp-content\/uploads\/2024\/09\/Son-Mesquida-Nou-Mallorca-Hochzeit-52-650x433.jpg\" alt=\"Ein Paar steht l\u00e4chelnd beieinander, einer h\u00e4lt ein Mikrofon und spricht zu den sitzenden G\u00e4sten einer mit Lichterketten geschm\u00fcckten Abendveranstaltung auf der Finca Son Mesquisa Nou, die ihre Hochzeit auf Mallorca feierte.\" data-attr=\"0\"\/><\/div><\/div><div class=\"thumb-overlay\"><div class=\"thumb-bg\" style=\"background-color:rgba(255,255,255,0);background:rgba(255,255,255,0)\"><div class=\"thumb-title-wrap display-table-cell vertical-align-middle align-center fadeIn animated\"><div class=\"thumb-title\" style=\"color:;\"><i class=\"portfolio-overlay-icon\"><\/i><\/div><\/div><\/div><\/div><\/a><\/div><\/div><div class=\"element be-hoverlay not-wide no-wide-width-height style1-hover c_to_c\" style=\"margin-bottom: 10px;\"><div class=\"element-inner\" style=\"margin-left: 10px;\"><a href=\"https:\/\/lps-photography.de\/wp-content\/uploads\/2024\/09\/Son-Mesquida-Nou-Mallorca-Hochzeit-53.jpg\" data-size=\"1920x1280\" data-href=\"https:\/\/lps-photography.de\/wp-content\/uploads\/2024\/09\/Son-Mesquida-Nou-Mallorca-Hochzeit-53.jpg\" class=\"thumb-wrap\" title=\"Braut und Br\u00e4utigam erheben ihre Gl\u00e4ser zu einem Toast bei einem abendlichen Hochzeitsempfang im Freien auf der Finca Son Mesquisa Nou, umgeben von G\u00e4sten, die an einem langen, dekorierten Tisch unter Lichterketten sitzen, w\u00e4hrend ihrer Hochzeit auf Mallorca.\"><div class=\"flip-wrap\"><div data-aspect-ratio=\"1.5\" style = \"padding-bottom : 66.666666666667%;;\" class=\"flip-img-wrap none-effect\"><img decoding=\"async\" src=\"https:\/\/lps-photography.de\/wp-content\/uploads\/2024\/09\/Son-Mesquida-Nou-Mallorca-Hochzeit-53-650x433.jpg\" alt=\"Braut und Br\u00e4utigam erheben ihre Gl\u00e4ser zu einem Toast bei einem abendlichen Hochzeitsempfang im Freien auf der Finca Son Mesquisa Nou, umgeben von G\u00e4sten, die an einem langen, dekorierten Tisch unter Lichterketten sitzen, w\u00e4hrend ihrer Hochzeit auf Mallorca.\" data-attr=\"0\"\/><\/div><\/div><div class=\"thumb-overlay\"><div class=\"thumb-bg\" style=\"background-color:rgba(255,255,255,0);background:rgba(255,255,255,0)\"><div class=\"thumb-title-wrap display-table-cell vertical-align-middle align-center fadeIn animated\"><div class=\"thumb-title\" style=\"color:;\"><i class=\"portfolio-overlay-icon\"><\/i><\/div><\/div><\/div><\/div><\/a><\/div><\/div><div class=\"element be-hoverlay not-wide no-wide-width-height style1-hover c_to_c\" style=\"margin-bottom: 10px;\"><div class=\"element-inner\" style=\"margin-left: 10px;\"><a href=\"https:\/\/lps-photography.de\/wp-content\/uploads\/2024\/09\/Son-Mesquida-Nou-Mallorca-Hochzeit-54.jpg\" data-size=\"1920x1280\" data-href=\"https:\/\/lps-photography.de\/wp-content\/uploads\/2024\/09\/Son-Mesquida-Nou-Mallorca-Hochzeit-54.jpg\" class=\"thumb-wrap\" title=\"Braut und Br\u00e4utigam tanzen nachts auf der Finca Son Mesquisa Nou, umgeben von G\u00e4sten, fr\u00f6hlich unter Lichterketten. Der wirbelnde Lichteffekt tr\u00e4gt zu der lebhaften, festlichen Atmosph\u00e4re bei - perfekt f\u00fcr eine Hochzeit auf Mallorca.\"><div class=\"flip-wrap\"><div data-aspect-ratio=\"1.5\" style = \"padding-bottom : 66.666666666667%;;\" class=\"flip-img-wrap none-effect\"><img decoding=\"async\" src=\"https:\/\/lps-photography.de\/wp-content\/uploads\/2024\/09\/Son-Mesquida-Nou-Mallorca-Hochzeit-54-650x433.jpg\" alt=\"Braut und Br\u00e4utigam tanzen nachts auf der Finca Son Mesquisa Nou, umgeben von G\u00e4sten, fr\u00f6hlich unter Lichterketten. Der wirbelnde Lichteffekt tr\u00e4gt zu der lebhaften, festlichen Atmosph\u00e4re bei - perfekt f\u00fcr eine Hochzeit auf Mallorca.\" data-attr=\"0\"\/><\/div><\/div><div class=\"thumb-overlay\"><div class=\"thumb-bg\" style=\"background-color:rgba(255,255,255,0);background:rgba(255,255,255,0)\"><div class=\"thumb-title-wrap display-table-cell vertical-align-middle align-center fadeIn animated\"><div class=\"thumb-title\" style=\"color:;\"><i class=\"portfolio-overlay-icon\"><\/i><\/div><\/div><\/div><\/div><\/a><\/div><\/div><div class=\"element be-hoverlay not-wide no-wide-width-height style1-hover c_to_c\" style=\"margin-bottom: 10px;\"><div class=\"element-inner\" style=\"margin-left: 10px;\"><a href=\"https:\/\/lps-photography.de\/wp-content\/uploads\/2024\/09\/Son-Mesquida-Nou-Mallorca-Hochzeit-55.jpg\" data-size=\"1920x1280\" data-href=\"https:\/\/lps-photography.de\/wp-content\/uploads\/2024\/09\/Son-Mesquida-Nou-Mallorca-Hochzeit-55.jpg\" class=\"thumb-wrap\" title=\"Ein Paar in f\u00f6rmlicher Kleidung tanzt energisch in der Nacht auf der Finca Son Mesquisa Nou, umgeben von wirbelnden Lichtern und verschwommenen Bewegungen, die eine festliche und fr\u00f6hliche Hochzeit auf Mallorca Atmosph\u00e4re schaffen.\"><div class=\"flip-wrap\"><div data-aspect-ratio=\"1.5\" style = \"padding-bottom : 66.666666666667%;;\" class=\"flip-img-wrap none-effect\"><img decoding=\"async\" src=\"https:\/\/lps-photography.de\/wp-content\/uploads\/2024\/09\/Son-Mesquida-Nou-Mallorca-Hochzeit-55-650x433.jpg\" alt=\"Ein Paar in f\u00f6rmlicher Kleidung tanzt energisch in der Nacht auf der Finca Son Mesquisa Nou, umgeben von wirbelnden Lichtern und verschwommenen Bewegungen, die eine festliche und fr\u00f6hliche Hochzeit auf Mallorca Atmosph\u00e4re schaffen.\" data-attr=\"0\"\/><\/div><\/div><div class=\"thumb-overlay\"><div class=\"thumb-bg\" style=\"background-color:rgba(255,255,255,0);background:rgba(255,255,255,0)\"><div class=\"thumb-title-wrap display-table-cell vertical-align-middle align-center fadeIn animated\"><div class=\"thumb-title\" style=\"color:;\"><i class=\"portfolio-overlay-icon\"><\/i><\/div><\/div><\/div><\/div><\/a><\/div><\/div><div class=\"element be-hoverlay not-wide no-wide-width-height style1-hover c_to_c\" style=\"margin-bottom: 10px;\"><div class=\"element-inner\" style=\"margin-left: 10px;\"><a href=\"https:\/\/lps-photography.de\/wp-content\/uploads\/2024\/09\/Son-Mesquida-Nou-Mallorca-Hochzeit-56.jpg\" data-size=\"1920x1280\" data-href=\"https:\/\/lps-photography.de\/wp-content\/uploads\/2024\/09\/Son-Mesquida-Nou-Mallorca-Hochzeit-56.jpg\" class=\"thumb-wrap\" title=\"Ein fr\u00f6hliches Paar tanzt nachts auf der Finca Son Mesquisa Nou, umgeben von verschwommenen, wirbelnden Lichtern - eine lebhafte, festliche Hochzeit auf Mallorca, bei der beide l\u00e4cheln und sich sichtlich am\u00fcsieren.\"><div class=\"flip-wrap\"><div data-aspect-ratio=\"1.5\" style = \"padding-bottom : 66.666666666667%;;\" class=\"flip-img-wrap none-effect\"><img decoding=\"async\" src=\"https:\/\/lps-photography.de\/wp-content\/uploads\/2024\/09\/Son-Mesquida-Nou-Mallorca-Hochzeit-56-650x433.jpg\" alt=\"Ein fr\u00f6hliches Paar tanzt nachts auf der Finca Son Mesquisa Nou, umgeben von verschwommenen, wirbelnden Lichtern - eine lebhafte, festliche Hochzeit auf Mallorca, bei der beide l\u00e4cheln und sich sichtlich am\u00fcsieren.\" data-attr=\"0\"\/><\/div><\/div><div class=\"thumb-overlay\"><div class=\"thumb-bg\" style=\"background-color:rgba(255,255,255,0);background:rgba(255,255,255,0)\"><div class=\"thumb-title-wrap display-table-cell vertical-align-middle align-center fadeIn animated\"><div class=\"thumb-title\" style=\"color:;\"><i class=\"portfolio-overlay-icon\"><\/i><\/div><\/div><\/div><\/div><\/a><\/div><\/div><div class=\"element be-hoverlay not-wide no-wide-width-height style1-hover c_to_c\" style=\"margin-bottom: 10px;\"><div class=\"element-inner\" style=\"margin-left: 10px;\"><a href=\"https:\/\/lps-photography.de\/wp-content\/uploads\/2024\/09\/Son-Mesquida-Nou-Mallorca-Hochzeit-57.jpg\" data-size=\"1920x1280\" data-href=\"https:\/\/lps-photography.de\/wp-content\/uploads\/2024\/09\/Son-Mesquida-Nou-Mallorca-Hochzeit-57.jpg\" class=\"thumb-wrap\" title=\"Ein Mann und eine Frau tanzen zusammen auf einer lebhaften Hochzeit auf Mallorca auf der Finca Son mesquisa nou, umgeben von verschwommenen G\u00e4sten und funkelnden Lichtern, die ein Gef\u00fchl von Bewegung und Aufregung erzeugen.\"><div class=\"flip-wrap\"><div data-aspect-ratio=\"1.5\" style = \"padding-bottom : 66.666666666667%;;\" class=\"flip-img-wrap none-effect\"><img decoding=\"async\" src=\"https:\/\/lps-photography.de\/wp-content\/uploads\/2024\/09\/Son-Mesquida-Nou-Mallorca-Hochzeit-57-650x433.jpg\" alt=\"Ein Mann und eine Frau tanzen zusammen auf einer lebhaften Hochzeit auf Mallorca auf der Finca Son mesquisa nou, umgeben von verschwommenen G\u00e4sten und funkelnden Lichtern, die ein Gef\u00fchl von Bewegung und Aufregung erzeugen.\" data-attr=\"0\"\/><\/div><\/div><div class=\"thumb-overlay\"><div class=\"thumb-bg\" style=\"background-color:rgba(255,255,255,0);background:rgba(255,255,255,0)\"><div class=\"thumb-title-wrap display-table-cell vertical-align-middle align-center fadeIn animated\"><div class=\"thumb-title\" style=\"color:;\"><i class=\"portfolio-overlay-icon\"><\/i><\/div><\/div><\/div><\/div><\/a><\/div><\/div><div class=\"element be-hoverlay not-wide no-wide-width-height style1-hover c_to_c\" style=\"margin-bottom: 10px;\"><div class=\"element-inner\" style=\"margin-left: 10px;\"><a href=\"https:\/\/lps-photography.de\/wp-content\/uploads\/2024\/09\/Son-Mesquida-Nou-Mallorca-Hochzeit-58.jpg\" data-size=\"1920x1280\" data-href=\"https:\/\/lps-photography.de\/wp-content\/uploads\/2024\/09\/Son-Mesquida-Nou-Mallorca-Hochzeit-58.jpg\" class=\"thumb-wrap\" title=\"Ein fr\u00f6hliches Paar tanzt zusammen auf einer lebhaften Hochzeit auf Mallorca, umgeben von jubelnden G\u00e4sten und wirbelnden Lichtern auf der Finca Son mesquisa nou, und f\u00e4ngt die Energie und Aufregung der Feier ein.\"><div class=\"flip-wrap\"><div data-aspect-ratio=\"1.5\" style = \"padding-bottom : 66.666666666667%;;\" class=\"flip-img-wrap none-effect\"><img decoding=\"async\" src=\"https:\/\/lps-photography.de\/wp-content\/uploads\/2024\/09\/Son-Mesquida-Nou-Mallorca-Hochzeit-58-650x433.jpg\" alt=\"Ein fr\u00f6hliches Paar tanzt zusammen auf einer lebhaften Hochzeit auf Mallorca, umgeben von jubelnden G\u00e4sten und wirbelnden Lichtern auf der Finca Son mesquisa nou, und f\u00e4ngt die Energie und Aufregung der Feier ein.\" data-attr=\"0\"\/><\/div><\/div><div class=\"thumb-overlay\"><div class=\"thumb-bg\" style=\"background-color:rgba(255,255,255,0);background:rgba(255,255,255,0)\"><div class=\"thumb-title-wrap display-table-cell vertical-align-middle align-center fadeIn animated\"><div class=\"thumb-title\" style=\"color:;\"><i class=\"portfolio-overlay-icon\"><\/i><\/div><\/div><\/div><\/div><\/a><\/div><\/div><div class=\"element be-hoverlay not-wide no-wide-width-height style1-hover c_to_c\" style=\"margin-bottom: 10px;\"><div class=\"element-inner\" style=\"margin-left: 10px;\"><a href=\"https:\/\/lps-photography.de\/wp-content\/uploads\/2024\/09\/Son-Mesquida-Nou-Mallorca-Hochzeit-59.jpg\" data-size=\"1920x1280\" data-href=\"https:\/\/lps-photography.de\/wp-content\/uploads\/2024\/09\/Son-Mesquida-Nou-Mallorca-Hochzeit-59.jpg\" class=\"thumb-wrap\" title=\"F\u00fcnf Erwachsene in Partykleidung lachen und tanzen unter bunten Lichtern auf einer Hochzeit auf Mallorca, w\u00e4hrend ein kleines M\u00e4dchen in einem rosa Kleid die Hand einer Frau h\u00e4lt und eine fr\u00f6hliche und festliche Stimmung auf der Finca Son mesquisa nou erzeugt.\"><div class=\"flip-wrap\"><div data-aspect-ratio=\"1.5\" style = \"padding-bottom : 66.666666666667%;;\" class=\"flip-img-wrap none-effect\"><img decoding=\"async\" src=\"https:\/\/lps-photography.de\/wp-content\/uploads\/2024\/09\/Son-Mesquida-Nou-Mallorca-Hochzeit-59-650x433.jpg\" alt=\"F\u00fcnf Erwachsene in Partykleidung lachen und tanzen unter bunten Lichtern auf einer Hochzeit auf Mallorca, w\u00e4hrend ein kleines M\u00e4dchen in einem rosa Kleid die Hand einer Frau h\u00e4lt und eine fr\u00f6hliche und festliche Stimmung auf der Finca Son mesquisa nou erzeugt.\" data-attr=\"0\"\/><\/div><\/div><div class=\"thumb-overlay\"><div class=\"thumb-bg\" style=\"background-color:rgba(255,255,255,0);background:rgba(255,255,255,0)\"><div class=\"thumb-title-wrap display-table-cell vertical-align-middle align-center fadeIn animated\"><div class=\"thumb-title\" style=\"color:;\"><i class=\"portfolio-overlay-icon\"><\/i><\/div><\/div><\/div><\/div><\/a><\/div><\/div><div class=\"element be-hoverlay not-wide no-wide-width-height style1-hover c_to_c\" style=\"margin-bottom: 10px;\"><div class=\"element-inner\" style=\"margin-left: 10px;\"><a href=\"https:\/\/lps-photography.de\/wp-content\/uploads\/2024\/09\/Son-Mesquida-Nou-Mallorca-Hochzeit-60.jpg\" data-size=\"1920x1280\" data-href=\"https:\/\/lps-photography.de\/wp-content\/uploads\/2024\/09\/Son-Mesquida-Nou-Mallorca-Hochzeit-60.jpg\" class=\"thumb-wrap\" title=\"Auf der Finca Son Mesquisa Nou tanzt und lacht eine Gruppe bei einer lebhaften Hochzeit auf Mallorca. Das Hauptaugenmerk liegt auf einer Frau in einem goldenen Kleid, die freudig l\u00e4chelt und von anderen umgeben ist, die die lebhafte, blau beleuchtete Atmosph\u00e4re der Party genie\u00dfen.\"><div class=\"flip-wrap\"><div data-aspect-ratio=\"1.5\" style = \"padding-bottom : 66.666666666667%;;\" class=\"flip-img-wrap none-effect\"><img decoding=\"async\" src=\"https:\/\/lps-photography.de\/wp-content\/uploads\/2024\/09\/Son-Mesquida-Nou-Mallorca-Hochzeit-60-650x433.jpg\" alt=\"Auf der Finca Son Mesquisa Nou tanzt und lacht eine Gruppe bei einer lebhaften Hochzeit auf Mallorca. Das Hauptaugenmerk liegt auf einer Frau in einem goldenen Kleid, die freudig l\u00e4chelt und von anderen umgeben ist, die die lebhafte, blau beleuchtete Atmosph\u00e4re der Party genie\u00dfen.\" data-attr=\"0\"\/><\/div><\/div><div class=\"thumb-overlay\"><div class=\"thumb-bg\" style=\"background-color:rgba(255,255,255,0);background:rgba(255,255,255,0)\"><div class=\"thumb-title-wrap display-table-cell vertical-align-middle align-center fadeIn animated\"><div class=\"thumb-title\" style=\"color:;\"><i class=\"portfolio-overlay-icon\"><\/i><\/div><\/div><\/div><\/div><\/a><\/div><\/div><div class=\"element be-hoverlay not-wide no-wide-width-height style1-hover c_to_c\" style=\"margin-bottom: 10px;\"><div class=\"element-inner\" style=\"margin-left: 10px;\"><a href=\"https:\/\/lps-photography.de\/wp-content\/uploads\/2024\/09\/Son-Mesquida-Nou-Mallorca-Hochzeit-61.jpg\" data-size=\"1920x1280\" data-href=\"https:\/\/lps-photography.de\/wp-content\/uploads\/2024\/09\/Son-Mesquida-Nou-Mallorca-Hochzeit-61.jpg\" class=\"thumb-wrap\" title=\"Zwei Menschen tanzen energisch auf einer Hochzeit auf Mallorca, l\u00e4chelnd und lachend mit Getr\u00e4nken in der Hand. Der farbenfrohe, verschwommene Hintergrund auf der Finca Son mesquisa nou erzeugt einen Wirbeleffekt, der die lebhafte Atmosph\u00e4re und die Bewegung einf\u00e4ngt.\"><div class=\"flip-wrap\"><div data-aspect-ratio=\"1.5\" style = \"padding-bottom : 66.666666666667%;;\" class=\"flip-img-wrap none-effect\"><img decoding=\"async\" src=\"https:\/\/lps-photography.de\/wp-content\/uploads\/2024\/09\/Son-Mesquida-Nou-Mallorca-Hochzeit-61-650x433.jpg\" alt=\"Zwei Menschen tanzen energisch auf einer Hochzeit auf Mallorca, l\u00e4chelnd und lachend mit Getr\u00e4nken in der Hand. Der farbenfrohe, verschwommene Hintergrund auf der Finca Son mesquisa nou erzeugt einen Wirbeleffekt, der die lebhafte Atmosph\u00e4re und die Bewegung einf\u00e4ngt.\" data-attr=\"0\"\/><\/div><\/div><div class=\"thumb-overlay\"><div class=\"thumb-bg\" style=\"background-color:rgba(255,255,255,0);background:rgba(255,255,255,0)\"><div class=\"thumb-title-wrap display-table-cell vertical-align-middle align-center fadeIn animated\"><div class=\"thumb-title\" style=\"color:;\"><i class=\"portfolio-overlay-icon\"><\/i><\/div><\/div><\/div><\/div><\/a><\/div><\/div><div class=\"element be-hoverlay not-wide no-wide-width-height style1-hover c_to_c\" style=\"margin-bottom: 10px;\"><div class=\"element-inner\" style=\"margin-left: 10px;\"><a href=\"https:\/\/lps-photography.de\/wp-content\/uploads\/2024\/09\/Son-Mesquida-Nou-Mallorca-Hochzeit-62.jpg\" data-size=\"1920x1280\" data-href=\"https:\/\/lps-photography.de\/wp-content\/uploads\/2024\/09\/Son-Mesquida-Nou-Mallorca-Hochzeit-62.jpg\" class=\"thumb-wrap\" title=\"Eine Gruppe von Menschen lacht und singt gemeinsam auf einer Hochzeit auf Mallorca auf der Finca Son Mesquisa Nou, in der Hand Getr\u00e4nke und ein Mikrofon. Die bunten, wirbelnden Lichter schaffen eine lebendige, energiegeladene Atmosph\u00e4re.\"><div class=\"flip-wrap\"><div data-aspect-ratio=\"1.5\" style = \"padding-bottom : 66.666666666667%;;\" class=\"flip-img-wrap none-effect\"><img decoding=\"async\" src=\"https:\/\/lps-photography.de\/wp-content\/uploads\/2024\/09\/Son-Mesquida-Nou-Mallorca-Hochzeit-62-650x433.jpg\" alt=\"Eine Gruppe von Menschen lacht und singt gemeinsam auf einer Hochzeit auf Mallorca auf der Finca Son Mesquisa Nou, in der Hand Getr\u00e4nke und ein Mikrofon. Die bunten, wirbelnden Lichter schaffen eine lebendige, energiegeladene Atmosph\u00e4re.\" data-attr=\"0\"\/><\/div><\/div><div class=\"thumb-overlay\"><div class=\"thumb-bg\" style=\"background-color:rgba(255,255,255,0);background:rgba(255,255,255,0)\"><div class=\"thumb-title-wrap display-table-cell vertical-align-middle align-center fadeIn animated\"><div class=\"thumb-title\" style=\"color:;\"><i class=\"portfolio-overlay-icon\"><\/i><\/div><\/div><\/div><\/div><\/a><\/div><\/div><div class=\"element be-hoverlay not-wide no-wide-width-height style1-hover c_to_c\" style=\"margin-bottom: 10px;\"><div class=\"element-inner\" style=\"margin-left: 10px;\"><a href=\"https:\/\/lps-photography.de\/wp-content\/uploads\/2024\/09\/Son-Mesquida-Nou-Mallorca-Hochzeit-63.jpg\" data-size=\"1920x1280\" data-href=\"https:\/\/lps-photography.de\/wp-content\/uploads\/2024\/09\/Son-Mesquida-Nou-Mallorca-Hochzeit-63.jpg\" class=\"thumb-wrap\" title=\"Eine Gruppe von Partyg\u00e4sten posiert auf der Finca Son mesquisa nou f\u00fcr ein verspieltes Foto mit lustigen Requisiten und Schildern. Einige tragen bunte Per\u00fccken, und alle l\u00e4cheln in formeller oder festlicher Kleidung - ein fr\u00f6hlicher Hochzeit auf Mallorca-Moment!.\"><div class=\"flip-wrap\"><div data-aspect-ratio=\"1.5\" style = \"padding-bottom : 66.666666666667%;;\" class=\"flip-img-wrap none-effect\"><img decoding=\"async\" src=\"https:\/\/lps-photography.de\/wp-content\/uploads\/2024\/09\/Son-Mesquida-Nou-Mallorca-Hochzeit-63-650x433.jpg\" alt=\"Eine Gruppe von Partyg\u00e4sten posiert auf der Finca Son mesquisa nou f\u00fcr ein verspieltes Foto mit lustigen Requisiten und Schildern. Einige tragen bunte Per\u00fccken, und alle l\u00e4cheln in formeller oder festlicher Kleidung - ein fr\u00f6hlicher Hochzeit auf Mallorca-Moment!.\" data-attr=\"0\"\/><\/div><\/div><div class=\"thumb-overlay\"><div class=\"thumb-bg\" style=\"background-color:rgba(255,255,255,0);background:rgba(255,255,255,0)\"><div class=\"thumb-title-wrap display-table-cell vertical-align-middle align-center fadeIn animated\"><div class=\"thumb-title\" style=\"color:;\"><i class=\"portfolio-overlay-icon\"><\/i><\/div><\/div><\/div><\/div><\/a><\/div><\/div><div class=\"element be-hoverlay not-wide no-wide-width-height style1-hover c_to_c\" style=\"margin-bottom: 10px;\"><div class=\"element-inner\" style=\"margin-left: 10px;\"><a href=\"https:\/\/lps-photography.de\/wp-content\/uploads\/2024\/09\/Son-Mesquida-Nou-Mallorca-Hochzeit-64.jpg\" data-size=\"1920x1280\" data-href=\"https:\/\/lps-photography.de\/wp-content\/uploads\/2024\/09\/Son-Mesquida-Nou-Mallorca-Hochzeit-64.jpg\" class=\"thumb-wrap\" title=\"Eine Gruppe l\u00e4chelnder Frauen in farbenfrohen Outfits und witzigen Accessoires posiert gemeinsam auf einer lebhaften Hochzeit auf Mallorca-Party in der Finca Son mesquisa nou, wobei eine ein Kiss Me-Schild h\u00e4lt. Eine andere Frau steht daneben und schaut auf etwas in ihren H\u00e4nden hinunter.\"><div class=\"flip-wrap\"><div data-aspect-ratio=\"1.5\" style = \"padding-bottom : 66.666666666667%;;\" class=\"flip-img-wrap none-effect\"><img decoding=\"async\" src=\"https:\/\/lps-photography.de\/wp-content\/uploads\/2024\/09\/Son-Mesquida-Nou-Mallorca-Hochzeit-64-650x433.jpg\" alt=\"Eine Gruppe l\u00e4chelnder Frauen in farbenfrohen Outfits und witzigen Accessoires posiert gemeinsam auf einer lebhaften Hochzeit auf Mallorca-Party in der Finca Son mesquisa nou, wobei eine ein Kiss Me-Schild h\u00e4lt. Eine andere Frau steht daneben und schaut auf etwas in ihren H\u00e4nden hinunter.\" data-attr=\"0\"\/><\/div><\/div><div class=\"thumb-overlay\"><div class=\"thumb-bg\" style=\"background-color:rgba(255,255,255,0);background:rgba(255,255,255,0)\"><div class=\"thumb-title-wrap display-table-cell vertical-align-middle align-center fadeIn animated\"><div class=\"thumb-title\" style=\"color:;\"><i class=\"portfolio-overlay-icon\"><\/i><\/div><\/div><\/div><\/div><\/a><\/div><\/div><div class=\"element be-hoverlay not-wide no-wide-width-height style1-hover c_to_c\" style=\"margin-bottom: 10px;\"><div class=\"element-inner\" style=\"margin-left: 10px;\"><a href=\"https:\/\/lps-photography.de\/wp-content\/uploads\/2024\/09\/Son-Mesquida-Nou-Mallorca-Hochzeit-65.jpg\" data-size=\"1920x1440\" data-href=\"https:\/\/lps-photography.de\/wp-content\/uploads\/2024\/09\/Son-Mesquida-Nou-Mallorca-Hochzeit-65.jpg\" class=\"thumb-wrap\" title=\"Luftaufnahme eines rustikalen Villenhofs auf der Finca Son Mesquisa Nou, mit langen Tischen f\u00fcr eine Hochzeit auf Mallorca. Die umliegenden Geb\u00e4ude, B\u00e4ume, G\u00e4rten und ein rechteckiger Pool sind in warmes Sonnenlicht getaucht.\"><div class=\"flip-wrap\"><div data-aspect-ratio=\"1.33\" style = \"padding-bottom : 75%;;\" class=\"flip-img-wrap none-effect\"><img decoding=\"async\" src=\"https:\/\/lps-photography.de\/wp-content\/uploads\/2024\/09\/Son-Mesquida-Nou-Mallorca-Hochzeit-65-650x488.jpg\" alt=\"Luftaufnahme eines rustikalen Villenhofs auf der Finca Son Mesquisa Nou, mit langen Tischen f\u00fcr eine Hochzeit auf Mallorca. Die umliegenden Geb\u00e4ude, B\u00e4ume, G\u00e4rten und ein rechteckiger Pool sind in warmes Sonnenlicht getaucht.\" data-attr=\"0\"\/><\/div><\/div><div class=\"thumb-overlay\"><div class=\"thumb-bg\" style=\"background-color:rgba(255,255,255,0);background:rgba(255,255,255,0)\"><div class=\"thumb-title-wrap display-table-cell vertical-align-middle align-center fadeIn animated\"><div class=\"thumb-title\" style=\"color:;\"><i class=\"portfolio-overlay-icon\"><\/i><\/div><\/div><\/div><\/div><\/a><\/div><\/div><div class=\"element be-hoverlay not-wide no-wide-width-height style1-hover c_to_c\" style=\"margin-bottom: 10px;\"><div class=\"element-inner\" style=\"margin-left: 10px;\"><a href=\"https:\/\/lps-photography.de\/wp-content\/uploads\/2024\/09\/Son-Mesquida-Nou-Mallorca-Hochzeit-66.jpg\" data-size=\"1440x1920\" data-href=\"https:\/\/lps-photography.de\/wp-content\/uploads\/2024\/09\/Son-Mesquida-Nou-Mallorca-Hochzeit-66.jpg\" class=\"thumb-wrap\" title=\"Eine abendliche Hochzeit im Freien auf Mallorca auf der Finca Son Mesquisa Nou, mit langen Tischen und Lichterketten in der Natur. Umgeben von B\u00e4umen und H\u00fcgeln speisen die G\u00e4ste in der Abendd\u00e4mmerung, w\u00e4hrend andere am Rand der Terrasse stehen und die Aussicht genie\u00dfen.\"><div class=\"flip-wrap\"><div data-aspect-ratio=\"0.75\" style = \"padding-bottom : 133.33333333333%;;\" class=\"flip-img-wrap none-effect\"><img decoding=\"async\" src=\"https:\/\/lps-photography.de\/wp-content\/uploads\/2024\/09\/Son-Mesquida-Nou-Mallorca-Hochzeit-66-650x867.jpg\" alt=\"Eine abendliche Hochzeit im Freien auf Mallorca auf der Finca Son Mesquisa Nou, mit langen Tischen und Lichterketten in der Natur. Umgeben von B\u00e4umen und H\u00fcgeln speisen die G\u00e4ste in der Abendd\u00e4mmerung, w\u00e4hrend andere am Rand der Terrasse stehen und die Aussicht genie\u00dfen.\" data-attr=\"0\"\/><\/div><\/div><div class=\"thumb-overlay\"><div class=\"thumb-bg\" style=\"background-color:rgba(255,255,255,0);background:rgba(255,255,255,0)\"><div class=\"thumb-title-wrap display-table-cell vertical-align-middle align-center fadeIn animated\"><div class=\"thumb-title\" style=\"color:;\"><i class=\"portfolio-overlay-icon\"><\/i><\/div><\/div><\/div><\/div><\/a><\/div><\/div><\/div><\/div><\/div><\/div><\/div><div class = \"tatsu-column-bg-image-wrap\"><div class = \"tatsu-column-bg-image\" ><\/div><\/div><\/div><style>.tatsu-row > .tatsu-ryJtNO2OS.tatsu-column{width: 100%;}.tatsu-ryJtNO2OS.tatsu-column > .tatsu-column-inner > .tatsu-column-overlay{mix-blend-mode: none;}.tatsu-ryJtNO2OS > .tatsu-column-inner > .tatsu-top-divider{z-index: 9999;}.tatsu-ryJtNO2OS > .tatsu-column-inner > .tatsu-bottom-divider{z-index: 9999;}.tatsu-ryJtNO2OS > .tatsu-column-inner > .tatsu-left-divider{z-index: 9999;}.tatsu-ryJtNO2OS > .tatsu-column-inner > .tatsu-right-divider{z-index: 9999;}@media only screen and (max-width:1377px) {.tatsu-row > .tatsu-ryJtNO2OS.tatsu-column{width: 100%;}}@media only screen and (min-width:768px) and (max-width: 1024px) {.tatsu-row > .tatsu-ryJtNO2OS.tatsu-column{width: 100%;}}@media only screen and (max-width: 767px) {.tatsu-row > .tatsu-ryJtNO2OS.tatsu-column{width: 100%;}}<\/style><\/div><\/div><\/div><\/div><div class=\"tatsu-section-background-wrap\"><div class = \"tatsu-section-background\" ><\/div><\/div><style>.tatsu-SyZJY4u2dB .tatsu-section-pad{padding: 0px 0px 40px 0px;}.tatsu-SyZJY4u2dB > .tatsu-bottom-divider{z-index: 9999;}.tatsu-SyZJY4u2dB > .tatsu-top-divider{z-index: 9999;}@media only screen and (max-width: 767px) {.tatsu-SyZJY4u2dB .tatsu-section-pad{padding: 0px 0px 22px 0px;}}<\/style><\/div><div  class=\"tatsu-B1bZr5dhuH tatsu-section    tatsu-clearfix\" data-title=\"\"  data-headerscheme=\"background--dark\"><div class='tatsu-section-pad clearfix' data-padding='{\"d\":\"0px 0px 11px 0px\"}' data-padding-top='0px'><div class=\"tatsu-row-wrap  tatsu-wrap tatsu-row-one-col tatsu-row-has-one-cols tatsu-medium-gutter tatsu-reg-cols  tatsu-clearfix tatsu-S1eZrcOhur\" ><div  class=\"tatsu-row\" ><div  class=\"tatsu-column  tatsu-column-no-bg tatsu-one-col tatsu-column-image-none tatsu-column-effect-none  tatsu-Bk-r9unOB\"  data-parallax-speed=\"0\" style=\"\"><div class=\"tatsu-column-inner\" ><div class=\"tatsu-column-pad-wrap\"><div class=\"tatsu-column-pad\" ><div  class=\"tatsu-module tatsu-divider-wrap  tatsu-Bk5TetnOH\"  ><style>.tatsu-Bk5TetnOH .tatsu-divider{height: 2px;width: 60%;background: rgba(245,166,35,1);}.tatsu-Bk5TetnOH.tatsu-divider-wrap{text-align: center;}<\/style><hr class=\"tatsu-divider\"\/><\/div><div  class=\"tatsu-BJWw4QksTu testimonials_wrap oshine-module\"  ><div class=\"testimonials-slides\"><div class=\"clearfix testimonial_module slides center-content\" data-slide-show=\"1\" data-slide-show-speed=\"4000\" data-slide-animation-type=\"slide\" data-pagination=\"0\"><div class=\"testimonial_slide slide clearfix tatsu-BkDNXyoTd\"><div class=\"testimonial_slide_inner\"><i class=\"font-icon icon-quote\" ><\/i><div class=\"testimonial-content\">\n<p>What can we say: The emotions Lukas captured are beyond words. He even managed to capture moments that we didn\u2019t even notice. And the best part &#8211; you hardly even notice him while he\u2019s working. On top of that, he\u2019s just so incredibly nice!<\/p>\n<\/div><div class=\"testimonial-author-info-wrap clearfix\"><div class=\"testimonial-author-img\"><img decoding=\"async\" src=\"https:\/\/lps-photography.de\/wp-content\/uploads\/2024\/08\/Son-Termes-Finca-Mallorca-Hochzeit-39-150x150.jpg\" alt=\"Kati and Mathias\" \/><\/div><div class=\"testimonial-author-info\"><h6 class=\"testimonial-author\" >Kati and Mathias<\/h6><div class=\"testimonial-author-role h6-font\"  >Wedding at Finca Son Termes<\/div><\/div><\/div><\/div><style>.tatsu-BkDNXyoTd .icon-quote{color: rgba(245,166,35,1) ;}<\/style><\/div><\/div><\/div><style>.tatsu-BJWw4QksTu .testimonial-content{font-size: 22px;}<\/style><\/div><div  class=\"tatsu-empty-space  tatsu-Skzva5B5lg\" ><style>.tatsu-Skzva5B5lg.tatsu-empty-space{height: 10px;}<\/style><\/div><div  class=\"tatsu-module tatsu-text-block-wrap tatsu-HkC0ounuS\"><div class=\"tatsu-text-inner tatsu-align-center  clearfix\" ><style>.tatsu-HkC0ounuS.tatsu-text-block-wrap .tatsu-text-inner{width: 100%;text-align: center;}.tatsu-HkC0ounuS.tatsu-text-block-wrap .tatsu-text-inner *{font-size : 16px;}<\/style>\n<p><b>A wedding in Mallorca<\/b> sounds like the perfect idea for you? <a href=\"https:\/\/lps-photography.de\/en\/contact\/\"><strong>Then just get in touch &#8211; I look forward to meeting you!<\/strong><\/a><\/p>\n<\/div><\/div><\/div><\/div><div class = \"tatsu-column-bg-image-wrap\"><div class = \"tatsu-column-bg-image\" ><\/div><\/div><\/div><style>.tatsu-row > .tatsu-Bk-r9unOB.tatsu-column{width: 100%;}.tatsu-Bk-r9unOB.tatsu-column > .tatsu-column-inner > .tatsu-column-overlay{mix-blend-mode: none;}.tatsu-Bk-r9unOB > .tatsu-column-inner > .tatsu-top-divider{z-index: 9999;}.tatsu-Bk-r9unOB > .tatsu-column-inner > .tatsu-bottom-divider{z-index: 9999;}.tatsu-Bk-r9unOB > .tatsu-column-inner > .tatsu-left-divider{z-index: 9999;}.tatsu-Bk-r9unOB > .tatsu-column-inner > .tatsu-right-divider{z-index: 9999;}@media only screen and (max-width:1377px) {.tatsu-row > .tatsu-Bk-r9unOB.tatsu-column{width: 100%;}}@media only screen and (min-width:768px) and (max-width: 1024px) {.tatsu-row > .tatsu-Bk-r9unOB.tatsu-column{width: 100%;}}@media only screen and (max-width: 767px) {.tatsu-row > .tatsu-Bk-r9unOB.tatsu-column{width: 100%;}}<\/style><\/div><\/div><\/div><\/div><div class=\"tatsu-section-background-wrap\"><div class = \"tatsu-section-background\" ><\/div><\/div><style>.tatsu-B1bZr5dhuH .tatsu-section-pad{padding: 0px 0px 11px 0px;}.tatsu-B1bZr5dhuH > .tatsu-bottom-divider{z-index: 9999;}.tatsu-B1bZr5dhuH > .tatsu-top-divider{z-index: 9999;}<\/style><\/div>","protected":false},"excerpt":{"rendered":"<p>A simply wonderful wedding with more than 150 guests in a family-like atmosphere. From the open-air ceremony to the party lasting into the night!<\/p>\n<p><a href=\"https:\/\/lps-photography.de\/en\/son-mesquida-nou-mallorca-hochzeit-im-finca-style\/\" class=\"more-link style3-button\">Read More<\/a><\/p>","protected":false},"author":1,"featured_media":24485,"comment_status":"open","ping_status":"open","sticky":false,"template":"","format":"standard","meta":{"_lmt_disableupdate":"","_lmt_disable":"","footnotes":""},"categories":[1384,6,71],"tags":[88],"class_list":["post-24483","post","type-post","status-publish","format-standard","has-post-thumbnail","hentry","category-hochzeitsplanung","category-photography","category-wedding-2","tag-hochzeit"],"modified_by":null,"_links":{"self":[{"href":"https:\/\/lps-photography.de\/en\/wp-json\/wp\/v2\/posts\/24483","targetHints":{"allow":["GET"]}}],"collection":[{"href":"https:\/\/lps-photography.de\/en\/wp-json\/wp\/v2\/posts"}],"about":[{"href":"https:\/\/lps-photography.de\/en\/wp-json\/wp\/v2\/types\/post"}],"author":[{"embeddable":true,"href":"https:\/\/lps-photography.de\/en\/wp-json\/wp\/v2\/users\/1"}],"replies":[{"embeddable":true,"href":"https:\/\/lps-photography.de\/en\/wp-json\/wp\/v2\/comments?post=24483"}],"version-history":[{"count":0,"href":"https:\/\/lps-photography.de\/en\/wp-json\/wp\/v2\/posts\/24483\/revisions"}],"wp:featuredmedia":[{"embeddable":true,"href":"https:\/\/lps-photography.de\/en\/wp-json\/wp\/v2\/media\/24485"}],"wp:attachment":[{"href":"https:\/\/lps-photography.de\/en\/wp-json\/wp\/v2\/media?parent=24483"}],"wp:term":[{"taxonomy":"category","embeddable":true,"href":"https:\/\/lps-photography.de\/en\/wp-json\/wp\/v2\/categories?post=24483"},{"taxonomy":"post_tag","embeddable":true,"href":"https:\/\/lps-photography.de\/en\/wp-json\/wp\/v2\/tags?post=24483"}],"curies":[{"name":"wp","href":"https:\/\/api.w.org\/{rel}","templated":true}]}}